{"id":307668,"date":"2025-06-06T05:44:31","date_gmt":"2025-06-06T09:44:31","guid":{"rendered":"https:\/\/www.eldiario.net\/portal\/?p=307668"},"modified":"2025-06-06T05:46:12","modified_gmt":"2025-06-06T09:46:12","slug":"juez-lilian-moreno-sale-de-carcel-para-cumplir-detencion-domiciliaria","status":"publish","type":"post","link":"https:\/\/www.eldiario.net\/portal\/2025\/06\/06\/juez-lilian-moreno-sale-de-carcel-para-cumplir-detencion-domiciliaria\/","title":{"rendered":"Juez Lilian Moreno sale de c\u00e1rcel para cumplir detenci\u00f3n domiciliaria"},"content":{"rendered":"<p>Aunque ya sali\u00f3 de la c\u00e1rcel de Palmasola para cumplir detenci\u00f3n domiciliaria con escolta por una orden judicial, la juez cruce\u00f1a, Lilian Moreno Cuellar, seguir\u00e1 siendo investigada por presuntos delitos relacionados con la anulaci\u00f3n de una orden de aprehensi\u00f3n contra el expresidente, Evo Morales.<\/p>\n<p>De acuerdo con medios locales, Moreno sali\u00f3 del penal cruce\u00f1o el mi\u00e9rcoles al promediar las 18:00 y ahora se defiende en libertad cumpliendo sus medidas sustitutivas a la detenci\u00f3n preventiva, las cuales incluyen arraigo y el pago de una fianza.<\/p>\n<p>Moreno hab\u00eda sido favorecida con esta decisi\u00f3n judicial en una audiencia desarrollada en la ciudad de Santa Cruz de la Sierra a fines de mayo, tras permanecer casi un mes detenida en el recinto penitenciario de esta ciudad.<\/p>\n<p>La juez es investigada por presunto desobedecimiento a resoluciones en acciones de defensa y de constitucionalidad, as\u00ed como presunto incumplimiento de deberes de protecci\u00f3n a mujeres en situaci\u00f3n de violencia.<\/p>\n<p>En un fallo pol\u00e9mico, Moreno dej\u00f3 sin efecto una orden de captura emitida en contra del l\u00edder cocalero, por una causa judicial de supuesta trata agravada que se ventila en la Fiscal\u00eda de Tarija.<\/p>\n<p>&nbsp;<\/p>\n","protected":false},"excerpt":{"rendered":"<p>Aunque ya sali\u00f3 de la c\u00e1rcel de Palmasola para cumplir detenci\u00f3n domiciliaria con escolta por una orden judicial, la juez cruce\u00f1a, Lilian Moreno Cuellar, seguir\u00e1 siendo investigada por presuntos delitos relacionados con la anulaci\u00f3n de una orden de aprehensi\u00f3n contra el expresidente, Evo Morales. De acuerdo con medios locales, Moreno sali\u00f3 del penal cruce\u00f1o el [&hellip;]<\/p>\n","protected":false},"author":1,"featured_media":307669,"comment_status":"closed","ping_status":"open","sticky":false,"template":"","format":"standard","meta":{"_acf_changed":false,"footnotes":""},"categories":[39],"tags":[],"class_list":["post-307668","post","type-post","status-publish","format-standard","has-post-thumbnail","category-sociedad"],"acf":{"antetitulo":"Con escolta policial"},"yoast_head":"<!-- This site is optimized with the Yoast SEO plugin v28.4 - https:\/\/yoast.com\/product\/yoast-seo-wordpress\/ -->\n<title>Juez Lilian Moreno sale de c\u00e1rcel para cumplir detenci\u00f3n domiciliaria - El Diario - Bolivia<\/title>\n<meta name=\"robots\" content=\"index, follow, max-snippet:-1, max-image-preview:large, max-video-preview:-1\" \/>\n<link rel=\"canonical\" href=\"https:\/\/www.eldiario.net\/portal\/2025\/06\/06\/juez-lilian-moreno-sale-de-carcel-para-cumplir-detencion-domiciliaria\/\" \/>\n<meta property=\"og:locale\" content=\"es_ES\" \/>\n<meta property=\"og:type\" content=\"article\" \/>\n<meta property=\"og:title\" content=\"Juez Lilian Moreno sale de c\u00e1rcel para cumplir detenci\u00f3n domiciliaria - El Diario - Bolivia\" \/>\n<meta property=\"og:description\" content=\"Aunque ya sali\u00f3 de la c\u00e1rcel de Palmasola para cumplir detenci\u00f3n domiciliaria con escolta por una orden judicial, la juez cruce\u00f1a, Lilian Moreno Cuellar, seguir\u00e1 siendo investigada por presuntos delitos relacionados con la anulaci\u00f3n de una orden de aprehensi\u00f3n contra el expresidente, Evo Morales. De acuerdo con medios locales, Moreno sali\u00f3 del penal cruce\u00f1o el [&hellip;]\" \/>\n<meta property=\"og:url\" content=\"https:\/\/www.eldiario.net\/portal\/2025\/06\/06\/juez-lilian-moreno-sale-de-carcel-para-cumplir-detencion-domiciliaria\/\" \/>\n<meta property=\"og:site_name\" content=\"El Diario - Bolivia\" \/>\n<meta property=\"article:publisher\" content=\"https:\/\/www.facebook.com\/eldiario.bolivia\/\" \/>\n<meta property=\"article:published_time\" content=\"2025-06-06T09:44:31+00:00\" \/>\n<meta property=\"article:modified_time\" content=\"2025-06-06T09:46:12+00:00\" \/>\n<meta property=\"og:image\" content=\"https:\/\/www.eldiario.net\/portal\/wp-content\/uploads\/2025\/06\/6-MOR.jpg\" \/>\n\t<meta property=\"og:image:width\" content=\"517\" \/>\n\t<meta property=\"og:image:height\" content=\"517\" \/>\n\t<meta property=\"og:image:type\" content=\"image\/jpeg\" \/>\n<meta name=\"author\" content=\"Jeanette\" \/>\n<meta name=\"twitter:card\" content=\"summary_large_image\" \/>\n<meta name=\"twitter:creator\" content=\"@eldiario_net\" \/>\n<meta name=\"twitter:site\" content=\"@eldiario_net\" \/>\n<meta name=\"twitter:label1\" content=\"Escrito por\" \/>\n\t<meta name=\"twitter:data1\" content=\"Jeanette\" \/>\n\t<meta name=\"twitter:label2\" content=\"Tiempo de lectura\" \/>\n\t<meta name=\"twitter:data2\" content=\"2 minutos\" \/>\n<script type=\"application\/ld+json\" class=\"yoast-schema-graph\">{\"@context\":\"https:\\\/\\\/schema.org\",\"@graph\":[{\"@type\":\"Article\",\"@id\":\"https:\\\/\\\/www.eldiario.net\\\/portal\\\/2025\\\/06\\\/06\\\/juez-lilian-moreno-sale-de-carcel-para-cumplir-detencion-domiciliaria\\\/#article\",\"isPartOf\":{\"@id\":\"https:\\\/\\\/www.eldiario.net\\\/portal\\\/2025\\\/06\\\/06\\\/juez-lilian-moreno-sale-de-carcel-para-cumplir-detencion-domiciliaria\\\/\"},\"author\":{\"name\":\"Jeanette\",\"@id\":\"https:\\\/\\\/www.eldiario.net\\\/portal\\\/#\\\/schema\\\/person\\\/f46445640444750d7d753ccd04ae01b7\"},\"headline\":\"Juez Lilian Moreno sale de c\u00e1rcel para cumplir detenci\u00f3n domiciliaria\",\"datePublished\":\"2025-06-06T09:44:31+00:00\",\"dateModified\":\"2025-06-06T09:46:12+00:00\",\"mainEntityOfPage\":{\"@id\":\"https:\\\/\\\/www.eldiario.net\\\/portal\\\/2025\\\/06\\\/06\\\/juez-lilian-moreno-sale-de-carcel-para-cumplir-detencion-domiciliaria\\\/\"},\"wordCount\":213,\"publisher\":{\"@id\":\"https:\\\/\\\/www.eldiario.net\\\/portal\\\/#organization\"},\"image\":{\"@id\":\"https:\\\/\\\/www.eldiario.net\\\/portal\\\/2025\\\/06\\\/06\\\/juez-lilian-moreno-sale-de-carcel-para-cumplir-detencion-domiciliaria\\\/#primaryimage\"},\"thumbnailUrl\":\"https:\\\/\\\/www.eldiario.net\\\/portal\\\/wp-content\\\/uploads\\\/2025\\\/06\\\/6-MOR.jpg\",\"articleSection\":[\"Sociedad - Seguridad\"],\"inLanguage\":\"es\"},{\"@type\":\"WebPage\",\"@id\":\"https:\\\/\\\/www.eldiario.net\\\/portal\\\/2025\\\/06\\\/06\\\/juez-lilian-moreno-sale-de-carcel-para-cumplir-detencion-domiciliaria\\\/\",\"url\":\"https:\\\/\\\/www.eldiario.net\\\/portal\\\/2025\\\/06\\\/06\\\/juez-lilian-moreno-sale-de-carcel-para-cumplir-detencion-domiciliaria\\\/\",\"name\":\"Juez Lilian Moreno sale de c\u00e1rcel para cumplir detenci\u00f3n domiciliaria - El Diario - Bolivia\",\"isPartOf\":{\"@id\":\"https:\\\/\\\/www.eldiario.net\\\/portal\\\/#website\"},\"primaryImageOfPage\":{\"@id\":\"https:\\\/\\\/www.eldiario.net\\\/portal\\\/2025\\\/06\\\/06\\\/juez-lilian-moreno-sale-de-carcel-para-cumplir-detencion-domiciliaria\\\/#primaryimage\"},\"image\":{\"@id\":\"https:\\\/\\\/www.eldiario.net\\\/portal\\\/2025\\\/06\\\/06\\\/juez-lilian-moreno-sale-de-carcel-para-cumplir-detencion-domiciliaria\\\/#primaryimage\"},\"thumbnailUrl\":\"https:\\\/\\\/www.eldiario.net\\\/portal\\\/wp-content\\\/uploads\\\/2025\\\/06\\\/6-MOR.jpg\",\"datePublished\":\"2025-06-06T09:44:31+00:00\",\"dateModified\":\"2025-06-06T09:46:12+00:00\",\"breadcrumb\":{\"@id\":\"https:\\\/\\\/www.eldiario.net\\\/portal\\\/2025\\\/06\\\/06\\\/juez-lilian-moreno-sale-de-carcel-para-cumplir-detencion-domiciliaria\\\/#breadcrumb\"},\"inLanguage\":\"es\",\"potentialAction\":[{\"@type\":\"ReadAction\",\"target\":[\"https:\\\/\\\/www.eldiario.net\\\/portal\\\/2025\\\/06\\\/06\\\/juez-lilian-moreno-sale-de-carcel-para-cumplir-detencion-domiciliaria\\\/\"]}]},{\"@type\":\"ImageObject\",\"inLanguage\":\"es\",\"@id\":\"https:\\\/\\\/www.eldiario.net\\\/portal\\\/2025\\\/06\\\/06\\\/juez-lilian-moreno-sale-de-carcel-para-cumplir-detencion-domiciliaria\\\/#primaryimage\",\"url\":\"https:\\\/\\\/www.eldiario.net\\\/portal\\\/wp-content\\\/uploads\\\/2025\\\/06\\\/6-MOR.jpg\",\"contentUrl\":\"https:\\\/\\\/www.eldiario.net\\\/portal\\\/wp-content\\\/uploads\\\/2025\\\/06\\\/6-MOR.jpg\",\"width\":517,\"height\":517,\"caption\":\"Juez cruce\u00f1a, Lilian Moreno. Foto: RRSS\"},{\"@type\":\"BreadcrumbList\",\"@id\":\"https:\\\/\\\/www.eldiario.net\\\/portal\\\/2025\\\/06\\\/06\\\/juez-lilian-moreno-sale-de-carcel-para-cumplir-detencion-domiciliaria\\\/#breadcrumb\",\"itemListElement\":[{\"@type\":\"ListItem\",\"position\":1,\"name\":\"Portada\",\"item\":\"https:\\\/\\\/www.eldiario.net\\\/portal\\\/\"},{\"@type\":\"ListItem\",\"position\":2,\"name\":\"Juez Lilian Moreno sale de c\u00e1rcel para cumplir detenci\u00f3n domiciliaria\"}]},{\"@type\":\"WebSite\",\"@id\":\"https:\\\/\\\/www.eldiario.net\\\/portal\\\/#website\",\"url\":\"https:\\\/\\\/www.eldiario.net\\\/portal\\\/\",\"name\":\"El Diario - Decano de la prensa nacional\",\"description\":\"El Diario - Decano de la prensa nacional\",\"publisher\":{\"@id\":\"https:\\\/\\\/www.eldiario.net\\\/portal\\\/#organization\"},\"potentialAction\":[{\"@type\":\"SearchAction\",\"target\":{\"@type\":\"EntryPoint\",\"urlTemplate\":\"https:\\\/\\\/www.eldiario.net\\\/portal\\\/?s={search_term_string}\"},\"query-input\":{\"@type\":\"PropertyValueSpecification\",\"valueRequired\":true,\"valueName\":\"search_term_string\"}}],\"inLanguage\":\"es\"},{\"@type\":\"Organization\",\"@id\":\"https:\\\/\\\/www.eldiario.net\\\/portal\\\/#organization\",\"name\":\"El Diario - Decano de la prensa nacional\",\"url\":\"https:\\\/\\\/www.eldiario.net\\\/portal\\\/\",\"logo\":{\"@type\":\"ImageObject\",\"inLanguage\":\"es\",\"@id\":\"https:\\\/\\\/www.eldiario.net\\\/portal\\\/#\\\/schema\\\/logo\\\/image\\\/\",\"url\":\"https:\\\/\\\/www.eldiario.net\\\/portal\\\/wp-content\\\/uploads\\\/2023\\\/07\\\/logo_ED.jpg\",\"contentUrl\":\"https:\\\/\\\/www.eldiario.net\\\/portal\\\/wp-content\\\/uploads\\\/2023\\\/07\\\/logo_ED.jpg\",\"width\":272,\"height\":52,\"caption\":\"El Diario - Decano de la prensa nacional\"},\"image\":{\"@id\":\"https:\\\/\\\/www.eldiario.net\\\/portal\\\/#\\\/schema\\\/logo\\\/image\\\/\"},\"sameAs\":[\"https:\\\/\\\/www.facebook.com\\\/eldiario.bolivia\\\/\",\"https:\\\/\\\/x.com\\\/eldiario_net\"]},{\"@type\":\"Person\",\"@id\":\"https:\\\/\\\/www.eldiario.net\\\/portal\\\/#\\\/schema\\\/person\\\/f46445640444750d7d753ccd04ae01b7\",\"name\":\"Jeanette\",\"image\":{\"@type\":\"ImageObject\",\"inLanguage\":\"es\",\"@id\":\"https:\\\/\\\/secure.gravatar.com\\\/avatar\\\/3ea2118a5f7dad2b7138b1187a6b7ee55f160b9968b66013c3a3ef39dd7e5798?s=96&d=mm&r=g\",\"url\":\"https:\\\/\\\/secure.gravatar.com\\\/avatar\\\/3ea2118a5f7dad2b7138b1187a6b7ee55f160b9968b66013c3a3ef39dd7e5798?s=96&d=mm&r=g\",\"contentUrl\":\"https:\\\/\\\/secure.gravatar.com\\\/avatar\\\/3ea2118a5f7dad2b7138b1187a6b7ee55f160b9968b66013c3a3ef39dd7e5798?s=96&d=mm&r=g\",\"caption\":\"Jeanette\"},\"sameAs\":[\"https:\\\/\\\/www.eldiario.net\\\/portal\"],\"url\":\"https:\\\/\\\/www.eldiario.net\\\/portal\\\/author\\\/jeanette\\\/\"}]}<\/script>\n<!-- \/ Yoast SEO plugin. -->","yoast_head_json":{"title":"Juez Lilian Moreno sale de c\u00e1rcel para cumplir detenci\u00f3n domiciliaria - El Diario - Bolivia","robots":{"index":"index","follow":"follow","max-snippet":"max-snippet:-1","max-image-preview":"max-image-preview:large","max-video-preview":"max-video-preview:-1"},"canonical":"https:\/\/www.eldiario.net\/portal\/2025\/06\/06\/juez-lilian-moreno-sale-de-carcel-para-cumplir-detencion-domiciliaria\/","og_locale":"es_ES","og_type":"article","og_title":"Juez Lilian Moreno sale de c\u00e1rcel para cumplir detenci\u00f3n domiciliaria - El Diario - Bolivia","og_description":"Aunque ya sali\u00f3 de la c\u00e1rcel de Palmasola para cumplir detenci\u00f3n domiciliaria con escolta por una orden judicial, la juez cruce\u00f1a, Lilian Moreno Cuellar, seguir\u00e1 siendo investigada por presuntos delitos relacionados con la anulaci\u00f3n de una orden de aprehensi\u00f3n contra el expresidente, Evo Morales. De acuerdo con medios locales, Moreno sali\u00f3 del penal cruce\u00f1o el [&hellip;]","og_url":"https:\/\/www.eldiario.net\/portal\/2025\/06\/06\/juez-lilian-moreno-sale-de-carcel-para-cumplir-detencion-domiciliaria\/","og_site_name":"El Diario - Bolivia","article_publisher":"https:\/\/www.facebook.com\/eldiario.bolivia\/","article_published_time":"2025-06-06T09:44:31+00:00","article_modified_time":"2025-06-06T09:46:12+00:00","og_image":[{"width":517,"height":517,"url":"https:\/\/www.eldiario.net\/portal\/wp-content\/uploads\/2025\/06\/6-MOR.jpg","type":"image\/jpeg"}],"author":"Jeanette","twitter_card":"summary_large_image","twitter_creator":"@eldiario_net","twitter_site":"@eldiario_net","twitter_misc":{"Escrito por":"Jeanette","Tiempo de lectura":"2 minutos"},"schema":{"@context":"https:\/\/schema.org","@graph":[{"@type":"Article","@id":"https:\/\/www.eldiario.net\/portal\/2025\/06\/06\/juez-lilian-moreno-sale-de-carcel-para-cumplir-detencion-domiciliaria\/#article","isPartOf":{"@id":"https:\/\/www.eldiario.net\/portal\/2025\/06\/06\/juez-lilian-moreno-sale-de-carcel-para-cumplir-detencion-domiciliaria\/"},"author":{"name":"Jeanette","@id":"https:\/\/www.eldiario.net\/portal\/#\/schema\/person\/f46445640444750d7d753ccd04ae01b7"},"headline":"Juez Lilian Moreno sale de c\u00e1rcel para cumplir detenci\u00f3n domiciliaria","datePublished":"2025-06-06T09:44:31+00:00","dateModified":"2025-06-06T09:46:12+00:00","mainEntityOfPage":{"@id":"https:\/\/www.eldiario.net\/portal\/2025\/06\/06\/juez-lilian-moreno-sale-de-carcel-para-cumplir-detencion-domiciliaria\/"},"wordCount":213,"publisher":{"@id":"https:\/\/www.eldiario.net\/portal\/#organization"},"image":{"@id":"https:\/\/www.eldiario.net\/portal\/2025\/06\/06\/juez-lilian-moreno-sale-de-carcel-para-cumplir-detencion-domiciliaria\/#primaryimage"},"thumbnailUrl":"https:\/\/www.eldiario.net\/portal\/wp-content\/uploads\/2025\/06\/6-MOR.jpg","articleSection":["Sociedad - Seguridad"],"inLanguage":"es"},{"@type":"WebPage","@id":"https:\/\/www.eldiario.net\/portal\/2025\/06\/06\/juez-lilian-moreno-sale-de-carcel-para-cumplir-detencion-domiciliaria\/","url":"https:\/\/www.eldiario.net\/portal\/2025\/06\/06\/juez-lilian-moreno-sale-de-carcel-para-cumplir-detencion-domiciliaria\/","name":"Juez Lilian Moreno sale de c\u00e1rcel para cumplir detenci\u00f3n domiciliaria - El Diario - Bolivia","isPartOf":{"@id":"https:\/\/www.eldiario.net\/portal\/#website"},"primaryImageOfPage":{"@id":"https:\/\/www.eldiario.net\/portal\/2025\/06\/06\/juez-lilian-moreno-sale-de-carcel-para-cumplir-detencion-domiciliaria\/#primaryimage"},"image":{"@id":"https:\/\/www.eldiario.net\/portal\/2025\/06\/06\/juez-lilian-moreno-sale-de-carcel-para-cumplir-detencion-domiciliaria\/#primaryimage"},"thumbnailUrl":"https:\/\/www.eldiario.net\/portal\/wp-content\/uploads\/2025\/06\/6-MOR.jpg","datePublished":"2025-06-06T09:44:31+00:00","dateModified":"2025-06-06T09:46:12+00:00","breadcrumb":{"@id":"https:\/\/www.eldiario.net\/portal\/2025\/06\/06\/juez-lilian-moreno-sale-de-carcel-para-cumplir-detencion-domiciliaria\/#breadcrumb"},"inLanguage":"es","potentialAction":[{"@type":"ReadAction","target":["https:\/\/www.eldiario.net\/portal\/2025\/06\/06\/juez-lilian-moreno-sale-de-carcel-para-cumplir-detencion-domiciliaria\/"]}]},{"@type":"ImageObject","inLanguage":"es","@id":"https:\/\/www.eldiario.net\/portal\/2025\/06\/06\/juez-lilian-moreno-sale-de-carcel-para-cumplir-detencion-domiciliaria\/#primaryimage","url":"https:\/\/www.eldiario.net\/portal\/wp-content\/uploads\/2025\/06\/6-MOR.jpg","contentUrl":"https:\/\/www.eldiario.net\/portal\/wp-content\/uploads\/2025\/06\/6-MOR.jpg","width":517,"height":517,"caption":"Juez cruce\u00f1a, Lilian Moreno. Foto: RRSS"},{"@type":"BreadcrumbList","@id":"https:\/\/www.eldiario.net\/portal\/2025\/06\/06\/juez-lilian-moreno-sale-de-carcel-para-cumplir-detencion-domiciliaria\/#breadcrumb","itemListElement":[{"@type":"ListItem","position":1,"name":"Portada","item":"https:\/\/www.eldiario.net\/portal\/"},{"@type":"ListItem","position":2,"name":"Juez Lilian Moreno sale de c\u00e1rcel para cumplir detenci\u00f3n domiciliaria"}]},{"@type":"WebSite","@id":"https:\/\/www.eldiario.net\/portal\/#website","url":"https:\/\/www.eldiario.net\/portal\/","name":"El Diario - Decano de la prensa nacional","description":"El Diario - Decano de la prensa nacional","publisher":{"@id":"https:\/\/www.eldiario.net\/portal\/#organization"},"potentialAction":[{"@type":"SearchAction","target":{"@type":"EntryPoint","urlTemplate":"https:\/\/www.eldiario.net\/portal\/?s={search_term_string}"},"query-input":{"@type":"PropertyValueSpecification","valueRequired":true,"valueName":"search_term_string"}}],"inLanguage":"es"},{"@type":"Organization","@id":"https:\/\/www.eldiario.net\/portal\/#organization","name":"El Diario - Decano de la prensa nacional","url":"https:\/\/www.eldiario.net\/portal\/","logo":{"@type":"ImageObject","inLanguage":"es","@id":"https:\/\/www.eldiario.net\/portal\/#\/schema\/logo\/image\/","url":"https:\/\/www.eldiario.net\/portal\/wp-content\/uploads\/2023\/07\/logo_ED.jpg","contentUrl":"https:\/\/www.eldiario.net\/portal\/wp-content\/uploads\/2023\/07\/logo_ED.jpg","width":272,"height":52,"caption":"El Diario - Decano de la prensa nacional"},"image":{"@id":"https:\/\/www.eldiario.net\/portal\/#\/schema\/logo\/image\/"},"sameAs":["https:\/\/www.facebook.com\/eldiario.bolivia\/","https:\/\/x.com\/eldiario_net"]},{"@type":"Person","@id":"https:\/\/www.eldiario.net\/portal\/#\/schema\/person\/f46445640444750d7d753ccd04ae01b7","name":"Jeanette","image":{"@type":"ImageObject","inLanguage":"es","@id":"https:\/\/secure.gravatar.com\/avatar\/3ea2118a5f7dad2b7138b1187a6b7ee55f160b9968b66013c3a3ef39dd7e5798?s=96&d=mm&r=g","url":"https:\/\/secure.gravatar.com\/avatar\/3ea2118a5f7dad2b7138b1187a6b7ee55f160b9968b66013c3a3ef39dd7e5798?s=96&d=mm&r=g","contentUrl":"https:\/\/secure.gravatar.com\/avatar\/3ea2118a5f7dad2b7138b1187a6b7ee55f160b9968b66013c3a3ef39dd7e5798?s=96&d=mm&r=g","caption":"Jeanette"},"sameAs":["https:\/\/www.eldiario.net\/portal"],"url":"https:\/\/www.eldiario.net\/portal\/author\/jeanette\/"}]}},"_links":{"self":[{"href":"https:\/\/www.eldiario.net\/portal\/wp-json\/wp\/v2\/posts\/307668","targetHints":{"allow":["GET"]}}],"collection":[{"href":"https:\/\/www.eldiario.net\/portal\/wp-json\/wp\/v2\/posts"}],"about":[{"href":"https:\/\/www.eldiario.net\/portal\/wp-json\/wp\/v2\/types\/post"}],"author":[{"embeddable":true,"href":"https:\/\/www.eldiario.net\/portal\/wp-json\/wp\/v2\/users\/1"}],"replies":[{"embeddable":true,"href":"https:\/\/www.eldiario.net\/portal\/wp-json\/wp\/v2\/comments?post=307668"}],"version-history":[{"count":1,"href":"https:\/\/www.eldiario.net\/portal\/wp-json\/wp\/v2\/posts\/307668\/revisions"}],"predecessor-version":[{"id":307670,"href":"https:\/\/www.eldiario.net\/portal\/wp-json\/wp\/v2\/posts\/307668\/revisions\/307670"}],"wp:featuredmedia":[{"embeddable":true,"href":"https:\/\/www.eldiario.net\/portal\/wp-json\/wp\/v2\/media\/307669"}],"wp:attachment":[{"href":"https:\/\/www.eldiario.net\/portal\/wp-json\/wp\/v2\/media?parent=307668"}],"wp:term":[{"taxonomy":"category","embeddable":true,"href":"https:\/\/www.eldiario.net\/portal\/wp-json\/wp\/v2\/categories?post=307668"},{"taxonomy":"post_tag","embeddable":true,"href":"https:\/\/www.eldiario.net\/portal\/wp-json\/wp\/v2\/tags?post=307668"}],"curies":[{"name":"wp","href":"https:\/\/api.w.org\/{rel}","templated":true}]}}