{"id":307649,"date":"2025-06-06T05:37:13","date_gmt":"2025-06-06T09:37:13","guid":{"rendered":"https:\/\/www.eldiario.net\/portal\/?p=307649"},"modified":"2025-06-06T05:37:13","modified_gmt":"2025-06-06T09:37:13","slug":"mts-es-habilitado-por-tcp-y-andronico-sigue-en-carrera","status":"publish","type":"post","link":"https:\/\/www.eldiario.net\/portal\/2025\/06\/06\/mts-es-habilitado-por-tcp-y-andronico-sigue-en-carrera\/","title":{"rendered":"MTS es habilitado por TCP y Andr\u00f3nico sigue en carrera"},"content":{"rendered":"<p>El Tribunal Constitucional Plurinacional (TCP) rechaz\u00f3 una medida cautelar que solicitaba la inhabilitaci\u00f3n del Movimiento Tercer Sistema (MTS), habilitando as\u00ed su participaci\u00f3n en las elecciones generales del pr\u00f3ximo 17 de agosto. La decisi\u00f3n permite que los candidatos del MTS, entre ellos el presidente del Senado, Andr\u00f3nico Rodr\u00edguez, contin\u00faen en carrera electoral.<br \/>\nLas autoridades del TCP explicaron las resoluciones emitidas en el marco del compromiso institucional con la democracia y el respeto al calendario electoral. La presidenta de la Comisi\u00f3n de Admisi\u00f3n, doctora Cornejo, indic\u00f3 que se otorg\u00f3 una medida cautelar al Tribunal Supremo Electoral (TSE) para que proceda con la inscripci\u00f3n de los postulantes del MTS, garantizando su presencia en los comicios nacionales.<br \/>\nEl presidente del TCP, Gonzalo Hurtado, asegur\u00f3 que la Constituci\u00f3n Pol\u00edtica del Estado y el r\u00e9gimen democr\u00e1tico son patrimonio del pueblo boliviano. En ese sentido, subray\u00f3 que el tribunal actuar\u00e1 para proteger estos principios frente a amenazas personales o presiones institucionales.<br \/>\nAsimismo, se comunic\u00f3 que la Comisi\u00f3n de Admisi\u00f3n del TCP ha emitido tres autos constitucionales. Uno de ellos mantiene la cancelaci\u00f3n de la personer\u00eda jur\u00eddica del partido PAN-Bol, mientras que otro rechaza la solicitud de suspensi\u00f3n del congreso del MTS y la inhabilitaci\u00f3n de su sigla.<br \/>\nFinalmente, el TCP hizo un llamado a la ciudadan\u00eda y a los actores pol\u00edticos a no judicializar el proceso electoral. Reiter\u00f3 su compromiso de garantizar que los comicios nacionales se lleven a cabo el 17 de agosto, en condiciones de normalidad, paz social y respeto al orden constitucional, report\u00f3 Asuntos Centrales.<\/p>\n","protected":false},"excerpt":{"rendered":"<p>El Tribunal Constitucional Plurinacional (TCP) rechaz\u00f3 una medida cautelar que solicitaba la inhabilitaci\u00f3n del Movimiento Tercer Sistema (MTS), habilitando as\u00ed su participaci\u00f3n en las elecciones generales del pr\u00f3ximo 17 de agosto. La decisi\u00f3n permite que los candidatos del MTS, entre ellos el presidente del Senado, Andr\u00f3nico Rodr\u00edguez, contin\u00faen en carrera electoral. Las autoridades del TCP [&hellip;]<\/p>\n","protected":false},"author":1,"featured_media":307650,"comment_status":"closed","ping_status":"open","sticky":false,"template":"","format":"standard","meta":{"_acf_changed":false,"footnotes":""},"categories":[15],"tags":[],"class_list":["post-307649","post","type-post","status-publish","format-standard","has-post-thumbnail","category-portada"],"acf":{"antetitulo":"Para comicios del 17 de agosto"},"yoast_head":"<!-- This site is optimized with the Yoast SEO plugin v28.4 - https:\/\/yoast.com\/product\/yoast-seo-wordpress\/ -->\n<title>MTS es habilitado por TCP y Andr\u00f3nico sigue en carrera - El Diario - Bolivia<\/title>\n<meta name=\"robots\" content=\"index, follow, max-snippet:-1, max-image-preview:large, max-video-preview:-1\" \/>\n<link rel=\"canonical\" href=\"https:\/\/www.eldiario.net\/portal\/2025\/06\/06\/mts-es-habilitado-por-tcp-y-andronico-sigue-en-carrera\/\" \/>\n<meta property=\"og:locale\" content=\"es_ES\" \/>\n<meta property=\"og:type\" content=\"article\" \/>\n<meta property=\"og:title\" content=\"MTS es habilitado por TCP y Andr\u00f3nico sigue en carrera - El Diario - Bolivia\" \/>\n<meta property=\"og:description\" content=\"El Tribunal Constitucional Plurinacional (TCP) rechaz\u00f3 una medida cautelar que solicitaba la inhabilitaci\u00f3n del Movimiento Tercer Sistema (MTS), habilitando as\u00ed su participaci\u00f3n en las elecciones generales del pr\u00f3ximo 17 de agosto. La decisi\u00f3n permite que los candidatos del MTS, entre ellos el presidente del Senado, Andr\u00f3nico Rodr\u00edguez, contin\u00faen en carrera electoral. Las autoridades del TCP [&hellip;]\" \/>\n<meta property=\"og:url\" content=\"https:\/\/www.eldiario.net\/portal\/2025\/06\/06\/mts-es-habilitado-por-tcp-y-andronico-sigue-en-carrera\/\" \/>\n<meta property=\"og:site_name\" content=\"El Diario - Bolivia\" \/>\n<meta property=\"article:publisher\" content=\"https:\/\/www.facebook.com\/eldiario.bolivia\/\" \/>\n<meta property=\"article:published_time\" content=\"2025-06-06T09:37:13+00:00\" \/>\n<meta property=\"og:image\" content=\"https:\/\/www.eldiario.net\/portal\/wp-content\/uploads\/2025\/06\/P-3-10-cm-x-7.webp\" \/>\n\t<meta property=\"og:image:width\" content=\"1600\" \/>\n\t<meta property=\"og:image:height\" content=\"1114\" \/>\n\t<meta property=\"og:image:type\" content=\"image\/webp\" \/>\n<meta name=\"author\" content=\"Jeanette\" \/>\n<meta name=\"twitter:card\" content=\"summary_large_image\" \/>\n<meta name=\"twitter:creator\" content=\"@eldiario_net\" \/>\n<meta name=\"twitter:site\" content=\"@eldiario_net\" \/>\n<meta name=\"twitter:label1\" content=\"Escrito por\" \/>\n\t<meta name=\"twitter:data1\" content=\"Jeanette\" \/>\n\t<meta name=\"twitter:label2\" content=\"Tiempo de lectura\" \/>\n\t<meta name=\"twitter:data2\" content=\"2 minutos\" \/>\n<script type=\"application\/ld+json\" class=\"yoast-schema-graph\">{\"@context\":\"https:\\\/\\\/schema.org\",\"@graph\":[{\"@type\":\"Article\",\"@id\":\"https:\\\/\\\/www.eldiario.net\\\/portal\\\/2025\\\/06\\\/06\\\/mts-es-habilitado-por-tcp-y-andronico-sigue-en-carrera\\\/#article\",\"isPartOf\":{\"@id\":\"https:\\\/\\\/www.eldiario.net\\\/portal\\\/2025\\\/06\\\/06\\\/mts-es-habilitado-por-tcp-y-andronico-sigue-en-carrera\\\/\"},\"author\":{\"name\":\"Jeanette\",\"@id\":\"https:\\\/\\\/www.eldiario.net\\\/portal\\\/#\\\/schema\\\/person\\\/f46445640444750d7d753ccd04ae01b7\"},\"headline\":\"MTS es habilitado por TCP y Andr\u00f3nico sigue en carrera\",\"datePublished\":\"2025-06-06T09:37:13+00:00\",\"mainEntityOfPage\":{\"@id\":\"https:\\\/\\\/www.eldiario.net\\\/portal\\\/2025\\\/06\\\/06\\\/mts-es-habilitado-por-tcp-y-andronico-sigue-en-carrera\\\/\"},\"wordCount\":283,\"publisher\":{\"@id\":\"https:\\\/\\\/www.eldiario.net\\\/portal\\\/#organization\"},\"image\":{\"@id\":\"https:\\\/\\\/www.eldiario.net\\\/portal\\\/2025\\\/06\\\/06\\\/mts-es-habilitado-por-tcp-y-andronico-sigue-en-carrera\\\/#primaryimage\"},\"thumbnailUrl\":\"https:\\\/\\\/www.eldiario.net\\\/portal\\\/wp-content\\\/uploads\\\/2025\\\/06\\\/P-3-10-cm-x-7.webp\",\"articleSection\":[\"Portada\"],\"inLanguage\":\"es\"},{\"@type\":\"WebPage\",\"@id\":\"https:\\\/\\\/www.eldiario.net\\\/portal\\\/2025\\\/06\\\/06\\\/mts-es-habilitado-por-tcp-y-andronico-sigue-en-carrera\\\/\",\"url\":\"https:\\\/\\\/www.eldiario.net\\\/portal\\\/2025\\\/06\\\/06\\\/mts-es-habilitado-por-tcp-y-andronico-sigue-en-carrera\\\/\",\"name\":\"MTS es habilitado por TCP y Andr\u00f3nico sigue en carrera - El Diario - Bolivia\",\"isPartOf\":{\"@id\":\"https:\\\/\\\/www.eldiario.net\\\/portal\\\/#website\"},\"primaryImageOfPage\":{\"@id\":\"https:\\\/\\\/www.eldiario.net\\\/portal\\\/2025\\\/06\\\/06\\\/mts-es-habilitado-por-tcp-y-andronico-sigue-en-carrera\\\/#primaryimage\"},\"image\":{\"@id\":\"https:\\\/\\\/www.eldiario.net\\\/portal\\\/2025\\\/06\\\/06\\\/mts-es-habilitado-por-tcp-y-andronico-sigue-en-carrera\\\/#primaryimage\"},\"thumbnailUrl\":\"https:\\\/\\\/www.eldiario.net\\\/portal\\\/wp-content\\\/uploads\\\/2025\\\/06\\\/P-3-10-cm-x-7.webp\",\"datePublished\":\"2025-06-06T09:37:13+00:00\",\"breadcrumb\":{\"@id\":\"https:\\\/\\\/www.eldiario.net\\\/portal\\\/2025\\\/06\\\/06\\\/mts-es-habilitado-por-tcp-y-andronico-sigue-en-carrera\\\/#breadcrumb\"},\"inLanguage\":\"es\",\"potentialAction\":[{\"@type\":\"ReadAction\",\"target\":[\"https:\\\/\\\/www.eldiario.net\\\/portal\\\/2025\\\/06\\\/06\\\/mts-es-habilitado-por-tcp-y-andronico-sigue-en-carrera\\\/\"]}]},{\"@type\":\"ImageObject\",\"inLanguage\":\"es\",\"@id\":\"https:\\\/\\\/www.eldiario.net\\\/portal\\\/2025\\\/06\\\/06\\\/mts-es-habilitado-por-tcp-y-andronico-sigue-en-carrera\\\/#primaryimage\",\"url\":\"https:\\\/\\\/www.eldiario.net\\\/portal\\\/wp-content\\\/uploads\\\/2025\\\/06\\\/P-3-10-cm-x-7.webp\",\"contentUrl\":\"https:\\\/\\\/www.eldiario.net\\\/portal\\\/wp-content\\\/uploads\\\/2025\\\/06\\\/P-3-10-cm-x-7.webp\",\"width\":1600,\"height\":1114,\"caption\":\"El MTS es habilitado por el TCP y Andr\u00f3nico sigue en carrera electoral.\"},{\"@type\":\"BreadcrumbList\",\"@id\":\"https:\\\/\\\/www.eldiario.net\\\/portal\\\/2025\\\/06\\\/06\\\/mts-es-habilitado-por-tcp-y-andronico-sigue-en-carrera\\\/#breadcrumb\",\"itemListElement\":[{\"@type\":\"ListItem\",\"position\":1,\"name\":\"Portada\",\"item\":\"https:\\\/\\\/www.eldiario.net\\\/portal\\\/\"},{\"@type\":\"ListItem\",\"position\":2,\"name\":\"MTS es habilitado por TCP y Andr\u00f3nico sigue en carrera\"}]},{\"@type\":\"WebSite\",\"@id\":\"https:\\\/\\\/www.eldiario.net\\\/portal\\\/#website\",\"url\":\"https:\\\/\\\/www.eldiario.net\\\/portal\\\/\",\"name\":\"El Diario - Decano de la prensa nacional\",\"description\":\"El Diario - Decano de la prensa nacional\",\"publisher\":{\"@id\":\"https:\\\/\\\/www.eldiario.net\\\/portal\\\/#organization\"},\"potentialAction\":[{\"@type\":\"SearchAction\",\"target\":{\"@type\":\"EntryPoint\",\"urlTemplate\":\"https:\\\/\\\/www.eldiario.net\\\/portal\\\/?s={search_term_string}\"},\"query-input\":{\"@type\":\"PropertyValueSpecification\",\"valueRequired\":true,\"valueName\":\"search_term_string\"}}],\"inLanguage\":\"es\"},{\"@type\":\"Organization\",\"@id\":\"https:\\\/\\\/www.eldiario.net\\\/portal\\\/#organization\",\"name\":\"El Diario - Decano de la prensa nacional\",\"url\":\"https:\\\/\\\/www.eldiario.net\\\/portal\\\/\",\"logo\":{\"@type\":\"ImageObject\",\"inLanguage\":\"es\",\"@id\":\"https:\\\/\\\/www.eldiario.net\\\/portal\\\/#\\\/schema\\\/logo\\\/image\\\/\",\"url\":\"https:\\\/\\\/www.eldiario.net\\\/portal\\\/wp-content\\\/uploads\\\/2023\\\/07\\\/logo_ED.jpg\",\"contentUrl\":\"https:\\\/\\\/www.eldiario.net\\\/portal\\\/wp-content\\\/uploads\\\/2023\\\/07\\\/logo_ED.jpg\",\"width\":272,\"height\":52,\"caption\":\"El Diario - Decano de la prensa nacional\"},\"image\":{\"@id\":\"https:\\\/\\\/www.eldiario.net\\\/portal\\\/#\\\/schema\\\/logo\\\/image\\\/\"},\"sameAs\":[\"https:\\\/\\\/www.facebook.com\\\/eldiario.bolivia\\\/\",\"https:\\\/\\\/x.com\\\/eldiario_net\"]},{\"@type\":\"Person\",\"@id\":\"https:\\\/\\\/www.eldiario.net\\\/portal\\\/#\\\/schema\\\/person\\\/f46445640444750d7d753ccd04ae01b7\",\"name\":\"Jeanette\",\"image\":{\"@type\":\"ImageObject\",\"inLanguage\":\"es\",\"@id\":\"https:\\\/\\\/secure.gravatar.com\\\/avatar\\\/3ea2118a5f7dad2b7138b1187a6b7ee55f160b9968b66013c3a3ef39dd7e5798?s=96&d=mm&r=g\",\"url\":\"https:\\\/\\\/secure.gravatar.com\\\/avatar\\\/3ea2118a5f7dad2b7138b1187a6b7ee55f160b9968b66013c3a3ef39dd7e5798?s=96&d=mm&r=g\",\"contentUrl\":\"https:\\\/\\\/secure.gravatar.com\\\/avatar\\\/3ea2118a5f7dad2b7138b1187a6b7ee55f160b9968b66013c3a3ef39dd7e5798?s=96&d=mm&r=g\",\"caption\":\"Jeanette\"},\"sameAs\":[\"https:\\\/\\\/www.eldiario.net\\\/portal\"],\"url\":\"https:\\\/\\\/www.eldiario.net\\\/portal\\\/author\\\/jeanette\\\/\"}]}<\/script>\n<!-- \/ Yoast SEO plugin. -->","yoast_head_json":{"title":"MTS es habilitado por TCP y Andr\u00f3nico sigue en carrera - El Diario - Bolivia","robots":{"index":"index","follow":"follow","max-snippet":"max-snippet:-1","max-image-preview":"max-image-preview:large","max-video-preview":"max-video-preview:-1"},"canonical":"https:\/\/www.eldiario.net\/portal\/2025\/06\/06\/mts-es-habilitado-por-tcp-y-andronico-sigue-en-carrera\/","og_locale":"es_ES","og_type":"article","og_title":"MTS es habilitado por TCP y Andr\u00f3nico sigue en carrera - El Diario - Bolivia","og_description":"El Tribunal Constitucional Plurinacional (TCP) rechaz\u00f3 una medida cautelar que solicitaba la inhabilitaci\u00f3n del Movimiento Tercer Sistema (MTS), habilitando as\u00ed su participaci\u00f3n en las elecciones generales del pr\u00f3ximo 17 de agosto. La decisi\u00f3n permite que los candidatos del MTS, entre ellos el presidente del Senado, Andr\u00f3nico Rodr\u00edguez, contin\u00faen en carrera electoral. Las autoridades del TCP [&hellip;]","og_url":"https:\/\/www.eldiario.net\/portal\/2025\/06\/06\/mts-es-habilitado-por-tcp-y-andronico-sigue-en-carrera\/","og_site_name":"El Diario - Bolivia","article_publisher":"https:\/\/www.facebook.com\/eldiario.bolivia\/","article_published_time":"2025-06-06T09:37:13+00:00","og_image":[{"width":1600,"height":1114,"url":"https:\/\/www.eldiario.net\/portal\/wp-content\/uploads\/2025\/06\/P-3-10-cm-x-7.webp","type":"image\/webp"}],"author":"Jeanette","twitter_card":"summary_large_image","twitter_creator":"@eldiario_net","twitter_site":"@eldiario_net","twitter_misc":{"Escrito por":"Jeanette","Tiempo de lectura":"2 minutos"},"schema":{"@context":"https:\/\/schema.org","@graph":[{"@type":"Article","@id":"https:\/\/www.eldiario.net\/portal\/2025\/06\/06\/mts-es-habilitado-por-tcp-y-andronico-sigue-en-carrera\/#article","isPartOf":{"@id":"https:\/\/www.eldiario.net\/portal\/2025\/06\/06\/mts-es-habilitado-por-tcp-y-andronico-sigue-en-carrera\/"},"author":{"name":"Jeanette","@id":"https:\/\/www.eldiario.net\/portal\/#\/schema\/person\/f46445640444750d7d753ccd04ae01b7"},"headline":"MTS es habilitado por TCP y Andr\u00f3nico sigue en carrera","datePublished":"2025-06-06T09:37:13+00:00","mainEntityOfPage":{"@id":"https:\/\/www.eldiario.net\/portal\/2025\/06\/06\/mts-es-habilitado-por-tcp-y-andronico-sigue-en-carrera\/"},"wordCount":283,"publisher":{"@id":"https:\/\/www.eldiario.net\/portal\/#organization"},"image":{"@id":"https:\/\/www.eldiario.net\/portal\/2025\/06\/06\/mts-es-habilitado-por-tcp-y-andronico-sigue-en-carrera\/#primaryimage"},"thumbnailUrl":"https:\/\/www.eldiario.net\/portal\/wp-content\/uploads\/2025\/06\/P-3-10-cm-x-7.webp","articleSection":["Portada"],"inLanguage":"es"},{"@type":"WebPage","@id":"https:\/\/www.eldiario.net\/portal\/2025\/06\/06\/mts-es-habilitado-por-tcp-y-andronico-sigue-en-carrera\/","url":"https:\/\/www.eldiario.net\/portal\/2025\/06\/06\/mts-es-habilitado-por-tcp-y-andronico-sigue-en-carrera\/","name":"MTS es habilitado por TCP y Andr\u00f3nico sigue en carrera - El Diario - Bolivia","isPartOf":{"@id":"https:\/\/www.eldiario.net\/portal\/#website"},"primaryImageOfPage":{"@id":"https:\/\/www.eldiario.net\/portal\/2025\/06\/06\/mts-es-habilitado-por-tcp-y-andronico-sigue-en-carrera\/#primaryimage"},"image":{"@id":"https:\/\/www.eldiario.net\/portal\/2025\/06\/06\/mts-es-habilitado-por-tcp-y-andronico-sigue-en-carrera\/#primaryimage"},"thumbnailUrl":"https:\/\/www.eldiario.net\/portal\/wp-content\/uploads\/2025\/06\/P-3-10-cm-x-7.webp","datePublished":"2025-06-06T09:37:13+00:00","breadcrumb":{"@id":"https:\/\/www.eldiario.net\/portal\/2025\/06\/06\/mts-es-habilitado-por-tcp-y-andronico-sigue-en-carrera\/#breadcrumb"},"inLanguage":"es","potentialAction":[{"@type":"ReadAction","target":["https:\/\/www.eldiario.net\/portal\/2025\/06\/06\/mts-es-habilitado-por-tcp-y-andronico-sigue-en-carrera\/"]}]},{"@type":"ImageObject","inLanguage":"es","@id":"https:\/\/www.eldiario.net\/portal\/2025\/06\/06\/mts-es-habilitado-por-tcp-y-andronico-sigue-en-carrera\/#primaryimage","url":"https:\/\/www.eldiario.net\/portal\/wp-content\/uploads\/2025\/06\/P-3-10-cm-x-7.webp","contentUrl":"https:\/\/www.eldiario.net\/portal\/wp-content\/uploads\/2025\/06\/P-3-10-cm-x-7.webp","width":1600,"height":1114,"caption":"El MTS es habilitado por el TCP y Andr\u00f3nico sigue en carrera electoral."},{"@type":"BreadcrumbList","@id":"https:\/\/www.eldiario.net\/portal\/2025\/06\/06\/mts-es-habilitado-por-tcp-y-andronico-sigue-en-carrera\/#breadcrumb","itemListElement":[{"@type":"ListItem","position":1,"name":"Portada","item":"https:\/\/www.eldiario.net\/portal\/"},{"@type":"ListItem","position":2,"name":"MTS es habilitado por TCP y Andr\u00f3nico sigue en carrera"}]},{"@type":"WebSite","@id":"https:\/\/www.eldiario.net\/portal\/#website","url":"https:\/\/www.eldiario.net\/portal\/","name":"El Diario - Decano de la prensa nacional","description":"El Diario - Decano de la prensa nacional","publisher":{"@id":"https:\/\/www.eldiario.net\/portal\/#organization"},"potentialAction":[{"@type":"SearchAction","target":{"@type":"EntryPoint","urlTemplate":"https:\/\/www.eldiario.net\/portal\/?s={search_term_string}"},"query-input":{"@type":"PropertyValueSpecification","valueRequired":true,"valueName":"search_term_string"}}],"inLanguage":"es"},{"@type":"Organization","@id":"https:\/\/www.eldiario.net\/portal\/#organization","name":"El Diario - Decano de la prensa nacional","url":"https:\/\/www.eldiario.net\/portal\/","logo":{"@type":"ImageObject","inLanguage":"es","@id":"https:\/\/www.eldiario.net\/portal\/#\/schema\/logo\/image\/","url":"https:\/\/www.eldiario.net\/portal\/wp-content\/uploads\/2023\/07\/logo_ED.jpg","contentUrl":"https:\/\/www.eldiario.net\/portal\/wp-content\/uploads\/2023\/07\/logo_ED.jpg","width":272,"height":52,"caption":"El Diario - Decano de la prensa nacional"},"image":{"@id":"https:\/\/www.eldiario.net\/portal\/#\/schema\/logo\/image\/"},"sameAs":["https:\/\/www.facebook.com\/eldiario.bolivia\/","https:\/\/x.com\/eldiario_net"]},{"@type":"Person","@id":"https:\/\/www.eldiario.net\/portal\/#\/schema\/person\/f46445640444750d7d753ccd04ae01b7","name":"Jeanette","image":{"@type":"ImageObject","inLanguage":"es","@id":"https:\/\/secure.gravatar.com\/avatar\/3ea2118a5f7dad2b7138b1187a6b7ee55f160b9968b66013c3a3ef39dd7e5798?s=96&d=mm&r=g","url":"https:\/\/secure.gravatar.com\/avatar\/3ea2118a5f7dad2b7138b1187a6b7ee55f160b9968b66013c3a3ef39dd7e5798?s=96&d=mm&r=g","contentUrl":"https:\/\/secure.gravatar.com\/avatar\/3ea2118a5f7dad2b7138b1187a6b7ee55f160b9968b66013c3a3ef39dd7e5798?s=96&d=mm&r=g","caption":"Jeanette"},"sameAs":["https:\/\/www.eldiario.net\/portal"],"url":"https:\/\/www.eldiario.net\/portal\/author\/jeanette\/"}]}},"_links":{"self":[{"href":"https:\/\/www.eldiario.net\/portal\/wp-json\/wp\/v2\/posts\/307649","targetHints":{"allow":["GET"]}}],"collection":[{"href":"https:\/\/www.eldiario.net\/portal\/wp-json\/wp\/v2\/posts"}],"about":[{"href":"https:\/\/www.eldiario.net\/portal\/wp-json\/wp\/v2\/types\/post"}],"author":[{"embeddable":true,"href":"https:\/\/www.eldiario.net\/portal\/wp-json\/wp\/v2\/users\/1"}],"replies":[{"embeddable":true,"href":"https:\/\/www.eldiario.net\/portal\/wp-json\/wp\/v2\/comments?post=307649"}],"version-history":[{"count":1,"href":"https:\/\/www.eldiario.net\/portal\/wp-json\/wp\/v2\/posts\/307649\/revisions"}],"predecessor-version":[{"id":307651,"href":"https:\/\/www.eldiario.net\/portal\/wp-json\/wp\/v2\/posts\/307649\/revisions\/307651"}],"wp:featuredmedia":[{"embeddable":true,"href":"https:\/\/www.eldiario.net\/portal\/wp-json\/wp\/v2\/media\/307650"}],"wp:attachment":[{"href":"https:\/\/www.eldiario.net\/portal\/wp-json\/wp\/v2\/media?parent=307649"}],"wp:term":[{"taxonomy":"category","embeddable":true,"href":"https:\/\/www.eldiario.net\/portal\/wp-json\/wp\/v2\/categories?post=307649"},{"taxonomy":"post_tag","embeddable":true,"href":"https:\/\/www.eldiario.net\/portal\/wp-json\/wp\/v2\/tags?post=307649"}],"curies":[{"name":"wp","href":"https:\/\/api.w.org\/{rel}","templated":true}]}}