{"id":307639,"date":"2025-06-06T00:08:20","date_gmt":"2025-06-06T04:08:20","guid":{"rendered":"https:\/\/www.eldiario.net\/portal\/?p=307639"},"modified":"2025-06-06T00:08:20","modified_gmt":"2025-06-06T04:08:20","slug":"obligados-a-sumar","status":"publish","type":"post","link":"https:\/\/www.eldiario.net\/portal\/2025\/06\/06\/obligados-a-sumar\/","title":{"rendered":"OBLIGADOS  A SUMAR"},"content":{"rendered":"<p>La Selecci\u00f3n Boliviana apunta a ganar o empatar para seguir en lucha por la clasificaci\u00f3n al Mundial 2026. Su rival ser\u00e1 Venezuela, esta tarde (18:00HB) en Estadio Monumental de Matur\u00edn, en la decimoquinta jornada de las eliminatorias sudamericanas.<br \/>\nBolivia se mantiene en el octavo lugar de la clasificaci\u00f3n con 14 puntos, por lo que tambi\u00e9n est\u00e1 obligada a conseguir una victoria o empate, algo en lo que conf\u00eda su seleccionador, \u00d3scar Villegas.<br \/>\nEl mi\u00e9rcoles, en rueda de prensa en Santa Cruz, Villegas expres\u00f3 su confianza en que la Verde \u00absea fuerte\u00bb ante Venezuela, pese a la \u00abausencia importante\u00bb del centrocampista Ramiro Vaca.<br \/>\nVaca, que es uno de los goleadores de la Copa Libertadores junto al argentino Hern\u00e1n Barcos, del Alianza Lima peruano, y el brasile\u00f1o Alan Patrick, del Internacional de Porto Alegre, no fue tomado en cuenta para estas jornadas de eliminatorias por un supuesto caso de dopaje en el certamen continental que est\u00e1 en revisi\u00f3n.<br \/>\nCon todo, Villegas conf\u00eda en que su plantel sea \u00abun equipo eficiente, un equipo que sepa defender\u00bb y que, cuando tenga la pelota, \u00abpueda tener esa decisi\u00f3n de hacer da\u00f1o\u00bb.<br \/>\n\u00abFaltando cuatro fechas nos enfrentamos a un rival directo, un rival que le ganamos en La Paz y de visitante debemos ser fuertes\u00bb, dijo Villegas.<br \/>\nEn septiembre del a\u00f1o pasado, el equipo venezolano sucumbi\u00f3 4-0 como visitante ante Bolivia al jugar en el estadio de Villa Ingenio.<br \/>\nEn la siguiente jornada de las eliminatorias, a disputarse el 10 de junio, Bolivia recibe al colista Chile, mientras que Venezuela enfrentar\u00e1 a domicilio a Uruguay en Montevideo. La celeste se ubica en la tercera posici\u00f3n con 21 puntos, un puntaje similar que Brasil y Paraguay, pero con mejor diferencia de goles que ambos.<br \/>\nPor otro lado, la Vinotinto dirigida por el argentino Fernando &#8216;Bocha&#8217; Batista solo ha conseguido tres victorias, seis empates y cinco derrotas, con lo que se mantiene en el s\u00e9ptimo lugar de la clasificaci\u00f3n con 15 puntos.<br \/>\nUna de esas derrotas fue ante Bolivia, en La Paz, en septiembre pasado por 4-0.<br \/>\nEsta situaci\u00f3n la deja fuera de la zona de clasificaci\u00f3n directa para el Mundial, pero la s\u00e9ptima plaza asegura la disputa de una repesca por un billete mundialista y Venezuela no pierde las esperanzas de competir por primera vez en una Copa del Mundo.<br \/>\nPara esta jornada, Batista convoc\u00f3 al goleador Salom\u00f3n Rond\u00f3n, as\u00ed como al mediocampista Yeferson Soteldo y al lateral de la Real Sociedad Jon Aramburu, as\u00ed como a los j\u00f3venes David Mart\u00ednez y Alessandro Milani. De acuerdo a estad\u00edsticas, Venezuela acumula seis victorias consecutivas jugando como local contra Bolivia en eliminatorias.<\/p>\n<p><em>\u00abFaltando cuatro fechas nos enfrentamos a un rival directo, un rival que le ganamos en La Paz y de visitante debemos ser fuertes, pese a la ausencia de Ramiro Vaca\u00bb. \u00d3SCAR VILLEGAS &#8211; DT<\/em><\/p>\n<p><img loading=\"lazy\" decoding=\"async\" class=\"alignleft size-thumbnail wp-image-307640\" src=\"https:\/\/www.eldiario.net\/portal\/wp-content\/uploads\/2025\/06\/por-la-tercera-victoria-150x150.webp\" alt=\"\" width=\"150\" height=\"150\" \/><strong>Por la tercera victoria<\/strong><br \/>\nLa primera victoria boliviana en suelo venezolano se remonta al 6 de marzo de 1977. Aquel d\u00eda, la Verde se impuso por 3-1 El segundo y m\u00e1s recordado triunfo lleg\u00f3 el 22 de agosto de 1993. En una actuaci\u00f3n hist\u00f3rica, Bolivia gole\u00f3 7-0 a Venezuela.<\/p>\n","protected":false},"excerpt":{"rendered":"<p>La Selecci\u00f3n Boliviana apunta a ganar o empatar para seguir en lucha por la clasificaci\u00f3n al Mundial 2026. Su rival ser\u00e1 Venezuela, esta tarde (18:00HB) en Estadio Monumental de Matur\u00edn, en la decimoquinta jornada de las eliminatorias sudamericanas. Bolivia se mantiene en el octavo lugar de la clasificaci\u00f3n con 14 puntos, por lo que tambi\u00e9n [&hellip;]<\/p>\n","protected":false},"author":1,"featured_media":307641,"comment_status":"closed","ping_status":"open","sticky":false,"template":"","format":"standard","meta":{"_acf_changed":false,"footnotes":""},"categories":[6],"tags":[],"class_list":["post-307639","post","type-post","status-publish","format-standard","has-post-thumbnail","category-deportes"],"acf":{"antetitulo":""},"yoast_head":"<!-- This site is optimized with the Yoast SEO plugin v28.4 - https:\/\/yoast.com\/product\/yoast-seo-wordpress\/ -->\n<title>OBLIGADOS A SUMAR - El Diario - Bolivia<\/title>\n<meta name=\"robots\" content=\"index, follow, max-snippet:-1, max-image-preview:large, max-video-preview:-1\" \/>\n<link rel=\"canonical\" href=\"https:\/\/www.eldiario.net\/portal\/2025\/06\/06\/obligados-a-sumar\/\" \/>\n<meta property=\"og:locale\" content=\"es_ES\" \/>\n<meta property=\"og:type\" content=\"article\" \/>\n<meta property=\"og:title\" content=\"OBLIGADOS A SUMAR - El Diario - Bolivia\" \/>\n<meta property=\"og:description\" content=\"La Selecci\u00f3n Boliviana apunta a ganar o empatar para seguir en lucha por la clasificaci\u00f3n al Mundial 2026. Su rival ser\u00e1 Venezuela, esta tarde (18:00HB) en Estadio Monumental de Matur\u00edn, en la decimoquinta jornada de las eliminatorias sudamericanas. Bolivia se mantiene en el octavo lugar de la clasificaci\u00f3n con 14 puntos, por lo que tambi\u00e9n [&hellip;]\" \/>\n<meta property=\"og:url\" content=\"https:\/\/www.eldiario.net\/portal\/2025\/06\/06\/obligados-a-sumar\/\" \/>\n<meta property=\"og:site_name\" content=\"El Diario - Bolivia\" \/>\n<meta property=\"article:publisher\" content=\"https:\/\/www.facebook.com\/eldiario.bolivia\/\" \/>\n<meta property=\"article:published_time\" content=\"2025-06-06T04:08:20+00:00\" \/>\n<meta property=\"og:image\" content=\"https:\/\/www.eldiario.net\/portal\/wp-content\/uploads\/2025\/06\/FOTO-ENTRENAMIENTO.jpg\" \/>\n\t<meta property=\"og:image:width\" content=\"1200\" \/>\n\t<meta property=\"og:image:height\" content=\"813\" \/>\n\t<meta property=\"og:image:type\" content=\"image\/jpeg\" \/>\n<meta name=\"author\" content=\"Jeanette\" \/>\n<meta name=\"twitter:card\" content=\"summary_large_image\" \/>\n<meta name=\"twitter:creator\" content=\"@eldiario_net\" \/>\n<meta name=\"twitter:site\" content=\"@eldiario_net\" \/>\n<meta name=\"twitter:label1\" content=\"Escrito por\" \/>\n\t<meta name=\"twitter:data1\" content=\"Jeanette\" \/>\n\t<meta name=\"twitter:label2\" content=\"Tiempo de lectura\" \/>\n\t<meta name=\"twitter:data2\" content=\"3 minutos\" \/>\n<script type=\"application\/ld+json\" class=\"yoast-schema-graph\">{\"@context\":\"https:\\\/\\\/schema.org\",\"@graph\":[{\"@type\":\"Article\",\"@id\":\"https:\\\/\\\/www.eldiario.net\\\/portal\\\/2025\\\/06\\\/06\\\/obligados-a-sumar\\\/#article\",\"isPartOf\":{\"@id\":\"https:\\\/\\\/www.eldiario.net\\\/portal\\\/2025\\\/06\\\/06\\\/obligados-a-sumar\\\/\"},\"author\":{\"name\":\"Jeanette\",\"@id\":\"https:\\\/\\\/www.eldiario.net\\\/portal\\\/#\\\/schema\\\/person\\\/f46445640444750d7d753ccd04ae01b7\"},\"headline\":\"OBLIGADOS A SUMAR\",\"datePublished\":\"2025-06-06T04:08:20+00:00\",\"mainEntityOfPage\":{\"@id\":\"https:\\\/\\\/www.eldiario.net\\\/portal\\\/2025\\\/06\\\/06\\\/obligados-a-sumar\\\/\"},\"wordCount\":539,\"publisher\":{\"@id\":\"https:\\\/\\\/www.eldiario.net\\\/portal\\\/#organization\"},\"image\":{\"@id\":\"https:\\\/\\\/www.eldiario.net\\\/portal\\\/2025\\\/06\\\/06\\\/obligados-a-sumar\\\/#primaryimage\"},\"thumbnailUrl\":\"https:\\\/\\\/www.eldiario.net\\\/portal\\\/wp-content\\\/uploads\\\/2025\\\/06\\\/FOTO-ENTRENAMIENTO.jpg\",\"articleSection\":[\"Deportes\"],\"inLanguage\":\"es\"},{\"@type\":\"WebPage\",\"@id\":\"https:\\\/\\\/www.eldiario.net\\\/portal\\\/2025\\\/06\\\/06\\\/obligados-a-sumar\\\/\",\"url\":\"https:\\\/\\\/www.eldiario.net\\\/portal\\\/2025\\\/06\\\/06\\\/obligados-a-sumar\\\/\",\"name\":\"OBLIGADOS A SUMAR - El Diario - Bolivia\",\"isPartOf\":{\"@id\":\"https:\\\/\\\/www.eldiario.net\\\/portal\\\/#website\"},\"primaryImageOfPage\":{\"@id\":\"https:\\\/\\\/www.eldiario.net\\\/portal\\\/2025\\\/06\\\/06\\\/obligados-a-sumar\\\/#primaryimage\"},\"image\":{\"@id\":\"https:\\\/\\\/www.eldiario.net\\\/portal\\\/2025\\\/06\\\/06\\\/obligados-a-sumar\\\/#primaryimage\"},\"thumbnailUrl\":\"https:\\\/\\\/www.eldiario.net\\\/portal\\\/wp-content\\\/uploads\\\/2025\\\/06\\\/FOTO-ENTRENAMIENTO.jpg\",\"datePublished\":\"2025-06-06T04:08:20+00:00\",\"breadcrumb\":{\"@id\":\"https:\\\/\\\/www.eldiario.net\\\/portal\\\/2025\\\/06\\\/06\\\/obligados-a-sumar\\\/#breadcrumb\"},\"inLanguage\":\"es\",\"potentialAction\":[{\"@type\":\"ReadAction\",\"target\":[\"https:\\\/\\\/www.eldiario.net\\\/portal\\\/2025\\\/06\\\/06\\\/obligados-a-sumar\\\/\"]}]},{\"@type\":\"ImageObject\",\"inLanguage\":\"es\",\"@id\":\"https:\\\/\\\/www.eldiario.net\\\/portal\\\/2025\\\/06\\\/06\\\/obligados-a-sumar\\\/#primaryimage\",\"url\":\"https:\\\/\\\/www.eldiario.net\\\/portal\\\/wp-content\\\/uploads\\\/2025\\\/06\\\/FOTO-ENTRENAMIENTO.jpg\",\"contentUrl\":\"https:\\\/\\\/www.eldiario.net\\\/portal\\\/wp-content\\\/uploads\\\/2025\\\/06\\\/FOTO-ENTRENAMIENTO.jpg\",\"width\":1200,\"height\":813},{\"@type\":\"BreadcrumbList\",\"@id\":\"https:\\\/\\\/www.eldiario.net\\\/portal\\\/2025\\\/06\\\/06\\\/obligados-a-sumar\\\/#breadcrumb\",\"itemListElement\":[{\"@type\":\"ListItem\",\"position\":1,\"name\":\"Portada\",\"item\":\"https:\\\/\\\/www.eldiario.net\\\/portal\\\/\"},{\"@type\":\"ListItem\",\"position\":2,\"name\":\"OBLIGADOS A SUMAR\"}]},{\"@type\":\"WebSite\",\"@id\":\"https:\\\/\\\/www.eldiario.net\\\/portal\\\/#website\",\"url\":\"https:\\\/\\\/www.eldiario.net\\\/portal\\\/\",\"name\":\"El Diario - Decano de la prensa nacional\",\"description\":\"El Diario - Decano de la prensa nacional\",\"publisher\":{\"@id\":\"https:\\\/\\\/www.eldiario.net\\\/portal\\\/#organization\"},\"potentialAction\":[{\"@type\":\"SearchAction\",\"target\":{\"@type\":\"EntryPoint\",\"urlTemplate\":\"https:\\\/\\\/www.eldiario.net\\\/portal\\\/?s={search_term_string}\"},\"query-input\":{\"@type\":\"PropertyValueSpecification\",\"valueRequired\":true,\"valueName\":\"search_term_string\"}}],\"inLanguage\":\"es\"},{\"@type\":\"Organization\",\"@id\":\"https:\\\/\\\/www.eldiario.net\\\/portal\\\/#organization\",\"name\":\"El Diario - Decano de la prensa nacional\",\"url\":\"https:\\\/\\\/www.eldiario.net\\\/portal\\\/\",\"logo\":{\"@type\":\"ImageObject\",\"inLanguage\":\"es\",\"@id\":\"https:\\\/\\\/www.eldiario.net\\\/portal\\\/#\\\/schema\\\/logo\\\/image\\\/\",\"url\":\"https:\\\/\\\/www.eldiario.net\\\/portal\\\/wp-content\\\/uploads\\\/2023\\\/07\\\/logo_ED.jpg\",\"contentUrl\":\"https:\\\/\\\/www.eldiario.net\\\/portal\\\/wp-content\\\/uploads\\\/2023\\\/07\\\/logo_ED.jpg\",\"width\":272,\"height\":52,\"caption\":\"El Diario - Decano de la prensa nacional\"},\"image\":{\"@id\":\"https:\\\/\\\/www.eldiario.net\\\/portal\\\/#\\\/schema\\\/logo\\\/image\\\/\"},\"sameAs\":[\"https:\\\/\\\/www.facebook.com\\\/eldiario.bolivia\\\/\",\"https:\\\/\\\/x.com\\\/eldiario_net\"]},{\"@type\":\"Person\",\"@id\":\"https:\\\/\\\/www.eldiario.net\\\/portal\\\/#\\\/schema\\\/person\\\/f46445640444750d7d753ccd04ae01b7\",\"name\":\"Jeanette\",\"image\":{\"@type\":\"ImageObject\",\"inLanguage\":\"es\",\"@id\":\"https:\\\/\\\/secure.gravatar.com\\\/avatar\\\/3ea2118a5f7dad2b7138b1187a6b7ee55f160b9968b66013c3a3ef39dd7e5798?s=96&d=mm&r=g\",\"url\":\"https:\\\/\\\/secure.gravatar.com\\\/avatar\\\/3ea2118a5f7dad2b7138b1187a6b7ee55f160b9968b66013c3a3ef39dd7e5798?s=96&d=mm&r=g\",\"contentUrl\":\"https:\\\/\\\/secure.gravatar.com\\\/avatar\\\/3ea2118a5f7dad2b7138b1187a6b7ee55f160b9968b66013c3a3ef39dd7e5798?s=96&d=mm&r=g\",\"caption\":\"Jeanette\"},\"sameAs\":[\"https:\\\/\\\/www.eldiario.net\\\/portal\"],\"url\":\"https:\\\/\\\/www.eldiario.net\\\/portal\\\/author\\\/jeanette\\\/\"}]}<\/script>\n<!-- \/ Yoast SEO plugin. -->","yoast_head_json":{"title":"OBLIGADOS A SUMAR - El Diario - Bolivia","robots":{"index":"index","follow":"follow","max-snippet":"max-snippet:-1","max-image-preview":"max-image-preview:large","max-video-preview":"max-video-preview:-1"},"canonical":"https:\/\/www.eldiario.net\/portal\/2025\/06\/06\/obligados-a-sumar\/","og_locale":"es_ES","og_type":"article","og_title":"OBLIGADOS A SUMAR - El Diario - Bolivia","og_description":"La Selecci\u00f3n Boliviana apunta a ganar o empatar para seguir en lucha por la clasificaci\u00f3n al Mundial 2026. Su rival ser\u00e1 Venezuela, esta tarde (18:00HB) en Estadio Monumental de Matur\u00edn, en la decimoquinta jornada de las eliminatorias sudamericanas. Bolivia se mantiene en el octavo lugar de la clasificaci\u00f3n con 14 puntos, por lo que tambi\u00e9n [&hellip;]","og_url":"https:\/\/www.eldiario.net\/portal\/2025\/06\/06\/obligados-a-sumar\/","og_site_name":"El Diario - Bolivia","article_publisher":"https:\/\/www.facebook.com\/eldiario.bolivia\/","article_published_time":"2025-06-06T04:08:20+00:00","og_image":[{"width":1200,"height":813,"url":"https:\/\/www.eldiario.net\/portal\/wp-content\/uploads\/2025\/06\/FOTO-ENTRENAMIENTO.jpg","type":"image\/jpeg"}],"author":"Jeanette","twitter_card":"summary_large_image","twitter_creator":"@eldiario_net","twitter_site":"@eldiario_net","twitter_misc":{"Escrito por":"Jeanette","Tiempo de lectura":"3 minutos"},"schema":{"@context":"https:\/\/schema.org","@graph":[{"@type":"Article","@id":"https:\/\/www.eldiario.net\/portal\/2025\/06\/06\/obligados-a-sumar\/#article","isPartOf":{"@id":"https:\/\/www.eldiario.net\/portal\/2025\/06\/06\/obligados-a-sumar\/"},"author":{"name":"Jeanette","@id":"https:\/\/www.eldiario.net\/portal\/#\/schema\/person\/f46445640444750d7d753ccd04ae01b7"},"headline":"OBLIGADOS A SUMAR","datePublished":"2025-06-06T04:08:20+00:00","mainEntityOfPage":{"@id":"https:\/\/www.eldiario.net\/portal\/2025\/06\/06\/obligados-a-sumar\/"},"wordCount":539,"publisher":{"@id":"https:\/\/www.eldiario.net\/portal\/#organization"},"image":{"@id":"https:\/\/www.eldiario.net\/portal\/2025\/06\/06\/obligados-a-sumar\/#primaryimage"},"thumbnailUrl":"https:\/\/www.eldiario.net\/portal\/wp-content\/uploads\/2025\/06\/FOTO-ENTRENAMIENTO.jpg","articleSection":["Deportes"],"inLanguage":"es"},{"@type":"WebPage","@id":"https:\/\/www.eldiario.net\/portal\/2025\/06\/06\/obligados-a-sumar\/","url":"https:\/\/www.eldiario.net\/portal\/2025\/06\/06\/obligados-a-sumar\/","name":"OBLIGADOS A SUMAR - El Diario - Bolivia","isPartOf":{"@id":"https:\/\/www.eldiario.net\/portal\/#website"},"primaryImageOfPage":{"@id":"https:\/\/www.eldiario.net\/portal\/2025\/06\/06\/obligados-a-sumar\/#primaryimage"},"image":{"@id":"https:\/\/www.eldiario.net\/portal\/2025\/06\/06\/obligados-a-sumar\/#primaryimage"},"thumbnailUrl":"https:\/\/www.eldiario.net\/portal\/wp-content\/uploads\/2025\/06\/FOTO-ENTRENAMIENTO.jpg","datePublished":"2025-06-06T04:08:20+00:00","breadcrumb":{"@id":"https:\/\/www.eldiario.net\/portal\/2025\/06\/06\/obligados-a-sumar\/#breadcrumb"},"inLanguage":"es","potentialAction":[{"@type":"ReadAction","target":["https:\/\/www.eldiario.net\/portal\/2025\/06\/06\/obligados-a-sumar\/"]}]},{"@type":"ImageObject","inLanguage":"es","@id":"https:\/\/www.eldiario.net\/portal\/2025\/06\/06\/obligados-a-sumar\/#primaryimage","url":"https:\/\/www.eldiario.net\/portal\/wp-content\/uploads\/2025\/06\/FOTO-ENTRENAMIENTO.jpg","contentUrl":"https:\/\/www.eldiario.net\/portal\/wp-content\/uploads\/2025\/06\/FOTO-ENTRENAMIENTO.jpg","width":1200,"height":813},{"@type":"BreadcrumbList","@id":"https:\/\/www.eldiario.net\/portal\/2025\/06\/06\/obligados-a-sumar\/#breadcrumb","itemListElement":[{"@type":"ListItem","position":1,"name":"Portada","item":"https:\/\/www.eldiario.net\/portal\/"},{"@type":"ListItem","position":2,"name":"OBLIGADOS A SUMAR"}]},{"@type":"WebSite","@id":"https:\/\/www.eldiario.net\/portal\/#website","url":"https:\/\/www.eldiario.net\/portal\/","name":"El Diario - Decano de la prensa nacional","description":"El Diario - Decano de la prensa nacional","publisher":{"@id":"https:\/\/www.eldiario.net\/portal\/#organization"},"potentialAction":[{"@type":"SearchAction","target":{"@type":"EntryPoint","urlTemplate":"https:\/\/www.eldiario.net\/portal\/?s={search_term_string}"},"query-input":{"@type":"PropertyValueSpecification","valueRequired":true,"valueName":"search_term_string"}}],"inLanguage":"es"},{"@type":"Organization","@id":"https:\/\/www.eldiario.net\/portal\/#organization","name":"El Diario - Decano de la prensa nacional","url":"https:\/\/www.eldiario.net\/portal\/","logo":{"@type":"ImageObject","inLanguage":"es","@id":"https:\/\/www.eldiario.net\/portal\/#\/schema\/logo\/image\/","url":"https:\/\/www.eldiario.net\/portal\/wp-content\/uploads\/2023\/07\/logo_ED.jpg","contentUrl":"https:\/\/www.eldiario.net\/portal\/wp-content\/uploads\/2023\/07\/logo_ED.jpg","width":272,"height":52,"caption":"El Diario - Decano de la prensa nacional"},"image":{"@id":"https:\/\/www.eldiario.net\/portal\/#\/schema\/logo\/image\/"},"sameAs":["https:\/\/www.facebook.com\/eldiario.bolivia\/","https:\/\/x.com\/eldiario_net"]},{"@type":"Person","@id":"https:\/\/www.eldiario.net\/portal\/#\/schema\/person\/f46445640444750d7d753ccd04ae01b7","name":"Jeanette","image":{"@type":"ImageObject","inLanguage":"es","@id":"https:\/\/secure.gravatar.com\/avatar\/3ea2118a5f7dad2b7138b1187a6b7ee55f160b9968b66013c3a3ef39dd7e5798?s=96&d=mm&r=g","url":"https:\/\/secure.gravatar.com\/avatar\/3ea2118a5f7dad2b7138b1187a6b7ee55f160b9968b66013c3a3ef39dd7e5798?s=96&d=mm&r=g","contentUrl":"https:\/\/secure.gravatar.com\/avatar\/3ea2118a5f7dad2b7138b1187a6b7ee55f160b9968b66013c3a3ef39dd7e5798?s=96&d=mm&r=g","caption":"Jeanette"},"sameAs":["https:\/\/www.eldiario.net\/portal"],"url":"https:\/\/www.eldiario.net\/portal\/author\/jeanette\/"}]}},"_links":{"self":[{"href":"https:\/\/www.eldiario.net\/portal\/wp-json\/wp\/v2\/posts\/307639","targetHints":{"allow":["GET"]}}],"collection":[{"href":"https:\/\/www.eldiario.net\/portal\/wp-json\/wp\/v2\/posts"}],"about":[{"href":"https:\/\/www.eldiario.net\/portal\/wp-json\/wp\/v2\/types\/post"}],"author":[{"embeddable":true,"href":"https:\/\/www.eldiario.net\/portal\/wp-json\/wp\/v2\/users\/1"}],"replies":[{"embeddable":true,"href":"https:\/\/www.eldiario.net\/portal\/wp-json\/wp\/v2\/comments?post=307639"}],"version-history":[{"count":1,"href":"https:\/\/www.eldiario.net\/portal\/wp-json\/wp\/v2\/posts\/307639\/revisions"}],"predecessor-version":[{"id":307642,"href":"https:\/\/www.eldiario.net\/portal\/wp-json\/wp\/v2\/posts\/307639\/revisions\/307642"}],"wp:featuredmedia":[{"embeddable":true,"href":"https:\/\/www.eldiario.net\/portal\/wp-json\/wp\/v2\/media\/307641"}],"wp:attachment":[{"href":"https:\/\/www.eldiario.net\/portal\/wp-json\/wp\/v2\/media?parent=307639"}],"wp:term":[{"taxonomy":"category","embeddable":true,"href":"https:\/\/www.eldiario.net\/portal\/wp-json\/wp\/v2\/categories?post=307639"},{"taxonomy":"post_tag","embeddable":true,"href":"https:\/\/www.eldiario.net\/portal\/wp-json\/wp\/v2\/tags?post=307639"}],"curies":[{"name":"wp","href":"https:\/\/api.w.org\/{rel}","templated":true}]}}