{"id":307575,"date":"2025-06-06T00:29:53","date_gmt":"2025-06-06T04:29:53","guid":{"rendered":"https:\/\/www.eldiario.net\/portal\/?p=307575"},"modified":"2025-06-05T23:41:50","modified_gmt":"2025-06-06T03:41:50","slug":"triskel-escenifica-la-tempestad-con-la-direccion-de-claudia-ossio","status":"publish","type":"post","link":"https:\/\/www.eldiario.net\/portal\/2025\/06\/06\/triskel-escenifica-la-tempestad-con-la-direccion-de-claudia-ossio\/","title":{"rendered":"Triskel escenifica La Tempestad con la direcci\u00f3n de Claudia Ossio"},"content":{"rendered":"<p><em>La Tempestad<\/em>, dirigida por Claudia Ossio, es la obra ganadora del Concurso Municipal \u201cRa\u00fal Salm\u00f3n de la Barra\u201d 2024 y ser\u00e1 presentada este viernes 6 y s\u00e1bado 7 de junio, a las 19:30 horas, en el Teatro Municipal de C\u00e1mara \u201cNorma Merlo\u201d, ubicado en la calle Genaro Sanjin\u00e9s, entre Indaburo e Ingavi.<\/p>\n<p>Interpretada por un grupo de talentosos adolescentes, entre los 12 y 18 a\u00f1os, la puesta en escena es resultado del trabajo del Taller de Teatro Estable que dirige la actriz y pedagoga teatral Claudia Ossio.<\/p>\n<p>La agrupaci\u00f3n juvenil Triskel naci\u00f3 en 2020, en plena pandemia. La convocatoria fue un salto al vac\u00edo, pues exist\u00eda el riesgo de que nadie se inscribiera. Sin embargo, para sorpresa de todos, m\u00e1s de 15 adolescentes respondieron al llamado. Muchos no buscaban hacer teatro, sino un espacio de encuentro, expresi\u00f3n o simplemente acudieron por iniciativa de sus padres. Pronto, descubrieron en el teatro un canal para expresar libremente sus emociones y pensamientos, y tambi\u00e9n una v\u00eda para explorar su creatividad e interpretaci\u00f3n. Desde entonces, el grupo ha puesto en escena obras como <em>Romeo y Julieta<\/em> (versi\u00f3n libre), <em>La Ratonera<\/em> de Agatha Christie y <em>Orfeo y Eur\u00eddice<\/em> en una versi\u00f3n de mito urbano. Estas producciones fueron presentadas en espacios como La Casa M\u00e1gica, Casa Grito, Teatro Nuna y el Teatro Municipal \u201cNorma Merlo\u201d.<\/p>\n<p>\u201cYa han pasado tres a\u00f1os y medio de formaci\u00f3n. Lo maravilloso y sorprendente es que ahora, de un grupo estable de trece adolescentes, seis o siete quieren dedicarse profesionalmente al teatro. Eso me llena de alegr\u00eda y me impulsa a seguir entreg\u00e1ndoles lo mejor de m\u00ed\u201d, explic\u00f3 Claudia Ossio.<\/p>\n<p><em>La Tempestad<\/em> fue elegida por los propios integrantes del taller desde la primera lectura. Las preguntas surgieron de inmediato: \u00bfQu\u00e9 les atrajo del texto? \u00bfPor qu\u00e9 hacer Shakespeare en la actualidad? \u00bfPor qu\u00e9 optar por una puesta en escena cl\u00e1sica?<\/p>\n<p>\u201cConversando con ellos, me doy cuenta de la universalidad de la obra: aborda temas como la lucha por el poder, la conquista, la intriga, la traici\u00f3n. Pero tambi\u00e9n nos sumerge en la magia, la ficci\u00f3n y la fantas\u00eda, y creo que son precisamente estos elementos los que la hacen tan atractiva para los adolescentes. Los personajes representan un gran reto, pues deben ser interpretados desde un lugar distinto al propio, desde el mismo texto. Uno de los aspectos m\u00e1s hermosos de este proceso creativo fue la exploraci\u00f3n de la m\u00fasica del Siglo XVI. Muchos ya ten\u00edan formaci\u00f3n musical, pero para otros fue un verdadero descubrimiento\u201d, coment\u00f3 Ossio.<\/p>\n<p>La trama gira en torno a Pr\u00f3spero, duque y mago, quien tras ser traicionado y depuesto, se exilia junto a su hija Miranda en una isla desierta. All\u00ed, durante doce a\u00f1os, se sumerge en el estudio de sus enigm\u00e1ticos libros y en la relaci\u00f3n con el esp\u00edritu Ariel y la criatura Calib\u00e1n, a quienes domina a trav\u00e9s de su conocimiento y magia. El momento de la venganza llega cuando la reina de N\u00e1poles, la duquesa de Mil\u00e1n y su s\u00e9quito pasan cerca de la isla, sin saber que la tempestad que alterar\u00e1 sus destinos est\u00e1 a punto de desatarse.<\/p>\n<p>El elenco est\u00e1 conformado por:<\/p>\n<p>Alejandro Ruiz Ossio, Micaela Mendoza, Mariana Bola\u00f1os, Miguel Mendoza Zapata, Sebasti\u00e1n Ballivi\u00e1n, Valentina L\u00f3pez Franco, Rafaela Bel\u00e9n L\u00f3pez Franco, Mateo Guti\u00e9rrez Silva, Nicol\u00e1s Duch\u00e9n Soliz, Giuliana Padr\u00f3n Postigo, Daniel Zalles Meneses y Mateo Ramos Rodas.<\/p>\n<p>Dise\u00f1o de iluminaci\u00f3n: Malala S\u00e1enz.<\/p>\n<p><strong>PREMIACI\u00d3N<\/strong><\/p>\n<p>Tras la funci\u00f3n del s\u00e1bado 7 de junio, se realizar\u00e1 la premiaci\u00f3n y reconocimiento a cada uno de los actores y actrices del elenco por su entrega y compromiso con <em>La Tempestad<\/em>, obra con la que obtuvieron el primer lugar en el Concurso Municipal de Teatro \u201cRa\u00fal Salm\u00f3n de la Barra\u201d.<\/p>\n<p><strong>SOBRE CLAUDIA OSSIO<\/strong><\/p>\n<p>Claudia Ossio es actriz, pedagoga teatral, performer e instructora de yoga.<\/p>\n<p>Fund\u00f3 la agrupaci\u00f3n de teatro experimental Desnudoteatro (1996\u20132006, Lima\/Per\u00fa) y es miembro del colectivo multidisciplinario G\u00e9lida Amantis (2002\u20132006). Particip\u00f3 tambi\u00e9n del laboratorio de movimiento Maguey Teatro (1998\u20132006) en Lima, Per\u00fa. Curs\u00f3 estudios en la Escuela de Clown (Pata Cultural), adem\u00e1s de danza contempor\u00e1nea (Frente de Danza Independiente, Quito \u2013 Ecuador y Pata de Cabra, Lima \u2013 Per\u00fa). Es pedagoga teatral y t\u00e9cnica superior en Ciencias de la Educaci\u00f3n (Universidad San Francisco de As\u00eds, La Paz \u2013 Bolivia) y posee un Diplomado en Yoga (Gathasta, Hatha y Raja Yoga, M\u00e9xico DF, 2019\u20132023). Ha realizado cursos de dramaturgia en la Universidad de Buenos Aires y talleres con Ar\u00edstides Vargas, M\u00f3nica Vel\u00e1zquez y Cecilia Propato.<\/p>\n<p>Es, adem\u00e1s, fundadora de la agrupaci\u00f3n Phajsi Teatro, con la que obtuvo el primer premio del Concurso Municipal \u201cRa\u00fal Salm\u00f3n de la Barra\u201d con Hiladas (2012) y Kafka y la mu\u00f1eca voladora (2022).<\/p>\n<p>Como actriz, ha sido dirigida por Cristian Mercado, Patricia Garc\u00eda, Mar\u00eda Teresa Dal Pero, Freddy Chipana, Kike Gorena, Antonio Peredo y Marcos Loayza, entre otros. Particip\u00f3 en la obra Wajtacha, dirigida por Luis Miguel Gonzales, con la cual realiz\u00f3 una gira por ocho ciudades de Espa\u00f1a (noviembre-diciembre 2023).<\/p>\n<p>Como pedagoga teatral, trabaja con ni\u00f1os, adolescentes, mujeres, adultos y poblaciones en situaci\u00f3n de vulnerabilidad. Actualmente es profesora de los proyectos Arte Escuela, Triskel y Despertares. Ha impartido talleres en Bolivia, Per\u00fa, Ecuador, Brasil, Panam\u00e1 y Argentina.<\/p>\n<p>Como actriz y performer ha participado en festivales nacionales e internacionales en Per\u00fa, Ecuador, Colombia, Argentina, M\u00e9xico, Panam\u00e1, Chile, Brasil y Espa\u00f1a.<\/p>\n\r\n                <style type=\"text\/css\">\r\n                    \r\n                    #tdi_1  .td-doubleSlider-2 .td-item1 {\r\n                        background: url(https:\/\/www.eldiario.net\/portal\/wp-content\/uploads\/2025\/06\/1-PRINCIPAL-80x60.webp) 0 0 no-repeat;\r\n                    }\r\n                    #tdi_1  .td-doubleSlider-2 .td-item2 {\r\n                        background: url(https:\/\/www.eldiario.net\/portal\/wp-content\/uploads\/2025\/06\/2-80x60.webp) 0 0 no-repeat;\r\n                    }\r\n                    #tdi_1  .td-doubleSlider-2 .td-item3 {\r\n                        background: url(https:\/\/www.eldiario.net\/portal\/wp-content\/uploads\/2025\/06\/3-80x60.webp) 0 0 no-repeat;\r\n                    }\r\n                    #tdi_1  .td-doubleSlider-2 .td-item4 {\r\n                        background: url(https:\/\/www.eldiario.net\/portal\/wp-content\/uploads\/2025\/06\/4-80x60.webp) 0 0 no-repeat;\r\n                    }\r\n                    #tdi_1  .td-doubleSlider-2 .td-item5 {\r\n                        background: url(https:\/\/www.eldiario.net\/portal\/wp-content\/uploads\/2025\/06\/5-80x60.webp) 0 0 no-repeat;\r\n                    }\r\n                    #tdi_1  .td-doubleSlider-2 .td-item6 {\r\n                        background: url(https:\/\/www.eldiario.net\/portal\/wp-content\/uploads\/2025\/06\/6-80x60.webp) 0 0 no-repeat;\r\n                    }\r\n                    #tdi_1  .td-doubleSlider-2 .td-item7 {\r\n                        background: url(https:\/\/www.eldiario.net\/portal\/wp-content\/uploads\/2025\/06\/7-80x60.webp) 0 0 no-repeat;\r\n                    }\r\n                <\/style>\r\n\r\n                <div id=\"tdi_1\" class=\"td-gallery td-slide-on-2-columns\">\r\n                    <div class=\"post_td_gallery\">\r\n                        <div class=\"td-gallery-slide-top\">\r\n                           <div class=\"td-gallery-title\"><\/div>\r\n\r\n                            <div class=\"td-gallery-controls-wrapper\">\r\n                                <div class=\"td-gallery-slide-count\"><span class=\"td-gallery-slide-item-focus\">1<\/span> de 7<\/div>\r\n                                <div class=\"td-gallery-slide-prev-next-but\">\r\n                                    <i class = \"td-icon-left doubleSliderPrevButton\"><\/i>\r\n                                    <i class = \"td-icon-right doubleSliderNextButton\"><\/i>\r\n                                <\/div>\r\n                            <\/div>\r\n                        <\/div>\r\n\r\n                        <div class = \"td-doubleSlider-1 \">\r\n                            <div class = \"td-slider\">\r\n                                \r\n                    <div class = \"td-slide-item td-item1\">\r\n                        <figure class=\"td-slide-galery-figure td-slide-popup-gallery\">\r\n                            <a class=\"slide-gallery-image-link\" href=\"https:\/\/www.eldiario.net\/portal\/wp-content\/uploads\/2025\/06\/1-PRINCIPAL.webp\" title=\"1-PRINCIPAL\"  data-caption=\"\"  data-description=\"\">\r\n                                <img decoding=\"async\" src=\"https:\/\/www.eldiario.net\/portal\/wp-content\/uploads\/2025\/06\/1-PRINCIPAL-630x420.webp\" srcset=\"https:\/\/www.eldiario.net\/portal\/wp-content\/uploads\/2025\/06\/1-PRINCIPAL-630x420.webp 630w, https:\/\/www.eldiario.net\/portal\/wp-content\/uploads\/2025\/06\/1-PRINCIPAL-300x200.webp 300w, https:\/\/www.eldiario.net\/portal\/wp-content\/uploads\/2025\/06\/1-PRINCIPAL-1024x682.webp 1024w, https:\/\/www.eldiario.net\/portal\/wp-content\/uploads\/2025\/06\/1-PRINCIPAL-768x512.webp 768w, https:\/\/www.eldiario.net\/portal\/wp-content\/uploads\/2025\/06\/1-PRINCIPAL-1536x1023.webp 1536w, https:\/\/www.eldiario.net\/portal\/wp-content\/uploads\/2025\/06\/1-PRINCIPAL-696x464.webp 696w, https:\/\/www.eldiario.net\/portal\/wp-content\/uploads\/2025\/06\/1-PRINCIPAL-1068x712.webp 1068w, https:\/\/www.eldiario.net\/portal\/wp-content\/uploads\/2025\/06\/1-PRINCIPAL.webp 1600w\" sizes=\"(max-width: 630px) 100vw, 630px\" alt=\"\">\r\n                            <\/a>\r\n                            \r\n                        <\/figure>\r\n                    <\/div>\r\n                    <div class = \"td-slide-item td-item2\">\r\n                        <figure class=\"td-slide-galery-figure td-slide-popup-gallery\">\r\n                            <a class=\"slide-gallery-image-link\" href=\"https:\/\/www.eldiario.net\/portal\/wp-content\/uploads\/2025\/06\/2.webp\" title=\"2\"  data-caption=\"\"  data-description=\"\">\r\n                                <img decoding=\"async\" src=\"https:\/\/www.eldiario.net\/portal\/wp-content\/uploads\/2025\/06\/2-630x420.webp\" srcset=\"https:\/\/www.eldiario.net\/portal\/wp-content\/uploads\/2025\/06\/2-630x420.webp 630w, https:\/\/www.eldiario.net\/portal\/wp-content\/uploads\/2025\/06\/2-300x200.webp 300w, https:\/\/www.eldiario.net\/portal\/wp-content\/uploads\/2025\/06\/2-1024x682.webp 1024w, https:\/\/www.eldiario.net\/portal\/wp-content\/uploads\/2025\/06\/2-768x512.webp 768w, https:\/\/www.eldiario.net\/portal\/wp-content\/uploads\/2025\/06\/2-1536x1023.webp 1536w, https:\/\/www.eldiario.net\/portal\/wp-content\/uploads\/2025\/06\/2-696x464.webp 696w, https:\/\/www.eldiario.net\/portal\/wp-content\/uploads\/2025\/06\/2-1068x712.webp 1068w, https:\/\/www.eldiario.net\/portal\/wp-content\/uploads\/2025\/06\/2.webp 1600w\" sizes=\"(max-width: 630px) 100vw, 630px\" alt=\"\">\r\n                            <\/a>\r\n                            \r\n                        <\/figure>\r\n                    <\/div>\r\n                    <div class = \"td-slide-item td-item3\">\r\n                        <figure class=\"td-slide-galery-figure td-slide-popup-gallery\">\r\n                            <a class=\"slide-gallery-image-link\" href=\"https:\/\/www.eldiario.net\/portal\/wp-content\/uploads\/2025\/06\/3.webp\" title=\"3\"  data-caption=\"\"  data-description=\"\">\r\n                                <img decoding=\"async\" src=\"https:\/\/www.eldiario.net\/portal\/wp-content\/uploads\/2025\/06\/3-280x420.webp\" srcset=\"https:\/\/www.eldiario.net\/portal\/wp-content\/uploads\/2025\/06\/3-280x420.webp 280w, https:\/\/www.eldiario.net\/portal\/wp-content\/uploads\/2025\/06\/3-200x300.webp 200w, https:\/\/www.eldiario.net\/portal\/wp-content\/uploads\/2025\/06\/3-682x1024.webp 682w, https:\/\/www.eldiario.net\/portal\/wp-content\/uploads\/2025\/06\/3-768x1153.webp 768w, https:\/\/www.eldiario.net\/portal\/wp-content\/uploads\/2025\/06\/3-1023x1536.webp 1023w, https:\/\/www.eldiario.net\/portal\/wp-content\/uploads\/2025\/06\/3-696x1045.webp 696w, https:\/\/www.eldiario.net\/portal\/wp-content\/uploads\/2025\/06\/3.webp 1066w\" sizes=\"(max-width: 280px) 100vw, 280px\" alt=\"\">\r\n                            <\/a>\r\n                            \r\n                        <\/figure>\r\n                    <\/div>\r\n                    <div class = \"td-slide-item td-item4\">\r\n                        <figure class=\"td-slide-galery-figure td-slide-popup-gallery\">\r\n                            <a class=\"slide-gallery-image-link\" href=\"https:\/\/www.eldiario.net\/portal\/wp-content\/uploads\/2025\/06\/4.webp\" title=\"4\"  data-caption=\"\"  data-description=\"\">\r\n                                <img decoding=\"async\" src=\"https:\/\/www.eldiario.net\/portal\/wp-content\/uploads\/2025\/06\/4-630x420.webp\" srcset=\"https:\/\/www.eldiario.net\/portal\/wp-content\/uploads\/2025\/06\/4-630x420.webp 630w, https:\/\/www.eldiario.net\/portal\/wp-content\/uploads\/2025\/06\/4-300x200.webp 300w, https:\/\/www.eldiario.net\/portal\/wp-content\/uploads\/2025\/06\/4-1024x682.webp 1024w, https:\/\/www.eldiario.net\/portal\/wp-content\/uploads\/2025\/06\/4-768x512.webp 768w, https:\/\/www.eldiario.net\/portal\/wp-content\/uploads\/2025\/06\/4-1536x1023.webp 1536w, https:\/\/www.eldiario.net\/portal\/wp-content\/uploads\/2025\/06\/4-696x464.webp 696w, https:\/\/www.eldiario.net\/portal\/wp-content\/uploads\/2025\/06\/4-1068x712.webp 1068w, https:\/\/www.eldiario.net\/portal\/wp-content\/uploads\/2025\/06\/4.webp 1600w\" sizes=\"(max-width: 630px) 100vw, 630px\" alt=\"\">\r\n                            <\/a>\r\n                            \r\n                        <\/figure>\r\n                    <\/div>\r\n                    <div class = \"td-slide-item td-item5\">\r\n                        <figure class=\"td-slide-galery-figure td-slide-popup-gallery\">\r\n                            <a class=\"slide-gallery-image-link\" href=\"https:\/\/www.eldiario.net\/portal\/wp-content\/uploads\/2025\/06\/5.webp\" title=\"5\"  data-caption=\"\"  data-description=\"\">\r\n                                <img decoding=\"async\" src=\"https:\/\/www.eldiario.net\/portal\/wp-content\/uploads\/2025\/06\/5-280x420.webp\" srcset=\"https:\/\/www.eldiario.net\/portal\/wp-content\/uploads\/2025\/06\/5-280x420.webp 280w, https:\/\/www.eldiario.net\/portal\/wp-content\/uploads\/2025\/06\/5-200x300.webp 200w, https:\/\/www.eldiario.net\/portal\/wp-content\/uploads\/2025\/06\/5-682x1024.webp 682w, https:\/\/www.eldiario.net\/portal\/wp-content\/uploads\/2025\/06\/5-768x1153.webp 768w, https:\/\/www.eldiario.net\/portal\/wp-content\/uploads\/2025\/06\/5-1023x1536.webp 1023w, https:\/\/www.eldiario.net\/portal\/wp-content\/uploads\/2025\/06\/5-696x1045.webp 696w, https:\/\/www.eldiario.net\/portal\/wp-content\/uploads\/2025\/06\/5.webp 1066w\" sizes=\"(max-width: 280px) 100vw, 280px\" alt=\"\">\r\n                            <\/a>\r\n                            \r\n                        <\/figure>\r\n                    <\/div>\r\n                    <div class = \"td-slide-item td-item6\">\r\n                        <figure class=\"td-slide-galery-figure td-slide-popup-gallery\">\r\n                            <a class=\"slide-gallery-image-link\" href=\"https:\/\/www.eldiario.net\/portal\/wp-content\/uploads\/2025\/06\/6.webp\" title=\"6\"  data-caption=\"\"  data-description=\"\">\r\n                                <img decoding=\"async\" src=\"https:\/\/www.eldiario.net\/portal\/wp-content\/uploads\/2025\/06\/6-280x420.webp\" srcset=\"https:\/\/www.eldiario.net\/portal\/wp-content\/uploads\/2025\/06\/6-280x420.webp 280w, https:\/\/www.eldiario.net\/portal\/wp-content\/uploads\/2025\/06\/6-200x300.webp 200w, https:\/\/www.eldiario.net\/portal\/wp-content\/uploads\/2025\/06\/6-682x1024.webp 682w, https:\/\/www.eldiario.net\/portal\/wp-content\/uploads\/2025\/06\/6-768x1153.webp 768w, https:\/\/www.eldiario.net\/portal\/wp-content\/uploads\/2025\/06\/6-1023x1536.webp 1023w, https:\/\/www.eldiario.net\/portal\/wp-content\/uploads\/2025\/06\/6-696x1045.webp 696w, https:\/\/www.eldiario.net\/portal\/wp-content\/uploads\/2025\/06\/6.webp 1066w\" sizes=\"(max-width: 280px) 100vw, 280px\" alt=\"\">\r\n                            <\/a>\r\n                            \r\n                        <\/figure>\r\n                    <\/div>\r\n                    <div class = \"td-slide-item td-item7\">\r\n                        <figure class=\"td-slide-galery-figure td-slide-popup-gallery\">\r\n                            <a class=\"slide-gallery-image-link\" href=\"https:\/\/www.eldiario.net\/portal\/wp-content\/uploads\/2025\/06\/7.webp\" title=\"7\"  data-caption=\"\"  data-description=\"\">\r\n                                <img decoding=\"async\" src=\"https:\/\/www.eldiario.net\/portal\/wp-content\/uploads\/2025\/06\/7-280x420.webp\" srcset=\"https:\/\/www.eldiario.net\/portal\/wp-content\/uploads\/2025\/06\/7-280x420.webp 280w, https:\/\/www.eldiario.net\/portal\/wp-content\/uploads\/2025\/06\/7-200x300.webp 200w, https:\/\/www.eldiario.net\/portal\/wp-content\/uploads\/2025\/06\/7-682x1024.webp 682w, https:\/\/www.eldiario.net\/portal\/wp-content\/uploads\/2025\/06\/7-768x1153.webp 768w, https:\/\/www.eldiario.net\/portal\/wp-content\/uploads\/2025\/06\/7-1023x1536.webp 1023w, https:\/\/www.eldiario.net\/portal\/wp-content\/uploads\/2025\/06\/7-696x1045.webp 696w, https:\/\/www.eldiario.net\/portal\/wp-content\/uploads\/2025\/06\/7.webp 1066w\" sizes=\"(max-width: 280px) 100vw, 280px\" alt=\"\">\r\n                            <\/a>\r\n                            \r\n                        <\/figure>\r\n                    <\/div>\r\n                            <\/div>\r\n                        <\/div>\r\n\r\n                        <div class = \"td-doubleSlider-2\">\r\n                            <div class = \"td-slider\">\r\n                                \r\n                    <div class = \"td-button td-item1\">\r\n                        <div class = \"td-border\"><\/div>\r\n                    <\/div>\r\n                    <div class = \"td-button td-item2\">\r\n                        <div class = \"td-border\"><\/div>\r\n                    <\/div>\r\n                    <div class = \"td-button td-item3\">\r\n                        <div class = \"td-border\"><\/div>\r\n                    <\/div>\r\n                    <div class = \"td-button td-item4\">\r\n                        <div class = \"td-border\"><\/div>\r\n                    <\/div>\r\n                    <div class = \"td-button td-item5\">\r\n                        <div class = \"td-border\"><\/div>\r\n                    <\/div>\r\n                    <div class = \"td-button td-item6\">\r\n                        <div class = \"td-border\"><\/div>\r\n                    <\/div>\r\n                    <div class = \"td-button td-item7\">\r\n                        <div class = \"td-border\"><\/div>\r\n                    <\/div>\r\n                            <\/div>\r\n                        <\/div>\r\n\r\n                    <\/div>\r\n\r\n                <\/div>\r\n                \n","protected":false},"excerpt":{"rendered":"<p>La Tempestad, dirigida por Claudia Ossio, es la obra ganadora del Concurso Municipal \u201cRa\u00fal Salm\u00f3n de la Barra\u201d 2024 y ser\u00e1 presentada este viernes 6 y s\u00e1bado 7 de junio, a las 19:30 horas, en el Teatro Municipal de C\u00e1mara \u201cNorma Merlo\u201d, ubicado en la calle Genaro Sanjin\u00e9s, entre Indaburo e Ingavi. Interpretada por un [&hellip;]<\/p>\n","protected":false},"author":1,"featured_media":307596,"comment_status":"closed","ping_status":"open","sticky":false,"template":"","format":"standard","meta":{"_acf_changed":false,"footnotes":""},"categories":[41],"tags":[],"class_list":["post-307575","post","type-post","status-publish","format-standard","has-post-thumbnail","category-la-guia"],"acf":{"antetitulo":""},"yoast_head":"<!-- This site is optimized with the Yoast SEO plugin v28.4 - https:\/\/yoast.com\/product\/yoast-seo-wordpress\/ -->\n<title>Triskel escenifica La Tempestad con la direcci\u00f3n de Claudia Ossio - El Diario - Bolivia<\/title>\n<meta name=\"robots\" content=\"index, follow, max-snippet:-1, max-image-preview:large, max-video-preview:-1\" \/>\n<link rel=\"canonical\" href=\"https:\/\/www.eldiario.net\/portal\/2025\/06\/06\/triskel-escenifica-la-tempestad-con-la-direccion-de-claudia-ossio\/\" \/>\n<meta property=\"og:locale\" content=\"es_ES\" \/>\n<meta property=\"og:type\" content=\"article\" \/>\n<meta property=\"og:title\" content=\"Triskel escenifica La Tempestad con la direcci\u00f3n de Claudia Ossio - El Diario - Bolivia\" \/>\n<meta property=\"og:description\" content=\"La Tempestad, dirigida por Claudia Ossio, es la obra ganadora del Concurso Municipal \u201cRa\u00fal Salm\u00f3n de la Barra\u201d 2024 y ser\u00e1 presentada este viernes 6 y s\u00e1bado 7 de junio, a las 19:30 horas, en el Teatro Municipal de C\u00e1mara \u201cNorma Merlo\u201d, ubicado en la calle Genaro Sanjin\u00e9s, entre Indaburo e Ingavi. Interpretada por un [&hellip;]\" \/>\n<meta property=\"og:url\" content=\"https:\/\/www.eldiario.net\/portal\/2025\/06\/06\/triskel-escenifica-la-tempestad-con-la-direccion-de-claudia-ossio\/\" \/>\n<meta property=\"og:site_name\" content=\"El Diario - Bolivia\" \/>\n<meta property=\"article:publisher\" content=\"https:\/\/www.facebook.com\/eldiario.bolivia\/\" \/>\n<meta property=\"article:published_time\" content=\"2025-06-06T04:29:53+00:00\" \/>\n<meta property=\"og:image\" content=\"https:\/\/www.eldiario.net\/portal\/wp-content\/uploads\/2025\/06\/1-PRINCIPAL.webp\" \/>\n\t<meta property=\"og:image:width\" content=\"1600\" \/>\n\t<meta property=\"og:image:height\" content=\"1066\" \/>\n\t<meta property=\"og:image:type\" content=\"image\/webp\" \/>\n<meta name=\"author\" content=\"Jeanette\" \/>\n<meta name=\"twitter:card\" content=\"summary_large_image\" \/>\n<meta name=\"twitter:creator\" content=\"@eldiario_net\" \/>\n<meta name=\"twitter:site\" content=\"@eldiario_net\" \/>\n<meta name=\"twitter:label1\" content=\"Escrito por\" \/>\n\t<meta name=\"twitter:data1\" content=\"Jeanette\" \/>\n\t<meta name=\"twitter:label2\" content=\"Tiempo de lectura\" \/>\n\t<meta name=\"twitter:data2\" content=\"5 minutos\" \/>\n<script type=\"application\/ld+json\" class=\"yoast-schema-graph\">{\"@context\":\"https:\\\/\\\/schema.org\",\"@graph\":[{\"@type\":\"Article\",\"@id\":\"https:\\\/\\\/www.eldiario.net\\\/portal\\\/2025\\\/06\\\/06\\\/triskel-escenifica-la-tempestad-con-la-direccion-de-claudia-ossio\\\/#article\",\"isPartOf\":{\"@id\":\"https:\\\/\\\/www.eldiario.net\\\/portal\\\/2025\\\/06\\\/06\\\/triskel-escenifica-la-tempestad-con-la-direccion-de-claudia-ossio\\\/\"},\"author\":{\"name\":\"Jeanette\",\"@id\":\"https:\\\/\\\/www.eldiario.net\\\/portal\\\/#\\\/schema\\\/person\\\/f46445640444750d7d753ccd04ae01b7\"},\"headline\":\"Triskel escenifica La Tempestad con la direcci\u00f3n de Claudia Ossio\",\"datePublished\":\"2025-06-06T04:29:53+00:00\",\"mainEntityOfPage\":{\"@id\":\"https:\\\/\\\/www.eldiario.net\\\/portal\\\/2025\\\/06\\\/06\\\/triskel-escenifica-la-tempestad-con-la-direccion-de-claudia-ossio\\\/\"},\"wordCount\":964,\"publisher\":{\"@id\":\"https:\\\/\\\/www.eldiario.net\\\/portal\\\/#organization\"},\"image\":{\"@id\":\"https:\\\/\\\/www.eldiario.net\\\/portal\\\/2025\\\/06\\\/06\\\/triskel-escenifica-la-tempestad-con-la-direccion-de-claudia-ossio\\\/#primaryimage\"},\"thumbnailUrl\":\"https:\\\/\\\/www.eldiario.net\\\/portal\\\/wp-content\\\/uploads\\\/2025\\\/06\\\/1-PRINCIPAL.webp\",\"articleSection\":[\"La Gu\u00eda\"],\"inLanguage\":\"es\"},{\"@type\":\"WebPage\",\"@id\":\"https:\\\/\\\/www.eldiario.net\\\/portal\\\/2025\\\/06\\\/06\\\/triskel-escenifica-la-tempestad-con-la-direccion-de-claudia-ossio\\\/\",\"url\":\"https:\\\/\\\/www.eldiario.net\\\/portal\\\/2025\\\/06\\\/06\\\/triskel-escenifica-la-tempestad-con-la-direccion-de-claudia-ossio\\\/\",\"name\":\"Triskel escenifica La Tempestad con la direcci\u00f3n de Claudia Ossio - El Diario - Bolivia\",\"isPartOf\":{\"@id\":\"https:\\\/\\\/www.eldiario.net\\\/portal\\\/#website\"},\"primaryImageOfPage\":{\"@id\":\"https:\\\/\\\/www.eldiario.net\\\/portal\\\/2025\\\/06\\\/06\\\/triskel-escenifica-la-tempestad-con-la-direccion-de-claudia-ossio\\\/#primaryimage\"},\"image\":{\"@id\":\"https:\\\/\\\/www.eldiario.net\\\/portal\\\/2025\\\/06\\\/06\\\/triskel-escenifica-la-tempestad-con-la-direccion-de-claudia-ossio\\\/#primaryimage\"},\"thumbnailUrl\":\"https:\\\/\\\/www.eldiario.net\\\/portal\\\/wp-content\\\/uploads\\\/2025\\\/06\\\/1-PRINCIPAL.webp\",\"datePublished\":\"2025-06-06T04:29:53+00:00\",\"breadcrumb\":{\"@id\":\"https:\\\/\\\/www.eldiario.net\\\/portal\\\/2025\\\/06\\\/06\\\/triskel-escenifica-la-tempestad-con-la-direccion-de-claudia-ossio\\\/#breadcrumb\"},\"inLanguage\":\"es\",\"potentialAction\":[{\"@type\":\"ReadAction\",\"target\":[\"https:\\\/\\\/www.eldiario.net\\\/portal\\\/2025\\\/06\\\/06\\\/triskel-escenifica-la-tempestad-con-la-direccion-de-claudia-ossio\\\/\"]}]},{\"@type\":\"ImageObject\",\"inLanguage\":\"es\",\"@id\":\"https:\\\/\\\/www.eldiario.net\\\/portal\\\/2025\\\/06\\\/06\\\/triskel-escenifica-la-tempestad-con-la-direccion-de-claudia-ossio\\\/#primaryimage\",\"url\":\"https:\\\/\\\/www.eldiario.net\\\/portal\\\/wp-content\\\/uploads\\\/2025\\\/06\\\/1-PRINCIPAL.webp\",\"contentUrl\":\"https:\\\/\\\/www.eldiario.net\\\/portal\\\/wp-content\\\/uploads\\\/2025\\\/06\\\/1-PRINCIPAL.webp\",\"width\":1600,\"height\":1066},{\"@type\":\"BreadcrumbList\",\"@id\":\"https:\\\/\\\/www.eldiario.net\\\/portal\\\/2025\\\/06\\\/06\\\/triskel-escenifica-la-tempestad-con-la-direccion-de-claudia-ossio\\\/#breadcrumb\",\"itemListElement\":[{\"@type\":\"ListItem\",\"position\":1,\"name\":\"Portada\",\"item\":\"https:\\\/\\\/www.eldiario.net\\\/portal\\\/\"},{\"@type\":\"ListItem\",\"position\":2,\"name\":\"Triskel escenifica La Tempestad con la direcci\u00f3n de Claudia Ossio\"}]},{\"@type\":\"WebSite\",\"@id\":\"https:\\\/\\\/www.eldiario.net\\\/portal\\\/#website\",\"url\":\"https:\\\/\\\/www.eldiario.net\\\/portal\\\/\",\"name\":\"El Diario - Decano de la prensa nacional\",\"description\":\"El Diario - Decano de la prensa nacional\",\"publisher\":{\"@id\":\"https:\\\/\\\/www.eldiario.net\\\/portal\\\/#organization\"},\"potentialAction\":[{\"@type\":\"SearchAction\",\"target\":{\"@type\":\"EntryPoint\",\"urlTemplate\":\"https:\\\/\\\/www.eldiario.net\\\/portal\\\/?s={search_term_string}\"},\"query-input\":{\"@type\":\"PropertyValueSpecification\",\"valueRequired\":true,\"valueName\":\"search_term_string\"}}],\"inLanguage\":\"es\"},{\"@type\":\"Organization\",\"@id\":\"https:\\\/\\\/www.eldiario.net\\\/portal\\\/#organization\",\"name\":\"El Diario - Decano de la prensa nacional\",\"url\":\"https:\\\/\\\/www.eldiario.net\\\/portal\\\/\",\"logo\":{\"@type\":\"ImageObject\",\"inLanguage\":\"es\",\"@id\":\"https:\\\/\\\/www.eldiario.net\\\/portal\\\/#\\\/schema\\\/logo\\\/image\\\/\",\"url\":\"https:\\\/\\\/www.eldiario.net\\\/portal\\\/wp-content\\\/uploads\\\/2023\\\/07\\\/logo_ED.jpg\",\"contentUrl\":\"https:\\\/\\\/www.eldiario.net\\\/portal\\\/wp-content\\\/uploads\\\/2023\\\/07\\\/logo_ED.jpg\",\"width\":272,\"height\":52,\"caption\":\"El Diario - Decano de la prensa nacional\"},\"image\":{\"@id\":\"https:\\\/\\\/www.eldiario.net\\\/portal\\\/#\\\/schema\\\/logo\\\/image\\\/\"},\"sameAs\":[\"https:\\\/\\\/www.facebook.com\\\/eldiario.bolivia\\\/\",\"https:\\\/\\\/x.com\\\/eldiario_net\"]},{\"@type\":\"Person\",\"@id\":\"https:\\\/\\\/www.eldiario.net\\\/portal\\\/#\\\/schema\\\/person\\\/f46445640444750d7d753ccd04ae01b7\",\"name\":\"Jeanette\",\"image\":{\"@type\":\"ImageObject\",\"inLanguage\":\"es\",\"@id\":\"https:\\\/\\\/secure.gravatar.com\\\/avatar\\\/3ea2118a5f7dad2b7138b1187a6b7ee55f160b9968b66013c3a3ef39dd7e5798?s=96&d=mm&r=g\",\"url\":\"https:\\\/\\\/secure.gravatar.com\\\/avatar\\\/3ea2118a5f7dad2b7138b1187a6b7ee55f160b9968b66013c3a3ef39dd7e5798?s=96&d=mm&r=g\",\"contentUrl\":\"https:\\\/\\\/secure.gravatar.com\\\/avatar\\\/3ea2118a5f7dad2b7138b1187a6b7ee55f160b9968b66013c3a3ef39dd7e5798?s=96&d=mm&r=g\",\"caption\":\"Jeanette\"},\"sameAs\":[\"https:\\\/\\\/www.eldiario.net\\\/portal\"],\"url\":\"https:\\\/\\\/www.eldiario.net\\\/portal\\\/author\\\/jeanette\\\/\"}]}<\/script>\n<!-- \/ Yoast SEO plugin. -->","yoast_head_json":{"title":"Triskel escenifica La Tempestad con la direcci\u00f3n de Claudia Ossio - El Diario - Bolivia","robots":{"index":"index","follow":"follow","max-snippet":"max-snippet:-1","max-image-preview":"max-image-preview:large","max-video-preview":"max-video-preview:-1"},"canonical":"https:\/\/www.eldiario.net\/portal\/2025\/06\/06\/triskel-escenifica-la-tempestad-con-la-direccion-de-claudia-ossio\/","og_locale":"es_ES","og_type":"article","og_title":"Triskel escenifica La Tempestad con la direcci\u00f3n de Claudia Ossio - El Diario - Bolivia","og_description":"La Tempestad, dirigida por Claudia Ossio, es la obra ganadora del Concurso Municipal \u201cRa\u00fal Salm\u00f3n de la Barra\u201d 2024 y ser\u00e1 presentada este viernes 6 y s\u00e1bado 7 de junio, a las 19:30 horas, en el Teatro Municipal de C\u00e1mara \u201cNorma Merlo\u201d, ubicado en la calle Genaro Sanjin\u00e9s, entre Indaburo e Ingavi. Interpretada por un [&hellip;]","og_url":"https:\/\/www.eldiario.net\/portal\/2025\/06\/06\/triskel-escenifica-la-tempestad-con-la-direccion-de-claudia-ossio\/","og_site_name":"El Diario - Bolivia","article_publisher":"https:\/\/www.facebook.com\/eldiario.bolivia\/","article_published_time":"2025-06-06T04:29:53+00:00","og_image":[{"width":1600,"height":1066,"url":"https:\/\/www.eldiario.net\/portal\/wp-content\/uploads\/2025\/06\/1-PRINCIPAL.webp","type":"image\/webp"}],"author":"Jeanette","twitter_card":"summary_large_image","twitter_creator":"@eldiario_net","twitter_site":"@eldiario_net","twitter_misc":{"Escrito por":"Jeanette","Tiempo de lectura":"5 minutos"},"schema":{"@context":"https:\/\/schema.org","@graph":[{"@type":"Article","@id":"https:\/\/www.eldiario.net\/portal\/2025\/06\/06\/triskel-escenifica-la-tempestad-con-la-direccion-de-claudia-ossio\/#article","isPartOf":{"@id":"https:\/\/www.eldiario.net\/portal\/2025\/06\/06\/triskel-escenifica-la-tempestad-con-la-direccion-de-claudia-ossio\/"},"author":{"name":"Jeanette","@id":"https:\/\/www.eldiario.net\/portal\/#\/schema\/person\/f46445640444750d7d753ccd04ae01b7"},"headline":"Triskel escenifica La Tempestad con la direcci\u00f3n de Claudia Ossio","datePublished":"2025-06-06T04:29:53+00:00","mainEntityOfPage":{"@id":"https:\/\/www.eldiario.net\/portal\/2025\/06\/06\/triskel-escenifica-la-tempestad-con-la-direccion-de-claudia-ossio\/"},"wordCount":964,"publisher":{"@id":"https:\/\/www.eldiario.net\/portal\/#organization"},"image":{"@id":"https:\/\/www.eldiario.net\/portal\/2025\/06\/06\/triskel-escenifica-la-tempestad-con-la-direccion-de-claudia-ossio\/#primaryimage"},"thumbnailUrl":"https:\/\/www.eldiario.net\/portal\/wp-content\/uploads\/2025\/06\/1-PRINCIPAL.webp","articleSection":["La Gu\u00eda"],"inLanguage":"es"},{"@type":"WebPage","@id":"https:\/\/www.eldiario.net\/portal\/2025\/06\/06\/triskel-escenifica-la-tempestad-con-la-direccion-de-claudia-ossio\/","url":"https:\/\/www.eldiario.net\/portal\/2025\/06\/06\/triskel-escenifica-la-tempestad-con-la-direccion-de-claudia-ossio\/","name":"Triskel escenifica La Tempestad con la direcci\u00f3n de Claudia Ossio - El Diario - Bolivia","isPartOf":{"@id":"https:\/\/www.eldiario.net\/portal\/#website"},"primaryImageOfPage":{"@id":"https:\/\/www.eldiario.net\/portal\/2025\/06\/06\/triskel-escenifica-la-tempestad-con-la-direccion-de-claudia-ossio\/#primaryimage"},"image":{"@id":"https:\/\/www.eldiario.net\/portal\/2025\/06\/06\/triskel-escenifica-la-tempestad-con-la-direccion-de-claudia-ossio\/#primaryimage"},"thumbnailUrl":"https:\/\/www.eldiario.net\/portal\/wp-content\/uploads\/2025\/06\/1-PRINCIPAL.webp","datePublished":"2025-06-06T04:29:53+00:00","breadcrumb":{"@id":"https:\/\/www.eldiario.net\/portal\/2025\/06\/06\/triskel-escenifica-la-tempestad-con-la-direccion-de-claudia-ossio\/#breadcrumb"},"inLanguage":"es","potentialAction":[{"@type":"ReadAction","target":["https:\/\/www.eldiario.net\/portal\/2025\/06\/06\/triskel-escenifica-la-tempestad-con-la-direccion-de-claudia-ossio\/"]}]},{"@type":"ImageObject","inLanguage":"es","@id":"https:\/\/www.eldiario.net\/portal\/2025\/06\/06\/triskel-escenifica-la-tempestad-con-la-direccion-de-claudia-ossio\/#primaryimage","url":"https:\/\/www.eldiario.net\/portal\/wp-content\/uploads\/2025\/06\/1-PRINCIPAL.webp","contentUrl":"https:\/\/www.eldiario.net\/portal\/wp-content\/uploads\/2025\/06\/1-PRINCIPAL.webp","width":1600,"height":1066},{"@type":"BreadcrumbList","@id":"https:\/\/www.eldiario.net\/portal\/2025\/06\/06\/triskel-escenifica-la-tempestad-con-la-direccion-de-claudia-ossio\/#breadcrumb","itemListElement":[{"@type":"ListItem","position":1,"name":"Portada","item":"https:\/\/www.eldiario.net\/portal\/"},{"@type":"ListItem","position":2,"name":"Triskel escenifica La Tempestad con la direcci\u00f3n de Claudia Ossio"}]},{"@type":"WebSite","@id":"https:\/\/www.eldiario.net\/portal\/#website","url":"https:\/\/www.eldiario.net\/portal\/","name":"El Diario - Decano de la prensa nacional","description":"El Diario - Decano de la prensa nacional","publisher":{"@id":"https:\/\/www.eldiario.net\/portal\/#organization"},"potentialAction":[{"@type":"SearchAction","target":{"@type":"EntryPoint","urlTemplate":"https:\/\/www.eldiario.net\/portal\/?s={search_term_string}"},"query-input":{"@type":"PropertyValueSpecification","valueRequired":true,"valueName":"search_term_string"}}],"inLanguage":"es"},{"@type":"Organization","@id":"https:\/\/www.eldiario.net\/portal\/#organization","name":"El Diario - Decano de la prensa nacional","url":"https:\/\/www.eldiario.net\/portal\/","logo":{"@type":"ImageObject","inLanguage":"es","@id":"https:\/\/www.eldiario.net\/portal\/#\/schema\/logo\/image\/","url":"https:\/\/www.eldiario.net\/portal\/wp-content\/uploads\/2023\/07\/logo_ED.jpg","contentUrl":"https:\/\/www.eldiario.net\/portal\/wp-content\/uploads\/2023\/07\/logo_ED.jpg","width":272,"height":52,"caption":"El Diario - Decano de la prensa nacional"},"image":{"@id":"https:\/\/www.eldiario.net\/portal\/#\/schema\/logo\/image\/"},"sameAs":["https:\/\/www.facebook.com\/eldiario.bolivia\/","https:\/\/x.com\/eldiario_net"]},{"@type":"Person","@id":"https:\/\/www.eldiario.net\/portal\/#\/schema\/person\/f46445640444750d7d753ccd04ae01b7","name":"Jeanette","image":{"@type":"ImageObject","inLanguage":"es","@id":"https:\/\/secure.gravatar.com\/avatar\/3ea2118a5f7dad2b7138b1187a6b7ee55f160b9968b66013c3a3ef39dd7e5798?s=96&d=mm&r=g","url":"https:\/\/secure.gravatar.com\/avatar\/3ea2118a5f7dad2b7138b1187a6b7ee55f160b9968b66013c3a3ef39dd7e5798?s=96&d=mm&r=g","contentUrl":"https:\/\/secure.gravatar.com\/avatar\/3ea2118a5f7dad2b7138b1187a6b7ee55f160b9968b66013c3a3ef39dd7e5798?s=96&d=mm&r=g","caption":"Jeanette"},"sameAs":["https:\/\/www.eldiario.net\/portal"],"url":"https:\/\/www.eldiario.net\/portal\/author\/jeanette\/"}]}},"_links":{"self":[{"href":"https:\/\/www.eldiario.net\/portal\/wp-json\/wp\/v2\/posts\/307575","targetHints":{"allow":["GET"]}}],"collection":[{"href":"https:\/\/www.eldiario.net\/portal\/wp-json\/wp\/v2\/posts"}],"about":[{"href":"https:\/\/www.eldiario.net\/portal\/wp-json\/wp\/v2\/types\/post"}],"author":[{"embeddable":true,"href":"https:\/\/www.eldiario.net\/portal\/wp-json\/wp\/v2\/users\/1"}],"replies":[{"embeddable":true,"href":"https:\/\/www.eldiario.net\/portal\/wp-json\/wp\/v2\/comments?post=307575"}],"version-history":[{"count":4,"href":"https:\/\/www.eldiario.net\/portal\/wp-json\/wp\/v2\/posts\/307575\/revisions"}],"predecessor-version":[{"id":307603,"href":"https:\/\/www.eldiario.net\/portal\/wp-json\/wp\/v2\/posts\/307575\/revisions\/307603"}],"wp:featuredmedia":[{"embeddable":true,"href":"https:\/\/www.eldiario.net\/portal\/wp-json\/wp\/v2\/media\/307596"}],"wp:attachment":[{"href":"https:\/\/www.eldiario.net\/portal\/wp-json\/wp\/v2\/media?parent=307575"}],"wp:term":[{"taxonomy":"category","embeddable":true,"href":"https:\/\/www.eldiario.net\/portal\/wp-json\/wp\/v2\/categories?post=307575"},{"taxonomy":"post_tag","embeddable":true,"href":"https:\/\/www.eldiario.net\/portal\/wp-json\/wp\/v2\/tags?post=307575"}],"curies":[{"name":"wp","href":"https:\/\/api.w.org\/{rel}","templated":true}]}}