{"id":307566,"date":"2025-06-05T18:24:15","date_gmt":"2025-06-05T22:24:15","guid":{"rendered":"https:\/\/www.eldiario.net\/portal\/?p=307566"},"modified":"2025-06-05T18:24:15","modified_gmt":"2025-06-05T22:24:15","slug":"musk-acusa-a-trump-de-encubrir-vinculos-con-epstein-y-lanza-varias-amenazas-1825","status":"publish","type":"post","link":"https:\/\/www.eldiario.net\/portal\/2025\/06\/05\/musk-acusa-a-trump-de-encubrir-vinculos-con-epstein-y-lanza-varias-amenazas-1825\/","title":{"rendered":"Musk acusa a Trump de encubrir v\u00ednculos con Epstein y lanza varias amenazas. (18:25)"},"content":{"rendered":"<p>La tensi\u00f3n entre Elon Musk y Donald Trump escal\u00f3 esta semana tras una serie de publicaciones explosivas en la plataforma X.<\/p>\n<p>Musk acus\u00f3 al presidente de aparecer en los archivos del caso Epstein, insinuando que esa ser\u00eda la raz\u00f3n por la cual no se hacen p\u00fablicos. Adem\u00e1s, cuestion\u00f3 su liderazgo, apoy\u00f3 su destituci\u00f3n y advirti\u00f3 que los aranceles propuestos por Trump podr\u00edan provocar una recesi\u00f3n este a\u00f1o.<\/p>\n<p>En respuesta, Trump amenaz\u00f3 con cancelar todos los subsidios y contratos gubernamentales vinculados a Musk, lo que gener\u00f3 una reacci\u00f3n inmediata del empresario: anunci\u00f3 que SpaceX comenzar\u00e1 a desmantelar su nave espacial Dragon.<\/p>\n<p>La confrontaci\u00f3n p\u00fablica tuvo un impacto financiero inmediato, ya que las acciones de Tesla se desplomaron m\u00e1s del 15 % en un solo d\u00eda, con una p\u00e9rdida superior a 100 mil millones de d\u00f3lares en capitalizaci\u00f3n de mercado.<\/p>\n","protected":false},"excerpt":{"rendered":"<p>La tensi\u00f3n entre Elon Musk y Donald Trump escal\u00f3 esta semana tras una serie de publicaciones explosivas en la plataforma X. Musk acus\u00f3 al presidente de aparecer en los archivos del caso Epstein, insinuando que esa ser\u00eda la raz\u00f3n por la cual no se hacen p\u00fablicos. Adem\u00e1s, cuestion\u00f3 su liderazgo, apoy\u00f3 su destituci\u00f3n y advirti\u00f3 [&hellip;]<\/p>\n","protected":false},"author":7,"featured_media":307567,"comment_status":"closed","ping_status":"open","sticky":false,"template":"","format":"standard","meta":{"_acf_changed":false,"footnotes":""},"categories":[51],"tags":[],"class_list":["post-307566","post","type-post","status-publish","format-standard","has-post-thumbnail","category-ultima-hora"],"acf":{"antetitulo":""},"yoast_head":"<!-- This site is optimized with the Yoast SEO plugin v28.4 - https:\/\/yoast.com\/product\/yoast-seo-wordpress\/ -->\n<title>Musk acusa a Trump de encubrir v\u00ednculos con Epstein y lanza varias amenazas. (18:25) - El Diario - Bolivia<\/title>\n<meta name=\"robots\" content=\"index, follow, max-snippet:-1, max-image-preview:large, max-video-preview:-1\" \/>\n<link rel=\"canonical\" href=\"https:\/\/www.eldiario.net\/portal\/2025\/06\/05\/musk-acusa-a-trump-de-encubrir-vinculos-con-epstein-y-lanza-varias-amenazas-1825\/\" \/>\n<meta property=\"og:locale\" content=\"es_ES\" \/>\n<meta property=\"og:type\" content=\"article\" \/>\n<meta property=\"og:title\" content=\"Musk acusa a Trump de encubrir v\u00ednculos con Epstein y lanza varias amenazas. (18:25) - El Diario - Bolivia\" \/>\n<meta property=\"og:description\" content=\"La tensi\u00f3n entre Elon Musk y Donald Trump escal\u00f3 esta semana tras una serie de publicaciones explosivas en la plataforma X. Musk acus\u00f3 al presidente de aparecer en los archivos del caso Epstein, insinuando que esa ser\u00eda la raz\u00f3n por la cual no se hacen p\u00fablicos. Adem\u00e1s, cuestion\u00f3 su liderazgo, apoy\u00f3 su destituci\u00f3n y advirti\u00f3 [&hellip;]\" \/>\n<meta property=\"og:url\" content=\"https:\/\/www.eldiario.net\/portal\/2025\/06\/05\/musk-acusa-a-trump-de-encubrir-vinculos-con-epstein-y-lanza-varias-amenazas-1825\/\" \/>\n<meta property=\"og:site_name\" content=\"El Diario - Bolivia\" \/>\n<meta property=\"article:publisher\" content=\"https:\/\/www.facebook.com\/eldiario.bolivia\/\" \/>\n<meta property=\"article:published_time\" content=\"2025-06-05T22:24:15+00:00\" \/>\n<meta property=\"og:image\" content=\"https:\/\/www.eldiario.net\/portal\/wp-content\/uploads\/2025\/06\/trump-musk-e1749162216825.png\" \/>\n\t<meta property=\"og:image:width\" content=\"400\" \/>\n\t<meta property=\"og:image:height\" content=\"202\" \/>\n\t<meta property=\"og:image:type\" content=\"image\/png\" \/>\n<meta name=\"author\" content=\"Viviana Monrroy\" \/>\n<meta name=\"twitter:card\" content=\"summary_large_image\" \/>\n<meta name=\"twitter:creator\" content=\"@eldiario_net\" \/>\n<meta name=\"twitter:site\" content=\"@eldiario_net\" \/>\n<meta name=\"twitter:label1\" content=\"Escrito por\" \/>\n\t<meta name=\"twitter:data1\" content=\"Viviana Monrroy\" \/>\n\t<meta name=\"twitter:label2\" content=\"Tiempo de lectura\" \/>\n\t<meta name=\"twitter:data2\" content=\"1 minuto\" \/>\n<script type=\"application\/ld+json\" class=\"yoast-schema-graph\">{\"@context\":\"https:\\\/\\\/schema.org\",\"@graph\":[{\"@type\":\"Article\",\"@id\":\"https:\\\/\\\/www.eldiario.net\\\/portal\\\/2025\\\/06\\\/05\\\/musk-acusa-a-trump-de-encubrir-vinculos-con-epstein-y-lanza-varias-amenazas-1825\\\/#article\",\"isPartOf\":{\"@id\":\"https:\\\/\\\/www.eldiario.net\\\/portal\\\/2025\\\/06\\\/05\\\/musk-acusa-a-trump-de-encubrir-vinculos-con-epstein-y-lanza-varias-amenazas-1825\\\/\"},\"author\":{\"name\":\"Viviana Monrroy\",\"@id\":\"https:\\\/\\\/www.eldiario.net\\\/portal\\\/#\\\/schema\\\/person\\\/32cc89e801dfcbad3a54f91da7f2ea06\"},\"headline\":\"Musk acusa a Trump de encubrir v\u00ednculos con Epstein y lanza varias amenazas. (18:25)\",\"datePublished\":\"2025-06-05T22:24:15+00:00\",\"mainEntityOfPage\":{\"@id\":\"https:\\\/\\\/www.eldiario.net\\\/portal\\\/2025\\\/06\\\/05\\\/musk-acusa-a-trump-de-encubrir-vinculos-con-epstein-y-lanza-varias-amenazas-1825\\\/\"},\"wordCount\":166,\"publisher\":{\"@id\":\"https:\\\/\\\/www.eldiario.net\\\/portal\\\/#organization\"},\"image\":{\"@id\":\"https:\\\/\\\/www.eldiario.net\\\/portal\\\/2025\\\/06\\\/05\\\/musk-acusa-a-trump-de-encubrir-vinculos-con-epstein-y-lanza-varias-amenazas-1825\\\/#primaryimage\"},\"thumbnailUrl\":\"https:\\\/\\\/www.eldiario.net\\\/portal\\\/wp-content\\\/uploads\\\/2025\\\/06\\\/trump-musk-e1749162216825.png\",\"articleSection\":[\"\u00daltima Hora\"],\"inLanguage\":\"es\"},{\"@type\":\"WebPage\",\"@id\":\"https:\\\/\\\/www.eldiario.net\\\/portal\\\/2025\\\/06\\\/05\\\/musk-acusa-a-trump-de-encubrir-vinculos-con-epstein-y-lanza-varias-amenazas-1825\\\/\",\"url\":\"https:\\\/\\\/www.eldiario.net\\\/portal\\\/2025\\\/06\\\/05\\\/musk-acusa-a-trump-de-encubrir-vinculos-con-epstein-y-lanza-varias-amenazas-1825\\\/\",\"name\":\"Musk acusa a Trump de encubrir v\u00ednculos con Epstein y lanza varias amenazas. (18:25) - El Diario - Bolivia\",\"isPartOf\":{\"@id\":\"https:\\\/\\\/www.eldiario.net\\\/portal\\\/#website\"},\"primaryImageOfPage\":{\"@id\":\"https:\\\/\\\/www.eldiario.net\\\/portal\\\/2025\\\/06\\\/05\\\/musk-acusa-a-trump-de-encubrir-vinculos-con-epstein-y-lanza-varias-amenazas-1825\\\/#primaryimage\"},\"image\":{\"@id\":\"https:\\\/\\\/www.eldiario.net\\\/portal\\\/2025\\\/06\\\/05\\\/musk-acusa-a-trump-de-encubrir-vinculos-con-epstein-y-lanza-varias-amenazas-1825\\\/#primaryimage\"},\"thumbnailUrl\":\"https:\\\/\\\/www.eldiario.net\\\/portal\\\/wp-content\\\/uploads\\\/2025\\\/06\\\/trump-musk-e1749162216825.png\",\"datePublished\":\"2025-06-05T22:24:15+00:00\",\"breadcrumb\":{\"@id\":\"https:\\\/\\\/www.eldiario.net\\\/portal\\\/2025\\\/06\\\/05\\\/musk-acusa-a-trump-de-encubrir-vinculos-con-epstein-y-lanza-varias-amenazas-1825\\\/#breadcrumb\"},\"inLanguage\":\"es\",\"potentialAction\":[{\"@type\":\"ReadAction\",\"target\":[\"https:\\\/\\\/www.eldiario.net\\\/portal\\\/2025\\\/06\\\/05\\\/musk-acusa-a-trump-de-encubrir-vinculos-con-epstein-y-lanza-varias-amenazas-1825\\\/\"]}]},{\"@type\":\"ImageObject\",\"inLanguage\":\"es\",\"@id\":\"https:\\\/\\\/www.eldiario.net\\\/portal\\\/2025\\\/06\\\/05\\\/musk-acusa-a-trump-de-encubrir-vinculos-con-epstein-y-lanza-varias-amenazas-1825\\\/#primaryimage\",\"url\":\"https:\\\/\\\/www.eldiario.net\\\/portal\\\/wp-content\\\/uploads\\\/2025\\\/06\\\/trump-musk-e1749162216825.png\",\"contentUrl\":\"https:\\\/\\\/www.eldiario.net\\\/portal\\\/wp-content\\\/uploads\\\/2025\\\/06\\\/trump-musk-e1749162216825.png\",\"width\":400,\"height\":202},{\"@type\":\"BreadcrumbList\",\"@id\":\"https:\\\/\\\/www.eldiario.net\\\/portal\\\/2025\\\/06\\\/05\\\/musk-acusa-a-trump-de-encubrir-vinculos-con-epstein-y-lanza-varias-amenazas-1825\\\/#breadcrumb\",\"itemListElement\":[{\"@type\":\"ListItem\",\"position\":1,\"name\":\"Portada\",\"item\":\"https:\\\/\\\/www.eldiario.net\\\/portal\\\/\"},{\"@type\":\"ListItem\",\"position\":2,\"name\":\"Musk acusa a Trump de encubrir v\u00ednculos con Epstein y lanza varias amenazas. (18:25)\"}]},{\"@type\":\"WebSite\",\"@id\":\"https:\\\/\\\/www.eldiario.net\\\/portal\\\/#website\",\"url\":\"https:\\\/\\\/www.eldiario.net\\\/portal\\\/\",\"name\":\"El Diario - Decano de la prensa nacional\",\"description\":\"El Diario - Decano de la prensa nacional\",\"publisher\":{\"@id\":\"https:\\\/\\\/www.eldiario.net\\\/portal\\\/#organization\"},\"potentialAction\":[{\"@type\":\"SearchAction\",\"target\":{\"@type\":\"EntryPoint\",\"urlTemplate\":\"https:\\\/\\\/www.eldiario.net\\\/portal\\\/?s={search_term_string}\"},\"query-input\":{\"@type\":\"PropertyValueSpecification\",\"valueRequired\":true,\"valueName\":\"search_term_string\"}}],\"inLanguage\":\"es\"},{\"@type\":\"Organization\",\"@id\":\"https:\\\/\\\/www.eldiario.net\\\/portal\\\/#organization\",\"name\":\"El Diario - Decano de la prensa nacional\",\"url\":\"https:\\\/\\\/www.eldiario.net\\\/portal\\\/\",\"logo\":{\"@type\":\"ImageObject\",\"inLanguage\":\"es\",\"@id\":\"https:\\\/\\\/www.eldiario.net\\\/portal\\\/#\\\/schema\\\/logo\\\/image\\\/\",\"url\":\"https:\\\/\\\/www.eldiario.net\\\/portal\\\/wp-content\\\/uploads\\\/2023\\\/07\\\/logo_ED.jpg\",\"contentUrl\":\"https:\\\/\\\/www.eldiario.net\\\/portal\\\/wp-content\\\/uploads\\\/2023\\\/07\\\/logo_ED.jpg\",\"width\":272,\"height\":52,\"caption\":\"El Diario - Decano de la prensa nacional\"},\"image\":{\"@id\":\"https:\\\/\\\/www.eldiario.net\\\/portal\\\/#\\\/schema\\\/logo\\\/image\\\/\"},\"sameAs\":[\"https:\\\/\\\/www.facebook.com\\\/eldiario.bolivia\\\/\",\"https:\\\/\\\/x.com\\\/eldiario_net\"]},{\"@type\":\"Person\",\"@id\":\"https:\\\/\\\/www.eldiario.net\\\/portal\\\/#\\\/schema\\\/person\\\/32cc89e801dfcbad3a54f91da7f2ea06\",\"name\":\"Viviana Monrroy\",\"image\":{\"@type\":\"ImageObject\",\"inLanguage\":\"es\",\"@id\":\"https:\\\/\\\/secure.gravatar.com\\\/avatar\\\/dfd1611ed5600959a0e5a9754503b6c05d1dcf190010998e0363aee2ad98afca?s=96&d=mm&r=g\",\"url\":\"https:\\\/\\\/secure.gravatar.com\\\/avatar\\\/dfd1611ed5600959a0e5a9754503b6c05d1dcf190010998e0363aee2ad98afca?s=96&d=mm&r=g\",\"contentUrl\":\"https:\\\/\\\/secure.gravatar.com\\\/avatar\\\/dfd1611ed5600959a0e5a9754503b6c05d1dcf190010998e0363aee2ad98afca?s=96&d=mm&r=g\",\"caption\":\"Viviana Monrroy\"},\"sameAs\":[\"http:\\\/\\\/www.eldiario.net\"],\"url\":\"https:\\\/\\\/www.eldiario.net\\\/portal\\\/author\\\/vivianamonrroy\\\/\"}]}<\/script>\n<!-- \/ Yoast SEO plugin. -->","yoast_head_json":{"title":"Musk acusa a Trump de encubrir v\u00ednculos con Epstein y lanza varias amenazas. (18:25) - El Diario - Bolivia","robots":{"index":"index","follow":"follow","max-snippet":"max-snippet:-1","max-image-preview":"max-image-preview:large","max-video-preview":"max-video-preview:-1"},"canonical":"https:\/\/www.eldiario.net\/portal\/2025\/06\/05\/musk-acusa-a-trump-de-encubrir-vinculos-con-epstein-y-lanza-varias-amenazas-1825\/","og_locale":"es_ES","og_type":"article","og_title":"Musk acusa a Trump de encubrir v\u00ednculos con Epstein y lanza varias amenazas. (18:25) - El Diario - Bolivia","og_description":"La tensi\u00f3n entre Elon Musk y Donald Trump escal\u00f3 esta semana tras una serie de publicaciones explosivas en la plataforma X. Musk acus\u00f3 al presidente de aparecer en los archivos del caso Epstein, insinuando que esa ser\u00eda la raz\u00f3n por la cual no se hacen p\u00fablicos. Adem\u00e1s, cuestion\u00f3 su liderazgo, apoy\u00f3 su destituci\u00f3n y advirti\u00f3 [&hellip;]","og_url":"https:\/\/www.eldiario.net\/portal\/2025\/06\/05\/musk-acusa-a-trump-de-encubrir-vinculos-con-epstein-y-lanza-varias-amenazas-1825\/","og_site_name":"El Diario - Bolivia","article_publisher":"https:\/\/www.facebook.com\/eldiario.bolivia\/","article_published_time":"2025-06-05T22:24:15+00:00","og_image":[{"width":400,"height":202,"url":"https:\/\/www.eldiario.net\/portal\/wp-content\/uploads\/2025\/06\/trump-musk-e1749162216825.png","type":"image\/png"}],"author":"Viviana Monrroy","twitter_card":"summary_large_image","twitter_creator":"@eldiario_net","twitter_site":"@eldiario_net","twitter_misc":{"Escrito por":"Viviana Monrroy","Tiempo de lectura":"1 minuto"},"schema":{"@context":"https:\/\/schema.org","@graph":[{"@type":"Article","@id":"https:\/\/www.eldiario.net\/portal\/2025\/06\/05\/musk-acusa-a-trump-de-encubrir-vinculos-con-epstein-y-lanza-varias-amenazas-1825\/#article","isPartOf":{"@id":"https:\/\/www.eldiario.net\/portal\/2025\/06\/05\/musk-acusa-a-trump-de-encubrir-vinculos-con-epstein-y-lanza-varias-amenazas-1825\/"},"author":{"name":"Viviana Monrroy","@id":"https:\/\/www.eldiario.net\/portal\/#\/schema\/person\/32cc89e801dfcbad3a54f91da7f2ea06"},"headline":"Musk acusa a Trump de encubrir v\u00ednculos con Epstein y lanza varias amenazas. (18:25)","datePublished":"2025-06-05T22:24:15+00:00","mainEntityOfPage":{"@id":"https:\/\/www.eldiario.net\/portal\/2025\/06\/05\/musk-acusa-a-trump-de-encubrir-vinculos-con-epstein-y-lanza-varias-amenazas-1825\/"},"wordCount":166,"publisher":{"@id":"https:\/\/www.eldiario.net\/portal\/#organization"},"image":{"@id":"https:\/\/www.eldiario.net\/portal\/2025\/06\/05\/musk-acusa-a-trump-de-encubrir-vinculos-con-epstein-y-lanza-varias-amenazas-1825\/#primaryimage"},"thumbnailUrl":"https:\/\/www.eldiario.net\/portal\/wp-content\/uploads\/2025\/06\/trump-musk-e1749162216825.png","articleSection":["\u00daltima Hora"],"inLanguage":"es"},{"@type":"WebPage","@id":"https:\/\/www.eldiario.net\/portal\/2025\/06\/05\/musk-acusa-a-trump-de-encubrir-vinculos-con-epstein-y-lanza-varias-amenazas-1825\/","url":"https:\/\/www.eldiario.net\/portal\/2025\/06\/05\/musk-acusa-a-trump-de-encubrir-vinculos-con-epstein-y-lanza-varias-amenazas-1825\/","name":"Musk acusa a Trump de encubrir v\u00ednculos con Epstein y lanza varias amenazas. (18:25) - El Diario - Bolivia","isPartOf":{"@id":"https:\/\/www.eldiario.net\/portal\/#website"},"primaryImageOfPage":{"@id":"https:\/\/www.eldiario.net\/portal\/2025\/06\/05\/musk-acusa-a-trump-de-encubrir-vinculos-con-epstein-y-lanza-varias-amenazas-1825\/#primaryimage"},"image":{"@id":"https:\/\/www.eldiario.net\/portal\/2025\/06\/05\/musk-acusa-a-trump-de-encubrir-vinculos-con-epstein-y-lanza-varias-amenazas-1825\/#primaryimage"},"thumbnailUrl":"https:\/\/www.eldiario.net\/portal\/wp-content\/uploads\/2025\/06\/trump-musk-e1749162216825.png","datePublished":"2025-06-05T22:24:15+00:00","breadcrumb":{"@id":"https:\/\/www.eldiario.net\/portal\/2025\/06\/05\/musk-acusa-a-trump-de-encubrir-vinculos-con-epstein-y-lanza-varias-amenazas-1825\/#breadcrumb"},"inLanguage":"es","potentialAction":[{"@type":"ReadAction","target":["https:\/\/www.eldiario.net\/portal\/2025\/06\/05\/musk-acusa-a-trump-de-encubrir-vinculos-con-epstein-y-lanza-varias-amenazas-1825\/"]}]},{"@type":"ImageObject","inLanguage":"es","@id":"https:\/\/www.eldiario.net\/portal\/2025\/06\/05\/musk-acusa-a-trump-de-encubrir-vinculos-con-epstein-y-lanza-varias-amenazas-1825\/#primaryimage","url":"https:\/\/www.eldiario.net\/portal\/wp-content\/uploads\/2025\/06\/trump-musk-e1749162216825.png","contentUrl":"https:\/\/www.eldiario.net\/portal\/wp-content\/uploads\/2025\/06\/trump-musk-e1749162216825.png","width":400,"height":202},{"@type":"BreadcrumbList","@id":"https:\/\/www.eldiario.net\/portal\/2025\/06\/05\/musk-acusa-a-trump-de-encubrir-vinculos-con-epstein-y-lanza-varias-amenazas-1825\/#breadcrumb","itemListElement":[{"@type":"ListItem","position":1,"name":"Portada","item":"https:\/\/www.eldiario.net\/portal\/"},{"@type":"ListItem","position":2,"name":"Musk acusa a Trump de encubrir v\u00ednculos con Epstein y lanza varias amenazas. (18:25)"}]},{"@type":"WebSite","@id":"https:\/\/www.eldiario.net\/portal\/#website","url":"https:\/\/www.eldiario.net\/portal\/","name":"El Diario - Decano de la prensa nacional","description":"El Diario - Decano de la prensa nacional","publisher":{"@id":"https:\/\/www.eldiario.net\/portal\/#organization"},"potentialAction":[{"@type":"SearchAction","target":{"@type":"EntryPoint","urlTemplate":"https:\/\/www.eldiario.net\/portal\/?s={search_term_string}"},"query-input":{"@type":"PropertyValueSpecification","valueRequired":true,"valueName":"search_term_string"}}],"inLanguage":"es"},{"@type":"Organization","@id":"https:\/\/www.eldiario.net\/portal\/#organization","name":"El Diario - Decano de la prensa nacional","url":"https:\/\/www.eldiario.net\/portal\/","logo":{"@type":"ImageObject","inLanguage":"es","@id":"https:\/\/www.eldiario.net\/portal\/#\/schema\/logo\/image\/","url":"https:\/\/www.eldiario.net\/portal\/wp-content\/uploads\/2023\/07\/logo_ED.jpg","contentUrl":"https:\/\/www.eldiario.net\/portal\/wp-content\/uploads\/2023\/07\/logo_ED.jpg","width":272,"height":52,"caption":"El Diario - Decano de la prensa nacional"},"image":{"@id":"https:\/\/www.eldiario.net\/portal\/#\/schema\/logo\/image\/"},"sameAs":["https:\/\/www.facebook.com\/eldiario.bolivia\/","https:\/\/x.com\/eldiario_net"]},{"@type":"Person","@id":"https:\/\/www.eldiario.net\/portal\/#\/schema\/person\/32cc89e801dfcbad3a54f91da7f2ea06","name":"Viviana Monrroy","image":{"@type":"ImageObject","inLanguage":"es","@id":"https:\/\/secure.gravatar.com\/avatar\/dfd1611ed5600959a0e5a9754503b6c05d1dcf190010998e0363aee2ad98afca?s=96&d=mm&r=g","url":"https:\/\/secure.gravatar.com\/avatar\/dfd1611ed5600959a0e5a9754503b6c05d1dcf190010998e0363aee2ad98afca?s=96&d=mm&r=g","contentUrl":"https:\/\/secure.gravatar.com\/avatar\/dfd1611ed5600959a0e5a9754503b6c05d1dcf190010998e0363aee2ad98afca?s=96&d=mm&r=g","caption":"Viviana Monrroy"},"sameAs":["http:\/\/www.eldiario.net"],"url":"https:\/\/www.eldiario.net\/portal\/author\/vivianamonrroy\/"}]}},"_links":{"self":[{"href":"https:\/\/www.eldiario.net\/portal\/wp-json\/wp\/v2\/posts\/307566","targetHints":{"allow":["GET"]}}],"collection":[{"href":"https:\/\/www.eldiario.net\/portal\/wp-json\/wp\/v2\/posts"}],"about":[{"href":"https:\/\/www.eldiario.net\/portal\/wp-json\/wp\/v2\/types\/post"}],"author":[{"embeddable":true,"href":"https:\/\/www.eldiario.net\/portal\/wp-json\/wp\/v2\/users\/7"}],"replies":[{"embeddable":true,"href":"https:\/\/www.eldiario.net\/portal\/wp-json\/wp\/v2\/comments?post=307566"}],"version-history":[{"count":2,"href":"https:\/\/www.eldiario.net\/portal\/wp-json\/wp\/v2\/posts\/307566\/revisions"}],"predecessor-version":[{"id":307569,"href":"https:\/\/www.eldiario.net\/portal\/wp-json\/wp\/v2\/posts\/307566\/revisions\/307569"}],"wp:featuredmedia":[{"embeddable":true,"href":"https:\/\/www.eldiario.net\/portal\/wp-json\/wp\/v2\/media\/307567"}],"wp:attachment":[{"href":"https:\/\/www.eldiario.net\/portal\/wp-json\/wp\/v2\/media?parent=307566"}],"wp:term":[{"taxonomy":"category","embeddable":true,"href":"https:\/\/www.eldiario.net\/portal\/wp-json\/wp\/v2\/categories?post=307566"},{"taxonomy":"post_tag","embeddable":true,"href":"https:\/\/www.eldiario.net\/portal\/wp-json\/wp\/v2\/tags?post=307566"}],"curies":[{"name":"wp","href":"https:\/\/api.w.org\/{rel}","templated":true}]}}