{"id":307291,"date":"2025-06-04T06:22:00","date_gmt":"2025-06-04T10:22:00","guid":{"rendered":"https:\/\/www.eldiario.net\/portal\/?p=307291"},"modified":"2025-06-05T22:19:18","modified_gmt":"2025-06-06T02:19:18","slug":"fiesta-de-la-republica-de-italia","status":"publish","type":"post","link":"https:\/\/www.eldiario.net\/portal\/2025\/06\/04\/fiesta-de-la-republica-de-italia\/","title":{"rendered":"Fiesta de la Rep\u00fablica de Italia"},"content":{"rendered":"<p>En un ambiente selecto y lleno de finos detalles, el embajador de Italia, Fabio Messineo, y su esposa, Silvia Abello de Messineo, celebraron la \u00abFesta della Repubblica Italiana\u00bb, que se recuerda el 2 de junio.<br \/>\nEn la selecta celebraci\u00f3n resalt\u00f3 no solo la rica cultura italiana, sino tambi\u00e9n los profundos lazos de cooperaci\u00f3n y amistad que unen a Bolivia e Italia.<br \/>\nEn el marco cargado de significado, el discurso del embajador Messineo se convirti\u00f3 en el punto central del festejo patrio, detallando d\u00e9cadas de colaboraci\u00f3n fruct\u00edfera.<br \/>\nEl embajador, con palabras que evocaban la historia y el compromiso, destac\u00f3 la intensa actividad de cooperaci\u00f3n bilateral y multilateral entre Italia y Bolivia. Subray\u00f3 que esta colaboraci\u00f3n se ha manifestado en la construcci\u00f3n, reestructuraci\u00f3n y financiaci\u00f3n de diversas infraestructuras clave, mencionando espec\u00edficamente el aeropuerto Jorge Wilstermann de Cochabamba y el hospital Daniel Bracamonte de Potos\u00ed, como ejemplos palpables de este apoyo.<br \/>\nEn un recuento que abarc\u00f3 40 a\u00f1os, el embajador enfatiz\u00f3 la realizaci\u00f3n de m\u00e1s de 200 proyectos con un valor nominal que asciende a 350 millones de euros. \u00abRecientemente, la agencia de cooperaci\u00f3n italiana ha afianzado su compromiso con Bolivia, firmando un convenio de 12 millones de euros para el desarrollo del turismo cultural. Adem\u00e1s, se han desembolsado 5 millones de euros para servicios de salud de primer nivel y se encuentra en camino un acuerdo de 25 millones de euros para un proyecto de agricultura sostenible. A estas iniciativas se suman proyectos de alrededor de 4 millones de euros a cargo de ONG italianas\u00bb, detall\u00f3 el anfitri\u00f3n.<br \/>\nEl discurso tambi\u00e9n resalt\u00f3 la cooperaci\u00f3n a trav\u00e9s de la Uni\u00f3n Europea y organismos de las Naciones Unidas, donde Italia figura entre los principales contribuyentes, y muchos otros programas de ayuda.<br \/>\nEl embajador concluy\u00f3 su intervenci\u00f3n subrayando que, si bien los cr\u00e9ditos y las obras son importantes, lo que verdaderamente cuenta son los lazos personales forjados a lo largo del tiempo. Resalt\u00f3 la dedicaci\u00f3n y el compromiso de miles de italianos que se han identificado plenamente con los deseos y sue\u00f1os de los bolivianos, creando puentes de verdadera amistad entre ambas naciones. Toda esta actividad fue definida como una \u00abverdadera diplomacia de los pueblos\u00bb, sin agendas pol\u00edticas y con el \u00fanico inter\u00e9s de contribuir al bienestar de la sociedad boliviana.<\/p>\n\r\n                <style type=\"text\/css\">\r\n                    \r\n                    #tdi_1  .td-doubleSlider-2 .td-item1 {\r\n                        background: url(https:\/\/www.eldiario.net\/portal\/wp-content\/uploads\/2025\/06\/DSC_3436-80x60.jpg) 0 0 no-repeat;\r\n                    }\r\n                    #tdi_1  .td-doubleSlider-2 .td-item2 {\r\n                        background: url(https:\/\/www.eldiario.net\/portal\/wp-content\/uploads\/2025\/06\/DSC_3442-80x60.jpg) 0 0 no-repeat;\r\n                    }\r\n                    #tdi_1  .td-doubleSlider-2 .td-item3 {\r\n                        background: url(https:\/\/www.eldiario.net\/portal\/wp-content\/uploads\/2025\/06\/DSC_3446-80x60.jpg) 0 0 no-repeat;\r\n                    }\r\n                    #tdi_1  .td-doubleSlider-2 .td-item4 {\r\n                        background: url(https:\/\/www.eldiario.net\/portal\/wp-content\/uploads\/2025\/06\/DSC_3449-80x60.jpg) 0 0 no-repeat;\r\n                    }\r\n                    #tdi_1  .td-doubleSlider-2 .td-item5 {\r\n                        background: url(https:\/\/www.eldiario.net\/portal\/wp-content\/uploads\/2025\/06\/DSC_3453-80x60.jpg) 0 0 no-repeat;\r\n                    }\r\n                    #tdi_1  .td-doubleSlider-2 .td-item6 {\r\n                        background: url(https:\/\/www.eldiario.net\/portal\/wp-content\/uploads\/2025\/06\/DSC_3464-80x60.jpg) 0 0 no-repeat;\r\n                    }\r\n                    #tdi_1  .td-doubleSlider-2 .td-item7 {\r\n                        background: url(https:\/\/www.eldiario.net\/portal\/wp-content\/uploads\/2025\/06\/DSC_3471-80x60.jpg) 0 0 no-repeat;\r\n                    }\r\n                    #tdi_1  .td-doubleSlider-2 .td-item8 {\r\n                        background: url(https:\/\/www.eldiario.net\/portal\/wp-content\/uploads\/2025\/06\/DSC_3483-80x60.jpg) 0 0 no-repeat;\r\n                    }\r\n                    #tdi_1  .td-doubleSlider-2 .td-item9 {\r\n                        background: url(https:\/\/www.eldiario.net\/portal\/wp-content\/uploads\/2025\/06\/DSC_3501-80x60.jpg) 0 0 no-repeat;\r\n                    }\r\n                    #tdi_1  .td-doubleSlider-2 .td-item10 {\r\n                        background: url(https:\/\/www.eldiario.net\/portal\/wp-content\/uploads\/2025\/06\/DSC_3505-80x60.jpg) 0 0 no-repeat;\r\n                    }\r\n                    #tdi_1  .td-doubleSlider-2 .td-item11 {\r\n                        background: url(https:\/\/www.eldiario.net\/portal\/wp-content\/uploads\/2025\/06\/DSC_3509-80x60.jpg) 0 0 no-repeat;\r\n                    }\r\n                    #tdi_1  .td-doubleSlider-2 .td-item12 {\r\n                        background: url(https:\/\/www.eldiario.net\/portal\/wp-content\/uploads\/2025\/06\/DSC_3303-80x60.jpg) 0 0 no-repeat;\r\n                    }\r\n                    #tdi_1  .td-doubleSlider-2 .td-item13 {\r\n                        background: url(https:\/\/www.eldiario.net\/portal\/wp-content\/uploads\/2025\/06\/DSC_3312-80x60.jpg) 0 0 no-repeat;\r\n                    }\r\n                    #tdi_1  .td-doubleSlider-2 .td-item14 {\r\n                        background: url(https:\/\/www.eldiario.net\/portal\/wp-content\/uploads\/2025\/06\/DSC_3328-80x60.jpg) 0 0 no-repeat;\r\n                    }\r\n                    #tdi_1  .td-doubleSlider-2 .td-item15 {\r\n                        background: url(https:\/\/www.eldiario.net\/portal\/wp-content\/uploads\/2025\/06\/DSC_3334-80x60.jpg) 0 0 no-repeat;\r\n                    }\r\n                    #tdi_1  .td-doubleSlider-2 .td-item16 {\r\n                        background: url(https:\/\/www.eldiario.net\/portal\/wp-content\/uploads\/2025\/06\/DSC_3366-80x60.jpg) 0 0 no-repeat;\r\n                    }\r\n                    #tdi_1  .td-doubleSlider-2 .td-item17 {\r\n                        background: url(https:\/\/www.eldiario.net\/portal\/wp-content\/uploads\/2025\/06\/DSC_3374-80x60.jpg) 0 0 no-repeat;\r\n                    }\r\n                    #tdi_1  .td-doubleSlider-2 .td-item18 {\r\n                        background: url(https:\/\/www.eldiario.net\/portal\/wp-content\/uploads\/2025\/06\/DSC_3376-80x60.jpg) 0 0 no-repeat;\r\n                    }\r\n                    #tdi_1  .td-doubleSlider-2 .td-item19 {\r\n                        background: url(https:\/\/www.eldiario.net\/portal\/wp-content\/uploads\/2025\/06\/DSC_3380-80x60.jpg) 0 0 no-repeat;\r\n                    }\r\n                    #tdi_1  .td-doubleSlider-2 .td-item20 {\r\n                        background: url(https:\/\/www.eldiario.net\/portal\/wp-content\/uploads\/2025\/06\/DSC_3382-80x60.jpg) 0 0 no-repeat;\r\n                    }\r\n                    #tdi_1  .td-doubleSlider-2 .td-item21 {\r\n                        background: url(https:\/\/www.eldiario.net\/portal\/wp-content\/uploads\/2025\/06\/DSC_3408-80x60.jpg) 0 0 no-repeat;\r\n                    }\r\n                    #tdi_1  .td-doubleSlider-2 .td-item22 {\r\n                        background: url(https:\/\/www.eldiario.net\/portal\/wp-content\/uploads\/2025\/06\/DSC_3415-80x60.jpg) 0 0 no-repeat;\r\n                    }\r\n                    #tdi_1  .td-doubleSlider-2 .td-item23 {\r\n                        background: url(https:\/\/www.eldiario.net\/portal\/wp-content\/uploads\/2025\/06\/DSC_3420-80x60.jpg) 0 0 no-repeat;\r\n                    }\r\n                    #tdi_1  .td-doubleSlider-2 .td-item24 {\r\n                        background: url(https:\/\/www.eldiario.net\/portal\/wp-content\/uploads\/2025\/06\/DSC_3425-80x60.jpg) 0 0 no-repeat;\r\n                    }\r\n                    #tdi_1  .td-doubleSlider-2 .td-item25 {\r\n                        background: url(https:\/\/www.eldiario.net\/portal\/wp-content\/uploads\/2025\/06\/DSC_3431-80x60.jpg) 0 0 no-repeat;\r\n                    }\r\n                <\/style>\r\n\r\n                <div id=\"tdi_1\" class=\"td-gallery td-slide-on-2-columns\">\r\n                    <div class=\"post_td_gallery\">\r\n                        <div class=\"td-gallery-slide-top\">\r\n                           <div class=\"td-gallery-title\"><\/div>\r\n\r\n                            <div class=\"td-gallery-controls-wrapper\">\r\n                                <div class=\"td-gallery-slide-count\"><span class=\"td-gallery-slide-item-focus\">1<\/span> de 25<\/div>\r\n                                <div class=\"td-gallery-slide-prev-next-but\">\r\n                                    <i class = \"td-icon-left doubleSliderPrevButton\"><\/i>\r\n                                    <i class = \"td-icon-right doubleSliderNextButton\"><\/i>\r\n                                <\/div>\r\n                            <\/div>\r\n                        <\/div>\r\n\r\n                        <div class = \"td-doubleSlider-1 \">\r\n                            <div class = \"td-slider\">\r\n                                \r\n                    <div class = \"td-slide-item td-item1\">\r\n                        <figure class=\"td-slide-galery-figure td-slide-popup-gallery\">\r\n                            <a class=\"slide-gallery-image-link\" href=\"https:\/\/www.eldiario.net\/portal\/wp-content\/uploads\/2025\/06\/DSC_3436.jpg\" title=\"DSC_3436\"  data-caption=\".LA CHEF CECILIA JACOBS.\"  data-description=\"\">\r\n                                <img decoding=\"async\" src=\"https:\/\/www.eldiario.net\/portal\/wp-content\/uploads\/2025\/06\/DSC_3436-629x420.jpg\" srcset=\"https:\/\/www.eldiario.net\/portal\/wp-content\/uploads\/2025\/06\/DSC_3436-629x420.jpg 629w, https:\/\/www.eldiario.net\/portal\/wp-content\/uploads\/2025\/06\/DSC_3436-300x200.jpg 300w, https:\/\/www.eldiario.net\/portal\/wp-content\/uploads\/2025\/06\/DSC_3436-1024x684.jpg 1024w, https:\/\/www.eldiario.net\/portal\/wp-content\/uploads\/2025\/06\/DSC_3436-768x513.jpg 768w, https:\/\/www.eldiario.net\/portal\/wp-content\/uploads\/2025\/06\/DSC_3436-696x465.jpg 696w, https:\/\/www.eldiario.net\/portal\/wp-content\/uploads\/2025\/06\/DSC_3436-1068x713.jpg 1068w, https:\/\/www.eldiario.net\/portal\/wp-content\/uploads\/2025\/06\/DSC_3436.jpg 1200w\" sizes=\"(max-width: 629px) 100vw, 629px\" alt=\"\">\r\n                            <\/a>\r\n                            <figcaption class = \"td-slide-caption td-gallery-slide-content\"><div class = \"td-gallery-slide-copywrite\">.LA CHEF CECILIA JACOBS.<\/div><\/figcaption>\r\n                        <\/figure>\r\n                    <\/div>\r\n                    <div class = \"td-slide-item td-item2\">\r\n                        <figure class=\"td-slide-galery-figure td-slide-popup-gallery\">\r\n                            <a class=\"slide-gallery-image-link\" href=\"https:\/\/www.eldiario.net\/portal\/wp-content\/uploads\/2025\/06\/DSC_3442.jpg\" title=\"DSC_3442\"  data-caption=\"JULIO LUQUE, EMB. PANAM\u00c1, E IDA DEL CASTILLO.\"  data-description=\"\">\r\n                                <img decoding=\"async\" src=\"https:\/\/www.eldiario.net\/portal\/wp-content\/uploads\/2025\/06\/DSC_3442-280x420.jpg\" srcset=\"https:\/\/www.eldiario.net\/portal\/wp-content\/uploads\/2025\/06\/DSC_3442-280x420.jpg 280w, https:\/\/www.eldiario.net\/portal\/wp-content\/uploads\/2025\/06\/DSC_3442-200x300.jpg 200w, https:\/\/www.eldiario.net\/portal\/wp-content\/uploads\/2025\/06\/DSC_3442-683x1024.jpg 683w, https:\/\/www.eldiario.net\/portal\/wp-content\/uploads\/2025\/06\/DSC_3442-768x1151.jpg 768w, https:\/\/www.eldiario.net\/portal\/wp-content\/uploads\/2025\/06\/DSC_3442-1025x1536.jpg 1025w, https:\/\/www.eldiario.net\/portal\/wp-content\/uploads\/2025\/06\/DSC_3442-696x1043.jpg 696w, https:\/\/www.eldiario.net\/portal\/wp-content\/uploads\/2025\/06\/DSC_3442-1068x1600.jpg 1068w, https:\/\/www.eldiario.net\/portal\/wp-content\/uploads\/2025\/06\/DSC_3442.jpg 1200w\" sizes=\"(max-width: 280px) 100vw, 280px\" alt=\"\">\r\n                            <\/a>\r\n                            <figcaption class = \"td-slide-caption td-gallery-slide-content\"><div class = \"td-gallery-slide-copywrite\">JULIO LUQUE, EMB. PANAM\u00c1, E IDA DEL CASTILLO.<\/div><\/figcaption>\r\n                        <\/figure>\r\n                    <\/div>\r\n                    <div class = \"td-slide-item td-item3\">\r\n                        <figure class=\"td-slide-galery-figure td-slide-popup-gallery\">\r\n                            <a class=\"slide-gallery-image-link\" href=\"https:\/\/www.eldiario.net\/portal\/wp-content\/uploads\/2025\/06\/DSC_3446.jpg\" title=\"DSC_3446\"  data-caption=\"\"  data-description=\"\">\r\n                                <img decoding=\"async\" src=\"https:\/\/www.eldiario.net\/portal\/wp-content\/uploads\/2025\/06\/DSC_3446-629x420.jpg\" srcset=\"https:\/\/www.eldiario.net\/portal\/wp-content\/uploads\/2025\/06\/DSC_3446-629x420.jpg 629w, https:\/\/www.eldiario.net\/portal\/wp-content\/uploads\/2025\/06\/DSC_3446-300x200.jpg 300w, https:\/\/www.eldiario.net\/portal\/wp-content\/uploads\/2025\/06\/DSC_3446-1024x684.jpg 1024w, https:\/\/www.eldiario.net\/portal\/wp-content\/uploads\/2025\/06\/DSC_3446-768x513.jpg 768w, https:\/\/www.eldiario.net\/portal\/wp-content\/uploads\/2025\/06\/DSC_3446-696x465.jpg 696w, https:\/\/www.eldiario.net\/portal\/wp-content\/uploads\/2025\/06\/DSC_3446-1068x713.jpg 1068w, https:\/\/www.eldiario.net\/portal\/wp-content\/uploads\/2025\/06\/DSC_3446.jpg 1200w\" sizes=\"(max-width: 629px) 100vw, 629px\" alt=\"\">\r\n                            <\/a>\r\n                            \r\n                        <\/figure>\r\n                    <\/div>\r\n                    <div class = \"td-slide-item td-item4\">\r\n                        <figure class=\"td-slide-galery-figure td-slide-popup-gallery\">\r\n                            <a class=\"slide-gallery-image-link\" href=\"https:\/\/www.eldiario.net\/portal\/wp-content\/uploads\/2025\/06\/DSC_3449.jpg\" title=\"DSC_3449\"  data-caption=\"\"  data-description=\"\">\r\n                                <img decoding=\"async\" src=\"https:\/\/www.eldiario.net\/portal\/wp-content\/uploads\/2025\/06\/DSC_3449-629x420.jpg\" srcset=\"https:\/\/www.eldiario.net\/portal\/wp-content\/uploads\/2025\/06\/DSC_3449-629x420.jpg 629w, https:\/\/www.eldiario.net\/portal\/wp-content\/uploads\/2025\/06\/DSC_3449-300x200.jpg 300w, https:\/\/www.eldiario.net\/portal\/wp-content\/uploads\/2025\/06\/DSC_3449-1024x684.jpg 1024w, https:\/\/www.eldiario.net\/portal\/wp-content\/uploads\/2025\/06\/DSC_3449-768x513.jpg 768w, https:\/\/www.eldiario.net\/portal\/wp-content\/uploads\/2025\/06\/DSC_3449-696x465.jpg 696w, https:\/\/www.eldiario.net\/portal\/wp-content\/uploads\/2025\/06\/DSC_3449-1068x713.jpg 1068w, https:\/\/www.eldiario.net\/portal\/wp-content\/uploads\/2025\/06\/DSC_3449.jpg 1200w\" sizes=\"(max-width: 629px) 100vw, 629px\" alt=\"\">\r\n                            <\/a>\r\n                            \r\n                        <\/figure>\r\n                    <\/div>\r\n                    <div class = \"td-slide-item td-item5\">\r\n                        <figure class=\"td-slide-galery-figure td-slide-popup-gallery\">\r\n                            <a class=\"slide-gallery-image-link\" href=\"https:\/\/www.eldiario.net\/portal\/wp-content\/uploads\/2025\/06\/DSC_3453.jpg\" title=\"DSC_3453\"  data-caption=\"TARMO DIX, MINISTRO CONSEJERO DE LA EMB. ALEMANIA; MELA M\u00c1RQUEZ Y SUSANA GUTI\u00c9RREZ.\"  data-description=\"\">\r\n                                <img decoding=\"async\" src=\"https:\/\/www.eldiario.net\/portal\/wp-content\/uploads\/2025\/06\/DSC_3453-629x420.jpg\" srcset=\"https:\/\/www.eldiario.net\/portal\/wp-content\/uploads\/2025\/06\/DSC_3453-629x420.jpg 629w, https:\/\/www.eldiario.net\/portal\/wp-content\/uploads\/2025\/06\/DSC_3453-300x200.jpg 300w, https:\/\/www.eldiario.net\/portal\/wp-content\/uploads\/2025\/06\/DSC_3453-1024x684.jpg 1024w, https:\/\/www.eldiario.net\/portal\/wp-content\/uploads\/2025\/06\/DSC_3453-768x513.jpg 768w, https:\/\/www.eldiario.net\/portal\/wp-content\/uploads\/2025\/06\/DSC_3453-696x465.jpg 696w, https:\/\/www.eldiario.net\/portal\/wp-content\/uploads\/2025\/06\/DSC_3453-1068x713.jpg 1068w, https:\/\/www.eldiario.net\/portal\/wp-content\/uploads\/2025\/06\/DSC_3453.jpg 1200w\" sizes=\"(max-width: 629px) 100vw, 629px\" alt=\"\">\r\n                            <\/a>\r\n                            <figcaption class = \"td-slide-caption td-gallery-slide-content\"><div class = \"td-gallery-slide-copywrite\">TARMO DIX, MINISTRO CONSEJERO DE LA EMB. ALEMANIA; MELA M\u00c1RQUEZ Y SUSANA GUTI\u00c9RREZ.<\/div><\/figcaption>\r\n                        <\/figure>\r\n                    <\/div>\r\n                    <div class = \"td-slide-item td-item6\">\r\n                        <figure class=\"td-slide-galery-figure td-slide-popup-gallery\">\r\n                            <a class=\"slide-gallery-image-link\" href=\"https:\/\/www.eldiario.net\/portal\/wp-content\/uploads\/2025\/06\/DSC_3464.jpg\" title=\"DSC_3464\"  data-caption=\"LILIANA CASTELLANOS, MARTHA DE SILES Y MARTHA N\u00da\u00d1EZ.\"  data-description=\"\">\r\n                                <img decoding=\"async\" src=\"https:\/\/www.eldiario.net\/portal\/wp-content\/uploads\/2025\/06\/DSC_3464-629x420.jpg\" srcset=\"https:\/\/www.eldiario.net\/portal\/wp-content\/uploads\/2025\/06\/DSC_3464-629x420.jpg 629w, https:\/\/www.eldiario.net\/portal\/wp-content\/uploads\/2025\/06\/DSC_3464-300x200.jpg 300w, https:\/\/www.eldiario.net\/portal\/wp-content\/uploads\/2025\/06\/DSC_3464-1024x684.jpg 1024w, https:\/\/www.eldiario.net\/portal\/wp-content\/uploads\/2025\/06\/DSC_3464-768x513.jpg 768w, https:\/\/www.eldiario.net\/portal\/wp-content\/uploads\/2025\/06\/DSC_3464-696x465.jpg 696w, https:\/\/www.eldiario.net\/portal\/wp-content\/uploads\/2025\/06\/DSC_3464-1068x713.jpg 1068w, https:\/\/www.eldiario.net\/portal\/wp-content\/uploads\/2025\/06\/DSC_3464.jpg 1200w\" sizes=\"(max-width: 629px) 100vw, 629px\" alt=\"\">\r\n                            <\/a>\r\n                            <figcaption class = \"td-slide-caption td-gallery-slide-content\"><div class = \"td-gallery-slide-copywrite\">LILIANA CASTELLANOS, MARTHA DE SILES Y MARTHA N\u00da\u00d1EZ.<\/div><\/figcaption>\r\n                        <\/figure>\r\n                    <\/div>\r\n                    <div class = \"td-slide-item td-item7\">\r\n                        <figure class=\"td-slide-galery-figure td-slide-popup-gallery\">\r\n                            <a class=\"slide-gallery-image-link\" href=\"https:\/\/www.eldiario.net\/portal\/wp-content\/uploads\/2025\/06\/DSC_3471.jpg\" title=\"DSC_3471\"  data-caption=\"CLAUDIA NOSIGLIA, ARMINDA NOSIGLIA, ANA CRISTINA ARAN\u00cdBAR, SILVIA ABELLO MESSINEO Y MELISSA DURIK\"  data-description=\"\">\r\n                                <img decoding=\"async\" src=\"https:\/\/www.eldiario.net\/portal\/wp-content\/uploads\/2025\/06\/DSC_3471-629x420.jpg\" srcset=\"https:\/\/www.eldiario.net\/portal\/wp-content\/uploads\/2025\/06\/DSC_3471-629x420.jpg 629w, https:\/\/www.eldiario.net\/portal\/wp-content\/uploads\/2025\/06\/DSC_3471-300x200.jpg 300w, https:\/\/www.eldiario.net\/portal\/wp-content\/uploads\/2025\/06\/DSC_3471-1024x684.jpg 1024w, https:\/\/www.eldiario.net\/portal\/wp-content\/uploads\/2025\/06\/DSC_3471-768x513.jpg 768w, https:\/\/www.eldiario.net\/portal\/wp-content\/uploads\/2025\/06\/DSC_3471-696x465.jpg 696w, https:\/\/www.eldiario.net\/portal\/wp-content\/uploads\/2025\/06\/DSC_3471-1068x713.jpg 1068w, https:\/\/www.eldiario.net\/portal\/wp-content\/uploads\/2025\/06\/DSC_3471.jpg 1200w\" sizes=\"(max-width: 629px) 100vw, 629px\" alt=\"\">\r\n                            <\/a>\r\n                            <figcaption class = \"td-slide-caption td-gallery-slide-content\"><div class = \"td-gallery-slide-copywrite\">CLAUDIA NOSIGLIA, ARMINDA NOSIGLIA, ANA CRISTINA ARAN\u00cdBAR, SILVIA ABELLO MESSINEO Y MELISSA DURIK<\/div><\/figcaption>\r\n                        <\/figure>\r\n                    <\/div>\r\n                    <div class = \"td-slide-item td-item8\">\r\n                        <figure class=\"td-slide-galery-figure td-slide-popup-gallery\">\r\n                            <a class=\"slide-gallery-image-link\" href=\"https:\/\/www.eldiario.net\/portal\/wp-content\/uploads\/2025\/06\/DSC_3483.jpg\" title=\"DSC_3483\"  data-caption=\"EL EMBAJADOR FABIO MESSINEO Y SU ESPOSA, SILVIA ABELLO, JUNTO AL EQUIPO DE LA EMBAJADA DE ITALIA.\"  data-description=\"\">\r\n                                <img decoding=\"async\" src=\"https:\/\/www.eldiario.net\/portal\/wp-content\/uploads\/2025\/06\/DSC_3483-629x420.jpg\" srcset=\"https:\/\/www.eldiario.net\/portal\/wp-content\/uploads\/2025\/06\/DSC_3483-629x420.jpg 629w, https:\/\/www.eldiario.net\/portal\/wp-content\/uploads\/2025\/06\/DSC_3483-300x200.jpg 300w, https:\/\/www.eldiario.net\/portal\/wp-content\/uploads\/2025\/06\/DSC_3483-1024x684.jpg 1024w, https:\/\/www.eldiario.net\/portal\/wp-content\/uploads\/2025\/06\/DSC_3483-768x513.jpg 768w, https:\/\/www.eldiario.net\/portal\/wp-content\/uploads\/2025\/06\/DSC_3483-696x465.jpg 696w, https:\/\/www.eldiario.net\/portal\/wp-content\/uploads\/2025\/06\/DSC_3483-1068x713.jpg 1068w, https:\/\/www.eldiario.net\/portal\/wp-content\/uploads\/2025\/06\/DSC_3483.jpg 1200w\" sizes=\"(max-width: 629px) 100vw, 629px\" alt=\"\">\r\n                            <\/a>\r\n                            <figcaption class = \"td-slide-caption td-gallery-slide-content\"><div class = \"td-gallery-slide-copywrite\">EL EMBAJADOR FABIO MESSINEO Y SU ESPOSA, SILVIA ABELLO, JUNTO AL EQUIPO DE LA EMBAJADA DE ITALIA.<\/div><\/figcaption>\r\n                        <\/figure>\r\n                    <\/div>\r\n                    <div class = \"td-slide-item td-item9\">\r\n                        <figure class=\"td-slide-galery-figure td-slide-popup-gallery\">\r\n                            <a class=\"slide-gallery-image-link\" href=\"https:\/\/www.eldiario.net\/portal\/wp-content\/uploads\/2025\/06\/DSC_3501.jpg\" title=\"DSC_3501\"  data-caption=\"\"  data-description=\"\">\r\n                                <img decoding=\"async\" src=\"https:\/\/www.eldiario.net\/portal\/wp-content\/uploads\/2025\/06\/DSC_3501-629x420.jpg\" srcset=\"https:\/\/www.eldiario.net\/portal\/wp-content\/uploads\/2025\/06\/DSC_3501-629x420.jpg 629w, https:\/\/www.eldiario.net\/portal\/wp-content\/uploads\/2025\/06\/DSC_3501-300x200.jpg 300w, https:\/\/www.eldiario.net\/portal\/wp-content\/uploads\/2025\/06\/DSC_3501-1024x684.jpg 1024w, https:\/\/www.eldiario.net\/portal\/wp-content\/uploads\/2025\/06\/DSC_3501-768x513.jpg 768w, https:\/\/www.eldiario.net\/portal\/wp-content\/uploads\/2025\/06\/DSC_3501-696x465.jpg 696w, https:\/\/www.eldiario.net\/portal\/wp-content\/uploads\/2025\/06\/DSC_3501-1068x713.jpg 1068w, https:\/\/www.eldiario.net\/portal\/wp-content\/uploads\/2025\/06\/DSC_3501.jpg 1200w\" sizes=\"(max-width: 629px) 100vw, 629px\" alt=\"\">\r\n                            <\/a>\r\n                            \r\n                        <\/figure>\r\n                    <\/div>\r\n                    <div class = \"td-slide-item td-item10\">\r\n                        <figure class=\"td-slide-galery-figure td-slide-popup-gallery\">\r\n                            <a class=\"slide-gallery-image-link\" href=\"https:\/\/www.eldiario.net\/portal\/wp-content\/uploads\/2025\/06\/DSC_3505.jpg\" title=\"DSC_3505\"  data-caption=\"\"  data-description=\"\">\r\n                                <img decoding=\"async\" src=\"https:\/\/www.eldiario.net\/portal\/wp-content\/uploads\/2025\/06\/DSC_3505-629x420.jpg\" srcset=\"https:\/\/www.eldiario.net\/portal\/wp-content\/uploads\/2025\/06\/DSC_3505-629x420.jpg 629w, https:\/\/www.eldiario.net\/portal\/wp-content\/uploads\/2025\/06\/DSC_3505-300x200.jpg 300w, https:\/\/www.eldiario.net\/portal\/wp-content\/uploads\/2025\/06\/DSC_3505-1024x684.jpg 1024w, https:\/\/www.eldiario.net\/portal\/wp-content\/uploads\/2025\/06\/DSC_3505-768x513.jpg 768w, https:\/\/www.eldiario.net\/portal\/wp-content\/uploads\/2025\/06\/DSC_3505-696x465.jpg 696w, https:\/\/www.eldiario.net\/portal\/wp-content\/uploads\/2025\/06\/DSC_3505-1068x713.jpg 1068w, https:\/\/www.eldiario.net\/portal\/wp-content\/uploads\/2025\/06\/DSC_3505.jpg 1200w\" sizes=\"(max-width: 629px) 100vw, 629px\" alt=\"\">\r\n                            <\/a>\r\n                            \r\n                        <\/figure>\r\n                    <\/div>\r\n                    <div class = \"td-slide-item td-item11\">\r\n                        <figure class=\"td-slide-galery-figure td-slide-popup-gallery\">\r\n                            <a class=\"slide-gallery-image-link\" href=\"https:\/\/www.eldiario.net\/portal\/wp-content\/uploads\/2025\/06\/DSC_3509.jpg\" title=\"DSC_3509\"  data-caption=\"LAS INFALTABLES VESCA SOBRE ELLAS LOS EMBAJADORES MAHMOUD ALWANI Y HATEM EL NASHAR.\"  data-description=\"\">\r\n                                <img decoding=\"async\" src=\"https:\/\/www.eldiario.net\/portal\/wp-content\/uploads\/2025\/06\/DSC_3509-629x420.jpg\" srcset=\"https:\/\/www.eldiario.net\/portal\/wp-content\/uploads\/2025\/06\/DSC_3509-629x420.jpg 629w, https:\/\/www.eldiario.net\/portal\/wp-content\/uploads\/2025\/06\/DSC_3509-300x200.jpg 300w, https:\/\/www.eldiario.net\/portal\/wp-content\/uploads\/2025\/06\/DSC_3509-1024x684.jpg 1024w, https:\/\/www.eldiario.net\/portal\/wp-content\/uploads\/2025\/06\/DSC_3509-768x513.jpg 768w, https:\/\/www.eldiario.net\/portal\/wp-content\/uploads\/2025\/06\/DSC_3509-696x465.jpg 696w, https:\/\/www.eldiario.net\/portal\/wp-content\/uploads\/2025\/06\/DSC_3509-1068x713.jpg 1068w, https:\/\/www.eldiario.net\/portal\/wp-content\/uploads\/2025\/06\/DSC_3509.jpg 1200w\" sizes=\"(max-width: 629px) 100vw, 629px\" alt=\"\">\r\n                            <\/a>\r\n                            <figcaption class = \"td-slide-caption td-gallery-slide-content\"><div class = \"td-gallery-slide-copywrite\">LAS INFALTABLES VESCA SOBRE ELLAS LOS EMBAJADORES MAHMOUD ALWANI Y HATEM EL NASHAR.<\/div><\/figcaption>\r\n                        <\/figure>\r\n                    <\/div>\r\n                    <div class = \"td-slide-item td-item12\">\r\n                        <figure class=\"td-slide-galery-figure td-slide-popup-gallery\">\r\n                            <a class=\"slide-gallery-image-link\" href=\"https:\/\/www.eldiario.net\/portal\/wp-content\/uploads\/2025\/06\/DSC_3303.jpg\" title=\"DSC_3303\"  data-caption=\"LORENZO DE JOANNON, SILVIA ABELLO DE MESSINEO, EL EMBAJADOR DE ITALIA, FABIO MESSINEO, Y PASQUALE D&#039;ANGELO.\"  data-description=\"\">\r\n                                <img decoding=\"async\" src=\"https:\/\/www.eldiario.net\/portal\/wp-content\/uploads\/2025\/06\/DSC_3303-629x420.jpg\" srcset=\"https:\/\/www.eldiario.net\/portal\/wp-content\/uploads\/2025\/06\/DSC_3303-629x420.jpg 629w, https:\/\/www.eldiario.net\/portal\/wp-content\/uploads\/2025\/06\/DSC_3303-300x200.jpg 300w, https:\/\/www.eldiario.net\/portal\/wp-content\/uploads\/2025\/06\/DSC_3303-1024x684.jpg 1024w, https:\/\/www.eldiario.net\/portal\/wp-content\/uploads\/2025\/06\/DSC_3303-768x513.jpg 768w, https:\/\/www.eldiario.net\/portal\/wp-content\/uploads\/2025\/06\/DSC_3303-696x465.jpg 696w, https:\/\/www.eldiario.net\/portal\/wp-content\/uploads\/2025\/06\/DSC_3303-1068x713.jpg 1068w, https:\/\/www.eldiario.net\/portal\/wp-content\/uploads\/2025\/06\/DSC_3303.jpg 1200w\" sizes=\"(max-width: 629px) 100vw, 629px\" alt=\"\">\r\n                            <\/a>\r\n                            <figcaption class = \"td-slide-caption td-gallery-slide-content\"><div class = \"td-gallery-slide-copywrite\">LORENZO DE JOANNON, SILVIA ABELLO DE MESSINEO, EL EMBAJADOR DE ITALIA, FABIO MESSINEO, Y PASQUALE D'ANGELO.<\/div><\/figcaption>\r\n                        <\/figure>\r\n                    <\/div>\r\n                    <div class = \"td-slide-item td-item13\">\r\n                        <figure class=\"td-slide-galery-figure td-slide-popup-gallery\">\r\n                            <a class=\"slide-gallery-image-link\" href=\"https:\/\/www.eldiario.net\/portal\/wp-content\/uploads\/2025\/06\/DSC_3312.jpg\" title=\"DSC_3312\"  data-caption=\"GUILLEM MANSO, VICENTE ROMERO, EVELIA ARIAS Y JAIME ROYO.\"  data-description=\"\">\r\n                                <img decoding=\"async\" src=\"https:\/\/www.eldiario.net\/portal\/wp-content\/uploads\/2025\/06\/DSC_3312-629x420.jpg\" srcset=\"https:\/\/www.eldiario.net\/portal\/wp-content\/uploads\/2025\/06\/DSC_3312-629x420.jpg 629w, https:\/\/www.eldiario.net\/portal\/wp-content\/uploads\/2025\/06\/DSC_3312-300x200.jpg 300w, https:\/\/www.eldiario.net\/portal\/wp-content\/uploads\/2025\/06\/DSC_3312-1024x684.jpg 1024w, https:\/\/www.eldiario.net\/portal\/wp-content\/uploads\/2025\/06\/DSC_3312-768x513.jpg 768w, https:\/\/www.eldiario.net\/portal\/wp-content\/uploads\/2025\/06\/DSC_3312-696x465.jpg 696w, https:\/\/www.eldiario.net\/portal\/wp-content\/uploads\/2025\/06\/DSC_3312-1068x713.jpg 1068w, https:\/\/www.eldiario.net\/portal\/wp-content\/uploads\/2025\/06\/DSC_3312.jpg 1200w\" sizes=\"(max-width: 629px) 100vw, 629px\" alt=\"\">\r\n                            <\/a>\r\n                            <figcaption class = \"td-slide-caption td-gallery-slide-content\"><div class = \"td-gallery-slide-copywrite\">GUILLEM MANSO, VICENTE ROMERO, EVELIA ARIAS Y JAIME ROYO.<\/div><\/figcaption>\r\n                        <\/figure>\r\n                    <\/div>\r\n                    <div class = \"td-slide-item td-item14\">\r\n                        <figure class=\"td-slide-galery-figure td-slide-popup-gallery\">\r\n                            <a class=\"slide-gallery-image-link\" href=\"https:\/\/www.eldiario.net\/portal\/wp-content\/uploads\/2025\/06\/DSC_3328.jpg\" title=\"DSC_3328\"  data-caption=\"\"  data-description=\"\">\r\n                                <img decoding=\"async\" src=\"https:\/\/www.eldiario.net\/portal\/wp-content\/uploads\/2025\/06\/DSC_3328-629x420.jpg\" srcset=\"https:\/\/www.eldiario.net\/portal\/wp-content\/uploads\/2025\/06\/DSC_3328-629x420.jpg 629w, https:\/\/www.eldiario.net\/portal\/wp-content\/uploads\/2025\/06\/DSC_3328-300x200.jpg 300w, https:\/\/www.eldiario.net\/portal\/wp-content\/uploads\/2025\/06\/DSC_3328-1024x684.jpg 1024w, https:\/\/www.eldiario.net\/portal\/wp-content\/uploads\/2025\/06\/DSC_3328-768x513.jpg 768w, https:\/\/www.eldiario.net\/portal\/wp-content\/uploads\/2025\/06\/DSC_3328-696x465.jpg 696w, https:\/\/www.eldiario.net\/portal\/wp-content\/uploads\/2025\/06\/DSC_3328-1068x713.jpg 1068w, https:\/\/www.eldiario.net\/portal\/wp-content\/uploads\/2025\/06\/DSC_3328.jpg 1200w\" sizes=\"(max-width: 629px) 100vw, 629px\" alt=\"\">\r\n                            <\/a>\r\n                            \r\n                        <\/figure>\r\n                    <\/div>\r\n                    <div class = \"td-slide-item td-item15\">\r\n                        <figure class=\"td-slide-galery-figure td-slide-popup-gallery\">\r\n                            <a class=\"slide-gallery-image-link\" href=\"https:\/\/www.eldiario.net\/portal\/wp-content\/uploads\/2025\/06\/DSC_3334.jpg\" title=\"DSC_3334\"  data-caption=\"EL EMBAJADOR DE ITALIA, FABIO MESSINEO.\"  data-description=\"\">\r\n                                <img decoding=\"async\" src=\"https:\/\/www.eldiario.net\/portal\/wp-content\/uploads\/2025\/06\/DSC_3334-629x420.jpg\" srcset=\"https:\/\/www.eldiario.net\/portal\/wp-content\/uploads\/2025\/06\/DSC_3334-629x420.jpg 629w, https:\/\/www.eldiario.net\/portal\/wp-content\/uploads\/2025\/06\/DSC_3334-300x200.jpg 300w, https:\/\/www.eldiario.net\/portal\/wp-content\/uploads\/2025\/06\/DSC_3334-1024x684.jpg 1024w, https:\/\/www.eldiario.net\/portal\/wp-content\/uploads\/2025\/06\/DSC_3334-768x513.jpg 768w, https:\/\/www.eldiario.net\/portal\/wp-content\/uploads\/2025\/06\/DSC_3334-696x465.jpg 696w, https:\/\/www.eldiario.net\/portal\/wp-content\/uploads\/2025\/06\/DSC_3334-1068x713.jpg 1068w, https:\/\/www.eldiario.net\/portal\/wp-content\/uploads\/2025\/06\/DSC_3334.jpg 1200w\" sizes=\"(max-width: 629px) 100vw, 629px\" alt=\"\">\r\n                            <\/a>\r\n                            <figcaption class = \"td-slide-caption td-gallery-slide-content\"><div class = \"td-gallery-slide-copywrite\">EL EMBAJADOR DE ITALIA, FABIO MESSINEO.<\/div><\/figcaption>\r\n                        <\/figure>\r\n                    <\/div>\r\n                    <div class = \"td-slide-item td-item16\">\r\n                        <figure class=\"td-slide-galery-figure td-slide-popup-gallery\">\r\n                            <a class=\"slide-gallery-image-link\" href=\"https:\/\/www.eldiario.net\/portal\/wp-content\/uploads\/2025\/06\/DSC_3366.jpg\" title=\"DSC_3366\"  data-caption=\"MAYRA MONTERO, DIRECTORA GENERAL DE RELACIONES BILATERALES DE LA CANCILLER\u00cdA, PRESENTA SU SALUDO DE LA CANCILLER\u00cdA.\"  data-description=\"\">\r\n                                <img decoding=\"async\" src=\"https:\/\/www.eldiario.net\/portal\/wp-content\/uploads\/2025\/06\/DSC_3366-629x420.jpg\" srcset=\"https:\/\/www.eldiario.net\/portal\/wp-content\/uploads\/2025\/06\/DSC_3366-629x420.jpg 629w, https:\/\/www.eldiario.net\/portal\/wp-content\/uploads\/2025\/06\/DSC_3366-300x200.jpg 300w, https:\/\/www.eldiario.net\/portal\/wp-content\/uploads\/2025\/06\/DSC_3366-1024x684.jpg 1024w, https:\/\/www.eldiario.net\/portal\/wp-content\/uploads\/2025\/06\/DSC_3366-768x513.jpg 768w, https:\/\/www.eldiario.net\/portal\/wp-content\/uploads\/2025\/06\/DSC_3366-696x465.jpg 696w, https:\/\/www.eldiario.net\/portal\/wp-content\/uploads\/2025\/06\/DSC_3366-1068x713.jpg 1068w, https:\/\/www.eldiario.net\/portal\/wp-content\/uploads\/2025\/06\/DSC_3366.jpg 1200w\" sizes=\"(max-width: 629px) 100vw, 629px\" alt=\"\">\r\n                            <\/a>\r\n                            <figcaption class = \"td-slide-caption td-gallery-slide-content\"><div class = \"td-gallery-slide-copywrite\">MAYRA MONTERO, DIRECTORA GENERAL DE RELACIONES BILATERALES DE LA CANCILLER\u00cdA, PRESENTA SU SALUDO DE LA CANCILLER\u00cdA.<\/div><\/figcaption>\r\n                        <\/figure>\r\n                    <\/div>\r\n                    <div class = \"td-slide-item td-item17\">\r\n                        <figure class=\"td-slide-galery-figure td-slide-popup-gallery\">\r\n                            <a class=\"slide-gallery-image-link\" href=\"https:\/\/www.eldiario.net\/portal\/wp-content\/uploads\/2025\/06\/DSC_3374.jpg\" title=\"DSC_3374\"  data-caption=\"FABIO MESSINEO, JUAN PABLO ROCHA Y ANA CRISTINA ARAN\u00cdBAR\"  data-description=\"\">\r\n                                <img decoding=\"async\" src=\"https:\/\/www.eldiario.net\/portal\/wp-content\/uploads\/2025\/06\/DSC_3374-629x420.jpg\" srcset=\"https:\/\/www.eldiario.net\/portal\/wp-content\/uploads\/2025\/06\/DSC_3374-629x420.jpg 629w, https:\/\/www.eldiario.net\/portal\/wp-content\/uploads\/2025\/06\/DSC_3374-300x200.jpg 300w, https:\/\/www.eldiario.net\/portal\/wp-content\/uploads\/2025\/06\/DSC_3374-1024x684.jpg 1024w, https:\/\/www.eldiario.net\/portal\/wp-content\/uploads\/2025\/06\/DSC_3374-768x513.jpg 768w, https:\/\/www.eldiario.net\/portal\/wp-content\/uploads\/2025\/06\/DSC_3374-696x465.jpg 696w, https:\/\/www.eldiario.net\/portal\/wp-content\/uploads\/2025\/06\/DSC_3374-1068x713.jpg 1068w, https:\/\/www.eldiario.net\/portal\/wp-content\/uploads\/2025\/06\/DSC_3374.jpg 1200w\" sizes=\"(max-width: 629px) 100vw, 629px\" alt=\"\">\r\n                            <\/a>\r\n                            <figcaption class = \"td-slide-caption td-gallery-slide-content\"><div class = \"td-gallery-slide-copywrite\">FABIO MESSINEO, JUAN PABLO ROCHA Y ANA CRISTINA ARAN\u00cdBAR<\/div><\/figcaption>\r\n                        <\/figure>\r\n                    <\/div>\r\n                    <div class = \"td-slide-item td-item18\">\r\n                        <figure class=\"td-slide-galery-figure td-slide-popup-gallery\">\r\n                            <a class=\"slide-gallery-image-link\" href=\"https:\/\/www.eldiario.net\/portal\/wp-content\/uploads\/2025\/06\/DSC_3376.jpg\" title=\"DSC_3376\"  data-caption=\"ALEXANDRA BLANCO, RODOLFO RICHTER, EL EMBAJADOR FABIO MESSINEO Y SU ESPOSA, SILVIA ABELLO, ZUBIM ANDRADE Y DANIELA LIZARRO.\"  data-description=\"\">\r\n                                <img decoding=\"async\" src=\"https:\/\/www.eldiario.net\/portal\/wp-content\/uploads\/2025\/06\/DSC_3376-629x420.jpg\" srcset=\"https:\/\/www.eldiario.net\/portal\/wp-content\/uploads\/2025\/06\/DSC_3376-629x420.jpg 629w, https:\/\/www.eldiario.net\/portal\/wp-content\/uploads\/2025\/06\/DSC_3376-300x200.jpg 300w, https:\/\/www.eldiario.net\/portal\/wp-content\/uploads\/2025\/06\/DSC_3376-1024x684.jpg 1024w, https:\/\/www.eldiario.net\/portal\/wp-content\/uploads\/2025\/06\/DSC_3376-768x513.jpg 768w, https:\/\/www.eldiario.net\/portal\/wp-content\/uploads\/2025\/06\/DSC_3376-696x465.jpg 696w, https:\/\/www.eldiario.net\/portal\/wp-content\/uploads\/2025\/06\/DSC_3376-1068x713.jpg 1068w, https:\/\/www.eldiario.net\/portal\/wp-content\/uploads\/2025\/06\/DSC_3376.jpg 1200w\" sizes=\"(max-width: 629px) 100vw, 629px\" alt=\"\">\r\n                            <\/a>\r\n                            <figcaption class = \"td-slide-caption td-gallery-slide-content\"><div class = \"td-gallery-slide-copywrite\">ALEXANDRA BLANCO, RODOLFO RICHTER, EL EMBAJADOR FABIO MESSINEO Y SU ESPOSA, SILVIA ABELLO, ZUBIM ANDRADE Y DANIELA LIZARRO.<\/div><\/figcaption>\r\n                        <\/figure>\r\n                    <\/div>\r\n                    <div class = \"td-slide-item td-item19\">\r\n                        <figure class=\"td-slide-galery-figure td-slide-popup-gallery\">\r\n                            <a class=\"slide-gallery-image-link\" href=\"https:\/\/www.eldiario.net\/portal\/wp-content\/uploads\/2025\/06\/DSC_3380.jpg\" title=\"DSC_3380\"  data-caption=\"\u00d3SCAR NAVARRO, NICA CEREZO Y JOEL RODR\u00cdGUEZ.\"  data-description=\"\">\r\n                                <img decoding=\"async\" src=\"https:\/\/www.eldiario.net\/portal\/wp-content\/uploads\/2025\/06\/DSC_3380-629x420.jpg\" srcset=\"https:\/\/www.eldiario.net\/portal\/wp-content\/uploads\/2025\/06\/DSC_3380-629x420.jpg 629w, https:\/\/www.eldiario.net\/portal\/wp-content\/uploads\/2025\/06\/DSC_3380-300x200.jpg 300w, https:\/\/www.eldiario.net\/portal\/wp-content\/uploads\/2025\/06\/DSC_3380-1024x684.jpg 1024w, https:\/\/www.eldiario.net\/portal\/wp-content\/uploads\/2025\/06\/DSC_3380-768x513.jpg 768w, https:\/\/www.eldiario.net\/portal\/wp-content\/uploads\/2025\/06\/DSC_3380-696x465.jpg 696w, https:\/\/www.eldiario.net\/portal\/wp-content\/uploads\/2025\/06\/DSC_3380-1068x713.jpg 1068w, https:\/\/www.eldiario.net\/portal\/wp-content\/uploads\/2025\/06\/DSC_3380.jpg 1200w\" sizes=\"(max-width: 629px) 100vw, 629px\" alt=\"\">\r\n                            <\/a>\r\n                            <figcaption class = \"td-slide-caption td-gallery-slide-content\"><div class = \"td-gallery-slide-copywrite\">\u00d3SCAR NAVARRO, NICA CEREZO Y JOEL RODR\u00cdGUEZ.<\/div><\/figcaption>\r\n                        <\/figure>\r\n                    <\/div>\r\n                    <div class = \"td-slide-item td-item20\">\r\n                        <figure class=\"td-slide-galery-figure td-slide-popup-gallery\">\r\n                            <a class=\"slide-gallery-image-link\" href=\"https:\/\/www.eldiario.net\/portal\/wp-content\/uploads\/2025\/06\/DSC_3382.jpg\" title=\"DSC_3382\"  data-caption=\"P. IV\u00c1N, JUAN CARLOS SILES Y SIDNEY DOS SANTOS.\"  data-description=\"\">\r\n                                <img decoding=\"async\" src=\"https:\/\/www.eldiario.net\/portal\/wp-content\/uploads\/2025\/06\/DSC_3382-629x420.jpg\" srcset=\"https:\/\/www.eldiario.net\/portal\/wp-content\/uploads\/2025\/06\/DSC_3382-629x420.jpg 629w, https:\/\/www.eldiario.net\/portal\/wp-content\/uploads\/2025\/06\/DSC_3382-300x200.jpg 300w, https:\/\/www.eldiario.net\/portal\/wp-content\/uploads\/2025\/06\/DSC_3382-1024x684.jpg 1024w, https:\/\/www.eldiario.net\/portal\/wp-content\/uploads\/2025\/06\/DSC_3382-768x513.jpg 768w, https:\/\/www.eldiario.net\/portal\/wp-content\/uploads\/2025\/06\/DSC_3382-696x465.jpg 696w, https:\/\/www.eldiario.net\/portal\/wp-content\/uploads\/2025\/06\/DSC_3382-1068x713.jpg 1068w, https:\/\/www.eldiario.net\/portal\/wp-content\/uploads\/2025\/06\/DSC_3382.jpg 1200w\" sizes=\"(max-width: 629px) 100vw, 629px\" alt=\"\">\r\n                            <\/a>\r\n                            <figcaption class = \"td-slide-caption td-gallery-slide-content\"><div class = \"td-gallery-slide-copywrite\">P. IV\u00c1N, JUAN CARLOS SILES Y SIDNEY DOS SANTOS.<\/div><\/figcaption>\r\n                        <\/figure>\r\n                    <\/div>\r\n                    <div class = \"td-slide-item td-item21\">\r\n                        <figure class=\"td-slide-galery-figure td-slide-popup-gallery\">\r\n                            <a class=\"slide-gallery-image-link\" href=\"https:\/\/www.eldiario.net\/portal\/wp-content\/uploads\/2025\/06\/DSC_3408.jpg\" title=\"DSC_3408\"  data-caption=\"CARLA Y ROLANDO KEMPFF, LOS EMBAJADORES MESSINEO Y JOEL RODR\u00cdGUEZ.\"  data-description=\"\">\r\n                                <img decoding=\"async\" src=\"https:\/\/www.eldiario.net\/portal\/wp-content\/uploads\/2025\/06\/DSC_3408-629x420.jpg\" srcset=\"https:\/\/www.eldiario.net\/portal\/wp-content\/uploads\/2025\/06\/DSC_3408-629x420.jpg 629w, https:\/\/www.eldiario.net\/portal\/wp-content\/uploads\/2025\/06\/DSC_3408-300x200.jpg 300w, https:\/\/www.eldiario.net\/portal\/wp-content\/uploads\/2025\/06\/DSC_3408-1024x684.jpg 1024w, https:\/\/www.eldiario.net\/portal\/wp-content\/uploads\/2025\/06\/DSC_3408-768x513.jpg 768w, https:\/\/www.eldiario.net\/portal\/wp-content\/uploads\/2025\/06\/DSC_3408-696x465.jpg 696w, https:\/\/www.eldiario.net\/portal\/wp-content\/uploads\/2025\/06\/DSC_3408-1068x713.jpg 1068w, https:\/\/www.eldiario.net\/portal\/wp-content\/uploads\/2025\/06\/DSC_3408.jpg 1200w\" sizes=\"(max-width: 629px) 100vw, 629px\" alt=\"\">\r\n                            <\/a>\r\n                            <figcaption class = \"td-slide-caption td-gallery-slide-content\"><div class = \"td-gallery-slide-copywrite\">CARLA Y ROLANDO KEMPFF, LOS EMBAJADORES MESSINEO Y JOEL RODR\u00cdGUEZ.<\/div><\/figcaption>\r\n                        <\/figure>\r\n                    <\/div>\r\n                    <div class = \"td-slide-item td-item22\">\r\n                        <figure class=\"td-slide-galery-figure td-slide-popup-gallery\">\r\n                            <a class=\"slide-gallery-image-link\" href=\"https:\/\/www.eldiario.net\/portal\/wp-content\/uploads\/2025\/06\/DSC_3415.jpg\" title=\"DSC_3415\"  data-caption=\"MAHMOUD ALWANI, SERGIO FERIDES, ANDREA KUSCEVIC, ADRIANA VERA, JOS\u00c9 CARLOS CAMPERO, EL\u00cdAS CH\u00c9VEZ Y EDUARDO SOSA.\"  data-description=\"\">\r\n                                <img decoding=\"async\" src=\"https:\/\/www.eldiario.net\/portal\/wp-content\/uploads\/2025\/06\/DSC_3415-629x420.jpg\" srcset=\"https:\/\/www.eldiario.net\/portal\/wp-content\/uploads\/2025\/06\/DSC_3415-629x420.jpg 629w, https:\/\/www.eldiario.net\/portal\/wp-content\/uploads\/2025\/06\/DSC_3415-300x200.jpg 300w, https:\/\/www.eldiario.net\/portal\/wp-content\/uploads\/2025\/06\/DSC_3415-1024x684.jpg 1024w, https:\/\/www.eldiario.net\/portal\/wp-content\/uploads\/2025\/06\/DSC_3415-768x513.jpg 768w, https:\/\/www.eldiario.net\/portal\/wp-content\/uploads\/2025\/06\/DSC_3415-696x465.jpg 696w, https:\/\/www.eldiario.net\/portal\/wp-content\/uploads\/2025\/06\/DSC_3415-1068x713.jpg 1068w, https:\/\/www.eldiario.net\/portal\/wp-content\/uploads\/2025\/06\/DSC_3415.jpg 1200w\" sizes=\"(max-width: 629px) 100vw, 629px\" alt=\"\">\r\n                            <\/a>\r\n                            <figcaption class = \"td-slide-caption td-gallery-slide-content\"><div class = \"td-gallery-slide-copywrite\">MAHMOUD ALWANI, SERGIO FERIDES, ANDREA KUSCEVIC, ADRIANA VERA, JOS\u00c9 CARLOS CAMPERO, EL\u00cdAS CH\u00c9VEZ Y EDUARDO SOSA.<\/div><\/figcaption>\r\n                        <\/figure>\r\n                    <\/div>\r\n                    <div class = \"td-slide-item td-item23\">\r\n                        <figure class=\"td-slide-galery-figure td-slide-popup-gallery\">\r\n                            <a class=\"slide-gallery-image-link\" href=\"https:\/\/www.eldiario.net\/portal\/wp-content\/uploads\/2025\/06\/DSC_3420.jpg\" title=\"DSC_3420\"  data-caption=\"EMBAJADORES MAHMOUD ALWANI, PALESTINA, Y MARCELO MASSONI, ARGENTINA; P. ANTONIO DELGADO, CATALINA OLIVERO, WANG LIANG, EMBAJADOR DE CHINA, Y EDUARDO SOSA, EMBAJADOR DE M\u00c9XICO.\"  data-description=\"\">\r\n                                <img decoding=\"async\" src=\"https:\/\/www.eldiario.net\/portal\/wp-content\/uploads\/2025\/06\/DSC_3420-629x420.jpg\" srcset=\"https:\/\/www.eldiario.net\/portal\/wp-content\/uploads\/2025\/06\/DSC_3420-629x420.jpg 629w, https:\/\/www.eldiario.net\/portal\/wp-content\/uploads\/2025\/06\/DSC_3420-300x200.jpg 300w, https:\/\/www.eldiario.net\/portal\/wp-content\/uploads\/2025\/06\/DSC_3420-1024x684.jpg 1024w, https:\/\/www.eldiario.net\/portal\/wp-content\/uploads\/2025\/06\/DSC_3420-768x513.jpg 768w, https:\/\/www.eldiario.net\/portal\/wp-content\/uploads\/2025\/06\/DSC_3420-696x465.jpg 696w, https:\/\/www.eldiario.net\/portal\/wp-content\/uploads\/2025\/06\/DSC_3420-1068x713.jpg 1068w, https:\/\/www.eldiario.net\/portal\/wp-content\/uploads\/2025\/06\/DSC_3420.jpg 1200w\" sizes=\"(max-width: 629px) 100vw, 629px\" alt=\"\">\r\n                            <\/a>\r\n                            <figcaption class = \"td-slide-caption td-gallery-slide-content\"><div class = \"td-gallery-slide-copywrite\">EMBAJADORES MAHMOUD ALWANI, PALESTINA, Y MARCELO MASSONI, ARGENTINA; P. ANTONIO DELGADO, CATALINA OLIVERO, WANG LIANG, EMBAJADOR DE CHINA, Y EDUARDO SOSA, EMBAJADOR DE M\u00c9XICO.<\/div><\/figcaption>\r\n                        <\/figure>\r\n                    <\/div>\r\n                    <div class = \"td-slide-item td-item24\">\r\n                        <figure class=\"td-slide-galery-figure td-slide-popup-gallery\">\r\n                            <a class=\"slide-gallery-image-link\" href=\"https:\/\/www.eldiario.net\/portal\/wp-content\/uploads\/2025\/06\/DSC_3425.jpg\" title=\"DSC_3425\"  data-caption=\"\"  data-description=\"\">\r\n                                <img decoding=\"async\" src=\"https:\/\/www.eldiario.net\/portal\/wp-content\/uploads\/2025\/06\/DSC_3425-629x420.jpg\" srcset=\"https:\/\/www.eldiario.net\/portal\/wp-content\/uploads\/2025\/06\/DSC_3425-629x420.jpg 629w, https:\/\/www.eldiario.net\/portal\/wp-content\/uploads\/2025\/06\/DSC_3425-300x200.jpg 300w, https:\/\/www.eldiario.net\/portal\/wp-content\/uploads\/2025\/06\/DSC_3425-1024x684.jpg 1024w, https:\/\/www.eldiario.net\/portal\/wp-content\/uploads\/2025\/06\/DSC_3425-768x513.jpg 768w, https:\/\/www.eldiario.net\/portal\/wp-content\/uploads\/2025\/06\/DSC_3425-696x465.jpg 696w, https:\/\/www.eldiario.net\/portal\/wp-content\/uploads\/2025\/06\/DSC_3425-1068x713.jpg 1068w, https:\/\/www.eldiario.net\/portal\/wp-content\/uploads\/2025\/06\/DSC_3425.jpg 1200w\" sizes=\"(max-width: 629px) 100vw, 629px\" alt=\"\">\r\n                            <\/a>\r\n                            \r\n                        <\/figure>\r\n                    <\/div>\r\n                    <div class = \"td-slide-item td-item25\">\r\n                        <figure class=\"td-slide-galery-figure td-slide-popup-gallery\">\r\n                            <a class=\"slide-gallery-image-link\" href=\"https:\/\/www.eldiario.net\/portal\/wp-content\/uploads\/2025\/06\/DSC_3431.jpg\" title=\"DSC_3431\"  data-caption=\"RICHARD PORTER, EMBAJADOR DEL REINO UNIDO; ADRIANA SILES, ALEJANDRO PIMENTEL Y SIDNEY DOS SANTOS.\"  data-description=\"\">\r\n                                <img decoding=\"async\" src=\"https:\/\/www.eldiario.net\/portal\/wp-content\/uploads\/2025\/06\/DSC_3431-629x420.jpg\" srcset=\"https:\/\/www.eldiario.net\/portal\/wp-content\/uploads\/2025\/06\/DSC_3431-629x420.jpg 629w, https:\/\/www.eldiario.net\/portal\/wp-content\/uploads\/2025\/06\/DSC_3431-300x200.jpg 300w, https:\/\/www.eldiario.net\/portal\/wp-content\/uploads\/2025\/06\/DSC_3431-1024x684.jpg 1024w, https:\/\/www.eldiario.net\/portal\/wp-content\/uploads\/2025\/06\/DSC_3431-768x513.jpg 768w, https:\/\/www.eldiario.net\/portal\/wp-content\/uploads\/2025\/06\/DSC_3431-696x465.jpg 696w, https:\/\/www.eldiario.net\/portal\/wp-content\/uploads\/2025\/06\/DSC_3431-1068x713.jpg 1068w, https:\/\/www.eldiario.net\/portal\/wp-content\/uploads\/2025\/06\/DSC_3431.jpg 1200w\" sizes=\"(max-width: 629px) 100vw, 629px\" alt=\"\">\r\n                            <\/a>\r\n                            <figcaption class = \"td-slide-caption td-gallery-slide-content\"><div class = \"td-gallery-slide-copywrite\">RICHARD PORTER, EMBAJADOR DEL REINO UNIDO; ADRIANA SILES, ALEJANDRO PIMENTEL Y SIDNEY DOS SANTOS.<\/div><\/figcaption>\r\n                        <\/figure>\r\n                    <\/div>\r\n                            <\/div>\r\n                        <\/div>\r\n\r\n                        <div class = \"td-doubleSlider-2\">\r\n                            <div class = \"td-slider\">\r\n                                \r\n                    <div class = \"td-button td-item1\">\r\n                        <div class = \"td-border\"><\/div>\r\n                    <\/div>\r\n                    <div class = \"td-button td-item2\">\r\n                        <div class = \"td-border\"><\/div>\r\n                    <\/div>\r\n                    <div class = \"td-button td-item3\">\r\n                        <div class = \"td-border\"><\/div>\r\n                    <\/div>\r\n                    <div class = \"td-button td-item4\">\r\n                        <div class = \"td-border\"><\/div>\r\n                    <\/div>\r\n                    <div class = \"td-button td-item5\">\r\n                        <div class = \"td-border\"><\/div>\r\n                    <\/div>\r\n                    <div class = \"td-button td-item6\">\r\n                        <div class = \"td-border\"><\/div>\r\n                    <\/div>\r\n                    <div class = \"td-button td-item7\">\r\n                        <div class = \"td-border\"><\/div>\r\n                    <\/div>\r\n                    <div class = \"td-button td-item8\">\r\n                        <div class = \"td-border\"><\/div>\r\n                    <\/div>\r\n                    <div class = \"td-button td-item9\">\r\n                        <div class = \"td-border\"><\/div>\r\n                    <\/div>\r\n                    <div class = \"td-button td-item10\">\r\n                        <div class = \"td-border\"><\/div>\r\n                    <\/div>\r\n                    <div class = \"td-button td-item11\">\r\n                        <div class = \"td-border\"><\/div>\r\n                    <\/div>\r\n                    <div class = \"td-button td-item12\">\r\n                        <div class = \"td-border\"><\/div>\r\n                    <\/div>\r\n                    <div class = \"td-button td-item13\">\r\n                        <div class = \"td-border\"><\/div>\r\n                    <\/div>\r\n                    <div class = \"td-button td-item14\">\r\n                        <div class = \"td-border\"><\/div>\r\n                    <\/div>\r\n                    <div class = \"td-button td-item15\">\r\n                        <div class = \"td-border\"><\/div>\r\n                    <\/div>\r\n                    <div class = \"td-button td-item16\">\r\n                        <div class = \"td-border\"><\/div>\r\n                    <\/div>\r\n                    <div class = \"td-button td-item17\">\r\n                        <div class = \"td-border\"><\/div>\r\n                    <\/div>\r\n                    <div class = \"td-button td-item18\">\r\n                        <div class = \"td-border\"><\/div>\r\n                    <\/div>\r\n                    <div class = \"td-button td-item19\">\r\n                        <div class = \"td-border\"><\/div>\r\n                    <\/div>\r\n                    <div class = \"td-button td-item20\">\r\n                        <div class = \"td-border\"><\/div>\r\n                    <\/div>\r\n                    <div class = \"td-button td-item21\">\r\n                        <div class = \"td-border\"><\/div>\r\n                    <\/div>\r\n                    <div class = \"td-button td-item22\">\r\n                        <div class = \"td-border\"><\/div>\r\n                    <\/div>\r\n                    <div class = \"td-button td-item23\">\r\n                        <div class = \"td-border\"><\/div>\r\n                    <\/div>\r\n                    <div class = \"td-button td-item24\">\r\n                        <div class = \"td-border\"><\/div>\r\n                    <\/div>\r\n                    <div class = \"td-button td-item25\">\r\n                        <div class = \"td-border\"><\/div>\r\n                    <\/div>\r\n                            <\/div>\r\n                        <\/div>\r\n\r\n                    <\/div>\r\n\r\n                <\/div>\r\n                \n","protected":false},"excerpt":{"rendered":"<p>En un ambiente selecto y lleno de finos detalles, el embajador de Italia, Fabio Messineo, y su esposa, Silvia Abello de Messineo, celebraron la \u00abFesta della Repubblica Italiana\u00bb, que se recuerda el 2 de junio. En la selecta celebraci\u00f3n resalt\u00f3 no solo la rica cultura italiana, sino tambi\u00e9n los profundos lazos de cooperaci\u00f3n y amistad [&hellip;]<\/p>\n","protected":false},"author":1,"featured_media":307303,"comment_status":"closed","ping_status":"open","sticky":false,"template":"","format":"standard","meta":{"_acf_changed":false,"footnotes":""},"categories":[40],"tags":[],"class_list":["post-307291","post","type-post","status-publish","format-standard","has-post-thumbnail","category-sociales"],"acf":{"antetitulo":""},"yoast_head":"<!-- This site is optimized with the Yoast SEO plugin v28.4 - https:\/\/yoast.com\/product\/yoast-seo-wordpress\/ -->\n<title>Fiesta de la Rep\u00fablica de Italia - El Diario - Bolivia<\/title>\n<meta name=\"robots\" content=\"index, follow, max-snippet:-1, max-image-preview:large, max-video-preview:-1\" \/>\n<link rel=\"canonical\" href=\"https:\/\/www.eldiario.net\/portal\/2025\/06\/04\/fiesta-de-la-republica-de-italia\/\" \/>\n<meta property=\"og:locale\" content=\"es_ES\" \/>\n<meta property=\"og:type\" content=\"article\" \/>\n<meta property=\"og:title\" content=\"Fiesta de la Rep\u00fablica de Italia - El Diario - Bolivia\" \/>\n<meta property=\"og:description\" content=\"En un ambiente selecto y lleno de finos detalles, el embajador de Italia, Fabio Messineo, y su esposa, Silvia Abello de Messineo, celebraron la \u00abFesta della Repubblica Italiana\u00bb, que se recuerda el 2 de junio. En la selecta celebraci\u00f3n resalt\u00f3 no solo la rica cultura italiana, sino tambi\u00e9n los profundos lazos de cooperaci\u00f3n y amistad [&hellip;]\" \/>\n<meta property=\"og:url\" content=\"https:\/\/www.eldiario.net\/portal\/2025\/06\/04\/fiesta-de-la-republica-de-italia\/\" \/>\n<meta property=\"og:site_name\" content=\"El Diario - Bolivia\" \/>\n<meta property=\"article:publisher\" content=\"https:\/\/www.facebook.com\/eldiario.bolivia\/\" \/>\n<meta property=\"article:published_time\" content=\"2025-06-04T10:22:00+00:00\" \/>\n<meta property=\"article:modified_time\" content=\"2025-06-06T02:19:18+00:00\" \/>\n<meta property=\"og:image\" content=\"https:\/\/www.eldiario.net\/portal\/wp-content\/uploads\/2025\/06\/DSC_3303.jpg\" \/>\n\t<meta property=\"og:image:width\" content=\"1200\" \/>\n\t<meta property=\"og:image:height\" content=\"801\" \/>\n\t<meta property=\"og:image:type\" content=\"image\/jpeg\" \/>\n<meta name=\"author\" content=\"Jeanette\" \/>\n<meta name=\"twitter:card\" content=\"summary_large_image\" \/>\n<meta name=\"twitter:creator\" content=\"@eldiario_net\" \/>\n<meta name=\"twitter:site\" content=\"@eldiario_net\" \/>\n<meta name=\"twitter:label1\" content=\"Escrito por\" \/>\n\t<meta name=\"twitter:data1\" content=\"Jeanette\" \/>\n\t<meta name=\"twitter:label2\" content=\"Tiempo de lectura\" \/>\n\t<meta name=\"twitter:data2\" content=\"2 minutos\" \/>\n<script type=\"application\/ld+json\" class=\"yoast-schema-graph\">{\"@context\":\"https:\\\/\\\/schema.org\",\"@graph\":[{\"@type\":\"Article\",\"@id\":\"https:\\\/\\\/www.eldiario.net\\\/portal\\\/2025\\\/06\\\/04\\\/fiesta-de-la-republica-de-italia\\\/#article\",\"isPartOf\":{\"@id\":\"https:\\\/\\\/www.eldiario.net\\\/portal\\\/2025\\\/06\\\/04\\\/fiesta-de-la-republica-de-italia\\\/\"},\"author\":{\"name\":\"Jeanette\",\"@id\":\"https:\\\/\\\/www.eldiario.net\\\/portal\\\/#\\\/schema\\\/person\\\/f46445640444750d7d753ccd04ae01b7\"},\"headline\":\"Fiesta de la Rep\u00fablica de Italia\",\"datePublished\":\"2025-06-04T10:22:00+00:00\",\"dateModified\":\"2025-06-06T02:19:18+00:00\",\"mainEntityOfPage\":{\"@id\":\"https:\\\/\\\/www.eldiario.net\\\/portal\\\/2025\\\/06\\\/04\\\/fiesta-de-la-republica-de-italia\\\/\"},\"wordCount\":412,\"publisher\":{\"@id\":\"https:\\\/\\\/www.eldiario.net\\\/portal\\\/#organization\"},\"image\":{\"@id\":\"https:\\\/\\\/www.eldiario.net\\\/portal\\\/2025\\\/06\\\/04\\\/fiesta-de-la-republica-de-italia\\\/#primaryimage\"},\"thumbnailUrl\":\"https:\\\/\\\/www.eldiario.net\\\/portal\\\/wp-content\\\/uploads\\\/2025\\\/06\\\/DSC_3303.jpg\",\"articleSection\":[\"Sociales\"],\"inLanguage\":\"es\"},{\"@type\":\"WebPage\",\"@id\":\"https:\\\/\\\/www.eldiario.net\\\/portal\\\/2025\\\/06\\\/04\\\/fiesta-de-la-republica-de-italia\\\/\",\"url\":\"https:\\\/\\\/www.eldiario.net\\\/portal\\\/2025\\\/06\\\/04\\\/fiesta-de-la-republica-de-italia\\\/\",\"name\":\"Fiesta de la Rep\u00fablica de Italia - El Diario - Bolivia\",\"isPartOf\":{\"@id\":\"https:\\\/\\\/www.eldiario.net\\\/portal\\\/#website\"},\"primaryImageOfPage\":{\"@id\":\"https:\\\/\\\/www.eldiario.net\\\/portal\\\/2025\\\/06\\\/04\\\/fiesta-de-la-republica-de-italia\\\/#primaryimage\"},\"image\":{\"@id\":\"https:\\\/\\\/www.eldiario.net\\\/portal\\\/2025\\\/06\\\/04\\\/fiesta-de-la-republica-de-italia\\\/#primaryimage\"},\"thumbnailUrl\":\"https:\\\/\\\/www.eldiario.net\\\/portal\\\/wp-content\\\/uploads\\\/2025\\\/06\\\/DSC_3303.jpg\",\"datePublished\":\"2025-06-04T10:22:00+00:00\",\"dateModified\":\"2025-06-06T02:19:18+00:00\",\"breadcrumb\":{\"@id\":\"https:\\\/\\\/www.eldiario.net\\\/portal\\\/2025\\\/06\\\/04\\\/fiesta-de-la-republica-de-italia\\\/#breadcrumb\"},\"inLanguage\":\"es\",\"potentialAction\":[{\"@type\":\"ReadAction\",\"target\":[\"https:\\\/\\\/www.eldiario.net\\\/portal\\\/2025\\\/06\\\/04\\\/fiesta-de-la-republica-de-italia\\\/\"]}]},{\"@type\":\"ImageObject\",\"inLanguage\":\"es\",\"@id\":\"https:\\\/\\\/www.eldiario.net\\\/portal\\\/2025\\\/06\\\/04\\\/fiesta-de-la-republica-de-italia\\\/#primaryimage\",\"url\":\"https:\\\/\\\/www.eldiario.net\\\/portal\\\/wp-content\\\/uploads\\\/2025\\\/06\\\/DSC_3303.jpg\",\"contentUrl\":\"https:\\\/\\\/www.eldiario.net\\\/portal\\\/wp-content\\\/uploads\\\/2025\\\/06\\\/DSC_3303.jpg\",\"width\":1200,\"height\":801,\"caption\":\"LORENZO DE JOANNON, SILVIA ABELLO DE MESSINEO, EL EMBAJADOR DE ITALIA, FABIO MESSINEO, Y PASQUALE D'ANGELO.\"},{\"@type\":\"BreadcrumbList\",\"@id\":\"https:\\\/\\\/www.eldiario.net\\\/portal\\\/2025\\\/06\\\/04\\\/fiesta-de-la-republica-de-italia\\\/#breadcrumb\",\"itemListElement\":[{\"@type\":\"ListItem\",\"position\":1,\"name\":\"Portada\",\"item\":\"https:\\\/\\\/www.eldiario.net\\\/portal\\\/\"},{\"@type\":\"ListItem\",\"position\":2,\"name\":\"Fiesta de la Rep\u00fablica de Italia\"}]},{\"@type\":\"WebSite\",\"@id\":\"https:\\\/\\\/www.eldiario.net\\\/portal\\\/#website\",\"url\":\"https:\\\/\\\/www.eldiario.net\\\/portal\\\/\",\"name\":\"El Diario - Decano de la prensa nacional\",\"description\":\"El Diario - Decano de la prensa nacional\",\"publisher\":{\"@id\":\"https:\\\/\\\/www.eldiario.net\\\/portal\\\/#organization\"},\"potentialAction\":[{\"@type\":\"SearchAction\",\"target\":{\"@type\":\"EntryPoint\",\"urlTemplate\":\"https:\\\/\\\/www.eldiario.net\\\/portal\\\/?s={search_term_string}\"},\"query-input\":{\"@type\":\"PropertyValueSpecification\",\"valueRequired\":true,\"valueName\":\"search_term_string\"}}],\"inLanguage\":\"es\"},{\"@type\":\"Organization\",\"@id\":\"https:\\\/\\\/www.eldiario.net\\\/portal\\\/#organization\",\"name\":\"El Diario - Decano de la prensa nacional\",\"url\":\"https:\\\/\\\/www.eldiario.net\\\/portal\\\/\",\"logo\":{\"@type\":\"ImageObject\",\"inLanguage\":\"es\",\"@id\":\"https:\\\/\\\/www.eldiario.net\\\/portal\\\/#\\\/schema\\\/logo\\\/image\\\/\",\"url\":\"https:\\\/\\\/www.eldiario.net\\\/portal\\\/wp-content\\\/uploads\\\/2023\\\/07\\\/logo_ED.jpg\",\"contentUrl\":\"https:\\\/\\\/www.eldiario.net\\\/portal\\\/wp-content\\\/uploads\\\/2023\\\/07\\\/logo_ED.jpg\",\"width\":272,\"height\":52,\"caption\":\"El Diario - Decano de la prensa nacional\"},\"image\":{\"@id\":\"https:\\\/\\\/www.eldiario.net\\\/portal\\\/#\\\/schema\\\/logo\\\/image\\\/\"},\"sameAs\":[\"https:\\\/\\\/www.facebook.com\\\/eldiario.bolivia\\\/\",\"https:\\\/\\\/x.com\\\/eldiario_net\"]},{\"@type\":\"Person\",\"@id\":\"https:\\\/\\\/www.eldiario.net\\\/portal\\\/#\\\/schema\\\/person\\\/f46445640444750d7d753ccd04ae01b7\",\"name\":\"Jeanette\",\"image\":{\"@type\":\"ImageObject\",\"inLanguage\":\"es\",\"@id\":\"https:\\\/\\\/secure.gravatar.com\\\/avatar\\\/3ea2118a5f7dad2b7138b1187a6b7ee55f160b9968b66013c3a3ef39dd7e5798?s=96&d=mm&r=g\",\"url\":\"https:\\\/\\\/secure.gravatar.com\\\/avatar\\\/3ea2118a5f7dad2b7138b1187a6b7ee55f160b9968b66013c3a3ef39dd7e5798?s=96&d=mm&r=g\",\"contentUrl\":\"https:\\\/\\\/secure.gravatar.com\\\/avatar\\\/3ea2118a5f7dad2b7138b1187a6b7ee55f160b9968b66013c3a3ef39dd7e5798?s=96&d=mm&r=g\",\"caption\":\"Jeanette\"},\"sameAs\":[\"https:\\\/\\\/www.eldiario.net\\\/portal\"],\"url\":\"https:\\\/\\\/www.eldiario.net\\\/portal\\\/author\\\/jeanette\\\/\"}]}<\/script>\n<!-- \/ Yoast SEO plugin. -->","yoast_head_json":{"title":"Fiesta de la Rep\u00fablica de Italia - El Diario - Bolivia","robots":{"index":"index","follow":"follow","max-snippet":"max-snippet:-1","max-image-preview":"max-image-preview:large","max-video-preview":"max-video-preview:-1"},"canonical":"https:\/\/www.eldiario.net\/portal\/2025\/06\/04\/fiesta-de-la-republica-de-italia\/","og_locale":"es_ES","og_type":"article","og_title":"Fiesta de la Rep\u00fablica de Italia - El Diario - Bolivia","og_description":"En un ambiente selecto y lleno de finos detalles, el embajador de Italia, Fabio Messineo, y su esposa, Silvia Abello de Messineo, celebraron la \u00abFesta della Repubblica Italiana\u00bb, que se recuerda el 2 de junio. En la selecta celebraci\u00f3n resalt\u00f3 no solo la rica cultura italiana, sino tambi\u00e9n los profundos lazos de cooperaci\u00f3n y amistad [&hellip;]","og_url":"https:\/\/www.eldiario.net\/portal\/2025\/06\/04\/fiesta-de-la-republica-de-italia\/","og_site_name":"El Diario - Bolivia","article_publisher":"https:\/\/www.facebook.com\/eldiario.bolivia\/","article_published_time":"2025-06-04T10:22:00+00:00","article_modified_time":"2025-06-06T02:19:18+00:00","og_image":[{"width":1200,"height":801,"url":"https:\/\/www.eldiario.net\/portal\/wp-content\/uploads\/2025\/06\/DSC_3303.jpg","type":"image\/jpeg"}],"author":"Jeanette","twitter_card":"summary_large_image","twitter_creator":"@eldiario_net","twitter_site":"@eldiario_net","twitter_misc":{"Escrito por":"Jeanette","Tiempo de lectura":"2 minutos"},"schema":{"@context":"https:\/\/schema.org","@graph":[{"@type":"Article","@id":"https:\/\/www.eldiario.net\/portal\/2025\/06\/04\/fiesta-de-la-republica-de-italia\/#article","isPartOf":{"@id":"https:\/\/www.eldiario.net\/portal\/2025\/06\/04\/fiesta-de-la-republica-de-italia\/"},"author":{"name":"Jeanette","@id":"https:\/\/www.eldiario.net\/portal\/#\/schema\/person\/f46445640444750d7d753ccd04ae01b7"},"headline":"Fiesta de la Rep\u00fablica de Italia","datePublished":"2025-06-04T10:22:00+00:00","dateModified":"2025-06-06T02:19:18+00:00","mainEntityOfPage":{"@id":"https:\/\/www.eldiario.net\/portal\/2025\/06\/04\/fiesta-de-la-republica-de-italia\/"},"wordCount":412,"publisher":{"@id":"https:\/\/www.eldiario.net\/portal\/#organization"},"image":{"@id":"https:\/\/www.eldiario.net\/portal\/2025\/06\/04\/fiesta-de-la-republica-de-italia\/#primaryimage"},"thumbnailUrl":"https:\/\/www.eldiario.net\/portal\/wp-content\/uploads\/2025\/06\/DSC_3303.jpg","articleSection":["Sociales"],"inLanguage":"es"},{"@type":"WebPage","@id":"https:\/\/www.eldiario.net\/portal\/2025\/06\/04\/fiesta-de-la-republica-de-italia\/","url":"https:\/\/www.eldiario.net\/portal\/2025\/06\/04\/fiesta-de-la-republica-de-italia\/","name":"Fiesta de la Rep\u00fablica de Italia - El Diario - Bolivia","isPartOf":{"@id":"https:\/\/www.eldiario.net\/portal\/#website"},"primaryImageOfPage":{"@id":"https:\/\/www.eldiario.net\/portal\/2025\/06\/04\/fiesta-de-la-republica-de-italia\/#primaryimage"},"image":{"@id":"https:\/\/www.eldiario.net\/portal\/2025\/06\/04\/fiesta-de-la-republica-de-italia\/#primaryimage"},"thumbnailUrl":"https:\/\/www.eldiario.net\/portal\/wp-content\/uploads\/2025\/06\/DSC_3303.jpg","datePublished":"2025-06-04T10:22:00+00:00","dateModified":"2025-06-06T02:19:18+00:00","breadcrumb":{"@id":"https:\/\/www.eldiario.net\/portal\/2025\/06\/04\/fiesta-de-la-republica-de-italia\/#breadcrumb"},"inLanguage":"es","potentialAction":[{"@type":"ReadAction","target":["https:\/\/www.eldiario.net\/portal\/2025\/06\/04\/fiesta-de-la-republica-de-italia\/"]}]},{"@type":"ImageObject","inLanguage":"es","@id":"https:\/\/www.eldiario.net\/portal\/2025\/06\/04\/fiesta-de-la-republica-de-italia\/#primaryimage","url":"https:\/\/www.eldiario.net\/portal\/wp-content\/uploads\/2025\/06\/DSC_3303.jpg","contentUrl":"https:\/\/www.eldiario.net\/portal\/wp-content\/uploads\/2025\/06\/DSC_3303.jpg","width":1200,"height":801,"caption":"LORENZO DE JOANNON, SILVIA ABELLO DE MESSINEO, EL EMBAJADOR DE ITALIA, FABIO MESSINEO, Y PASQUALE D'ANGELO."},{"@type":"BreadcrumbList","@id":"https:\/\/www.eldiario.net\/portal\/2025\/06\/04\/fiesta-de-la-republica-de-italia\/#breadcrumb","itemListElement":[{"@type":"ListItem","position":1,"name":"Portada","item":"https:\/\/www.eldiario.net\/portal\/"},{"@type":"ListItem","position":2,"name":"Fiesta de la Rep\u00fablica de Italia"}]},{"@type":"WebSite","@id":"https:\/\/www.eldiario.net\/portal\/#website","url":"https:\/\/www.eldiario.net\/portal\/","name":"El Diario - Decano de la prensa nacional","description":"El Diario - Decano de la prensa nacional","publisher":{"@id":"https:\/\/www.eldiario.net\/portal\/#organization"},"potentialAction":[{"@type":"SearchAction","target":{"@type":"EntryPoint","urlTemplate":"https:\/\/www.eldiario.net\/portal\/?s={search_term_string}"},"query-input":{"@type":"PropertyValueSpecification","valueRequired":true,"valueName":"search_term_string"}}],"inLanguage":"es"},{"@type":"Organization","@id":"https:\/\/www.eldiario.net\/portal\/#organization","name":"El Diario - Decano de la prensa nacional","url":"https:\/\/www.eldiario.net\/portal\/","logo":{"@type":"ImageObject","inLanguage":"es","@id":"https:\/\/www.eldiario.net\/portal\/#\/schema\/logo\/image\/","url":"https:\/\/www.eldiario.net\/portal\/wp-content\/uploads\/2023\/07\/logo_ED.jpg","contentUrl":"https:\/\/www.eldiario.net\/portal\/wp-content\/uploads\/2023\/07\/logo_ED.jpg","width":272,"height":52,"caption":"El Diario - Decano de la prensa nacional"},"image":{"@id":"https:\/\/www.eldiario.net\/portal\/#\/schema\/logo\/image\/"},"sameAs":["https:\/\/www.facebook.com\/eldiario.bolivia\/","https:\/\/x.com\/eldiario_net"]},{"@type":"Person","@id":"https:\/\/www.eldiario.net\/portal\/#\/schema\/person\/f46445640444750d7d753ccd04ae01b7","name":"Jeanette","image":{"@type":"ImageObject","inLanguage":"es","@id":"https:\/\/secure.gravatar.com\/avatar\/3ea2118a5f7dad2b7138b1187a6b7ee55f160b9968b66013c3a3ef39dd7e5798?s=96&d=mm&r=g","url":"https:\/\/secure.gravatar.com\/avatar\/3ea2118a5f7dad2b7138b1187a6b7ee55f160b9968b66013c3a3ef39dd7e5798?s=96&d=mm&r=g","contentUrl":"https:\/\/secure.gravatar.com\/avatar\/3ea2118a5f7dad2b7138b1187a6b7ee55f160b9968b66013c3a3ef39dd7e5798?s=96&d=mm&r=g","caption":"Jeanette"},"sameAs":["https:\/\/www.eldiario.net\/portal"],"url":"https:\/\/www.eldiario.net\/portal\/author\/jeanette\/"}]}},"_links":{"self":[{"href":"https:\/\/www.eldiario.net\/portal\/wp-json\/wp\/v2\/posts\/307291","targetHints":{"allow":["GET"]}}],"collection":[{"href":"https:\/\/www.eldiario.net\/portal\/wp-json\/wp\/v2\/posts"}],"about":[{"href":"https:\/\/www.eldiario.net\/portal\/wp-json\/wp\/v2\/types\/post"}],"author":[{"embeddable":true,"href":"https:\/\/www.eldiario.net\/portal\/wp-json\/wp\/v2\/users\/1"}],"replies":[{"embeddable":true,"href":"https:\/\/www.eldiario.net\/portal\/wp-json\/wp\/v2\/comments?post=307291"}],"version-history":[{"count":1,"href":"https:\/\/www.eldiario.net\/portal\/wp-json\/wp\/v2\/posts\/307291\/revisions"}],"predecessor-version":[{"id":307317,"href":"https:\/\/www.eldiario.net\/portal\/wp-json\/wp\/v2\/posts\/307291\/revisions\/307317"}],"wp:featuredmedia":[{"embeddable":true,"href":"https:\/\/www.eldiario.net\/portal\/wp-json\/wp\/v2\/media\/307303"}],"wp:attachment":[{"href":"https:\/\/www.eldiario.net\/portal\/wp-json\/wp\/v2\/media?parent=307291"}],"wp:term":[{"taxonomy":"category","embeddable":true,"href":"https:\/\/www.eldiario.net\/portal\/wp-json\/wp\/v2\/categories?post=307291"},{"taxonomy":"post_tag","embeddable":true,"href":"https:\/\/www.eldiario.net\/portal\/wp-json\/wp\/v2\/tags?post=307291"}],"curies":[{"name":"wp","href":"https:\/\/api.w.org\/{rel}","templated":true}]}}