{"id":307281,"date":"2025-06-04T06:12:13","date_gmt":"2025-06-04T10:12:13","guid":{"rendered":"https:\/\/www.eldiario.net\/portal\/?p=307281"},"modified":"2025-06-04T06:12:13","modified_gmt":"2025-06-04T10:12:13","slug":"tendencias-de-otono-invierno-2025-2026-el-vestuario-como-declaracion-de-poder","status":"publish","type":"post","link":"https:\/\/www.eldiario.net\/portal\/2025\/06\/04\/tendencias-de-otono-invierno-2025-2026-el-vestuario-como-declaracion-de-poder\/","title":{"rendered":"Tendencias de Oto\u00f1o- Invierno 2025\/2026: El vestuario como declaraci\u00f3n de poder"},"content":{"rendered":"<p>Por Susana Guti\u00e9rrez<\/p>\n<p>La moda de oto\u00f1o-invierno 2025\/2026 no es solo una colecci\u00f3n de tendencias, es una afirmaci\u00f3n audaz sobre c\u00f3mo el vestuario se convierte en una herramienta de poder. Las pasarelas internacionales han develado un discurso fascinante, donde la fuerza convive con la delicadeza, la nostalgia se fusiona con la vanguardia, y la estructura se disuelve en la fluidez.<\/p>\n<p>Esta temporada, las propuestas exploran audaces proporciones, materiales sorprendentes y detalles que redefinen por completo los c\u00f3digos de la elegancia. Es un viaje hacia el exceso controlado, una seducci\u00f3n introspectiva y una sofisticaci\u00f3n que rompe con lo establecido.<\/p>\n<p><strong>Tendencias Imprescindibles de la Temporada:<\/strong><\/p>\n<p><strong>Capas Dram\u00e1ticas: El Abrigo escultural:<\/strong> El abrigo deja de ser una prenda funcional para transformarse en una obra de arte. Marcas como Max Mara, Ala\u00efa y Alberta Ferretti lo elevan a una pieza central y expresiva. Con ca\u00eddas teatrales, estructuras arquitect\u00f3nicas y vol\u00famenes que envuelven el cuerpo, el abrigo se convierte en una inversi\u00f3n clave que no solo abriga, sino que transmite un mensaje. Altuzarra lo lleva al extremo con piezas blancas que combinan funcionalidad y ensue\u00f1o.<\/p>\n<p><strong>El Reinado de las pieles:<\/strong> <strong>Vintage y reinventadas:<\/strong> La presencia de pieles ha sido innegable, pero con una reinterpretaci\u00f3n conceptual. Haider Ackermann para Tom Ford las integra en una sastrer\u00eda estructurada y provocadora. Auralee las combina con faldas y pantalones holgados para contrastar rigidez y fluidez, mientras que Acne Studios presenta piezas completas en tonos audaces como el rojo intenso.<\/p>\n<p><strong>Superposiciones: El vestir en capas como manifiesto:<\/strong> El \u00ablayering\u00bb trasciende la simple protecci\u00f3n contra el fr\u00edo, convirti\u00e9ndose en un ejercicio est\u00e9tico sofisticado. Desde las mangas dobles de Herm\u00e8s hasta las estructuras descentradas de AlainPaul, la clave reside en jugar con el desplazamiento de las prendas, creando un collage de texturas con rigor compositivo. Las <strong>piezas se anudan, se deshacen y se entrelazan, demostrando una audacia en la composici\u00f3n.<\/strong><\/p>\n<p><strong>Cinturas Marcadas: Ornato, estructura y mensaje:<\/strong> Schiaparelli y Jil Sander demuestran c\u00f3mo una cintura bien definida puede reescribir por completo un atuendo. Cinturones triples, dobles, en cadena o cuero trenzado, ci\u00f1en chaquetas, abrigos, vestidos y cuerpos con una intenci\u00f3n clara, funcionando como adorno, estructura y un poderoso mensaje.<\/p>\n<p><strong>Nostalgia desafiante:<\/strong> Tambi\u00e9n se ve la audacia en las colecciones de Victoria Beckham con cortes extremos que desaf\u00edan la l\u00f3gica de la cintura tradicional. Claramente, no es una tendencia para los indecisos: es una postura frontal.<\/p>\n\r\n                <style type=\"text\/css\">\r\n                    \r\n                    #tdi_1  .td-doubleSlider-2 .td-item1 {\r\n                        background: url(https:\/\/www.eldiario.net\/portal\/wp-content\/uploads\/2025\/06\/NOTA-1-FOTO-1-80x60.jpg) 0 0 no-repeat;\r\n                    }\r\n                    #tdi_1  .td-doubleSlider-2 .td-item2 {\r\n                        background: url(https:\/\/www.eldiario.net\/portal\/wp-content\/uploads\/2025\/06\/NOTA-1-FOTO-2-80x60.jpg) 0 0 no-repeat;\r\n                    }\r\n                    #tdi_1  .td-doubleSlider-2 .td-item3 {\r\n                        background: url(https:\/\/www.eldiario.net\/portal\/wp-content\/uploads\/2025\/06\/NOTA-1-FOTO-3-80x60.jpg) 0 0 no-repeat;\r\n                    }\r\n                    #tdi_1  .td-doubleSlider-2 .td-item4 {\r\n                        background: url(https:\/\/www.eldiario.net\/portal\/wp-content\/uploads\/2025\/06\/NOTA-1-FOTO-4-80x60.jpg) 0 0 no-repeat;\r\n                    }\r\n                    #tdi_1  .td-doubleSlider-2 .td-item5 {\r\n                        background: url(https:\/\/www.eldiario.net\/portal\/wp-content\/uploads\/2025\/06\/NOTA-1-FOTO-5-80x60.jpg) 0 0 no-repeat;\r\n                    }\r\n                    #tdi_1  .td-doubleSlider-2 .td-item6 {\r\n                        background: url(https:\/\/www.eldiario.net\/portal\/wp-content\/uploads\/2025\/06\/NOTA-1-FOTO-6-80x60.jpg) 0 0 no-repeat;\r\n                    }\r\n                    #tdi_1  .td-doubleSlider-2 .td-item7 {\r\n                        background: url(https:\/\/www.eldiario.net\/portal\/wp-content\/uploads\/2025\/06\/NOTA-1-FOTO-7-80x60.jpg) 0 0 no-repeat;\r\n                    }\r\n                    #tdi_1  .td-doubleSlider-2 .td-item8 {\r\n                        background: url(https:\/\/www.eldiario.net\/portal\/wp-content\/uploads\/2025\/06\/NOTA-1-FOTO-8-80x60.jpg) 0 0 no-repeat;\r\n                    }\r\n                <\/style>\r\n\r\n                <div id=\"tdi_1\" class=\"td-gallery td-slide-on-2-columns\">\r\n                    <div class=\"post_td_gallery\">\r\n                        <div class=\"td-gallery-slide-top\">\r\n                           <div class=\"td-gallery-title\"><\/div>\r\n\r\n                            <div class=\"td-gallery-controls-wrapper\">\r\n                                <div class=\"td-gallery-slide-count\"><span class=\"td-gallery-slide-item-focus\">1<\/span> de 8<\/div>\r\n                                <div class=\"td-gallery-slide-prev-next-but\">\r\n                                    <i class = \"td-icon-left doubleSliderPrevButton\"><\/i>\r\n                                    <i class = \"td-icon-right doubleSliderNextButton\"><\/i>\r\n                                <\/div>\r\n                            <\/div>\r\n                        <\/div>\r\n\r\n                        <div class = \"td-doubleSlider-1 \">\r\n                            <div class = \"td-slider\">\r\n                                \r\n                    <div class = \"td-slide-item td-item1\">\r\n                        <figure class=\"td-slide-galery-figure td-slide-popup-gallery\">\r\n                            <a class=\"slide-gallery-image-link\" href=\"https:\/\/www.eldiario.net\/portal\/wp-content\/uploads\/2025\/06\/NOTA-1-FOTO-1.jpg\" title=\"NOTA 1 FOTO 1\"  data-caption=\"ALA\u00cfA \"  data-description=\"\">\r\n                                <img decoding=\"async\" src=\"https:\/\/www.eldiario.net\/portal\/wp-content\/uploads\/2025\/06\/NOTA-1-FOTO-1-280x420.jpg\" srcset=\"https:\/\/www.eldiario.net\/portal\/wp-content\/uploads\/2025\/06\/NOTA-1-FOTO-1-280x420.jpg 280w, https:\/\/www.eldiario.net\/portal\/wp-content\/uploads\/2025\/06\/NOTA-1-FOTO-1-200x300.jpg 200w, https:\/\/www.eldiario.net\/portal\/wp-content\/uploads\/2025\/06\/NOTA-1-FOTO-1-683x1024.jpg 683w, https:\/\/www.eldiario.net\/portal\/wp-content\/uploads\/2025\/06\/NOTA-1-FOTO-1-696x1044.jpg 696w, https:\/\/www.eldiario.net\/portal\/wp-content\/uploads\/2025\/06\/NOTA-1-FOTO-1.jpg 700w\" sizes=\"(max-width: 280px) 100vw, 280px\" alt=\"\">\r\n                            <\/a>\r\n                            <figcaption class = \"td-slide-caption td-gallery-slide-content\"><div class = \"td-gallery-slide-copywrite\">ALA\u00cfA <\/div><\/figcaption>\r\n                        <\/figure>\r\n                    <\/div>\r\n                    <div class = \"td-slide-item td-item2\">\r\n                        <figure class=\"td-slide-galery-figure td-slide-popup-gallery\">\r\n                            <a class=\"slide-gallery-image-link\" href=\"https:\/\/www.eldiario.net\/portal\/wp-content\/uploads\/2025\/06\/NOTA-1-FOTO-2.jpg\" title=\"NOTA 1 FOTO 2\"  data-caption=\"JIL SANDER \"  data-description=\"\">\r\n                                <img decoding=\"async\" src=\"https:\/\/www.eldiario.net\/portal\/wp-content\/uploads\/2025\/06\/NOTA-1-FOTO-2-280x420.jpg\" srcset=\"https:\/\/www.eldiario.net\/portal\/wp-content\/uploads\/2025\/06\/NOTA-1-FOTO-2-280x420.jpg 280w, https:\/\/www.eldiario.net\/portal\/wp-content\/uploads\/2025\/06\/NOTA-1-FOTO-2-200x300.jpg 200w, https:\/\/www.eldiario.net\/portal\/wp-content\/uploads\/2025\/06\/NOTA-1-FOTO-2-683x1024.jpg 683w, https:\/\/www.eldiario.net\/portal\/wp-content\/uploads\/2025\/06\/NOTA-1-FOTO-2-768x1152.jpg 768w, https:\/\/www.eldiario.net\/portal\/wp-content\/uploads\/2025\/06\/NOTA-1-FOTO-2-696x1044.jpg 696w, https:\/\/www.eldiario.net\/portal\/wp-content\/uploads\/2025\/06\/NOTA-1-FOTO-2.jpg 800w\" sizes=\"(max-width: 280px) 100vw, 280px\" alt=\"\">\r\n                            <\/a>\r\n                            <figcaption class = \"td-slide-caption td-gallery-slide-content\"><div class = \"td-gallery-slide-copywrite\">JIL SANDER <\/div><\/figcaption>\r\n                        <\/figure>\r\n                    <\/div>\r\n                    <div class = \"td-slide-item td-item3\">\r\n                        <figure class=\"td-slide-galery-figure td-slide-popup-gallery\">\r\n                            <a class=\"slide-gallery-image-link\" href=\"https:\/\/www.eldiario.net\/portal\/wp-content\/uploads\/2025\/06\/NOTA-1-FOTO-3.jpg\" title=\"NOTA 1 FOTO 3\"  data-caption=\"TOM FORD\"  data-description=\"\">\r\n                                <img decoding=\"async\" src=\"https:\/\/www.eldiario.net\/portal\/wp-content\/uploads\/2025\/06\/NOTA-1-FOTO-3-280x420.jpg\" srcset=\"https:\/\/www.eldiario.net\/portal\/wp-content\/uploads\/2025\/06\/NOTA-1-FOTO-3-280x420.jpg 280w, https:\/\/www.eldiario.net\/portal\/wp-content\/uploads\/2025\/06\/NOTA-1-FOTO-3-200x300.jpg 200w, https:\/\/www.eldiario.net\/portal\/wp-content\/uploads\/2025\/06\/NOTA-1-FOTO-3-683x1024.jpg 683w, https:\/\/www.eldiario.net\/portal\/wp-content\/uploads\/2025\/06\/NOTA-1-FOTO-3-768x1152.jpg 768w, https:\/\/www.eldiario.net\/portal\/wp-content\/uploads\/2025\/06\/NOTA-1-FOTO-3-696x1044.jpg 696w, https:\/\/www.eldiario.net\/portal\/wp-content\/uploads\/2025\/06\/NOTA-1-FOTO-3.jpg 800w\" sizes=\"(max-width: 280px) 100vw, 280px\" alt=\"\">\r\n                            <\/a>\r\n                            <figcaption class = \"td-slide-caption td-gallery-slide-content\"><div class = \"td-gallery-slide-copywrite\">TOM FORD<\/div><\/figcaption>\r\n                        <\/figure>\r\n                    <\/div>\r\n                    <div class = \"td-slide-item td-item4\">\r\n                        <figure class=\"td-slide-galery-figure td-slide-popup-gallery\">\r\n                            <a class=\"slide-gallery-image-link\" href=\"https:\/\/www.eldiario.net\/portal\/wp-content\/uploads\/2025\/06\/NOTA-1-FOTO-4.jpg\" title=\"NOTA 1 FOTO 4\"  data-caption=\"HERM\u00c8S\"  data-description=\"\">\r\n                                <img decoding=\"async\" src=\"https:\/\/www.eldiario.net\/portal\/wp-content\/uploads\/2025\/06\/NOTA-1-FOTO-4-280x420.jpg\" srcset=\"https:\/\/www.eldiario.net\/portal\/wp-content\/uploads\/2025\/06\/NOTA-1-FOTO-4-280x420.jpg 280w, https:\/\/www.eldiario.net\/portal\/wp-content\/uploads\/2025\/06\/NOTA-1-FOTO-4-200x300.jpg 200w, https:\/\/www.eldiario.net\/portal\/wp-content\/uploads\/2025\/06\/NOTA-1-FOTO-4-683x1024.jpg 683w, https:\/\/www.eldiario.net\/portal\/wp-content\/uploads\/2025\/06\/NOTA-1-FOTO-4-768x1152.jpg 768w, https:\/\/www.eldiario.net\/portal\/wp-content\/uploads\/2025\/06\/NOTA-1-FOTO-4-696x1044.jpg 696w, https:\/\/www.eldiario.net\/portal\/wp-content\/uploads\/2025\/06\/NOTA-1-FOTO-4.jpg 800w\" sizes=\"(max-width: 280px) 100vw, 280px\" alt=\"\">\r\n                            <\/a>\r\n                            <figcaption class = \"td-slide-caption td-gallery-slide-content\"><div class = \"td-gallery-slide-copywrite\">HERM\u00c8S<\/div><\/figcaption>\r\n                        <\/figure>\r\n                    <\/div>\r\n                    <div class = \"td-slide-item td-item5\">\r\n                        <figure class=\"td-slide-galery-figure td-slide-popup-gallery\">\r\n                            <a class=\"slide-gallery-image-link\" href=\"https:\/\/www.eldiario.net\/portal\/wp-content\/uploads\/2025\/06\/NOTA-1-FOTO-5.jpg\" title=\"NOTA 1 FOTO 5\"  data-caption=\"VICTORIA BECKHAM\"  data-description=\"\">\r\n                                <img decoding=\"async\" src=\"https:\/\/www.eldiario.net\/portal\/wp-content\/uploads\/2025\/06\/NOTA-1-FOTO-5-280x420.jpg\" srcset=\"https:\/\/www.eldiario.net\/portal\/wp-content\/uploads\/2025\/06\/NOTA-1-FOTO-5-280x420.jpg 280w, https:\/\/www.eldiario.net\/portal\/wp-content\/uploads\/2025\/06\/NOTA-1-FOTO-5-200x300.jpg 200w, https:\/\/www.eldiario.net\/portal\/wp-content\/uploads\/2025\/06\/NOTA-1-FOTO-5-683x1024.jpg 683w, https:\/\/www.eldiario.net\/portal\/wp-content\/uploads\/2025\/06\/NOTA-1-FOTO-5-768x1152.jpg 768w, https:\/\/www.eldiario.net\/portal\/wp-content\/uploads\/2025\/06\/NOTA-1-FOTO-5-696x1044.jpg 696w, https:\/\/www.eldiario.net\/portal\/wp-content\/uploads\/2025\/06\/NOTA-1-FOTO-5.jpg 800w\" sizes=\"(max-width: 280px) 100vw, 280px\" alt=\"\">\r\n                            <\/a>\r\n                            <figcaption class = \"td-slide-caption td-gallery-slide-content\"><div class = \"td-gallery-slide-copywrite\">VICTORIA BECKHAM<\/div><\/figcaption>\r\n                        <\/figure>\r\n                    <\/div>\r\n                    <div class = \"td-slide-item td-item6\">\r\n                        <figure class=\"td-slide-galery-figure td-slide-popup-gallery\">\r\n                            <a class=\"slide-gallery-image-link\" href=\"https:\/\/www.eldiario.net\/portal\/wp-content\/uploads\/2025\/06\/NOTA-1-FOTO-6.jpg\" title=\"NOTA 1 FOTO 6\"  data-caption=\"SCHIAPARELLI\"  data-description=\"\">\r\n                                <img decoding=\"async\" src=\"https:\/\/www.eldiario.net\/portal\/wp-content\/uploads\/2025\/06\/NOTA-1-FOTO-6-280x420.jpg\" srcset=\"https:\/\/www.eldiario.net\/portal\/wp-content\/uploads\/2025\/06\/NOTA-1-FOTO-6-280x420.jpg 280w, https:\/\/www.eldiario.net\/portal\/wp-content\/uploads\/2025\/06\/NOTA-1-FOTO-6-200x300.jpg 200w, https:\/\/www.eldiario.net\/portal\/wp-content\/uploads\/2025\/06\/NOTA-1-FOTO-6-683x1024.jpg 683w, https:\/\/www.eldiario.net\/portal\/wp-content\/uploads\/2025\/06\/NOTA-1-FOTO-6-768x1152.jpg 768w, https:\/\/www.eldiario.net\/portal\/wp-content\/uploads\/2025\/06\/NOTA-1-FOTO-6-696x1044.jpg 696w, https:\/\/www.eldiario.net\/portal\/wp-content\/uploads\/2025\/06\/NOTA-1-FOTO-6.jpg 800w\" sizes=\"(max-width: 280px) 100vw, 280px\" alt=\"\">\r\n                            <\/a>\r\n                            <figcaption class = \"td-slide-caption td-gallery-slide-content\"><div class = \"td-gallery-slide-copywrite\">SCHIAPARELLI<\/div><\/figcaption>\r\n                        <\/figure>\r\n                    <\/div>\r\n                    <div class = \"td-slide-item td-item7\">\r\n                        <figure class=\"td-slide-galery-figure td-slide-popup-gallery\">\r\n                            <a class=\"slide-gallery-image-link\" href=\"https:\/\/www.eldiario.net\/portal\/wp-content\/uploads\/2025\/06\/NOTA-1-FOTO-7.jpg\" title=\"NOTA 1 FOTO 7\"  data-caption=\"MAX MARA\"  data-description=\"\">\r\n                                <img decoding=\"async\" src=\"https:\/\/www.eldiario.net\/portal\/wp-content\/uploads\/2025\/06\/NOTA-1-FOTO-7-280x420.jpg\" srcset=\"https:\/\/www.eldiario.net\/portal\/wp-content\/uploads\/2025\/06\/NOTA-1-FOTO-7-280x420.jpg 280w, https:\/\/www.eldiario.net\/portal\/wp-content\/uploads\/2025\/06\/NOTA-1-FOTO-7-200x300.jpg 200w, https:\/\/www.eldiario.net\/portal\/wp-content\/uploads\/2025\/06\/NOTA-1-FOTO-7-683x1024.jpg 683w, https:\/\/www.eldiario.net\/portal\/wp-content\/uploads\/2025\/06\/NOTA-1-FOTO-7-768x1152.jpg 768w, https:\/\/www.eldiario.net\/portal\/wp-content\/uploads\/2025\/06\/NOTA-1-FOTO-7-696x1044.jpg 696w, https:\/\/www.eldiario.net\/portal\/wp-content\/uploads\/2025\/06\/NOTA-1-FOTO-7.jpg 800w\" sizes=\"(max-width: 280px) 100vw, 280px\" alt=\"\">\r\n                            <\/a>\r\n                            <figcaption class = \"td-slide-caption td-gallery-slide-content\"><div class = \"td-gallery-slide-copywrite\">MAX MARA<\/div><\/figcaption>\r\n                        <\/figure>\r\n                    <\/div>\r\n                    <div class = \"td-slide-item td-item8\">\r\n                        <figure class=\"td-slide-galery-figure td-slide-popup-gallery\">\r\n                            <a class=\"slide-gallery-image-link\" href=\"https:\/\/www.eldiario.net\/portal\/wp-content\/uploads\/2025\/06\/NOTA-1-FOTO-8.jpg\" title=\"NOTA 1 FOTO 8\"  data-caption=\"ALAINPAUL \"  data-description=\"\">\r\n                                <img decoding=\"async\" src=\"https:\/\/www.eldiario.net\/portal\/wp-content\/uploads\/2025\/06\/NOTA-1-FOTO-8-280x420.jpg\" srcset=\"https:\/\/www.eldiario.net\/portal\/wp-content\/uploads\/2025\/06\/NOTA-1-FOTO-8-280x420.jpg 280w, https:\/\/www.eldiario.net\/portal\/wp-content\/uploads\/2025\/06\/NOTA-1-FOTO-8-200x300.jpg 200w, https:\/\/www.eldiario.net\/portal\/wp-content\/uploads\/2025\/06\/NOTA-1-FOTO-8-683x1024.jpg 683w, https:\/\/www.eldiario.net\/portal\/wp-content\/uploads\/2025\/06\/NOTA-1-FOTO-8-768x1152.jpg 768w, https:\/\/www.eldiario.net\/portal\/wp-content\/uploads\/2025\/06\/NOTA-1-FOTO-8-696x1044.jpg 696w, https:\/\/www.eldiario.net\/portal\/wp-content\/uploads\/2025\/06\/NOTA-1-FOTO-8.jpg 800w\" sizes=\"(max-width: 280px) 100vw, 280px\" alt=\"\">\r\n                            <\/a>\r\n                            <figcaption class = \"td-slide-caption td-gallery-slide-content\"><div class = \"td-gallery-slide-copywrite\">ALAINPAUL <\/div><\/figcaption>\r\n                        <\/figure>\r\n                    <\/div>\r\n                            <\/div>\r\n                        <\/div>\r\n\r\n                        <div class = \"td-doubleSlider-2\">\r\n                            <div class = \"td-slider\">\r\n                                \r\n                    <div class = \"td-button td-item1\">\r\n                        <div class = \"td-border\"><\/div>\r\n                    <\/div>\r\n                    <div class = \"td-button td-item2\">\r\n                        <div class = \"td-border\"><\/div>\r\n                    <\/div>\r\n                    <div class = \"td-button td-item3\">\r\n                        <div class = \"td-border\"><\/div>\r\n                    <\/div>\r\n                    <div class = \"td-button td-item4\">\r\n                        <div class = \"td-border\"><\/div>\r\n                    <\/div>\r\n                    <div class = \"td-button td-item5\">\r\n                        <div class = \"td-border\"><\/div>\r\n                    <\/div>\r\n                    <div class = \"td-button td-item6\">\r\n                        <div class = \"td-border\"><\/div>\r\n                    <\/div>\r\n                    <div class = \"td-button td-item7\">\r\n                        <div class = \"td-border\"><\/div>\r\n                    <\/div>\r\n                    <div class = \"td-button td-item8\">\r\n                        <div class = \"td-border\"><\/div>\r\n                    <\/div>\r\n                            <\/div>\r\n                        <\/div>\r\n\r\n                    <\/div>\r\n\r\n                <\/div>\r\n                \n","protected":false},"excerpt":{"rendered":"<p>Por Susana Guti\u00e9rrez La moda de oto\u00f1o-invierno 2025\/2026 no es solo una colecci\u00f3n de tendencias, es una afirmaci\u00f3n audaz sobre c\u00f3mo el vestuario se convierte en una herramienta de poder. Las pasarelas internacionales han develado un discurso fascinante, donde la fuerza convive con la delicadeza, la nostalgia se fusiona con la vanguardia, y la estructura [&hellip;]<\/p>\n","protected":false},"author":1,"featured_media":307282,"comment_status":"closed","ping_status":"open","sticky":false,"template":"","format":"standard","meta":{"_acf_changed":false,"footnotes":""},"categories":[42],"tags":[],"class_list":["post-307281","post","type-post","status-publish","format-standard","has-post-thumbnail","category-femenina"],"acf":{"antetitulo":"Moda"},"yoast_head":"<!-- This site is optimized with the Yoast SEO plugin v28.4 - https:\/\/yoast.com\/product\/yoast-seo-wordpress\/ -->\n<title>Tendencias de Oto\u00f1o- Invierno 2025\/2026: El vestuario como declaraci\u00f3n de poder - El Diario - Bolivia<\/title>\n<meta name=\"robots\" content=\"index, follow, max-snippet:-1, max-image-preview:large, max-video-preview:-1\" \/>\n<link rel=\"canonical\" href=\"https:\/\/www.eldiario.net\/portal\/2025\/06\/04\/tendencias-de-otono-invierno-2025-2026-el-vestuario-como-declaracion-de-poder\/\" \/>\n<meta property=\"og:locale\" content=\"es_ES\" \/>\n<meta property=\"og:type\" content=\"article\" \/>\n<meta property=\"og:title\" content=\"Tendencias de Oto\u00f1o- Invierno 2025\/2026: El vestuario como declaraci\u00f3n de poder - El Diario - Bolivia\" \/>\n<meta property=\"og:description\" content=\"Por Susana Guti\u00e9rrez La moda de oto\u00f1o-invierno 2025\/2026 no es solo una colecci\u00f3n de tendencias, es una afirmaci\u00f3n audaz sobre c\u00f3mo el vestuario se convierte en una herramienta de poder. Las pasarelas internacionales han develado un discurso fascinante, donde la fuerza convive con la delicadeza, la nostalgia se fusiona con la vanguardia, y la estructura [&hellip;]\" \/>\n<meta property=\"og:url\" content=\"https:\/\/www.eldiario.net\/portal\/2025\/06\/04\/tendencias-de-otono-invierno-2025-2026-el-vestuario-como-declaracion-de-poder\/\" \/>\n<meta property=\"og:site_name\" content=\"El Diario - Bolivia\" \/>\n<meta property=\"article:publisher\" content=\"https:\/\/www.facebook.com\/eldiario.bolivia\/\" \/>\n<meta property=\"article:published_time\" content=\"2025-06-04T10:12:13+00:00\" \/>\n<meta property=\"og:image\" content=\"https:\/\/www.eldiario.net\/portal\/wp-content\/uploads\/2025\/06\/NOTA-1-FOTO-1.jpg\" \/>\n\t<meta property=\"og:image:width\" content=\"700\" \/>\n\t<meta property=\"og:image:height\" content=\"1050\" \/>\n\t<meta property=\"og:image:type\" content=\"image\/jpeg\" \/>\n<meta name=\"author\" content=\"Jeanette\" \/>\n<meta name=\"twitter:card\" content=\"summary_large_image\" \/>\n<meta name=\"twitter:creator\" content=\"@eldiario_net\" \/>\n<meta name=\"twitter:site\" content=\"@eldiario_net\" \/>\n<meta name=\"twitter:label1\" content=\"Escrito por\" \/>\n\t<meta name=\"twitter:data1\" content=\"Jeanette\" \/>\n\t<meta name=\"twitter:label2\" content=\"Tiempo de lectura\" \/>\n\t<meta name=\"twitter:data2\" content=\"3 minutos\" \/>\n<script type=\"application\/ld+json\" class=\"yoast-schema-graph\">{\"@context\":\"https:\\\/\\\/schema.org\",\"@graph\":[{\"@type\":\"Article\",\"@id\":\"https:\\\/\\\/www.eldiario.net\\\/portal\\\/2025\\\/06\\\/04\\\/tendencias-de-otono-invierno-2025-2026-el-vestuario-como-declaracion-de-poder\\\/#article\",\"isPartOf\":{\"@id\":\"https:\\\/\\\/www.eldiario.net\\\/portal\\\/2025\\\/06\\\/04\\\/tendencias-de-otono-invierno-2025-2026-el-vestuario-como-declaracion-de-poder\\\/\"},\"author\":{\"name\":\"Jeanette\",\"@id\":\"https:\\\/\\\/www.eldiario.net\\\/portal\\\/#\\\/schema\\\/person\\\/f46445640444750d7d753ccd04ae01b7\"},\"headline\":\"Tendencias de Oto\u00f1o- Invierno 2025\\\/2026: El vestuario como declaraci\u00f3n de poder\",\"datePublished\":\"2025-06-04T10:12:13+00:00\",\"mainEntityOfPage\":{\"@id\":\"https:\\\/\\\/www.eldiario.net\\\/portal\\\/2025\\\/06\\\/04\\\/tendencias-de-otono-invierno-2025-2026-el-vestuario-como-declaracion-de-poder\\\/\"},\"wordCount\":441,\"publisher\":{\"@id\":\"https:\\\/\\\/www.eldiario.net\\\/portal\\\/#organization\"},\"image\":{\"@id\":\"https:\\\/\\\/www.eldiario.net\\\/portal\\\/2025\\\/06\\\/04\\\/tendencias-de-otono-invierno-2025-2026-el-vestuario-como-declaracion-de-poder\\\/#primaryimage\"},\"thumbnailUrl\":\"https:\\\/\\\/www.eldiario.net\\\/portal\\\/wp-content\\\/uploads\\\/2025\\\/06\\\/NOTA-1-FOTO-1.jpg\",\"articleSection\":[\"Femenina\"],\"inLanguage\":\"es\"},{\"@type\":\"WebPage\",\"@id\":\"https:\\\/\\\/www.eldiario.net\\\/portal\\\/2025\\\/06\\\/04\\\/tendencias-de-otono-invierno-2025-2026-el-vestuario-como-declaracion-de-poder\\\/\",\"url\":\"https:\\\/\\\/www.eldiario.net\\\/portal\\\/2025\\\/06\\\/04\\\/tendencias-de-otono-invierno-2025-2026-el-vestuario-como-declaracion-de-poder\\\/\",\"name\":\"Tendencias de Oto\u00f1o- Invierno 2025\\\/2026: El vestuario como declaraci\u00f3n de poder - El Diario - Bolivia\",\"isPartOf\":{\"@id\":\"https:\\\/\\\/www.eldiario.net\\\/portal\\\/#website\"},\"primaryImageOfPage\":{\"@id\":\"https:\\\/\\\/www.eldiario.net\\\/portal\\\/2025\\\/06\\\/04\\\/tendencias-de-otono-invierno-2025-2026-el-vestuario-como-declaracion-de-poder\\\/#primaryimage\"},\"image\":{\"@id\":\"https:\\\/\\\/www.eldiario.net\\\/portal\\\/2025\\\/06\\\/04\\\/tendencias-de-otono-invierno-2025-2026-el-vestuario-como-declaracion-de-poder\\\/#primaryimage\"},\"thumbnailUrl\":\"https:\\\/\\\/www.eldiario.net\\\/portal\\\/wp-content\\\/uploads\\\/2025\\\/06\\\/NOTA-1-FOTO-1.jpg\",\"datePublished\":\"2025-06-04T10:12:13+00:00\",\"breadcrumb\":{\"@id\":\"https:\\\/\\\/www.eldiario.net\\\/portal\\\/2025\\\/06\\\/04\\\/tendencias-de-otono-invierno-2025-2026-el-vestuario-como-declaracion-de-poder\\\/#breadcrumb\"},\"inLanguage\":\"es\",\"potentialAction\":[{\"@type\":\"ReadAction\",\"target\":[\"https:\\\/\\\/www.eldiario.net\\\/portal\\\/2025\\\/06\\\/04\\\/tendencias-de-otono-invierno-2025-2026-el-vestuario-como-declaracion-de-poder\\\/\"]}]},{\"@type\":\"ImageObject\",\"inLanguage\":\"es\",\"@id\":\"https:\\\/\\\/www.eldiario.net\\\/portal\\\/2025\\\/06\\\/04\\\/tendencias-de-otono-invierno-2025-2026-el-vestuario-como-declaracion-de-poder\\\/#primaryimage\",\"url\":\"https:\\\/\\\/www.eldiario.net\\\/portal\\\/wp-content\\\/uploads\\\/2025\\\/06\\\/NOTA-1-FOTO-1.jpg\",\"contentUrl\":\"https:\\\/\\\/www.eldiario.net\\\/portal\\\/wp-content\\\/uploads\\\/2025\\\/06\\\/NOTA-1-FOTO-1.jpg\",\"width\":700,\"height\":1050,\"caption\":\"ALA\u00cfA\"},{\"@type\":\"BreadcrumbList\",\"@id\":\"https:\\\/\\\/www.eldiario.net\\\/portal\\\/2025\\\/06\\\/04\\\/tendencias-de-otono-invierno-2025-2026-el-vestuario-como-declaracion-de-poder\\\/#breadcrumb\",\"itemListElement\":[{\"@type\":\"ListItem\",\"position\":1,\"name\":\"Portada\",\"item\":\"https:\\\/\\\/www.eldiario.net\\\/portal\\\/\"},{\"@type\":\"ListItem\",\"position\":2,\"name\":\"Tendencias de Oto\u00f1o- Invierno 2025\\\/2026: El vestuario como declaraci\u00f3n de poder\"}]},{\"@type\":\"WebSite\",\"@id\":\"https:\\\/\\\/www.eldiario.net\\\/portal\\\/#website\",\"url\":\"https:\\\/\\\/www.eldiario.net\\\/portal\\\/\",\"name\":\"El Diario - Decano de la prensa nacional\",\"description\":\"El Diario - Decano de la prensa nacional\",\"publisher\":{\"@id\":\"https:\\\/\\\/www.eldiario.net\\\/portal\\\/#organization\"},\"potentialAction\":[{\"@type\":\"SearchAction\",\"target\":{\"@type\":\"EntryPoint\",\"urlTemplate\":\"https:\\\/\\\/www.eldiario.net\\\/portal\\\/?s={search_term_string}\"},\"query-input\":{\"@type\":\"PropertyValueSpecification\",\"valueRequired\":true,\"valueName\":\"search_term_string\"}}],\"inLanguage\":\"es\"},{\"@type\":\"Organization\",\"@id\":\"https:\\\/\\\/www.eldiario.net\\\/portal\\\/#organization\",\"name\":\"El Diario - Decano de la prensa nacional\",\"url\":\"https:\\\/\\\/www.eldiario.net\\\/portal\\\/\",\"logo\":{\"@type\":\"ImageObject\",\"inLanguage\":\"es\",\"@id\":\"https:\\\/\\\/www.eldiario.net\\\/portal\\\/#\\\/schema\\\/logo\\\/image\\\/\",\"url\":\"https:\\\/\\\/www.eldiario.net\\\/portal\\\/wp-content\\\/uploads\\\/2023\\\/07\\\/logo_ED.jpg\",\"contentUrl\":\"https:\\\/\\\/www.eldiario.net\\\/portal\\\/wp-content\\\/uploads\\\/2023\\\/07\\\/logo_ED.jpg\",\"width\":272,\"height\":52,\"caption\":\"El Diario - Decano de la prensa nacional\"},\"image\":{\"@id\":\"https:\\\/\\\/www.eldiario.net\\\/portal\\\/#\\\/schema\\\/logo\\\/image\\\/\"},\"sameAs\":[\"https:\\\/\\\/www.facebook.com\\\/eldiario.bolivia\\\/\",\"https:\\\/\\\/x.com\\\/eldiario_net\"]},{\"@type\":\"Person\",\"@id\":\"https:\\\/\\\/www.eldiario.net\\\/portal\\\/#\\\/schema\\\/person\\\/f46445640444750d7d753ccd04ae01b7\",\"name\":\"Jeanette\",\"image\":{\"@type\":\"ImageObject\",\"inLanguage\":\"es\",\"@id\":\"https:\\\/\\\/secure.gravatar.com\\\/avatar\\\/3ea2118a5f7dad2b7138b1187a6b7ee55f160b9968b66013c3a3ef39dd7e5798?s=96&d=mm&r=g\",\"url\":\"https:\\\/\\\/secure.gravatar.com\\\/avatar\\\/3ea2118a5f7dad2b7138b1187a6b7ee55f160b9968b66013c3a3ef39dd7e5798?s=96&d=mm&r=g\",\"contentUrl\":\"https:\\\/\\\/secure.gravatar.com\\\/avatar\\\/3ea2118a5f7dad2b7138b1187a6b7ee55f160b9968b66013c3a3ef39dd7e5798?s=96&d=mm&r=g\",\"caption\":\"Jeanette\"},\"sameAs\":[\"https:\\\/\\\/www.eldiario.net\\\/portal\"],\"url\":\"https:\\\/\\\/www.eldiario.net\\\/portal\\\/author\\\/jeanette\\\/\"}]}<\/script>\n<!-- \/ Yoast SEO plugin. -->","yoast_head_json":{"title":"Tendencias de Oto\u00f1o- Invierno 2025\/2026: El vestuario como declaraci\u00f3n de poder - El Diario - Bolivia","robots":{"index":"index","follow":"follow","max-snippet":"max-snippet:-1","max-image-preview":"max-image-preview:large","max-video-preview":"max-video-preview:-1"},"canonical":"https:\/\/www.eldiario.net\/portal\/2025\/06\/04\/tendencias-de-otono-invierno-2025-2026-el-vestuario-como-declaracion-de-poder\/","og_locale":"es_ES","og_type":"article","og_title":"Tendencias de Oto\u00f1o- Invierno 2025\/2026: El vestuario como declaraci\u00f3n de poder - El Diario - Bolivia","og_description":"Por Susana Guti\u00e9rrez La moda de oto\u00f1o-invierno 2025\/2026 no es solo una colecci\u00f3n de tendencias, es una afirmaci\u00f3n audaz sobre c\u00f3mo el vestuario se convierte en una herramienta de poder. Las pasarelas internacionales han develado un discurso fascinante, donde la fuerza convive con la delicadeza, la nostalgia se fusiona con la vanguardia, y la estructura [&hellip;]","og_url":"https:\/\/www.eldiario.net\/portal\/2025\/06\/04\/tendencias-de-otono-invierno-2025-2026-el-vestuario-como-declaracion-de-poder\/","og_site_name":"El Diario - Bolivia","article_publisher":"https:\/\/www.facebook.com\/eldiario.bolivia\/","article_published_time":"2025-06-04T10:12:13+00:00","og_image":[{"width":700,"height":1050,"url":"https:\/\/www.eldiario.net\/portal\/wp-content\/uploads\/2025\/06\/NOTA-1-FOTO-1.jpg","type":"image\/jpeg"}],"author":"Jeanette","twitter_card":"summary_large_image","twitter_creator":"@eldiario_net","twitter_site":"@eldiario_net","twitter_misc":{"Escrito por":"Jeanette","Tiempo de lectura":"3 minutos"},"schema":{"@context":"https:\/\/schema.org","@graph":[{"@type":"Article","@id":"https:\/\/www.eldiario.net\/portal\/2025\/06\/04\/tendencias-de-otono-invierno-2025-2026-el-vestuario-como-declaracion-de-poder\/#article","isPartOf":{"@id":"https:\/\/www.eldiario.net\/portal\/2025\/06\/04\/tendencias-de-otono-invierno-2025-2026-el-vestuario-como-declaracion-de-poder\/"},"author":{"name":"Jeanette","@id":"https:\/\/www.eldiario.net\/portal\/#\/schema\/person\/f46445640444750d7d753ccd04ae01b7"},"headline":"Tendencias de Oto\u00f1o- Invierno 2025\/2026: El vestuario como declaraci\u00f3n de poder","datePublished":"2025-06-04T10:12:13+00:00","mainEntityOfPage":{"@id":"https:\/\/www.eldiario.net\/portal\/2025\/06\/04\/tendencias-de-otono-invierno-2025-2026-el-vestuario-como-declaracion-de-poder\/"},"wordCount":441,"publisher":{"@id":"https:\/\/www.eldiario.net\/portal\/#organization"},"image":{"@id":"https:\/\/www.eldiario.net\/portal\/2025\/06\/04\/tendencias-de-otono-invierno-2025-2026-el-vestuario-como-declaracion-de-poder\/#primaryimage"},"thumbnailUrl":"https:\/\/www.eldiario.net\/portal\/wp-content\/uploads\/2025\/06\/NOTA-1-FOTO-1.jpg","articleSection":["Femenina"],"inLanguage":"es"},{"@type":"WebPage","@id":"https:\/\/www.eldiario.net\/portal\/2025\/06\/04\/tendencias-de-otono-invierno-2025-2026-el-vestuario-como-declaracion-de-poder\/","url":"https:\/\/www.eldiario.net\/portal\/2025\/06\/04\/tendencias-de-otono-invierno-2025-2026-el-vestuario-como-declaracion-de-poder\/","name":"Tendencias de Oto\u00f1o- Invierno 2025\/2026: El vestuario como declaraci\u00f3n de poder - El Diario - Bolivia","isPartOf":{"@id":"https:\/\/www.eldiario.net\/portal\/#website"},"primaryImageOfPage":{"@id":"https:\/\/www.eldiario.net\/portal\/2025\/06\/04\/tendencias-de-otono-invierno-2025-2026-el-vestuario-como-declaracion-de-poder\/#primaryimage"},"image":{"@id":"https:\/\/www.eldiario.net\/portal\/2025\/06\/04\/tendencias-de-otono-invierno-2025-2026-el-vestuario-como-declaracion-de-poder\/#primaryimage"},"thumbnailUrl":"https:\/\/www.eldiario.net\/portal\/wp-content\/uploads\/2025\/06\/NOTA-1-FOTO-1.jpg","datePublished":"2025-06-04T10:12:13+00:00","breadcrumb":{"@id":"https:\/\/www.eldiario.net\/portal\/2025\/06\/04\/tendencias-de-otono-invierno-2025-2026-el-vestuario-como-declaracion-de-poder\/#breadcrumb"},"inLanguage":"es","potentialAction":[{"@type":"ReadAction","target":["https:\/\/www.eldiario.net\/portal\/2025\/06\/04\/tendencias-de-otono-invierno-2025-2026-el-vestuario-como-declaracion-de-poder\/"]}]},{"@type":"ImageObject","inLanguage":"es","@id":"https:\/\/www.eldiario.net\/portal\/2025\/06\/04\/tendencias-de-otono-invierno-2025-2026-el-vestuario-como-declaracion-de-poder\/#primaryimage","url":"https:\/\/www.eldiario.net\/portal\/wp-content\/uploads\/2025\/06\/NOTA-1-FOTO-1.jpg","contentUrl":"https:\/\/www.eldiario.net\/portal\/wp-content\/uploads\/2025\/06\/NOTA-1-FOTO-1.jpg","width":700,"height":1050,"caption":"ALA\u00cfA"},{"@type":"BreadcrumbList","@id":"https:\/\/www.eldiario.net\/portal\/2025\/06\/04\/tendencias-de-otono-invierno-2025-2026-el-vestuario-como-declaracion-de-poder\/#breadcrumb","itemListElement":[{"@type":"ListItem","position":1,"name":"Portada","item":"https:\/\/www.eldiario.net\/portal\/"},{"@type":"ListItem","position":2,"name":"Tendencias de Oto\u00f1o- Invierno 2025\/2026: El vestuario como declaraci\u00f3n de poder"}]},{"@type":"WebSite","@id":"https:\/\/www.eldiario.net\/portal\/#website","url":"https:\/\/www.eldiario.net\/portal\/","name":"El Diario - Decano de la prensa nacional","description":"El Diario - Decano de la prensa nacional","publisher":{"@id":"https:\/\/www.eldiario.net\/portal\/#organization"},"potentialAction":[{"@type":"SearchAction","target":{"@type":"EntryPoint","urlTemplate":"https:\/\/www.eldiario.net\/portal\/?s={search_term_string}"},"query-input":{"@type":"PropertyValueSpecification","valueRequired":true,"valueName":"search_term_string"}}],"inLanguage":"es"},{"@type":"Organization","@id":"https:\/\/www.eldiario.net\/portal\/#organization","name":"El Diario - Decano de la prensa nacional","url":"https:\/\/www.eldiario.net\/portal\/","logo":{"@type":"ImageObject","inLanguage":"es","@id":"https:\/\/www.eldiario.net\/portal\/#\/schema\/logo\/image\/","url":"https:\/\/www.eldiario.net\/portal\/wp-content\/uploads\/2023\/07\/logo_ED.jpg","contentUrl":"https:\/\/www.eldiario.net\/portal\/wp-content\/uploads\/2023\/07\/logo_ED.jpg","width":272,"height":52,"caption":"El Diario - Decano de la prensa nacional"},"image":{"@id":"https:\/\/www.eldiario.net\/portal\/#\/schema\/logo\/image\/"},"sameAs":["https:\/\/www.facebook.com\/eldiario.bolivia\/","https:\/\/x.com\/eldiario_net"]},{"@type":"Person","@id":"https:\/\/www.eldiario.net\/portal\/#\/schema\/person\/f46445640444750d7d753ccd04ae01b7","name":"Jeanette","image":{"@type":"ImageObject","inLanguage":"es","@id":"https:\/\/secure.gravatar.com\/avatar\/3ea2118a5f7dad2b7138b1187a6b7ee55f160b9968b66013c3a3ef39dd7e5798?s=96&d=mm&r=g","url":"https:\/\/secure.gravatar.com\/avatar\/3ea2118a5f7dad2b7138b1187a6b7ee55f160b9968b66013c3a3ef39dd7e5798?s=96&d=mm&r=g","contentUrl":"https:\/\/secure.gravatar.com\/avatar\/3ea2118a5f7dad2b7138b1187a6b7ee55f160b9968b66013c3a3ef39dd7e5798?s=96&d=mm&r=g","caption":"Jeanette"},"sameAs":["https:\/\/www.eldiario.net\/portal"],"url":"https:\/\/www.eldiario.net\/portal\/author\/jeanette\/"}]}},"_links":{"self":[{"href":"https:\/\/www.eldiario.net\/portal\/wp-json\/wp\/v2\/posts\/307281","targetHints":{"allow":["GET"]}}],"collection":[{"href":"https:\/\/www.eldiario.net\/portal\/wp-json\/wp\/v2\/posts"}],"about":[{"href":"https:\/\/www.eldiario.net\/portal\/wp-json\/wp\/v2\/types\/post"}],"author":[{"embeddable":true,"href":"https:\/\/www.eldiario.net\/portal\/wp-json\/wp\/v2\/users\/1"}],"replies":[{"embeddable":true,"href":"https:\/\/www.eldiario.net\/portal\/wp-json\/wp\/v2\/comments?post=307281"}],"version-history":[{"count":1,"href":"https:\/\/www.eldiario.net\/portal\/wp-json\/wp\/v2\/posts\/307281\/revisions"}],"predecessor-version":[{"id":307290,"href":"https:\/\/www.eldiario.net\/portal\/wp-json\/wp\/v2\/posts\/307281\/revisions\/307290"}],"wp:featuredmedia":[{"embeddable":true,"href":"https:\/\/www.eldiario.net\/portal\/wp-json\/wp\/v2\/media\/307282"}],"wp:attachment":[{"href":"https:\/\/www.eldiario.net\/portal\/wp-json\/wp\/v2\/media?parent=307281"}],"wp:term":[{"taxonomy":"category","embeddable":true,"href":"https:\/\/www.eldiario.net\/portal\/wp-json\/wp\/v2\/categories?post=307281"},{"taxonomy":"post_tag","embeddable":true,"href":"https:\/\/www.eldiario.net\/portal\/wp-json\/wp\/v2\/tags?post=307281"}],"curies":[{"name":"wp","href":"https:\/\/api.w.org\/{rel}","templated":true}]}}