{"id":307277,"date":"2025-06-04T06:09:40","date_gmt":"2025-06-04T10:09:40","guid":{"rendered":"https:\/\/www.eldiario.net\/portal\/?p=307277"},"modified":"2025-06-04T06:09:40","modified_gmt":"2025-06-04T10:09:40","slug":"bienestar-a-la-medida-de-cada-madre","status":"publish","type":"post","link":"https:\/\/www.eldiario.net\/portal\/2025\/06\/04\/bienestar-a-la-medida-de-cada-madre\/","title":{"rendered":"Bienestar a la medida de cada madre"},"content":{"rendered":"<p>La maternidad transforma profundamente todos los aspectos de la vida, incluido el bienestar f\u00edsico y emocional. Sin embargo, cada mujer vive esta experiencia de forma distinta, con desaf\u00edos, ritmos y prioridades \u00fanicos. Por eso, es fundamental reconocer y valorar la diversidad de estilos de vida y necesidades que existen entre las madres.<\/p>\n<p>Conscientes de esta realidad, desde Herbalife se proponen opciones para contribuir a la rutina de cada tipo de madre con productos que se adaptan a sus distintas necesidades. Desde las m\u00e1s activas hasta las que buscan disfrutar de un momento de pausa o un impulso de energ\u00eda diario, apuntando a promover el equilibrio integral.<\/p>\n<p>\u201cUna nutrici\u00f3n equilibrada es clave en todas las etapas de la vida, y a\u00fan m\u00e1s durante la maternidad. Una madre saludable tiene m\u00e1s energ\u00eda, mayor claridad mental y m\u00e1s capacidad para cuidar de su familia sin descuidarse a s\u00ed misma\u201d, se\u00f1ala Fabiana Cremer, consultora externa de Nutrici\u00f3n para Herbalife Bolivia.<\/p>\n<p><strong>Diferentes opciones para diferentes realidades en la maternidad<\/strong><\/p>\n<p>Para mam\u00e1s pr\u00e1cticas y ocupadas que necesitan de energ\u00eda diaria sin complicaciones, el Batido Nutricional F\u00f3rmula 1 es una gran soluci\u00f3n para aquellas que tienen d\u00edas intensos. Rico en prote\u00ednas de alta calidad y nutrientes esenciales, este batido puede complementar una comida o funcionar como snack nutritivo, ayudando a controlar el peso, mantener la saciedad y proporcionar energ\u00eda sostenida.<\/p>\n<p>Para las madres previsoras, que cuidan de su bienestar durante los cambios estacionales, es clave fortalecer las defensas del cuerpo. En estos casos, Herbalife Pro es el aliado, gracias a su contenido de levadura fermentada, que ayuda a equilibrar y apoyar diariamente un sistema inmunitario saludable.<\/p>\n<p>Por otro lado, para las mam\u00e1s activas que buscan mejorar su rendimiento f\u00edsico y apoyar la recuperaci\u00f3n muscular, la l\u00ednea Herbalife24 ofrece opciones dise\u00f1adas para potenciar su desempe\u00f1o. Su hidratante con electrolitos y carbohidratos puede consumirse antes, durante o despu\u00e9s del ejercicio, ayudando a mantener la energ\u00eda y favorecer la recuperaci\u00f3n. Mientras que su recuperador muscular aporta prote\u00edna concentrada de leche y prote\u00ednas de suero de leche que contribuyen al desarrollo y recuperaci\u00f3n muscular y carbohidratos que ayudan a reponer el gluc\u00f3geno muscular.<\/p>\n<p>Para aquellas mam\u00e1s que priorizan el autocuidado y el equilibrio entre el cuerpo y la mente Kalm Infusion es una gran opci\u00f3n. Esta infusi\u00f3n herbal especialmente formulada con toronjil, una hierba que ha sido usada tradicionalmente para apoyar la relajaci\u00f3n, ayudar a manejar el estr\u00e9s ocasional y a mejorar la calidad del sue\u00f1o. Puede tomarse en la tarde o antes de dormir, como parte de un ritual de autocuidado y pausa.<\/p>\n<p>Para el cuidado de la piel, los productos que incluyen col\u00e1geno como el Collagen Beauty Drink en la rutina diaria son una forma efectiva de apoyarla desde el interior. Ya sea combinado con un batido o en un vaso de agua, estos suplementos ayudan a promover la producci\u00f3n de col\u00e1geno y elastina ayudando a lograr una apariencia tersa.<\/p>\n<p>Y, finalmente, para mam\u00e1s activas que necesitan protecci\u00f3n frente al estr\u00e9s oxidativo tenemos Golden Beverage que est\u00e1 formulado con extracto de c\u00farcuma, ampliamente utilizado en la tradici\u00f3n ayurv\u00e9dica por sus propiedades antiinflamatorias y antioxidantes. Este producto por su contenido de c\u00farcuma puede ayudar a reducir el estr\u00e9s oxidativo causado por el ejercicio y apoyar el bienestar de las articulaciones.<\/p>\n<p>La maternidad exige un enfoque consciente y equilibrado en la nutrici\u00f3n. Incorporar complementos como los mencionados puede contribuir a apoyar sus objetivos de bienestar. El compromiso de Herbalife contin\u00faa siendo desarrollar productos que se adapten a distintas necesidades y realidades, acompa\u00f1ando en cada paso del camino hacia una vida m\u00e1s activa y saludable, a trav\u00e9s de productos impulsados por la ciencia y la innovaci\u00f3n.<\/p>\n\r\n                <style type=\"text\/css\">\r\n                    \r\n                    #tdi_1  .td-doubleSlider-2 .td-item1 {\r\n                        background: url(https:\/\/www.eldiario.net\/portal\/wp-content\/uploads\/2025\/06\/NOTA-2-FOTO-1-80x60.jpg) 0 0 no-repeat;\r\n                    }\r\n                    #tdi_1  .td-doubleSlider-2 .td-item2 {\r\n                        background: url(https:\/\/www.eldiario.net\/portal\/wp-content\/uploads\/2025\/06\/NOTA-2-FOTO-2-80x60.jpg) 0 0 no-repeat;\r\n                    }\r\n                <\/style>\r\n\r\n                <div id=\"tdi_1\" class=\"td-gallery td-slide-on-2-columns\">\r\n                    <div class=\"post_td_gallery\">\r\n                        <div class=\"td-gallery-slide-top\">\r\n                           <div class=\"td-gallery-title\"><\/div>\r\n\r\n                            <div class=\"td-gallery-controls-wrapper\">\r\n                                <div class=\"td-gallery-slide-count\"><span class=\"td-gallery-slide-item-focus\">1<\/span> de 2<\/div>\r\n                                <div class=\"td-gallery-slide-prev-next-but\">\r\n                                    <i class = \"td-icon-left doubleSliderPrevButton\"><\/i>\r\n                                    <i class = \"td-icon-right doubleSliderNextButton\"><\/i>\r\n                                <\/div>\r\n                            <\/div>\r\n                        <\/div>\r\n\r\n                        <div class = \"td-doubleSlider-1 \">\r\n                            <div class = \"td-slider\">\r\n                                \r\n                    <div class = \"td-slide-item td-item1\">\r\n                        <figure class=\"td-slide-galery-figure td-slide-popup-gallery\">\r\n                            <a class=\"slide-gallery-image-link\" href=\"https:\/\/www.eldiario.net\/portal\/wp-content\/uploads\/2025\/06\/NOTA-2-FOTO-1.jpg\" title=\"NOTA 2 FOTO 1\"  data-caption=\"\"  data-description=\"FABIANA CREMER, CONSULTORA EXTERNA DE NUTRICI&Oacute;N PARA HERBALIFE BOLIVIA.\">\r\n                                <img decoding=\"async\" src=\"https:\/\/www.eldiario.net\/portal\/wp-content\/uploads\/2025\/06\/NOTA-2-FOTO-1-280x420.jpg\" srcset=\"https:\/\/www.eldiario.net\/portal\/wp-content\/uploads\/2025\/06\/NOTA-2-FOTO-1-280x420.jpg 280w, https:\/\/www.eldiario.net\/portal\/wp-content\/uploads\/2025\/06\/NOTA-2-FOTO-1-200x300.jpg 200w, https:\/\/www.eldiario.net\/portal\/wp-content\/uploads\/2025\/06\/NOTA-2-FOTO-1-683x1024.jpg 683w, https:\/\/www.eldiario.net\/portal\/wp-content\/uploads\/2025\/06\/NOTA-2-FOTO-1-768x1152.jpg 768w, https:\/\/www.eldiario.net\/portal\/wp-content\/uploads\/2025\/06\/NOTA-2-FOTO-1-696x1044.jpg 696w, https:\/\/www.eldiario.net\/portal\/wp-content\/uploads\/2025\/06\/NOTA-2-FOTO-1.jpg 800w\" sizes=\"(max-width: 280px) 100vw, 280px\" alt=\"\">\r\n                            <\/a>\r\n                            <figcaption class = \"td-slide-caption td-gallery-slide-content\"><span>FABIANA CREMER, CONSULTORA EXTERNA DE NUTRICI\u00d3N PARA HERBALIFE BOLIVIA.<\/span><\/figcaption>\r\n                        <\/figure>\r\n                    <\/div>\r\n                    <div class = \"td-slide-item td-item2\">\r\n                        <figure class=\"td-slide-galery-figure td-slide-popup-gallery\">\r\n                            <a class=\"slide-gallery-image-link\" href=\"https:\/\/www.eldiario.net\/portal\/wp-content\/uploads\/2025\/06\/NOTA-2-FOTO-2.jpg\" title=\"NOTA 2 FOTO 2\"  data-caption=\"LA MATERNIDAD EXIGE UN ENFOQUE CONSCIENTE Y EQUILIBRADO EN LA NUTRICI\u00d3N.\"  data-description=\"\">\r\n                                <img decoding=\"async\" src=\"https:\/\/www.eldiario.net\/portal\/wp-content\/uploads\/2025\/06\/NOTA-2-FOTO-2-280x420.jpg\" srcset=\"https:\/\/www.eldiario.net\/portal\/wp-content\/uploads\/2025\/06\/NOTA-2-FOTO-2-280x420.jpg 280w, https:\/\/www.eldiario.net\/portal\/wp-content\/uploads\/2025\/06\/NOTA-2-FOTO-2-200x300.jpg 200w, https:\/\/www.eldiario.net\/portal\/wp-content\/uploads\/2025\/06\/NOTA-2-FOTO-2-683x1024.jpg 683w, https:\/\/www.eldiario.net\/portal\/wp-content\/uploads\/2025\/06\/NOTA-2-FOTO-2-768x1152.jpg 768w, https:\/\/www.eldiario.net\/portal\/wp-content\/uploads\/2025\/06\/NOTA-2-FOTO-2-696x1044.jpg 696w, https:\/\/www.eldiario.net\/portal\/wp-content\/uploads\/2025\/06\/NOTA-2-FOTO-2.jpg 800w\" sizes=\"(max-width: 280px) 100vw, 280px\" alt=\"\">\r\n                            <\/a>\r\n                            <figcaption class = \"td-slide-caption td-gallery-slide-content\"><div class = \"td-gallery-slide-copywrite\">LA MATERNIDAD EXIGE UN ENFOQUE CONSCIENTE Y EQUILIBRADO EN LA NUTRICI\u00d3N.<\/div><\/figcaption>\r\n                        <\/figure>\r\n                    <\/div>\r\n                            <\/div>\r\n                        <\/div>\r\n\r\n                        <div class = \"td-doubleSlider-2\">\r\n                            <div class = \"td-slider\">\r\n                                \r\n                    <div class = \"td-button td-item1\">\r\n                        <div class = \"td-border\"><\/div>\r\n                    <\/div>\r\n                    <div class = \"td-button td-item2\">\r\n                        <div class = \"td-border\"><\/div>\r\n                    <\/div>\r\n                            <\/div>\r\n                        <\/div>\r\n\r\n                    <\/div>\r\n\r\n                <\/div>\r\n                \n","protected":false},"excerpt":{"rendered":"<p>La maternidad transforma profundamente todos los aspectos de la vida, incluido el bienestar f\u00edsico y emocional. Sin embargo, cada mujer vive esta experiencia de forma distinta, con desaf\u00edos, ritmos y prioridades \u00fanicos. Por eso, es fundamental reconocer y valorar la diversidad de estilos de vida y necesidades que existen entre las madres. Conscientes de esta [&hellip;]<\/p>\n","protected":false},"author":1,"featured_media":307278,"comment_status":"closed","ping_status":"open","sticky":false,"template":"","format":"standard","meta":{"_acf_changed":false,"footnotes":""},"categories":[42],"tags":[],"class_list":["post-307277","post","type-post","status-publish","format-standard","has-post-thumbnail","category-femenina"],"acf":{"antetitulo":"Consejos"},"yoast_head":"<!-- This site is optimized with the Yoast SEO plugin v28.4 - https:\/\/yoast.com\/product\/yoast-seo-wordpress\/ -->\n<title>Bienestar a la medida de cada madre - El Diario - Bolivia<\/title>\n<meta name=\"robots\" content=\"index, follow, max-snippet:-1, max-image-preview:large, max-video-preview:-1\" \/>\n<link rel=\"canonical\" href=\"https:\/\/www.eldiario.net\/portal\/2025\/06\/04\/bienestar-a-la-medida-de-cada-madre\/\" \/>\n<meta property=\"og:locale\" content=\"es_ES\" \/>\n<meta property=\"og:type\" content=\"article\" \/>\n<meta property=\"og:title\" content=\"Bienestar a la medida de cada madre - El Diario - Bolivia\" \/>\n<meta property=\"og:description\" content=\"La maternidad transforma profundamente todos los aspectos de la vida, incluido el bienestar f\u00edsico y emocional. Sin embargo, cada mujer vive esta experiencia de forma distinta, con desaf\u00edos, ritmos y prioridades \u00fanicos. Por eso, es fundamental reconocer y valorar la diversidad de estilos de vida y necesidades que existen entre las madres. Conscientes de esta [&hellip;]\" \/>\n<meta property=\"og:url\" content=\"https:\/\/www.eldiario.net\/portal\/2025\/06\/04\/bienestar-a-la-medida-de-cada-madre\/\" \/>\n<meta property=\"og:site_name\" content=\"El Diario - Bolivia\" \/>\n<meta property=\"article:publisher\" content=\"https:\/\/www.facebook.com\/eldiario.bolivia\/\" \/>\n<meta property=\"article:published_time\" content=\"2025-06-04T10:09:40+00:00\" \/>\n<meta property=\"og:image\" content=\"https:\/\/www.eldiario.net\/portal\/wp-content\/uploads\/2025\/06\/NOTA-2-FOTO-1.jpg\" \/>\n\t<meta property=\"og:image:width\" content=\"800\" \/>\n\t<meta property=\"og:image:height\" content=\"1200\" \/>\n\t<meta property=\"og:image:type\" content=\"image\/jpeg\" \/>\n<meta name=\"author\" content=\"Jeanette\" \/>\n<meta name=\"twitter:card\" content=\"summary_large_image\" \/>\n<meta name=\"twitter:creator\" content=\"@eldiario_net\" \/>\n<meta name=\"twitter:site\" content=\"@eldiario_net\" \/>\n<meta name=\"twitter:label1\" content=\"Escrito por\" \/>\n\t<meta name=\"twitter:data1\" content=\"Jeanette\" \/>\n\t<meta name=\"twitter:label2\" content=\"Tiempo de lectura\" \/>\n\t<meta name=\"twitter:data2\" content=\"3 minutos\" \/>\n<script type=\"application\/ld+json\" class=\"yoast-schema-graph\">{\"@context\":\"https:\\\/\\\/schema.org\",\"@graph\":[{\"@type\":\"Article\",\"@id\":\"https:\\\/\\\/www.eldiario.net\\\/portal\\\/2025\\\/06\\\/04\\\/bienestar-a-la-medida-de-cada-madre\\\/#article\",\"isPartOf\":{\"@id\":\"https:\\\/\\\/www.eldiario.net\\\/portal\\\/2025\\\/06\\\/04\\\/bienestar-a-la-medida-de-cada-madre\\\/\"},\"author\":{\"name\":\"Jeanette\",\"@id\":\"https:\\\/\\\/www.eldiario.net\\\/portal\\\/#\\\/schema\\\/person\\\/f46445640444750d7d753ccd04ae01b7\"},\"headline\":\"Bienestar a la medida de cada madre\",\"datePublished\":\"2025-06-04T10:09:40+00:00\",\"mainEntityOfPage\":{\"@id\":\"https:\\\/\\\/www.eldiario.net\\\/portal\\\/2025\\\/06\\\/04\\\/bienestar-a-la-medida-de-cada-madre\\\/\"},\"wordCount\":675,\"publisher\":{\"@id\":\"https:\\\/\\\/www.eldiario.net\\\/portal\\\/#organization\"},\"image\":{\"@id\":\"https:\\\/\\\/www.eldiario.net\\\/portal\\\/2025\\\/06\\\/04\\\/bienestar-a-la-medida-de-cada-madre\\\/#primaryimage\"},\"thumbnailUrl\":\"https:\\\/\\\/www.eldiario.net\\\/portal\\\/wp-content\\\/uploads\\\/2025\\\/06\\\/NOTA-2-FOTO-1.jpg\",\"articleSection\":[\"Femenina\"],\"inLanguage\":\"es\"},{\"@type\":\"WebPage\",\"@id\":\"https:\\\/\\\/www.eldiario.net\\\/portal\\\/2025\\\/06\\\/04\\\/bienestar-a-la-medida-de-cada-madre\\\/\",\"url\":\"https:\\\/\\\/www.eldiario.net\\\/portal\\\/2025\\\/06\\\/04\\\/bienestar-a-la-medida-de-cada-madre\\\/\",\"name\":\"Bienestar a la medida de cada madre - El Diario - Bolivia\",\"isPartOf\":{\"@id\":\"https:\\\/\\\/www.eldiario.net\\\/portal\\\/#website\"},\"primaryImageOfPage\":{\"@id\":\"https:\\\/\\\/www.eldiario.net\\\/portal\\\/2025\\\/06\\\/04\\\/bienestar-a-la-medida-de-cada-madre\\\/#primaryimage\"},\"image\":{\"@id\":\"https:\\\/\\\/www.eldiario.net\\\/portal\\\/2025\\\/06\\\/04\\\/bienestar-a-la-medida-de-cada-madre\\\/#primaryimage\"},\"thumbnailUrl\":\"https:\\\/\\\/www.eldiario.net\\\/portal\\\/wp-content\\\/uploads\\\/2025\\\/06\\\/NOTA-2-FOTO-1.jpg\",\"datePublished\":\"2025-06-04T10:09:40+00:00\",\"breadcrumb\":{\"@id\":\"https:\\\/\\\/www.eldiario.net\\\/portal\\\/2025\\\/06\\\/04\\\/bienestar-a-la-medida-de-cada-madre\\\/#breadcrumb\"},\"inLanguage\":\"es\",\"potentialAction\":[{\"@type\":\"ReadAction\",\"target\":[\"https:\\\/\\\/www.eldiario.net\\\/portal\\\/2025\\\/06\\\/04\\\/bienestar-a-la-medida-de-cada-madre\\\/\"]}]},{\"@type\":\"ImageObject\",\"inLanguage\":\"es\",\"@id\":\"https:\\\/\\\/www.eldiario.net\\\/portal\\\/2025\\\/06\\\/04\\\/bienestar-a-la-medida-de-cada-madre\\\/#primaryimage\",\"url\":\"https:\\\/\\\/www.eldiario.net\\\/portal\\\/wp-content\\\/uploads\\\/2025\\\/06\\\/NOTA-2-FOTO-1.jpg\",\"contentUrl\":\"https:\\\/\\\/www.eldiario.net\\\/portal\\\/wp-content\\\/uploads\\\/2025\\\/06\\\/NOTA-2-FOTO-1.jpg\",\"width\":800,\"height\":1200},{\"@type\":\"BreadcrumbList\",\"@id\":\"https:\\\/\\\/www.eldiario.net\\\/portal\\\/2025\\\/06\\\/04\\\/bienestar-a-la-medida-de-cada-madre\\\/#breadcrumb\",\"itemListElement\":[{\"@type\":\"ListItem\",\"position\":1,\"name\":\"Portada\",\"item\":\"https:\\\/\\\/www.eldiario.net\\\/portal\\\/\"},{\"@type\":\"ListItem\",\"position\":2,\"name\":\"Bienestar a la medida de cada madre\"}]},{\"@type\":\"WebSite\",\"@id\":\"https:\\\/\\\/www.eldiario.net\\\/portal\\\/#website\",\"url\":\"https:\\\/\\\/www.eldiario.net\\\/portal\\\/\",\"name\":\"El Diario - Decano de la prensa nacional\",\"description\":\"El Diario - Decano de la prensa nacional\",\"publisher\":{\"@id\":\"https:\\\/\\\/www.eldiario.net\\\/portal\\\/#organization\"},\"potentialAction\":[{\"@type\":\"SearchAction\",\"target\":{\"@type\":\"EntryPoint\",\"urlTemplate\":\"https:\\\/\\\/www.eldiario.net\\\/portal\\\/?s={search_term_string}\"},\"query-input\":{\"@type\":\"PropertyValueSpecification\",\"valueRequired\":true,\"valueName\":\"search_term_string\"}}],\"inLanguage\":\"es\"},{\"@type\":\"Organization\",\"@id\":\"https:\\\/\\\/www.eldiario.net\\\/portal\\\/#organization\",\"name\":\"El Diario - Decano de la prensa nacional\",\"url\":\"https:\\\/\\\/www.eldiario.net\\\/portal\\\/\",\"logo\":{\"@type\":\"ImageObject\",\"inLanguage\":\"es\",\"@id\":\"https:\\\/\\\/www.eldiario.net\\\/portal\\\/#\\\/schema\\\/logo\\\/image\\\/\",\"url\":\"https:\\\/\\\/www.eldiario.net\\\/portal\\\/wp-content\\\/uploads\\\/2023\\\/07\\\/logo_ED.jpg\",\"contentUrl\":\"https:\\\/\\\/www.eldiario.net\\\/portal\\\/wp-content\\\/uploads\\\/2023\\\/07\\\/logo_ED.jpg\",\"width\":272,\"height\":52,\"caption\":\"El Diario - Decano de la prensa nacional\"},\"image\":{\"@id\":\"https:\\\/\\\/www.eldiario.net\\\/portal\\\/#\\\/schema\\\/logo\\\/image\\\/\"},\"sameAs\":[\"https:\\\/\\\/www.facebook.com\\\/eldiario.bolivia\\\/\",\"https:\\\/\\\/x.com\\\/eldiario_net\"]},{\"@type\":\"Person\",\"@id\":\"https:\\\/\\\/www.eldiario.net\\\/portal\\\/#\\\/schema\\\/person\\\/f46445640444750d7d753ccd04ae01b7\",\"name\":\"Jeanette\",\"image\":{\"@type\":\"ImageObject\",\"inLanguage\":\"es\",\"@id\":\"https:\\\/\\\/secure.gravatar.com\\\/avatar\\\/3ea2118a5f7dad2b7138b1187a6b7ee55f160b9968b66013c3a3ef39dd7e5798?s=96&d=mm&r=g\",\"url\":\"https:\\\/\\\/secure.gravatar.com\\\/avatar\\\/3ea2118a5f7dad2b7138b1187a6b7ee55f160b9968b66013c3a3ef39dd7e5798?s=96&d=mm&r=g\",\"contentUrl\":\"https:\\\/\\\/secure.gravatar.com\\\/avatar\\\/3ea2118a5f7dad2b7138b1187a6b7ee55f160b9968b66013c3a3ef39dd7e5798?s=96&d=mm&r=g\",\"caption\":\"Jeanette\"},\"sameAs\":[\"https:\\\/\\\/www.eldiario.net\\\/portal\"],\"url\":\"https:\\\/\\\/www.eldiario.net\\\/portal\\\/author\\\/jeanette\\\/\"}]}<\/script>\n<!-- \/ Yoast SEO plugin. -->","yoast_head_json":{"title":"Bienestar a la medida de cada madre - El Diario - Bolivia","robots":{"index":"index","follow":"follow","max-snippet":"max-snippet:-1","max-image-preview":"max-image-preview:large","max-video-preview":"max-video-preview:-1"},"canonical":"https:\/\/www.eldiario.net\/portal\/2025\/06\/04\/bienestar-a-la-medida-de-cada-madre\/","og_locale":"es_ES","og_type":"article","og_title":"Bienestar a la medida de cada madre - El Diario - Bolivia","og_description":"La maternidad transforma profundamente todos los aspectos de la vida, incluido el bienestar f\u00edsico y emocional. Sin embargo, cada mujer vive esta experiencia de forma distinta, con desaf\u00edos, ritmos y prioridades \u00fanicos. Por eso, es fundamental reconocer y valorar la diversidad de estilos de vida y necesidades que existen entre las madres. Conscientes de esta [&hellip;]","og_url":"https:\/\/www.eldiario.net\/portal\/2025\/06\/04\/bienestar-a-la-medida-de-cada-madre\/","og_site_name":"El Diario - Bolivia","article_publisher":"https:\/\/www.facebook.com\/eldiario.bolivia\/","article_published_time":"2025-06-04T10:09:40+00:00","og_image":[{"width":800,"height":1200,"url":"https:\/\/www.eldiario.net\/portal\/wp-content\/uploads\/2025\/06\/NOTA-2-FOTO-1.jpg","type":"image\/jpeg"}],"author":"Jeanette","twitter_card":"summary_large_image","twitter_creator":"@eldiario_net","twitter_site":"@eldiario_net","twitter_misc":{"Escrito por":"Jeanette","Tiempo de lectura":"3 minutos"},"schema":{"@context":"https:\/\/schema.org","@graph":[{"@type":"Article","@id":"https:\/\/www.eldiario.net\/portal\/2025\/06\/04\/bienestar-a-la-medida-de-cada-madre\/#article","isPartOf":{"@id":"https:\/\/www.eldiario.net\/portal\/2025\/06\/04\/bienestar-a-la-medida-de-cada-madre\/"},"author":{"name":"Jeanette","@id":"https:\/\/www.eldiario.net\/portal\/#\/schema\/person\/f46445640444750d7d753ccd04ae01b7"},"headline":"Bienestar a la medida de cada madre","datePublished":"2025-06-04T10:09:40+00:00","mainEntityOfPage":{"@id":"https:\/\/www.eldiario.net\/portal\/2025\/06\/04\/bienestar-a-la-medida-de-cada-madre\/"},"wordCount":675,"publisher":{"@id":"https:\/\/www.eldiario.net\/portal\/#organization"},"image":{"@id":"https:\/\/www.eldiario.net\/portal\/2025\/06\/04\/bienestar-a-la-medida-de-cada-madre\/#primaryimage"},"thumbnailUrl":"https:\/\/www.eldiario.net\/portal\/wp-content\/uploads\/2025\/06\/NOTA-2-FOTO-1.jpg","articleSection":["Femenina"],"inLanguage":"es"},{"@type":"WebPage","@id":"https:\/\/www.eldiario.net\/portal\/2025\/06\/04\/bienestar-a-la-medida-de-cada-madre\/","url":"https:\/\/www.eldiario.net\/portal\/2025\/06\/04\/bienestar-a-la-medida-de-cada-madre\/","name":"Bienestar a la medida de cada madre - El Diario - Bolivia","isPartOf":{"@id":"https:\/\/www.eldiario.net\/portal\/#website"},"primaryImageOfPage":{"@id":"https:\/\/www.eldiario.net\/portal\/2025\/06\/04\/bienestar-a-la-medida-de-cada-madre\/#primaryimage"},"image":{"@id":"https:\/\/www.eldiario.net\/portal\/2025\/06\/04\/bienestar-a-la-medida-de-cada-madre\/#primaryimage"},"thumbnailUrl":"https:\/\/www.eldiario.net\/portal\/wp-content\/uploads\/2025\/06\/NOTA-2-FOTO-1.jpg","datePublished":"2025-06-04T10:09:40+00:00","breadcrumb":{"@id":"https:\/\/www.eldiario.net\/portal\/2025\/06\/04\/bienestar-a-la-medida-de-cada-madre\/#breadcrumb"},"inLanguage":"es","potentialAction":[{"@type":"ReadAction","target":["https:\/\/www.eldiario.net\/portal\/2025\/06\/04\/bienestar-a-la-medida-de-cada-madre\/"]}]},{"@type":"ImageObject","inLanguage":"es","@id":"https:\/\/www.eldiario.net\/portal\/2025\/06\/04\/bienestar-a-la-medida-de-cada-madre\/#primaryimage","url":"https:\/\/www.eldiario.net\/portal\/wp-content\/uploads\/2025\/06\/NOTA-2-FOTO-1.jpg","contentUrl":"https:\/\/www.eldiario.net\/portal\/wp-content\/uploads\/2025\/06\/NOTA-2-FOTO-1.jpg","width":800,"height":1200},{"@type":"BreadcrumbList","@id":"https:\/\/www.eldiario.net\/portal\/2025\/06\/04\/bienestar-a-la-medida-de-cada-madre\/#breadcrumb","itemListElement":[{"@type":"ListItem","position":1,"name":"Portada","item":"https:\/\/www.eldiario.net\/portal\/"},{"@type":"ListItem","position":2,"name":"Bienestar a la medida de cada madre"}]},{"@type":"WebSite","@id":"https:\/\/www.eldiario.net\/portal\/#website","url":"https:\/\/www.eldiario.net\/portal\/","name":"El Diario - Decano de la prensa nacional","description":"El Diario - Decano de la prensa nacional","publisher":{"@id":"https:\/\/www.eldiario.net\/portal\/#organization"},"potentialAction":[{"@type":"SearchAction","target":{"@type":"EntryPoint","urlTemplate":"https:\/\/www.eldiario.net\/portal\/?s={search_term_string}"},"query-input":{"@type":"PropertyValueSpecification","valueRequired":true,"valueName":"search_term_string"}}],"inLanguage":"es"},{"@type":"Organization","@id":"https:\/\/www.eldiario.net\/portal\/#organization","name":"El Diario - Decano de la prensa nacional","url":"https:\/\/www.eldiario.net\/portal\/","logo":{"@type":"ImageObject","inLanguage":"es","@id":"https:\/\/www.eldiario.net\/portal\/#\/schema\/logo\/image\/","url":"https:\/\/www.eldiario.net\/portal\/wp-content\/uploads\/2023\/07\/logo_ED.jpg","contentUrl":"https:\/\/www.eldiario.net\/portal\/wp-content\/uploads\/2023\/07\/logo_ED.jpg","width":272,"height":52,"caption":"El Diario - Decano de la prensa nacional"},"image":{"@id":"https:\/\/www.eldiario.net\/portal\/#\/schema\/logo\/image\/"},"sameAs":["https:\/\/www.facebook.com\/eldiario.bolivia\/","https:\/\/x.com\/eldiario_net"]},{"@type":"Person","@id":"https:\/\/www.eldiario.net\/portal\/#\/schema\/person\/f46445640444750d7d753ccd04ae01b7","name":"Jeanette","image":{"@type":"ImageObject","inLanguage":"es","@id":"https:\/\/secure.gravatar.com\/avatar\/3ea2118a5f7dad2b7138b1187a6b7ee55f160b9968b66013c3a3ef39dd7e5798?s=96&d=mm&r=g","url":"https:\/\/secure.gravatar.com\/avatar\/3ea2118a5f7dad2b7138b1187a6b7ee55f160b9968b66013c3a3ef39dd7e5798?s=96&d=mm&r=g","contentUrl":"https:\/\/secure.gravatar.com\/avatar\/3ea2118a5f7dad2b7138b1187a6b7ee55f160b9968b66013c3a3ef39dd7e5798?s=96&d=mm&r=g","caption":"Jeanette"},"sameAs":["https:\/\/www.eldiario.net\/portal"],"url":"https:\/\/www.eldiario.net\/portal\/author\/jeanette\/"}]}},"_links":{"self":[{"href":"https:\/\/www.eldiario.net\/portal\/wp-json\/wp\/v2\/posts\/307277","targetHints":{"allow":["GET"]}}],"collection":[{"href":"https:\/\/www.eldiario.net\/portal\/wp-json\/wp\/v2\/posts"}],"about":[{"href":"https:\/\/www.eldiario.net\/portal\/wp-json\/wp\/v2\/types\/post"}],"author":[{"embeddable":true,"href":"https:\/\/www.eldiario.net\/portal\/wp-json\/wp\/v2\/users\/1"}],"replies":[{"embeddable":true,"href":"https:\/\/www.eldiario.net\/portal\/wp-json\/wp\/v2\/comments?post=307277"}],"version-history":[{"count":1,"href":"https:\/\/www.eldiario.net\/portal\/wp-json\/wp\/v2\/posts\/307277\/revisions"}],"predecessor-version":[{"id":307280,"href":"https:\/\/www.eldiario.net\/portal\/wp-json\/wp\/v2\/posts\/307277\/revisions\/307280"}],"wp:featuredmedia":[{"embeddable":true,"href":"https:\/\/www.eldiario.net\/portal\/wp-json\/wp\/v2\/media\/307278"}],"wp:attachment":[{"href":"https:\/\/www.eldiario.net\/portal\/wp-json\/wp\/v2\/media?parent=307277"}],"wp:term":[{"taxonomy":"category","embeddable":true,"href":"https:\/\/www.eldiario.net\/portal\/wp-json\/wp\/v2\/categories?post=307277"},{"taxonomy":"post_tag","embeddable":true,"href":"https:\/\/www.eldiario.net\/portal\/wp-json\/wp\/v2\/tags?post=307277"}],"curies":[{"name":"wp","href":"https:\/\/api.w.org\/{rel}","templated":true}]}}