{"id":307274,"date":"2025-06-04T06:08:36","date_gmt":"2025-06-04T10:08:36","guid":{"rendered":"https:\/\/www.eldiario.net\/portal\/?p=307274"},"modified":"2025-06-04T06:08:36","modified_gmt":"2025-06-04T10:08:36","slug":"capsulas-blandas-nueva-era-en-el-combate-del-resfrio-en-bolivia","status":"publish","type":"post","link":"https:\/\/www.eldiario.net\/portal\/2025\/06\/04\/capsulas-blandas-nueva-era-en-el-combate-del-resfrio-en-bolivia\/","title":{"rendered":"C\u00e1psulas blandas: Nueva era en el combate del resfr\u00edo en Bolivia"},"content":{"rendered":"<p>Con el invierno en puertas y un incremento sostenido de casos de resfr\u00edos y gripes en Bolivia, Corporaci\u00f3n Cofar refuerza su apuesta por la innovaci\u00f3n con el lanzamiento de FLAVICOLD D\u00cdA y FLAVICOLD NOCHE en c\u00e1psulas blandas, una nueva presentaci\u00f3n que busca ofrecer alivio superior con mayor rapidez, comodidad y tolerancia g\u00e1strica.<\/p>\n<p>\u201cCon esta innovaci\u00f3n en una de nuestras marcas OTC m\u00e1s consolidadas, apostamos por una experiencia terap\u00e9utica m\u00e1s r\u00e1pida y efectiva, con beneficios concretos tanto para el paciente como para el profesional de la salud que lo recomienda\u201d, afirma Nicol\u00e1s Vargas, jefe nacional de Ventas de COFAR.<\/p>\n<p>Seg\u00fan datos del Ministerio de Salud, las Infecciones Respiratorias Agudas tienden a dispararse durante los meses de junio a agosto, hasta mayo de este a\u00f1o las IRA se incrementaron en un 17%. En este contexto, el nuevo formato en c\u00e1psula blanda se lanza como respuesta directa a la creciente demanda de soluciones eficaces y mejor toleradas para el tratamiento de s\u00edntomas como fiebre, congesti\u00f3n, dolor de cabeza y tos.<\/p>\n<p><strong>Innovaci\u00f3n que se siente<\/strong><\/p>\n<p>La f\u00f3rmula de FLAVICOLD en c\u00e1psulas blandas incorpora tecnolog\u00eda farmac\u00e9utica de \u00faltima generaci\u00f3n que mejora la absorci\u00f3n de los principios activos, reduciendo el tiempo de acci\u00f3n y evitando efectos adversos como la irritaci\u00f3n estomacal o los sabores desagradables.<\/p>\n<p>FLAVICOLD D\u00cdA mantiene su ya conocida f\u00f3rmula que no provoca somnolencia, permitiendo continuar con las actividades cotidianas, mientras que FLAVICOLD NOCHE facilita un descanso profundo y reparador, clave para la recuperaci\u00f3n.<\/p>\n<p>\u201cCada c\u00e1psula blanda tiene triple acci\u00f3n terap\u00e9utica, lo que permite atacar varios s\u00edntomas al mismo tiempo, mejorando la calidad de vida del paciente desde la primera toma\u201d, agrega Vargas.<\/p>\n<p><strong>Liderazgo consolidado<\/strong><\/p>\n<p>Con m\u00e1s de 3,2 millones de unidades vendidas en 2024, FLAVICOLD es una de las marcas m\u00e1s reconocidas en el segmento de medicamentos de venta libre (OTC) en Bolivia. Su nueva presentaci\u00f3n busca consolidar a\u00fan m\u00e1s ese liderazgo con una propuesta de valor centrada en la eficacia, la innovaci\u00f3n y la experiencia del usuario.<\/p>\n<p>\u201cEste lanzamiento refleja nuestro compromiso con la innovaci\u00f3n accesible y de alta calidad. Nuestra Unidad Estrat\u00e9gica OTC COFAR contin\u00faa posicion\u00e1ndose a la vanguardia del mercado farmac\u00e9utico nacional\u201d, se\u00f1ala Nelbi Crespo, gerente comercial de COFAR.<\/p>\n<p><strong>Confianza y trayectoria<\/strong><\/p>\n<p>Respaldado por m\u00e1s de 30 a\u00f1os en el mercado, FLAVICOLD es sin\u00f3nimo de confianza para millones de familias bolivianas. El nuevo formato encapsula tambi\u00e9n el esp\u00edritu de una empresa que lleva 52 a\u00f1os comprometida con la salud del pa\u00eds, adapt\u00e1ndose a las necesidades de los consumidores con soluciones modernas y eficaces.<\/p>\n<p>\u201cR\u00e1pida acci\u00f3n contra los s\u00edntomas del resfr\u00edo con alivio superior\u201d, reafirma la promesa de marca de FLAVICOLD, ahora tambi\u00e9n en c\u00e1psulas blandas.<\/p>\n","protected":false},"excerpt":{"rendered":"<p>Con el invierno en puertas y un incremento sostenido de casos de resfr\u00edos y gripes en Bolivia, Corporaci\u00f3n Cofar refuerza su apuesta por la innovaci\u00f3n con el lanzamiento de FLAVICOLD D\u00cdA y FLAVICOLD NOCHE en c\u00e1psulas blandas, una nueva presentaci\u00f3n que busca ofrecer alivio superior con mayor rapidez, comodidad y tolerancia g\u00e1strica. \u201cCon esta innovaci\u00f3n [&hellip;]<\/p>\n","protected":false},"author":1,"featured_media":307275,"comment_status":"closed","ping_status":"open","sticky":false,"template":"","format":"standard","meta":{"_acf_changed":false,"footnotes":""},"categories":[42],"tags":[],"class_list":["post-307274","post","type-post","status-publish","format-standard","has-post-thumbnail","category-femenina"],"acf":{"antetitulo":"Innovaci\u00f3n Invernal"},"yoast_head":"<!-- This site is optimized with the Yoast SEO plugin v28.4 - https:\/\/yoast.com\/product\/yoast-seo-wordpress\/ -->\n<title>C\u00e1psulas blandas: Nueva era en el combate del resfr\u00edo en Bolivia - El Diario - Bolivia<\/title>\n<meta name=\"robots\" content=\"index, follow, max-snippet:-1, max-image-preview:large, max-video-preview:-1\" \/>\n<link rel=\"canonical\" href=\"https:\/\/www.eldiario.net\/portal\/2025\/06\/04\/capsulas-blandas-nueva-era-en-el-combate-del-resfrio-en-bolivia\/\" \/>\n<meta property=\"og:locale\" content=\"es_ES\" \/>\n<meta property=\"og:type\" content=\"article\" \/>\n<meta property=\"og:title\" content=\"C\u00e1psulas blandas: Nueva era en el combate del resfr\u00edo en Bolivia - El Diario - Bolivia\" \/>\n<meta property=\"og:description\" content=\"Con el invierno en puertas y un incremento sostenido de casos de resfr\u00edos y gripes en Bolivia, Corporaci\u00f3n Cofar refuerza su apuesta por la innovaci\u00f3n con el lanzamiento de FLAVICOLD D\u00cdA y FLAVICOLD NOCHE en c\u00e1psulas blandas, una nueva presentaci\u00f3n que busca ofrecer alivio superior con mayor rapidez, comodidad y tolerancia g\u00e1strica. \u201cCon esta innovaci\u00f3n [&hellip;]\" \/>\n<meta property=\"og:url\" content=\"https:\/\/www.eldiario.net\/portal\/2025\/06\/04\/capsulas-blandas-nueva-era-en-el-combate-del-resfrio-en-bolivia\/\" \/>\n<meta property=\"og:site_name\" content=\"El Diario - Bolivia\" \/>\n<meta property=\"article:publisher\" content=\"https:\/\/www.facebook.com\/eldiario.bolivia\/\" \/>\n<meta property=\"article:published_time\" content=\"2025-06-04T10:08:36+00:00\" \/>\n<meta property=\"og:image\" content=\"https:\/\/www.eldiario.net\/portal\/wp-content\/uploads\/2025\/06\/NOTA-3-FOTO-e1749031697832.jpg\" \/>\n\t<meta property=\"og:image:width\" content=\"800\" \/>\n\t<meta property=\"og:image:height\" content=\"435\" \/>\n\t<meta property=\"og:image:type\" content=\"image\/jpeg\" \/>\n<meta name=\"author\" content=\"Jeanette\" \/>\n<meta name=\"twitter:card\" content=\"summary_large_image\" \/>\n<meta name=\"twitter:creator\" content=\"@eldiario_net\" \/>\n<meta name=\"twitter:site\" content=\"@eldiario_net\" \/>\n<meta name=\"twitter:label1\" content=\"Escrito por\" \/>\n\t<meta name=\"twitter:data1\" content=\"Jeanette\" \/>\n\t<meta name=\"twitter:label2\" content=\"Tiempo de lectura\" \/>\n\t<meta name=\"twitter:data2\" content=\"3 minutos\" \/>\n<script type=\"application\/ld+json\" class=\"yoast-schema-graph\">{\"@context\":\"https:\\\/\\\/schema.org\",\"@graph\":[{\"@type\":\"Article\",\"@id\":\"https:\\\/\\\/www.eldiario.net\\\/portal\\\/2025\\\/06\\\/04\\\/capsulas-blandas-nueva-era-en-el-combate-del-resfrio-en-bolivia\\\/#article\",\"isPartOf\":{\"@id\":\"https:\\\/\\\/www.eldiario.net\\\/portal\\\/2025\\\/06\\\/04\\\/capsulas-blandas-nueva-era-en-el-combate-del-resfrio-en-bolivia\\\/\"},\"author\":{\"name\":\"Jeanette\",\"@id\":\"https:\\\/\\\/www.eldiario.net\\\/portal\\\/#\\\/schema\\\/person\\\/f46445640444750d7d753ccd04ae01b7\"},\"headline\":\"C\u00e1psulas blandas: Nueva era en el combate del resfr\u00edo en Bolivia\",\"datePublished\":\"2025-06-04T10:08:36+00:00\",\"mainEntityOfPage\":{\"@id\":\"https:\\\/\\\/www.eldiario.net\\\/portal\\\/2025\\\/06\\\/04\\\/capsulas-blandas-nueva-era-en-el-combate-del-resfrio-en-bolivia\\\/\"},\"wordCount\":503,\"publisher\":{\"@id\":\"https:\\\/\\\/www.eldiario.net\\\/portal\\\/#organization\"},\"image\":{\"@id\":\"https:\\\/\\\/www.eldiario.net\\\/portal\\\/2025\\\/06\\\/04\\\/capsulas-blandas-nueva-era-en-el-combate-del-resfrio-en-bolivia\\\/#primaryimage\"},\"thumbnailUrl\":\"https:\\\/\\\/www.eldiario.net\\\/portal\\\/wp-content\\\/uploads\\\/2025\\\/06\\\/NOTA-3-FOTO-e1749031697832.jpg\",\"articleSection\":[\"Femenina\"],\"inLanguage\":\"es\"},{\"@type\":\"WebPage\",\"@id\":\"https:\\\/\\\/www.eldiario.net\\\/portal\\\/2025\\\/06\\\/04\\\/capsulas-blandas-nueva-era-en-el-combate-del-resfrio-en-bolivia\\\/\",\"url\":\"https:\\\/\\\/www.eldiario.net\\\/portal\\\/2025\\\/06\\\/04\\\/capsulas-blandas-nueva-era-en-el-combate-del-resfrio-en-bolivia\\\/\",\"name\":\"C\u00e1psulas blandas: Nueva era en el combate del resfr\u00edo en Bolivia - El Diario - Bolivia\",\"isPartOf\":{\"@id\":\"https:\\\/\\\/www.eldiario.net\\\/portal\\\/#website\"},\"primaryImageOfPage\":{\"@id\":\"https:\\\/\\\/www.eldiario.net\\\/portal\\\/2025\\\/06\\\/04\\\/capsulas-blandas-nueva-era-en-el-combate-del-resfrio-en-bolivia\\\/#primaryimage\"},\"image\":{\"@id\":\"https:\\\/\\\/www.eldiario.net\\\/portal\\\/2025\\\/06\\\/04\\\/capsulas-blandas-nueva-era-en-el-combate-del-resfrio-en-bolivia\\\/#primaryimage\"},\"thumbnailUrl\":\"https:\\\/\\\/www.eldiario.net\\\/portal\\\/wp-content\\\/uploads\\\/2025\\\/06\\\/NOTA-3-FOTO-e1749031697832.jpg\",\"datePublished\":\"2025-06-04T10:08:36+00:00\",\"breadcrumb\":{\"@id\":\"https:\\\/\\\/www.eldiario.net\\\/portal\\\/2025\\\/06\\\/04\\\/capsulas-blandas-nueva-era-en-el-combate-del-resfrio-en-bolivia\\\/#breadcrumb\"},\"inLanguage\":\"es\",\"potentialAction\":[{\"@type\":\"ReadAction\",\"target\":[\"https:\\\/\\\/www.eldiario.net\\\/portal\\\/2025\\\/06\\\/04\\\/capsulas-blandas-nueva-era-en-el-combate-del-resfrio-en-bolivia\\\/\"]}]},{\"@type\":\"ImageObject\",\"inLanguage\":\"es\",\"@id\":\"https:\\\/\\\/www.eldiario.net\\\/portal\\\/2025\\\/06\\\/04\\\/capsulas-blandas-nueva-era-en-el-combate-del-resfrio-en-bolivia\\\/#primaryimage\",\"url\":\"https:\\\/\\\/www.eldiario.net\\\/portal\\\/wp-content\\\/uploads\\\/2025\\\/06\\\/NOTA-3-FOTO-e1749031697832.jpg\",\"contentUrl\":\"https:\\\/\\\/www.eldiario.net\\\/portal\\\/wp-content\\\/uploads\\\/2025\\\/06\\\/NOTA-3-FOTO-e1749031697832.jpg\",\"width\":800,\"height\":435,\"caption\":\"LA C\u00c1PSULAS AZULES DE FLAVICOLD SON PARA LA NOCHE, MIENTRAS QUE LAS VERDES PROPORCIONAN ALIVIO DURANTE EL D\u00cdA.\"},{\"@type\":\"BreadcrumbList\",\"@id\":\"https:\\\/\\\/www.eldiario.net\\\/portal\\\/2025\\\/06\\\/04\\\/capsulas-blandas-nueva-era-en-el-combate-del-resfrio-en-bolivia\\\/#breadcrumb\",\"itemListElement\":[{\"@type\":\"ListItem\",\"position\":1,\"name\":\"Portada\",\"item\":\"https:\\\/\\\/www.eldiario.net\\\/portal\\\/\"},{\"@type\":\"ListItem\",\"position\":2,\"name\":\"C\u00e1psulas blandas: Nueva era en el combate del resfr\u00edo en Bolivia\"}]},{\"@type\":\"WebSite\",\"@id\":\"https:\\\/\\\/www.eldiario.net\\\/portal\\\/#website\",\"url\":\"https:\\\/\\\/www.eldiario.net\\\/portal\\\/\",\"name\":\"El Diario - Decano de la prensa nacional\",\"description\":\"El Diario - Decano de la prensa nacional\",\"publisher\":{\"@id\":\"https:\\\/\\\/www.eldiario.net\\\/portal\\\/#organization\"},\"potentialAction\":[{\"@type\":\"SearchAction\",\"target\":{\"@type\":\"EntryPoint\",\"urlTemplate\":\"https:\\\/\\\/www.eldiario.net\\\/portal\\\/?s={search_term_string}\"},\"query-input\":{\"@type\":\"PropertyValueSpecification\",\"valueRequired\":true,\"valueName\":\"search_term_string\"}}],\"inLanguage\":\"es\"},{\"@type\":\"Organization\",\"@id\":\"https:\\\/\\\/www.eldiario.net\\\/portal\\\/#organization\",\"name\":\"El Diario - Decano de la prensa nacional\",\"url\":\"https:\\\/\\\/www.eldiario.net\\\/portal\\\/\",\"logo\":{\"@type\":\"ImageObject\",\"inLanguage\":\"es\",\"@id\":\"https:\\\/\\\/www.eldiario.net\\\/portal\\\/#\\\/schema\\\/logo\\\/image\\\/\",\"url\":\"https:\\\/\\\/www.eldiario.net\\\/portal\\\/wp-content\\\/uploads\\\/2023\\\/07\\\/logo_ED.jpg\",\"contentUrl\":\"https:\\\/\\\/www.eldiario.net\\\/portal\\\/wp-content\\\/uploads\\\/2023\\\/07\\\/logo_ED.jpg\",\"width\":272,\"height\":52,\"caption\":\"El Diario - Decano de la prensa nacional\"},\"image\":{\"@id\":\"https:\\\/\\\/www.eldiario.net\\\/portal\\\/#\\\/schema\\\/logo\\\/image\\\/\"},\"sameAs\":[\"https:\\\/\\\/www.facebook.com\\\/eldiario.bolivia\\\/\",\"https:\\\/\\\/x.com\\\/eldiario_net\"]},{\"@type\":\"Person\",\"@id\":\"https:\\\/\\\/www.eldiario.net\\\/portal\\\/#\\\/schema\\\/person\\\/f46445640444750d7d753ccd04ae01b7\",\"name\":\"Jeanette\",\"image\":{\"@type\":\"ImageObject\",\"inLanguage\":\"es\",\"@id\":\"https:\\\/\\\/secure.gravatar.com\\\/avatar\\\/3ea2118a5f7dad2b7138b1187a6b7ee55f160b9968b66013c3a3ef39dd7e5798?s=96&d=mm&r=g\",\"url\":\"https:\\\/\\\/secure.gravatar.com\\\/avatar\\\/3ea2118a5f7dad2b7138b1187a6b7ee55f160b9968b66013c3a3ef39dd7e5798?s=96&d=mm&r=g\",\"contentUrl\":\"https:\\\/\\\/secure.gravatar.com\\\/avatar\\\/3ea2118a5f7dad2b7138b1187a6b7ee55f160b9968b66013c3a3ef39dd7e5798?s=96&d=mm&r=g\",\"caption\":\"Jeanette\"},\"sameAs\":[\"https:\\\/\\\/www.eldiario.net\\\/portal\"],\"url\":\"https:\\\/\\\/www.eldiario.net\\\/portal\\\/author\\\/jeanette\\\/\"}]}<\/script>\n<!-- \/ Yoast SEO plugin. -->","yoast_head_json":{"title":"C\u00e1psulas blandas: Nueva era en el combate del resfr\u00edo en Bolivia - El Diario - Bolivia","robots":{"index":"index","follow":"follow","max-snippet":"max-snippet:-1","max-image-preview":"max-image-preview:large","max-video-preview":"max-video-preview:-1"},"canonical":"https:\/\/www.eldiario.net\/portal\/2025\/06\/04\/capsulas-blandas-nueva-era-en-el-combate-del-resfrio-en-bolivia\/","og_locale":"es_ES","og_type":"article","og_title":"C\u00e1psulas blandas: Nueva era en el combate del resfr\u00edo en Bolivia - El Diario - Bolivia","og_description":"Con el invierno en puertas y un incremento sostenido de casos de resfr\u00edos y gripes en Bolivia, Corporaci\u00f3n Cofar refuerza su apuesta por la innovaci\u00f3n con el lanzamiento de FLAVICOLD D\u00cdA y FLAVICOLD NOCHE en c\u00e1psulas blandas, una nueva presentaci\u00f3n que busca ofrecer alivio superior con mayor rapidez, comodidad y tolerancia g\u00e1strica. \u201cCon esta innovaci\u00f3n [&hellip;]","og_url":"https:\/\/www.eldiario.net\/portal\/2025\/06\/04\/capsulas-blandas-nueva-era-en-el-combate-del-resfrio-en-bolivia\/","og_site_name":"El Diario - Bolivia","article_publisher":"https:\/\/www.facebook.com\/eldiario.bolivia\/","article_published_time":"2025-06-04T10:08:36+00:00","og_image":[{"width":800,"height":435,"url":"https:\/\/www.eldiario.net\/portal\/wp-content\/uploads\/2025\/06\/NOTA-3-FOTO-e1749031697832.jpg","type":"image\/jpeg"}],"author":"Jeanette","twitter_card":"summary_large_image","twitter_creator":"@eldiario_net","twitter_site":"@eldiario_net","twitter_misc":{"Escrito por":"Jeanette","Tiempo de lectura":"3 minutos"},"schema":{"@context":"https:\/\/schema.org","@graph":[{"@type":"Article","@id":"https:\/\/www.eldiario.net\/portal\/2025\/06\/04\/capsulas-blandas-nueva-era-en-el-combate-del-resfrio-en-bolivia\/#article","isPartOf":{"@id":"https:\/\/www.eldiario.net\/portal\/2025\/06\/04\/capsulas-blandas-nueva-era-en-el-combate-del-resfrio-en-bolivia\/"},"author":{"name":"Jeanette","@id":"https:\/\/www.eldiario.net\/portal\/#\/schema\/person\/f46445640444750d7d753ccd04ae01b7"},"headline":"C\u00e1psulas blandas: Nueva era en el combate del resfr\u00edo en Bolivia","datePublished":"2025-06-04T10:08:36+00:00","mainEntityOfPage":{"@id":"https:\/\/www.eldiario.net\/portal\/2025\/06\/04\/capsulas-blandas-nueva-era-en-el-combate-del-resfrio-en-bolivia\/"},"wordCount":503,"publisher":{"@id":"https:\/\/www.eldiario.net\/portal\/#organization"},"image":{"@id":"https:\/\/www.eldiario.net\/portal\/2025\/06\/04\/capsulas-blandas-nueva-era-en-el-combate-del-resfrio-en-bolivia\/#primaryimage"},"thumbnailUrl":"https:\/\/www.eldiario.net\/portal\/wp-content\/uploads\/2025\/06\/NOTA-3-FOTO-e1749031697832.jpg","articleSection":["Femenina"],"inLanguage":"es"},{"@type":"WebPage","@id":"https:\/\/www.eldiario.net\/portal\/2025\/06\/04\/capsulas-blandas-nueva-era-en-el-combate-del-resfrio-en-bolivia\/","url":"https:\/\/www.eldiario.net\/portal\/2025\/06\/04\/capsulas-blandas-nueva-era-en-el-combate-del-resfrio-en-bolivia\/","name":"C\u00e1psulas blandas: Nueva era en el combate del resfr\u00edo en Bolivia - El Diario - Bolivia","isPartOf":{"@id":"https:\/\/www.eldiario.net\/portal\/#website"},"primaryImageOfPage":{"@id":"https:\/\/www.eldiario.net\/portal\/2025\/06\/04\/capsulas-blandas-nueva-era-en-el-combate-del-resfrio-en-bolivia\/#primaryimage"},"image":{"@id":"https:\/\/www.eldiario.net\/portal\/2025\/06\/04\/capsulas-blandas-nueva-era-en-el-combate-del-resfrio-en-bolivia\/#primaryimage"},"thumbnailUrl":"https:\/\/www.eldiario.net\/portal\/wp-content\/uploads\/2025\/06\/NOTA-3-FOTO-e1749031697832.jpg","datePublished":"2025-06-04T10:08:36+00:00","breadcrumb":{"@id":"https:\/\/www.eldiario.net\/portal\/2025\/06\/04\/capsulas-blandas-nueva-era-en-el-combate-del-resfrio-en-bolivia\/#breadcrumb"},"inLanguage":"es","potentialAction":[{"@type":"ReadAction","target":["https:\/\/www.eldiario.net\/portal\/2025\/06\/04\/capsulas-blandas-nueva-era-en-el-combate-del-resfrio-en-bolivia\/"]}]},{"@type":"ImageObject","inLanguage":"es","@id":"https:\/\/www.eldiario.net\/portal\/2025\/06\/04\/capsulas-blandas-nueva-era-en-el-combate-del-resfrio-en-bolivia\/#primaryimage","url":"https:\/\/www.eldiario.net\/portal\/wp-content\/uploads\/2025\/06\/NOTA-3-FOTO-e1749031697832.jpg","contentUrl":"https:\/\/www.eldiario.net\/portal\/wp-content\/uploads\/2025\/06\/NOTA-3-FOTO-e1749031697832.jpg","width":800,"height":435,"caption":"LA C\u00c1PSULAS AZULES DE FLAVICOLD SON PARA LA NOCHE, MIENTRAS QUE LAS VERDES PROPORCIONAN ALIVIO DURANTE EL D\u00cdA."},{"@type":"BreadcrumbList","@id":"https:\/\/www.eldiario.net\/portal\/2025\/06\/04\/capsulas-blandas-nueva-era-en-el-combate-del-resfrio-en-bolivia\/#breadcrumb","itemListElement":[{"@type":"ListItem","position":1,"name":"Portada","item":"https:\/\/www.eldiario.net\/portal\/"},{"@type":"ListItem","position":2,"name":"C\u00e1psulas blandas: Nueva era en el combate del resfr\u00edo en Bolivia"}]},{"@type":"WebSite","@id":"https:\/\/www.eldiario.net\/portal\/#website","url":"https:\/\/www.eldiario.net\/portal\/","name":"El Diario - Decano de la prensa nacional","description":"El Diario - Decano de la prensa nacional","publisher":{"@id":"https:\/\/www.eldiario.net\/portal\/#organization"},"potentialAction":[{"@type":"SearchAction","target":{"@type":"EntryPoint","urlTemplate":"https:\/\/www.eldiario.net\/portal\/?s={search_term_string}"},"query-input":{"@type":"PropertyValueSpecification","valueRequired":true,"valueName":"search_term_string"}}],"inLanguage":"es"},{"@type":"Organization","@id":"https:\/\/www.eldiario.net\/portal\/#organization","name":"El Diario - Decano de la prensa nacional","url":"https:\/\/www.eldiario.net\/portal\/","logo":{"@type":"ImageObject","inLanguage":"es","@id":"https:\/\/www.eldiario.net\/portal\/#\/schema\/logo\/image\/","url":"https:\/\/www.eldiario.net\/portal\/wp-content\/uploads\/2023\/07\/logo_ED.jpg","contentUrl":"https:\/\/www.eldiario.net\/portal\/wp-content\/uploads\/2023\/07\/logo_ED.jpg","width":272,"height":52,"caption":"El Diario - Decano de la prensa nacional"},"image":{"@id":"https:\/\/www.eldiario.net\/portal\/#\/schema\/logo\/image\/"},"sameAs":["https:\/\/www.facebook.com\/eldiario.bolivia\/","https:\/\/x.com\/eldiario_net"]},{"@type":"Person","@id":"https:\/\/www.eldiario.net\/portal\/#\/schema\/person\/f46445640444750d7d753ccd04ae01b7","name":"Jeanette","image":{"@type":"ImageObject","inLanguage":"es","@id":"https:\/\/secure.gravatar.com\/avatar\/3ea2118a5f7dad2b7138b1187a6b7ee55f160b9968b66013c3a3ef39dd7e5798?s=96&d=mm&r=g","url":"https:\/\/secure.gravatar.com\/avatar\/3ea2118a5f7dad2b7138b1187a6b7ee55f160b9968b66013c3a3ef39dd7e5798?s=96&d=mm&r=g","contentUrl":"https:\/\/secure.gravatar.com\/avatar\/3ea2118a5f7dad2b7138b1187a6b7ee55f160b9968b66013c3a3ef39dd7e5798?s=96&d=mm&r=g","caption":"Jeanette"},"sameAs":["https:\/\/www.eldiario.net\/portal"],"url":"https:\/\/www.eldiario.net\/portal\/author\/jeanette\/"}]}},"_links":{"self":[{"href":"https:\/\/www.eldiario.net\/portal\/wp-json\/wp\/v2\/posts\/307274","targetHints":{"allow":["GET"]}}],"collection":[{"href":"https:\/\/www.eldiario.net\/portal\/wp-json\/wp\/v2\/posts"}],"about":[{"href":"https:\/\/www.eldiario.net\/portal\/wp-json\/wp\/v2\/types\/post"}],"author":[{"embeddable":true,"href":"https:\/\/www.eldiario.net\/portal\/wp-json\/wp\/v2\/users\/1"}],"replies":[{"embeddable":true,"href":"https:\/\/www.eldiario.net\/portal\/wp-json\/wp\/v2\/comments?post=307274"}],"version-history":[{"count":1,"href":"https:\/\/www.eldiario.net\/portal\/wp-json\/wp\/v2\/posts\/307274\/revisions"}],"predecessor-version":[{"id":307276,"href":"https:\/\/www.eldiario.net\/portal\/wp-json\/wp\/v2\/posts\/307274\/revisions\/307276"}],"wp:featuredmedia":[{"embeddable":true,"href":"https:\/\/www.eldiario.net\/portal\/wp-json\/wp\/v2\/media\/307275"}],"wp:attachment":[{"href":"https:\/\/www.eldiario.net\/portal\/wp-json\/wp\/v2\/media?parent=307274"}],"wp:term":[{"taxonomy":"category","embeddable":true,"href":"https:\/\/www.eldiario.net\/portal\/wp-json\/wp\/v2\/categories?post=307274"},{"taxonomy":"post_tag","embeddable":true,"href":"https:\/\/www.eldiario.net\/portal\/wp-json\/wp\/v2\/tags?post=307274"}],"curies":[{"name":"wp","href":"https:\/\/api.w.org\/{rel}","templated":true}]}}