{"id":307271,"date":"2025-06-04T06:07:14","date_gmt":"2025-06-04T10:07:14","guid":{"rendered":"https:\/\/www.eldiario.net\/portal\/?p=307271"},"modified":"2025-06-04T06:07:14","modified_gmt":"2025-06-04T10:07:14","slug":"trufas-energeticas-de-cacao-datiles-y-chia","status":"publish","type":"post","link":"https:\/\/www.eldiario.net\/portal\/2025\/06\/04\/trufas-energeticas-de-cacao-datiles-y-chia\/","title":{"rendered":"TRUFAS ENERG\u00c9TICAS DE CACAO, D\u00c1TILES Y CH\u00cdA"},"content":{"rendered":"<p>Queridos lectores, en este nuevo mes continuamos con la serie de recetas con superalimentos. Adem\u00e1s, con las bajas temperaturas que se presentan en nuestro pa\u00eds y otros pa\u00edses latinoamericanos es menester reforzar y cuidar nuestra alimentaci\u00f3n.<\/p>\n<p>Antes de convertirse en el ingrediente estrella de batidos modernos, puddings veganos y snacks saludables, la ch\u00eda (Salvia hispanica) ya era considerada un alimento sagrado por algunas de las civilizaciones m\u00e1s avanzadas de Am\u00e9rica. Originaria de Mesoam\u00e9rica, especialmente de lo que hoy es M\u00e9xico y Guatemala, la ch\u00eda fue uno de los cultivos principales de los aztecas y mayas, junto con el ma\u00edz y los frijoles.<\/p>\n<p>En n\u00e1huatl, \u201cch\u00eda\u201d significa \u201cfuerza\u201d, y no es casualidad. Los guerreros aztecas la utilizaban como fuente de resistencia f\u00edsica durante las campa\u00f1as militares. Tambi\u00e9n se ofrec\u00eda en rituales y ceremonias religiosas, lo que refleja su profundo valor simb\u00f3lico y espiritual.<\/p>\n<p>Durante siglos, tras la llegada de los colonizadores espa\u00f1oles, su cultivo y consumo se redujeron dr\u00e1sticamente, casi al olvido. Pero con el resurgimiento del inter\u00e9s por alimentos funcionales, la ch\u00eda ha sido revalorizada como \u201csuperalimento\u201d, una palabra que, aunque no tiene definici\u00f3n cient\u00edfica oficial, se usa para describir ingredientes naturales que ofrecen densidad nutricional excepcional y beneficios espec\u00edficos para la salud.<\/p>\n<p><strong>La ch\u00eda lo cumple con creces:<\/strong><\/p>\n<p>Composici\u00f3n nutricional destacada (por 28 gr\/2 cdas):<\/p>\n<p>Omega-3 (\u00e1cido alfa-linol\u00e9nico \u2013 ALA): 5 gr (m\u00e1s que el salm\u00f3n, en peso)<\/p>\n<p>Fibra: 10\u201311 gr (soluble e insoluble, excelente para la salud digestiva)<\/p>\n<p>Prote\u00edna completa: 4\u20135 gr con todos los amino\u00e1cidos esenciales<\/p>\n<p>Minerales: Alto en calcio, magnesio, f\u00f3sforo y hierro<\/p>\n<p>Antioxidantes: Flavonoides y compuestos fen\u00f3licos<\/p>\n<p>Queridos lectores la ch\u00eda es un superalimento porque ayuda a reducir la inflamaci\u00f3n gracias a su contenido en omega-3 vegetales, regula los niveles de az\u00facar en sangre al formar un gel que ralentiza la absorci\u00f3n de carbohidratos, promueve la saciedad, ideal para controlar el apetito de manera natural, es vers\u00e1til, f\u00e1cil de incorporar en platos dulces o salados sin alterar sabores principales.<\/p>\n<p>En esta receta de trufas energ\u00e9ticas de cacao, d\u00e1tiles y ch\u00eda, esta semilla milenaria se integra en un formato contempor\u00e1neo: pr\u00e1ctico, dulce y funcional. Cada bocado es una c\u00e1psula de energ\u00eda natural, rica en fibra, grasas saludables y compuestos bioactivos, perfecta para antes de entrenar, como snack entre comidas o para calmar antojos de forma consciente.<\/p>\n<p>M\u00e1s que una moda, la ch\u00eda representa una reconexi\u00f3n con la sabidur\u00eda alimentaria y una forma moderna de nutrir el cuerpo con prop\u00f3sito.<\/p>\n<p>\u00a1Disfruten este snack superalimentario sin culpa!<\/p>\n<p><strong>TRUFAS ENERG\u00c9TICAS DE CACAO, D\u00c1TILES Y CH\u00cdA<\/strong><\/p>\n<p>&nbsp;<\/p>\n<p><strong>Ingredientes:<\/strong><\/p>\n<p>1 taza de d\u00e1tiles (sin hueso, remojados 10 min si est\u00e1n secos)<\/p>\n<p>\u00bd taza de nueces (almendras, nueces o avellanas)<\/p>\n<p>2 cucharadas de semillas de ch\u00eda<\/p>\n<p>2 cucharadas de cacao puro en polvo (sin az\u00facar)<\/p>\n<p>1 cucharada de aceite de coco (opcional, para textura m\u00e1s suave)<\/p>\n<p>1 pizca de sal<\/p>\n<p>\u00bd cucharadita de extracto de vainilla (opcional)<\/p>\n<p>Para rebozar (opcional):<\/p>\n<p>Cacao en polvo<\/p>\n<p>&nbsp;<\/p>\n<p>Coco rallado sin az\u00facar<\/p>\n<p>Semillas de ch\u00eda adicionales<\/p>\n<p>Nibs de cacao o s\u00e9samo negro<\/p>\n<p><strong>Preparaci\u00f3n:<\/strong><\/p>\n<p>En un procesador de alimentos, a\u00f1adir las nueces y triturar hasta obtener una textura arenosa pero no completamente molida.<\/p>\n<p>Incorporar los d\u00e1tiles, el cacao, las semillas de ch\u00eda, la sal, el aceite de coco y la vainilla.<\/p>\n<p>Procesar todo junto hasta obtener una masa densa y pegajosa. Si est\u00e1 muy seca, a\u00f1adir 1\u20132 cucharaditas de agua.<\/p>\n<p>Con las manos ligeramente h\u00famedas, formar bolitas del tama\u00f1o de una nuez.<\/p>\n<p>Rebozar en el ingrediente que prefiera (cacao, coco, ch\u00eda, etc.).<\/p>\n<p><strong>Refrigerar:<\/strong><\/p>\n<p>Colocar las trufas en un recipiente herm\u00e9tico y refrigerar por al menos 30 minutos para que tomen firmeza.<\/p>\n<p><strong>Algunos consejos:<\/strong><\/p>\n<p>Puede a\u00f1adir una cucharada de prote\u00edna vegetal en polvo si desea un plus post-entrenamiento.<\/p>\n<p>Para un toque ex\u00f3tico, agregar ralladura de naranja, canela o una pizca de aj\u00ed en polvo.<\/p>\n<p>Se conservan bien en la nevera por hasta una semana, o en el congelador por un mes.<\/p>\n<p>Beneficios nutricionales (por porci\u00f3n estimada de 2 trufas):<\/p>\n<p>Energ\u00eda natural proveniente de los d\u00e1tiles y las grasas saludables.<\/p>\n<p>Rica en fibra y omega-3 gracias a la ch\u00eda.<\/p>\n<p>Sin az\u00facares a\u00f1adidos, sin conservantes ni ingredientes ultraprocesados.<\/p>\n<p><strong>Servir:<\/strong><\/p>\n<p>Puede llevar las trufas en un envase herm\u00e9tico donde usted desee consumirlas.<\/p>\n<p>Queridos lectores hasta la pr\u00f3xima cucharada de sabidur\u00eda gastron\u00f3mica y no olviden que:<\/p>\n<p>\u201cLa gastronom\u00eda hecha con amor, f\u00edsica, qu\u00edmica y biol\u00f3gicamente sabe mejor\u201d<\/p>\n<p>&nbsp;<\/p>\n<p>Chef Franz R. Arandia Belmonte<\/p>\n<p>Gastr\u00f3nomo Profesional e Investigador Gastron\u00f3mico<\/p>\n<p>&nbsp;<\/p>\n<p>Facebook Fan Page: Chef Ara\u00f1a<\/p>\n<p>Facebook: Paladar Mundial Un Gusto Surreal<\/p>\n<p>Blog: Gastrobiologia.wordpress.com<\/p>\n<p>Instagram: Arana_del_monte<\/p>\n<p>Tik tok: chef.aranha<\/p>\n<p>&nbsp;<\/p>\n","protected":false},"excerpt":{"rendered":"<p>Queridos lectores, en este nuevo mes continuamos con la serie de recetas con superalimentos. Adem\u00e1s, con las bajas temperaturas que se presentan en nuestro pa\u00eds y otros pa\u00edses latinoamericanos es menester reforzar y cuidar nuestra alimentaci\u00f3n. Antes de convertirse en el ingrediente estrella de batidos modernos, puddings veganos y snacks saludables, la ch\u00eda (Salvia hispanica) [&hellip;]<\/p>\n","protected":false},"author":1,"featured_media":307272,"comment_status":"closed","ping_status":"open","sticky":false,"template":"","format":"standard","meta":{"_acf_changed":false,"footnotes":""},"categories":[42],"tags":[],"class_list":["post-307271","post","type-post","status-publish","format-standard","has-post-thumbnail","category-femenina"],"acf":{"antetitulo":""},"yoast_head":"<!-- This site is optimized with the Yoast SEO plugin v28.4 - https:\/\/yoast.com\/product\/yoast-seo-wordpress\/ -->\n<title>TRUFAS ENERG\u00c9TICAS DE CACAO, D\u00c1TILES Y CH\u00cdA - El Diario - Bolivia<\/title>\n<meta name=\"robots\" content=\"index, follow, max-snippet:-1, max-image-preview:large, max-video-preview:-1\" \/>\n<link rel=\"canonical\" href=\"https:\/\/www.eldiario.net\/portal\/2025\/06\/04\/trufas-energeticas-de-cacao-datiles-y-chia\/\" \/>\n<meta property=\"og:locale\" content=\"es_ES\" \/>\n<meta property=\"og:type\" content=\"article\" \/>\n<meta property=\"og:title\" content=\"TRUFAS ENERG\u00c9TICAS DE CACAO, D\u00c1TILES Y CH\u00cdA - El Diario - Bolivia\" \/>\n<meta property=\"og:description\" content=\"Queridos lectores, en este nuevo mes continuamos con la serie de recetas con superalimentos. Adem\u00e1s, con las bajas temperaturas que se presentan en nuestro pa\u00eds y otros pa\u00edses latinoamericanos es menester reforzar y cuidar nuestra alimentaci\u00f3n. Antes de convertirse en el ingrediente estrella de batidos modernos, puddings veganos y snacks saludables, la ch\u00eda (Salvia hispanica) [&hellip;]\" \/>\n<meta property=\"og:url\" content=\"https:\/\/www.eldiario.net\/portal\/2025\/06\/04\/trufas-energeticas-de-cacao-datiles-y-chia\/\" \/>\n<meta property=\"og:site_name\" content=\"El Diario - Bolivia\" \/>\n<meta property=\"article:publisher\" content=\"https:\/\/www.facebook.com\/eldiario.bolivia\/\" \/>\n<meta property=\"article:published_time\" content=\"2025-06-04T10:07:14+00:00\" \/>\n<meta property=\"og:image\" content=\"https:\/\/www.eldiario.net\/portal\/wp-content\/uploads\/2025\/06\/NOTA-4-FOTO-1.jpg\" \/>\n\t<meta property=\"og:image:width\" content=\"1200\" \/>\n\t<meta property=\"og:image:height\" content=\"1014\" \/>\n\t<meta property=\"og:image:type\" content=\"image\/jpeg\" \/>\n<meta name=\"author\" content=\"Jeanette\" \/>\n<meta name=\"twitter:card\" content=\"summary_large_image\" \/>\n<meta name=\"twitter:creator\" content=\"@eldiario_net\" \/>\n<meta name=\"twitter:site\" content=\"@eldiario_net\" \/>\n<meta name=\"twitter:label1\" content=\"Escrito por\" \/>\n\t<meta name=\"twitter:data1\" content=\"Jeanette\" \/>\n\t<meta name=\"twitter:label2\" content=\"Tiempo de lectura\" \/>\n\t<meta name=\"twitter:data2\" content=\"4 minutos\" \/>\n<script type=\"application\/ld+json\" class=\"yoast-schema-graph\">{\"@context\":\"https:\\\/\\\/schema.org\",\"@graph\":[{\"@type\":\"Article\",\"@id\":\"https:\\\/\\\/www.eldiario.net\\\/portal\\\/2025\\\/06\\\/04\\\/trufas-energeticas-de-cacao-datiles-y-chia\\\/#article\",\"isPartOf\":{\"@id\":\"https:\\\/\\\/www.eldiario.net\\\/portal\\\/2025\\\/06\\\/04\\\/trufas-energeticas-de-cacao-datiles-y-chia\\\/\"},\"author\":{\"name\":\"Jeanette\",\"@id\":\"https:\\\/\\\/www.eldiario.net\\\/portal\\\/#\\\/schema\\\/person\\\/f46445640444750d7d753ccd04ae01b7\"},\"headline\":\"TRUFAS ENERG\u00c9TICAS DE CACAO, D\u00c1TILES Y CH\u00cdA\",\"datePublished\":\"2025-06-04T10:07:14+00:00\",\"mainEntityOfPage\":{\"@id\":\"https:\\\/\\\/www.eldiario.net\\\/portal\\\/2025\\\/06\\\/04\\\/trufas-energeticas-de-cacao-datiles-y-chia\\\/\"},\"wordCount\":837,\"publisher\":{\"@id\":\"https:\\\/\\\/www.eldiario.net\\\/portal\\\/#organization\"},\"image\":{\"@id\":\"https:\\\/\\\/www.eldiario.net\\\/portal\\\/2025\\\/06\\\/04\\\/trufas-energeticas-de-cacao-datiles-y-chia\\\/#primaryimage\"},\"thumbnailUrl\":\"https:\\\/\\\/www.eldiario.net\\\/portal\\\/wp-content\\\/uploads\\\/2025\\\/06\\\/NOTA-4-FOTO-1.jpg\",\"articleSection\":[\"Femenina\"],\"inLanguage\":\"es\"},{\"@type\":\"WebPage\",\"@id\":\"https:\\\/\\\/www.eldiario.net\\\/portal\\\/2025\\\/06\\\/04\\\/trufas-energeticas-de-cacao-datiles-y-chia\\\/\",\"url\":\"https:\\\/\\\/www.eldiario.net\\\/portal\\\/2025\\\/06\\\/04\\\/trufas-energeticas-de-cacao-datiles-y-chia\\\/\",\"name\":\"TRUFAS ENERG\u00c9TICAS DE CACAO, D\u00c1TILES Y CH\u00cdA - El Diario - Bolivia\",\"isPartOf\":{\"@id\":\"https:\\\/\\\/www.eldiario.net\\\/portal\\\/#website\"},\"primaryImageOfPage\":{\"@id\":\"https:\\\/\\\/www.eldiario.net\\\/portal\\\/2025\\\/06\\\/04\\\/trufas-energeticas-de-cacao-datiles-y-chia\\\/#primaryimage\"},\"image\":{\"@id\":\"https:\\\/\\\/www.eldiario.net\\\/portal\\\/2025\\\/06\\\/04\\\/trufas-energeticas-de-cacao-datiles-y-chia\\\/#primaryimage\"},\"thumbnailUrl\":\"https:\\\/\\\/www.eldiario.net\\\/portal\\\/wp-content\\\/uploads\\\/2025\\\/06\\\/NOTA-4-FOTO-1.jpg\",\"datePublished\":\"2025-06-04T10:07:14+00:00\",\"breadcrumb\":{\"@id\":\"https:\\\/\\\/www.eldiario.net\\\/portal\\\/2025\\\/06\\\/04\\\/trufas-energeticas-de-cacao-datiles-y-chia\\\/#breadcrumb\"},\"inLanguage\":\"es\",\"potentialAction\":[{\"@type\":\"ReadAction\",\"target\":[\"https:\\\/\\\/www.eldiario.net\\\/portal\\\/2025\\\/06\\\/04\\\/trufas-energeticas-de-cacao-datiles-y-chia\\\/\"]}]},{\"@type\":\"ImageObject\",\"inLanguage\":\"es\",\"@id\":\"https:\\\/\\\/www.eldiario.net\\\/portal\\\/2025\\\/06\\\/04\\\/trufas-energeticas-de-cacao-datiles-y-chia\\\/#primaryimage\",\"url\":\"https:\\\/\\\/www.eldiario.net\\\/portal\\\/wp-content\\\/uploads\\\/2025\\\/06\\\/NOTA-4-FOTO-1.jpg\",\"contentUrl\":\"https:\\\/\\\/www.eldiario.net\\\/portal\\\/wp-content\\\/uploads\\\/2025\\\/06\\\/NOTA-4-FOTO-1.jpg\",\"width\":1200,\"height\":1014,\"caption\":\"TRUFAS ENERG\u00c9TICAS DE CACAO, D\u00c1TILES Y CH\u00cdA\"},{\"@type\":\"BreadcrumbList\",\"@id\":\"https:\\\/\\\/www.eldiario.net\\\/portal\\\/2025\\\/06\\\/04\\\/trufas-energeticas-de-cacao-datiles-y-chia\\\/#breadcrumb\",\"itemListElement\":[{\"@type\":\"ListItem\",\"position\":1,\"name\":\"Portada\",\"item\":\"https:\\\/\\\/www.eldiario.net\\\/portal\\\/\"},{\"@type\":\"ListItem\",\"position\":2,\"name\":\"TRUFAS ENERG\u00c9TICAS DE CACAO, D\u00c1TILES Y CH\u00cdA\"}]},{\"@type\":\"WebSite\",\"@id\":\"https:\\\/\\\/www.eldiario.net\\\/portal\\\/#website\",\"url\":\"https:\\\/\\\/www.eldiario.net\\\/portal\\\/\",\"name\":\"El Diario - Decano de la prensa nacional\",\"description\":\"El Diario - Decano de la prensa nacional\",\"publisher\":{\"@id\":\"https:\\\/\\\/www.eldiario.net\\\/portal\\\/#organization\"},\"potentialAction\":[{\"@type\":\"SearchAction\",\"target\":{\"@type\":\"EntryPoint\",\"urlTemplate\":\"https:\\\/\\\/www.eldiario.net\\\/portal\\\/?s={search_term_string}\"},\"query-input\":{\"@type\":\"PropertyValueSpecification\",\"valueRequired\":true,\"valueName\":\"search_term_string\"}}],\"inLanguage\":\"es\"},{\"@type\":\"Organization\",\"@id\":\"https:\\\/\\\/www.eldiario.net\\\/portal\\\/#organization\",\"name\":\"El Diario - Decano de la prensa nacional\",\"url\":\"https:\\\/\\\/www.eldiario.net\\\/portal\\\/\",\"logo\":{\"@type\":\"ImageObject\",\"inLanguage\":\"es\",\"@id\":\"https:\\\/\\\/www.eldiario.net\\\/portal\\\/#\\\/schema\\\/logo\\\/image\\\/\",\"url\":\"https:\\\/\\\/www.eldiario.net\\\/portal\\\/wp-content\\\/uploads\\\/2023\\\/07\\\/logo_ED.jpg\",\"contentUrl\":\"https:\\\/\\\/www.eldiario.net\\\/portal\\\/wp-content\\\/uploads\\\/2023\\\/07\\\/logo_ED.jpg\",\"width\":272,\"height\":52,\"caption\":\"El Diario - Decano de la prensa nacional\"},\"image\":{\"@id\":\"https:\\\/\\\/www.eldiario.net\\\/portal\\\/#\\\/schema\\\/logo\\\/image\\\/\"},\"sameAs\":[\"https:\\\/\\\/www.facebook.com\\\/eldiario.bolivia\\\/\",\"https:\\\/\\\/x.com\\\/eldiario_net\"]},{\"@type\":\"Person\",\"@id\":\"https:\\\/\\\/www.eldiario.net\\\/portal\\\/#\\\/schema\\\/person\\\/f46445640444750d7d753ccd04ae01b7\",\"name\":\"Jeanette\",\"image\":{\"@type\":\"ImageObject\",\"inLanguage\":\"es\",\"@id\":\"https:\\\/\\\/secure.gravatar.com\\\/avatar\\\/3ea2118a5f7dad2b7138b1187a6b7ee55f160b9968b66013c3a3ef39dd7e5798?s=96&d=mm&r=g\",\"url\":\"https:\\\/\\\/secure.gravatar.com\\\/avatar\\\/3ea2118a5f7dad2b7138b1187a6b7ee55f160b9968b66013c3a3ef39dd7e5798?s=96&d=mm&r=g\",\"contentUrl\":\"https:\\\/\\\/secure.gravatar.com\\\/avatar\\\/3ea2118a5f7dad2b7138b1187a6b7ee55f160b9968b66013c3a3ef39dd7e5798?s=96&d=mm&r=g\",\"caption\":\"Jeanette\"},\"sameAs\":[\"https:\\\/\\\/www.eldiario.net\\\/portal\"],\"url\":\"https:\\\/\\\/www.eldiario.net\\\/portal\\\/author\\\/jeanette\\\/\"}]}<\/script>\n<!-- \/ Yoast SEO plugin. -->","yoast_head_json":{"title":"TRUFAS ENERG\u00c9TICAS DE CACAO, D\u00c1TILES Y CH\u00cdA - El Diario - Bolivia","robots":{"index":"index","follow":"follow","max-snippet":"max-snippet:-1","max-image-preview":"max-image-preview:large","max-video-preview":"max-video-preview:-1"},"canonical":"https:\/\/www.eldiario.net\/portal\/2025\/06\/04\/trufas-energeticas-de-cacao-datiles-y-chia\/","og_locale":"es_ES","og_type":"article","og_title":"TRUFAS ENERG\u00c9TICAS DE CACAO, D\u00c1TILES Y CH\u00cdA - El Diario - Bolivia","og_description":"Queridos lectores, en este nuevo mes continuamos con la serie de recetas con superalimentos. Adem\u00e1s, con las bajas temperaturas que se presentan en nuestro pa\u00eds y otros pa\u00edses latinoamericanos es menester reforzar y cuidar nuestra alimentaci\u00f3n. Antes de convertirse en el ingrediente estrella de batidos modernos, puddings veganos y snacks saludables, la ch\u00eda (Salvia hispanica) [&hellip;]","og_url":"https:\/\/www.eldiario.net\/portal\/2025\/06\/04\/trufas-energeticas-de-cacao-datiles-y-chia\/","og_site_name":"El Diario - Bolivia","article_publisher":"https:\/\/www.facebook.com\/eldiario.bolivia\/","article_published_time":"2025-06-04T10:07:14+00:00","og_image":[{"width":1200,"height":1014,"url":"https:\/\/www.eldiario.net\/portal\/wp-content\/uploads\/2025\/06\/NOTA-4-FOTO-1.jpg","type":"image\/jpeg"}],"author":"Jeanette","twitter_card":"summary_large_image","twitter_creator":"@eldiario_net","twitter_site":"@eldiario_net","twitter_misc":{"Escrito por":"Jeanette","Tiempo de lectura":"4 minutos"},"schema":{"@context":"https:\/\/schema.org","@graph":[{"@type":"Article","@id":"https:\/\/www.eldiario.net\/portal\/2025\/06\/04\/trufas-energeticas-de-cacao-datiles-y-chia\/#article","isPartOf":{"@id":"https:\/\/www.eldiario.net\/portal\/2025\/06\/04\/trufas-energeticas-de-cacao-datiles-y-chia\/"},"author":{"name":"Jeanette","@id":"https:\/\/www.eldiario.net\/portal\/#\/schema\/person\/f46445640444750d7d753ccd04ae01b7"},"headline":"TRUFAS ENERG\u00c9TICAS DE CACAO, D\u00c1TILES Y CH\u00cdA","datePublished":"2025-06-04T10:07:14+00:00","mainEntityOfPage":{"@id":"https:\/\/www.eldiario.net\/portal\/2025\/06\/04\/trufas-energeticas-de-cacao-datiles-y-chia\/"},"wordCount":837,"publisher":{"@id":"https:\/\/www.eldiario.net\/portal\/#organization"},"image":{"@id":"https:\/\/www.eldiario.net\/portal\/2025\/06\/04\/trufas-energeticas-de-cacao-datiles-y-chia\/#primaryimage"},"thumbnailUrl":"https:\/\/www.eldiario.net\/portal\/wp-content\/uploads\/2025\/06\/NOTA-4-FOTO-1.jpg","articleSection":["Femenina"],"inLanguage":"es"},{"@type":"WebPage","@id":"https:\/\/www.eldiario.net\/portal\/2025\/06\/04\/trufas-energeticas-de-cacao-datiles-y-chia\/","url":"https:\/\/www.eldiario.net\/portal\/2025\/06\/04\/trufas-energeticas-de-cacao-datiles-y-chia\/","name":"TRUFAS ENERG\u00c9TICAS DE CACAO, D\u00c1TILES Y CH\u00cdA - El Diario - Bolivia","isPartOf":{"@id":"https:\/\/www.eldiario.net\/portal\/#website"},"primaryImageOfPage":{"@id":"https:\/\/www.eldiario.net\/portal\/2025\/06\/04\/trufas-energeticas-de-cacao-datiles-y-chia\/#primaryimage"},"image":{"@id":"https:\/\/www.eldiario.net\/portal\/2025\/06\/04\/trufas-energeticas-de-cacao-datiles-y-chia\/#primaryimage"},"thumbnailUrl":"https:\/\/www.eldiario.net\/portal\/wp-content\/uploads\/2025\/06\/NOTA-4-FOTO-1.jpg","datePublished":"2025-06-04T10:07:14+00:00","breadcrumb":{"@id":"https:\/\/www.eldiario.net\/portal\/2025\/06\/04\/trufas-energeticas-de-cacao-datiles-y-chia\/#breadcrumb"},"inLanguage":"es","potentialAction":[{"@type":"ReadAction","target":["https:\/\/www.eldiario.net\/portal\/2025\/06\/04\/trufas-energeticas-de-cacao-datiles-y-chia\/"]}]},{"@type":"ImageObject","inLanguage":"es","@id":"https:\/\/www.eldiario.net\/portal\/2025\/06\/04\/trufas-energeticas-de-cacao-datiles-y-chia\/#primaryimage","url":"https:\/\/www.eldiario.net\/portal\/wp-content\/uploads\/2025\/06\/NOTA-4-FOTO-1.jpg","contentUrl":"https:\/\/www.eldiario.net\/portal\/wp-content\/uploads\/2025\/06\/NOTA-4-FOTO-1.jpg","width":1200,"height":1014,"caption":"TRUFAS ENERG\u00c9TICAS DE CACAO, D\u00c1TILES Y CH\u00cdA"},{"@type":"BreadcrumbList","@id":"https:\/\/www.eldiario.net\/portal\/2025\/06\/04\/trufas-energeticas-de-cacao-datiles-y-chia\/#breadcrumb","itemListElement":[{"@type":"ListItem","position":1,"name":"Portada","item":"https:\/\/www.eldiario.net\/portal\/"},{"@type":"ListItem","position":2,"name":"TRUFAS ENERG\u00c9TICAS DE CACAO, D\u00c1TILES Y CH\u00cdA"}]},{"@type":"WebSite","@id":"https:\/\/www.eldiario.net\/portal\/#website","url":"https:\/\/www.eldiario.net\/portal\/","name":"El Diario - Decano de la prensa nacional","description":"El Diario - Decano de la prensa nacional","publisher":{"@id":"https:\/\/www.eldiario.net\/portal\/#organization"},"potentialAction":[{"@type":"SearchAction","target":{"@type":"EntryPoint","urlTemplate":"https:\/\/www.eldiario.net\/portal\/?s={search_term_string}"},"query-input":{"@type":"PropertyValueSpecification","valueRequired":true,"valueName":"search_term_string"}}],"inLanguage":"es"},{"@type":"Organization","@id":"https:\/\/www.eldiario.net\/portal\/#organization","name":"El Diario - Decano de la prensa nacional","url":"https:\/\/www.eldiario.net\/portal\/","logo":{"@type":"ImageObject","inLanguage":"es","@id":"https:\/\/www.eldiario.net\/portal\/#\/schema\/logo\/image\/","url":"https:\/\/www.eldiario.net\/portal\/wp-content\/uploads\/2023\/07\/logo_ED.jpg","contentUrl":"https:\/\/www.eldiario.net\/portal\/wp-content\/uploads\/2023\/07\/logo_ED.jpg","width":272,"height":52,"caption":"El Diario - Decano de la prensa nacional"},"image":{"@id":"https:\/\/www.eldiario.net\/portal\/#\/schema\/logo\/image\/"},"sameAs":["https:\/\/www.facebook.com\/eldiario.bolivia\/","https:\/\/x.com\/eldiario_net"]},{"@type":"Person","@id":"https:\/\/www.eldiario.net\/portal\/#\/schema\/person\/f46445640444750d7d753ccd04ae01b7","name":"Jeanette","image":{"@type":"ImageObject","inLanguage":"es","@id":"https:\/\/secure.gravatar.com\/avatar\/3ea2118a5f7dad2b7138b1187a6b7ee55f160b9968b66013c3a3ef39dd7e5798?s=96&d=mm&r=g","url":"https:\/\/secure.gravatar.com\/avatar\/3ea2118a5f7dad2b7138b1187a6b7ee55f160b9968b66013c3a3ef39dd7e5798?s=96&d=mm&r=g","contentUrl":"https:\/\/secure.gravatar.com\/avatar\/3ea2118a5f7dad2b7138b1187a6b7ee55f160b9968b66013c3a3ef39dd7e5798?s=96&d=mm&r=g","caption":"Jeanette"},"sameAs":["https:\/\/www.eldiario.net\/portal"],"url":"https:\/\/www.eldiario.net\/portal\/author\/jeanette\/"}]}},"_links":{"self":[{"href":"https:\/\/www.eldiario.net\/portal\/wp-json\/wp\/v2\/posts\/307271","targetHints":{"allow":["GET"]}}],"collection":[{"href":"https:\/\/www.eldiario.net\/portal\/wp-json\/wp\/v2\/posts"}],"about":[{"href":"https:\/\/www.eldiario.net\/portal\/wp-json\/wp\/v2\/types\/post"}],"author":[{"embeddable":true,"href":"https:\/\/www.eldiario.net\/portal\/wp-json\/wp\/v2\/users\/1"}],"replies":[{"embeddable":true,"href":"https:\/\/www.eldiario.net\/portal\/wp-json\/wp\/v2\/comments?post=307271"}],"version-history":[{"count":1,"href":"https:\/\/www.eldiario.net\/portal\/wp-json\/wp\/v2\/posts\/307271\/revisions"}],"predecessor-version":[{"id":307273,"href":"https:\/\/www.eldiario.net\/portal\/wp-json\/wp\/v2\/posts\/307271\/revisions\/307273"}],"wp:featuredmedia":[{"embeddable":true,"href":"https:\/\/www.eldiario.net\/portal\/wp-json\/wp\/v2\/media\/307272"}],"wp:attachment":[{"href":"https:\/\/www.eldiario.net\/portal\/wp-json\/wp\/v2\/media?parent=307271"}],"wp:term":[{"taxonomy":"category","embeddable":true,"href":"https:\/\/www.eldiario.net\/portal\/wp-json\/wp\/v2\/categories?post=307271"},{"taxonomy":"post_tag","embeddable":true,"href":"https:\/\/www.eldiario.net\/portal\/wp-json\/wp\/v2\/tags?post=307271"}],"curies":[{"name":"wp","href":"https:\/\/api.w.org\/{rel}","templated":true}]}}