{"id":307257,"date":"2025-06-04T06:03:09","date_gmt":"2025-06-04T10:03:09","guid":{"rendered":"https:\/\/www.eldiario.net\/portal\/?p=307257"},"modified":"2025-06-04T06:03:09","modified_gmt":"2025-06-04T10:03:09","slug":"poncho-monje-presenta-su-disco-debut-di-amantes","status":"publish","type":"post","link":"https:\/\/www.eldiario.net\/portal\/2025\/06\/04\/poncho-monje-presenta-su-disco-debut-di-amantes\/","title":{"rendered":"Poncho Monje presenta su  disco debut \u201cDi-Amantes\u201d"},"content":{"rendered":"<p><em>Di-Amantes<\/em> es el primer disco en solitario de Poncho Monje, quien lo present\u00f3 sencillo por sencillo, el pasado fin de semana, en un evento de Pre Escucha.<\/p>\n<p>El viaje con Dia- Amantes empez\u00f3 en enero del a\u00f1o 2025 con el proceso creativo de ensamblar sonidos, letras y armon\u00edas en la m\u00e1quina de hits, que es el estadio de Maurizio Alessio, en Santa Cruz. Fue un mes intenso, donde se fusionan diferentes ritmos y g\u00e9neros musicales, que fueron tomando forma en canciones como \u201cLolapalusa\u201d, que fue el sencillo presentaci\u00f3n de la carrera en solitario de Poncho Monje, y \u201cMil a\u00f1os de soledad\u201d, que se encuentra en promoci\u00f3n. Esta es una bachata que realmente ha sido una sorpresa para muchos seguidores de Poncho. Ambas canciones ya se encuentran en plataformas y con sus videos correspondientes. Parece no haber pasado un par de meses y la espera para escuchar el disco completo se sent\u00eda larga, pero no es as\u00ed. En un abrir y cerrar de ojos estamos llegando a la fecha. El lanzamiento oficial ser\u00e1 este viernes 6 de junio. El lugar es el Teatro Nuna, en la calle 21 de Calacoto. Los boletos ya est\u00e1n a la venta, tanto por la p\u00e1gina web como en el mismo recinto, ubicado en zona sur de la ciudad de La Paz. Los precios son accesibles, tanto para los que prefieren estar cerca del escenario, en una mesa, como para los que prefieren estar en grader\u00edas, disfrutando de la vista.<\/p>\n<p>Antes de este show, se hizo una sesi\u00f3n especial de \u201cPre Escucha\u201d del \u00e1lbum completo el pasado 1 de junio con fans, gente cercana a \u00e9l y compa\u00f1eros de Los Bolitas y Son Fusi\u00f3n. \u201cFueron los primeros en escuchar lo que trae este material y nos encantar\u00eda contarte de qu\u00e9 trata, track por track, pero perder\u00eda la emoci\u00f3n el momento que lo escuches en tu plataforma de canciones favorita, que de hecho las tendr\u00e1s disponibles desde el mismo 6 de junio.\u00a0 Pero como spoiler te podemos contar que tiene 3 colaboraciones con cantantes mujeres, una de ellas desde Santa Cruz, con la presencia del bossa nova como ritmo principal, que dejar\u00e1 con ganas no solo de cantarla y escucharla una y otra vez, sino tambi\u00e9n de bailarla. Otro de los temas que llam\u00f3 mucho la atenci\u00f3n a los invitados es la balada que es en colaboraci\u00f3n con Vero P\u00e9rez. Si de solo escucharla ya te vuelves fan, en vivo quedar\u00e1s totalmente enamorado de la canci\u00f3n, y a la oportunidad de vivir esta experiencia se suma una colaboraci\u00f3n especial con su ex compa\u00f1ero de banda Marco Maciel, en el bajo, en una canci\u00f3n bastante particular, un poco de tango, para dar un sabor diferente al disco. La oportunidad de escuchar estos temas en vivo ser\u00e1 este 6 de junio, a partir de las 20:00 horas, en el escenario del Teatro Nuna. De hecho, cada canci\u00f3n tiene un estilo y vida propia, no suenan para nada igual una a la otra. Eso hace que el disfrute sea diferente, porque no sabes con que ritmo te sorprender\u00e1. El trabajo que nos presenta Poncho Monje con Di-Amantes marcar\u00e1 la carrera de este joven talentoso como uno de los representantes m\u00e1s importantes del pop pace\u00f1o y que se le augura mucho \u00e9xito, irrumpiendo el mercado pace\u00f1o de la m\u00fasica\u201d, cont\u00f3 Kary P\u00e9rez, relacionista p\u00fablica de Poncho Monje.<\/p>\n<p>Si bien este proyecto es en solitario, m\u00fasicos compa\u00f1eros de proyectos como Los Bolitas y Son Fusi\u00f3n tambi\u00e9n son parte de la banda que lo acompa\u00f1ar\u00e1 el d\u00eda de la presentaci\u00f3n en el Nuna y que tambi\u00e9n han sido parte de las grabaciones de las canciones que componen el \u00e1lbum. En la bater\u00eda est\u00e1 Danilo Roca, en el bajo Neil Navarro, en la guitarra Mau Prado, en los coros y voces Marie Jordan y en el saxo Arve Montecinos. Con este selecto grupo de artistas el show que se prepara para este 6 de junio promete sorpresas sonoras y visuales. Parte de la preparaci\u00f3n para la gran presentaci\u00f3n son los ensayos y en estas semanas han estado dando el 100% para engranar y crear una experiencia diferente.<\/p>\n<p>\u201cPara Poncho este proceso ha sido una aventura diferente, desde encontrar el estilo de cada canci\u00f3n, elegir el orden de lanzamiento, el arte del disco, el nombre del mismo, las fechas de lanzamiento, un trabajo que antes se pod\u00eda compartir y ahora le toca hacerlo solo, eso s\u00ed, apoyado por sus compa\u00f1eros y un equipo de su confianza. Los resultados de esto se ver\u00e1n en cancha y sabemos que despu\u00e9s del 6 de junio, el p\u00fablico en general estar\u00e1 hablando del nuevo disco Di- Amante, de cada una de sus canciones, que podr\u00e1s escucharlas desde sus perfiles en las aplicaciones como Spotify, Apple Music, Deezer, Amazon Music, etc., como Poncho Monje y en sus redes sociales bajo el mismo nombre poncho_monje tanto en Instagram, Facebook, Tik Tok y YouTube\u201d, adelant\u00f3 P\u00e9rez.<\/p>\n\r\n                <style type=\"text\/css\">\r\n                    \r\n                    #tdi_1  .td-doubleSlider-2 .td-item1 {\r\n                        background: url(https:\/\/www.eldiario.net\/portal\/wp-content\/uploads\/2025\/06\/1-PRINCIPAL-1-80x60.jpg) 0 0 no-repeat;\r\n                    }\r\n                    #tdi_1  .td-doubleSlider-2 .td-item2 {\r\n                        background: url(https:\/\/www.eldiario.net\/portal\/wp-content\/uploads\/2025\/06\/2--80x60.jpg) 0 0 no-repeat;\r\n                    }\r\n                    #tdi_1  .td-doubleSlider-2 .td-item3 {\r\n                        background: url(https:\/\/www.eldiario.net\/portal\/wp-content\/uploads\/2025\/06\/3--80x60.jpg) 0 0 no-repeat;\r\n                    }\r\n                    #tdi_1  .td-doubleSlider-2 .td-item4 {\r\n                        background: url(https:\/\/www.eldiario.net\/portal\/wp-content\/uploads\/2025\/06\/4--80x60.jpg) 0 0 no-repeat;\r\n                    }\r\n                    #tdi_1  .td-doubleSlider-2 .td-item5 {\r\n                        background: url(https:\/\/www.eldiario.net\/portal\/wp-content\/uploads\/2025\/06\/5--80x60.jpg) 0 0 no-repeat;\r\n                    }\r\n                    #tdi_1  .td-doubleSlider-2 .td-item6 {\r\n                        background: url(https:\/\/www.eldiario.net\/portal\/wp-content\/uploads\/2025\/06\/6--80x60.jpg) 0 0 no-repeat;\r\n                    }\r\n                <\/style>\r\n\r\n                <div id=\"tdi_1\" class=\"td-gallery td-slide-on-2-columns\">\r\n                    <div class=\"post_td_gallery\">\r\n                        <div class=\"td-gallery-slide-top\">\r\n                           <div class=\"td-gallery-title\"><\/div>\r\n\r\n                            <div class=\"td-gallery-controls-wrapper\">\r\n                                <div class=\"td-gallery-slide-count\"><span class=\"td-gallery-slide-item-focus\">1<\/span> de 6<\/div>\r\n                                <div class=\"td-gallery-slide-prev-next-but\">\r\n                                    <i class = \"td-icon-left doubleSliderPrevButton\"><\/i>\r\n                                    <i class = \"td-icon-right doubleSliderNextButton\"><\/i>\r\n                                <\/div>\r\n                            <\/div>\r\n                        <\/div>\r\n\r\n                        <div class = \"td-doubleSlider-1 \">\r\n                            <div class = \"td-slider\">\r\n                                \r\n                    <div class = \"td-slide-item td-item1\">\r\n                        <figure class=\"td-slide-galery-figure td-slide-popup-gallery\">\r\n                            <a class=\"slide-gallery-image-link\" href=\"https:\/\/www.eldiario.net\/portal\/wp-content\/uploads\/2025\/06\/1-PRINCIPAL-1.jpg\" title=\"1-PRINCIPAL\"  data-caption=\"\"  data-description=\"\">\r\n                                <img decoding=\"async\" src=\"https:\/\/www.eldiario.net\/portal\/wp-content\/uploads\/2025\/06\/1-PRINCIPAL-1-630x420.jpg\" srcset=\"https:\/\/www.eldiario.net\/portal\/wp-content\/uploads\/2025\/06\/1-PRINCIPAL-1-630x420.jpg 630w, https:\/\/www.eldiario.net\/portal\/wp-content\/uploads\/2025\/06\/1-PRINCIPAL-1-300x200.jpg 300w, https:\/\/www.eldiario.net\/portal\/wp-content\/uploads\/2025\/06\/1-PRINCIPAL-1-1024x683.jpg 1024w, https:\/\/www.eldiario.net\/portal\/wp-content\/uploads\/2025\/06\/1-PRINCIPAL-1-768x512.jpg 768w, https:\/\/www.eldiario.net\/portal\/wp-content\/uploads\/2025\/06\/1-PRINCIPAL-1-696x464.jpg 696w, https:\/\/www.eldiario.net\/portal\/wp-content\/uploads\/2025\/06\/1-PRINCIPAL-1-1068x712.jpg 1068w, https:\/\/www.eldiario.net\/portal\/wp-content\/uploads\/2025\/06\/1-PRINCIPAL-1.jpg 1200w\" sizes=\"(max-width: 630px) 100vw, 630px\" alt=\"\">\r\n                            <\/a>\r\n                            \r\n                        <\/figure>\r\n                    <\/div>\r\n                    <div class = \"td-slide-item td-item2\">\r\n                        <figure class=\"td-slide-galery-figure td-slide-popup-gallery\">\r\n                            <a class=\"slide-gallery-image-link\" href=\"https:\/\/www.eldiario.net\/portal\/wp-content\/uploads\/2025\/06\/2-.jpg\" title=\"2--\"  data-caption=\"\"  data-description=\"\">\r\n                                <img decoding=\"async\" src=\"https:\/\/www.eldiario.net\/portal\/wp-content\/uploads\/2025\/06\/2--416x420.jpg\" srcset=\"https:\/\/www.eldiario.net\/portal\/wp-content\/uploads\/2025\/06\/2--416x420.jpg 416w, https:\/\/www.eldiario.net\/portal\/wp-content\/uploads\/2025\/06\/2--297x300.jpg 297w, https:\/\/www.eldiario.net\/portal\/wp-content\/uploads\/2025\/06\/2--150x150.jpg 150w, https:\/\/www.eldiario.net\/portal\/wp-content\/uploads\/2025\/06\/2--768x775.jpg 768w, https:\/\/www.eldiario.net\/portal\/wp-content\/uploads\/2025\/06\/2--696x703.jpg 696w, https:\/\/www.eldiario.net\/portal\/wp-content\/uploads\/2025\/06\/2-.jpg 951w\" sizes=\"(max-width: 416px) 100vw, 416px\" alt=\"\">\r\n                            <\/a>\r\n                            \r\n                        <\/figure>\r\n                    <\/div>\r\n                    <div class = \"td-slide-item td-item3\">\r\n                        <figure class=\"td-slide-galery-figure td-slide-popup-gallery\">\r\n                            <a class=\"slide-gallery-image-link\" href=\"https:\/\/www.eldiario.net\/portal\/wp-content\/uploads\/2025\/06\/3-.jpg\" title=\"3--\"  data-caption=\"\"  data-description=\"\">\r\n                                <img decoding=\"async\" src=\"https:\/\/www.eldiario.net\/portal\/wp-content\/uploads\/2025\/06\/3--416x420.jpg\" srcset=\"https:\/\/www.eldiario.net\/portal\/wp-content\/uploads\/2025\/06\/3--416x420.jpg 416w, https:\/\/www.eldiario.net\/portal\/wp-content\/uploads\/2025\/06\/3--297x300.jpg 297w, https:\/\/www.eldiario.net\/portal\/wp-content\/uploads\/2025\/06\/3--150x150.jpg 150w, https:\/\/www.eldiario.net\/portal\/wp-content\/uploads\/2025\/06\/3--768x775.jpg 768w, https:\/\/www.eldiario.net\/portal\/wp-content\/uploads\/2025\/06\/3--696x703.jpg 696w, https:\/\/www.eldiario.net\/portal\/wp-content\/uploads\/2025\/06\/3-.jpg 951w\" sizes=\"(max-width: 416px) 100vw, 416px\" alt=\"\">\r\n                            <\/a>\r\n                            \r\n                        <\/figure>\r\n                    <\/div>\r\n                    <div class = \"td-slide-item td-item4\">\r\n                        <figure class=\"td-slide-galery-figure td-slide-popup-gallery\">\r\n                            <a class=\"slide-gallery-image-link\" href=\"https:\/\/www.eldiario.net\/portal\/wp-content\/uploads\/2025\/06\/4-.jpg\" title=\"4-\"  data-caption=\"\"  data-description=\"\">\r\n                                <img decoding=\"async\" src=\"https:\/\/www.eldiario.net\/portal\/wp-content\/uploads\/2025\/06\/4--245x420.jpg\" srcset=\"https:\/\/www.eldiario.net\/portal\/wp-content\/uploads\/2025\/06\/4--245x420.jpg 245w, https:\/\/www.eldiario.net\/portal\/wp-content\/uploads\/2025\/06\/4--175x300.jpg 175w, https:\/\/www.eldiario.net\/portal\/wp-content\/uploads\/2025\/06\/4--598x1024.jpg 598w, https:\/\/www.eldiario.net\/portal\/wp-content\/uploads\/2025\/06\/4--768x1315.jpg 768w, https:\/\/www.eldiario.net\/portal\/wp-content\/uploads\/2025\/06\/4--897x1536.jpg 897w, https:\/\/www.eldiario.net\/portal\/wp-content\/uploads\/2025\/06\/4--1196x2048.jpg 1196w, https:\/\/www.eldiario.net\/portal\/wp-content\/uploads\/2025\/06\/4--696x1192.jpg 696w, https:\/\/www.eldiario.net\/portal\/wp-content\/uploads\/2025\/06\/4--1068x1829.jpg 1068w, https:\/\/www.eldiario.net\/portal\/wp-content\/uploads\/2025\/06\/4-.jpg 1200w\" sizes=\"(max-width: 245px) 100vw, 245px\" alt=\"\">\r\n                            <\/a>\r\n                            \r\n                        <\/figure>\r\n                    <\/div>\r\n                    <div class = \"td-slide-item td-item5\">\r\n                        <figure class=\"td-slide-galery-figure td-slide-popup-gallery\">\r\n                            <a class=\"slide-gallery-image-link\" href=\"https:\/\/www.eldiario.net\/portal\/wp-content\/uploads\/2025\/06\/5-.jpg\" title=\"5-\"  data-caption=\"\"  data-description=\"\">\r\n                                <img decoding=\"async\" src=\"https:\/\/www.eldiario.net\/portal\/wp-content\/uploads\/2025\/06\/5--420x420.jpg\" srcset=\"https:\/\/www.eldiario.net\/portal\/wp-content\/uploads\/2025\/06\/5--420x420.jpg 420w, https:\/\/www.eldiario.net\/portal\/wp-content\/uploads\/2025\/06\/5--300x300.jpg 300w, https:\/\/www.eldiario.net\/portal\/wp-content\/uploads\/2025\/06\/5--1024x1024.jpg 1024w, https:\/\/www.eldiario.net\/portal\/wp-content\/uploads\/2025\/06\/5--150x150.jpg 150w, https:\/\/www.eldiario.net\/portal\/wp-content\/uploads\/2025\/06\/5--768x768.jpg 768w, https:\/\/www.eldiario.net\/portal\/wp-content\/uploads\/2025\/06\/5--696x696.jpg 696w, https:\/\/www.eldiario.net\/portal\/wp-content\/uploads\/2025\/06\/5--1068x1068.jpg 1068w, https:\/\/www.eldiario.net\/portal\/wp-content\/uploads\/2025\/06\/5-.jpg 1200w\" sizes=\"(max-width: 420px) 100vw, 420px\" alt=\"\">\r\n                            <\/a>\r\n                            \r\n                        <\/figure>\r\n                    <\/div>\r\n                    <div class = \"td-slide-item td-item6\">\r\n                        <figure class=\"td-slide-galery-figure td-slide-popup-gallery\">\r\n                            <a class=\"slide-gallery-image-link\" href=\"https:\/\/www.eldiario.net\/portal\/wp-content\/uploads\/2025\/06\/6-.jpg\" title=\"6-\"  data-caption=\"\"  data-description=\"\">\r\n                                <img decoding=\"async\" src=\"https:\/\/www.eldiario.net\/portal\/wp-content\/uploads\/2025\/06\/6--335x420.jpg\" srcset=\"https:\/\/www.eldiario.net\/portal\/wp-content\/uploads\/2025\/06\/6--335x420.jpg 335w, https:\/\/www.eldiario.net\/portal\/wp-content\/uploads\/2025\/06\/6--239x300.jpg 239w, https:\/\/www.eldiario.net\/portal\/wp-content\/uploads\/2025\/06\/6--816x1024.jpg 816w, https:\/\/www.eldiario.net\/portal\/wp-content\/uploads\/2025\/06\/6--768x963.jpg 768w, https:\/\/www.eldiario.net\/portal\/wp-content\/uploads\/2025\/06\/6--696x873.jpg 696w, https:\/\/www.eldiario.net\/portal\/wp-content\/uploads\/2025\/06\/6--1068x1339.jpg 1068w, https:\/\/www.eldiario.net\/portal\/wp-content\/uploads\/2025\/06\/6-.jpg 1200w\" sizes=\"(max-width: 335px) 100vw, 335px\" alt=\"\">\r\n                            <\/a>\r\n                            \r\n                        <\/figure>\r\n                    <\/div>\r\n                            <\/div>\r\n                        <\/div>\r\n\r\n                        <div class = \"td-doubleSlider-2\">\r\n                            <div class = \"td-slider\">\r\n                                \r\n                    <div class = \"td-button td-item1\">\r\n                        <div class = \"td-border\"><\/div>\r\n                    <\/div>\r\n                    <div class = \"td-button td-item2\">\r\n                        <div class = \"td-border\"><\/div>\r\n                    <\/div>\r\n                    <div class = \"td-button td-item3\">\r\n                        <div class = \"td-border\"><\/div>\r\n                    <\/div>\r\n                    <div class = \"td-button td-item4\">\r\n                        <div class = \"td-border\"><\/div>\r\n                    <\/div>\r\n                    <div class = \"td-button td-item5\">\r\n                        <div class = \"td-border\"><\/div>\r\n                    <\/div>\r\n                    <div class = \"td-button td-item6\">\r\n                        <div class = \"td-border\"><\/div>\r\n                    <\/div>\r\n                            <\/div>\r\n                        <\/div>\r\n\r\n                    <\/div>\r\n\r\n                <\/div>\r\n                \n","protected":false},"excerpt":{"rendered":"<p>Di-Amantes es el primer disco en solitario de Poncho Monje, quien lo present\u00f3 sencillo por sencillo, el pasado fin de semana, en un evento de Pre Escucha. El viaje con Dia- Amantes empez\u00f3 en enero del a\u00f1o 2025 con el proceso creativo de ensamblar sonidos, letras y armon\u00edas en la m\u00e1quina de hits, que es [&hellip;]<\/p>\n","protected":false},"author":1,"featured_media":307258,"comment_status":"closed","ping_status":"open","sticky":false,"template":"","format":"standard","meta":{"_acf_changed":false,"footnotes":""},"categories":[41],"tags":[],"class_list":["post-307257","post","type-post","status-publish","format-standard","has-post-thumbnail","category-la-guia"],"acf":{"antetitulo":""},"yoast_head":"<!-- This site is optimized with the Yoast SEO plugin v28.4 - https:\/\/yoast.com\/product\/yoast-seo-wordpress\/ -->\n<title>Poncho Monje presenta su disco debut \u201cDi-Amantes\u201d - El Diario - Bolivia<\/title>\n<meta name=\"robots\" content=\"index, follow, max-snippet:-1, max-image-preview:large, max-video-preview:-1\" \/>\n<link rel=\"canonical\" href=\"https:\/\/www.eldiario.net\/portal\/2025\/06\/04\/poncho-monje-presenta-su-disco-debut-di-amantes\/\" \/>\n<meta property=\"og:locale\" content=\"es_ES\" \/>\n<meta property=\"og:type\" content=\"article\" \/>\n<meta property=\"og:title\" content=\"Poncho Monje presenta su disco debut \u201cDi-Amantes\u201d - El Diario - Bolivia\" \/>\n<meta property=\"og:description\" content=\"Di-Amantes es el primer disco en solitario de Poncho Monje, quien lo present\u00f3 sencillo por sencillo, el pasado fin de semana, en un evento de Pre Escucha. El viaje con Dia- Amantes empez\u00f3 en enero del a\u00f1o 2025 con el proceso creativo de ensamblar sonidos, letras y armon\u00edas en la m\u00e1quina de hits, que es [&hellip;]\" \/>\n<meta property=\"og:url\" content=\"https:\/\/www.eldiario.net\/portal\/2025\/06\/04\/poncho-monje-presenta-su-disco-debut-di-amantes\/\" \/>\n<meta property=\"og:site_name\" content=\"El Diario - Bolivia\" \/>\n<meta property=\"article:publisher\" content=\"https:\/\/www.facebook.com\/eldiario.bolivia\/\" \/>\n<meta property=\"article:published_time\" content=\"2025-06-04T10:03:09+00:00\" \/>\n<meta property=\"og:image\" content=\"https:\/\/www.eldiario.net\/portal\/wp-content\/uploads\/2025\/06\/1-PRINCIPAL-1.jpg\" \/>\n\t<meta property=\"og:image:width\" content=\"1200\" \/>\n\t<meta property=\"og:image:height\" content=\"800\" \/>\n\t<meta property=\"og:image:type\" content=\"image\/jpeg\" \/>\n<meta name=\"author\" content=\"Jeanette\" \/>\n<meta name=\"twitter:card\" content=\"summary_large_image\" \/>\n<meta name=\"twitter:creator\" content=\"@eldiario_net\" \/>\n<meta name=\"twitter:site\" content=\"@eldiario_net\" \/>\n<meta name=\"twitter:label1\" content=\"Escrito por\" \/>\n\t<meta name=\"twitter:data1\" content=\"Jeanette\" \/>\n\t<meta name=\"twitter:label2\" content=\"Tiempo de lectura\" \/>\n\t<meta name=\"twitter:data2\" content=\"4 minutos\" \/>\n<script type=\"application\/ld+json\" class=\"yoast-schema-graph\">{\"@context\":\"https:\\\/\\\/schema.org\",\"@graph\":[{\"@type\":\"Article\",\"@id\":\"https:\\\/\\\/www.eldiario.net\\\/portal\\\/2025\\\/06\\\/04\\\/poncho-monje-presenta-su-disco-debut-di-amantes\\\/#article\",\"isPartOf\":{\"@id\":\"https:\\\/\\\/www.eldiario.net\\\/portal\\\/2025\\\/06\\\/04\\\/poncho-monje-presenta-su-disco-debut-di-amantes\\\/\"},\"author\":{\"name\":\"Jeanette\",\"@id\":\"https:\\\/\\\/www.eldiario.net\\\/portal\\\/#\\\/schema\\\/person\\\/f46445640444750d7d753ccd04ae01b7\"},\"headline\":\"Poncho Monje presenta su disco debut \u201cDi-Amantes\u201d\",\"datePublished\":\"2025-06-04T10:03:09+00:00\",\"mainEntityOfPage\":{\"@id\":\"https:\\\/\\\/www.eldiario.net\\\/portal\\\/2025\\\/06\\\/04\\\/poncho-monje-presenta-su-disco-debut-di-amantes\\\/\"},\"wordCount\":873,\"publisher\":{\"@id\":\"https:\\\/\\\/www.eldiario.net\\\/portal\\\/#organization\"},\"image\":{\"@id\":\"https:\\\/\\\/www.eldiario.net\\\/portal\\\/2025\\\/06\\\/04\\\/poncho-monje-presenta-su-disco-debut-di-amantes\\\/#primaryimage\"},\"thumbnailUrl\":\"https:\\\/\\\/www.eldiario.net\\\/portal\\\/wp-content\\\/uploads\\\/2025\\\/06\\\/1-PRINCIPAL-1.jpg\",\"articleSection\":[\"La Gu\u00eda\"],\"inLanguage\":\"es\"},{\"@type\":\"WebPage\",\"@id\":\"https:\\\/\\\/www.eldiario.net\\\/portal\\\/2025\\\/06\\\/04\\\/poncho-monje-presenta-su-disco-debut-di-amantes\\\/\",\"url\":\"https:\\\/\\\/www.eldiario.net\\\/portal\\\/2025\\\/06\\\/04\\\/poncho-monje-presenta-su-disco-debut-di-amantes\\\/\",\"name\":\"Poncho Monje presenta su disco debut \u201cDi-Amantes\u201d - El Diario - Bolivia\",\"isPartOf\":{\"@id\":\"https:\\\/\\\/www.eldiario.net\\\/portal\\\/#website\"},\"primaryImageOfPage\":{\"@id\":\"https:\\\/\\\/www.eldiario.net\\\/portal\\\/2025\\\/06\\\/04\\\/poncho-monje-presenta-su-disco-debut-di-amantes\\\/#primaryimage\"},\"image\":{\"@id\":\"https:\\\/\\\/www.eldiario.net\\\/portal\\\/2025\\\/06\\\/04\\\/poncho-monje-presenta-su-disco-debut-di-amantes\\\/#primaryimage\"},\"thumbnailUrl\":\"https:\\\/\\\/www.eldiario.net\\\/portal\\\/wp-content\\\/uploads\\\/2025\\\/06\\\/1-PRINCIPAL-1.jpg\",\"datePublished\":\"2025-06-04T10:03:09+00:00\",\"breadcrumb\":{\"@id\":\"https:\\\/\\\/www.eldiario.net\\\/portal\\\/2025\\\/06\\\/04\\\/poncho-monje-presenta-su-disco-debut-di-amantes\\\/#breadcrumb\"},\"inLanguage\":\"es\",\"potentialAction\":[{\"@type\":\"ReadAction\",\"target\":[\"https:\\\/\\\/www.eldiario.net\\\/portal\\\/2025\\\/06\\\/04\\\/poncho-monje-presenta-su-disco-debut-di-amantes\\\/\"]}]},{\"@type\":\"ImageObject\",\"inLanguage\":\"es\",\"@id\":\"https:\\\/\\\/www.eldiario.net\\\/portal\\\/2025\\\/06\\\/04\\\/poncho-monje-presenta-su-disco-debut-di-amantes\\\/#primaryimage\",\"url\":\"https:\\\/\\\/www.eldiario.net\\\/portal\\\/wp-content\\\/uploads\\\/2025\\\/06\\\/1-PRINCIPAL-1.jpg\",\"contentUrl\":\"https:\\\/\\\/www.eldiario.net\\\/portal\\\/wp-content\\\/uploads\\\/2025\\\/06\\\/1-PRINCIPAL-1.jpg\",\"width\":1200,\"height\":800},{\"@type\":\"BreadcrumbList\",\"@id\":\"https:\\\/\\\/www.eldiario.net\\\/portal\\\/2025\\\/06\\\/04\\\/poncho-monje-presenta-su-disco-debut-di-amantes\\\/#breadcrumb\",\"itemListElement\":[{\"@type\":\"ListItem\",\"position\":1,\"name\":\"Portada\",\"item\":\"https:\\\/\\\/www.eldiario.net\\\/portal\\\/\"},{\"@type\":\"ListItem\",\"position\":2,\"name\":\"Poncho Monje presenta su disco debut \u201cDi-Amantes\u201d\"}]},{\"@type\":\"WebSite\",\"@id\":\"https:\\\/\\\/www.eldiario.net\\\/portal\\\/#website\",\"url\":\"https:\\\/\\\/www.eldiario.net\\\/portal\\\/\",\"name\":\"El Diario - Decano de la prensa nacional\",\"description\":\"El Diario - Decano de la prensa nacional\",\"publisher\":{\"@id\":\"https:\\\/\\\/www.eldiario.net\\\/portal\\\/#organization\"},\"potentialAction\":[{\"@type\":\"SearchAction\",\"target\":{\"@type\":\"EntryPoint\",\"urlTemplate\":\"https:\\\/\\\/www.eldiario.net\\\/portal\\\/?s={search_term_string}\"},\"query-input\":{\"@type\":\"PropertyValueSpecification\",\"valueRequired\":true,\"valueName\":\"search_term_string\"}}],\"inLanguage\":\"es\"},{\"@type\":\"Organization\",\"@id\":\"https:\\\/\\\/www.eldiario.net\\\/portal\\\/#organization\",\"name\":\"El Diario - Decano de la prensa nacional\",\"url\":\"https:\\\/\\\/www.eldiario.net\\\/portal\\\/\",\"logo\":{\"@type\":\"ImageObject\",\"inLanguage\":\"es\",\"@id\":\"https:\\\/\\\/www.eldiario.net\\\/portal\\\/#\\\/schema\\\/logo\\\/image\\\/\",\"url\":\"https:\\\/\\\/www.eldiario.net\\\/portal\\\/wp-content\\\/uploads\\\/2023\\\/07\\\/logo_ED.jpg\",\"contentUrl\":\"https:\\\/\\\/www.eldiario.net\\\/portal\\\/wp-content\\\/uploads\\\/2023\\\/07\\\/logo_ED.jpg\",\"width\":272,\"height\":52,\"caption\":\"El Diario - Decano de la prensa nacional\"},\"image\":{\"@id\":\"https:\\\/\\\/www.eldiario.net\\\/portal\\\/#\\\/schema\\\/logo\\\/image\\\/\"},\"sameAs\":[\"https:\\\/\\\/www.facebook.com\\\/eldiario.bolivia\\\/\",\"https:\\\/\\\/x.com\\\/eldiario_net\"]},{\"@type\":\"Person\",\"@id\":\"https:\\\/\\\/www.eldiario.net\\\/portal\\\/#\\\/schema\\\/person\\\/f46445640444750d7d753ccd04ae01b7\",\"name\":\"Jeanette\",\"image\":{\"@type\":\"ImageObject\",\"inLanguage\":\"es\",\"@id\":\"https:\\\/\\\/secure.gravatar.com\\\/avatar\\\/3ea2118a5f7dad2b7138b1187a6b7ee55f160b9968b66013c3a3ef39dd7e5798?s=96&d=mm&r=g\",\"url\":\"https:\\\/\\\/secure.gravatar.com\\\/avatar\\\/3ea2118a5f7dad2b7138b1187a6b7ee55f160b9968b66013c3a3ef39dd7e5798?s=96&d=mm&r=g\",\"contentUrl\":\"https:\\\/\\\/secure.gravatar.com\\\/avatar\\\/3ea2118a5f7dad2b7138b1187a6b7ee55f160b9968b66013c3a3ef39dd7e5798?s=96&d=mm&r=g\",\"caption\":\"Jeanette\"},\"sameAs\":[\"https:\\\/\\\/www.eldiario.net\\\/portal\"],\"url\":\"https:\\\/\\\/www.eldiario.net\\\/portal\\\/author\\\/jeanette\\\/\"}]}<\/script>\n<!-- \/ Yoast SEO plugin. -->","yoast_head_json":{"title":"Poncho Monje presenta su disco debut \u201cDi-Amantes\u201d - El Diario - Bolivia","robots":{"index":"index","follow":"follow","max-snippet":"max-snippet:-1","max-image-preview":"max-image-preview:large","max-video-preview":"max-video-preview:-1"},"canonical":"https:\/\/www.eldiario.net\/portal\/2025\/06\/04\/poncho-monje-presenta-su-disco-debut-di-amantes\/","og_locale":"es_ES","og_type":"article","og_title":"Poncho Monje presenta su disco debut \u201cDi-Amantes\u201d - El Diario - Bolivia","og_description":"Di-Amantes es el primer disco en solitario de Poncho Monje, quien lo present\u00f3 sencillo por sencillo, el pasado fin de semana, en un evento de Pre Escucha. El viaje con Dia- Amantes empez\u00f3 en enero del a\u00f1o 2025 con el proceso creativo de ensamblar sonidos, letras y armon\u00edas en la m\u00e1quina de hits, que es [&hellip;]","og_url":"https:\/\/www.eldiario.net\/portal\/2025\/06\/04\/poncho-monje-presenta-su-disco-debut-di-amantes\/","og_site_name":"El Diario - Bolivia","article_publisher":"https:\/\/www.facebook.com\/eldiario.bolivia\/","article_published_time":"2025-06-04T10:03:09+00:00","og_image":[{"width":1200,"height":800,"url":"https:\/\/www.eldiario.net\/portal\/wp-content\/uploads\/2025\/06\/1-PRINCIPAL-1.jpg","type":"image\/jpeg"}],"author":"Jeanette","twitter_card":"summary_large_image","twitter_creator":"@eldiario_net","twitter_site":"@eldiario_net","twitter_misc":{"Escrito por":"Jeanette","Tiempo de lectura":"4 minutos"},"schema":{"@context":"https:\/\/schema.org","@graph":[{"@type":"Article","@id":"https:\/\/www.eldiario.net\/portal\/2025\/06\/04\/poncho-monje-presenta-su-disco-debut-di-amantes\/#article","isPartOf":{"@id":"https:\/\/www.eldiario.net\/portal\/2025\/06\/04\/poncho-monje-presenta-su-disco-debut-di-amantes\/"},"author":{"name":"Jeanette","@id":"https:\/\/www.eldiario.net\/portal\/#\/schema\/person\/f46445640444750d7d753ccd04ae01b7"},"headline":"Poncho Monje presenta su disco debut \u201cDi-Amantes\u201d","datePublished":"2025-06-04T10:03:09+00:00","mainEntityOfPage":{"@id":"https:\/\/www.eldiario.net\/portal\/2025\/06\/04\/poncho-monje-presenta-su-disco-debut-di-amantes\/"},"wordCount":873,"publisher":{"@id":"https:\/\/www.eldiario.net\/portal\/#organization"},"image":{"@id":"https:\/\/www.eldiario.net\/portal\/2025\/06\/04\/poncho-monje-presenta-su-disco-debut-di-amantes\/#primaryimage"},"thumbnailUrl":"https:\/\/www.eldiario.net\/portal\/wp-content\/uploads\/2025\/06\/1-PRINCIPAL-1.jpg","articleSection":["La Gu\u00eda"],"inLanguage":"es"},{"@type":"WebPage","@id":"https:\/\/www.eldiario.net\/portal\/2025\/06\/04\/poncho-monje-presenta-su-disco-debut-di-amantes\/","url":"https:\/\/www.eldiario.net\/portal\/2025\/06\/04\/poncho-monje-presenta-su-disco-debut-di-amantes\/","name":"Poncho Monje presenta su disco debut \u201cDi-Amantes\u201d - El Diario - Bolivia","isPartOf":{"@id":"https:\/\/www.eldiario.net\/portal\/#website"},"primaryImageOfPage":{"@id":"https:\/\/www.eldiario.net\/portal\/2025\/06\/04\/poncho-monje-presenta-su-disco-debut-di-amantes\/#primaryimage"},"image":{"@id":"https:\/\/www.eldiario.net\/portal\/2025\/06\/04\/poncho-monje-presenta-su-disco-debut-di-amantes\/#primaryimage"},"thumbnailUrl":"https:\/\/www.eldiario.net\/portal\/wp-content\/uploads\/2025\/06\/1-PRINCIPAL-1.jpg","datePublished":"2025-06-04T10:03:09+00:00","breadcrumb":{"@id":"https:\/\/www.eldiario.net\/portal\/2025\/06\/04\/poncho-monje-presenta-su-disco-debut-di-amantes\/#breadcrumb"},"inLanguage":"es","potentialAction":[{"@type":"ReadAction","target":["https:\/\/www.eldiario.net\/portal\/2025\/06\/04\/poncho-monje-presenta-su-disco-debut-di-amantes\/"]}]},{"@type":"ImageObject","inLanguage":"es","@id":"https:\/\/www.eldiario.net\/portal\/2025\/06\/04\/poncho-monje-presenta-su-disco-debut-di-amantes\/#primaryimage","url":"https:\/\/www.eldiario.net\/portal\/wp-content\/uploads\/2025\/06\/1-PRINCIPAL-1.jpg","contentUrl":"https:\/\/www.eldiario.net\/portal\/wp-content\/uploads\/2025\/06\/1-PRINCIPAL-1.jpg","width":1200,"height":800},{"@type":"BreadcrumbList","@id":"https:\/\/www.eldiario.net\/portal\/2025\/06\/04\/poncho-monje-presenta-su-disco-debut-di-amantes\/#breadcrumb","itemListElement":[{"@type":"ListItem","position":1,"name":"Portada","item":"https:\/\/www.eldiario.net\/portal\/"},{"@type":"ListItem","position":2,"name":"Poncho Monje presenta su disco debut \u201cDi-Amantes\u201d"}]},{"@type":"WebSite","@id":"https:\/\/www.eldiario.net\/portal\/#website","url":"https:\/\/www.eldiario.net\/portal\/","name":"El Diario - Decano de la prensa nacional","description":"El Diario - Decano de la prensa nacional","publisher":{"@id":"https:\/\/www.eldiario.net\/portal\/#organization"},"potentialAction":[{"@type":"SearchAction","target":{"@type":"EntryPoint","urlTemplate":"https:\/\/www.eldiario.net\/portal\/?s={search_term_string}"},"query-input":{"@type":"PropertyValueSpecification","valueRequired":true,"valueName":"search_term_string"}}],"inLanguage":"es"},{"@type":"Organization","@id":"https:\/\/www.eldiario.net\/portal\/#organization","name":"El Diario - Decano de la prensa nacional","url":"https:\/\/www.eldiario.net\/portal\/","logo":{"@type":"ImageObject","inLanguage":"es","@id":"https:\/\/www.eldiario.net\/portal\/#\/schema\/logo\/image\/","url":"https:\/\/www.eldiario.net\/portal\/wp-content\/uploads\/2023\/07\/logo_ED.jpg","contentUrl":"https:\/\/www.eldiario.net\/portal\/wp-content\/uploads\/2023\/07\/logo_ED.jpg","width":272,"height":52,"caption":"El Diario - Decano de la prensa nacional"},"image":{"@id":"https:\/\/www.eldiario.net\/portal\/#\/schema\/logo\/image\/"},"sameAs":["https:\/\/www.facebook.com\/eldiario.bolivia\/","https:\/\/x.com\/eldiario_net"]},{"@type":"Person","@id":"https:\/\/www.eldiario.net\/portal\/#\/schema\/person\/f46445640444750d7d753ccd04ae01b7","name":"Jeanette","image":{"@type":"ImageObject","inLanguage":"es","@id":"https:\/\/secure.gravatar.com\/avatar\/3ea2118a5f7dad2b7138b1187a6b7ee55f160b9968b66013c3a3ef39dd7e5798?s=96&d=mm&r=g","url":"https:\/\/secure.gravatar.com\/avatar\/3ea2118a5f7dad2b7138b1187a6b7ee55f160b9968b66013c3a3ef39dd7e5798?s=96&d=mm&r=g","contentUrl":"https:\/\/secure.gravatar.com\/avatar\/3ea2118a5f7dad2b7138b1187a6b7ee55f160b9968b66013c3a3ef39dd7e5798?s=96&d=mm&r=g","caption":"Jeanette"},"sameAs":["https:\/\/www.eldiario.net\/portal"],"url":"https:\/\/www.eldiario.net\/portal\/author\/jeanette\/"}]}},"_links":{"self":[{"href":"https:\/\/www.eldiario.net\/portal\/wp-json\/wp\/v2\/posts\/307257","targetHints":{"allow":["GET"]}}],"collection":[{"href":"https:\/\/www.eldiario.net\/portal\/wp-json\/wp\/v2\/posts"}],"about":[{"href":"https:\/\/www.eldiario.net\/portal\/wp-json\/wp\/v2\/types\/post"}],"author":[{"embeddable":true,"href":"https:\/\/www.eldiario.net\/portal\/wp-json\/wp\/v2\/users\/1"}],"replies":[{"embeddable":true,"href":"https:\/\/www.eldiario.net\/portal\/wp-json\/wp\/v2\/comments?post=307257"}],"version-history":[{"count":1,"href":"https:\/\/www.eldiario.net\/portal\/wp-json\/wp\/v2\/posts\/307257\/revisions"}],"predecessor-version":[{"id":307264,"href":"https:\/\/www.eldiario.net\/portal\/wp-json\/wp\/v2\/posts\/307257\/revisions\/307264"}],"wp:featuredmedia":[{"embeddable":true,"href":"https:\/\/www.eldiario.net\/portal\/wp-json\/wp\/v2\/media\/307258"}],"wp:attachment":[{"href":"https:\/\/www.eldiario.net\/portal\/wp-json\/wp\/v2\/media?parent=307257"}],"wp:term":[{"taxonomy":"category","embeddable":true,"href":"https:\/\/www.eldiario.net\/portal\/wp-json\/wp\/v2\/categories?post=307257"},{"taxonomy":"post_tag","embeddable":true,"href":"https:\/\/www.eldiario.net\/portal\/wp-json\/wp\/v2\/tags?post=307257"}],"curies":[{"name":"wp","href":"https:\/\/api.w.org\/{rel}","templated":true}]}}