{"id":307245,"date":"2025-06-04T05:57:38","date_gmt":"2025-06-04T09:57:38","guid":{"rendered":"https:\/\/www.eldiario.net\/portal\/?p=307245"},"modified":"2025-06-04T05:57:38","modified_gmt":"2025-06-04T09:57:38","slug":"los-rigurosos-cambios-que-aplico-miguel-russo-en-boca-de-cara-al-mundial-de-clubes","status":"publish","type":"post","link":"https:\/\/www.eldiario.net\/portal\/2025\/06\/04\/los-rigurosos-cambios-que-aplico-miguel-russo-en-boca-de-cara-al-mundial-de-clubes\/","title":{"rendered":"Los rigurosos cambios que aplic\u00f3 Miguel Russo en Boca de cara al Mundial de Clubes"},"content":{"rendered":"<p>La planificaci\u00f3n de la pretemporada de Boca Juniors experiment\u00f3 una transformaci\u00f3n significativa en la antesala del Mundial de Clubes. A partir de la llegada de Miguel \u00c1ngel Russo como DT en su tercer ciclo en el club, se implementaron jornadas de doble turno y un enfoque renovado tanto en el aspecto f\u00edsico como en el mental del plantel.<br \/>\nEl experimentado entrenador detect\u00f3 la necesidad de un cambio profundo en la din\u00e1mica del equipo tras su llegada al predio de Ezeiza, donde encontr\u00f3 a los jugadores afectados por un semestre complicado y con un rendimiento por debajo de lo esperado. El regreso de Russo al club se produce en un contexto de crisis futbol\u00edstica. El propio t\u00e9cnico reconoci\u00f3 que la situaci\u00f3n actual exige medidas urgentes y un trabajo intenso para revertir el presente.<br \/>\nDesde su primer d\u00eda, el entrenador comenz\u00f3 a dejar su impronta, priorizando la recuperaci\u00f3n f\u00edsica y mental del grupo. El cuerpo t\u00e9cnico modific\u00f3 el esquema de entrenamientos, estableciendo sesiones dobles los martes y jueves, con la posibilidad de extender esta modalidad en los d\u00edas siguientes, dependiendo de la evoluci\u00f3n del plantel. La urgencia por mejorar el estado f\u00edsico responde a la proximidad del viaje a Miami, programado para el domingo 8 de junio, donde el equipo se instalar\u00e1 antes de su debut en el torneo internacional frente a Benfica el 16 de junio. Tampoco se descarta que los jugadores deban trabajar incluso el fin de semana previo al vuelo, ya que el tiempo disponible para la puesta a punto es limitado.<br \/>\nEl diagn\u00f3stico inicial de Russo incluy\u00f3 la observaci\u00f3n de un plantel disminuido tanto en lo f\u00edsico como en lo futbol\u00edstico. Por este motivo, el entrenador dispuso que la jornada del martes fuera de trabajo completo, con el objetivo de optimizar el estado de varios futbolistas y acelerar la recuperaci\u00f3n de quienes a\u00fan se entrenan de manera diferenciada. Entre los jugadores que contin\u00faan con trabajos espec\u00edficos se encuentran Edinson Cavani, Rodrigo Battaglia, Carlos Palacios y Milton Gim\u00e9nez.<br \/>\n(INFOBAE)<\/p>\n","protected":false},"excerpt":{"rendered":"<p>La planificaci\u00f3n de la pretemporada de Boca Juniors experiment\u00f3 una transformaci\u00f3n significativa en la antesala del Mundial de Clubes. A partir de la llegada de Miguel \u00c1ngel Russo como DT en su tercer ciclo en el club, se implementaron jornadas de doble turno y un enfoque renovado tanto en el aspecto f\u00edsico como en el [&hellip;]<\/p>\n","protected":false},"author":1,"featured_media":307246,"comment_status":"closed","ping_status":"open","sticky":false,"template":"","format":"standard","meta":{"_acf_changed":false,"footnotes":""},"categories":[6],"tags":[],"class_list":["post-307245","post","type-post","status-publish","format-standard","has-post-thumbnail","category-deportes"],"acf":{"antetitulo":""},"yoast_head":"<!-- This site is optimized with the Yoast SEO plugin v28.3 - https:\/\/yoast.com\/product\/yoast-seo-wordpress\/ -->\n<title>Los rigurosos cambios que aplic\u00f3 Miguel Russo en Boca de cara al Mundial de Clubes - El Diario - Bolivia<\/title>\n<meta name=\"robots\" content=\"index, follow, max-snippet:-1, max-image-preview:large, max-video-preview:-1\" \/>\n<link rel=\"canonical\" href=\"https:\/\/www.eldiario.net\/portal\/2025\/06\/04\/los-rigurosos-cambios-que-aplico-miguel-russo-en-boca-de-cara-al-mundial-de-clubes\/\" \/>\n<meta property=\"og:locale\" content=\"es_ES\" \/>\n<meta property=\"og:type\" content=\"article\" \/>\n<meta property=\"og:title\" content=\"Los rigurosos cambios que aplic\u00f3 Miguel Russo en Boca de cara al Mundial de Clubes - El Diario - Bolivia\" \/>\n<meta property=\"og:description\" content=\"La planificaci\u00f3n de la pretemporada de Boca Juniors experiment\u00f3 una transformaci\u00f3n significativa en la antesala del Mundial de Clubes. A partir de la llegada de Miguel \u00c1ngel Russo como DT en su tercer ciclo en el club, se implementaron jornadas de doble turno y un enfoque renovado tanto en el aspecto f\u00edsico como en el [&hellip;]\" \/>\n<meta property=\"og:url\" content=\"https:\/\/www.eldiario.net\/portal\/2025\/06\/04\/los-rigurosos-cambios-que-aplico-miguel-russo-en-boca-de-cara-al-mundial-de-clubes\/\" \/>\n<meta property=\"og:site_name\" content=\"El Diario - Bolivia\" \/>\n<meta property=\"article:publisher\" content=\"https:\/\/www.facebook.com\/eldiario.bolivia\/\" \/>\n<meta property=\"article:published_time\" content=\"2025-06-04T09:57:38+00:00\" \/>\n<meta property=\"og:image\" content=\"https:\/\/www.eldiario.net\/portal\/wp-content\/uploads\/2025\/06\/FOTO-74.jpg\" \/>\n\t<meta property=\"og:image:width\" content=\"566\" \/>\n\t<meta property=\"og:image:height\" content=\"479\" \/>\n\t<meta property=\"og:image:type\" content=\"image\/jpeg\" \/>\n<meta name=\"author\" content=\"Jeanette\" \/>\n<meta name=\"twitter:card\" content=\"summary_large_image\" \/>\n<meta name=\"twitter:creator\" content=\"@eldiario_net\" \/>\n<meta name=\"twitter:site\" content=\"@eldiario_net\" \/>\n<meta name=\"twitter:label1\" content=\"Escrito por\" \/>\n\t<meta name=\"twitter:data1\" content=\"Jeanette\" \/>\n\t<meta name=\"twitter:label2\" content=\"Tiempo de lectura\" \/>\n\t<meta name=\"twitter:data2\" content=\"2 minutos\" \/>\n<script type=\"application\/ld+json\" class=\"yoast-schema-graph\">{\"@context\":\"https:\\\/\\\/schema.org\",\"@graph\":[{\"@type\":\"Article\",\"@id\":\"https:\\\/\\\/www.eldiario.net\\\/portal\\\/2025\\\/06\\\/04\\\/los-rigurosos-cambios-que-aplico-miguel-russo-en-boca-de-cara-al-mundial-de-clubes\\\/#article\",\"isPartOf\":{\"@id\":\"https:\\\/\\\/www.eldiario.net\\\/portal\\\/2025\\\/06\\\/04\\\/los-rigurosos-cambios-que-aplico-miguel-russo-en-boca-de-cara-al-mundial-de-clubes\\\/\"},\"author\":{\"name\":\"Jeanette\",\"@id\":\"https:\\\/\\\/www.eldiario.net\\\/portal\\\/#\\\/schema\\\/person\\\/f46445640444750d7d753ccd04ae01b7\"},\"headline\":\"Los rigurosos cambios que aplic\u00f3 Miguel Russo en Boca de cara al Mundial de Clubes\",\"datePublished\":\"2025-06-04T09:57:38+00:00\",\"mainEntityOfPage\":{\"@id\":\"https:\\\/\\\/www.eldiario.net\\\/portal\\\/2025\\\/06\\\/04\\\/los-rigurosos-cambios-que-aplico-miguel-russo-en-boca-de-cara-al-mundial-de-clubes\\\/\"},\"wordCount\":366,\"publisher\":{\"@id\":\"https:\\\/\\\/www.eldiario.net\\\/portal\\\/#organization\"},\"image\":{\"@id\":\"https:\\\/\\\/www.eldiario.net\\\/portal\\\/2025\\\/06\\\/04\\\/los-rigurosos-cambios-que-aplico-miguel-russo-en-boca-de-cara-al-mundial-de-clubes\\\/#primaryimage\"},\"thumbnailUrl\":\"https:\\\/\\\/www.eldiario.net\\\/portal\\\/wp-content\\\/uploads\\\/2025\\\/06\\\/FOTO-74.jpg\",\"articleSection\":[\"Deportes\"],\"inLanguage\":\"es\"},{\"@type\":\"WebPage\",\"@id\":\"https:\\\/\\\/www.eldiario.net\\\/portal\\\/2025\\\/06\\\/04\\\/los-rigurosos-cambios-que-aplico-miguel-russo-en-boca-de-cara-al-mundial-de-clubes\\\/\",\"url\":\"https:\\\/\\\/www.eldiario.net\\\/portal\\\/2025\\\/06\\\/04\\\/los-rigurosos-cambios-que-aplico-miguel-russo-en-boca-de-cara-al-mundial-de-clubes\\\/\",\"name\":\"Los rigurosos cambios que aplic\u00f3 Miguel Russo en Boca de cara al Mundial de Clubes - El Diario - Bolivia\",\"isPartOf\":{\"@id\":\"https:\\\/\\\/www.eldiario.net\\\/portal\\\/#website\"},\"primaryImageOfPage\":{\"@id\":\"https:\\\/\\\/www.eldiario.net\\\/portal\\\/2025\\\/06\\\/04\\\/los-rigurosos-cambios-que-aplico-miguel-russo-en-boca-de-cara-al-mundial-de-clubes\\\/#primaryimage\"},\"image\":{\"@id\":\"https:\\\/\\\/www.eldiario.net\\\/portal\\\/2025\\\/06\\\/04\\\/los-rigurosos-cambios-que-aplico-miguel-russo-en-boca-de-cara-al-mundial-de-clubes\\\/#primaryimage\"},\"thumbnailUrl\":\"https:\\\/\\\/www.eldiario.net\\\/portal\\\/wp-content\\\/uploads\\\/2025\\\/06\\\/FOTO-74.jpg\",\"datePublished\":\"2025-06-04T09:57:38+00:00\",\"breadcrumb\":{\"@id\":\"https:\\\/\\\/www.eldiario.net\\\/portal\\\/2025\\\/06\\\/04\\\/los-rigurosos-cambios-que-aplico-miguel-russo-en-boca-de-cara-al-mundial-de-clubes\\\/#breadcrumb\"},\"inLanguage\":\"es\",\"potentialAction\":[{\"@type\":\"ReadAction\",\"target\":[\"https:\\\/\\\/www.eldiario.net\\\/portal\\\/2025\\\/06\\\/04\\\/los-rigurosos-cambios-que-aplico-miguel-russo-en-boca-de-cara-al-mundial-de-clubes\\\/\"]}]},{\"@type\":\"ImageObject\",\"inLanguage\":\"es\",\"@id\":\"https:\\\/\\\/www.eldiario.net\\\/portal\\\/2025\\\/06\\\/04\\\/los-rigurosos-cambios-que-aplico-miguel-russo-en-boca-de-cara-al-mundial-de-clubes\\\/#primaryimage\",\"url\":\"https:\\\/\\\/www.eldiario.net\\\/portal\\\/wp-content\\\/uploads\\\/2025\\\/06\\\/FOTO-74.jpg\",\"contentUrl\":\"https:\\\/\\\/www.eldiario.net\\\/portal\\\/wp-content\\\/uploads\\\/2025\\\/06\\\/FOTO-74.jpg\",\"width\":566,\"height\":479},{\"@type\":\"BreadcrumbList\",\"@id\":\"https:\\\/\\\/www.eldiario.net\\\/portal\\\/2025\\\/06\\\/04\\\/los-rigurosos-cambios-que-aplico-miguel-russo-en-boca-de-cara-al-mundial-de-clubes\\\/#breadcrumb\",\"itemListElement\":[{\"@type\":\"ListItem\",\"position\":1,\"name\":\"Portada\",\"item\":\"https:\\\/\\\/www.eldiario.net\\\/portal\\\/\"},{\"@type\":\"ListItem\",\"position\":2,\"name\":\"Los rigurosos cambios que aplic\u00f3 Miguel Russo en Boca de cara al Mundial de Clubes\"}]},{\"@type\":\"WebSite\",\"@id\":\"https:\\\/\\\/www.eldiario.net\\\/portal\\\/#website\",\"url\":\"https:\\\/\\\/www.eldiario.net\\\/portal\\\/\",\"name\":\"El Diario - Decano de la prensa nacional\",\"description\":\"El Diario - Decano de la prensa nacional\",\"publisher\":{\"@id\":\"https:\\\/\\\/www.eldiario.net\\\/portal\\\/#organization\"},\"potentialAction\":[{\"@type\":\"SearchAction\",\"target\":{\"@type\":\"EntryPoint\",\"urlTemplate\":\"https:\\\/\\\/www.eldiario.net\\\/portal\\\/?s={search_term_string}\"},\"query-input\":{\"@type\":\"PropertyValueSpecification\",\"valueRequired\":true,\"valueName\":\"search_term_string\"}}],\"inLanguage\":\"es\"},{\"@type\":\"Organization\",\"@id\":\"https:\\\/\\\/www.eldiario.net\\\/portal\\\/#organization\",\"name\":\"El Diario - Decano de la prensa nacional\",\"url\":\"https:\\\/\\\/www.eldiario.net\\\/portal\\\/\",\"logo\":{\"@type\":\"ImageObject\",\"inLanguage\":\"es\",\"@id\":\"https:\\\/\\\/www.eldiario.net\\\/portal\\\/#\\\/schema\\\/logo\\\/image\\\/\",\"url\":\"https:\\\/\\\/www.eldiario.net\\\/portal\\\/wp-content\\\/uploads\\\/2023\\\/07\\\/logo_ED.jpg\",\"contentUrl\":\"https:\\\/\\\/www.eldiario.net\\\/portal\\\/wp-content\\\/uploads\\\/2023\\\/07\\\/logo_ED.jpg\",\"width\":272,\"height\":52,\"caption\":\"El Diario - Decano de la prensa nacional\"},\"image\":{\"@id\":\"https:\\\/\\\/www.eldiario.net\\\/portal\\\/#\\\/schema\\\/logo\\\/image\\\/\"},\"sameAs\":[\"https:\\\/\\\/www.facebook.com\\\/eldiario.bolivia\\\/\",\"https:\\\/\\\/x.com\\\/eldiario_net\"]},{\"@type\":\"Person\",\"@id\":\"https:\\\/\\\/www.eldiario.net\\\/portal\\\/#\\\/schema\\\/person\\\/f46445640444750d7d753ccd04ae01b7\",\"name\":\"Jeanette\",\"image\":{\"@type\":\"ImageObject\",\"inLanguage\":\"es\",\"@id\":\"https:\\\/\\\/secure.gravatar.com\\\/avatar\\\/3ea2118a5f7dad2b7138b1187a6b7ee55f160b9968b66013c3a3ef39dd7e5798?s=96&d=mm&r=g\",\"url\":\"https:\\\/\\\/secure.gravatar.com\\\/avatar\\\/3ea2118a5f7dad2b7138b1187a6b7ee55f160b9968b66013c3a3ef39dd7e5798?s=96&d=mm&r=g\",\"contentUrl\":\"https:\\\/\\\/secure.gravatar.com\\\/avatar\\\/3ea2118a5f7dad2b7138b1187a6b7ee55f160b9968b66013c3a3ef39dd7e5798?s=96&d=mm&r=g\",\"caption\":\"Jeanette\"},\"sameAs\":[\"https:\\\/\\\/www.eldiario.net\\\/portal\"],\"url\":\"https:\\\/\\\/www.eldiario.net\\\/portal\\\/author\\\/jeanette\\\/\"}]}<\/script>\n<!-- \/ Yoast SEO plugin. -->","yoast_head_json":{"title":"Los rigurosos cambios que aplic\u00f3 Miguel Russo en Boca de cara al Mundial de Clubes - El Diario - Bolivia","robots":{"index":"index","follow":"follow","max-snippet":"max-snippet:-1","max-image-preview":"max-image-preview:large","max-video-preview":"max-video-preview:-1"},"canonical":"https:\/\/www.eldiario.net\/portal\/2025\/06\/04\/los-rigurosos-cambios-que-aplico-miguel-russo-en-boca-de-cara-al-mundial-de-clubes\/","og_locale":"es_ES","og_type":"article","og_title":"Los rigurosos cambios que aplic\u00f3 Miguel Russo en Boca de cara al Mundial de Clubes - El Diario - Bolivia","og_description":"La planificaci\u00f3n de la pretemporada de Boca Juniors experiment\u00f3 una transformaci\u00f3n significativa en la antesala del Mundial de Clubes. A partir de la llegada de Miguel \u00c1ngel Russo como DT en su tercer ciclo en el club, se implementaron jornadas de doble turno y un enfoque renovado tanto en el aspecto f\u00edsico como en el [&hellip;]","og_url":"https:\/\/www.eldiario.net\/portal\/2025\/06\/04\/los-rigurosos-cambios-que-aplico-miguel-russo-en-boca-de-cara-al-mundial-de-clubes\/","og_site_name":"El Diario - Bolivia","article_publisher":"https:\/\/www.facebook.com\/eldiario.bolivia\/","article_published_time":"2025-06-04T09:57:38+00:00","og_image":[{"width":566,"height":479,"url":"https:\/\/www.eldiario.net\/portal\/wp-content\/uploads\/2025\/06\/FOTO-74.jpg","type":"image\/jpeg"}],"author":"Jeanette","twitter_card":"summary_large_image","twitter_creator":"@eldiario_net","twitter_site":"@eldiario_net","twitter_misc":{"Escrito por":"Jeanette","Tiempo de lectura":"2 minutos"},"schema":{"@context":"https:\/\/schema.org","@graph":[{"@type":"Article","@id":"https:\/\/www.eldiario.net\/portal\/2025\/06\/04\/los-rigurosos-cambios-que-aplico-miguel-russo-en-boca-de-cara-al-mundial-de-clubes\/#article","isPartOf":{"@id":"https:\/\/www.eldiario.net\/portal\/2025\/06\/04\/los-rigurosos-cambios-que-aplico-miguel-russo-en-boca-de-cara-al-mundial-de-clubes\/"},"author":{"name":"Jeanette","@id":"https:\/\/www.eldiario.net\/portal\/#\/schema\/person\/f46445640444750d7d753ccd04ae01b7"},"headline":"Los rigurosos cambios que aplic\u00f3 Miguel Russo en Boca de cara al Mundial de Clubes","datePublished":"2025-06-04T09:57:38+00:00","mainEntityOfPage":{"@id":"https:\/\/www.eldiario.net\/portal\/2025\/06\/04\/los-rigurosos-cambios-que-aplico-miguel-russo-en-boca-de-cara-al-mundial-de-clubes\/"},"wordCount":366,"publisher":{"@id":"https:\/\/www.eldiario.net\/portal\/#organization"},"image":{"@id":"https:\/\/www.eldiario.net\/portal\/2025\/06\/04\/los-rigurosos-cambios-que-aplico-miguel-russo-en-boca-de-cara-al-mundial-de-clubes\/#primaryimage"},"thumbnailUrl":"https:\/\/www.eldiario.net\/portal\/wp-content\/uploads\/2025\/06\/FOTO-74.jpg","articleSection":["Deportes"],"inLanguage":"es"},{"@type":"WebPage","@id":"https:\/\/www.eldiario.net\/portal\/2025\/06\/04\/los-rigurosos-cambios-que-aplico-miguel-russo-en-boca-de-cara-al-mundial-de-clubes\/","url":"https:\/\/www.eldiario.net\/portal\/2025\/06\/04\/los-rigurosos-cambios-que-aplico-miguel-russo-en-boca-de-cara-al-mundial-de-clubes\/","name":"Los rigurosos cambios que aplic\u00f3 Miguel Russo en Boca de cara al Mundial de Clubes - El Diario - Bolivia","isPartOf":{"@id":"https:\/\/www.eldiario.net\/portal\/#website"},"primaryImageOfPage":{"@id":"https:\/\/www.eldiario.net\/portal\/2025\/06\/04\/los-rigurosos-cambios-que-aplico-miguel-russo-en-boca-de-cara-al-mundial-de-clubes\/#primaryimage"},"image":{"@id":"https:\/\/www.eldiario.net\/portal\/2025\/06\/04\/los-rigurosos-cambios-que-aplico-miguel-russo-en-boca-de-cara-al-mundial-de-clubes\/#primaryimage"},"thumbnailUrl":"https:\/\/www.eldiario.net\/portal\/wp-content\/uploads\/2025\/06\/FOTO-74.jpg","datePublished":"2025-06-04T09:57:38+00:00","breadcrumb":{"@id":"https:\/\/www.eldiario.net\/portal\/2025\/06\/04\/los-rigurosos-cambios-que-aplico-miguel-russo-en-boca-de-cara-al-mundial-de-clubes\/#breadcrumb"},"inLanguage":"es","potentialAction":[{"@type":"ReadAction","target":["https:\/\/www.eldiario.net\/portal\/2025\/06\/04\/los-rigurosos-cambios-que-aplico-miguel-russo-en-boca-de-cara-al-mundial-de-clubes\/"]}]},{"@type":"ImageObject","inLanguage":"es","@id":"https:\/\/www.eldiario.net\/portal\/2025\/06\/04\/los-rigurosos-cambios-que-aplico-miguel-russo-en-boca-de-cara-al-mundial-de-clubes\/#primaryimage","url":"https:\/\/www.eldiario.net\/portal\/wp-content\/uploads\/2025\/06\/FOTO-74.jpg","contentUrl":"https:\/\/www.eldiario.net\/portal\/wp-content\/uploads\/2025\/06\/FOTO-74.jpg","width":566,"height":479},{"@type":"BreadcrumbList","@id":"https:\/\/www.eldiario.net\/portal\/2025\/06\/04\/los-rigurosos-cambios-que-aplico-miguel-russo-en-boca-de-cara-al-mundial-de-clubes\/#breadcrumb","itemListElement":[{"@type":"ListItem","position":1,"name":"Portada","item":"https:\/\/www.eldiario.net\/portal\/"},{"@type":"ListItem","position":2,"name":"Los rigurosos cambios que aplic\u00f3 Miguel Russo en Boca de cara al Mundial de Clubes"}]},{"@type":"WebSite","@id":"https:\/\/www.eldiario.net\/portal\/#website","url":"https:\/\/www.eldiario.net\/portal\/","name":"El Diario - Decano de la prensa nacional","description":"El Diario - Decano de la prensa nacional","publisher":{"@id":"https:\/\/www.eldiario.net\/portal\/#organization"},"potentialAction":[{"@type":"SearchAction","target":{"@type":"EntryPoint","urlTemplate":"https:\/\/www.eldiario.net\/portal\/?s={search_term_string}"},"query-input":{"@type":"PropertyValueSpecification","valueRequired":true,"valueName":"search_term_string"}}],"inLanguage":"es"},{"@type":"Organization","@id":"https:\/\/www.eldiario.net\/portal\/#organization","name":"El Diario - Decano de la prensa nacional","url":"https:\/\/www.eldiario.net\/portal\/","logo":{"@type":"ImageObject","inLanguage":"es","@id":"https:\/\/www.eldiario.net\/portal\/#\/schema\/logo\/image\/","url":"https:\/\/www.eldiario.net\/portal\/wp-content\/uploads\/2023\/07\/logo_ED.jpg","contentUrl":"https:\/\/www.eldiario.net\/portal\/wp-content\/uploads\/2023\/07\/logo_ED.jpg","width":272,"height":52,"caption":"El Diario - Decano de la prensa nacional"},"image":{"@id":"https:\/\/www.eldiario.net\/portal\/#\/schema\/logo\/image\/"},"sameAs":["https:\/\/www.facebook.com\/eldiario.bolivia\/","https:\/\/x.com\/eldiario_net"]},{"@type":"Person","@id":"https:\/\/www.eldiario.net\/portal\/#\/schema\/person\/f46445640444750d7d753ccd04ae01b7","name":"Jeanette","image":{"@type":"ImageObject","inLanguage":"es","@id":"https:\/\/secure.gravatar.com\/avatar\/3ea2118a5f7dad2b7138b1187a6b7ee55f160b9968b66013c3a3ef39dd7e5798?s=96&d=mm&r=g","url":"https:\/\/secure.gravatar.com\/avatar\/3ea2118a5f7dad2b7138b1187a6b7ee55f160b9968b66013c3a3ef39dd7e5798?s=96&d=mm&r=g","contentUrl":"https:\/\/secure.gravatar.com\/avatar\/3ea2118a5f7dad2b7138b1187a6b7ee55f160b9968b66013c3a3ef39dd7e5798?s=96&d=mm&r=g","caption":"Jeanette"},"sameAs":["https:\/\/www.eldiario.net\/portal"],"url":"https:\/\/www.eldiario.net\/portal\/author\/jeanette\/"}]}},"_links":{"self":[{"href":"https:\/\/www.eldiario.net\/portal\/wp-json\/wp\/v2\/posts\/307245","targetHints":{"allow":["GET"]}}],"collection":[{"href":"https:\/\/www.eldiario.net\/portal\/wp-json\/wp\/v2\/posts"}],"about":[{"href":"https:\/\/www.eldiario.net\/portal\/wp-json\/wp\/v2\/types\/post"}],"author":[{"embeddable":true,"href":"https:\/\/www.eldiario.net\/portal\/wp-json\/wp\/v2\/users\/1"}],"replies":[{"embeddable":true,"href":"https:\/\/www.eldiario.net\/portal\/wp-json\/wp\/v2\/comments?post=307245"}],"version-history":[{"count":1,"href":"https:\/\/www.eldiario.net\/portal\/wp-json\/wp\/v2\/posts\/307245\/revisions"}],"predecessor-version":[{"id":307247,"href":"https:\/\/www.eldiario.net\/portal\/wp-json\/wp\/v2\/posts\/307245\/revisions\/307247"}],"wp:featuredmedia":[{"embeddable":true,"href":"https:\/\/www.eldiario.net\/portal\/wp-json\/wp\/v2\/media\/307246"}],"wp:attachment":[{"href":"https:\/\/www.eldiario.net\/portal\/wp-json\/wp\/v2\/media?parent=307245"}],"wp:term":[{"taxonomy":"category","embeddable":true,"href":"https:\/\/www.eldiario.net\/portal\/wp-json\/wp\/v2\/categories?post=307245"},{"taxonomy":"post_tag","embeddable":true,"href":"https:\/\/www.eldiario.net\/portal\/wp-json\/wp\/v2\/tags?post=307245"}],"curies":[{"name":"wp","href":"https:\/\/api.w.org\/{rel}","templated":true}]}}