{"id":305684,"date":"2025-05-28T14:35:45","date_gmt":"2025-05-28T18:35:45","guid":{"rendered":"https:\/\/www.eldiario.net\/portal\/?p=305684"},"modified":"2025-05-28T14:43:10","modified_gmt":"2025-05-28T18:43:10","slug":"centro-de-la-paz-cerrado-y-gasificado-por-protesta-evista-1425","status":"publish","type":"post","link":"https:\/\/www.eldiario.net\/portal\/2025\/05\/28\/centro-de-la-paz-cerrado-y-gasificado-por-protesta-evista-1425\/","title":{"rendered":"Centro de La Paz cerrado y gasificado por protesta evista. (14:25)"},"content":{"rendered":"<p>Las calles Mercado y Ayacucho se encuentran cerradas al tr\u00e1fico vehicular debido a una movilizaci\u00f3n de simpatizantes de Evo Morales que se torn\u00f3 violenta.<\/p>\n<div style=\"width: 478px;\" class=\"wp-video\"><video class=\"wp-video-shortcode\" id=\"video-305684-1\" width=\"478\" height=\"850\" preload=\"metadata\" controls=\"controls\"><source type=\"video\/mp4\" src=\"https:\/\/www.eldiario.net\/portal\/wp-content\/uploads\/2025\/05\/trafico-28.05.25-1.mp4?_=1\" \/><a href=\"https:\/\/www.eldiario.net\/portal\/wp-content\/uploads\/2025\/05\/trafico-28.05.25-1.mp4\">https:\/\/www.eldiario.net\/portal\/wp-content\/uploads\/2025\/05\/trafico-28.05.25-1.mp4<\/a><\/video><\/div>\n<p>La tensi\u00f3n se desat\u00f3 cuando los manifestantes intentaron ingresar a la Plaza Murillo. La Polic\u00eda respondi\u00f3 con gas lacrim\u00f3geno para dispersar a los movilizados que lanzaron piedras, palos y botellas.<\/p>\n<p>El punto m\u00e1s conflictivo frente a la Vicepresidencia, donde se quem\u00f3 un mu\u00f1eco en se\u00f1al de protesta contra el \u00d3rgano Electoral.<\/p>\n<div style=\"width: 480px;\" class=\"wp-video\"><video class=\"wp-video-shortcode\" id=\"video-305684-2\" width=\"480\" height=\"864\" preload=\"metadata\" controls=\"controls\"><source type=\"video\/mp4\" src=\"https:\/\/www.eldiario.net\/portal\/wp-content\/uploads\/2025\/05\/quema-28.05.25-1.mp4?_=2\" \/><a href=\"https:\/\/www.eldiario.net\/portal\/wp-content\/uploads\/2025\/05\/quema-28.05.25-1.mp4\">https:\/\/www.eldiario.net\/portal\/wp-content\/uploads\/2025\/05\/quema-28.05.25-1.mp4<\/a><\/video><\/div>\n<p>La demanda central del sector movilizado es que se habilite a Evo Morales como candidato para las elecciones generales del pr\u00f3ximo 17 de agosto.<\/p>\n<p>La situaci\u00f3n sigue tensa y la Polic\u00eda mantiene resguardadas las inmediaciones del centro pace\u00f1o, incluyendo el \u00d3rgano Electoral Plurinacional.<\/p>\n","protected":false},"excerpt":{"rendered":"<p>Las calles Mercado y Ayacucho se encuentran cerradas al tr\u00e1fico vehicular debido a una movilizaci\u00f3n de simpatizantes de Evo Morales que se torn\u00f3 violenta. La tensi\u00f3n se desat\u00f3 cuando los manifestantes intentaron ingresar a la Plaza Murillo. La Polic\u00eda respondi\u00f3 con gas lacrim\u00f3geno para dispersar a los movilizados que lanzaron piedras, palos y botellas. El [&hellip;]<\/p>\n","protected":false},"author":7,"featured_media":305687,"comment_status":"closed","ping_status":"open","sticky":false,"template":"","format":"standard","meta":{"_acf_changed":false,"footnotes":""},"categories":[51],"tags":[],"class_list":["post-305684","post","type-post","status-publish","format-standard","has-post-thumbnail","category-ultima-hora"],"acf":{"antetitulo":""},"yoast_head":"<!-- This site is optimized with the Yoast SEO plugin v28.3 - https:\/\/yoast.com\/product\/yoast-seo-wordpress\/ -->\n<title>Centro de La Paz cerrado y gasificado por protesta evista. (14:25) - El Diario - Bolivia<\/title>\n<meta name=\"robots\" content=\"index, follow, max-snippet:-1, max-image-preview:large, max-video-preview:-1\" \/>\n<link rel=\"canonical\" href=\"https:\/\/www.eldiario.net\/portal\/2025\/05\/28\/centro-de-la-paz-cerrado-y-gasificado-por-protesta-evista-1425\/\" \/>\n<meta property=\"og:locale\" content=\"es_ES\" \/>\n<meta property=\"og:type\" content=\"article\" \/>\n<meta property=\"og:title\" content=\"Centro de La Paz cerrado y gasificado por protesta evista. (14:25) - El Diario - Bolivia\" \/>\n<meta property=\"og:description\" content=\"Las calles Mercado y Ayacucho se encuentran cerradas al tr\u00e1fico vehicular debido a una movilizaci\u00f3n de simpatizantes de Evo Morales que se torn\u00f3 violenta. La tensi\u00f3n se desat\u00f3 cuando los manifestantes intentaron ingresar a la Plaza Murillo. La Polic\u00eda respondi\u00f3 con gas lacrim\u00f3geno para dispersar a los movilizados que lanzaron piedras, palos y botellas. El [&hellip;]\" \/>\n<meta property=\"og:url\" content=\"https:\/\/www.eldiario.net\/portal\/2025\/05\/28\/centro-de-la-paz-cerrado-y-gasificado-por-protesta-evista-1425\/\" \/>\n<meta property=\"og:site_name\" content=\"El Diario - Bolivia\" \/>\n<meta property=\"article:publisher\" content=\"https:\/\/www.facebook.com\/eldiario.bolivia\/\" \/>\n<meta property=\"article:published_time\" content=\"2025-05-28T18:35:45+00:00\" \/>\n<meta property=\"article:modified_time\" content=\"2025-05-28T18:43:10+00:00\" \/>\n<meta property=\"og:image\" content=\"https:\/\/www.eldiario.net\/portal\/wp-content\/uploads\/2025\/05\/quema-3-28.05.25-scaled-e1748457239846.jpg\" \/>\n\t<meta property=\"og:image:width\" content=\"300\" \/>\n\t<meta property=\"og:image:height\" content=\"200\" \/>\n\t<meta property=\"og:image:type\" content=\"image\/jpeg\" \/>\n<meta name=\"author\" content=\"Viviana Monrroy\" \/>\n<meta name=\"twitter:card\" content=\"summary_large_image\" \/>\n<meta name=\"twitter:creator\" content=\"@eldiario_net\" \/>\n<meta name=\"twitter:site\" content=\"@eldiario_net\" \/>\n<meta name=\"twitter:label1\" content=\"Escrito por\" \/>\n\t<meta name=\"twitter:data1\" content=\"Viviana Monrroy\" \/>\n\t<meta name=\"twitter:label2\" content=\"Tiempo de lectura\" \/>\n\t<meta name=\"twitter:data2\" content=\"1 minuto\" \/>\n<script type=\"application\/ld+json\" class=\"yoast-schema-graph\">{\"@context\":\"https:\\\/\\\/schema.org\",\"@graph\":[{\"@type\":\"Article\",\"@id\":\"https:\\\/\\\/www.eldiario.net\\\/portal\\\/2025\\\/05\\\/28\\\/centro-de-la-paz-cerrado-y-gasificado-por-protesta-evista-1425\\\/#article\",\"isPartOf\":{\"@id\":\"https:\\\/\\\/www.eldiario.net\\\/portal\\\/2025\\\/05\\\/28\\\/centro-de-la-paz-cerrado-y-gasificado-por-protesta-evista-1425\\\/\"},\"author\":{\"name\":\"Viviana Monrroy\",\"@id\":\"https:\\\/\\\/www.eldiario.net\\\/portal\\\/#\\\/schema\\\/person\\\/ba370d92d160f4d3574381f6d9b78fab\"},\"headline\":\"Centro de La Paz cerrado y gasificado por protesta evista. (14:25)\",\"datePublished\":\"2025-05-28T18:35:45+00:00\",\"dateModified\":\"2025-05-28T18:43:10+00:00\",\"mainEntityOfPage\":{\"@id\":\"https:\\\/\\\/www.eldiario.net\\\/portal\\\/2025\\\/05\\\/28\\\/centro-de-la-paz-cerrado-y-gasificado-por-protesta-evista-1425\\\/\"},\"wordCount\":169,\"publisher\":{\"@id\":\"https:\\\/\\\/www.eldiario.net\\\/portal\\\/#organization\"},\"image\":{\"@id\":\"https:\\\/\\\/www.eldiario.net\\\/portal\\\/2025\\\/05\\\/28\\\/centro-de-la-paz-cerrado-y-gasificado-por-protesta-evista-1425\\\/#primaryimage\"},\"thumbnailUrl\":\"https:\\\/\\\/www.eldiario.net\\\/portal\\\/wp-content\\\/uploads\\\/2025\\\/05\\\/quema-3-28.05.25-scaled-e1748457239846.jpg\",\"articleSection\":[\"\u00daltima Hora\"],\"inLanguage\":\"es\"},{\"@type\":\"WebPage\",\"@id\":\"https:\\\/\\\/www.eldiario.net\\\/portal\\\/2025\\\/05\\\/28\\\/centro-de-la-paz-cerrado-y-gasificado-por-protesta-evista-1425\\\/\",\"url\":\"https:\\\/\\\/www.eldiario.net\\\/portal\\\/2025\\\/05\\\/28\\\/centro-de-la-paz-cerrado-y-gasificado-por-protesta-evista-1425\\\/\",\"name\":\"Centro de La Paz cerrado y gasificado por protesta evista. (14:25) - El Diario - Bolivia\",\"isPartOf\":{\"@id\":\"https:\\\/\\\/www.eldiario.net\\\/portal\\\/#website\"},\"primaryImageOfPage\":{\"@id\":\"https:\\\/\\\/www.eldiario.net\\\/portal\\\/2025\\\/05\\\/28\\\/centro-de-la-paz-cerrado-y-gasificado-por-protesta-evista-1425\\\/#primaryimage\"},\"image\":{\"@id\":\"https:\\\/\\\/www.eldiario.net\\\/portal\\\/2025\\\/05\\\/28\\\/centro-de-la-paz-cerrado-y-gasificado-por-protesta-evista-1425\\\/#primaryimage\"},\"thumbnailUrl\":\"https:\\\/\\\/www.eldiario.net\\\/portal\\\/wp-content\\\/uploads\\\/2025\\\/05\\\/quema-3-28.05.25-scaled-e1748457239846.jpg\",\"datePublished\":\"2025-05-28T18:35:45+00:00\",\"dateModified\":\"2025-05-28T18:43:10+00:00\",\"breadcrumb\":{\"@id\":\"https:\\\/\\\/www.eldiario.net\\\/portal\\\/2025\\\/05\\\/28\\\/centro-de-la-paz-cerrado-y-gasificado-por-protesta-evista-1425\\\/#breadcrumb\"},\"inLanguage\":\"es\",\"potentialAction\":[{\"@type\":\"ReadAction\",\"target\":[\"https:\\\/\\\/www.eldiario.net\\\/portal\\\/2025\\\/05\\\/28\\\/centro-de-la-paz-cerrado-y-gasificado-por-protesta-evista-1425\\\/\"]}]},{\"@type\":\"ImageObject\",\"inLanguage\":\"es\",\"@id\":\"https:\\\/\\\/www.eldiario.net\\\/portal\\\/2025\\\/05\\\/28\\\/centro-de-la-paz-cerrado-y-gasificado-por-protesta-evista-1425\\\/#primaryimage\",\"url\":\"https:\\\/\\\/www.eldiario.net\\\/portal\\\/wp-content\\\/uploads\\\/2025\\\/05\\\/quema-3-28.05.25-scaled-e1748457239846.jpg\",\"contentUrl\":\"https:\\\/\\\/www.eldiario.net\\\/portal\\\/wp-content\\\/uploads\\\/2025\\\/05\\\/quema-3-28.05.25-scaled-e1748457239846.jpg\",\"width\":300,\"height\":200,\"caption\":\"Foto: El Diario\"},{\"@type\":\"BreadcrumbList\",\"@id\":\"https:\\\/\\\/www.eldiario.net\\\/portal\\\/2025\\\/05\\\/28\\\/centro-de-la-paz-cerrado-y-gasificado-por-protesta-evista-1425\\\/#breadcrumb\",\"itemListElement\":[{\"@type\":\"ListItem\",\"position\":1,\"name\":\"Portada\",\"item\":\"https:\\\/\\\/www.eldiario.net\\\/portal\\\/\"},{\"@type\":\"ListItem\",\"position\":2,\"name\":\"Centro de La Paz cerrado y gasificado por protesta evista. (14:25)\"}]},{\"@type\":\"WebSite\",\"@id\":\"https:\\\/\\\/www.eldiario.net\\\/portal\\\/#website\",\"url\":\"https:\\\/\\\/www.eldiario.net\\\/portal\\\/\",\"name\":\"El Diario - Decano de la prensa nacional\",\"description\":\"El Diario - Decano de la prensa nacional\",\"publisher\":{\"@id\":\"https:\\\/\\\/www.eldiario.net\\\/portal\\\/#organization\"},\"potentialAction\":[{\"@type\":\"SearchAction\",\"target\":{\"@type\":\"EntryPoint\",\"urlTemplate\":\"https:\\\/\\\/www.eldiario.net\\\/portal\\\/?s={search_term_string}\"},\"query-input\":{\"@type\":\"PropertyValueSpecification\",\"valueRequired\":true,\"valueName\":\"search_term_string\"}}],\"inLanguage\":\"es\"},{\"@type\":\"Organization\",\"@id\":\"https:\\\/\\\/www.eldiario.net\\\/portal\\\/#organization\",\"name\":\"El Diario - Decano de la prensa nacional\",\"url\":\"https:\\\/\\\/www.eldiario.net\\\/portal\\\/\",\"logo\":{\"@type\":\"ImageObject\",\"inLanguage\":\"es\",\"@id\":\"https:\\\/\\\/www.eldiario.net\\\/portal\\\/#\\\/schema\\\/logo\\\/image\\\/\",\"url\":\"https:\\\/\\\/www.eldiario.net\\\/portal\\\/wp-content\\\/uploads\\\/2023\\\/07\\\/logo_ED.jpg\",\"contentUrl\":\"https:\\\/\\\/www.eldiario.net\\\/portal\\\/wp-content\\\/uploads\\\/2023\\\/07\\\/logo_ED.jpg\",\"width\":272,\"height\":52,\"caption\":\"El Diario - Decano de la prensa nacional\"},\"image\":{\"@id\":\"https:\\\/\\\/www.eldiario.net\\\/portal\\\/#\\\/schema\\\/logo\\\/image\\\/\"},\"sameAs\":[\"https:\\\/\\\/www.facebook.com\\\/eldiario.bolivia\\\/\",\"https:\\\/\\\/x.com\\\/eldiario_net\"]},{\"@type\":\"Person\",\"@id\":\"https:\\\/\\\/www.eldiario.net\\\/portal\\\/#\\\/schema\\\/person\\\/ba370d92d160f4d3574381f6d9b78fab\",\"name\":\"Viviana Monrroy\",\"image\":{\"@type\":\"ImageObject\",\"inLanguage\":\"es\",\"@id\":\"https:\\\/\\\/secure.gravatar.com\\\/avatar\\\/dfd1611ed5600959a0e5a9754503b6c05d1dcf190010998e0363aee2ad98afca?s=96&d=mm&r=g\",\"url\":\"https:\\\/\\\/secure.gravatar.com\\\/avatar\\\/dfd1611ed5600959a0e5a9754503b6c05d1dcf190010998e0363aee2ad98afca?s=96&d=mm&r=g\",\"contentUrl\":\"https:\\\/\\\/secure.gravatar.com\\\/avatar\\\/dfd1611ed5600959a0e5a9754503b6c05d1dcf190010998e0363aee2ad98afca?s=96&d=mm&r=g\",\"caption\":\"Viviana Monrroy\"},\"sameAs\":[\"http:\\\/\\\/www.eldiario.net\"],\"url\":\"https:\\\/\\\/www.eldiario.net\\\/portal\\\/author\\\/vivianamonrroy\\\/\"}]}<\/script>\n<!-- \/ Yoast SEO plugin. -->","yoast_head_json":{"title":"Centro de La Paz cerrado y gasificado por protesta evista. (14:25) - El Diario - Bolivia","robots":{"index":"index","follow":"follow","max-snippet":"max-snippet:-1","max-image-preview":"max-image-preview:large","max-video-preview":"max-video-preview:-1"},"canonical":"https:\/\/www.eldiario.net\/portal\/2025\/05\/28\/centro-de-la-paz-cerrado-y-gasificado-por-protesta-evista-1425\/","og_locale":"es_ES","og_type":"article","og_title":"Centro de La Paz cerrado y gasificado por protesta evista. (14:25) - El Diario - Bolivia","og_description":"Las calles Mercado y Ayacucho se encuentran cerradas al tr\u00e1fico vehicular debido a una movilizaci\u00f3n de simpatizantes de Evo Morales que se torn\u00f3 violenta. La tensi\u00f3n se desat\u00f3 cuando los manifestantes intentaron ingresar a la Plaza Murillo. La Polic\u00eda respondi\u00f3 con gas lacrim\u00f3geno para dispersar a los movilizados que lanzaron piedras, palos y botellas. El [&hellip;]","og_url":"https:\/\/www.eldiario.net\/portal\/2025\/05\/28\/centro-de-la-paz-cerrado-y-gasificado-por-protesta-evista-1425\/","og_site_name":"El Diario - Bolivia","article_publisher":"https:\/\/www.facebook.com\/eldiario.bolivia\/","article_published_time":"2025-05-28T18:35:45+00:00","article_modified_time":"2025-05-28T18:43:10+00:00","og_image":[{"width":300,"height":200,"url":"https:\/\/www.eldiario.net\/portal\/wp-content\/uploads\/2025\/05\/quema-3-28.05.25-scaled-e1748457239846.jpg","type":"image\/jpeg"}],"author":"Viviana Monrroy","twitter_card":"summary_large_image","twitter_creator":"@eldiario_net","twitter_site":"@eldiario_net","twitter_misc":{"Escrito por":"Viviana Monrroy","Tiempo de lectura":"1 minuto"},"schema":{"@context":"https:\/\/schema.org","@graph":[{"@type":"Article","@id":"https:\/\/www.eldiario.net\/portal\/2025\/05\/28\/centro-de-la-paz-cerrado-y-gasificado-por-protesta-evista-1425\/#article","isPartOf":{"@id":"https:\/\/www.eldiario.net\/portal\/2025\/05\/28\/centro-de-la-paz-cerrado-y-gasificado-por-protesta-evista-1425\/"},"author":{"name":"Viviana Monrroy","@id":"https:\/\/www.eldiario.net\/portal\/#\/schema\/person\/ba370d92d160f4d3574381f6d9b78fab"},"headline":"Centro de La Paz cerrado y gasificado por protesta evista. (14:25)","datePublished":"2025-05-28T18:35:45+00:00","dateModified":"2025-05-28T18:43:10+00:00","mainEntityOfPage":{"@id":"https:\/\/www.eldiario.net\/portal\/2025\/05\/28\/centro-de-la-paz-cerrado-y-gasificado-por-protesta-evista-1425\/"},"wordCount":169,"publisher":{"@id":"https:\/\/www.eldiario.net\/portal\/#organization"},"image":{"@id":"https:\/\/www.eldiario.net\/portal\/2025\/05\/28\/centro-de-la-paz-cerrado-y-gasificado-por-protesta-evista-1425\/#primaryimage"},"thumbnailUrl":"https:\/\/www.eldiario.net\/portal\/wp-content\/uploads\/2025\/05\/quema-3-28.05.25-scaled-e1748457239846.jpg","articleSection":["\u00daltima Hora"],"inLanguage":"es"},{"@type":"WebPage","@id":"https:\/\/www.eldiario.net\/portal\/2025\/05\/28\/centro-de-la-paz-cerrado-y-gasificado-por-protesta-evista-1425\/","url":"https:\/\/www.eldiario.net\/portal\/2025\/05\/28\/centro-de-la-paz-cerrado-y-gasificado-por-protesta-evista-1425\/","name":"Centro de La Paz cerrado y gasificado por protesta evista. (14:25) - El Diario - Bolivia","isPartOf":{"@id":"https:\/\/www.eldiario.net\/portal\/#website"},"primaryImageOfPage":{"@id":"https:\/\/www.eldiario.net\/portal\/2025\/05\/28\/centro-de-la-paz-cerrado-y-gasificado-por-protesta-evista-1425\/#primaryimage"},"image":{"@id":"https:\/\/www.eldiario.net\/portal\/2025\/05\/28\/centro-de-la-paz-cerrado-y-gasificado-por-protesta-evista-1425\/#primaryimage"},"thumbnailUrl":"https:\/\/www.eldiario.net\/portal\/wp-content\/uploads\/2025\/05\/quema-3-28.05.25-scaled-e1748457239846.jpg","datePublished":"2025-05-28T18:35:45+00:00","dateModified":"2025-05-28T18:43:10+00:00","breadcrumb":{"@id":"https:\/\/www.eldiario.net\/portal\/2025\/05\/28\/centro-de-la-paz-cerrado-y-gasificado-por-protesta-evista-1425\/#breadcrumb"},"inLanguage":"es","potentialAction":[{"@type":"ReadAction","target":["https:\/\/www.eldiario.net\/portal\/2025\/05\/28\/centro-de-la-paz-cerrado-y-gasificado-por-protesta-evista-1425\/"]}]},{"@type":"ImageObject","inLanguage":"es","@id":"https:\/\/www.eldiario.net\/portal\/2025\/05\/28\/centro-de-la-paz-cerrado-y-gasificado-por-protesta-evista-1425\/#primaryimage","url":"https:\/\/www.eldiario.net\/portal\/wp-content\/uploads\/2025\/05\/quema-3-28.05.25-scaled-e1748457239846.jpg","contentUrl":"https:\/\/www.eldiario.net\/portal\/wp-content\/uploads\/2025\/05\/quema-3-28.05.25-scaled-e1748457239846.jpg","width":300,"height":200,"caption":"Foto: El Diario"},{"@type":"BreadcrumbList","@id":"https:\/\/www.eldiario.net\/portal\/2025\/05\/28\/centro-de-la-paz-cerrado-y-gasificado-por-protesta-evista-1425\/#breadcrumb","itemListElement":[{"@type":"ListItem","position":1,"name":"Portada","item":"https:\/\/www.eldiario.net\/portal\/"},{"@type":"ListItem","position":2,"name":"Centro de La Paz cerrado y gasificado por protesta evista. (14:25)"}]},{"@type":"WebSite","@id":"https:\/\/www.eldiario.net\/portal\/#website","url":"https:\/\/www.eldiario.net\/portal\/","name":"El Diario - Decano de la prensa nacional","description":"El Diario - Decano de la prensa nacional","publisher":{"@id":"https:\/\/www.eldiario.net\/portal\/#organization"},"potentialAction":[{"@type":"SearchAction","target":{"@type":"EntryPoint","urlTemplate":"https:\/\/www.eldiario.net\/portal\/?s={search_term_string}"},"query-input":{"@type":"PropertyValueSpecification","valueRequired":true,"valueName":"search_term_string"}}],"inLanguage":"es"},{"@type":"Organization","@id":"https:\/\/www.eldiario.net\/portal\/#organization","name":"El Diario - Decano de la prensa nacional","url":"https:\/\/www.eldiario.net\/portal\/","logo":{"@type":"ImageObject","inLanguage":"es","@id":"https:\/\/www.eldiario.net\/portal\/#\/schema\/logo\/image\/","url":"https:\/\/www.eldiario.net\/portal\/wp-content\/uploads\/2023\/07\/logo_ED.jpg","contentUrl":"https:\/\/www.eldiario.net\/portal\/wp-content\/uploads\/2023\/07\/logo_ED.jpg","width":272,"height":52,"caption":"El Diario - Decano de la prensa nacional"},"image":{"@id":"https:\/\/www.eldiario.net\/portal\/#\/schema\/logo\/image\/"},"sameAs":["https:\/\/www.facebook.com\/eldiario.bolivia\/","https:\/\/x.com\/eldiario_net"]},{"@type":"Person","@id":"https:\/\/www.eldiario.net\/portal\/#\/schema\/person\/ba370d92d160f4d3574381f6d9b78fab","name":"Viviana Monrroy","image":{"@type":"ImageObject","inLanguage":"es","@id":"https:\/\/secure.gravatar.com\/avatar\/dfd1611ed5600959a0e5a9754503b6c05d1dcf190010998e0363aee2ad98afca?s=96&d=mm&r=g","url":"https:\/\/secure.gravatar.com\/avatar\/dfd1611ed5600959a0e5a9754503b6c05d1dcf190010998e0363aee2ad98afca?s=96&d=mm&r=g","contentUrl":"https:\/\/secure.gravatar.com\/avatar\/dfd1611ed5600959a0e5a9754503b6c05d1dcf190010998e0363aee2ad98afca?s=96&d=mm&r=g","caption":"Viviana Monrroy"},"sameAs":["http:\/\/www.eldiario.net"],"url":"https:\/\/www.eldiario.net\/portal\/author\/vivianamonrroy\/"}]}},"_links":{"self":[{"href":"https:\/\/www.eldiario.net\/portal\/wp-json\/wp\/v2\/posts\/305684","targetHints":{"allow":["GET"]}}],"collection":[{"href":"https:\/\/www.eldiario.net\/portal\/wp-json\/wp\/v2\/posts"}],"about":[{"href":"https:\/\/www.eldiario.net\/portal\/wp-json\/wp\/v2\/types\/post"}],"author":[{"embeddable":true,"href":"https:\/\/www.eldiario.net\/portal\/wp-json\/wp\/v2\/users\/7"}],"replies":[{"embeddable":true,"href":"https:\/\/www.eldiario.net\/portal\/wp-json\/wp\/v2\/comments?post=305684"}],"version-history":[{"count":4,"href":"https:\/\/www.eldiario.net\/portal\/wp-json\/wp\/v2\/posts\/305684\/revisions"}],"predecessor-version":[{"id":305691,"href":"https:\/\/www.eldiario.net\/portal\/wp-json\/wp\/v2\/posts\/305684\/revisions\/305691"}],"wp:featuredmedia":[{"embeddable":true,"href":"https:\/\/www.eldiario.net\/portal\/wp-json\/wp\/v2\/media\/305687"}],"wp:attachment":[{"href":"https:\/\/www.eldiario.net\/portal\/wp-json\/wp\/v2\/media?parent=305684"}],"wp:term":[{"taxonomy":"category","embeddable":true,"href":"https:\/\/www.eldiario.net\/portal\/wp-json\/wp\/v2\/categories?post=305684"},{"taxonomy":"post_tag","embeddable":true,"href":"https:\/\/www.eldiario.net\/portal\/wp-json\/wp\/v2\/tags?post=305684"}],"curies":[{"name":"wp","href":"https:\/\/api.w.org\/{rel}","templated":true}]}}