{"id":305669,"date":"2025-05-28T10:18:11","date_gmt":"2025-05-28T14:18:11","guid":{"rendered":"https:\/\/www.eldiario.net\/portal\/?p=305669"},"modified":"2025-05-28T10:18:11","modified_gmt":"2025-05-28T14:18:11","slug":"el-alto-bloqueada-la-alcaldia-en-protesta-por-falta-de-presupuesto-1017","status":"publish","type":"post","link":"https:\/\/www.eldiario.net\/portal\/2025\/05\/28\/el-alto-bloqueada-la-alcaldia-en-protesta-por-falta-de-presupuesto-1017\/","title":{"rendered":"El Alto: bloqueada la Alcald\u00eda en protesta por falta de presupuesto. (10:17)"},"content":{"rendered":"<p>Vecinos del Distrito 7 mantienen bloqueada la Alcald\u00eda central &#8216;Jach&#8217;a Uta&#8217; ubicada en la avenida Costanera entre el distribuidor El Mallku y la avenida Litoral de la ciudad de El Alto por lo que paso al tr\u00e1fico vehicular est\u00e1 interrumpido en el lugar.<\/p>\n<p><img loading=\"lazy\" decoding=\"async\" class=\"alignnone size-medium wp-image-305671\" src=\"https:\/\/www.eldiario.net\/portal\/wp-content\/uploads\/2025\/05\/fejuve-el-alto-3-28.05.25-300x225.jpg\" alt=\"\" width=\"300\" height=\"225\" \/><\/p>\n<p>La movilizaci\u00f3n, que fue convocada de forma obligatoria para presidentes, presidentas, codirectorios y bases vecinales del distrito, busca visibilizar las necesidades y problemas de la comunidad.<\/p>\n<p>Esta medida de presi\u00f3n tiene como objetivo exigir el cumplimiento de los compromisos asumidos por autoridades municipales, particularmente la asignaci\u00f3n de un presupuesto adicional para la gesti\u00f3n 2025 y la inscripci\u00f3n de proyectos en el primer reformulado presupuestario<\/p>\n","protected":false},"excerpt":{"rendered":"<p>Vecinos del Distrito 7 mantienen bloqueada la Alcald\u00eda central &#8216;Jach&#8217;a Uta&#8217; ubicada en la avenida Costanera entre el distribuidor El Mallku y la avenida Litoral de la ciudad de El Alto por lo que paso al tr\u00e1fico vehicular est\u00e1 interrumpido en el lugar. La movilizaci\u00f3n, que fue convocada de forma obligatoria para presidentes, presidentas, codirectorios [&hellip;]<\/p>\n","protected":false},"author":7,"featured_media":305670,"comment_status":"closed","ping_status":"open","sticky":false,"template":"","format":"standard","meta":{"_acf_changed":false,"footnotes":""},"categories":[51],"tags":[],"class_list":["post-305669","post","type-post","status-publish","format-standard","has-post-thumbnail","category-ultima-hora"],"acf":{"antetitulo":""},"yoast_head":"<!-- This site is optimized with the Yoast SEO plugin v28.3 - https:\/\/yoast.com\/product\/yoast-seo-wordpress\/ -->\n<title>El Alto: bloqueada la Alcald\u00eda en protesta por falta de presupuesto. (10:17) - El Diario - Bolivia<\/title>\n<meta name=\"robots\" content=\"index, follow, max-snippet:-1, max-image-preview:large, max-video-preview:-1\" \/>\n<link rel=\"canonical\" href=\"https:\/\/www.eldiario.net\/portal\/2025\/05\/28\/el-alto-bloqueada-la-alcaldia-en-protesta-por-falta-de-presupuesto-1017\/\" \/>\n<meta property=\"og:locale\" content=\"es_ES\" \/>\n<meta property=\"og:type\" content=\"article\" \/>\n<meta property=\"og:title\" content=\"El Alto: bloqueada la Alcald\u00eda en protesta por falta de presupuesto. (10:17) - El Diario - Bolivia\" \/>\n<meta property=\"og:description\" content=\"Vecinos del Distrito 7 mantienen bloqueada la Alcald\u00eda central &#8216;Jach&#8217;a Uta&#8217; ubicada en la avenida Costanera entre el distribuidor El Mallku y la avenida Litoral de la ciudad de El Alto por lo que paso al tr\u00e1fico vehicular est\u00e1 interrumpido en el lugar. La movilizaci\u00f3n, que fue convocada de forma obligatoria para presidentes, presidentas, codirectorios [&hellip;]\" \/>\n<meta property=\"og:url\" content=\"https:\/\/www.eldiario.net\/portal\/2025\/05\/28\/el-alto-bloqueada-la-alcaldia-en-protesta-por-falta-de-presupuesto-1017\/\" \/>\n<meta property=\"og:site_name\" content=\"El Diario - Bolivia\" \/>\n<meta property=\"article:publisher\" content=\"https:\/\/www.facebook.com\/eldiario.bolivia\/\" \/>\n<meta property=\"article:published_time\" content=\"2025-05-28T14:18:11+00:00\" \/>\n<meta property=\"og:image\" content=\"https:\/\/www.eldiario.net\/portal\/wp-content\/uploads\/2025\/05\/fejuveel-alto-28.05.25-e1748441758624.jpg\" \/>\n\t<meta property=\"og:image:width\" content=\"300\" \/>\n\t<meta property=\"og:image:height\" content=\"225\" \/>\n\t<meta property=\"og:image:type\" content=\"image\/jpeg\" \/>\n<meta name=\"author\" content=\"Viviana Monrroy\" \/>\n<meta name=\"twitter:card\" content=\"summary_large_image\" \/>\n<meta name=\"twitter:creator\" content=\"@eldiario_net\" \/>\n<meta name=\"twitter:site\" content=\"@eldiario_net\" \/>\n<meta name=\"twitter:label1\" content=\"Escrito por\" \/>\n\t<meta name=\"twitter:data1\" content=\"Viviana Monrroy\" \/>\n\t<meta name=\"twitter:label2\" content=\"Tiempo de lectura\" \/>\n\t<meta name=\"twitter:data2\" content=\"1 minuto\" \/>\n<script type=\"application\/ld+json\" class=\"yoast-schema-graph\">{\"@context\":\"https:\\\/\\\/schema.org\",\"@graph\":[{\"@type\":\"Article\",\"@id\":\"https:\\\/\\\/www.eldiario.net\\\/portal\\\/2025\\\/05\\\/28\\\/el-alto-bloqueada-la-alcaldia-en-protesta-por-falta-de-presupuesto-1017\\\/#article\",\"isPartOf\":{\"@id\":\"https:\\\/\\\/www.eldiario.net\\\/portal\\\/2025\\\/05\\\/28\\\/el-alto-bloqueada-la-alcaldia-en-protesta-por-falta-de-presupuesto-1017\\\/\"},\"author\":{\"name\":\"Viviana Monrroy\",\"@id\":\"https:\\\/\\\/www.eldiario.net\\\/portal\\\/#\\\/schema\\\/person\\\/ba370d92d160f4d3574381f6d9b78fab\"},\"headline\":\"El Alto: bloqueada la Alcald\u00eda en protesta por falta de presupuesto. (10:17)\",\"datePublished\":\"2025-05-28T14:18:11+00:00\",\"mainEntityOfPage\":{\"@id\":\"https:\\\/\\\/www.eldiario.net\\\/portal\\\/2025\\\/05\\\/28\\\/el-alto-bloqueada-la-alcaldia-en-protesta-por-falta-de-presupuesto-1017\\\/\"},\"wordCount\":125,\"publisher\":{\"@id\":\"https:\\\/\\\/www.eldiario.net\\\/portal\\\/#organization\"},\"image\":{\"@id\":\"https:\\\/\\\/www.eldiario.net\\\/portal\\\/2025\\\/05\\\/28\\\/el-alto-bloqueada-la-alcaldia-en-protesta-por-falta-de-presupuesto-1017\\\/#primaryimage\"},\"thumbnailUrl\":\"https:\\\/\\\/www.eldiario.net\\\/portal\\\/wp-content\\\/uploads\\\/2025\\\/05\\\/fejuveel-alto-28.05.25-e1748441758624.jpg\",\"articleSection\":[\"\u00daltima Hora\"],\"inLanguage\":\"es\"},{\"@type\":\"WebPage\",\"@id\":\"https:\\\/\\\/www.eldiario.net\\\/portal\\\/2025\\\/05\\\/28\\\/el-alto-bloqueada-la-alcaldia-en-protesta-por-falta-de-presupuesto-1017\\\/\",\"url\":\"https:\\\/\\\/www.eldiario.net\\\/portal\\\/2025\\\/05\\\/28\\\/el-alto-bloqueada-la-alcaldia-en-protesta-por-falta-de-presupuesto-1017\\\/\",\"name\":\"El Alto: bloqueada la Alcald\u00eda en protesta por falta de presupuesto. (10:17) - El Diario - Bolivia\",\"isPartOf\":{\"@id\":\"https:\\\/\\\/www.eldiario.net\\\/portal\\\/#website\"},\"primaryImageOfPage\":{\"@id\":\"https:\\\/\\\/www.eldiario.net\\\/portal\\\/2025\\\/05\\\/28\\\/el-alto-bloqueada-la-alcaldia-en-protesta-por-falta-de-presupuesto-1017\\\/#primaryimage\"},\"image\":{\"@id\":\"https:\\\/\\\/www.eldiario.net\\\/portal\\\/2025\\\/05\\\/28\\\/el-alto-bloqueada-la-alcaldia-en-protesta-por-falta-de-presupuesto-1017\\\/#primaryimage\"},\"thumbnailUrl\":\"https:\\\/\\\/www.eldiario.net\\\/portal\\\/wp-content\\\/uploads\\\/2025\\\/05\\\/fejuveel-alto-28.05.25-e1748441758624.jpg\",\"datePublished\":\"2025-05-28T14:18:11+00:00\",\"breadcrumb\":{\"@id\":\"https:\\\/\\\/www.eldiario.net\\\/portal\\\/2025\\\/05\\\/28\\\/el-alto-bloqueada-la-alcaldia-en-protesta-por-falta-de-presupuesto-1017\\\/#breadcrumb\"},\"inLanguage\":\"es\",\"potentialAction\":[{\"@type\":\"ReadAction\",\"target\":[\"https:\\\/\\\/www.eldiario.net\\\/portal\\\/2025\\\/05\\\/28\\\/el-alto-bloqueada-la-alcaldia-en-protesta-por-falta-de-presupuesto-1017\\\/\"]}]},{\"@type\":\"ImageObject\",\"inLanguage\":\"es\",\"@id\":\"https:\\\/\\\/www.eldiario.net\\\/portal\\\/2025\\\/05\\\/28\\\/el-alto-bloqueada-la-alcaldia-en-protesta-por-falta-de-presupuesto-1017\\\/#primaryimage\",\"url\":\"https:\\\/\\\/www.eldiario.net\\\/portal\\\/wp-content\\\/uploads\\\/2025\\\/05\\\/fejuveel-alto-28.05.25-e1748441758624.jpg\",\"contentUrl\":\"https:\\\/\\\/www.eldiario.net\\\/portal\\\/wp-content\\\/uploads\\\/2025\\\/05\\\/fejuveel-alto-28.05.25-e1748441758624.jpg\",\"width\":300,\"height\":225,\"caption\":\"Foto: RR.SS.\"},{\"@type\":\"BreadcrumbList\",\"@id\":\"https:\\\/\\\/www.eldiario.net\\\/portal\\\/2025\\\/05\\\/28\\\/el-alto-bloqueada-la-alcaldia-en-protesta-por-falta-de-presupuesto-1017\\\/#breadcrumb\",\"itemListElement\":[{\"@type\":\"ListItem\",\"position\":1,\"name\":\"Portada\",\"item\":\"https:\\\/\\\/www.eldiario.net\\\/portal\\\/\"},{\"@type\":\"ListItem\",\"position\":2,\"name\":\"El Alto: bloqueada la Alcald\u00eda en protesta por falta de presupuesto. (10:17)\"}]},{\"@type\":\"WebSite\",\"@id\":\"https:\\\/\\\/www.eldiario.net\\\/portal\\\/#website\",\"url\":\"https:\\\/\\\/www.eldiario.net\\\/portal\\\/\",\"name\":\"El Diario - Decano de la prensa nacional\",\"description\":\"El Diario - Decano de la prensa nacional\",\"publisher\":{\"@id\":\"https:\\\/\\\/www.eldiario.net\\\/portal\\\/#organization\"},\"potentialAction\":[{\"@type\":\"SearchAction\",\"target\":{\"@type\":\"EntryPoint\",\"urlTemplate\":\"https:\\\/\\\/www.eldiario.net\\\/portal\\\/?s={search_term_string}\"},\"query-input\":{\"@type\":\"PropertyValueSpecification\",\"valueRequired\":true,\"valueName\":\"search_term_string\"}}],\"inLanguage\":\"es\"},{\"@type\":\"Organization\",\"@id\":\"https:\\\/\\\/www.eldiario.net\\\/portal\\\/#organization\",\"name\":\"El Diario - Decano de la prensa nacional\",\"url\":\"https:\\\/\\\/www.eldiario.net\\\/portal\\\/\",\"logo\":{\"@type\":\"ImageObject\",\"inLanguage\":\"es\",\"@id\":\"https:\\\/\\\/www.eldiario.net\\\/portal\\\/#\\\/schema\\\/logo\\\/image\\\/\",\"url\":\"https:\\\/\\\/www.eldiario.net\\\/portal\\\/wp-content\\\/uploads\\\/2023\\\/07\\\/logo_ED.jpg\",\"contentUrl\":\"https:\\\/\\\/www.eldiario.net\\\/portal\\\/wp-content\\\/uploads\\\/2023\\\/07\\\/logo_ED.jpg\",\"width\":272,\"height\":52,\"caption\":\"El Diario - Decano de la prensa nacional\"},\"image\":{\"@id\":\"https:\\\/\\\/www.eldiario.net\\\/portal\\\/#\\\/schema\\\/logo\\\/image\\\/\"},\"sameAs\":[\"https:\\\/\\\/www.facebook.com\\\/eldiario.bolivia\\\/\",\"https:\\\/\\\/x.com\\\/eldiario_net\"]},{\"@type\":\"Person\",\"@id\":\"https:\\\/\\\/www.eldiario.net\\\/portal\\\/#\\\/schema\\\/person\\\/ba370d92d160f4d3574381f6d9b78fab\",\"name\":\"Viviana Monrroy\",\"image\":{\"@type\":\"ImageObject\",\"inLanguage\":\"es\",\"@id\":\"https:\\\/\\\/secure.gravatar.com\\\/avatar\\\/dfd1611ed5600959a0e5a9754503b6c05d1dcf190010998e0363aee2ad98afca?s=96&d=mm&r=g\",\"url\":\"https:\\\/\\\/secure.gravatar.com\\\/avatar\\\/dfd1611ed5600959a0e5a9754503b6c05d1dcf190010998e0363aee2ad98afca?s=96&d=mm&r=g\",\"contentUrl\":\"https:\\\/\\\/secure.gravatar.com\\\/avatar\\\/dfd1611ed5600959a0e5a9754503b6c05d1dcf190010998e0363aee2ad98afca?s=96&d=mm&r=g\",\"caption\":\"Viviana Monrroy\"},\"sameAs\":[\"http:\\\/\\\/www.eldiario.net\"],\"url\":\"https:\\\/\\\/www.eldiario.net\\\/portal\\\/author\\\/vivianamonrroy\\\/\"}]}<\/script>\n<!-- \/ Yoast SEO plugin. -->","yoast_head_json":{"title":"El Alto: bloqueada la Alcald\u00eda en protesta por falta de presupuesto. (10:17) - El Diario - Bolivia","robots":{"index":"index","follow":"follow","max-snippet":"max-snippet:-1","max-image-preview":"max-image-preview:large","max-video-preview":"max-video-preview:-1"},"canonical":"https:\/\/www.eldiario.net\/portal\/2025\/05\/28\/el-alto-bloqueada-la-alcaldia-en-protesta-por-falta-de-presupuesto-1017\/","og_locale":"es_ES","og_type":"article","og_title":"El Alto: bloqueada la Alcald\u00eda en protesta por falta de presupuesto. (10:17) - El Diario - Bolivia","og_description":"Vecinos del Distrito 7 mantienen bloqueada la Alcald\u00eda central &#8216;Jach&#8217;a Uta&#8217; ubicada en la avenida Costanera entre el distribuidor El Mallku y la avenida Litoral de la ciudad de El Alto por lo que paso al tr\u00e1fico vehicular est\u00e1 interrumpido en el lugar. La movilizaci\u00f3n, que fue convocada de forma obligatoria para presidentes, presidentas, codirectorios [&hellip;]","og_url":"https:\/\/www.eldiario.net\/portal\/2025\/05\/28\/el-alto-bloqueada-la-alcaldia-en-protesta-por-falta-de-presupuesto-1017\/","og_site_name":"El Diario - Bolivia","article_publisher":"https:\/\/www.facebook.com\/eldiario.bolivia\/","article_published_time":"2025-05-28T14:18:11+00:00","og_image":[{"width":300,"height":225,"url":"https:\/\/www.eldiario.net\/portal\/wp-content\/uploads\/2025\/05\/fejuveel-alto-28.05.25-e1748441758624.jpg","type":"image\/jpeg"}],"author":"Viviana Monrroy","twitter_card":"summary_large_image","twitter_creator":"@eldiario_net","twitter_site":"@eldiario_net","twitter_misc":{"Escrito por":"Viviana Monrroy","Tiempo de lectura":"1 minuto"},"schema":{"@context":"https:\/\/schema.org","@graph":[{"@type":"Article","@id":"https:\/\/www.eldiario.net\/portal\/2025\/05\/28\/el-alto-bloqueada-la-alcaldia-en-protesta-por-falta-de-presupuesto-1017\/#article","isPartOf":{"@id":"https:\/\/www.eldiario.net\/portal\/2025\/05\/28\/el-alto-bloqueada-la-alcaldia-en-protesta-por-falta-de-presupuesto-1017\/"},"author":{"name":"Viviana Monrroy","@id":"https:\/\/www.eldiario.net\/portal\/#\/schema\/person\/ba370d92d160f4d3574381f6d9b78fab"},"headline":"El Alto: bloqueada la Alcald\u00eda en protesta por falta de presupuesto. (10:17)","datePublished":"2025-05-28T14:18:11+00:00","mainEntityOfPage":{"@id":"https:\/\/www.eldiario.net\/portal\/2025\/05\/28\/el-alto-bloqueada-la-alcaldia-en-protesta-por-falta-de-presupuesto-1017\/"},"wordCount":125,"publisher":{"@id":"https:\/\/www.eldiario.net\/portal\/#organization"},"image":{"@id":"https:\/\/www.eldiario.net\/portal\/2025\/05\/28\/el-alto-bloqueada-la-alcaldia-en-protesta-por-falta-de-presupuesto-1017\/#primaryimage"},"thumbnailUrl":"https:\/\/www.eldiario.net\/portal\/wp-content\/uploads\/2025\/05\/fejuveel-alto-28.05.25-e1748441758624.jpg","articleSection":["\u00daltima Hora"],"inLanguage":"es"},{"@type":"WebPage","@id":"https:\/\/www.eldiario.net\/portal\/2025\/05\/28\/el-alto-bloqueada-la-alcaldia-en-protesta-por-falta-de-presupuesto-1017\/","url":"https:\/\/www.eldiario.net\/portal\/2025\/05\/28\/el-alto-bloqueada-la-alcaldia-en-protesta-por-falta-de-presupuesto-1017\/","name":"El Alto: bloqueada la Alcald\u00eda en protesta por falta de presupuesto. (10:17) - El Diario - Bolivia","isPartOf":{"@id":"https:\/\/www.eldiario.net\/portal\/#website"},"primaryImageOfPage":{"@id":"https:\/\/www.eldiario.net\/portal\/2025\/05\/28\/el-alto-bloqueada-la-alcaldia-en-protesta-por-falta-de-presupuesto-1017\/#primaryimage"},"image":{"@id":"https:\/\/www.eldiario.net\/portal\/2025\/05\/28\/el-alto-bloqueada-la-alcaldia-en-protesta-por-falta-de-presupuesto-1017\/#primaryimage"},"thumbnailUrl":"https:\/\/www.eldiario.net\/portal\/wp-content\/uploads\/2025\/05\/fejuveel-alto-28.05.25-e1748441758624.jpg","datePublished":"2025-05-28T14:18:11+00:00","breadcrumb":{"@id":"https:\/\/www.eldiario.net\/portal\/2025\/05\/28\/el-alto-bloqueada-la-alcaldia-en-protesta-por-falta-de-presupuesto-1017\/#breadcrumb"},"inLanguage":"es","potentialAction":[{"@type":"ReadAction","target":["https:\/\/www.eldiario.net\/portal\/2025\/05\/28\/el-alto-bloqueada-la-alcaldia-en-protesta-por-falta-de-presupuesto-1017\/"]}]},{"@type":"ImageObject","inLanguage":"es","@id":"https:\/\/www.eldiario.net\/portal\/2025\/05\/28\/el-alto-bloqueada-la-alcaldia-en-protesta-por-falta-de-presupuesto-1017\/#primaryimage","url":"https:\/\/www.eldiario.net\/portal\/wp-content\/uploads\/2025\/05\/fejuveel-alto-28.05.25-e1748441758624.jpg","contentUrl":"https:\/\/www.eldiario.net\/portal\/wp-content\/uploads\/2025\/05\/fejuveel-alto-28.05.25-e1748441758624.jpg","width":300,"height":225,"caption":"Foto: RR.SS."},{"@type":"BreadcrumbList","@id":"https:\/\/www.eldiario.net\/portal\/2025\/05\/28\/el-alto-bloqueada-la-alcaldia-en-protesta-por-falta-de-presupuesto-1017\/#breadcrumb","itemListElement":[{"@type":"ListItem","position":1,"name":"Portada","item":"https:\/\/www.eldiario.net\/portal\/"},{"@type":"ListItem","position":2,"name":"El Alto: bloqueada la Alcald\u00eda en protesta por falta de presupuesto. (10:17)"}]},{"@type":"WebSite","@id":"https:\/\/www.eldiario.net\/portal\/#website","url":"https:\/\/www.eldiario.net\/portal\/","name":"El Diario - Decano de la prensa nacional","description":"El Diario - Decano de la prensa nacional","publisher":{"@id":"https:\/\/www.eldiario.net\/portal\/#organization"},"potentialAction":[{"@type":"SearchAction","target":{"@type":"EntryPoint","urlTemplate":"https:\/\/www.eldiario.net\/portal\/?s={search_term_string}"},"query-input":{"@type":"PropertyValueSpecification","valueRequired":true,"valueName":"search_term_string"}}],"inLanguage":"es"},{"@type":"Organization","@id":"https:\/\/www.eldiario.net\/portal\/#organization","name":"El Diario - Decano de la prensa nacional","url":"https:\/\/www.eldiario.net\/portal\/","logo":{"@type":"ImageObject","inLanguage":"es","@id":"https:\/\/www.eldiario.net\/portal\/#\/schema\/logo\/image\/","url":"https:\/\/www.eldiario.net\/portal\/wp-content\/uploads\/2023\/07\/logo_ED.jpg","contentUrl":"https:\/\/www.eldiario.net\/portal\/wp-content\/uploads\/2023\/07\/logo_ED.jpg","width":272,"height":52,"caption":"El Diario - Decano de la prensa nacional"},"image":{"@id":"https:\/\/www.eldiario.net\/portal\/#\/schema\/logo\/image\/"},"sameAs":["https:\/\/www.facebook.com\/eldiario.bolivia\/","https:\/\/x.com\/eldiario_net"]},{"@type":"Person","@id":"https:\/\/www.eldiario.net\/portal\/#\/schema\/person\/ba370d92d160f4d3574381f6d9b78fab","name":"Viviana Monrroy","image":{"@type":"ImageObject","inLanguage":"es","@id":"https:\/\/secure.gravatar.com\/avatar\/dfd1611ed5600959a0e5a9754503b6c05d1dcf190010998e0363aee2ad98afca?s=96&d=mm&r=g","url":"https:\/\/secure.gravatar.com\/avatar\/dfd1611ed5600959a0e5a9754503b6c05d1dcf190010998e0363aee2ad98afca?s=96&d=mm&r=g","contentUrl":"https:\/\/secure.gravatar.com\/avatar\/dfd1611ed5600959a0e5a9754503b6c05d1dcf190010998e0363aee2ad98afca?s=96&d=mm&r=g","caption":"Viviana Monrroy"},"sameAs":["http:\/\/www.eldiario.net"],"url":"https:\/\/www.eldiario.net\/portal\/author\/vivianamonrroy\/"}]}},"_links":{"self":[{"href":"https:\/\/www.eldiario.net\/portal\/wp-json\/wp\/v2\/posts\/305669","targetHints":{"allow":["GET"]}}],"collection":[{"href":"https:\/\/www.eldiario.net\/portal\/wp-json\/wp\/v2\/posts"}],"about":[{"href":"https:\/\/www.eldiario.net\/portal\/wp-json\/wp\/v2\/types\/post"}],"author":[{"embeddable":true,"href":"https:\/\/www.eldiario.net\/portal\/wp-json\/wp\/v2\/users\/7"}],"replies":[{"embeddable":true,"href":"https:\/\/www.eldiario.net\/portal\/wp-json\/wp\/v2\/comments?post=305669"}],"version-history":[{"count":1,"href":"https:\/\/www.eldiario.net\/portal\/wp-json\/wp\/v2\/posts\/305669\/revisions"}],"predecessor-version":[{"id":305672,"href":"https:\/\/www.eldiario.net\/portal\/wp-json\/wp\/v2\/posts\/305669\/revisions\/305672"}],"wp:featuredmedia":[{"embeddable":true,"href":"https:\/\/www.eldiario.net\/portal\/wp-json\/wp\/v2\/media\/305670"}],"wp:attachment":[{"href":"https:\/\/www.eldiario.net\/portal\/wp-json\/wp\/v2\/media?parent=305669"}],"wp:term":[{"taxonomy":"category","embeddable":true,"href":"https:\/\/www.eldiario.net\/portal\/wp-json\/wp\/v2\/categories?post=305669"},{"taxonomy":"post_tag","embeddable":true,"href":"https:\/\/www.eldiario.net\/portal\/wp-json\/wp\/v2\/tags?post=305669"}],"curies":[{"name":"wp","href":"https:\/\/api.w.org\/{rel}","templated":true}]}}