{"id":305627,"date":"2025-05-28T06:20:29","date_gmt":"2025-05-28T10:20:29","guid":{"rendered":"https:\/\/www.eldiario.net\/portal\/?p=305627"},"modified":"2025-05-28T06:20:29","modified_gmt":"2025-05-28T10:20:29","slug":"inchcape-impulsa-la-movilidad-sostenible-en-americas","status":"publish","type":"post","link":"https:\/\/www.eldiario.net\/portal\/2025\/05\/28\/inchcape-impulsa-la-movilidad-sostenible-en-americas\/","title":{"rendered":"Inchcape Impulsa la Movilidad Sostenible en Am\u00e9ricas"},"content":{"rendered":"<p>Inchcape plc, el principal distribuidor automotriz independiente a nivel global, acaba de publicar su Reporte de Sostenibilidad 2024, reafirmando su compromiso con la aceleraci\u00f3n de la transici\u00f3n hacia una movilidad m\u00e1s sostenible, inclusiva y duradera. En esta edici\u00f3n, se destaca especialmente el progreso de la regi\u00f3n Am\u00e9ricas -que incluye a Bolivia, a trav\u00e9s de Imcruz &#8211; Inchcape Bolivia-, que ha desempe\u00f1ado un rol fundamental en la localizaci\u00f3n de la estrategia global de sostenibilidad, con resultados concretos en electrificaci\u00f3n, reducci\u00f3n de emisiones e impacto social.<\/p>\n<p>La industria automotriz atraviesa una transformaci\u00f3n sin precedentes. En este contexto, el Marco de Sostenibilidad de Inchcape, parte central de su estrategia Accelerate+, establece una visi\u00f3n clara: facilitar la movilidad del futuro a trav\u00e9s de soluciones que respondan a los desaf\u00edos globales, pero tambi\u00e9n a las realidades locales. La sostenibilidad es hoy un componente estrat\u00e9gico que impulsa la eficiencia operativa, mejora la competitividad y fortalece las alianzas con OEMs y socios clave en cada mercado.<\/p>\n<p>A nivel global, Inchcape opera en 38 mercados y ha consolidado su posici\u00f3n como un actor clave en la transformaci\u00f3n de la industria, combinando experiencia local con capacidades digitales avanzadas. El nuevo marco de sostenibilidad refuerza el compromiso del grupo con una movilidad que no solo sea baja en emisiones, sino tambi\u00e9n inclusiva y adaptada a los contextos locales. La compa\u00f1\u00eda se ha fijado como meta reducir en 46% sus emisiones absolutas de Alcance 1 y 2 al 2030, y alcanzar la neutralidad en carbono al 2040.<\/p>\n<p>Durante 2024, la regi\u00f3n Am\u00e9ricas represent\u00f3 el 37% de los ingresos globales del grupo y el 46% del beneficio antes de impuestos, consolidando su posici\u00f3n como motor clave del negocio global. Este desempe\u00f1o econ\u00f3mico fue acompa\u00f1ado de avances sustantivos en los cuatro pilares del marco de sostenibilidad de Inchcape: Planeta, Personas, Lugares y Pr\u00e1cticas.<\/p>\n<p>\u00abLa industria automotriz vive una transformaci\u00f3n marcada por el avance acelerado de nuevas tecnolog\u00edas, un ecosistema OEM en evoluci\u00f3n constante y marcos regulatorios cada vez m\u00e1s exigentes. En este escenario, la necesidad de una transici\u00f3n global hacia la movilidad sostenible se vuelve m\u00e1s urgente que nunca. Desde Inchcape Am\u00e9ricas, asumimos este desaf\u00edo con fuerza, impulsando soluciones locales que conectan esta visi\u00f3n global con las necesidades concretas de nuestras comunidades. La sostenibilidad no es solo una aspiraci\u00f3n: es una v\u00eda para generar valor econ\u00f3mico, ambiental y social, hoy y hacia el futuro\u00bb, se\u00f1ala Mike Bowers, CEO de Inchcape Am\u00e9ricas<\/p>\n<p><strong>Hitos y avances en Am\u00e9ricas<\/strong><\/p>\n<p>Entre los principales avances de sostenibilidad en la regi\u00f3n durante 2024 se destacan los siguientes hitos:<\/p>\n<p>&#8211; Reducci\u00f3n del 9% en emisiones de CO\u2082 en operaciones, en l\u00ednea con el objetivo global de reducir 46% las emisiones absolutas de Alcance 1 y 2 al 2030.<\/p>\n<p>&#8211; Introducci\u00f3n de 30 nuevos modelos BEV y 25 NEV en mercados clave, ampliando la oferta de tecnolog\u00edas limpias.<\/p>\n<p>&#8211; M\u00e1s del 70% de los mercados de la regi\u00f3n cuentan hoy con oferta activa de veh\u00edculos de nuevas energ\u00edas.<\/p>\n<p>&#8211; Inchcape Am\u00e9ricas comercializ\u00f3 109 modelos NEV durante 2024 y alcanz\u00f3 un market share regional de 17% en este segmento, con cifras destacadas como el 76% en Bolivia, 44% en Chile, 27% en Per\u00fa y 16% en Colombia.<\/p>\n<p>&#8211; Desde 2022, el portafolio NEV de Inchcape se cuadruplic\u00f3, pasando de 59 a 278 versiones disponibles.<\/p>\n<p>&#8211; Durante 2024, las ventas de BEV de Inchcape se duplicaron respecto al a\u00f1o anterior, consolidando su liderazgo en la transici\u00f3n energ\u00e9tica del sector.<\/p>\n<p>&#8211; Programa de formaci\u00f3n t\u00e9cnica para mujeres en Uruguay, promoviendo la inclusi\u00f3n laboral en electromec\u00e1nica.<\/p>\n<p>&#8211; Implementaci\u00f3n de cuestionarios de sostenibilidad a proveedores y adopci\u00f3n de la Pol\u00edtica de Puertas Abiertas en toda la regi\u00f3n, fortaleciendo la transparencia y gobernanza.<\/p>\n<p>\u00abEstos resultados no solo reflejan el compromiso de nuestros equipos, sino tambi\u00e9n la capacidad de la regi\u00f3n para liderar la movilidad sostenible con soluciones adaptadas a cada mercado. El futuro ya est\u00e1 en marcha, y nuestra meta es seguir profundizando este impacto con foco en innovaci\u00f3n, inclusi\u00f3n y alianzas estrat\u00e9gicas\u00bb, concluye Bowers.<\/p>\n","protected":false},"excerpt":{"rendered":"<p>Inchcape plc, el principal distribuidor automotriz independiente a nivel global, acaba de publicar su Reporte de Sostenibilidad 2024, reafirmando su compromiso con la aceleraci\u00f3n de la transici\u00f3n hacia una movilidad m\u00e1s sostenible, inclusiva y duradera. En esta edici\u00f3n, se destaca especialmente el progreso de la regi\u00f3n Am\u00e9ricas -que incluye a Bolivia, a trav\u00e9s de Imcruz [&hellip;]<\/p>\n","protected":false},"author":1,"featured_media":305628,"comment_status":"closed","ping_status":"open","sticky":false,"template":"","format":"standard","meta":{"_acf_changed":false,"footnotes":""},"categories":[42],"tags":[],"class_list":["post-305627","post","type-post","status-publish","format-standard","has-post-thumbnail","category-femenina"],"acf":{"antetitulo":"Negocio responsable"},"yoast_head":"<!-- This site is optimized with the Yoast SEO plugin v28.3 - https:\/\/yoast.com\/product\/yoast-seo-wordpress\/ -->\n<title>Inchcape Impulsa la Movilidad Sostenible en Am\u00e9ricas - El Diario - Bolivia<\/title>\n<meta name=\"robots\" content=\"index, follow, max-snippet:-1, max-image-preview:large, max-video-preview:-1\" \/>\n<link rel=\"canonical\" href=\"https:\/\/www.eldiario.net\/portal\/2025\/05\/28\/inchcape-impulsa-la-movilidad-sostenible-en-americas\/\" \/>\n<meta property=\"og:locale\" content=\"es_ES\" \/>\n<meta property=\"og:type\" content=\"article\" \/>\n<meta property=\"og:title\" content=\"Inchcape Impulsa la Movilidad Sostenible en Am\u00e9ricas - El Diario - Bolivia\" \/>\n<meta property=\"og:description\" content=\"Inchcape plc, el principal distribuidor automotriz independiente a nivel global, acaba de publicar su Reporte de Sostenibilidad 2024, reafirmando su compromiso con la aceleraci\u00f3n de la transici\u00f3n hacia una movilidad m\u00e1s sostenible, inclusiva y duradera. En esta edici\u00f3n, se destaca especialmente el progreso de la regi\u00f3n Am\u00e9ricas -que incluye a Bolivia, a trav\u00e9s de Imcruz [&hellip;]\" \/>\n<meta property=\"og:url\" content=\"https:\/\/www.eldiario.net\/portal\/2025\/05\/28\/inchcape-impulsa-la-movilidad-sostenible-en-americas\/\" \/>\n<meta property=\"og:site_name\" content=\"El Diario - Bolivia\" \/>\n<meta property=\"article:publisher\" content=\"https:\/\/www.facebook.com\/eldiario.bolivia\/\" \/>\n<meta property=\"article:published_time\" content=\"2025-05-28T10:20:29+00:00\" \/>\n<meta property=\"og:image\" content=\"https:\/\/www.eldiario.net\/portal\/wp-content\/uploads\/2025\/05\/NOTA-5-FOTO-2.jpg\" \/>\n\t<meta property=\"og:image:width\" content=\"1000\" \/>\n\t<meta property=\"og:image:height\" content=\"665\" \/>\n\t<meta property=\"og:image:type\" content=\"image\/jpeg\" \/>\n<meta name=\"author\" content=\"Jeanette\" \/>\n<meta name=\"twitter:card\" content=\"summary_large_image\" \/>\n<meta name=\"twitter:creator\" content=\"@eldiario_net\" \/>\n<meta name=\"twitter:site\" content=\"@eldiario_net\" \/>\n<meta name=\"twitter:label1\" content=\"Escrito por\" \/>\n\t<meta name=\"twitter:data1\" content=\"Jeanette\" \/>\n\t<meta name=\"twitter:label2\" content=\"Tiempo de lectura\" \/>\n\t<meta name=\"twitter:data2\" content=\"4 minutos\" \/>\n<script type=\"application\/ld+json\" class=\"yoast-schema-graph\">{\"@context\":\"https:\\\/\\\/schema.org\",\"@graph\":[{\"@type\":\"Article\",\"@id\":\"https:\\\/\\\/www.eldiario.net\\\/portal\\\/2025\\\/05\\\/28\\\/inchcape-impulsa-la-movilidad-sostenible-en-americas\\\/#article\",\"isPartOf\":{\"@id\":\"https:\\\/\\\/www.eldiario.net\\\/portal\\\/2025\\\/05\\\/28\\\/inchcape-impulsa-la-movilidad-sostenible-en-americas\\\/\"},\"author\":{\"name\":\"Jeanette\",\"@id\":\"https:\\\/\\\/www.eldiario.net\\\/portal\\\/#\\\/schema\\\/person\\\/f46445640444750d7d753ccd04ae01b7\"},\"headline\":\"Inchcape Impulsa la Movilidad Sostenible en Am\u00e9ricas\",\"datePublished\":\"2025-05-28T10:20:29+00:00\",\"mainEntityOfPage\":{\"@id\":\"https:\\\/\\\/www.eldiario.net\\\/portal\\\/2025\\\/05\\\/28\\\/inchcape-impulsa-la-movilidad-sostenible-en-americas\\\/\"},\"wordCount\":705,\"publisher\":{\"@id\":\"https:\\\/\\\/www.eldiario.net\\\/portal\\\/#organization\"},\"image\":{\"@id\":\"https:\\\/\\\/www.eldiario.net\\\/portal\\\/2025\\\/05\\\/28\\\/inchcape-impulsa-la-movilidad-sostenible-en-americas\\\/#primaryimage\"},\"thumbnailUrl\":\"https:\\\/\\\/www.eldiario.net\\\/portal\\\/wp-content\\\/uploads\\\/2025\\\/05\\\/NOTA-5-FOTO-2.jpg\",\"articleSection\":[\"Femenina\"],\"inLanguage\":\"es\"},{\"@type\":\"WebPage\",\"@id\":\"https:\\\/\\\/www.eldiario.net\\\/portal\\\/2025\\\/05\\\/28\\\/inchcape-impulsa-la-movilidad-sostenible-en-americas\\\/\",\"url\":\"https:\\\/\\\/www.eldiario.net\\\/portal\\\/2025\\\/05\\\/28\\\/inchcape-impulsa-la-movilidad-sostenible-en-americas\\\/\",\"name\":\"Inchcape Impulsa la Movilidad Sostenible en Am\u00e9ricas - El Diario - Bolivia\",\"isPartOf\":{\"@id\":\"https:\\\/\\\/www.eldiario.net\\\/portal\\\/#website\"},\"primaryImageOfPage\":{\"@id\":\"https:\\\/\\\/www.eldiario.net\\\/portal\\\/2025\\\/05\\\/28\\\/inchcape-impulsa-la-movilidad-sostenible-en-americas\\\/#primaryimage\"},\"image\":{\"@id\":\"https:\\\/\\\/www.eldiario.net\\\/portal\\\/2025\\\/05\\\/28\\\/inchcape-impulsa-la-movilidad-sostenible-en-americas\\\/#primaryimage\"},\"thumbnailUrl\":\"https:\\\/\\\/www.eldiario.net\\\/portal\\\/wp-content\\\/uploads\\\/2025\\\/05\\\/NOTA-5-FOTO-2.jpg\",\"datePublished\":\"2025-05-28T10:20:29+00:00\",\"breadcrumb\":{\"@id\":\"https:\\\/\\\/www.eldiario.net\\\/portal\\\/2025\\\/05\\\/28\\\/inchcape-impulsa-la-movilidad-sostenible-en-americas\\\/#breadcrumb\"},\"inLanguage\":\"es\",\"potentialAction\":[{\"@type\":\"ReadAction\",\"target\":[\"https:\\\/\\\/www.eldiario.net\\\/portal\\\/2025\\\/05\\\/28\\\/inchcape-impulsa-la-movilidad-sostenible-en-americas\\\/\"]}]},{\"@type\":\"ImageObject\",\"inLanguage\":\"es\",\"@id\":\"https:\\\/\\\/www.eldiario.net\\\/portal\\\/2025\\\/05\\\/28\\\/inchcape-impulsa-la-movilidad-sostenible-en-americas\\\/#primaryimage\",\"url\":\"https:\\\/\\\/www.eldiario.net\\\/portal\\\/wp-content\\\/uploads\\\/2025\\\/05\\\/NOTA-5-FOTO-2.jpg\",\"contentUrl\":\"https:\\\/\\\/www.eldiario.net\\\/portal\\\/wp-content\\\/uploads\\\/2025\\\/05\\\/NOTA-5-FOTO-2.jpg\",\"width\":1000,\"height\":665,\"caption\":\"INCHAPE IMPULSA LA MOVILIDAD SOSTENIBLE EN AM\u00c9RICAS.\"},{\"@type\":\"BreadcrumbList\",\"@id\":\"https:\\\/\\\/www.eldiario.net\\\/portal\\\/2025\\\/05\\\/28\\\/inchcape-impulsa-la-movilidad-sostenible-en-americas\\\/#breadcrumb\",\"itemListElement\":[{\"@type\":\"ListItem\",\"position\":1,\"name\":\"Portada\",\"item\":\"https:\\\/\\\/www.eldiario.net\\\/portal\\\/\"},{\"@type\":\"ListItem\",\"position\":2,\"name\":\"Inchcape Impulsa la Movilidad Sostenible en Am\u00e9ricas\"}]},{\"@type\":\"WebSite\",\"@id\":\"https:\\\/\\\/www.eldiario.net\\\/portal\\\/#website\",\"url\":\"https:\\\/\\\/www.eldiario.net\\\/portal\\\/\",\"name\":\"El Diario - Decano de la prensa nacional\",\"description\":\"El Diario - Decano de la prensa nacional\",\"publisher\":{\"@id\":\"https:\\\/\\\/www.eldiario.net\\\/portal\\\/#organization\"},\"potentialAction\":[{\"@type\":\"SearchAction\",\"target\":{\"@type\":\"EntryPoint\",\"urlTemplate\":\"https:\\\/\\\/www.eldiario.net\\\/portal\\\/?s={search_term_string}\"},\"query-input\":{\"@type\":\"PropertyValueSpecification\",\"valueRequired\":true,\"valueName\":\"search_term_string\"}}],\"inLanguage\":\"es\"},{\"@type\":\"Organization\",\"@id\":\"https:\\\/\\\/www.eldiario.net\\\/portal\\\/#organization\",\"name\":\"El Diario - Decano de la prensa nacional\",\"url\":\"https:\\\/\\\/www.eldiario.net\\\/portal\\\/\",\"logo\":{\"@type\":\"ImageObject\",\"inLanguage\":\"es\",\"@id\":\"https:\\\/\\\/www.eldiario.net\\\/portal\\\/#\\\/schema\\\/logo\\\/image\\\/\",\"url\":\"https:\\\/\\\/www.eldiario.net\\\/portal\\\/wp-content\\\/uploads\\\/2023\\\/07\\\/logo_ED.jpg\",\"contentUrl\":\"https:\\\/\\\/www.eldiario.net\\\/portal\\\/wp-content\\\/uploads\\\/2023\\\/07\\\/logo_ED.jpg\",\"width\":272,\"height\":52,\"caption\":\"El Diario - Decano de la prensa nacional\"},\"image\":{\"@id\":\"https:\\\/\\\/www.eldiario.net\\\/portal\\\/#\\\/schema\\\/logo\\\/image\\\/\"},\"sameAs\":[\"https:\\\/\\\/www.facebook.com\\\/eldiario.bolivia\\\/\",\"https:\\\/\\\/x.com\\\/eldiario_net\"]},{\"@type\":\"Person\",\"@id\":\"https:\\\/\\\/www.eldiario.net\\\/portal\\\/#\\\/schema\\\/person\\\/f46445640444750d7d753ccd04ae01b7\",\"name\":\"Jeanette\",\"image\":{\"@type\":\"ImageObject\",\"inLanguage\":\"es\",\"@id\":\"https:\\\/\\\/secure.gravatar.com\\\/avatar\\\/3ea2118a5f7dad2b7138b1187a6b7ee55f160b9968b66013c3a3ef39dd7e5798?s=96&d=mm&r=g\",\"url\":\"https:\\\/\\\/secure.gravatar.com\\\/avatar\\\/3ea2118a5f7dad2b7138b1187a6b7ee55f160b9968b66013c3a3ef39dd7e5798?s=96&d=mm&r=g\",\"contentUrl\":\"https:\\\/\\\/secure.gravatar.com\\\/avatar\\\/3ea2118a5f7dad2b7138b1187a6b7ee55f160b9968b66013c3a3ef39dd7e5798?s=96&d=mm&r=g\",\"caption\":\"Jeanette\"},\"sameAs\":[\"https:\\\/\\\/www.eldiario.net\\\/portal\"],\"url\":\"https:\\\/\\\/www.eldiario.net\\\/portal\\\/author\\\/jeanette\\\/\"}]}<\/script>\n<!-- \/ Yoast SEO plugin. -->","yoast_head_json":{"title":"Inchcape Impulsa la Movilidad Sostenible en Am\u00e9ricas - El Diario - Bolivia","robots":{"index":"index","follow":"follow","max-snippet":"max-snippet:-1","max-image-preview":"max-image-preview:large","max-video-preview":"max-video-preview:-1"},"canonical":"https:\/\/www.eldiario.net\/portal\/2025\/05\/28\/inchcape-impulsa-la-movilidad-sostenible-en-americas\/","og_locale":"es_ES","og_type":"article","og_title":"Inchcape Impulsa la Movilidad Sostenible en Am\u00e9ricas - El Diario - Bolivia","og_description":"Inchcape plc, el principal distribuidor automotriz independiente a nivel global, acaba de publicar su Reporte de Sostenibilidad 2024, reafirmando su compromiso con la aceleraci\u00f3n de la transici\u00f3n hacia una movilidad m\u00e1s sostenible, inclusiva y duradera. En esta edici\u00f3n, se destaca especialmente el progreso de la regi\u00f3n Am\u00e9ricas -que incluye a Bolivia, a trav\u00e9s de Imcruz [&hellip;]","og_url":"https:\/\/www.eldiario.net\/portal\/2025\/05\/28\/inchcape-impulsa-la-movilidad-sostenible-en-americas\/","og_site_name":"El Diario - Bolivia","article_publisher":"https:\/\/www.facebook.com\/eldiario.bolivia\/","article_published_time":"2025-05-28T10:20:29+00:00","og_image":[{"width":1000,"height":665,"url":"https:\/\/www.eldiario.net\/portal\/wp-content\/uploads\/2025\/05\/NOTA-5-FOTO-2.jpg","type":"image\/jpeg"}],"author":"Jeanette","twitter_card":"summary_large_image","twitter_creator":"@eldiario_net","twitter_site":"@eldiario_net","twitter_misc":{"Escrito por":"Jeanette","Tiempo de lectura":"4 minutos"},"schema":{"@context":"https:\/\/schema.org","@graph":[{"@type":"Article","@id":"https:\/\/www.eldiario.net\/portal\/2025\/05\/28\/inchcape-impulsa-la-movilidad-sostenible-en-americas\/#article","isPartOf":{"@id":"https:\/\/www.eldiario.net\/portal\/2025\/05\/28\/inchcape-impulsa-la-movilidad-sostenible-en-americas\/"},"author":{"name":"Jeanette","@id":"https:\/\/www.eldiario.net\/portal\/#\/schema\/person\/f46445640444750d7d753ccd04ae01b7"},"headline":"Inchcape Impulsa la Movilidad Sostenible en Am\u00e9ricas","datePublished":"2025-05-28T10:20:29+00:00","mainEntityOfPage":{"@id":"https:\/\/www.eldiario.net\/portal\/2025\/05\/28\/inchcape-impulsa-la-movilidad-sostenible-en-americas\/"},"wordCount":705,"publisher":{"@id":"https:\/\/www.eldiario.net\/portal\/#organization"},"image":{"@id":"https:\/\/www.eldiario.net\/portal\/2025\/05\/28\/inchcape-impulsa-la-movilidad-sostenible-en-americas\/#primaryimage"},"thumbnailUrl":"https:\/\/www.eldiario.net\/portal\/wp-content\/uploads\/2025\/05\/NOTA-5-FOTO-2.jpg","articleSection":["Femenina"],"inLanguage":"es"},{"@type":"WebPage","@id":"https:\/\/www.eldiario.net\/portal\/2025\/05\/28\/inchcape-impulsa-la-movilidad-sostenible-en-americas\/","url":"https:\/\/www.eldiario.net\/portal\/2025\/05\/28\/inchcape-impulsa-la-movilidad-sostenible-en-americas\/","name":"Inchcape Impulsa la Movilidad Sostenible en Am\u00e9ricas - El Diario - Bolivia","isPartOf":{"@id":"https:\/\/www.eldiario.net\/portal\/#website"},"primaryImageOfPage":{"@id":"https:\/\/www.eldiario.net\/portal\/2025\/05\/28\/inchcape-impulsa-la-movilidad-sostenible-en-americas\/#primaryimage"},"image":{"@id":"https:\/\/www.eldiario.net\/portal\/2025\/05\/28\/inchcape-impulsa-la-movilidad-sostenible-en-americas\/#primaryimage"},"thumbnailUrl":"https:\/\/www.eldiario.net\/portal\/wp-content\/uploads\/2025\/05\/NOTA-5-FOTO-2.jpg","datePublished":"2025-05-28T10:20:29+00:00","breadcrumb":{"@id":"https:\/\/www.eldiario.net\/portal\/2025\/05\/28\/inchcape-impulsa-la-movilidad-sostenible-en-americas\/#breadcrumb"},"inLanguage":"es","potentialAction":[{"@type":"ReadAction","target":["https:\/\/www.eldiario.net\/portal\/2025\/05\/28\/inchcape-impulsa-la-movilidad-sostenible-en-americas\/"]}]},{"@type":"ImageObject","inLanguage":"es","@id":"https:\/\/www.eldiario.net\/portal\/2025\/05\/28\/inchcape-impulsa-la-movilidad-sostenible-en-americas\/#primaryimage","url":"https:\/\/www.eldiario.net\/portal\/wp-content\/uploads\/2025\/05\/NOTA-5-FOTO-2.jpg","contentUrl":"https:\/\/www.eldiario.net\/portal\/wp-content\/uploads\/2025\/05\/NOTA-5-FOTO-2.jpg","width":1000,"height":665,"caption":"INCHAPE IMPULSA LA MOVILIDAD SOSTENIBLE EN AM\u00c9RICAS."},{"@type":"BreadcrumbList","@id":"https:\/\/www.eldiario.net\/portal\/2025\/05\/28\/inchcape-impulsa-la-movilidad-sostenible-en-americas\/#breadcrumb","itemListElement":[{"@type":"ListItem","position":1,"name":"Portada","item":"https:\/\/www.eldiario.net\/portal\/"},{"@type":"ListItem","position":2,"name":"Inchcape Impulsa la Movilidad Sostenible en Am\u00e9ricas"}]},{"@type":"WebSite","@id":"https:\/\/www.eldiario.net\/portal\/#website","url":"https:\/\/www.eldiario.net\/portal\/","name":"El Diario - Decano de la prensa nacional","description":"El Diario - Decano de la prensa nacional","publisher":{"@id":"https:\/\/www.eldiario.net\/portal\/#organization"},"potentialAction":[{"@type":"SearchAction","target":{"@type":"EntryPoint","urlTemplate":"https:\/\/www.eldiario.net\/portal\/?s={search_term_string}"},"query-input":{"@type":"PropertyValueSpecification","valueRequired":true,"valueName":"search_term_string"}}],"inLanguage":"es"},{"@type":"Organization","@id":"https:\/\/www.eldiario.net\/portal\/#organization","name":"El Diario - Decano de la prensa nacional","url":"https:\/\/www.eldiario.net\/portal\/","logo":{"@type":"ImageObject","inLanguage":"es","@id":"https:\/\/www.eldiario.net\/portal\/#\/schema\/logo\/image\/","url":"https:\/\/www.eldiario.net\/portal\/wp-content\/uploads\/2023\/07\/logo_ED.jpg","contentUrl":"https:\/\/www.eldiario.net\/portal\/wp-content\/uploads\/2023\/07\/logo_ED.jpg","width":272,"height":52,"caption":"El Diario - Decano de la prensa nacional"},"image":{"@id":"https:\/\/www.eldiario.net\/portal\/#\/schema\/logo\/image\/"},"sameAs":["https:\/\/www.facebook.com\/eldiario.bolivia\/","https:\/\/x.com\/eldiario_net"]},{"@type":"Person","@id":"https:\/\/www.eldiario.net\/portal\/#\/schema\/person\/f46445640444750d7d753ccd04ae01b7","name":"Jeanette","image":{"@type":"ImageObject","inLanguage":"es","@id":"https:\/\/secure.gravatar.com\/avatar\/3ea2118a5f7dad2b7138b1187a6b7ee55f160b9968b66013c3a3ef39dd7e5798?s=96&d=mm&r=g","url":"https:\/\/secure.gravatar.com\/avatar\/3ea2118a5f7dad2b7138b1187a6b7ee55f160b9968b66013c3a3ef39dd7e5798?s=96&d=mm&r=g","contentUrl":"https:\/\/secure.gravatar.com\/avatar\/3ea2118a5f7dad2b7138b1187a6b7ee55f160b9968b66013c3a3ef39dd7e5798?s=96&d=mm&r=g","caption":"Jeanette"},"sameAs":["https:\/\/www.eldiario.net\/portal"],"url":"https:\/\/www.eldiario.net\/portal\/author\/jeanette\/"}]}},"_links":{"self":[{"href":"https:\/\/www.eldiario.net\/portal\/wp-json\/wp\/v2\/posts\/305627","targetHints":{"allow":["GET"]}}],"collection":[{"href":"https:\/\/www.eldiario.net\/portal\/wp-json\/wp\/v2\/posts"}],"about":[{"href":"https:\/\/www.eldiario.net\/portal\/wp-json\/wp\/v2\/types\/post"}],"author":[{"embeddable":true,"href":"https:\/\/www.eldiario.net\/portal\/wp-json\/wp\/v2\/users\/1"}],"replies":[{"embeddable":true,"href":"https:\/\/www.eldiario.net\/portal\/wp-json\/wp\/v2\/comments?post=305627"}],"version-history":[{"count":1,"href":"https:\/\/www.eldiario.net\/portal\/wp-json\/wp\/v2\/posts\/305627\/revisions"}],"predecessor-version":[{"id":305629,"href":"https:\/\/www.eldiario.net\/portal\/wp-json\/wp\/v2\/posts\/305627\/revisions\/305629"}],"wp:featuredmedia":[{"embeddable":true,"href":"https:\/\/www.eldiario.net\/portal\/wp-json\/wp\/v2\/media\/305628"}],"wp:attachment":[{"href":"https:\/\/www.eldiario.net\/portal\/wp-json\/wp\/v2\/media?parent=305627"}],"wp:term":[{"taxonomy":"category","embeddable":true,"href":"https:\/\/www.eldiario.net\/portal\/wp-json\/wp\/v2\/categories?post=305627"},{"taxonomy":"post_tag","embeddable":true,"href":"https:\/\/www.eldiario.net\/portal\/wp-json\/wp\/v2\/tags?post=305627"}],"curies":[{"name":"wp","href":"https:\/\/api.w.org\/{rel}","templated":true}]}}