{"id":305412,"date":"2025-05-27T13:23:26","date_gmt":"2025-05-27T17:23:26","guid":{"rendered":"https:\/\/www.eldiario.net\/portal\/?p=305412"},"modified":"2025-05-27T13:23:26","modified_gmt":"2025-05-27T17:23:26","slug":"marcha-rumbo-al-organo-electoral-genera-molestia-en-ciudadanos-pacenos-1325","status":"publish","type":"post","link":"https:\/\/www.eldiario.net\/portal\/2025\/05\/27\/marcha-rumbo-al-organo-electoral-genera-molestia-en-ciudadanos-pacenos-1325\/","title":{"rendered":"Marcha rumbo al \u00d3rgano Electoral genera molestia en ciudadanos pace\u00f1os. (13:25)"},"content":{"rendered":"<p>Una marcha que se dirige al \u00d3rgano Electoral Plurinacional, ubicado en la plaza Abaroa de la zona de Sopocachi, congestiona el tr\u00e1fico vehicular en el centro de la ciudad de La Paz. Es el segundo d\u00eda de movilizaci\u00f3n y causa molestia ciudadana por interrumpir actividades en especial en el D\u00eda de la Madre.<\/p>\n<div style=\"width: 270px;\" class=\"wp-video\"><video class=\"wp-video-shortcode\" id=\"video-305412-1\" width=\"270\" height=\"480\" preload=\"metadata\" controls=\"controls\"><source type=\"video\/mp4\" src=\"https:\/\/www.eldiario.net\/portal\/wp-content\/uploads\/2025\/05\/marcha-27.05.25-1-1.mp4?_=1\" \/><a href=\"https:\/\/www.eldiario.net\/portal\/wp-content\/uploads\/2025\/05\/marcha-27.05.25-1-1.mp4\">https:\/\/www.eldiario.net\/portal\/wp-content\/uploads\/2025\/05\/marcha-27.05.25-1-1.mp4<\/a><\/video><\/div>\n<p>Los marchistas simpatizantes de Evo Morales y provenientes de provincias de Cochabamba, y son parte de organizaciones sociales que exigen la renuncia del presidente Luis Arce, denunciando la crisis econ\u00f3mica y en defensa de las elecciones y la soberan\u00eda alimentaria, afirman.<\/p>\n","protected":false},"excerpt":{"rendered":"<p>Una marcha que se dirige al \u00d3rgano Electoral Plurinacional, ubicado en la plaza Abaroa de la zona de Sopocachi, congestiona el tr\u00e1fico vehicular en el centro de la ciudad de La Paz. Es el segundo d\u00eda de movilizaci\u00f3n y causa molestia ciudadana por interrumpir actividades en especial en el D\u00eda de la Madre. Los marchistas [&hellip;]<\/p>\n","protected":false},"author":7,"featured_media":305415,"comment_status":"closed","ping_status":"open","sticky":false,"template":"","format":"standard","meta":{"_acf_changed":false,"footnotes":""},"categories":[51],"tags":[],"class_list":["post-305412","post","type-post","status-publish","format-standard","has-post-thumbnail","category-ultima-hora"],"acf":{"antetitulo":""},"yoast_head":"<!-- This site is optimized with the Yoast SEO plugin v28.4 - https:\/\/yoast.com\/product\/yoast-seo-wordpress\/ -->\n<title>Marcha rumbo al \u00d3rgano Electoral genera molestia en ciudadanos pace\u00f1os. (13:25) - El Diario - Bolivia<\/title>\n<meta name=\"robots\" content=\"index, follow, max-snippet:-1, max-image-preview:large, max-video-preview:-1\" \/>\n<link rel=\"canonical\" href=\"https:\/\/www.eldiario.net\/portal\/2025\/05\/27\/marcha-rumbo-al-organo-electoral-genera-molestia-en-ciudadanos-pacenos-1325\/\" \/>\n<meta property=\"og:locale\" content=\"es_ES\" \/>\n<meta property=\"og:type\" content=\"article\" \/>\n<meta property=\"og:title\" content=\"Marcha rumbo al \u00d3rgano Electoral genera molestia en ciudadanos pace\u00f1os. (13:25) - El Diario - Bolivia\" \/>\n<meta property=\"og:description\" content=\"Una marcha que se dirige al \u00d3rgano Electoral Plurinacional, ubicado en la plaza Abaroa de la zona de Sopocachi, congestiona el tr\u00e1fico vehicular en el centro de la ciudad de La Paz. Es el segundo d\u00eda de movilizaci\u00f3n y causa molestia ciudadana por interrumpir actividades en especial en el D\u00eda de la Madre. Los marchistas [&hellip;]\" \/>\n<meta property=\"og:url\" content=\"https:\/\/www.eldiario.net\/portal\/2025\/05\/27\/marcha-rumbo-al-organo-electoral-genera-molestia-en-ciudadanos-pacenos-1325\/\" \/>\n<meta property=\"og:site_name\" content=\"El Diario - Bolivia\" \/>\n<meta property=\"article:publisher\" content=\"https:\/\/www.facebook.com\/eldiario.bolivia\/\" \/>\n<meta property=\"article:published_time\" content=\"2025-05-27T17:23:26+00:00\" \/>\n<meta property=\"og:image\" content=\"https:\/\/www.eldiario.net\/portal\/wp-content\/uploads\/2025\/05\/marcha-2-27.05.25-e1748366538577.jpg\" \/>\n\t<meta property=\"og:image:width\" content=\"200\" \/>\n\t<meta property=\"og:image:height\" content=\"356\" \/>\n\t<meta property=\"og:image:type\" content=\"image\/jpeg\" \/>\n<meta name=\"author\" content=\"Viviana Monrroy\" \/>\n<meta name=\"twitter:card\" content=\"summary_large_image\" \/>\n<meta name=\"twitter:creator\" content=\"@eldiario_net\" \/>\n<meta name=\"twitter:site\" content=\"@eldiario_net\" \/>\n<meta name=\"twitter:label1\" content=\"Escrito por\" \/>\n\t<meta name=\"twitter:data1\" content=\"Viviana Monrroy\" \/>\n\t<meta name=\"twitter:label2\" content=\"Tiempo de lectura\" \/>\n\t<meta name=\"twitter:data2\" content=\"1 minuto\" \/>\n<script type=\"application\/ld+json\" class=\"yoast-schema-graph\">{\"@context\":\"https:\\\/\\\/schema.org\",\"@graph\":[{\"@type\":\"Article\",\"@id\":\"https:\\\/\\\/www.eldiario.net\\\/portal\\\/2025\\\/05\\\/27\\\/marcha-rumbo-al-organo-electoral-genera-molestia-en-ciudadanos-pacenos-1325\\\/#article\",\"isPartOf\":{\"@id\":\"https:\\\/\\\/www.eldiario.net\\\/portal\\\/2025\\\/05\\\/27\\\/marcha-rumbo-al-organo-electoral-genera-molestia-en-ciudadanos-pacenos-1325\\\/\"},\"author\":{\"name\":\"Viviana Monrroy\",\"@id\":\"https:\\\/\\\/www.eldiario.net\\\/portal\\\/#\\\/schema\\\/person\\\/ba370d92d160f4d3574381f6d9b78fab\"},\"headline\":\"Marcha rumbo al \u00d3rgano Electoral genera molestia en ciudadanos pace\u00f1os. (13:25)\",\"datePublished\":\"2025-05-27T17:23:26+00:00\",\"mainEntityOfPage\":{\"@id\":\"https:\\\/\\\/www.eldiario.net\\\/portal\\\/2025\\\/05\\\/27\\\/marcha-rumbo-al-organo-electoral-genera-molestia-en-ciudadanos-pacenos-1325\\\/\"},\"wordCount\":127,\"publisher\":{\"@id\":\"https:\\\/\\\/www.eldiario.net\\\/portal\\\/#organization\"},\"image\":{\"@id\":\"https:\\\/\\\/www.eldiario.net\\\/portal\\\/2025\\\/05\\\/27\\\/marcha-rumbo-al-organo-electoral-genera-molestia-en-ciudadanos-pacenos-1325\\\/#primaryimage\"},\"thumbnailUrl\":\"https:\\\/\\\/www.eldiario.net\\\/portal\\\/wp-content\\\/uploads\\\/2025\\\/05\\\/marcha-2-27.05.25-e1748366538577.jpg\",\"articleSection\":[\"\u00daltima Hora\"],\"inLanguage\":\"es\"},{\"@type\":\"WebPage\",\"@id\":\"https:\\\/\\\/www.eldiario.net\\\/portal\\\/2025\\\/05\\\/27\\\/marcha-rumbo-al-organo-electoral-genera-molestia-en-ciudadanos-pacenos-1325\\\/\",\"url\":\"https:\\\/\\\/www.eldiario.net\\\/portal\\\/2025\\\/05\\\/27\\\/marcha-rumbo-al-organo-electoral-genera-molestia-en-ciudadanos-pacenos-1325\\\/\",\"name\":\"Marcha rumbo al \u00d3rgano Electoral genera molestia en ciudadanos pace\u00f1os. (13:25) - El Diario - Bolivia\",\"isPartOf\":{\"@id\":\"https:\\\/\\\/www.eldiario.net\\\/portal\\\/#website\"},\"primaryImageOfPage\":{\"@id\":\"https:\\\/\\\/www.eldiario.net\\\/portal\\\/2025\\\/05\\\/27\\\/marcha-rumbo-al-organo-electoral-genera-molestia-en-ciudadanos-pacenos-1325\\\/#primaryimage\"},\"image\":{\"@id\":\"https:\\\/\\\/www.eldiario.net\\\/portal\\\/2025\\\/05\\\/27\\\/marcha-rumbo-al-organo-electoral-genera-molestia-en-ciudadanos-pacenos-1325\\\/#primaryimage\"},\"thumbnailUrl\":\"https:\\\/\\\/www.eldiario.net\\\/portal\\\/wp-content\\\/uploads\\\/2025\\\/05\\\/marcha-2-27.05.25-e1748366538577.jpg\",\"datePublished\":\"2025-05-27T17:23:26+00:00\",\"breadcrumb\":{\"@id\":\"https:\\\/\\\/www.eldiario.net\\\/portal\\\/2025\\\/05\\\/27\\\/marcha-rumbo-al-organo-electoral-genera-molestia-en-ciudadanos-pacenos-1325\\\/#breadcrumb\"},\"inLanguage\":\"es\",\"potentialAction\":[{\"@type\":\"ReadAction\",\"target\":[\"https:\\\/\\\/www.eldiario.net\\\/portal\\\/2025\\\/05\\\/27\\\/marcha-rumbo-al-organo-electoral-genera-molestia-en-ciudadanos-pacenos-1325\\\/\"]}]},{\"@type\":\"ImageObject\",\"inLanguage\":\"es\",\"@id\":\"https:\\\/\\\/www.eldiario.net\\\/portal\\\/2025\\\/05\\\/27\\\/marcha-rumbo-al-organo-electoral-genera-molestia-en-ciudadanos-pacenos-1325\\\/#primaryimage\",\"url\":\"https:\\\/\\\/www.eldiario.net\\\/portal\\\/wp-content\\\/uploads\\\/2025\\\/05\\\/marcha-2-27.05.25-e1748366538577.jpg\",\"contentUrl\":\"https:\\\/\\\/www.eldiario.net\\\/portal\\\/wp-content\\\/uploads\\\/2025\\\/05\\\/marcha-2-27.05.25-e1748366538577.jpg\",\"width\":200,\"height\":356,\"caption\":\"Foto: RR.SS.\"},{\"@type\":\"BreadcrumbList\",\"@id\":\"https:\\\/\\\/www.eldiario.net\\\/portal\\\/2025\\\/05\\\/27\\\/marcha-rumbo-al-organo-electoral-genera-molestia-en-ciudadanos-pacenos-1325\\\/#breadcrumb\",\"itemListElement\":[{\"@type\":\"ListItem\",\"position\":1,\"name\":\"Portada\",\"item\":\"https:\\\/\\\/www.eldiario.net\\\/portal\\\/\"},{\"@type\":\"ListItem\",\"position\":2,\"name\":\"Marcha rumbo al \u00d3rgano Electoral genera molestia en ciudadanos pace\u00f1os. (13:25)\"}]},{\"@type\":\"WebSite\",\"@id\":\"https:\\\/\\\/www.eldiario.net\\\/portal\\\/#website\",\"url\":\"https:\\\/\\\/www.eldiario.net\\\/portal\\\/\",\"name\":\"El Diario - Decano de la prensa nacional\",\"description\":\"El Diario - Decano de la prensa nacional\",\"publisher\":{\"@id\":\"https:\\\/\\\/www.eldiario.net\\\/portal\\\/#organization\"},\"potentialAction\":[{\"@type\":\"SearchAction\",\"target\":{\"@type\":\"EntryPoint\",\"urlTemplate\":\"https:\\\/\\\/www.eldiario.net\\\/portal\\\/?s={search_term_string}\"},\"query-input\":{\"@type\":\"PropertyValueSpecification\",\"valueRequired\":true,\"valueName\":\"search_term_string\"}}],\"inLanguage\":\"es\"},{\"@type\":\"Organization\",\"@id\":\"https:\\\/\\\/www.eldiario.net\\\/portal\\\/#organization\",\"name\":\"El Diario - Decano de la prensa nacional\",\"url\":\"https:\\\/\\\/www.eldiario.net\\\/portal\\\/\",\"logo\":{\"@type\":\"ImageObject\",\"inLanguage\":\"es\",\"@id\":\"https:\\\/\\\/www.eldiario.net\\\/portal\\\/#\\\/schema\\\/logo\\\/image\\\/\",\"url\":\"https:\\\/\\\/www.eldiario.net\\\/portal\\\/wp-content\\\/uploads\\\/2023\\\/07\\\/logo_ED.jpg\",\"contentUrl\":\"https:\\\/\\\/www.eldiario.net\\\/portal\\\/wp-content\\\/uploads\\\/2023\\\/07\\\/logo_ED.jpg\",\"width\":272,\"height\":52,\"caption\":\"El Diario - Decano de la prensa nacional\"},\"image\":{\"@id\":\"https:\\\/\\\/www.eldiario.net\\\/portal\\\/#\\\/schema\\\/logo\\\/image\\\/\"},\"sameAs\":[\"https:\\\/\\\/www.facebook.com\\\/eldiario.bolivia\\\/\",\"https:\\\/\\\/x.com\\\/eldiario_net\"]},{\"@type\":\"Person\",\"@id\":\"https:\\\/\\\/www.eldiario.net\\\/portal\\\/#\\\/schema\\\/person\\\/ba370d92d160f4d3574381f6d9b78fab\",\"name\":\"Viviana Monrroy\",\"image\":{\"@type\":\"ImageObject\",\"inLanguage\":\"es\",\"@id\":\"https:\\\/\\\/secure.gravatar.com\\\/avatar\\\/dfd1611ed5600959a0e5a9754503b6c05d1dcf190010998e0363aee2ad98afca?s=96&d=mm&r=g\",\"url\":\"https:\\\/\\\/secure.gravatar.com\\\/avatar\\\/dfd1611ed5600959a0e5a9754503b6c05d1dcf190010998e0363aee2ad98afca?s=96&d=mm&r=g\",\"contentUrl\":\"https:\\\/\\\/secure.gravatar.com\\\/avatar\\\/dfd1611ed5600959a0e5a9754503b6c05d1dcf190010998e0363aee2ad98afca?s=96&d=mm&r=g\",\"caption\":\"Viviana Monrroy\"},\"sameAs\":[\"http:\\\/\\\/www.eldiario.net\"],\"url\":\"https:\\\/\\\/www.eldiario.net\\\/portal\\\/author\\\/vivianamonrroy\\\/\"}]}<\/script>\n<!-- \/ Yoast SEO plugin. -->","yoast_head_json":{"title":"Marcha rumbo al \u00d3rgano Electoral genera molestia en ciudadanos pace\u00f1os. (13:25) - El Diario - Bolivia","robots":{"index":"index","follow":"follow","max-snippet":"max-snippet:-1","max-image-preview":"max-image-preview:large","max-video-preview":"max-video-preview:-1"},"canonical":"https:\/\/www.eldiario.net\/portal\/2025\/05\/27\/marcha-rumbo-al-organo-electoral-genera-molestia-en-ciudadanos-pacenos-1325\/","og_locale":"es_ES","og_type":"article","og_title":"Marcha rumbo al \u00d3rgano Electoral genera molestia en ciudadanos pace\u00f1os. (13:25) - El Diario - Bolivia","og_description":"Una marcha que se dirige al \u00d3rgano Electoral Plurinacional, ubicado en la plaza Abaroa de la zona de Sopocachi, congestiona el tr\u00e1fico vehicular en el centro de la ciudad de La Paz. Es el segundo d\u00eda de movilizaci\u00f3n y causa molestia ciudadana por interrumpir actividades en especial en el D\u00eda de la Madre. Los marchistas [&hellip;]","og_url":"https:\/\/www.eldiario.net\/portal\/2025\/05\/27\/marcha-rumbo-al-organo-electoral-genera-molestia-en-ciudadanos-pacenos-1325\/","og_site_name":"El Diario - Bolivia","article_publisher":"https:\/\/www.facebook.com\/eldiario.bolivia\/","article_published_time":"2025-05-27T17:23:26+00:00","og_image":[{"width":200,"height":356,"url":"https:\/\/www.eldiario.net\/portal\/wp-content\/uploads\/2025\/05\/marcha-2-27.05.25-e1748366538577.jpg","type":"image\/jpeg"}],"author":"Viviana Monrroy","twitter_card":"summary_large_image","twitter_creator":"@eldiario_net","twitter_site":"@eldiario_net","twitter_misc":{"Escrito por":"Viviana Monrroy","Tiempo de lectura":"1 minuto"},"schema":{"@context":"https:\/\/schema.org","@graph":[{"@type":"Article","@id":"https:\/\/www.eldiario.net\/portal\/2025\/05\/27\/marcha-rumbo-al-organo-electoral-genera-molestia-en-ciudadanos-pacenos-1325\/#article","isPartOf":{"@id":"https:\/\/www.eldiario.net\/portal\/2025\/05\/27\/marcha-rumbo-al-organo-electoral-genera-molestia-en-ciudadanos-pacenos-1325\/"},"author":{"name":"Viviana Monrroy","@id":"https:\/\/www.eldiario.net\/portal\/#\/schema\/person\/ba370d92d160f4d3574381f6d9b78fab"},"headline":"Marcha rumbo al \u00d3rgano Electoral genera molestia en ciudadanos pace\u00f1os. (13:25)","datePublished":"2025-05-27T17:23:26+00:00","mainEntityOfPage":{"@id":"https:\/\/www.eldiario.net\/portal\/2025\/05\/27\/marcha-rumbo-al-organo-electoral-genera-molestia-en-ciudadanos-pacenos-1325\/"},"wordCount":127,"publisher":{"@id":"https:\/\/www.eldiario.net\/portal\/#organization"},"image":{"@id":"https:\/\/www.eldiario.net\/portal\/2025\/05\/27\/marcha-rumbo-al-organo-electoral-genera-molestia-en-ciudadanos-pacenos-1325\/#primaryimage"},"thumbnailUrl":"https:\/\/www.eldiario.net\/portal\/wp-content\/uploads\/2025\/05\/marcha-2-27.05.25-e1748366538577.jpg","articleSection":["\u00daltima Hora"],"inLanguage":"es"},{"@type":"WebPage","@id":"https:\/\/www.eldiario.net\/portal\/2025\/05\/27\/marcha-rumbo-al-organo-electoral-genera-molestia-en-ciudadanos-pacenos-1325\/","url":"https:\/\/www.eldiario.net\/portal\/2025\/05\/27\/marcha-rumbo-al-organo-electoral-genera-molestia-en-ciudadanos-pacenos-1325\/","name":"Marcha rumbo al \u00d3rgano Electoral genera molestia en ciudadanos pace\u00f1os. (13:25) - El Diario - Bolivia","isPartOf":{"@id":"https:\/\/www.eldiario.net\/portal\/#website"},"primaryImageOfPage":{"@id":"https:\/\/www.eldiario.net\/portal\/2025\/05\/27\/marcha-rumbo-al-organo-electoral-genera-molestia-en-ciudadanos-pacenos-1325\/#primaryimage"},"image":{"@id":"https:\/\/www.eldiario.net\/portal\/2025\/05\/27\/marcha-rumbo-al-organo-electoral-genera-molestia-en-ciudadanos-pacenos-1325\/#primaryimage"},"thumbnailUrl":"https:\/\/www.eldiario.net\/portal\/wp-content\/uploads\/2025\/05\/marcha-2-27.05.25-e1748366538577.jpg","datePublished":"2025-05-27T17:23:26+00:00","breadcrumb":{"@id":"https:\/\/www.eldiario.net\/portal\/2025\/05\/27\/marcha-rumbo-al-organo-electoral-genera-molestia-en-ciudadanos-pacenos-1325\/#breadcrumb"},"inLanguage":"es","potentialAction":[{"@type":"ReadAction","target":["https:\/\/www.eldiario.net\/portal\/2025\/05\/27\/marcha-rumbo-al-organo-electoral-genera-molestia-en-ciudadanos-pacenos-1325\/"]}]},{"@type":"ImageObject","inLanguage":"es","@id":"https:\/\/www.eldiario.net\/portal\/2025\/05\/27\/marcha-rumbo-al-organo-electoral-genera-molestia-en-ciudadanos-pacenos-1325\/#primaryimage","url":"https:\/\/www.eldiario.net\/portal\/wp-content\/uploads\/2025\/05\/marcha-2-27.05.25-e1748366538577.jpg","contentUrl":"https:\/\/www.eldiario.net\/portal\/wp-content\/uploads\/2025\/05\/marcha-2-27.05.25-e1748366538577.jpg","width":200,"height":356,"caption":"Foto: RR.SS."},{"@type":"BreadcrumbList","@id":"https:\/\/www.eldiario.net\/portal\/2025\/05\/27\/marcha-rumbo-al-organo-electoral-genera-molestia-en-ciudadanos-pacenos-1325\/#breadcrumb","itemListElement":[{"@type":"ListItem","position":1,"name":"Portada","item":"https:\/\/www.eldiario.net\/portal\/"},{"@type":"ListItem","position":2,"name":"Marcha rumbo al \u00d3rgano Electoral genera molestia en ciudadanos pace\u00f1os. (13:25)"}]},{"@type":"WebSite","@id":"https:\/\/www.eldiario.net\/portal\/#website","url":"https:\/\/www.eldiario.net\/portal\/","name":"El Diario - Decano de la prensa nacional","description":"El Diario - Decano de la prensa nacional","publisher":{"@id":"https:\/\/www.eldiario.net\/portal\/#organization"},"potentialAction":[{"@type":"SearchAction","target":{"@type":"EntryPoint","urlTemplate":"https:\/\/www.eldiario.net\/portal\/?s={search_term_string}"},"query-input":{"@type":"PropertyValueSpecification","valueRequired":true,"valueName":"search_term_string"}}],"inLanguage":"es"},{"@type":"Organization","@id":"https:\/\/www.eldiario.net\/portal\/#organization","name":"El Diario - Decano de la prensa nacional","url":"https:\/\/www.eldiario.net\/portal\/","logo":{"@type":"ImageObject","inLanguage":"es","@id":"https:\/\/www.eldiario.net\/portal\/#\/schema\/logo\/image\/","url":"https:\/\/www.eldiario.net\/portal\/wp-content\/uploads\/2023\/07\/logo_ED.jpg","contentUrl":"https:\/\/www.eldiario.net\/portal\/wp-content\/uploads\/2023\/07\/logo_ED.jpg","width":272,"height":52,"caption":"El Diario - Decano de la prensa nacional"},"image":{"@id":"https:\/\/www.eldiario.net\/portal\/#\/schema\/logo\/image\/"},"sameAs":["https:\/\/www.facebook.com\/eldiario.bolivia\/","https:\/\/x.com\/eldiario_net"]},{"@type":"Person","@id":"https:\/\/www.eldiario.net\/portal\/#\/schema\/person\/ba370d92d160f4d3574381f6d9b78fab","name":"Viviana Monrroy","image":{"@type":"ImageObject","inLanguage":"es","@id":"https:\/\/secure.gravatar.com\/avatar\/dfd1611ed5600959a0e5a9754503b6c05d1dcf190010998e0363aee2ad98afca?s=96&d=mm&r=g","url":"https:\/\/secure.gravatar.com\/avatar\/dfd1611ed5600959a0e5a9754503b6c05d1dcf190010998e0363aee2ad98afca?s=96&d=mm&r=g","contentUrl":"https:\/\/secure.gravatar.com\/avatar\/dfd1611ed5600959a0e5a9754503b6c05d1dcf190010998e0363aee2ad98afca?s=96&d=mm&r=g","caption":"Viviana Monrroy"},"sameAs":["http:\/\/www.eldiario.net"],"url":"https:\/\/www.eldiario.net\/portal\/author\/vivianamonrroy\/"}]}},"_links":{"self":[{"href":"https:\/\/www.eldiario.net\/portal\/wp-json\/wp\/v2\/posts\/305412","targetHints":{"allow":["GET"]}}],"collection":[{"href":"https:\/\/www.eldiario.net\/portal\/wp-json\/wp\/v2\/posts"}],"about":[{"href":"https:\/\/www.eldiario.net\/portal\/wp-json\/wp\/v2\/types\/post"}],"author":[{"embeddable":true,"href":"https:\/\/www.eldiario.net\/portal\/wp-json\/wp\/v2\/users\/7"}],"replies":[{"embeddable":true,"href":"https:\/\/www.eldiario.net\/portal\/wp-json\/wp\/v2\/comments?post=305412"}],"version-history":[{"count":1,"href":"https:\/\/www.eldiario.net\/portal\/wp-json\/wp\/v2\/posts\/305412\/revisions"}],"predecessor-version":[{"id":305416,"href":"https:\/\/www.eldiario.net\/portal\/wp-json\/wp\/v2\/posts\/305412\/revisions\/305416"}],"wp:featuredmedia":[{"embeddable":true,"href":"https:\/\/www.eldiario.net\/portal\/wp-json\/wp\/v2\/media\/305415"}],"wp:attachment":[{"href":"https:\/\/www.eldiario.net\/portal\/wp-json\/wp\/v2\/media?parent=305412"}],"wp:term":[{"taxonomy":"category","embeddable":true,"href":"https:\/\/www.eldiario.net\/portal\/wp-json\/wp\/v2\/categories?post=305412"},{"taxonomy":"post_tag","embeddable":true,"href":"https:\/\/www.eldiario.net\/portal\/wp-json\/wp\/v2\/tags?post=305412"}],"curies":[{"name":"wp","href":"https:\/\/api.w.org\/{rel}","templated":true}]}}