{"id":305396,"date":"2025-05-27T09:10:29","date_gmt":"2025-05-27T13:10:29","guid":{"rendered":"https:\/\/www.eldiario.net\/portal\/?p=305396"},"modified":"2025-05-27T09:10:29","modified_gmt":"2025-05-27T13:10:29","slug":"emapa-no-cumple-con-entrega-de-harina-y-afecta-produccion-de-pan-905","status":"publish","type":"post","link":"https:\/\/www.eldiario.net\/portal\/2025\/05\/27\/emapa-no-cumple-con-entrega-de-harina-y-afecta-produccion-de-pan-905\/","title":{"rendered":"EMAPA no cumple con entrega de harina y afecta producci\u00f3n de pan. (9:05)"},"content":{"rendered":"<p>La producci\u00f3n de pan ha disminuido considerablemente debido a que la Empresa de Apoyo a la Producci\u00f3n de Alimentos (EMAPA) no estar\u00eda entregado la cantidad de quintales diarios de harina que hab\u00eda comprometido, seg\u00fan denuncian los panificadores.<\/p>\n<p>Esta situaci\u00f3n ha generado escasez en algunas zonas de la ciudad de La Paz, y tambi\u00e9n afecta a Cochabamba, donde la distribuci\u00f3n contin\u00faa siendo irregular.<\/p>\n<p>Los panificadores explican que solo pueden producir en funci\u00f3n de la harina subvencionada que reciben, ya que la harina no subvencionada, especialmente la importada desde Argentina, ha duplicado su precio, lo que vuelve inviable su uso.<\/p>\n<p>EMAPA atribuye la demora en la distribuci\u00f3n a problemas log\u00edsticos que enfrenta debido a la falta de combustible, lo que podr\u00eda agravar a\u00fan m\u00e1s el desabastecimiento en los pr\u00f3ximos d\u00edas.<\/p>\n<p>Aunque los panificadores aseguran que el precio del pan no subir\u00e1, en algunos puntos ya se comercializa a m\u00e1s de 50 centavos por unidad, anticipando una posible agudizaci\u00f3n del desabastecimiento.<\/p>\n","protected":false},"excerpt":{"rendered":"<p>La producci\u00f3n de pan ha disminuido considerablemente debido a que la Empresa de Apoyo a la Producci\u00f3n de Alimentos (EMAPA) no estar\u00eda entregado la cantidad de quintales diarios de harina que hab\u00eda comprometido, seg\u00fan denuncian los panificadores. Esta situaci\u00f3n ha generado escasez en algunas zonas de la ciudad de La Paz, y tambi\u00e9n afecta a [&hellip;]<\/p>\n","protected":false},"author":7,"featured_media":305398,"comment_status":"closed","ping_status":"open","sticky":false,"template":"","format":"standard","meta":{"_acf_changed":false,"footnotes":""},"categories":[51],"tags":[],"class_list":["post-305396","post","type-post","status-publish","format-standard","has-post-thumbnail","category-ultima-hora"],"acf":{"antetitulo":""},"yoast_head":"<!-- This site is optimized with the Yoast SEO plugin v28.3 - https:\/\/yoast.com\/product\/yoast-seo-wordpress\/ -->\n<title>EMAPA no cumple con entrega de harina y afecta producci\u00f3n de pan. (9:05) - El Diario - Bolivia<\/title>\n<meta name=\"robots\" content=\"index, follow, max-snippet:-1, max-image-preview:large, max-video-preview:-1\" \/>\n<link rel=\"canonical\" href=\"https:\/\/www.eldiario.net\/portal\/2025\/05\/27\/emapa-no-cumple-con-entrega-de-harina-y-afecta-produccion-de-pan-905\/\" \/>\n<meta property=\"og:locale\" content=\"es_ES\" \/>\n<meta property=\"og:type\" content=\"article\" \/>\n<meta property=\"og:title\" content=\"EMAPA no cumple con entrega de harina y afecta producci\u00f3n de pan. (9:05) - El Diario - Bolivia\" \/>\n<meta property=\"og:description\" content=\"La producci\u00f3n de pan ha disminuido considerablemente debido a que la Empresa de Apoyo a la Producci\u00f3n de Alimentos (EMAPA) no estar\u00eda entregado la cantidad de quintales diarios de harina que hab\u00eda comprometido, seg\u00fan denuncian los panificadores. Esta situaci\u00f3n ha generado escasez en algunas zonas de la ciudad de La Paz, y tambi\u00e9n afecta a [&hellip;]\" \/>\n<meta property=\"og:url\" content=\"https:\/\/www.eldiario.net\/portal\/2025\/05\/27\/emapa-no-cumple-con-entrega-de-harina-y-afecta-produccion-de-pan-905\/\" \/>\n<meta property=\"og:site_name\" content=\"El Diario - Bolivia\" \/>\n<meta property=\"article:publisher\" content=\"https:\/\/www.facebook.com\/eldiario.bolivia\/\" \/>\n<meta property=\"article:published_time\" content=\"2025-05-27T13:10:29+00:00\" \/>\n<meta property=\"og:image\" content=\"https:\/\/www.eldiario.net\/portal\/wp-content\/uploads\/2025\/05\/pan-33-e1748351401830.jpg\" \/>\n\t<meta property=\"og:image:width\" content=\"350\" \/>\n\t<meta property=\"og:image:height\" content=\"214\" \/>\n\t<meta property=\"og:image:type\" content=\"image\/jpeg\" \/>\n<meta name=\"author\" content=\"Viviana Monrroy\" \/>\n<meta name=\"twitter:card\" content=\"summary_large_image\" \/>\n<meta name=\"twitter:creator\" content=\"@eldiario_net\" \/>\n<meta name=\"twitter:site\" content=\"@eldiario_net\" \/>\n<meta name=\"twitter:label1\" content=\"Escrito por\" \/>\n\t<meta name=\"twitter:data1\" content=\"Viviana Monrroy\" \/>\n\t<meta name=\"twitter:label2\" content=\"Tiempo de lectura\" \/>\n\t<meta name=\"twitter:data2\" content=\"1 minuto\" \/>\n<script type=\"application\/ld+json\" class=\"yoast-schema-graph\">{\"@context\":\"https:\\\/\\\/schema.org\",\"@graph\":[{\"@type\":\"Article\",\"@id\":\"https:\\\/\\\/www.eldiario.net\\\/portal\\\/2025\\\/05\\\/27\\\/emapa-no-cumple-con-entrega-de-harina-y-afecta-produccion-de-pan-905\\\/#article\",\"isPartOf\":{\"@id\":\"https:\\\/\\\/www.eldiario.net\\\/portal\\\/2025\\\/05\\\/27\\\/emapa-no-cumple-con-entrega-de-harina-y-afecta-produccion-de-pan-905\\\/\"},\"author\":{\"name\":\"Viviana Monrroy\",\"@id\":\"https:\\\/\\\/www.eldiario.net\\\/portal\\\/#\\\/schema\\\/person\\\/ba370d92d160f4d3574381f6d9b78fab\"},\"headline\":\"EMAPA no cumple con entrega de harina y afecta producci\u00f3n de pan. (9:05)\",\"datePublished\":\"2025-05-27T13:10:29+00:00\",\"mainEntityOfPage\":{\"@id\":\"https:\\\/\\\/www.eldiario.net\\\/portal\\\/2025\\\/05\\\/27\\\/emapa-no-cumple-con-entrega-de-harina-y-afecta-produccion-de-pan-905\\\/\"},\"wordCount\":189,\"publisher\":{\"@id\":\"https:\\\/\\\/www.eldiario.net\\\/portal\\\/#organization\"},\"image\":{\"@id\":\"https:\\\/\\\/www.eldiario.net\\\/portal\\\/2025\\\/05\\\/27\\\/emapa-no-cumple-con-entrega-de-harina-y-afecta-produccion-de-pan-905\\\/#primaryimage\"},\"thumbnailUrl\":\"https:\\\/\\\/www.eldiario.net\\\/portal\\\/wp-content\\\/uploads\\\/2025\\\/05\\\/pan-33-e1748351401830.jpg\",\"articleSection\":[\"\u00daltima Hora\"],\"inLanguage\":\"es\"},{\"@type\":\"WebPage\",\"@id\":\"https:\\\/\\\/www.eldiario.net\\\/portal\\\/2025\\\/05\\\/27\\\/emapa-no-cumple-con-entrega-de-harina-y-afecta-produccion-de-pan-905\\\/\",\"url\":\"https:\\\/\\\/www.eldiario.net\\\/portal\\\/2025\\\/05\\\/27\\\/emapa-no-cumple-con-entrega-de-harina-y-afecta-produccion-de-pan-905\\\/\",\"name\":\"EMAPA no cumple con entrega de harina y afecta producci\u00f3n de pan. (9:05) - El Diario - Bolivia\",\"isPartOf\":{\"@id\":\"https:\\\/\\\/www.eldiario.net\\\/portal\\\/#website\"},\"primaryImageOfPage\":{\"@id\":\"https:\\\/\\\/www.eldiario.net\\\/portal\\\/2025\\\/05\\\/27\\\/emapa-no-cumple-con-entrega-de-harina-y-afecta-produccion-de-pan-905\\\/#primaryimage\"},\"image\":{\"@id\":\"https:\\\/\\\/www.eldiario.net\\\/portal\\\/2025\\\/05\\\/27\\\/emapa-no-cumple-con-entrega-de-harina-y-afecta-produccion-de-pan-905\\\/#primaryimage\"},\"thumbnailUrl\":\"https:\\\/\\\/www.eldiario.net\\\/portal\\\/wp-content\\\/uploads\\\/2025\\\/05\\\/pan-33-e1748351401830.jpg\",\"datePublished\":\"2025-05-27T13:10:29+00:00\",\"breadcrumb\":{\"@id\":\"https:\\\/\\\/www.eldiario.net\\\/portal\\\/2025\\\/05\\\/27\\\/emapa-no-cumple-con-entrega-de-harina-y-afecta-produccion-de-pan-905\\\/#breadcrumb\"},\"inLanguage\":\"es\",\"potentialAction\":[{\"@type\":\"ReadAction\",\"target\":[\"https:\\\/\\\/www.eldiario.net\\\/portal\\\/2025\\\/05\\\/27\\\/emapa-no-cumple-con-entrega-de-harina-y-afecta-produccion-de-pan-905\\\/\"]}]},{\"@type\":\"ImageObject\",\"inLanguage\":\"es\",\"@id\":\"https:\\\/\\\/www.eldiario.net\\\/portal\\\/2025\\\/05\\\/27\\\/emapa-no-cumple-con-entrega-de-harina-y-afecta-produccion-de-pan-905\\\/#primaryimage\",\"url\":\"https:\\\/\\\/www.eldiario.net\\\/portal\\\/wp-content\\\/uploads\\\/2025\\\/05\\\/pan-33-e1748351401830.jpg\",\"contentUrl\":\"https:\\\/\\\/www.eldiario.net\\\/portal\\\/wp-content\\\/uploads\\\/2025\\\/05\\\/pan-33-e1748351401830.jpg\",\"width\":350,\"height\":214,\"caption\":\"Foto: RR.SS.\"},{\"@type\":\"BreadcrumbList\",\"@id\":\"https:\\\/\\\/www.eldiario.net\\\/portal\\\/2025\\\/05\\\/27\\\/emapa-no-cumple-con-entrega-de-harina-y-afecta-produccion-de-pan-905\\\/#breadcrumb\",\"itemListElement\":[{\"@type\":\"ListItem\",\"position\":1,\"name\":\"Portada\",\"item\":\"https:\\\/\\\/www.eldiario.net\\\/portal\\\/\"},{\"@type\":\"ListItem\",\"position\":2,\"name\":\"EMAPA no cumple con entrega de harina y afecta producci\u00f3n de pan. (9:05)\"}]},{\"@type\":\"WebSite\",\"@id\":\"https:\\\/\\\/www.eldiario.net\\\/portal\\\/#website\",\"url\":\"https:\\\/\\\/www.eldiario.net\\\/portal\\\/\",\"name\":\"El Diario - Decano de la prensa nacional\",\"description\":\"El Diario - Decano de la prensa nacional\",\"publisher\":{\"@id\":\"https:\\\/\\\/www.eldiario.net\\\/portal\\\/#organization\"},\"potentialAction\":[{\"@type\":\"SearchAction\",\"target\":{\"@type\":\"EntryPoint\",\"urlTemplate\":\"https:\\\/\\\/www.eldiario.net\\\/portal\\\/?s={search_term_string}\"},\"query-input\":{\"@type\":\"PropertyValueSpecification\",\"valueRequired\":true,\"valueName\":\"search_term_string\"}}],\"inLanguage\":\"es\"},{\"@type\":\"Organization\",\"@id\":\"https:\\\/\\\/www.eldiario.net\\\/portal\\\/#organization\",\"name\":\"El Diario - Decano de la prensa nacional\",\"url\":\"https:\\\/\\\/www.eldiario.net\\\/portal\\\/\",\"logo\":{\"@type\":\"ImageObject\",\"inLanguage\":\"es\",\"@id\":\"https:\\\/\\\/www.eldiario.net\\\/portal\\\/#\\\/schema\\\/logo\\\/image\\\/\",\"url\":\"https:\\\/\\\/www.eldiario.net\\\/portal\\\/wp-content\\\/uploads\\\/2023\\\/07\\\/logo_ED.jpg\",\"contentUrl\":\"https:\\\/\\\/www.eldiario.net\\\/portal\\\/wp-content\\\/uploads\\\/2023\\\/07\\\/logo_ED.jpg\",\"width\":272,\"height\":52,\"caption\":\"El Diario - Decano de la prensa nacional\"},\"image\":{\"@id\":\"https:\\\/\\\/www.eldiario.net\\\/portal\\\/#\\\/schema\\\/logo\\\/image\\\/\"},\"sameAs\":[\"https:\\\/\\\/www.facebook.com\\\/eldiario.bolivia\\\/\",\"https:\\\/\\\/x.com\\\/eldiario_net\"]},{\"@type\":\"Person\",\"@id\":\"https:\\\/\\\/www.eldiario.net\\\/portal\\\/#\\\/schema\\\/person\\\/ba370d92d160f4d3574381f6d9b78fab\",\"name\":\"Viviana Monrroy\",\"image\":{\"@type\":\"ImageObject\",\"inLanguage\":\"es\",\"@id\":\"https:\\\/\\\/secure.gravatar.com\\\/avatar\\\/dfd1611ed5600959a0e5a9754503b6c05d1dcf190010998e0363aee2ad98afca?s=96&d=mm&r=g\",\"url\":\"https:\\\/\\\/secure.gravatar.com\\\/avatar\\\/dfd1611ed5600959a0e5a9754503b6c05d1dcf190010998e0363aee2ad98afca?s=96&d=mm&r=g\",\"contentUrl\":\"https:\\\/\\\/secure.gravatar.com\\\/avatar\\\/dfd1611ed5600959a0e5a9754503b6c05d1dcf190010998e0363aee2ad98afca?s=96&d=mm&r=g\",\"caption\":\"Viviana Monrroy\"},\"sameAs\":[\"http:\\\/\\\/www.eldiario.net\"],\"url\":\"https:\\\/\\\/www.eldiario.net\\\/portal\\\/author\\\/vivianamonrroy\\\/\"}]}<\/script>\n<!-- \/ Yoast SEO plugin. -->","yoast_head_json":{"title":"EMAPA no cumple con entrega de harina y afecta producci\u00f3n de pan. (9:05) - El Diario - Bolivia","robots":{"index":"index","follow":"follow","max-snippet":"max-snippet:-1","max-image-preview":"max-image-preview:large","max-video-preview":"max-video-preview:-1"},"canonical":"https:\/\/www.eldiario.net\/portal\/2025\/05\/27\/emapa-no-cumple-con-entrega-de-harina-y-afecta-produccion-de-pan-905\/","og_locale":"es_ES","og_type":"article","og_title":"EMAPA no cumple con entrega de harina y afecta producci\u00f3n de pan. (9:05) - El Diario - Bolivia","og_description":"La producci\u00f3n de pan ha disminuido considerablemente debido a que la Empresa de Apoyo a la Producci\u00f3n de Alimentos (EMAPA) no estar\u00eda entregado la cantidad de quintales diarios de harina que hab\u00eda comprometido, seg\u00fan denuncian los panificadores. Esta situaci\u00f3n ha generado escasez en algunas zonas de la ciudad de La Paz, y tambi\u00e9n afecta a [&hellip;]","og_url":"https:\/\/www.eldiario.net\/portal\/2025\/05\/27\/emapa-no-cumple-con-entrega-de-harina-y-afecta-produccion-de-pan-905\/","og_site_name":"El Diario - Bolivia","article_publisher":"https:\/\/www.facebook.com\/eldiario.bolivia\/","article_published_time":"2025-05-27T13:10:29+00:00","og_image":[{"width":350,"height":214,"url":"https:\/\/www.eldiario.net\/portal\/wp-content\/uploads\/2025\/05\/pan-33-e1748351401830.jpg","type":"image\/jpeg"}],"author":"Viviana Monrroy","twitter_card":"summary_large_image","twitter_creator":"@eldiario_net","twitter_site":"@eldiario_net","twitter_misc":{"Escrito por":"Viviana Monrroy","Tiempo de lectura":"1 minuto"},"schema":{"@context":"https:\/\/schema.org","@graph":[{"@type":"Article","@id":"https:\/\/www.eldiario.net\/portal\/2025\/05\/27\/emapa-no-cumple-con-entrega-de-harina-y-afecta-produccion-de-pan-905\/#article","isPartOf":{"@id":"https:\/\/www.eldiario.net\/portal\/2025\/05\/27\/emapa-no-cumple-con-entrega-de-harina-y-afecta-produccion-de-pan-905\/"},"author":{"name":"Viviana Monrroy","@id":"https:\/\/www.eldiario.net\/portal\/#\/schema\/person\/ba370d92d160f4d3574381f6d9b78fab"},"headline":"EMAPA no cumple con entrega de harina y afecta producci\u00f3n de pan. (9:05)","datePublished":"2025-05-27T13:10:29+00:00","mainEntityOfPage":{"@id":"https:\/\/www.eldiario.net\/portal\/2025\/05\/27\/emapa-no-cumple-con-entrega-de-harina-y-afecta-produccion-de-pan-905\/"},"wordCount":189,"publisher":{"@id":"https:\/\/www.eldiario.net\/portal\/#organization"},"image":{"@id":"https:\/\/www.eldiario.net\/portal\/2025\/05\/27\/emapa-no-cumple-con-entrega-de-harina-y-afecta-produccion-de-pan-905\/#primaryimage"},"thumbnailUrl":"https:\/\/www.eldiario.net\/portal\/wp-content\/uploads\/2025\/05\/pan-33-e1748351401830.jpg","articleSection":["\u00daltima Hora"],"inLanguage":"es"},{"@type":"WebPage","@id":"https:\/\/www.eldiario.net\/portal\/2025\/05\/27\/emapa-no-cumple-con-entrega-de-harina-y-afecta-produccion-de-pan-905\/","url":"https:\/\/www.eldiario.net\/portal\/2025\/05\/27\/emapa-no-cumple-con-entrega-de-harina-y-afecta-produccion-de-pan-905\/","name":"EMAPA no cumple con entrega de harina y afecta producci\u00f3n de pan. (9:05) - El Diario - Bolivia","isPartOf":{"@id":"https:\/\/www.eldiario.net\/portal\/#website"},"primaryImageOfPage":{"@id":"https:\/\/www.eldiario.net\/portal\/2025\/05\/27\/emapa-no-cumple-con-entrega-de-harina-y-afecta-produccion-de-pan-905\/#primaryimage"},"image":{"@id":"https:\/\/www.eldiario.net\/portal\/2025\/05\/27\/emapa-no-cumple-con-entrega-de-harina-y-afecta-produccion-de-pan-905\/#primaryimage"},"thumbnailUrl":"https:\/\/www.eldiario.net\/portal\/wp-content\/uploads\/2025\/05\/pan-33-e1748351401830.jpg","datePublished":"2025-05-27T13:10:29+00:00","breadcrumb":{"@id":"https:\/\/www.eldiario.net\/portal\/2025\/05\/27\/emapa-no-cumple-con-entrega-de-harina-y-afecta-produccion-de-pan-905\/#breadcrumb"},"inLanguage":"es","potentialAction":[{"@type":"ReadAction","target":["https:\/\/www.eldiario.net\/portal\/2025\/05\/27\/emapa-no-cumple-con-entrega-de-harina-y-afecta-produccion-de-pan-905\/"]}]},{"@type":"ImageObject","inLanguage":"es","@id":"https:\/\/www.eldiario.net\/portal\/2025\/05\/27\/emapa-no-cumple-con-entrega-de-harina-y-afecta-produccion-de-pan-905\/#primaryimage","url":"https:\/\/www.eldiario.net\/portal\/wp-content\/uploads\/2025\/05\/pan-33-e1748351401830.jpg","contentUrl":"https:\/\/www.eldiario.net\/portal\/wp-content\/uploads\/2025\/05\/pan-33-e1748351401830.jpg","width":350,"height":214,"caption":"Foto: RR.SS."},{"@type":"BreadcrumbList","@id":"https:\/\/www.eldiario.net\/portal\/2025\/05\/27\/emapa-no-cumple-con-entrega-de-harina-y-afecta-produccion-de-pan-905\/#breadcrumb","itemListElement":[{"@type":"ListItem","position":1,"name":"Portada","item":"https:\/\/www.eldiario.net\/portal\/"},{"@type":"ListItem","position":2,"name":"EMAPA no cumple con entrega de harina y afecta producci\u00f3n de pan. (9:05)"}]},{"@type":"WebSite","@id":"https:\/\/www.eldiario.net\/portal\/#website","url":"https:\/\/www.eldiario.net\/portal\/","name":"El Diario - Decano de la prensa nacional","description":"El Diario - Decano de la prensa nacional","publisher":{"@id":"https:\/\/www.eldiario.net\/portal\/#organization"},"potentialAction":[{"@type":"SearchAction","target":{"@type":"EntryPoint","urlTemplate":"https:\/\/www.eldiario.net\/portal\/?s={search_term_string}"},"query-input":{"@type":"PropertyValueSpecification","valueRequired":true,"valueName":"search_term_string"}}],"inLanguage":"es"},{"@type":"Organization","@id":"https:\/\/www.eldiario.net\/portal\/#organization","name":"El Diario - Decano de la prensa nacional","url":"https:\/\/www.eldiario.net\/portal\/","logo":{"@type":"ImageObject","inLanguage":"es","@id":"https:\/\/www.eldiario.net\/portal\/#\/schema\/logo\/image\/","url":"https:\/\/www.eldiario.net\/portal\/wp-content\/uploads\/2023\/07\/logo_ED.jpg","contentUrl":"https:\/\/www.eldiario.net\/portal\/wp-content\/uploads\/2023\/07\/logo_ED.jpg","width":272,"height":52,"caption":"El Diario - Decano de la prensa nacional"},"image":{"@id":"https:\/\/www.eldiario.net\/portal\/#\/schema\/logo\/image\/"},"sameAs":["https:\/\/www.facebook.com\/eldiario.bolivia\/","https:\/\/x.com\/eldiario_net"]},{"@type":"Person","@id":"https:\/\/www.eldiario.net\/portal\/#\/schema\/person\/ba370d92d160f4d3574381f6d9b78fab","name":"Viviana Monrroy","image":{"@type":"ImageObject","inLanguage":"es","@id":"https:\/\/secure.gravatar.com\/avatar\/dfd1611ed5600959a0e5a9754503b6c05d1dcf190010998e0363aee2ad98afca?s=96&d=mm&r=g","url":"https:\/\/secure.gravatar.com\/avatar\/dfd1611ed5600959a0e5a9754503b6c05d1dcf190010998e0363aee2ad98afca?s=96&d=mm&r=g","contentUrl":"https:\/\/secure.gravatar.com\/avatar\/dfd1611ed5600959a0e5a9754503b6c05d1dcf190010998e0363aee2ad98afca?s=96&d=mm&r=g","caption":"Viviana Monrroy"},"sameAs":["http:\/\/www.eldiario.net"],"url":"https:\/\/www.eldiario.net\/portal\/author\/vivianamonrroy\/"}]}},"_links":{"self":[{"href":"https:\/\/www.eldiario.net\/portal\/wp-json\/wp\/v2\/posts\/305396","targetHints":{"allow":["GET"]}}],"collection":[{"href":"https:\/\/www.eldiario.net\/portal\/wp-json\/wp\/v2\/posts"}],"about":[{"href":"https:\/\/www.eldiario.net\/portal\/wp-json\/wp\/v2\/types\/post"}],"author":[{"embeddable":true,"href":"https:\/\/www.eldiario.net\/portal\/wp-json\/wp\/v2\/users\/7"}],"replies":[{"embeddable":true,"href":"https:\/\/www.eldiario.net\/portal\/wp-json\/wp\/v2\/comments?post=305396"}],"version-history":[{"count":1,"href":"https:\/\/www.eldiario.net\/portal\/wp-json\/wp\/v2\/posts\/305396\/revisions"}],"predecessor-version":[{"id":305399,"href":"https:\/\/www.eldiario.net\/portal\/wp-json\/wp\/v2\/posts\/305396\/revisions\/305399"}],"wp:featuredmedia":[{"embeddable":true,"href":"https:\/\/www.eldiario.net\/portal\/wp-json\/wp\/v2\/media\/305398"}],"wp:attachment":[{"href":"https:\/\/www.eldiario.net\/portal\/wp-json\/wp\/v2\/media?parent=305396"}],"wp:term":[{"taxonomy":"category","embeddable":true,"href":"https:\/\/www.eldiario.net\/portal\/wp-json\/wp\/v2\/categories?post=305396"},{"taxonomy":"post_tag","embeddable":true,"href":"https:\/\/www.eldiario.net\/portal\/wp-json\/wp\/v2\/tags?post=305396"}],"curies":[{"name":"wp","href":"https:\/\/api.w.org\/{rel}","templated":true}]}}