{"id":305391,"date":"2025-05-27T07:19:27","date_gmt":"2025-05-27T11:19:27","guid":{"rendered":"https:\/\/www.eldiario.net\/portal\/?p=305391"},"modified":"2025-05-27T07:19:27","modified_gmt":"2025-05-27T11:19:27","slug":"aurora-se-desquita-con-goleada","status":"publish","type":"post","link":"https:\/\/www.eldiario.net\/portal\/2025\/05\/27\/aurora-se-desquita-con-goleada\/","title":{"rendered":"Aurora se desquita con goleada"},"content":{"rendered":"<div>El ciclo del entrenador Marcelo Robledo lleg\u00f3 a final, despu\u00e9s de dos a\u00f1os al mando de Independiente, tras la derrota ante Aurora por 2-4, la noche de este lunes, en el estadio Patria, frente a un rival que est\u00e1 desahuciado con la ratificaci\u00f3n del fallo de menos 33 puntos en el Campeonato.<\/div>\n<div dir=\"auto\"><\/div>\n<div dir=\"auto\">Aurora trat\u00f3 de ocultar su tristeza y frustraci\u00f3n por la ratificaci\u00f3n de su castigo y jug\u00f3 como si no tuviera que cargar con semejante sanci\u00f3n por el caso de Monta\u00f1o Moiz\u00e1n. Era sorprendente la forma en la cual los celestes se desenvolvieron en el campo de juego, con la libertad que s\u00f3lo un elenco sin alma, como Independiente, pod\u00eda permitir.<\/div>\n<div dir=\"auto\"><\/div>\n<div dir=\"auto\">Ramiro Ballivian anot\u00f3 el 1-0, a los 16 minutos, empujando un centro de Jair Torrico. El segundo gol lleg\u00f3 por intermedio de una ejecuci\u00f3n penal de David Robles, a los 36 minutos, enviando la pelota al medio del arco, con Johan L\u00f3pez, lanz\u00e1ndose a un costado.<\/div>\n<div dir=\"auto\"><\/div>\n<div dir=\"auto\">El descuento lleg\u00f3 a los 48\u00b4, en los minutos iniciales del complemento, con un golpe de cabeza, capturando un centro de tiro libre indirecto. Esta ventaja de un gol pod\u00eda ser remontada por el \u00abInde\u00bb; sin embargo, el problema era de fondo y termin\u00f3 por regalar metros de manera inexplicable, viendo c\u00f3mo se cay\u00f3 cualquier plan en cuesti\u00f3n en cuatro minutos.<\/div>\n<div dir=\"auto\"><\/div>\n<div dir=\"auto\">Roland Escobar aument\u00f3 la cuenta a 3-1 (51\u00b4) con un golpe de cabeza ante un centro de Jair Torrico, y el 4-1 subi\u00f3 al marcador pronto (55\u00b4) con el futbolista como el autor, enviando la pelota por debajo ante la salida del arquero, aprovechando los metros que le concedi\u00f3 la defensa.<\/div>\n<div dir=\"auto\"><\/div>\n<div dir=\"auto\">Tarde en el partido, Independiente subi\u00f3 el segundo tanto (88\u00b4) con un disparo de derecha de Ubah, desde fuera del \u00e1rea, sorprendiendo a Luis C\u00e1rdenas. Para esas alturas del encuentro, la presidenta del club, Jenny Monta\u00f1o, estaba haciendo llamadas telef\u00f3nicas desde el palco, comenzando a buscar un nuevo entrenador ante la salida inminente de Robledo, quien en la conferencia de prensa anunci\u00f3 su alejamiento.<\/div>\n","protected":false},"excerpt":{"rendered":"<p>El ciclo del entrenador Marcelo Robledo lleg\u00f3 a final, despu\u00e9s de dos a\u00f1os al mando de Independiente, tras la derrota ante Aurora por 2-4, la noche de este lunes, en el estadio Patria, frente a un rival que est\u00e1 desahuciado con la ratificaci\u00f3n del fallo de menos 33 puntos en el Campeonato. Aurora trat\u00f3 de [&hellip;]<\/p>\n","protected":false},"author":1,"featured_media":305392,"comment_status":"closed","ping_status":"open","sticky":false,"template":"","format":"standard","meta":{"_acf_changed":false,"footnotes":""},"categories":[6],"tags":[],"class_list":["post-305391","post","type-post","status-publish","format-standard","has-post-thumbnail","category-deportes"],"acf":{"antetitulo":""},"yoast_head":"<!-- This site is optimized with the Yoast SEO plugin v28.3 - https:\/\/yoast.com\/product\/yoast-seo-wordpress\/ -->\n<title>Aurora se desquita con goleada - El Diario - Bolivia<\/title>\n<meta name=\"robots\" content=\"index, follow, max-snippet:-1, max-image-preview:large, max-video-preview:-1\" \/>\n<link rel=\"canonical\" href=\"https:\/\/www.eldiario.net\/portal\/2025\/05\/27\/aurora-se-desquita-con-goleada\/\" \/>\n<meta property=\"og:locale\" content=\"es_ES\" \/>\n<meta property=\"og:type\" content=\"article\" \/>\n<meta property=\"og:title\" content=\"Aurora se desquita con goleada - El Diario - Bolivia\" \/>\n<meta property=\"og:description\" content=\"El ciclo del entrenador Marcelo Robledo lleg\u00f3 a final, despu\u00e9s de dos a\u00f1os al mando de Independiente, tras la derrota ante Aurora por 2-4, la noche de este lunes, en el estadio Patria, frente a un rival que est\u00e1 desahuciado con la ratificaci\u00f3n del fallo de menos 33 puntos en el Campeonato. Aurora trat\u00f3 de [&hellip;]\" \/>\n<meta property=\"og:url\" content=\"https:\/\/www.eldiario.net\/portal\/2025\/05\/27\/aurora-se-desquita-con-goleada\/\" \/>\n<meta property=\"og:site_name\" content=\"El Diario - Bolivia\" \/>\n<meta property=\"article:publisher\" content=\"https:\/\/www.facebook.com\/eldiario.bolivia\/\" \/>\n<meta property=\"article:published_time\" content=\"2025-05-27T11:19:27+00:00\" \/>\n<meta property=\"og:image\" content=\"https:\/\/www.eldiario.net\/portal\/wp-content\/uploads\/2025\/05\/1000659376.jpg\" \/>\n\t<meta property=\"og:image:width\" content=\"1200\" \/>\n\t<meta property=\"og:image:height\" content=\"865\" \/>\n\t<meta property=\"og:image:type\" content=\"image\/jpeg\" \/>\n<meta name=\"author\" content=\"Jeanette\" \/>\n<meta name=\"twitter:card\" content=\"summary_large_image\" \/>\n<meta name=\"twitter:creator\" content=\"@eldiario_net\" \/>\n<meta name=\"twitter:site\" content=\"@eldiario_net\" \/>\n<meta name=\"twitter:label1\" content=\"Escrito por\" \/>\n\t<meta name=\"twitter:data1\" content=\"Jeanette\" \/>\n\t<meta name=\"twitter:label2\" content=\"Tiempo de lectura\" \/>\n\t<meta name=\"twitter:data2\" content=\"2 minutos\" \/>\n<script type=\"application\/ld+json\" class=\"yoast-schema-graph\">{\"@context\":\"https:\\\/\\\/schema.org\",\"@graph\":[{\"@type\":\"Article\",\"@id\":\"https:\\\/\\\/www.eldiario.net\\\/portal\\\/2025\\\/05\\\/27\\\/aurora-se-desquita-con-goleada\\\/#article\",\"isPartOf\":{\"@id\":\"https:\\\/\\\/www.eldiario.net\\\/portal\\\/2025\\\/05\\\/27\\\/aurora-se-desquita-con-goleada\\\/\"},\"author\":{\"name\":\"Jeanette\",\"@id\":\"https:\\\/\\\/www.eldiario.net\\\/portal\\\/#\\\/schema\\\/person\\\/f46445640444750d7d753ccd04ae01b7\"},\"headline\":\"Aurora se desquita con goleada\",\"datePublished\":\"2025-05-27T11:19:27+00:00\",\"mainEntityOfPage\":{\"@id\":\"https:\\\/\\\/www.eldiario.net\\\/portal\\\/2025\\\/05\\\/27\\\/aurora-se-desquita-con-goleada\\\/\"},\"wordCount\":351,\"publisher\":{\"@id\":\"https:\\\/\\\/www.eldiario.net\\\/portal\\\/#organization\"},\"image\":{\"@id\":\"https:\\\/\\\/www.eldiario.net\\\/portal\\\/2025\\\/05\\\/27\\\/aurora-se-desquita-con-goleada\\\/#primaryimage\"},\"thumbnailUrl\":\"https:\\\/\\\/www.eldiario.net\\\/portal\\\/wp-content\\\/uploads\\\/2025\\\/05\\\/1000659376.jpg\",\"articleSection\":[\"Deportes\"],\"inLanguage\":\"es\"},{\"@type\":\"WebPage\",\"@id\":\"https:\\\/\\\/www.eldiario.net\\\/portal\\\/2025\\\/05\\\/27\\\/aurora-se-desquita-con-goleada\\\/\",\"url\":\"https:\\\/\\\/www.eldiario.net\\\/portal\\\/2025\\\/05\\\/27\\\/aurora-se-desquita-con-goleada\\\/\",\"name\":\"Aurora se desquita con goleada - El Diario - Bolivia\",\"isPartOf\":{\"@id\":\"https:\\\/\\\/www.eldiario.net\\\/portal\\\/#website\"},\"primaryImageOfPage\":{\"@id\":\"https:\\\/\\\/www.eldiario.net\\\/portal\\\/2025\\\/05\\\/27\\\/aurora-se-desquita-con-goleada\\\/#primaryimage\"},\"image\":{\"@id\":\"https:\\\/\\\/www.eldiario.net\\\/portal\\\/2025\\\/05\\\/27\\\/aurora-se-desquita-con-goleada\\\/#primaryimage\"},\"thumbnailUrl\":\"https:\\\/\\\/www.eldiario.net\\\/portal\\\/wp-content\\\/uploads\\\/2025\\\/05\\\/1000659376.jpg\",\"datePublished\":\"2025-05-27T11:19:27+00:00\",\"breadcrumb\":{\"@id\":\"https:\\\/\\\/www.eldiario.net\\\/portal\\\/2025\\\/05\\\/27\\\/aurora-se-desquita-con-goleada\\\/#breadcrumb\"},\"inLanguage\":\"es\",\"potentialAction\":[{\"@type\":\"ReadAction\",\"target\":[\"https:\\\/\\\/www.eldiario.net\\\/portal\\\/2025\\\/05\\\/27\\\/aurora-se-desquita-con-goleada\\\/\"]}]},{\"@type\":\"ImageObject\",\"inLanguage\":\"es\",\"@id\":\"https:\\\/\\\/www.eldiario.net\\\/portal\\\/2025\\\/05\\\/27\\\/aurora-se-desquita-con-goleada\\\/#primaryimage\",\"url\":\"https:\\\/\\\/www.eldiario.net\\\/portal\\\/wp-content\\\/uploads\\\/2025\\\/05\\\/1000659376.jpg\",\"contentUrl\":\"https:\\\/\\\/www.eldiario.net\\\/portal\\\/wp-content\\\/uploads\\\/2025\\\/05\\\/1000659376.jpg\",\"width\":1200,\"height\":865},{\"@type\":\"BreadcrumbList\",\"@id\":\"https:\\\/\\\/www.eldiario.net\\\/portal\\\/2025\\\/05\\\/27\\\/aurora-se-desquita-con-goleada\\\/#breadcrumb\",\"itemListElement\":[{\"@type\":\"ListItem\",\"position\":1,\"name\":\"Portada\",\"item\":\"https:\\\/\\\/www.eldiario.net\\\/portal\\\/\"},{\"@type\":\"ListItem\",\"position\":2,\"name\":\"Aurora se desquita con goleada\"}]},{\"@type\":\"WebSite\",\"@id\":\"https:\\\/\\\/www.eldiario.net\\\/portal\\\/#website\",\"url\":\"https:\\\/\\\/www.eldiario.net\\\/portal\\\/\",\"name\":\"El Diario - Decano de la prensa nacional\",\"description\":\"El Diario - Decano de la prensa nacional\",\"publisher\":{\"@id\":\"https:\\\/\\\/www.eldiario.net\\\/portal\\\/#organization\"},\"potentialAction\":[{\"@type\":\"SearchAction\",\"target\":{\"@type\":\"EntryPoint\",\"urlTemplate\":\"https:\\\/\\\/www.eldiario.net\\\/portal\\\/?s={search_term_string}\"},\"query-input\":{\"@type\":\"PropertyValueSpecification\",\"valueRequired\":true,\"valueName\":\"search_term_string\"}}],\"inLanguage\":\"es\"},{\"@type\":\"Organization\",\"@id\":\"https:\\\/\\\/www.eldiario.net\\\/portal\\\/#organization\",\"name\":\"El Diario - Decano de la prensa nacional\",\"url\":\"https:\\\/\\\/www.eldiario.net\\\/portal\\\/\",\"logo\":{\"@type\":\"ImageObject\",\"inLanguage\":\"es\",\"@id\":\"https:\\\/\\\/www.eldiario.net\\\/portal\\\/#\\\/schema\\\/logo\\\/image\\\/\",\"url\":\"https:\\\/\\\/www.eldiario.net\\\/portal\\\/wp-content\\\/uploads\\\/2023\\\/07\\\/logo_ED.jpg\",\"contentUrl\":\"https:\\\/\\\/www.eldiario.net\\\/portal\\\/wp-content\\\/uploads\\\/2023\\\/07\\\/logo_ED.jpg\",\"width\":272,\"height\":52,\"caption\":\"El Diario - Decano de la prensa nacional\"},\"image\":{\"@id\":\"https:\\\/\\\/www.eldiario.net\\\/portal\\\/#\\\/schema\\\/logo\\\/image\\\/\"},\"sameAs\":[\"https:\\\/\\\/www.facebook.com\\\/eldiario.bolivia\\\/\",\"https:\\\/\\\/x.com\\\/eldiario_net\"]},{\"@type\":\"Person\",\"@id\":\"https:\\\/\\\/www.eldiario.net\\\/portal\\\/#\\\/schema\\\/person\\\/f46445640444750d7d753ccd04ae01b7\",\"name\":\"Jeanette\",\"image\":{\"@type\":\"ImageObject\",\"inLanguage\":\"es\",\"@id\":\"https:\\\/\\\/secure.gravatar.com\\\/avatar\\\/3ea2118a5f7dad2b7138b1187a6b7ee55f160b9968b66013c3a3ef39dd7e5798?s=96&d=mm&r=g\",\"url\":\"https:\\\/\\\/secure.gravatar.com\\\/avatar\\\/3ea2118a5f7dad2b7138b1187a6b7ee55f160b9968b66013c3a3ef39dd7e5798?s=96&d=mm&r=g\",\"contentUrl\":\"https:\\\/\\\/secure.gravatar.com\\\/avatar\\\/3ea2118a5f7dad2b7138b1187a6b7ee55f160b9968b66013c3a3ef39dd7e5798?s=96&d=mm&r=g\",\"caption\":\"Jeanette\"},\"sameAs\":[\"https:\\\/\\\/www.eldiario.net\\\/portal\"],\"url\":\"https:\\\/\\\/www.eldiario.net\\\/portal\\\/author\\\/jeanette\\\/\"}]}<\/script>\n<!-- \/ Yoast SEO plugin. -->","yoast_head_json":{"title":"Aurora se desquita con goleada - El Diario - Bolivia","robots":{"index":"index","follow":"follow","max-snippet":"max-snippet:-1","max-image-preview":"max-image-preview:large","max-video-preview":"max-video-preview:-1"},"canonical":"https:\/\/www.eldiario.net\/portal\/2025\/05\/27\/aurora-se-desquita-con-goleada\/","og_locale":"es_ES","og_type":"article","og_title":"Aurora se desquita con goleada - El Diario - Bolivia","og_description":"El ciclo del entrenador Marcelo Robledo lleg\u00f3 a final, despu\u00e9s de dos a\u00f1os al mando de Independiente, tras la derrota ante Aurora por 2-4, la noche de este lunes, en el estadio Patria, frente a un rival que est\u00e1 desahuciado con la ratificaci\u00f3n del fallo de menos 33 puntos en el Campeonato. Aurora trat\u00f3 de [&hellip;]","og_url":"https:\/\/www.eldiario.net\/portal\/2025\/05\/27\/aurora-se-desquita-con-goleada\/","og_site_name":"El Diario - Bolivia","article_publisher":"https:\/\/www.facebook.com\/eldiario.bolivia\/","article_published_time":"2025-05-27T11:19:27+00:00","og_image":[{"width":1200,"height":865,"url":"https:\/\/www.eldiario.net\/portal\/wp-content\/uploads\/2025\/05\/1000659376.jpg","type":"image\/jpeg"}],"author":"Jeanette","twitter_card":"summary_large_image","twitter_creator":"@eldiario_net","twitter_site":"@eldiario_net","twitter_misc":{"Escrito por":"Jeanette","Tiempo de lectura":"2 minutos"},"schema":{"@context":"https:\/\/schema.org","@graph":[{"@type":"Article","@id":"https:\/\/www.eldiario.net\/portal\/2025\/05\/27\/aurora-se-desquita-con-goleada\/#article","isPartOf":{"@id":"https:\/\/www.eldiario.net\/portal\/2025\/05\/27\/aurora-se-desquita-con-goleada\/"},"author":{"name":"Jeanette","@id":"https:\/\/www.eldiario.net\/portal\/#\/schema\/person\/f46445640444750d7d753ccd04ae01b7"},"headline":"Aurora se desquita con goleada","datePublished":"2025-05-27T11:19:27+00:00","mainEntityOfPage":{"@id":"https:\/\/www.eldiario.net\/portal\/2025\/05\/27\/aurora-se-desquita-con-goleada\/"},"wordCount":351,"publisher":{"@id":"https:\/\/www.eldiario.net\/portal\/#organization"},"image":{"@id":"https:\/\/www.eldiario.net\/portal\/2025\/05\/27\/aurora-se-desquita-con-goleada\/#primaryimage"},"thumbnailUrl":"https:\/\/www.eldiario.net\/portal\/wp-content\/uploads\/2025\/05\/1000659376.jpg","articleSection":["Deportes"],"inLanguage":"es"},{"@type":"WebPage","@id":"https:\/\/www.eldiario.net\/portal\/2025\/05\/27\/aurora-se-desquita-con-goleada\/","url":"https:\/\/www.eldiario.net\/portal\/2025\/05\/27\/aurora-se-desquita-con-goleada\/","name":"Aurora se desquita con goleada - El Diario - Bolivia","isPartOf":{"@id":"https:\/\/www.eldiario.net\/portal\/#website"},"primaryImageOfPage":{"@id":"https:\/\/www.eldiario.net\/portal\/2025\/05\/27\/aurora-se-desquita-con-goleada\/#primaryimage"},"image":{"@id":"https:\/\/www.eldiario.net\/portal\/2025\/05\/27\/aurora-se-desquita-con-goleada\/#primaryimage"},"thumbnailUrl":"https:\/\/www.eldiario.net\/portal\/wp-content\/uploads\/2025\/05\/1000659376.jpg","datePublished":"2025-05-27T11:19:27+00:00","breadcrumb":{"@id":"https:\/\/www.eldiario.net\/portal\/2025\/05\/27\/aurora-se-desquita-con-goleada\/#breadcrumb"},"inLanguage":"es","potentialAction":[{"@type":"ReadAction","target":["https:\/\/www.eldiario.net\/portal\/2025\/05\/27\/aurora-se-desquita-con-goleada\/"]}]},{"@type":"ImageObject","inLanguage":"es","@id":"https:\/\/www.eldiario.net\/portal\/2025\/05\/27\/aurora-se-desquita-con-goleada\/#primaryimage","url":"https:\/\/www.eldiario.net\/portal\/wp-content\/uploads\/2025\/05\/1000659376.jpg","contentUrl":"https:\/\/www.eldiario.net\/portal\/wp-content\/uploads\/2025\/05\/1000659376.jpg","width":1200,"height":865},{"@type":"BreadcrumbList","@id":"https:\/\/www.eldiario.net\/portal\/2025\/05\/27\/aurora-se-desquita-con-goleada\/#breadcrumb","itemListElement":[{"@type":"ListItem","position":1,"name":"Portada","item":"https:\/\/www.eldiario.net\/portal\/"},{"@type":"ListItem","position":2,"name":"Aurora se desquita con goleada"}]},{"@type":"WebSite","@id":"https:\/\/www.eldiario.net\/portal\/#website","url":"https:\/\/www.eldiario.net\/portal\/","name":"El Diario - Decano de la prensa nacional","description":"El Diario - Decano de la prensa nacional","publisher":{"@id":"https:\/\/www.eldiario.net\/portal\/#organization"},"potentialAction":[{"@type":"SearchAction","target":{"@type":"EntryPoint","urlTemplate":"https:\/\/www.eldiario.net\/portal\/?s={search_term_string}"},"query-input":{"@type":"PropertyValueSpecification","valueRequired":true,"valueName":"search_term_string"}}],"inLanguage":"es"},{"@type":"Organization","@id":"https:\/\/www.eldiario.net\/portal\/#organization","name":"El Diario - Decano de la prensa nacional","url":"https:\/\/www.eldiario.net\/portal\/","logo":{"@type":"ImageObject","inLanguage":"es","@id":"https:\/\/www.eldiario.net\/portal\/#\/schema\/logo\/image\/","url":"https:\/\/www.eldiario.net\/portal\/wp-content\/uploads\/2023\/07\/logo_ED.jpg","contentUrl":"https:\/\/www.eldiario.net\/portal\/wp-content\/uploads\/2023\/07\/logo_ED.jpg","width":272,"height":52,"caption":"El Diario - Decano de la prensa nacional"},"image":{"@id":"https:\/\/www.eldiario.net\/portal\/#\/schema\/logo\/image\/"},"sameAs":["https:\/\/www.facebook.com\/eldiario.bolivia\/","https:\/\/x.com\/eldiario_net"]},{"@type":"Person","@id":"https:\/\/www.eldiario.net\/portal\/#\/schema\/person\/f46445640444750d7d753ccd04ae01b7","name":"Jeanette","image":{"@type":"ImageObject","inLanguage":"es","@id":"https:\/\/secure.gravatar.com\/avatar\/3ea2118a5f7dad2b7138b1187a6b7ee55f160b9968b66013c3a3ef39dd7e5798?s=96&d=mm&r=g","url":"https:\/\/secure.gravatar.com\/avatar\/3ea2118a5f7dad2b7138b1187a6b7ee55f160b9968b66013c3a3ef39dd7e5798?s=96&d=mm&r=g","contentUrl":"https:\/\/secure.gravatar.com\/avatar\/3ea2118a5f7dad2b7138b1187a6b7ee55f160b9968b66013c3a3ef39dd7e5798?s=96&d=mm&r=g","caption":"Jeanette"},"sameAs":["https:\/\/www.eldiario.net\/portal"],"url":"https:\/\/www.eldiario.net\/portal\/author\/jeanette\/"}]}},"_links":{"self":[{"href":"https:\/\/www.eldiario.net\/portal\/wp-json\/wp\/v2\/posts\/305391","targetHints":{"allow":["GET"]}}],"collection":[{"href":"https:\/\/www.eldiario.net\/portal\/wp-json\/wp\/v2\/posts"}],"about":[{"href":"https:\/\/www.eldiario.net\/portal\/wp-json\/wp\/v2\/types\/post"}],"author":[{"embeddable":true,"href":"https:\/\/www.eldiario.net\/portal\/wp-json\/wp\/v2\/users\/1"}],"replies":[{"embeddable":true,"href":"https:\/\/www.eldiario.net\/portal\/wp-json\/wp\/v2\/comments?post=305391"}],"version-history":[{"count":1,"href":"https:\/\/www.eldiario.net\/portal\/wp-json\/wp\/v2\/posts\/305391\/revisions"}],"predecessor-version":[{"id":305393,"href":"https:\/\/www.eldiario.net\/portal\/wp-json\/wp\/v2\/posts\/305391\/revisions\/305393"}],"wp:featuredmedia":[{"embeddable":true,"href":"https:\/\/www.eldiario.net\/portal\/wp-json\/wp\/v2\/media\/305392"}],"wp:attachment":[{"href":"https:\/\/www.eldiario.net\/portal\/wp-json\/wp\/v2\/media?parent=305391"}],"wp:term":[{"taxonomy":"category","embeddable":true,"href":"https:\/\/www.eldiario.net\/portal\/wp-json\/wp\/v2\/categories?post=305391"},{"taxonomy":"post_tag","embeddable":true,"href":"https:\/\/www.eldiario.net\/portal\/wp-json\/wp\/v2\/tags?post=305391"}],"curies":[{"name":"wp","href":"https:\/\/api.w.org\/{rel}","templated":true}]}}