{"id":305382,"date":"2025-05-27T07:16:59","date_gmt":"2025-05-27T11:16:59","guid":{"rendered":"https:\/\/www.eldiario.net\/portal\/?p=305382"},"modified":"2025-05-27T07:16:59","modified_gmt":"2025-05-27T11:16:59","slug":"tribunal-de-apelacion-ratifica-el-fallo-contra-aurora","status":"publish","type":"post","link":"https:\/\/www.eldiario.net\/portal\/2025\/05\/27\/tribunal-de-apelacion-ratifica-el-fallo-contra-aurora\/","title":{"rendered":"Tribunal de Apelaci\u00f3n ratifica el fallo contra Aurora"},"content":{"rendered":"<p>Aurora qued\u00f3 condenado al descenso directo de categor\u00eda con la determinaci\u00f3n emitida por el Tribunal Superior de Apelaci\u00f3n (TSA) de la Federaci\u00f3n Boliviana de F\u00fatbol (FBF), ratificando el fallo del Tribunal de Disciplina Deportiva, que establece un castigo de menos 33 puntos en la tabla del Campeonato, por el caso Monta\u00f1o Moiz\u00e1n.<\/p>\n<p>Este lunes fue conocida la resoluci\u00f3n del Tribunal de Apelaci\u00f3n, \u201cconfirmando en todas sus partes la sentencia deportiva del 28 de febrero de 2025, emitida por el Tribunal de Disciplina Deportiva\u201d, dejando al club celeste al borde del barranco.<\/p>\n<p>El Equipo del Pueblo est\u00e1 en el fondo de la tabla del torneo largo (todos contra todos), descontando el castigo, con los jugadores esperando que se levante o se reduzca la pena, pero el equipo jur\u00eddico de los aurorista fracas\u00f3 en este intento, dentro de la justica deportiva boliviana. En nueve fechas, el representativo valluno gan\u00f3 tres partidos, empat\u00f3 dos y perdi\u00f3 cuatro.<\/p>\n<p>Adem\u00e1s de cargar con esta piedra pesada de menos 33 puntos, la sanci\u00f3n ratificado tambi\u00e9n caer sobre el presidente del club, Jaime Cornejo Parra, y su ex esposa, Sandra Valencia Ramallo, ambos suspendidos de toda actividad vinculada al f\u00fatbol por tres a\u00f1os y para el futbolista Monta\u00f1o Moizan el castigo es de dos a\u00f1os.<\/p>\n<p>Este fallo del TSA surge d\u00edas despu\u00e9s de que un grupo de hinchas de Aurora cometi\u00f3 vandalismo en las oficinas del presidente de este ente punitivo, Marcos Goytia, el pasado viernes, presionando para que falle a favor de los celestes, como anticipando a lo que iba a suceder.<\/p>\n<p>&nbsp;<\/p>\n<p>APELACI\u00d3N<\/p>\n<p>Cornejo adelant\u00f3 que agotar\u00e1 los recursos legales para revertir esta sanci\u00f3n, qued\u00e1ndole como \u00faltimo recurso la apelaci\u00f3n ante el Tribunal de Arbitraje Deportivo (TAS), fuera del pa\u00eds, decisi\u00f3n que ser\u00e1 ratificada este martes en la conferencia de prensa.<\/p>\n<p>&nbsp;<\/p>\n<p>PASI\u00d3N CELESTE<\/p>\n<p>Con esta ratificaci\u00f3n, la ex pareja de Cornejo, Sandra Valencia Ramallo, tendr\u00e1 que alejarse de la dirigencia del club Pasi\u00f3n Celeste, que juega en el torneo de la Asociaci\u00f3n de Cochabamba, buscando el ascenso al profesionalismo. Esta entidad funciona en los mismos predios del complejo de la laguna Alalay.<\/p>\n<p>&nbsp;<\/p>\n<p>(APG)<\/p>\n<p>&nbsp;<\/p>\n","protected":false},"excerpt":{"rendered":"<p>Aurora qued\u00f3 condenado al descenso directo de categor\u00eda con la determinaci\u00f3n emitida por el Tribunal Superior de Apelaci\u00f3n (TSA) de la Federaci\u00f3n Boliviana de F\u00fatbol (FBF), ratificando el fallo del Tribunal de Disciplina Deportiva, que establece un castigo de menos 33 puntos en la tabla del Campeonato, por el caso Monta\u00f1o Moiz\u00e1n. Este lunes fue [&hellip;]<\/p>\n","protected":false},"author":1,"featured_media":305383,"comment_status":"closed","ping_status":"open","sticky":false,"template":"","format":"standard","meta":{"_acf_changed":false,"footnotes":""},"categories":[6],"tags":[],"class_list":["post-305382","post","type-post","status-publish","format-standard","has-post-thumbnail","category-deportes"],"acf":{"antetitulo":""},"yoast_head":"<!-- This site is optimized with the Yoast SEO plugin v28.3 - https:\/\/yoast.com\/product\/yoast-seo-wordpress\/ -->\n<title>Tribunal de Apelaci\u00f3n ratifica el fallo contra Aurora - El Diario - Bolivia<\/title>\n<meta name=\"robots\" content=\"index, follow, max-snippet:-1, max-image-preview:large, max-video-preview:-1\" \/>\n<link rel=\"canonical\" href=\"https:\/\/www.eldiario.net\/portal\/2025\/05\/27\/tribunal-de-apelacion-ratifica-el-fallo-contra-aurora\/\" \/>\n<meta property=\"og:locale\" content=\"es_ES\" \/>\n<meta property=\"og:type\" content=\"article\" \/>\n<meta property=\"og:title\" content=\"Tribunal de Apelaci\u00f3n ratifica el fallo contra Aurora - El Diario - Bolivia\" \/>\n<meta property=\"og:description\" content=\"Aurora qued\u00f3 condenado al descenso directo de categor\u00eda con la determinaci\u00f3n emitida por el Tribunal Superior de Apelaci\u00f3n (TSA) de la Federaci\u00f3n Boliviana de F\u00fatbol (FBF), ratificando el fallo del Tribunal de Disciplina Deportiva, que establece un castigo de menos 33 puntos en la tabla del Campeonato, por el caso Monta\u00f1o Moiz\u00e1n. Este lunes fue [&hellip;]\" \/>\n<meta property=\"og:url\" content=\"https:\/\/www.eldiario.net\/portal\/2025\/05\/27\/tribunal-de-apelacion-ratifica-el-fallo-contra-aurora\/\" \/>\n<meta property=\"og:site_name\" content=\"El Diario - Bolivia\" \/>\n<meta property=\"article:publisher\" content=\"https:\/\/www.facebook.com\/eldiario.bolivia\/\" \/>\n<meta property=\"article:published_time\" content=\"2025-05-27T11:16:59+00:00\" \/>\n<meta property=\"og:image\" content=\"https:\/\/www.eldiario.net\/portal\/wp-content\/uploads\/2025\/05\/Aurora-26.jpg\" \/>\n\t<meta property=\"og:image:width\" content=\"1200\" \/>\n\t<meta property=\"og:image:height\" content=\"792\" \/>\n\t<meta property=\"og:image:type\" content=\"image\/jpeg\" \/>\n<meta name=\"author\" content=\"Jeanette\" \/>\n<meta name=\"twitter:card\" content=\"summary_large_image\" \/>\n<meta name=\"twitter:creator\" content=\"@eldiario_net\" \/>\n<meta name=\"twitter:site\" content=\"@eldiario_net\" \/>\n<meta name=\"twitter:label1\" content=\"Escrito por\" \/>\n\t<meta name=\"twitter:data1\" content=\"Jeanette\" \/>\n\t<meta name=\"twitter:label2\" content=\"Tiempo de lectura\" \/>\n\t<meta name=\"twitter:data2\" content=\"2 minutos\" \/>\n<script type=\"application\/ld+json\" class=\"yoast-schema-graph\">{\"@context\":\"https:\\\/\\\/schema.org\",\"@graph\":[{\"@type\":\"Article\",\"@id\":\"https:\\\/\\\/www.eldiario.net\\\/portal\\\/2025\\\/05\\\/27\\\/tribunal-de-apelacion-ratifica-el-fallo-contra-aurora\\\/#article\",\"isPartOf\":{\"@id\":\"https:\\\/\\\/www.eldiario.net\\\/portal\\\/2025\\\/05\\\/27\\\/tribunal-de-apelacion-ratifica-el-fallo-contra-aurora\\\/\"},\"author\":{\"name\":\"Jeanette\",\"@id\":\"https:\\\/\\\/www.eldiario.net\\\/portal\\\/#\\\/schema\\\/person\\\/f46445640444750d7d753ccd04ae01b7\"},\"headline\":\"Tribunal de Apelaci\u00f3n ratifica el fallo contra Aurora\",\"datePublished\":\"2025-05-27T11:16:59+00:00\",\"mainEntityOfPage\":{\"@id\":\"https:\\\/\\\/www.eldiario.net\\\/portal\\\/2025\\\/05\\\/27\\\/tribunal-de-apelacion-ratifica-el-fallo-contra-aurora\\\/\"},\"wordCount\":385,\"publisher\":{\"@id\":\"https:\\\/\\\/www.eldiario.net\\\/portal\\\/#organization\"},\"image\":{\"@id\":\"https:\\\/\\\/www.eldiario.net\\\/portal\\\/2025\\\/05\\\/27\\\/tribunal-de-apelacion-ratifica-el-fallo-contra-aurora\\\/#primaryimage\"},\"thumbnailUrl\":\"https:\\\/\\\/www.eldiario.net\\\/portal\\\/wp-content\\\/uploads\\\/2025\\\/05\\\/Aurora-26.jpg\",\"articleSection\":[\"Deportes\"],\"inLanguage\":\"es\"},{\"@type\":\"WebPage\",\"@id\":\"https:\\\/\\\/www.eldiario.net\\\/portal\\\/2025\\\/05\\\/27\\\/tribunal-de-apelacion-ratifica-el-fallo-contra-aurora\\\/\",\"url\":\"https:\\\/\\\/www.eldiario.net\\\/portal\\\/2025\\\/05\\\/27\\\/tribunal-de-apelacion-ratifica-el-fallo-contra-aurora\\\/\",\"name\":\"Tribunal de Apelaci\u00f3n ratifica el fallo contra Aurora - El Diario - Bolivia\",\"isPartOf\":{\"@id\":\"https:\\\/\\\/www.eldiario.net\\\/portal\\\/#website\"},\"primaryImageOfPage\":{\"@id\":\"https:\\\/\\\/www.eldiario.net\\\/portal\\\/2025\\\/05\\\/27\\\/tribunal-de-apelacion-ratifica-el-fallo-contra-aurora\\\/#primaryimage\"},\"image\":{\"@id\":\"https:\\\/\\\/www.eldiario.net\\\/portal\\\/2025\\\/05\\\/27\\\/tribunal-de-apelacion-ratifica-el-fallo-contra-aurora\\\/#primaryimage\"},\"thumbnailUrl\":\"https:\\\/\\\/www.eldiario.net\\\/portal\\\/wp-content\\\/uploads\\\/2025\\\/05\\\/Aurora-26.jpg\",\"datePublished\":\"2025-05-27T11:16:59+00:00\",\"breadcrumb\":{\"@id\":\"https:\\\/\\\/www.eldiario.net\\\/portal\\\/2025\\\/05\\\/27\\\/tribunal-de-apelacion-ratifica-el-fallo-contra-aurora\\\/#breadcrumb\"},\"inLanguage\":\"es\",\"potentialAction\":[{\"@type\":\"ReadAction\",\"target\":[\"https:\\\/\\\/www.eldiario.net\\\/portal\\\/2025\\\/05\\\/27\\\/tribunal-de-apelacion-ratifica-el-fallo-contra-aurora\\\/\"]}]},{\"@type\":\"ImageObject\",\"inLanguage\":\"es\",\"@id\":\"https:\\\/\\\/www.eldiario.net\\\/portal\\\/2025\\\/05\\\/27\\\/tribunal-de-apelacion-ratifica-el-fallo-contra-aurora\\\/#primaryimage\",\"url\":\"https:\\\/\\\/www.eldiario.net\\\/portal\\\/wp-content\\\/uploads\\\/2025\\\/05\\\/Aurora-26.jpg\",\"contentUrl\":\"https:\\\/\\\/www.eldiario.net\\\/portal\\\/wp-content\\\/uploads\\\/2025\\\/05\\\/Aurora-26.jpg\",\"width\":1200,\"height\":792},{\"@type\":\"BreadcrumbList\",\"@id\":\"https:\\\/\\\/www.eldiario.net\\\/portal\\\/2025\\\/05\\\/27\\\/tribunal-de-apelacion-ratifica-el-fallo-contra-aurora\\\/#breadcrumb\",\"itemListElement\":[{\"@type\":\"ListItem\",\"position\":1,\"name\":\"Portada\",\"item\":\"https:\\\/\\\/www.eldiario.net\\\/portal\\\/\"},{\"@type\":\"ListItem\",\"position\":2,\"name\":\"Tribunal de Apelaci\u00f3n ratifica el fallo contra Aurora\"}]},{\"@type\":\"WebSite\",\"@id\":\"https:\\\/\\\/www.eldiario.net\\\/portal\\\/#website\",\"url\":\"https:\\\/\\\/www.eldiario.net\\\/portal\\\/\",\"name\":\"El Diario - Decano de la prensa nacional\",\"description\":\"El Diario - Decano de la prensa nacional\",\"publisher\":{\"@id\":\"https:\\\/\\\/www.eldiario.net\\\/portal\\\/#organization\"},\"potentialAction\":[{\"@type\":\"SearchAction\",\"target\":{\"@type\":\"EntryPoint\",\"urlTemplate\":\"https:\\\/\\\/www.eldiario.net\\\/portal\\\/?s={search_term_string}\"},\"query-input\":{\"@type\":\"PropertyValueSpecification\",\"valueRequired\":true,\"valueName\":\"search_term_string\"}}],\"inLanguage\":\"es\"},{\"@type\":\"Organization\",\"@id\":\"https:\\\/\\\/www.eldiario.net\\\/portal\\\/#organization\",\"name\":\"El Diario - Decano de la prensa nacional\",\"url\":\"https:\\\/\\\/www.eldiario.net\\\/portal\\\/\",\"logo\":{\"@type\":\"ImageObject\",\"inLanguage\":\"es\",\"@id\":\"https:\\\/\\\/www.eldiario.net\\\/portal\\\/#\\\/schema\\\/logo\\\/image\\\/\",\"url\":\"https:\\\/\\\/www.eldiario.net\\\/portal\\\/wp-content\\\/uploads\\\/2023\\\/07\\\/logo_ED.jpg\",\"contentUrl\":\"https:\\\/\\\/www.eldiario.net\\\/portal\\\/wp-content\\\/uploads\\\/2023\\\/07\\\/logo_ED.jpg\",\"width\":272,\"height\":52,\"caption\":\"El Diario - Decano de la prensa nacional\"},\"image\":{\"@id\":\"https:\\\/\\\/www.eldiario.net\\\/portal\\\/#\\\/schema\\\/logo\\\/image\\\/\"},\"sameAs\":[\"https:\\\/\\\/www.facebook.com\\\/eldiario.bolivia\\\/\",\"https:\\\/\\\/x.com\\\/eldiario_net\"]},{\"@type\":\"Person\",\"@id\":\"https:\\\/\\\/www.eldiario.net\\\/portal\\\/#\\\/schema\\\/person\\\/f46445640444750d7d753ccd04ae01b7\",\"name\":\"Jeanette\",\"image\":{\"@type\":\"ImageObject\",\"inLanguage\":\"es\",\"@id\":\"https:\\\/\\\/secure.gravatar.com\\\/avatar\\\/3ea2118a5f7dad2b7138b1187a6b7ee55f160b9968b66013c3a3ef39dd7e5798?s=96&d=mm&r=g\",\"url\":\"https:\\\/\\\/secure.gravatar.com\\\/avatar\\\/3ea2118a5f7dad2b7138b1187a6b7ee55f160b9968b66013c3a3ef39dd7e5798?s=96&d=mm&r=g\",\"contentUrl\":\"https:\\\/\\\/secure.gravatar.com\\\/avatar\\\/3ea2118a5f7dad2b7138b1187a6b7ee55f160b9968b66013c3a3ef39dd7e5798?s=96&d=mm&r=g\",\"caption\":\"Jeanette\"},\"sameAs\":[\"https:\\\/\\\/www.eldiario.net\\\/portal\"],\"url\":\"https:\\\/\\\/www.eldiario.net\\\/portal\\\/author\\\/jeanette\\\/\"}]}<\/script>\n<!-- \/ Yoast SEO plugin. -->","yoast_head_json":{"title":"Tribunal de Apelaci\u00f3n ratifica el fallo contra Aurora - El Diario - Bolivia","robots":{"index":"index","follow":"follow","max-snippet":"max-snippet:-1","max-image-preview":"max-image-preview:large","max-video-preview":"max-video-preview:-1"},"canonical":"https:\/\/www.eldiario.net\/portal\/2025\/05\/27\/tribunal-de-apelacion-ratifica-el-fallo-contra-aurora\/","og_locale":"es_ES","og_type":"article","og_title":"Tribunal de Apelaci\u00f3n ratifica el fallo contra Aurora - El Diario - Bolivia","og_description":"Aurora qued\u00f3 condenado al descenso directo de categor\u00eda con la determinaci\u00f3n emitida por el Tribunal Superior de Apelaci\u00f3n (TSA) de la Federaci\u00f3n Boliviana de F\u00fatbol (FBF), ratificando el fallo del Tribunal de Disciplina Deportiva, que establece un castigo de menos 33 puntos en la tabla del Campeonato, por el caso Monta\u00f1o Moiz\u00e1n. Este lunes fue [&hellip;]","og_url":"https:\/\/www.eldiario.net\/portal\/2025\/05\/27\/tribunal-de-apelacion-ratifica-el-fallo-contra-aurora\/","og_site_name":"El Diario - Bolivia","article_publisher":"https:\/\/www.facebook.com\/eldiario.bolivia\/","article_published_time":"2025-05-27T11:16:59+00:00","og_image":[{"width":1200,"height":792,"url":"https:\/\/www.eldiario.net\/portal\/wp-content\/uploads\/2025\/05\/Aurora-26.jpg","type":"image\/jpeg"}],"author":"Jeanette","twitter_card":"summary_large_image","twitter_creator":"@eldiario_net","twitter_site":"@eldiario_net","twitter_misc":{"Escrito por":"Jeanette","Tiempo de lectura":"2 minutos"},"schema":{"@context":"https:\/\/schema.org","@graph":[{"@type":"Article","@id":"https:\/\/www.eldiario.net\/portal\/2025\/05\/27\/tribunal-de-apelacion-ratifica-el-fallo-contra-aurora\/#article","isPartOf":{"@id":"https:\/\/www.eldiario.net\/portal\/2025\/05\/27\/tribunal-de-apelacion-ratifica-el-fallo-contra-aurora\/"},"author":{"name":"Jeanette","@id":"https:\/\/www.eldiario.net\/portal\/#\/schema\/person\/f46445640444750d7d753ccd04ae01b7"},"headline":"Tribunal de Apelaci\u00f3n ratifica el fallo contra Aurora","datePublished":"2025-05-27T11:16:59+00:00","mainEntityOfPage":{"@id":"https:\/\/www.eldiario.net\/portal\/2025\/05\/27\/tribunal-de-apelacion-ratifica-el-fallo-contra-aurora\/"},"wordCount":385,"publisher":{"@id":"https:\/\/www.eldiario.net\/portal\/#organization"},"image":{"@id":"https:\/\/www.eldiario.net\/portal\/2025\/05\/27\/tribunal-de-apelacion-ratifica-el-fallo-contra-aurora\/#primaryimage"},"thumbnailUrl":"https:\/\/www.eldiario.net\/portal\/wp-content\/uploads\/2025\/05\/Aurora-26.jpg","articleSection":["Deportes"],"inLanguage":"es"},{"@type":"WebPage","@id":"https:\/\/www.eldiario.net\/portal\/2025\/05\/27\/tribunal-de-apelacion-ratifica-el-fallo-contra-aurora\/","url":"https:\/\/www.eldiario.net\/portal\/2025\/05\/27\/tribunal-de-apelacion-ratifica-el-fallo-contra-aurora\/","name":"Tribunal de Apelaci\u00f3n ratifica el fallo contra Aurora - El Diario - Bolivia","isPartOf":{"@id":"https:\/\/www.eldiario.net\/portal\/#website"},"primaryImageOfPage":{"@id":"https:\/\/www.eldiario.net\/portal\/2025\/05\/27\/tribunal-de-apelacion-ratifica-el-fallo-contra-aurora\/#primaryimage"},"image":{"@id":"https:\/\/www.eldiario.net\/portal\/2025\/05\/27\/tribunal-de-apelacion-ratifica-el-fallo-contra-aurora\/#primaryimage"},"thumbnailUrl":"https:\/\/www.eldiario.net\/portal\/wp-content\/uploads\/2025\/05\/Aurora-26.jpg","datePublished":"2025-05-27T11:16:59+00:00","breadcrumb":{"@id":"https:\/\/www.eldiario.net\/portal\/2025\/05\/27\/tribunal-de-apelacion-ratifica-el-fallo-contra-aurora\/#breadcrumb"},"inLanguage":"es","potentialAction":[{"@type":"ReadAction","target":["https:\/\/www.eldiario.net\/portal\/2025\/05\/27\/tribunal-de-apelacion-ratifica-el-fallo-contra-aurora\/"]}]},{"@type":"ImageObject","inLanguage":"es","@id":"https:\/\/www.eldiario.net\/portal\/2025\/05\/27\/tribunal-de-apelacion-ratifica-el-fallo-contra-aurora\/#primaryimage","url":"https:\/\/www.eldiario.net\/portal\/wp-content\/uploads\/2025\/05\/Aurora-26.jpg","contentUrl":"https:\/\/www.eldiario.net\/portal\/wp-content\/uploads\/2025\/05\/Aurora-26.jpg","width":1200,"height":792},{"@type":"BreadcrumbList","@id":"https:\/\/www.eldiario.net\/portal\/2025\/05\/27\/tribunal-de-apelacion-ratifica-el-fallo-contra-aurora\/#breadcrumb","itemListElement":[{"@type":"ListItem","position":1,"name":"Portada","item":"https:\/\/www.eldiario.net\/portal\/"},{"@type":"ListItem","position":2,"name":"Tribunal de Apelaci\u00f3n ratifica el fallo contra Aurora"}]},{"@type":"WebSite","@id":"https:\/\/www.eldiario.net\/portal\/#website","url":"https:\/\/www.eldiario.net\/portal\/","name":"El Diario - Decano de la prensa nacional","description":"El Diario - Decano de la prensa nacional","publisher":{"@id":"https:\/\/www.eldiario.net\/portal\/#organization"},"potentialAction":[{"@type":"SearchAction","target":{"@type":"EntryPoint","urlTemplate":"https:\/\/www.eldiario.net\/portal\/?s={search_term_string}"},"query-input":{"@type":"PropertyValueSpecification","valueRequired":true,"valueName":"search_term_string"}}],"inLanguage":"es"},{"@type":"Organization","@id":"https:\/\/www.eldiario.net\/portal\/#organization","name":"El Diario - Decano de la prensa nacional","url":"https:\/\/www.eldiario.net\/portal\/","logo":{"@type":"ImageObject","inLanguage":"es","@id":"https:\/\/www.eldiario.net\/portal\/#\/schema\/logo\/image\/","url":"https:\/\/www.eldiario.net\/portal\/wp-content\/uploads\/2023\/07\/logo_ED.jpg","contentUrl":"https:\/\/www.eldiario.net\/portal\/wp-content\/uploads\/2023\/07\/logo_ED.jpg","width":272,"height":52,"caption":"El Diario - Decano de la prensa nacional"},"image":{"@id":"https:\/\/www.eldiario.net\/portal\/#\/schema\/logo\/image\/"},"sameAs":["https:\/\/www.facebook.com\/eldiario.bolivia\/","https:\/\/x.com\/eldiario_net"]},{"@type":"Person","@id":"https:\/\/www.eldiario.net\/portal\/#\/schema\/person\/f46445640444750d7d753ccd04ae01b7","name":"Jeanette","image":{"@type":"ImageObject","inLanguage":"es","@id":"https:\/\/secure.gravatar.com\/avatar\/3ea2118a5f7dad2b7138b1187a6b7ee55f160b9968b66013c3a3ef39dd7e5798?s=96&d=mm&r=g","url":"https:\/\/secure.gravatar.com\/avatar\/3ea2118a5f7dad2b7138b1187a6b7ee55f160b9968b66013c3a3ef39dd7e5798?s=96&d=mm&r=g","contentUrl":"https:\/\/secure.gravatar.com\/avatar\/3ea2118a5f7dad2b7138b1187a6b7ee55f160b9968b66013c3a3ef39dd7e5798?s=96&d=mm&r=g","caption":"Jeanette"},"sameAs":["https:\/\/www.eldiario.net\/portal"],"url":"https:\/\/www.eldiario.net\/portal\/author\/jeanette\/"}]}},"_links":{"self":[{"href":"https:\/\/www.eldiario.net\/portal\/wp-json\/wp\/v2\/posts\/305382","targetHints":{"allow":["GET"]}}],"collection":[{"href":"https:\/\/www.eldiario.net\/portal\/wp-json\/wp\/v2\/posts"}],"about":[{"href":"https:\/\/www.eldiario.net\/portal\/wp-json\/wp\/v2\/types\/post"}],"author":[{"embeddable":true,"href":"https:\/\/www.eldiario.net\/portal\/wp-json\/wp\/v2\/users\/1"}],"replies":[{"embeddable":true,"href":"https:\/\/www.eldiario.net\/portal\/wp-json\/wp\/v2\/comments?post=305382"}],"version-history":[{"count":1,"href":"https:\/\/www.eldiario.net\/portal\/wp-json\/wp\/v2\/posts\/305382\/revisions"}],"predecessor-version":[{"id":305384,"href":"https:\/\/www.eldiario.net\/portal\/wp-json\/wp\/v2\/posts\/305382\/revisions\/305384"}],"wp:featuredmedia":[{"embeddable":true,"href":"https:\/\/www.eldiario.net\/portal\/wp-json\/wp\/v2\/media\/305383"}],"wp:attachment":[{"href":"https:\/\/www.eldiario.net\/portal\/wp-json\/wp\/v2\/media?parent=305382"}],"wp:term":[{"taxonomy":"category","embeddable":true,"href":"https:\/\/www.eldiario.net\/portal\/wp-json\/wp\/v2\/categories?post=305382"},{"taxonomy":"post_tag","embeddable":true,"href":"https:\/\/www.eldiario.net\/portal\/wp-json\/wp\/v2\/tags?post=305382"}],"curies":[{"name":"wp","href":"https:\/\/api.w.org\/{rel}","templated":true}]}}