{"id":304839,"date":"2025-05-25T06:58:13","date_gmt":"2025-05-25T10:58:13","guid":{"rendered":"https:\/\/www.eldiario.net\/portal\/?p=304839"},"modified":"2025-05-25T06:58:13","modified_gmt":"2025-05-25T10:58:13","slug":"mujer-periodista-de-tv-denuncia-que-derecho-a-la-protesta-se-ha-deformado","status":"publish","type":"post","link":"https:\/\/www.eldiario.net\/portal\/2025\/05\/25\/mujer-periodista-de-tv-denuncia-que-derecho-a-la-protesta-se-ha-deformado\/","title":{"rendered":"Mujer periodista de TV denuncia que derecho a la protesta se ha deformado"},"content":{"rendered":"<p>Lleva 20 a\u00f1os de trabajo como periodista que reporta desde las calles de La Paz, Bolivia. En persona sufri\u00f3 una herida de gravedad durante una manifestaci\u00f3n y con esa experiencia, Helga Velasco, concluye que el derecho a la protesta de los ciudadanos termina en violencia.<\/p>\n<p>\u201cAs\u00ed es, el derecho a la protesta en nuestro pa\u00eds se ha deformado totalmente, se utiliza mal todo el tiempo y todos los sectores lo hacen sin excepci\u00f3n\u201d, concluye despu\u00e9s de un viernes 16 de mayo violento en que al menos cinco periodistas fueron agredidos tanto por manifestantes que apoyan una repostulaci\u00f3n de Evo Morales a la presidencia, as\u00ed como por polic\u00edas antidisturbios.<\/p>\n<p>Con el rostro ensangrentado por el impacto de un adoqu\u00edn lanzado por un manifestante que exig\u00eda la construcci\u00f3n de una carretera entre Cochabamba y Beni, durante una protesta del 30 de enero del a\u00f1o 2012, la periodista qued\u00f3 sin sentido por algunos minutos.<\/p>\n<p>La Polic\u00eda la traslad\u00f3 hasta un hospital donde fue intervenida de urgencia por la p\u00e9rdida de tres piezas dentales y fueron necesarios estudios de imagen para descartar otras fracturas en el rostro.<\/p>\n<p>\u201cNunca se investig\u00f3 nada. Yo tampoco present\u00e9 una denuncia porque la marcha de ese sector vino, protest\u00f3 de forma violenta y se fue como si nada hubiera pasado. Desde entonces se empieza a normalizar el derecho a la protesta violenta en Bolivia\u201d, coment\u00f3 a la Unidad de Monitoreo de los diarios representados por la Asociaci\u00f3n Nacional de la Prensa (ANP).<\/p>\n<p>En ese ataque a periodistas y polic\u00edas, el camar\u00f3grafo de la red Bolivisi\u00f3n, Carlos Saavedra, sufri\u00f3 una herida en el tabique nasal; el camar\u00f3grafo de Fides Tv, Alejandro Est\u00edvariz, termin\u00f3 con una herida en el p\u00f3mulo derecho provocada por el impacto de una piedra; y el fot\u00f3grafo del diario La Raz\u00f3n, Miguel Carrasco, fue otro trabajador de la prensa lesionado por los ataques con piedras.<\/p>\n<p>Entre enero y mayo de 2025, la Unidad de Monitoreo de la ANP registr\u00f3 agresiones a siete mujeres periodistas, un dato preocupante. En 2024, la ANP registr\u00f3 y document\u00f3 agresiones a seis mujeres periodistas.<\/p>\n<p>Aunque tuvo oportunidades de trabajar en un estudio de televisi\u00f3n conduciendo espacios de noticias, Velasco considera que \u201cla esencia y el origen del periodismo de televisi\u00f3n est\u00e1n en las calles. Est\u00e1 en las voces de las personas, en los hechos que ocurren, porque no solo hacemos registro de conflictos, de peleas, de delitos; tambi\u00e9n nos conectamos directamente con la realidad\u201d.<\/p>\n<p>En las dos d\u00e9cadas de trabajo period\u00edstico, integr\u00f3 los equipos de Televisi\u00f3n Boliviana, PAT, Bolivisi\u00f3n, Gigavisi\u00f3n y Unitel; desde hace cuatro a\u00f1os, reporta para Cadena A.<\/p>\n<p>Velasco opina que \u201cel periodismo serio y profesional deber\u00eda comenzar en las calles y luego continuar en un estudio de televisi\u00f3n. Lastimosamente, son pocos los profesionales que est\u00e1n en un estudio y que pueden llamarse periodistas de verdad. Siento que el verdadero periodismo nos escoge para estar en las calles. Hay mucha gente que est\u00e1 jugando a ser periodista en la calle o en un estudio, pero veo que muy poco se toma este hermoso oficio en serio\u201d.<\/p>\n<p>La protesta en Bolivia \u201cno es pac\u00edfica, es violenta porque seguramente en una sociedad con miedo es m\u00e1s f\u00e1cil manipular. (\u2026) Se est\u00e1n vulnerando decenas de derechos\u201d de los periodistas, afirm\u00f3.<\/p>\n<p>\u201cSabemos que la gente en Bolivia se ha acostumbrado a abusar de otros para exigir sus derechos desfigurando por completo el verdadero derecho a la protesta en una sociedad democr\u00e1tica\u201d, comenta Velasco que debe llevar equipo de seguridad: casco, chaleco y m\u00e1scara contra gases.<\/p>\n<p>\u201cEstamos exigiendo respeto a nuestro trabajo, respeto a las libertades de expresi\u00f3n y de prensa y no nos vamos a cansar porque nadie nos va a meter miedo por hacer nuestro trabajo\u201d, reafirma convencida del aporte que realiza a una sociedad que necesita estar informada. (ANP)<\/p>\n","protected":false},"excerpt":{"rendered":"<p>Lleva 20 a\u00f1os de trabajo como periodista que reporta desde las calles de La Paz, Bolivia. En persona sufri\u00f3 una herida de gravedad durante una manifestaci\u00f3n y con esa experiencia, Helga Velasco, concluye que el derecho a la protesta de los ciudadanos termina en violencia. \u201cAs\u00ed es, el derecho a la protesta en nuestro pa\u00eds [&hellip;]<\/p>\n","protected":false},"author":1,"featured_media":304840,"comment_status":"closed","ping_status":"open","sticky":false,"template":"","format":"standard","meta":{"_acf_changed":false,"footnotes":""},"categories":[39],"tags":[],"class_list":["post-304839","post","type-post","status-publish","format-standard","has-post-thumbnail","category-sociedad"],"acf":{"antetitulo":"Ve normalizaci\u00f3n de la protesta violenta"},"yoast_head":"<!-- This site is optimized with the Yoast SEO plugin v28.3 - https:\/\/yoast.com\/product\/yoast-seo-wordpress\/ -->\n<title>Mujer periodista de TV denuncia que derecho a la protesta se ha deformado - El Diario - Bolivia<\/title>\n<meta name=\"robots\" content=\"index, follow, max-snippet:-1, max-image-preview:large, max-video-preview:-1\" \/>\n<link rel=\"canonical\" href=\"https:\/\/www.eldiario.net\/portal\/2025\/05\/25\/mujer-periodista-de-tv-denuncia-que-derecho-a-la-protesta-se-ha-deformado\/\" \/>\n<meta property=\"og:locale\" content=\"es_ES\" \/>\n<meta property=\"og:type\" content=\"article\" \/>\n<meta property=\"og:title\" content=\"Mujer periodista de TV denuncia que derecho a la protesta se ha deformado - El Diario - Bolivia\" \/>\n<meta property=\"og:description\" content=\"Lleva 20 a\u00f1os de trabajo como periodista que reporta desde las calles de La Paz, Bolivia. En persona sufri\u00f3 una herida de gravedad durante una manifestaci\u00f3n y con esa experiencia, Helga Velasco, concluye que el derecho a la protesta de los ciudadanos termina en violencia. \u201cAs\u00ed es, el derecho a la protesta en nuestro pa\u00eds [&hellip;]\" \/>\n<meta property=\"og:url\" content=\"https:\/\/www.eldiario.net\/portal\/2025\/05\/25\/mujer-periodista-de-tv-denuncia-que-derecho-a-la-protesta-se-ha-deformado\/\" \/>\n<meta property=\"og:site_name\" content=\"El Diario - Bolivia\" \/>\n<meta property=\"article:publisher\" content=\"https:\/\/www.facebook.com\/eldiario.bolivia\/\" \/>\n<meta property=\"article:published_time\" content=\"2025-05-25T10:58:13+00:00\" \/>\n<meta property=\"og:image\" content=\"https:\/\/www.eldiario.net\/portal\/wp-content\/uploads\/2025\/05\/25-HELGA.jpg\" \/>\n\t<meta property=\"og:image:width\" content=\"1200\" \/>\n\t<meta property=\"og:image:height\" content=\"801\" \/>\n\t<meta property=\"og:image:type\" content=\"image\/jpeg\" \/>\n<meta name=\"author\" content=\"Jeanette\" \/>\n<meta name=\"twitter:card\" content=\"summary_large_image\" \/>\n<meta name=\"twitter:creator\" content=\"@eldiario_net\" \/>\n<meta name=\"twitter:site\" content=\"@eldiario_net\" \/>\n<meta name=\"twitter:label1\" content=\"Escrito por\" \/>\n\t<meta name=\"twitter:data1\" content=\"Jeanette\" \/>\n\t<meta name=\"twitter:label2\" content=\"Tiempo de lectura\" \/>\n\t<meta name=\"twitter:data2\" content=\"4 minutos\" \/>\n<script type=\"application\/ld+json\" class=\"yoast-schema-graph\">{\"@context\":\"https:\\\/\\\/schema.org\",\"@graph\":[{\"@type\":\"Article\",\"@id\":\"https:\\\/\\\/www.eldiario.net\\\/portal\\\/2025\\\/05\\\/25\\\/mujer-periodista-de-tv-denuncia-que-derecho-a-la-protesta-se-ha-deformado\\\/#article\",\"isPartOf\":{\"@id\":\"https:\\\/\\\/www.eldiario.net\\\/portal\\\/2025\\\/05\\\/25\\\/mujer-periodista-de-tv-denuncia-que-derecho-a-la-protesta-se-ha-deformado\\\/\"},\"author\":{\"name\":\"Jeanette\",\"@id\":\"https:\\\/\\\/www.eldiario.net\\\/portal\\\/#\\\/schema\\\/person\\\/f46445640444750d7d753ccd04ae01b7\"},\"headline\":\"Mujer periodista de TV denuncia que derecho a la protesta se ha deformado\",\"datePublished\":\"2025-05-25T10:58:13+00:00\",\"mainEntityOfPage\":{\"@id\":\"https:\\\/\\\/www.eldiario.net\\\/portal\\\/2025\\\/05\\\/25\\\/mujer-periodista-de-tv-denuncia-que-derecho-a-la-protesta-se-ha-deformado\\\/\"},\"wordCount\":675,\"publisher\":{\"@id\":\"https:\\\/\\\/www.eldiario.net\\\/portal\\\/#organization\"},\"image\":{\"@id\":\"https:\\\/\\\/www.eldiario.net\\\/portal\\\/2025\\\/05\\\/25\\\/mujer-periodista-de-tv-denuncia-que-derecho-a-la-protesta-se-ha-deformado\\\/#primaryimage\"},\"thumbnailUrl\":\"https:\\\/\\\/www.eldiario.net\\\/portal\\\/wp-content\\\/uploads\\\/2025\\\/05\\\/25-HELGA.jpg\",\"articleSection\":[\"Sociedad - Seguridad\"],\"inLanguage\":\"es\"},{\"@type\":\"WebPage\",\"@id\":\"https:\\\/\\\/www.eldiario.net\\\/portal\\\/2025\\\/05\\\/25\\\/mujer-periodista-de-tv-denuncia-que-derecho-a-la-protesta-se-ha-deformado\\\/\",\"url\":\"https:\\\/\\\/www.eldiario.net\\\/portal\\\/2025\\\/05\\\/25\\\/mujer-periodista-de-tv-denuncia-que-derecho-a-la-protesta-se-ha-deformado\\\/\",\"name\":\"Mujer periodista de TV denuncia que derecho a la protesta se ha deformado - El Diario - Bolivia\",\"isPartOf\":{\"@id\":\"https:\\\/\\\/www.eldiario.net\\\/portal\\\/#website\"},\"primaryImageOfPage\":{\"@id\":\"https:\\\/\\\/www.eldiario.net\\\/portal\\\/2025\\\/05\\\/25\\\/mujer-periodista-de-tv-denuncia-que-derecho-a-la-protesta-se-ha-deformado\\\/#primaryimage\"},\"image\":{\"@id\":\"https:\\\/\\\/www.eldiario.net\\\/portal\\\/2025\\\/05\\\/25\\\/mujer-periodista-de-tv-denuncia-que-derecho-a-la-protesta-se-ha-deformado\\\/#primaryimage\"},\"thumbnailUrl\":\"https:\\\/\\\/www.eldiario.net\\\/portal\\\/wp-content\\\/uploads\\\/2025\\\/05\\\/25-HELGA.jpg\",\"datePublished\":\"2025-05-25T10:58:13+00:00\",\"breadcrumb\":{\"@id\":\"https:\\\/\\\/www.eldiario.net\\\/portal\\\/2025\\\/05\\\/25\\\/mujer-periodista-de-tv-denuncia-que-derecho-a-la-protesta-se-ha-deformado\\\/#breadcrumb\"},\"inLanguage\":\"es\",\"potentialAction\":[{\"@type\":\"ReadAction\",\"target\":[\"https:\\\/\\\/www.eldiario.net\\\/portal\\\/2025\\\/05\\\/25\\\/mujer-periodista-de-tv-denuncia-que-derecho-a-la-protesta-se-ha-deformado\\\/\"]}]},{\"@type\":\"ImageObject\",\"inLanguage\":\"es\",\"@id\":\"https:\\\/\\\/www.eldiario.net\\\/portal\\\/2025\\\/05\\\/25\\\/mujer-periodista-de-tv-denuncia-que-derecho-a-la-protesta-se-ha-deformado\\\/#primaryimage\",\"url\":\"https:\\\/\\\/www.eldiario.net\\\/portal\\\/wp-content\\\/uploads\\\/2025\\\/05\\\/25-HELGA.jpg\",\"contentUrl\":\"https:\\\/\\\/www.eldiario.net\\\/portal\\\/wp-content\\\/uploads\\\/2025\\\/05\\\/25-HELGA.jpg\",\"width\":1200,\"height\":801,\"caption\":\"La periodista, Helga Velasco, cubriendo los conflictos registrados el pasado 16 de mayo, en la ciudad de La Paz Cr\u00e9dito: Franz Ch\u00e1vez \u2013 ANP\"},{\"@type\":\"BreadcrumbList\",\"@id\":\"https:\\\/\\\/www.eldiario.net\\\/portal\\\/2025\\\/05\\\/25\\\/mujer-periodista-de-tv-denuncia-que-derecho-a-la-protesta-se-ha-deformado\\\/#breadcrumb\",\"itemListElement\":[{\"@type\":\"ListItem\",\"position\":1,\"name\":\"Portada\",\"item\":\"https:\\\/\\\/www.eldiario.net\\\/portal\\\/\"},{\"@type\":\"ListItem\",\"position\":2,\"name\":\"Mujer periodista de TV denuncia que derecho a la protesta se ha deformado\"}]},{\"@type\":\"WebSite\",\"@id\":\"https:\\\/\\\/www.eldiario.net\\\/portal\\\/#website\",\"url\":\"https:\\\/\\\/www.eldiario.net\\\/portal\\\/\",\"name\":\"El Diario - Decano de la prensa nacional\",\"description\":\"El Diario - Decano de la prensa nacional\",\"publisher\":{\"@id\":\"https:\\\/\\\/www.eldiario.net\\\/portal\\\/#organization\"},\"potentialAction\":[{\"@type\":\"SearchAction\",\"target\":{\"@type\":\"EntryPoint\",\"urlTemplate\":\"https:\\\/\\\/www.eldiario.net\\\/portal\\\/?s={search_term_string}\"},\"query-input\":{\"@type\":\"PropertyValueSpecification\",\"valueRequired\":true,\"valueName\":\"search_term_string\"}}],\"inLanguage\":\"es\"},{\"@type\":\"Organization\",\"@id\":\"https:\\\/\\\/www.eldiario.net\\\/portal\\\/#organization\",\"name\":\"El Diario - Decano de la prensa nacional\",\"url\":\"https:\\\/\\\/www.eldiario.net\\\/portal\\\/\",\"logo\":{\"@type\":\"ImageObject\",\"inLanguage\":\"es\",\"@id\":\"https:\\\/\\\/www.eldiario.net\\\/portal\\\/#\\\/schema\\\/logo\\\/image\\\/\",\"url\":\"https:\\\/\\\/www.eldiario.net\\\/portal\\\/wp-content\\\/uploads\\\/2023\\\/07\\\/logo_ED.jpg\",\"contentUrl\":\"https:\\\/\\\/www.eldiario.net\\\/portal\\\/wp-content\\\/uploads\\\/2023\\\/07\\\/logo_ED.jpg\",\"width\":272,\"height\":52,\"caption\":\"El Diario - Decano de la prensa nacional\"},\"image\":{\"@id\":\"https:\\\/\\\/www.eldiario.net\\\/portal\\\/#\\\/schema\\\/logo\\\/image\\\/\"},\"sameAs\":[\"https:\\\/\\\/www.facebook.com\\\/eldiario.bolivia\\\/\",\"https:\\\/\\\/x.com\\\/eldiario_net\"]},{\"@type\":\"Person\",\"@id\":\"https:\\\/\\\/www.eldiario.net\\\/portal\\\/#\\\/schema\\\/person\\\/f46445640444750d7d753ccd04ae01b7\",\"name\":\"Jeanette\",\"image\":{\"@type\":\"ImageObject\",\"inLanguage\":\"es\",\"@id\":\"https:\\\/\\\/secure.gravatar.com\\\/avatar\\\/3ea2118a5f7dad2b7138b1187a6b7ee55f160b9968b66013c3a3ef39dd7e5798?s=96&d=mm&r=g\",\"url\":\"https:\\\/\\\/secure.gravatar.com\\\/avatar\\\/3ea2118a5f7dad2b7138b1187a6b7ee55f160b9968b66013c3a3ef39dd7e5798?s=96&d=mm&r=g\",\"contentUrl\":\"https:\\\/\\\/secure.gravatar.com\\\/avatar\\\/3ea2118a5f7dad2b7138b1187a6b7ee55f160b9968b66013c3a3ef39dd7e5798?s=96&d=mm&r=g\",\"caption\":\"Jeanette\"},\"sameAs\":[\"https:\\\/\\\/www.eldiario.net\\\/portal\"],\"url\":\"https:\\\/\\\/www.eldiario.net\\\/portal\\\/author\\\/jeanette\\\/\"}]}<\/script>\n<!-- \/ Yoast SEO plugin. -->","yoast_head_json":{"title":"Mujer periodista de TV denuncia que derecho a la protesta se ha deformado - El Diario - Bolivia","robots":{"index":"index","follow":"follow","max-snippet":"max-snippet:-1","max-image-preview":"max-image-preview:large","max-video-preview":"max-video-preview:-1"},"canonical":"https:\/\/www.eldiario.net\/portal\/2025\/05\/25\/mujer-periodista-de-tv-denuncia-que-derecho-a-la-protesta-se-ha-deformado\/","og_locale":"es_ES","og_type":"article","og_title":"Mujer periodista de TV denuncia que derecho a la protesta se ha deformado - El Diario - Bolivia","og_description":"Lleva 20 a\u00f1os de trabajo como periodista que reporta desde las calles de La Paz, Bolivia. En persona sufri\u00f3 una herida de gravedad durante una manifestaci\u00f3n y con esa experiencia, Helga Velasco, concluye que el derecho a la protesta de los ciudadanos termina en violencia. \u201cAs\u00ed es, el derecho a la protesta en nuestro pa\u00eds [&hellip;]","og_url":"https:\/\/www.eldiario.net\/portal\/2025\/05\/25\/mujer-periodista-de-tv-denuncia-que-derecho-a-la-protesta-se-ha-deformado\/","og_site_name":"El Diario - Bolivia","article_publisher":"https:\/\/www.facebook.com\/eldiario.bolivia\/","article_published_time":"2025-05-25T10:58:13+00:00","og_image":[{"width":1200,"height":801,"url":"https:\/\/www.eldiario.net\/portal\/wp-content\/uploads\/2025\/05\/25-HELGA.jpg","type":"image\/jpeg"}],"author":"Jeanette","twitter_card":"summary_large_image","twitter_creator":"@eldiario_net","twitter_site":"@eldiario_net","twitter_misc":{"Escrito por":"Jeanette","Tiempo de lectura":"4 minutos"},"schema":{"@context":"https:\/\/schema.org","@graph":[{"@type":"Article","@id":"https:\/\/www.eldiario.net\/portal\/2025\/05\/25\/mujer-periodista-de-tv-denuncia-que-derecho-a-la-protesta-se-ha-deformado\/#article","isPartOf":{"@id":"https:\/\/www.eldiario.net\/portal\/2025\/05\/25\/mujer-periodista-de-tv-denuncia-que-derecho-a-la-protesta-se-ha-deformado\/"},"author":{"name":"Jeanette","@id":"https:\/\/www.eldiario.net\/portal\/#\/schema\/person\/f46445640444750d7d753ccd04ae01b7"},"headline":"Mujer periodista de TV denuncia que derecho a la protesta se ha deformado","datePublished":"2025-05-25T10:58:13+00:00","mainEntityOfPage":{"@id":"https:\/\/www.eldiario.net\/portal\/2025\/05\/25\/mujer-periodista-de-tv-denuncia-que-derecho-a-la-protesta-se-ha-deformado\/"},"wordCount":675,"publisher":{"@id":"https:\/\/www.eldiario.net\/portal\/#organization"},"image":{"@id":"https:\/\/www.eldiario.net\/portal\/2025\/05\/25\/mujer-periodista-de-tv-denuncia-que-derecho-a-la-protesta-se-ha-deformado\/#primaryimage"},"thumbnailUrl":"https:\/\/www.eldiario.net\/portal\/wp-content\/uploads\/2025\/05\/25-HELGA.jpg","articleSection":["Sociedad - Seguridad"],"inLanguage":"es"},{"@type":"WebPage","@id":"https:\/\/www.eldiario.net\/portal\/2025\/05\/25\/mujer-periodista-de-tv-denuncia-que-derecho-a-la-protesta-se-ha-deformado\/","url":"https:\/\/www.eldiario.net\/portal\/2025\/05\/25\/mujer-periodista-de-tv-denuncia-que-derecho-a-la-protesta-se-ha-deformado\/","name":"Mujer periodista de TV denuncia que derecho a la protesta se ha deformado - El Diario - Bolivia","isPartOf":{"@id":"https:\/\/www.eldiario.net\/portal\/#website"},"primaryImageOfPage":{"@id":"https:\/\/www.eldiario.net\/portal\/2025\/05\/25\/mujer-periodista-de-tv-denuncia-que-derecho-a-la-protesta-se-ha-deformado\/#primaryimage"},"image":{"@id":"https:\/\/www.eldiario.net\/portal\/2025\/05\/25\/mujer-periodista-de-tv-denuncia-que-derecho-a-la-protesta-se-ha-deformado\/#primaryimage"},"thumbnailUrl":"https:\/\/www.eldiario.net\/portal\/wp-content\/uploads\/2025\/05\/25-HELGA.jpg","datePublished":"2025-05-25T10:58:13+00:00","breadcrumb":{"@id":"https:\/\/www.eldiario.net\/portal\/2025\/05\/25\/mujer-periodista-de-tv-denuncia-que-derecho-a-la-protesta-se-ha-deformado\/#breadcrumb"},"inLanguage":"es","potentialAction":[{"@type":"ReadAction","target":["https:\/\/www.eldiario.net\/portal\/2025\/05\/25\/mujer-periodista-de-tv-denuncia-que-derecho-a-la-protesta-se-ha-deformado\/"]}]},{"@type":"ImageObject","inLanguage":"es","@id":"https:\/\/www.eldiario.net\/portal\/2025\/05\/25\/mujer-periodista-de-tv-denuncia-que-derecho-a-la-protesta-se-ha-deformado\/#primaryimage","url":"https:\/\/www.eldiario.net\/portal\/wp-content\/uploads\/2025\/05\/25-HELGA.jpg","contentUrl":"https:\/\/www.eldiario.net\/portal\/wp-content\/uploads\/2025\/05\/25-HELGA.jpg","width":1200,"height":801,"caption":"La periodista, Helga Velasco, cubriendo los conflictos registrados el pasado 16 de mayo, en la ciudad de La Paz Cr\u00e9dito: Franz Ch\u00e1vez \u2013 ANP"},{"@type":"BreadcrumbList","@id":"https:\/\/www.eldiario.net\/portal\/2025\/05\/25\/mujer-periodista-de-tv-denuncia-que-derecho-a-la-protesta-se-ha-deformado\/#breadcrumb","itemListElement":[{"@type":"ListItem","position":1,"name":"Portada","item":"https:\/\/www.eldiario.net\/portal\/"},{"@type":"ListItem","position":2,"name":"Mujer periodista de TV denuncia que derecho a la protesta se ha deformado"}]},{"@type":"WebSite","@id":"https:\/\/www.eldiario.net\/portal\/#website","url":"https:\/\/www.eldiario.net\/portal\/","name":"El Diario - Decano de la prensa nacional","description":"El Diario - Decano de la prensa nacional","publisher":{"@id":"https:\/\/www.eldiario.net\/portal\/#organization"},"potentialAction":[{"@type":"SearchAction","target":{"@type":"EntryPoint","urlTemplate":"https:\/\/www.eldiario.net\/portal\/?s={search_term_string}"},"query-input":{"@type":"PropertyValueSpecification","valueRequired":true,"valueName":"search_term_string"}}],"inLanguage":"es"},{"@type":"Organization","@id":"https:\/\/www.eldiario.net\/portal\/#organization","name":"El Diario - Decano de la prensa nacional","url":"https:\/\/www.eldiario.net\/portal\/","logo":{"@type":"ImageObject","inLanguage":"es","@id":"https:\/\/www.eldiario.net\/portal\/#\/schema\/logo\/image\/","url":"https:\/\/www.eldiario.net\/portal\/wp-content\/uploads\/2023\/07\/logo_ED.jpg","contentUrl":"https:\/\/www.eldiario.net\/portal\/wp-content\/uploads\/2023\/07\/logo_ED.jpg","width":272,"height":52,"caption":"El Diario - Decano de la prensa nacional"},"image":{"@id":"https:\/\/www.eldiario.net\/portal\/#\/schema\/logo\/image\/"},"sameAs":["https:\/\/www.facebook.com\/eldiario.bolivia\/","https:\/\/x.com\/eldiario_net"]},{"@type":"Person","@id":"https:\/\/www.eldiario.net\/portal\/#\/schema\/person\/f46445640444750d7d753ccd04ae01b7","name":"Jeanette","image":{"@type":"ImageObject","inLanguage":"es","@id":"https:\/\/secure.gravatar.com\/avatar\/3ea2118a5f7dad2b7138b1187a6b7ee55f160b9968b66013c3a3ef39dd7e5798?s=96&d=mm&r=g","url":"https:\/\/secure.gravatar.com\/avatar\/3ea2118a5f7dad2b7138b1187a6b7ee55f160b9968b66013c3a3ef39dd7e5798?s=96&d=mm&r=g","contentUrl":"https:\/\/secure.gravatar.com\/avatar\/3ea2118a5f7dad2b7138b1187a6b7ee55f160b9968b66013c3a3ef39dd7e5798?s=96&d=mm&r=g","caption":"Jeanette"},"sameAs":["https:\/\/www.eldiario.net\/portal"],"url":"https:\/\/www.eldiario.net\/portal\/author\/jeanette\/"}]}},"_links":{"self":[{"href":"https:\/\/www.eldiario.net\/portal\/wp-json\/wp\/v2\/posts\/304839","targetHints":{"allow":["GET"]}}],"collection":[{"href":"https:\/\/www.eldiario.net\/portal\/wp-json\/wp\/v2\/posts"}],"about":[{"href":"https:\/\/www.eldiario.net\/portal\/wp-json\/wp\/v2\/types\/post"}],"author":[{"embeddable":true,"href":"https:\/\/www.eldiario.net\/portal\/wp-json\/wp\/v2\/users\/1"}],"replies":[{"embeddable":true,"href":"https:\/\/www.eldiario.net\/portal\/wp-json\/wp\/v2\/comments?post=304839"}],"version-history":[{"count":1,"href":"https:\/\/www.eldiario.net\/portal\/wp-json\/wp\/v2\/posts\/304839\/revisions"}],"predecessor-version":[{"id":304841,"href":"https:\/\/www.eldiario.net\/portal\/wp-json\/wp\/v2\/posts\/304839\/revisions\/304841"}],"wp:featuredmedia":[{"embeddable":true,"href":"https:\/\/www.eldiario.net\/portal\/wp-json\/wp\/v2\/media\/304840"}],"wp:attachment":[{"href":"https:\/\/www.eldiario.net\/portal\/wp-json\/wp\/v2\/media?parent=304839"}],"wp:term":[{"taxonomy":"category","embeddable":true,"href":"https:\/\/www.eldiario.net\/portal\/wp-json\/wp\/v2\/categories?post=304839"},{"taxonomy":"post_tag","embeddable":true,"href":"https:\/\/www.eldiario.net\/portal\/wp-json\/wp\/v2\/tags?post=304839"}],"curies":[{"name":"wp","href":"https:\/\/api.w.org\/{rel}","templated":true}]}}