{"id":304584,"date":"2025-05-24T07:48:50","date_gmt":"2025-05-24T11:48:50","guid":{"rendered":"https:\/\/www.eldiario.net\/portal\/?p=304584"},"modified":"2025-05-24T07:48:50","modified_gmt":"2025-05-24T11:48:50","slug":"fallece-destacado-fotografo-brasileno-sebastiao-salgado","status":"publish","type":"post","link":"https:\/\/www.eldiario.net\/portal\/2025\/05\/24\/fallece-destacado-fotografo-brasileno-sebastiao-salgado\/","title":{"rendered":"Fallece destacado fot\u00f3grafo brasile\u00f1o Sebasti\u00e3o Salgado"},"content":{"rendered":"<p>El fot\u00f3grafo brasile\u00f1o Sebasti\u00e3o Salgado muri\u00f3 a los 81 a\u00f1os, anunciaron ayer el Instituto Terra, fundado por \u00e9l mismo y la Academia de Bellas Artes francesa, de la que era miembro desde 2016. Salgado, conocido por sus grandes fotos en blanco y negro de conflictos o de la selva amaz\u00f3nica, est\u00e1 considerado uno de los grandes exponentes de la fotograf\u00eda a nivel mundial.<br \/>\nSu familia confirm\u00f3 que una leucemia, que contrajo en 2010 mientras recorr\u00eda el mundo con su proyecto G\u00e9nesis, fue la causa de la muerte. Nacido en el estado brasile\u00f1o de Minas Gerais en 1944, Salgado obtuvo el Premio Pr\u00edncipe de Asturias de las Artes en 1998 y se hizo mundialmente famoso por su cobertura en blanco y negro de conflictos y de algunos de los principales dramas que afectan a la humanidad, como la emigraci\u00f3n, la pobreza o la destrucci\u00f3n del medio ambiente.<br \/>\n\u201cLaurent Petitgirard, secretario permanente, los miembros y corresponsales de la Academia de Bellas Artes (de Francia) anuncian con profunda tristeza el fallecimiento, este viernes 23 de mayo (ayer), a la edad de 81 a\u00f1os, de su colega Sebasti\u00e3o Salgado\u201d, se\u00f1ala la Academia en un comunicado. La organizaci\u00f3n eligi\u00f3 a Salgado como uno de sus miembros en 2016 y le reconocieron como un \u201cgran testigo de la condici\u00f3n humana y del estado del planeta\u201d.<br \/>\nSus fotograf\u00edas forman parte de la historia reciente del mundo y constituyen un legado que fue reconocido con numerosos premios, como Pr\u00edncipe de Asturias de las Artes (1998), el galard\u00f3n de honor de los Sony World Photography Awards (2024) o el premio Rey de Espa\u00f1a de Periodismo (1988).<\/p>\n<p>VIDA DEDICADA<br \/>\nA LA FOTOGRAF\u00cdA<br \/>\nSebasti\u00e3o Salgado (Aymor\u00e9s, Minas Gerais, Brasil, 1944) estudi\u00f3 Econom\u00eda, pero se dedic\u00f3 a la fotograf\u00eda desde los 29 a\u00f1os. Despu\u00e9s de trabajar para las agencias Sygma y Gamma, en 1979 se incorpor\u00f3 a Magnum Photos, donde permaneci\u00f3 hasta 1994, a\u00f1o el que cre\u00f3, junto con Leila Wanick Salgado, Amazonas Images, una agencia dedicada exclusivamente a su obra.<br \/>\nSalgado ten\u00eda como misi\u00f3n cubrir los cambios que estaba sufriendo el Amazonas a trav\u00e9s de su lucha como activista ambiental contra la deforestaci\u00f3n. El franco-brasile\u00f1o public\u00f3 una fotograf\u00eda del espacio que tom\u00f3 en 1983 a ra\u00edz del D\u00eda de la Amazon\u00eda, que se celebra el 5 de septiembre.<br \/>\n\u201cMi primer reportaje fotogr\u00e1fico en la Amazon\u00eda se realiz\u00f3 en 1983 para informar sobre la deforestaci\u00f3n. Desde entonces, he regresado a este \u2018continente verde\u2019 en varias ocasiones, con una mezcla de asombro constante ante el descubrimiento infinito de esta inmensa selva, con sus r\u00edos, monta\u00f1as y pueblos ind\u00edgenas, y profunda tristeza por la creciente destrucci\u00f3n de este importante ecosistema para el planeta\u201d.<br \/>\n\u201cSeg\u00fan el \u00faltimo estudio de MapBiomas, Brasil perdi\u00f3 96 millones de hect\u00e1reas de vegetaci\u00f3n nativa entre 1985 y 2022, el equivalente a 2,5 veces la superficie de Alemania. La regi\u00f3n m\u00e1s afectada fue la Amazonia, con una p\u00e9rdida del 13%, lo que corresponde a 52 millones de hect\u00e1reas, casi el tama\u00f1o de Francia. Al menos hasta ahora hemos logrado preservar las tierras ind\u00edgenas, que han sufrido menos del 1% de devastaci\u00f3n durante este per\u00edodo\u201d, destac\u00f3.<br \/>\n\u201cHoy, 5 de septiembre, es el \u2018D\u00eda de la Amazon\u00eda\u2019, pero debemos recordar que cada d\u00eda debe dedicarse a proteger este patrimonio mundial que es la Amazon\u00eda y sus pueblos originarios\u201d, expone en la publicaci\u00f3n.<\/p>\n<p>FACETA SOCIAL<br \/>\nEn 1986 public\u00f3 el libro Otras Am\u00e9ricas, en el que se reflejan sus numerosos a\u00f1os de trabajo en Latinoam\u00e9rica, que tambi\u00e9n se reunieron en una exposici\u00f3n. Las fotograf\u00edas realizadas durante siete a\u00f1os en zonas de hambruna y sequ\u00eda de la regi\u00f3n africana de Sahel. En colaboraci\u00f3n con la organizaci\u00f3n francesa M\u00e9dicos sin Fronteras (MSF), han visto la luz en varias exposiciones y en dos libros. Desde 1986, durante seis a\u00f1os, Salgado dedic\u00f3 su vida a un gran proyecto: recoger con su c\u00e1mara im\u00e1genes de personas de todo el mundo trabajando; el resultado fue publicado en 1993 en el libro Workers.<br \/>\nDesde 1994 a 1999 realiz\u00f3 una investigaci\u00f3n fotogr\u00e1fica sobre los movimientos migratorios mundiales. Con esta serie de ensayos, retrat\u00f3 la situaci\u00f3n de millones de seres desplazados, que huyen de la guerra, la revoluci\u00f3n, la opresi\u00f3n pol\u00edtica, o de aquellos que abandonan la pobreza de las zonas rurales y se dirigen a los barrios marginales de las grandes ciudades. Esta obra fue publicada en los libros Migraciones y Retratos. En 2004 inici\u00f3 el proyecto G\u00e9nesis, una serie de retratos de paisajes f\u00edsicos y humanos repartidos por todo el planeta, con el prop\u00f3sito de documentar los aspectos inmaculados de la naturaleza y de la humanidad, adem\u00e1s en 2013 se public\u00f3 el libro Hom\u00f3nimo.<br \/>\nEn junio de 2007 se celebr\u00f3 una gran exposici\u00f3n antol\u00f3gica sobre su trabajo en Madrid, dentro de PHotoEspa\u00f1a. La exposici\u00f3n gan\u00f3 el Premio del P\u00fablico del Festival.<\/p>\n<p>SU LUCHA<br \/>\n\u201cDurante m\u00e1s de cinco d\u00e9cadas, junto a su pareja L\u00e9lia Wanick Salgado, cre\u00f3 una obra fotogr\u00e1fica inigualable. Rica en contenido humano, ofrece una perspectiva sensible sobre las poblaciones m\u00e1s desfavorecidas, con una perspectiva sobre los problemas medioambientales que amenazan nuestro planeta\u201d, se\u00f1al\u00f3 la familia en un comunicado.<br \/>\nAgreg\u00f3 que, para su labor fotogr\u00e1fica, con la que \u201cluch\u00f3 por un mundo m\u00e1s justo\u201d, Salgado \u201cviajaba por todo el mundo\u201d, lo que le llev\u00f3 a contraer en 2010 \u201cuna forma rara de malaria\u201d en Indonesia cuando trabajaba para el proyecto G\u00e9nesis. \u201cQuince a\u00f1os despu\u00e9s, las complicaciones de esta enfermedad derivaron en una leucemia grave que finalmente le cost\u00f3 la vida\u201d, agreg\u00f3.<br \/>\nLa familia destac\u00f3 que, junto a la parte profesional del fot\u00f3grafo, Salgado dej\u00f3 un lado humano y medioambiental y record\u00f3 la fundaci\u00f3n del Instituto Terra, \u201cque hasta la fecha ha plantado con \u00e9xito m\u00e1s de 3 millones de \u00e1rboles\u201d. Finalmente, sentenci\u00f3 el comunicado con la siguiente reflexi\u00f3n: \u201cA trav\u00e9s de la lente de su c\u00e1mara, Sebasti\u00e3o luch\u00f3 incansablemente por un mundo m\u00e1s justo, humano y ecol\u00f3gico\u201d.<\/p>\n<p>PREMIOS Y RECONOCIMIENTOS<br \/>\nMiembro honor\u00edfico de la Academia Americana de las Artes y las Ciencias y Comendador de la Orden de R\u00edo Branco, es doctor honoris causa por la Universidad de Evora (Portugal), la New School University (Nueva York), el Art Institute of Boston y la Universidad de Nottingham (Reino Unido).<br \/>\nRecibi\u00f3 numerosos reconocimientos, entre ellos, el Eugene Smith de Fotograf\u00eda Humanitaria (EEUU, 1982); el Premio Oskar Barnack (Alemania) en 1985 y 1992; el Rey de Espa\u00f1a de Periodismo (1988); el Premio Erna y V\u00edctor Hasselblad (Suecia, 1989); el Gran Premio Nacional del Ministerio de Cultura franc\u00e9s (1994); la Medalla de Oro de la Real Sociedad Brit\u00e1nica de Fotograf\u00eda; el Premio Muriqui del Consejo Nacional de Reserva de la Biosfera de Mata Atl\u00e2ntica (Brasil, 2000); el Premio International de la Photographic Society of Japan (Tokyo, 2003) y el Lifetime Achievement Award, de la North American Nature Photography Association (EEUU, 2010). En 2001 fue nombrado embajador especial de Unicef.<\/p>\n<p>ADI\u00d3S A SALGADO<br \/>\nEl presidente brasile\u00f1o, Luiz In\u00e1cio Lula da Silva, rindi\u00f3 homenaje al fot\u00f3grafo, indicando que fue \u201cuno de los mayores y mejores fot\u00f3grafos que el mundo haya conocido, si no el mayor\u201d. Lula da Silva pidi\u00f3 ayer un minuto de silencio en memoria Salgado, junto a su hom\u00f3logo de Angola, Jo\u00e3o Louren\u00e7o, a quien recibi\u00f3 en visita oficial a Brasil.<br \/>\n\u201cEn medio de la alegr\u00eda de recibir al presidente de Angola (Jo\u00e3o Louren\u00e7o), recibimos una noticia muy triste, que fue la muerte de nuestro compa\u00f1ero Sebasti\u00e3o Salgado\u201d, apunt\u00f3 Lula da Silva junto a Louren\u00e7o, ministros de ambos Gobiernos y las delegaciones que les acompa\u00f1aban en una declaraci\u00f3n conjunta en el Palacio presidencial de Planalto.<br \/>\n\u201cCiertamente, si no fue el mayor, fue uno de los mayores y mejores fot\u00f3grafos que el mundo ya conoci\u00f3\u201d, subray\u00f3 el presidente de Brasil, quien le entreg\u00f3 a Louren\u00e7o una fotograf\u00eda de las muchas que Salgado tom\u00f3 en sus viajes por \u00c1frica.<br \/>\nLa Fundaci\u00f3n Princesa de Asturias tambi\u00e9n mand\u00f3 un mensaje de cari\u00f1o. El legado de Salgado \u201cpervivir\u00e1 en forma de im\u00e1genes en la memoria de todos aquellos que se acerquen a su obra\u201d, asegur\u00f3 la directora de la Fundaci\u00f3n Princesa de Asturias, Teresa Sanjurjo.<br \/>\nSalgado fue galardonado en 1998 con el Premio Pr\u00edncipe de Asturias de las Artes por haber sabido retratar la condici\u00f3n humana y evidenciar la desigualdad del mundo actual, as\u00ed como por \u201cel lenguaje pl\u00e1stico personal, profundo, po\u00e9tico y de alta calidad formal\u201d de su obra.<br \/>\nLa muerte de Salgado tuvo lugar el mismo d\u00eda en el que el Premio Princesa de Asturias de las Artes 2025 fue concedido a la fot\u00f3grafa mexicana Graciela Iturbide. Son los dos \u00fanicos fot\u00f3grafos que recibieron este galard\u00f3n en sus 45 a\u00f1os de historia.<\/p>\n<p>\u00daLTIMO MENSAJE<br \/>\nSalgado public\u00f3 su \u00faltimo mensaje en sus redes sociales para agradecer a la Escuela de Samba Independiente de Boa Vista, del municipio de Cariacica, por \u201chonrarlo en el carnaval de este a\u00f1o en el estado de Esp\u00edrito Santo, Brasil\u201d. La escuela result\u00f3 ganadora del Carnaval tras los desfiles en Vit\u00f3ria, la capital del Estado: \u201cFue un homenaje sublime ligado al pueblo de Esp\u00edrito Santo\u201d, se\u00f1al\u00f3 el fot\u00f3grafo. (RTVE.es)<\/p>\n<p><img loading=\"lazy\" decoding=\"async\" class=\"alignleft size-full wp-image-304586\" src=\"https:\/\/www.eldiario.net\/portal\/wp-content\/uploads\/2025\/05\/FOTOS-2-Dw.jpg\" alt=\"\" width=\"1199\" height=\"674\" srcset=\"https:\/\/www.eldiario.net\/portal\/wp-content\/uploads\/2025\/05\/FOTOS-2-Dw.jpg 1199w, https:\/\/www.eldiario.net\/portal\/wp-content\/uploads\/2025\/05\/FOTOS-2-Dw-300x169.jpg 300w, https:\/\/www.eldiario.net\/portal\/wp-content\/uploads\/2025\/05\/FOTOS-2-Dw-1024x576.jpg 1024w, https:\/\/www.eldiario.net\/portal\/wp-content\/uploads\/2025\/05\/FOTOS-2-Dw-768x432.jpg 768w, https:\/\/www.eldiario.net\/portal\/wp-content\/uploads\/2025\/05\/FOTOS-2-Dw-747x420.jpg 747w, https:\/\/www.eldiario.net\/portal\/wp-content\/uploads\/2025\/05\/FOTOS-2-Dw-696x391.jpg 696w, https:\/\/www.eldiario.net\/portal\/wp-content\/uploads\/2025\/05\/FOTOS-2-Dw-1068x600.jpg 1068w\" sizes=\"auto, (max-width: 1199px) 100vw, 1199px\" \/><\/p>\n","protected":false},"excerpt":{"rendered":"<p>El fot\u00f3grafo brasile\u00f1o Sebasti\u00e3o Salgado muri\u00f3 a los 81 a\u00f1os, anunciaron ayer el Instituto Terra, fundado por \u00e9l mismo y la Academia de Bellas Artes francesa, de la que era miembro desde 2016. Salgado, conocido por sus grandes fotos en blanco y negro de conflictos o de la selva amaz\u00f3nica, est\u00e1 considerado uno de los [&hellip;]<\/p>\n","protected":false},"author":1,"featured_media":304585,"comment_status":"closed","ping_status":"open","sticky":false,"template":"","format":"standard","meta":{"_acf_changed":false,"footnotes":""},"categories":[3],"tags":[],"class_list":["post-304584","post","type-post","status-publish","format-standard","has-post-thumbnail","category-internacional"],"acf":{"antetitulo":"Francia"},"yoast_head":"<!-- This site is optimized with the Yoast SEO plugin v28.3 - https:\/\/yoast.com\/product\/yoast-seo-wordpress\/ -->\n<title>Fallece destacado fot\u00f3grafo brasile\u00f1o Sebasti\u00e3o Salgado - El Diario - Bolivia<\/title>\n<meta name=\"robots\" content=\"index, follow, max-snippet:-1, max-image-preview:large, max-video-preview:-1\" \/>\n<link rel=\"canonical\" href=\"https:\/\/www.eldiario.net\/portal\/2025\/05\/24\/fallece-destacado-fotografo-brasileno-sebastiao-salgado\/\" \/>\n<meta property=\"og:locale\" content=\"es_ES\" \/>\n<meta property=\"og:type\" content=\"article\" \/>\n<meta property=\"og:title\" content=\"Fallece destacado fot\u00f3grafo brasile\u00f1o Sebasti\u00e3o Salgado - El Diario - Bolivia\" \/>\n<meta property=\"og:description\" content=\"El fot\u00f3grafo brasile\u00f1o Sebasti\u00e3o Salgado muri\u00f3 a los 81 a\u00f1os, anunciaron ayer el Instituto Terra, fundado por \u00e9l mismo y la Academia de Bellas Artes francesa, de la que era miembro desde 2016. Salgado, conocido por sus grandes fotos en blanco y negro de conflictos o de la selva amaz\u00f3nica, est\u00e1 considerado uno de los [&hellip;]\" \/>\n<meta property=\"og:url\" content=\"https:\/\/www.eldiario.net\/portal\/2025\/05\/24\/fallece-destacado-fotografo-brasileno-sebastiao-salgado\/\" \/>\n<meta property=\"og:site_name\" content=\"El Diario - Bolivia\" \/>\n<meta property=\"article:publisher\" content=\"https:\/\/www.facebook.com\/eldiario.bolivia\/\" \/>\n<meta property=\"article:published_time\" content=\"2025-05-24T11:48:50+00:00\" \/>\n<meta property=\"og:image\" content=\"https:\/\/www.eldiario.net\/portal\/wp-content\/uploads\/2025\/05\/FOTOS-1-RTVE.jpg\" \/>\n\t<meta property=\"og:image:width\" content=\"1600\" \/>\n\t<meta property=\"og:image:height\" content=\"900\" \/>\n\t<meta property=\"og:image:type\" content=\"image\/jpeg\" \/>\n<meta name=\"author\" content=\"Jeanette\" \/>\n<meta name=\"twitter:card\" content=\"summary_large_image\" \/>\n<meta name=\"twitter:creator\" content=\"@eldiario_net\" \/>\n<meta name=\"twitter:site\" content=\"@eldiario_net\" \/>\n<meta name=\"twitter:label1\" content=\"Escrito por\" \/>\n\t<meta name=\"twitter:data1\" content=\"Jeanette\" \/>\n\t<meta name=\"twitter:label2\" content=\"Tiempo de lectura\" \/>\n\t<meta name=\"twitter:data2\" content=\"8 minutos\" \/>\n<script type=\"application\/ld+json\" class=\"yoast-schema-graph\">{\"@context\":\"https:\\\/\\\/schema.org\",\"@graph\":[{\"@type\":\"Article\",\"@id\":\"https:\\\/\\\/www.eldiario.net\\\/portal\\\/2025\\\/05\\\/24\\\/fallece-destacado-fotografo-brasileno-sebastiao-salgado\\\/#article\",\"isPartOf\":{\"@id\":\"https:\\\/\\\/www.eldiario.net\\\/portal\\\/2025\\\/05\\\/24\\\/fallece-destacado-fotografo-brasileno-sebastiao-salgado\\\/\"},\"author\":{\"name\":\"Jeanette\",\"@id\":\"https:\\\/\\\/www.eldiario.net\\\/portal\\\/#\\\/schema\\\/person\\\/f46445640444750d7d753ccd04ae01b7\"},\"headline\":\"Fallece destacado fot\u00f3grafo brasile\u00f1o Sebasti\u00e3o Salgado\",\"datePublished\":\"2025-05-24T11:48:50+00:00\",\"mainEntityOfPage\":{\"@id\":\"https:\\\/\\\/www.eldiario.net\\\/portal\\\/2025\\\/05\\\/24\\\/fallece-destacado-fotografo-brasileno-sebastiao-salgado\\\/\"},\"wordCount\":1605,\"publisher\":{\"@id\":\"https:\\\/\\\/www.eldiario.net\\\/portal\\\/#organization\"},\"image\":{\"@id\":\"https:\\\/\\\/www.eldiario.net\\\/portal\\\/2025\\\/05\\\/24\\\/fallece-destacado-fotografo-brasileno-sebastiao-salgado\\\/#primaryimage\"},\"thumbnailUrl\":\"https:\\\/\\\/www.eldiario.net\\\/portal\\\/wp-content\\\/uploads\\\/2025\\\/05\\\/FOTOS-1-RTVE.jpg\",\"articleSection\":[\"Internacional\"],\"inLanguage\":\"es\"},{\"@type\":\"WebPage\",\"@id\":\"https:\\\/\\\/www.eldiario.net\\\/portal\\\/2025\\\/05\\\/24\\\/fallece-destacado-fotografo-brasileno-sebastiao-salgado\\\/\",\"url\":\"https:\\\/\\\/www.eldiario.net\\\/portal\\\/2025\\\/05\\\/24\\\/fallece-destacado-fotografo-brasileno-sebastiao-salgado\\\/\",\"name\":\"Fallece destacado fot\u00f3grafo brasile\u00f1o Sebasti\u00e3o Salgado - El Diario - Bolivia\",\"isPartOf\":{\"@id\":\"https:\\\/\\\/www.eldiario.net\\\/portal\\\/#website\"},\"primaryImageOfPage\":{\"@id\":\"https:\\\/\\\/www.eldiario.net\\\/portal\\\/2025\\\/05\\\/24\\\/fallece-destacado-fotografo-brasileno-sebastiao-salgado\\\/#primaryimage\"},\"image\":{\"@id\":\"https:\\\/\\\/www.eldiario.net\\\/portal\\\/2025\\\/05\\\/24\\\/fallece-destacado-fotografo-brasileno-sebastiao-salgado\\\/#primaryimage\"},\"thumbnailUrl\":\"https:\\\/\\\/www.eldiario.net\\\/portal\\\/wp-content\\\/uploads\\\/2025\\\/05\\\/FOTOS-1-RTVE.jpg\",\"datePublished\":\"2025-05-24T11:48:50+00:00\",\"breadcrumb\":{\"@id\":\"https:\\\/\\\/www.eldiario.net\\\/portal\\\/2025\\\/05\\\/24\\\/fallece-destacado-fotografo-brasileno-sebastiao-salgado\\\/#breadcrumb\"},\"inLanguage\":\"es\",\"potentialAction\":[{\"@type\":\"ReadAction\",\"target\":[\"https:\\\/\\\/www.eldiario.net\\\/portal\\\/2025\\\/05\\\/24\\\/fallece-destacado-fotografo-brasileno-sebastiao-salgado\\\/\"]}]},{\"@type\":\"ImageObject\",\"inLanguage\":\"es\",\"@id\":\"https:\\\/\\\/www.eldiario.net\\\/portal\\\/2025\\\/05\\\/24\\\/fallece-destacado-fotografo-brasileno-sebastiao-salgado\\\/#primaryimage\",\"url\":\"https:\\\/\\\/www.eldiario.net\\\/portal\\\/wp-content\\\/uploads\\\/2025\\\/05\\\/FOTOS-1-RTVE.jpg\",\"contentUrl\":\"https:\\\/\\\/www.eldiario.net\\\/portal\\\/wp-content\\\/uploads\\\/2025\\\/05\\\/FOTOS-1-RTVE.jpg\",\"width\":1600,\"height\":900,\"caption\":\"Fallece el fot\u00f3grafo franco-brasile\u00f1o Sebasti\u00e3o Salgado a los 81 a\u00f1os.\"},{\"@type\":\"BreadcrumbList\",\"@id\":\"https:\\\/\\\/www.eldiario.net\\\/portal\\\/2025\\\/05\\\/24\\\/fallece-destacado-fotografo-brasileno-sebastiao-salgado\\\/#breadcrumb\",\"itemListElement\":[{\"@type\":\"ListItem\",\"position\":1,\"name\":\"Portada\",\"item\":\"https:\\\/\\\/www.eldiario.net\\\/portal\\\/\"},{\"@type\":\"ListItem\",\"position\":2,\"name\":\"Fallece destacado fot\u00f3grafo brasile\u00f1o Sebasti\u00e3o Salgado\"}]},{\"@type\":\"WebSite\",\"@id\":\"https:\\\/\\\/www.eldiario.net\\\/portal\\\/#website\",\"url\":\"https:\\\/\\\/www.eldiario.net\\\/portal\\\/\",\"name\":\"El Diario - Decano de la prensa nacional\",\"description\":\"El Diario - Decano de la prensa nacional\",\"publisher\":{\"@id\":\"https:\\\/\\\/www.eldiario.net\\\/portal\\\/#organization\"},\"potentialAction\":[{\"@type\":\"SearchAction\",\"target\":{\"@type\":\"EntryPoint\",\"urlTemplate\":\"https:\\\/\\\/www.eldiario.net\\\/portal\\\/?s={search_term_string}\"},\"query-input\":{\"@type\":\"PropertyValueSpecification\",\"valueRequired\":true,\"valueName\":\"search_term_string\"}}],\"inLanguage\":\"es\"},{\"@type\":\"Organization\",\"@id\":\"https:\\\/\\\/www.eldiario.net\\\/portal\\\/#organization\",\"name\":\"El Diario - Decano de la prensa nacional\",\"url\":\"https:\\\/\\\/www.eldiario.net\\\/portal\\\/\",\"logo\":{\"@type\":\"ImageObject\",\"inLanguage\":\"es\",\"@id\":\"https:\\\/\\\/www.eldiario.net\\\/portal\\\/#\\\/schema\\\/logo\\\/image\\\/\",\"url\":\"https:\\\/\\\/www.eldiario.net\\\/portal\\\/wp-content\\\/uploads\\\/2023\\\/07\\\/logo_ED.jpg\",\"contentUrl\":\"https:\\\/\\\/www.eldiario.net\\\/portal\\\/wp-content\\\/uploads\\\/2023\\\/07\\\/logo_ED.jpg\",\"width\":272,\"height\":52,\"caption\":\"El Diario - Decano de la prensa nacional\"},\"image\":{\"@id\":\"https:\\\/\\\/www.eldiario.net\\\/portal\\\/#\\\/schema\\\/logo\\\/image\\\/\"},\"sameAs\":[\"https:\\\/\\\/www.facebook.com\\\/eldiario.bolivia\\\/\",\"https:\\\/\\\/x.com\\\/eldiario_net\"]},{\"@type\":\"Person\",\"@id\":\"https:\\\/\\\/www.eldiario.net\\\/portal\\\/#\\\/schema\\\/person\\\/f46445640444750d7d753ccd04ae01b7\",\"name\":\"Jeanette\",\"image\":{\"@type\":\"ImageObject\",\"inLanguage\":\"es\",\"@id\":\"https:\\\/\\\/secure.gravatar.com\\\/avatar\\\/3ea2118a5f7dad2b7138b1187a6b7ee55f160b9968b66013c3a3ef39dd7e5798?s=96&d=mm&r=g\",\"url\":\"https:\\\/\\\/secure.gravatar.com\\\/avatar\\\/3ea2118a5f7dad2b7138b1187a6b7ee55f160b9968b66013c3a3ef39dd7e5798?s=96&d=mm&r=g\",\"contentUrl\":\"https:\\\/\\\/secure.gravatar.com\\\/avatar\\\/3ea2118a5f7dad2b7138b1187a6b7ee55f160b9968b66013c3a3ef39dd7e5798?s=96&d=mm&r=g\",\"caption\":\"Jeanette\"},\"sameAs\":[\"https:\\\/\\\/www.eldiario.net\\\/portal\"],\"url\":\"https:\\\/\\\/www.eldiario.net\\\/portal\\\/author\\\/jeanette\\\/\"}]}<\/script>\n<!-- \/ Yoast SEO plugin. -->","yoast_head_json":{"title":"Fallece destacado fot\u00f3grafo brasile\u00f1o Sebasti\u00e3o Salgado - El Diario - Bolivia","robots":{"index":"index","follow":"follow","max-snippet":"max-snippet:-1","max-image-preview":"max-image-preview:large","max-video-preview":"max-video-preview:-1"},"canonical":"https:\/\/www.eldiario.net\/portal\/2025\/05\/24\/fallece-destacado-fotografo-brasileno-sebastiao-salgado\/","og_locale":"es_ES","og_type":"article","og_title":"Fallece destacado fot\u00f3grafo brasile\u00f1o Sebasti\u00e3o Salgado - El Diario - Bolivia","og_description":"El fot\u00f3grafo brasile\u00f1o Sebasti\u00e3o Salgado muri\u00f3 a los 81 a\u00f1os, anunciaron ayer el Instituto Terra, fundado por \u00e9l mismo y la Academia de Bellas Artes francesa, de la que era miembro desde 2016. Salgado, conocido por sus grandes fotos en blanco y negro de conflictos o de la selva amaz\u00f3nica, est\u00e1 considerado uno de los [&hellip;]","og_url":"https:\/\/www.eldiario.net\/portal\/2025\/05\/24\/fallece-destacado-fotografo-brasileno-sebastiao-salgado\/","og_site_name":"El Diario - Bolivia","article_publisher":"https:\/\/www.facebook.com\/eldiario.bolivia\/","article_published_time":"2025-05-24T11:48:50+00:00","og_image":[{"width":1600,"height":900,"url":"https:\/\/www.eldiario.net\/portal\/wp-content\/uploads\/2025\/05\/FOTOS-1-RTVE.jpg","type":"image\/jpeg"}],"author":"Jeanette","twitter_card":"summary_large_image","twitter_creator":"@eldiario_net","twitter_site":"@eldiario_net","twitter_misc":{"Escrito por":"Jeanette","Tiempo de lectura":"8 minutos"},"schema":{"@context":"https:\/\/schema.org","@graph":[{"@type":"Article","@id":"https:\/\/www.eldiario.net\/portal\/2025\/05\/24\/fallece-destacado-fotografo-brasileno-sebastiao-salgado\/#article","isPartOf":{"@id":"https:\/\/www.eldiario.net\/portal\/2025\/05\/24\/fallece-destacado-fotografo-brasileno-sebastiao-salgado\/"},"author":{"name":"Jeanette","@id":"https:\/\/www.eldiario.net\/portal\/#\/schema\/person\/f46445640444750d7d753ccd04ae01b7"},"headline":"Fallece destacado fot\u00f3grafo brasile\u00f1o Sebasti\u00e3o Salgado","datePublished":"2025-05-24T11:48:50+00:00","mainEntityOfPage":{"@id":"https:\/\/www.eldiario.net\/portal\/2025\/05\/24\/fallece-destacado-fotografo-brasileno-sebastiao-salgado\/"},"wordCount":1605,"publisher":{"@id":"https:\/\/www.eldiario.net\/portal\/#organization"},"image":{"@id":"https:\/\/www.eldiario.net\/portal\/2025\/05\/24\/fallece-destacado-fotografo-brasileno-sebastiao-salgado\/#primaryimage"},"thumbnailUrl":"https:\/\/www.eldiario.net\/portal\/wp-content\/uploads\/2025\/05\/FOTOS-1-RTVE.jpg","articleSection":["Internacional"],"inLanguage":"es"},{"@type":"WebPage","@id":"https:\/\/www.eldiario.net\/portal\/2025\/05\/24\/fallece-destacado-fotografo-brasileno-sebastiao-salgado\/","url":"https:\/\/www.eldiario.net\/portal\/2025\/05\/24\/fallece-destacado-fotografo-brasileno-sebastiao-salgado\/","name":"Fallece destacado fot\u00f3grafo brasile\u00f1o Sebasti\u00e3o Salgado - El Diario - Bolivia","isPartOf":{"@id":"https:\/\/www.eldiario.net\/portal\/#website"},"primaryImageOfPage":{"@id":"https:\/\/www.eldiario.net\/portal\/2025\/05\/24\/fallece-destacado-fotografo-brasileno-sebastiao-salgado\/#primaryimage"},"image":{"@id":"https:\/\/www.eldiario.net\/portal\/2025\/05\/24\/fallece-destacado-fotografo-brasileno-sebastiao-salgado\/#primaryimage"},"thumbnailUrl":"https:\/\/www.eldiario.net\/portal\/wp-content\/uploads\/2025\/05\/FOTOS-1-RTVE.jpg","datePublished":"2025-05-24T11:48:50+00:00","breadcrumb":{"@id":"https:\/\/www.eldiario.net\/portal\/2025\/05\/24\/fallece-destacado-fotografo-brasileno-sebastiao-salgado\/#breadcrumb"},"inLanguage":"es","potentialAction":[{"@type":"ReadAction","target":["https:\/\/www.eldiario.net\/portal\/2025\/05\/24\/fallece-destacado-fotografo-brasileno-sebastiao-salgado\/"]}]},{"@type":"ImageObject","inLanguage":"es","@id":"https:\/\/www.eldiario.net\/portal\/2025\/05\/24\/fallece-destacado-fotografo-brasileno-sebastiao-salgado\/#primaryimage","url":"https:\/\/www.eldiario.net\/portal\/wp-content\/uploads\/2025\/05\/FOTOS-1-RTVE.jpg","contentUrl":"https:\/\/www.eldiario.net\/portal\/wp-content\/uploads\/2025\/05\/FOTOS-1-RTVE.jpg","width":1600,"height":900,"caption":"Fallece el fot\u00f3grafo franco-brasile\u00f1o Sebasti\u00e3o Salgado a los 81 a\u00f1os."},{"@type":"BreadcrumbList","@id":"https:\/\/www.eldiario.net\/portal\/2025\/05\/24\/fallece-destacado-fotografo-brasileno-sebastiao-salgado\/#breadcrumb","itemListElement":[{"@type":"ListItem","position":1,"name":"Portada","item":"https:\/\/www.eldiario.net\/portal\/"},{"@type":"ListItem","position":2,"name":"Fallece destacado fot\u00f3grafo brasile\u00f1o Sebasti\u00e3o Salgado"}]},{"@type":"WebSite","@id":"https:\/\/www.eldiario.net\/portal\/#website","url":"https:\/\/www.eldiario.net\/portal\/","name":"El Diario - Decano de la prensa nacional","description":"El Diario - Decano de la prensa nacional","publisher":{"@id":"https:\/\/www.eldiario.net\/portal\/#organization"},"potentialAction":[{"@type":"SearchAction","target":{"@type":"EntryPoint","urlTemplate":"https:\/\/www.eldiario.net\/portal\/?s={search_term_string}"},"query-input":{"@type":"PropertyValueSpecification","valueRequired":true,"valueName":"search_term_string"}}],"inLanguage":"es"},{"@type":"Organization","@id":"https:\/\/www.eldiario.net\/portal\/#organization","name":"El Diario - Decano de la prensa nacional","url":"https:\/\/www.eldiario.net\/portal\/","logo":{"@type":"ImageObject","inLanguage":"es","@id":"https:\/\/www.eldiario.net\/portal\/#\/schema\/logo\/image\/","url":"https:\/\/www.eldiario.net\/portal\/wp-content\/uploads\/2023\/07\/logo_ED.jpg","contentUrl":"https:\/\/www.eldiario.net\/portal\/wp-content\/uploads\/2023\/07\/logo_ED.jpg","width":272,"height":52,"caption":"El Diario - Decano de la prensa nacional"},"image":{"@id":"https:\/\/www.eldiario.net\/portal\/#\/schema\/logo\/image\/"},"sameAs":["https:\/\/www.facebook.com\/eldiario.bolivia\/","https:\/\/x.com\/eldiario_net"]},{"@type":"Person","@id":"https:\/\/www.eldiario.net\/portal\/#\/schema\/person\/f46445640444750d7d753ccd04ae01b7","name":"Jeanette","image":{"@type":"ImageObject","inLanguage":"es","@id":"https:\/\/secure.gravatar.com\/avatar\/3ea2118a5f7dad2b7138b1187a6b7ee55f160b9968b66013c3a3ef39dd7e5798?s=96&d=mm&r=g","url":"https:\/\/secure.gravatar.com\/avatar\/3ea2118a5f7dad2b7138b1187a6b7ee55f160b9968b66013c3a3ef39dd7e5798?s=96&d=mm&r=g","contentUrl":"https:\/\/secure.gravatar.com\/avatar\/3ea2118a5f7dad2b7138b1187a6b7ee55f160b9968b66013c3a3ef39dd7e5798?s=96&d=mm&r=g","caption":"Jeanette"},"sameAs":["https:\/\/www.eldiario.net\/portal"],"url":"https:\/\/www.eldiario.net\/portal\/author\/jeanette\/"}]}},"_links":{"self":[{"href":"https:\/\/www.eldiario.net\/portal\/wp-json\/wp\/v2\/posts\/304584","targetHints":{"allow":["GET"]}}],"collection":[{"href":"https:\/\/www.eldiario.net\/portal\/wp-json\/wp\/v2\/posts"}],"about":[{"href":"https:\/\/www.eldiario.net\/portal\/wp-json\/wp\/v2\/types\/post"}],"author":[{"embeddable":true,"href":"https:\/\/www.eldiario.net\/portal\/wp-json\/wp\/v2\/users\/1"}],"replies":[{"embeddable":true,"href":"https:\/\/www.eldiario.net\/portal\/wp-json\/wp\/v2\/comments?post=304584"}],"version-history":[{"count":1,"href":"https:\/\/www.eldiario.net\/portal\/wp-json\/wp\/v2\/posts\/304584\/revisions"}],"predecessor-version":[{"id":304587,"href":"https:\/\/www.eldiario.net\/portal\/wp-json\/wp\/v2\/posts\/304584\/revisions\/304587"}],"wp:featuredmedia":[{"embeddable":true,"href":"https:\/\/www.eldiario.net\/portal\/wp-json\/wp\/v2\/media\/304585"}],"wp:attachment":[{"href":"https:\/\/www.eldiario.net\/portal\/wp-json\/wp\/v2\/media?parent=304584"}],"wp:term":[{"taxonomy":"category","embeddable":true,"href":"https:\/\/www.eldiario.net\/portal\/wp-json\/wp\/v2\/categories?post=304584"},{"taxonomy":"post_tag","embeddable":true,"href":"https:\/\/www.eldiario.net\/portal\/wp-json\/wp\/v2\/tags?post=304584"}],"curies":[{"name":"wp","href":"https:\/\/api.w.org\/{rel}","templated":true}]}}