{"id":304581,"date":"2025-05-24T07:47:28","date_gmt":"2025-05-24T11:47:28","guid":{"rendered":"https:\/\/www.eldiario.net\/portal\/?p=304581"},"modified":"2025-05-24T07:47:28","modified_gmt":"2025-05-24T11:47:28","slug":"leon-xiv-se-reune-con-obispos-para-tratar-la-paz-en-ucrania-y-migracion","status":"publish","type":"post","link":"https:\/\/www.eldiario.net\/portal\/2025\/05\/24\/leon-xiv-se-reune-con-obispos-para-tratar-la-paz-en-ucrania-y-migracion\/","title":{"rendered":"Le\u00f3n XIV se re\u00fane con obispos para tratar la paz en Ucrania y migraci\u00f3n"},"content":{"rendered":"<p>La Presidencia de la Comisi\u00f3n de las Conferencias Episcopales de la Uni\u00f3n Europea (Comece) se reuni\u00f3 ayer en audiencia con el papa Le\u00f3n XIV y, durante el encuentro, los obispos se\u00f1alaron que \u201ces necesario llegar r\u00e1pidamente a una paz justa\u201d en Ucrania.<br \/>\nSeg\u00fan informa el portal oficial del Vaticano \u201cVatican News\u201d, entre otros temas tambi\u00e9n abordaron la migraci\u00f3n y el asilo, la competitividad, el acompa\u00f1amiento a los j\u00f3venes, la inteligencia artificial (IA), as\u00ed como la protecci\u00f3n de datos y la cancelaci\u00f3n de los registros bautismales en Europa.<br \/>\nLa cita, originalmente agendada con el fallecido papa Francisco, fue mantenida con disposici\u00f3n renovada por Prevost, algo que el secretario general de la Comece, Manuel Barrios Prieto, ha descrito como \u201cuna sorpresa, un regalo y una inspiraci\u00f3n\u201d.<br \/>\nBarrios indic\u00f3 a los medios vaticanos, en el di\u00e1logo ha estado presente la preocupaci\u00f3n por la paz, en particular ante la crisis en Ucrania y la cuesti\u00f3n del rearme, Le\u00f3n XIV manifest\u00f3 su inquietud por el desv\u00edo de recursos hacia la industria militar en detrimento de los m\u00e1s necesitados.<br \/>\nEn particular, seg\u00fan declar\u00f3 el arzobispo Antoine H\u00e9rouard, uno de los vicepresidentes de la Comece, les impresion\u00f3 \u201cel \u00e9nfasis que Le\u00f3n XIV puso en las consecuencias econ\u00f3micas y sociales del conflicto ucraniano para la vida de la poblaci\u00f3n\u201d, precisando que \u201cm\u00e1s fondos para fortalecer los sistemas de defensa y seguridad no pueden corresponder a menos ayuda para quienes sufren o viven en dificultades\u201d.<br \/>\nUn hecho concreto que se manifest\u00f3, por ejemplo, con el aumento de los precios de la energ\u00eda. \u201cNo entramos en detalles\u201d, precis\u00f3 el prelado franc\u00e9s, aunque agreg\u00f3 que todos se detuvieron a reflexionar sobre la necesidad de alcanzar r\u00e1pidamente una paz justa.<br \/>\nEn este sentido, otro vicepresidente, el obispo lituano Rimantas Norvila, expres\u00f3 que \u201caunque todav\u00eda no se vean soluciones concretas, hoy todos los pa\u00edses europeos deben sentirse implicados en el objetivo de detener la guerra lo antes posible\u201d.<br \/>\nEn cuanto al tema de la migraci\u00f3n, otro vicepresidente, el obispo portugu\u00e9s Nuno Br\u00e1s da Silva Martins, se\u00f1al\u00f3 en una rueda de prensa que, por un lado, \u201cexiste la necesidad de que Europa acoja a los inmigrantes tambi\u00e9n para contrarrestar el descenso demogr\u00e1fico\u201d. Por otro lado, se evidencia \u201cuna cierta incapacidad para integrar a quienes llegan\u201d. Se trata, seg\u00fan sostiene, de un \u201cproblema que afecta al respeto de la persona en toda su dignidad\u201d y que involucra tambi\u00e9n \u201cla cuesti\u00f3n de las ra\u00edces cristianas de Europa\u201d.<br \/>\nPor su parte, el obispo de Copenhague y representante como vicepresidente de la Comece tambi\u00e9n de las Conferencias Episcopales Escandinavas, Czeslaw Kozon, ha puesto el acento, en concreto, en la cancelaci\u00f3n de los registros bautismales, un fen\u00f3meno que, seg\u00fan se\u00f1al\u00f3, en muchos pa\u00edses, \u201ccomo B\u00e9lgica y los Pa\u00edses Bajos\u201d, est\u00e1 en aumento.<br \/>\nEl prelado explic\u00f3 que pronto \u201cpodr\u00eda incluso haber una decisi\u00f3n del Tribunal Europeo de Derechos Humanos sobre este punto, porque las personas que quieren cancelar sus registros, a menudo por motivos ideol\u00f3gicos, tambi\u00e9n lo hacen invocando la legislaci\u00f3n europea sobre el tratamiento de datos personales\u201d.<br \/>\nEn la pr\u00e1ctica, Manuel Barrios detall\u00f3 que si en lugar de \u201canotar \u00fanicamente en el margen del nombre la voluntad de no pertenecer m\u00e1s a la Iglesia cat\u00f3lica, se avanzara hacia una verdadera cancelaci\u00f3n del registro bautismal, supondr\u00eda un atentado a la libertad de la Iglesia y una falta de respeto a su autonom\u00eda\u201d. (Europa Press)<\/p>\n","protected":false},"excerpt":{"rendered":"<p>La Presidencia de la Comisi\u00f3n de las Conferencias Episcopales de la Uni\u00f3n Europea (Comece) se reuni\u00f3 ayer en audiencia con el papa Le\u00f3n XIV y, durante el encuentro, los obispos se\u00f1alaron que \u201ces necesario llegar r\u00e1pidamente a una paz justa\u201d en Ucrania. Seg\u00fan informa el portal oficial del Vaticano \u201cVatican News\u201d, entre otros temas tambi\u00e9n [&hellip;]<\/p>\n","protected":false},"author":1,"featured_media":304582,"comment_status":"closed","ping_status":"open","sticky":false,"template":"","format":"standard","meta":{"_acf_changed":false,"footnotes":""},"categories":[3],"tags":[],"class_list":["post-304581","post","type-post","status-publish","format-standard","has-post-thumbnail","category-internacional"],"acf":{"antetitulo":"Vaticano"},"yoast_head":"<!-- This site is optimized with the Yoast SEO plugin v28.3 - https:\/\/yoast.com\/product\/yoast-seo-wordpress\/ -->\n<title>Le\u00f3n XIV se re\u00fane con obispos para tratar la paz en Ucrania y migraci\u00f3n - El Diario - Bolivia<\/title>\n<meta name=\"robots\" content=\"index, follow, max-snippet:-1, max-image-preview:large, max-video-preview:-1\" \/>\n<link rel=\"canonical\" href=\"https:\/\/www.eldiario.net\/portal\/2025\/05\/24\/leon-xiv-se-reune-con-obispos-para-tratar-la-paz-en-ucrania-y-migracion\/\" \/>\n<meta property=\"og:locale\" content=\"es_ES\" \/>\n<meta property=\"og:type\" content=\"article\" \/>\n<meta property=\"og:title\" content=\"Le\u00f3n XIV se re\u00fane con obispos para tratar la paz en Ucrania y migraci\u00f3n - El Diario - Bolivia\" \/>\n<meta property=\"og:description\" content=\"La Presidencia de la Comisi\u00f3n de las Conferencias Episcopales de la Uni\u00f3n Europea (Comece) se reuni\u00f3 ayer en audiencia con el papa Le\u00f3n XIV y, durante el encuentro, los obispos se\u00f1alaron que \u201ces necesario llegar r\u00e1pidamente a una paz justa\u201d en Ucrania. Seg\u00fan informa el portal oficial del Vaticano \u201cVatican News\u201d, entre otros temas tambi\u00e9n [&hellip;]\" \/>\n<meta property=\"og:url\" content=\"https:\/\/www.eldiario.net\/portal\/2025\/05\/24\/leon-xiv-se-reune-con-obispos-para-tratar-la-paz-en-ucrania-y-migracion\/\" \/>\n<meta property=\"og:site_name\" content=\"El Diario - Bolivia\" \/>\n<meta property=\"article:publisher\" content=\"https:\/\/www.facebook.com\/eldiario.bolivia\/\" \/>\n<meta property=\"article:published_time\" content=\"2025-05-24T11:47:28+00:00\" \/>\n<meta property=\"og:image\" content=\"https:\/\/www.eldiario.net\/portal\/wp-content\/uploads\/2025\/05\/PAPA-Notiamerica.jpg\" \/>\n\t<meta property=\"og:image:width\" content=\"690\" \/>\n\t<meta property=\"og:image:height\" content=\"460\" \/>\n\t<meta property=\"og:image:type\" content=\"image\/jpeg\" \/>\n<meta name=\"author\" content=\"Jeanette\" \/>\n<meta name=\"twitter:card\" content=\"summary_large_image\" \/>\n<meta name=\"twitter:creator\" content=\"@eldiario_net\" \/>\n<meta name=\"twitter:site\" content=\"@eldiario_net\" \/>\n<meta name=\"twitter:label1\" content=\"Escrito por\" \/>\n\t<meta name=\"twitter:data1\" content=\"Jeanette\" \/>\n\t<meta name=\"twitter:label2\" content=\"Tiempo de lectura\" \/>\n\t<meta name=\"twitter:data2\" content=\"3 minutos\" \/>\n<script type=\"application\/ld+json\" class=\"yoast-schema-graph\">{\"@context\":\"https:\\\/\\\/schema.org\",\"@graph\":[{\"@type\":\"Article\",\"@id\":\"https:\\\/\\\/www.eldiario.net\\\/portal\\\/2025\\\/05\\\/24\\\/leon-xiv-se-reune-con-obispos-para-tratar-la-paz-en-ucrania-y-migracion\\\/#article\",\"isPartOf\":{\"@id\":\"https:\\\/\\\/www.eldiario.net\\\/portal\\\/2025\\\/05\\\/24\\\/leon-xiv-se-reune-con-obispos-para-tratar-la-paz-en-ucrania-y-migracion\\\/\"},\"author\":{\"name\":\"Jeanette\",\"@id\":\"https:\\\/\\\/www.eldiario.net\\\/portal\\\/#\\\/schema\\\/person\\\/f46445640444750d7d753ccd04ae01b7\"},\"headline\":\"Le\u00f3n XIV se re\u00fane con obispos para tratar la paz en Ucrania y migraci\u00f3n\",\"datePublished\":\"2025-05-24T11:47:28+00:00\",\"mainEntityOfPage\":{\"@id\":\"https:\\\/\\\/www.eldiario.net\\\/portal\\\/2025\\\/05\\\/24\\\/leon-xiv-se-reune-con-obispos-para-tratar-la-paz-en-ucrania-y-migracion\\\/\"},\"wordCount\":631,\"publisher\":{\"@id\":\"https:\\\/\\\/www.eldiario.net\\\/portal\\\/#organization\"},\"image\":{\"@id\":\"https:\\\/\\\/www.eldiario.net\\\/portal\\\/2025\\\/05\\\/24\\\/leon-xiv-se-reune-con-obispos-para-tratar-la-paz-en-ucrania-y-migracion\\\/#primaryimage\"},\"thumbnailUrl\":\"https:\\\/\\\/www.eldiario.net\\\/portal\\\/wp-content\\\/uploads\\\/2025\\\/05\\\/PAPA-Notiamerica.jpg\",\"articleSection\":[\"Internacional\"],\"inLanguage\":\"es\"},{\"@type\":\"WebPage\",\"@id\":\"https:\\\/\\\/www.eldiario.net\\\/portal\\\/2025\\\/05\\\/24\\\/leon-xiv-se-reune-con-obispos-para-tratar-la-paz-en-ucrania-y-migracion\\\/\",\"url\":\"https:\\\/\\\/www.eldiario.net\\\/portal\\\/2025\\\/05\\\/24\\\/leon-xiv-se-reune-con-obispos-para-tratar-la-paz-en-ucrania-y-migracion\\\/\",\"name\":\"Le\u00f3n XIV se re\u00fane con obispos para tratar la paz en Ucrania y migraci\u00f3n - El Diario - Bolivia\",\"isPartOf\":{\"@id\":\"https:\\\/\\\/www.eldiario.net\\\/portal\\\/#website\"},\"primaryImageOfPage\":{\"@id\":\"https:\\\/\\\/www.eldiario.net\\\/portal\\\/2025\\\/05\\\/24\\\/leon-xiv-se-reune-con-obispos-para-tratar-la-paz-en-ucrania-y-migracion\\\/#primaryimage\"},\"image\":{\"@id\":\"https:\\\/\\\/www.eldiario.net\\\/portal\\\/2025\\\/05\\\/24\\\/leon-xiv-se-reune-con-obispos-para-tratar-la-paz-en-ucrania-y-migracion\\\/#primaryimage\"},\"thumbnailUrl\":\"https:\\\/\\\/www.eldiario.net\\\/portal\\\/wp-content\\\/uploads\\\/2025\\\/05\\\/PAPA-Notiamerica.jpg\",\"datePublished\":\"2025-05-24T11:47:28+00:00\",\"breadcrumb\":{\"@id\":\"https:\\\/\\\/www.eldiario.net\\\/portal\\\/2025\\\/05\\\/24\\\/leon-xiv-se-reune-con-obispos-para-tratar-la-paz-en-ucrania-y-migracion\\\/#breadcrumb\"},\"inLanguage\":\"es\",\"potentialAction\":[{\"@type\":\"ReadAction\",\"target\":[\"https:\\\/\\\/www.eldiario.net\\\/portal\\\/2025\\\/05\\\/24\\\/leon-xiv-se-reune-con-obispos-para-tratar-la-paz-en-ucrania-y-migracion\\\/\"]}]},{\"@type\":\"ImageObject\",\"inLanguage\":\"es\",\"@id\":\"https:\\\/\\\/www.eldiario.net\\\/portal\\\/2025\\\/05\\\/24\\\/leon-xiv-se-reune-con-obispos-para-tratar-la-paz-en-ucrania-y-migracion\\\/#primaryimage\",\"url\":\"https:\\\/\\\/www.eldiario.net\\\/portal\\\/wp-content\\\/uploads\\\/2025\\\/05\\\/PAPA-Notiamerica.jpg\",\"contentUrl\":\"https:\\\/\\\/www.eldiario.net\\\/portal\\\/wp-content\\\/uploads\\\/2025\\\/05\\\/PAPA-Notiamerica.jpg\",\"width\":690,\"height\":460,\"caption\":\"El Papa Le\u00f3n XIV.\"},{\"@type\":\"BreadcrumbList\",\"@id\":\"https:\\\/\\\/www.eldiario.net\\\/portal\\\/2025\\\/05\\\/24\\\/leon-xiv-se-reune-con-obispos-para-tratar-la-paz-en-ucrania-y-migracion\\\/#breadcrumb\",\"itemListElement\":[{\"@type\":\"ListItem\",\"position\":1,\"name\":\"Portada\",\"item\":\"https:\\\/\\\/www.eldiario.net\\\/portal\\\/\"},{\"@type\":\"ListItem\",\"position\":2,\"name\":\"Le\u00f3n XIV se re\u00fane con obispos para tratar la paz en Ucrania y migraci\u00f3n\"}]},{\"@type\":\"WebSite\",\"@id\":\"https:\\\/\\\/www.eldiario.net\\\/portal\\\/#website\",\"url\":\"https:\\\/\\\/www.eldiario.net\\\/portal\\\/\",\"name\":\"El Diario - Decano de la prensa nacional\",\"description\":\"El Diario - Decano de la prensa nacional\",\"publisher\":{\"@id\":\"https:\\\/\\\/www.eldiario.net\\\/portal\\\/#organization\"},\"potentialAction\":[{\"@type\":\"SearchAction\",\"target\":{\"@type\":\"EntryPoint\",\"urlTemplate\":\"https:\\\/\\\/www.eldiario.net\\\/portal\\\/?s={search_term_string}\"},\"query-input\":{\"@type\":\"PropertyValueSpecification\",\"valueRequired\":true,\"valueName\":\"search_term_string\"}}],\"inLanguage\":\"es\"},{\"@type\":\"Organization\",\"@id\":\"https:\\\/\\\/www.eldiario.net\\\/portal\\\/#organization\",\"name\":\"El Diario - Decano de la prensa nacional\",\"url\":\"https:\\\/\\\/www.eldiario.net\\\/portal\\\/\",\"logo\":{\"@type\":\"ImageObject\",\"inLanguage\":\"es\",\"@id\":\"https:\\\/\\\/www.eldiario.net\\\/portal\\\/#\\\/schema\\\/logo\\\/image\\\/\",\"url\":\"https:\\\/\\\/www.eldiario.net\\\/portal\\\/wp-content\\\/uploads\\\/2023\\\/07\\\/logo_ED.jpg\",\"contentUrl\":\"https:\\\/\\\/www.eldiario.net\\\/portal\\\/wp-content\\\/uploads\\\/2023\\\/07\\\/logo_ED.jpg\",\"width\":272,\"height\":52,\"caption\":\"El Diario - Decano de la prensa nacional\"},\"image\":{\"@id\":\"https:\\\/\\\/www.eldiario.net\\\/portal\\\/#\\\/schema\\\/logo\\\/image\\\/\"},\"sameAs\":[\"https:\\\/\\\/www.facebook.com\\\/eldiario.bolivia\\\/\",\"https:\\\/\\\/x.com\\\/eldiario_net\"]},{\"@type\":\"Person\",\"@id\":\"https:\\\/\\\/www.eldiario.net\\\/portal\\\/#\\\/schema\\\/person\\\/f46445640444750d7d753ccd04ae01b7\",\"name\":\"Jeanette\",\"image\":{\"@type\":\"ImageObject\",\"inLanguage\":\"es\",\"@id\":\"https:\\\/\\\/secure.gravatar.com\\\/avatar\\\/3ea2118a5f7dad2b7138b1187a6b7ee55f160b9968b66013c3a3ef39dd7e5798?s=96&d=mm&r=g\",\"url\":\"https:\\\/\\\/secure.gravatar.com\\\/avatar\\\/3ea2118a5f7dad2b7138b1187a6b7ee55f160b9968b66013c3a3ef39dd7e5798?s=96&d=mm&r=g\",\"contentUrl\":\"https:\\\/\\\/secure.gravatar.com\\\/avatar\\\/3ea2118a5f7dad2b7138b1187a6b7ee55f160b9968b66013c3a3ef39dd7e5798?s=96&d=mm&r=g\",\"caption\":\"Jeanette\"},\"sameAs\":[\"https:\\\/\\\/www.eldiario.net\\\/portal\"],\"url\":\"https:\\\/\\\/www.eldiario.net\\\/portal\\\/author\\\/jeanette\\\/\"}]}<\/script>\n<!-- \/ Yoast SEO plugin. -->","yoast_head_json":{"title":"Le\u00f3n XIV se re\u00fane con obispos para tratar la paz en Ucrania y migraci\u00f3n - El Diario - Bolivia","robots":{"index":"index","follow":"follow","max-snippet":"max-snippet:-1","max-image-preview":"max-image-preview:large","max-video-preview":"max-video-preview:-1"},"canonical":"https:\/\/www.eldiario.net\/portal\/2025\/05\/24\/leon-xiv-se-reune-con-obispos-para-tratar-la-paz-en-ucrania-y-migracion\/","og_locale":"es_ES","og_type":"article","og_title":"Le\u00f3n XIV se re\u00fane con obispos para tratar la paz en Ucrania y migraci\u00f3n - El Diario - Bolivia","og_description":"La Presidencia de la Comisi\u00f3n de las Conferencias Episcopales de la Uni\u00f3n Europea (Comece) se reuni\u00f3 ayer en audiencia con el papa Le\u00f3n XIV y, durante el encuentro, los obispos se\u00f1alaron que \u201ces necesario llegar r\u00e1pidamente a una paz justa\u201d en Ucrania. Seg\u00fan informa el portal oficial del Vaticano \u201cVatican News\u201d, entre otros temas tambi\u00e9n [&hellip;]","og_url":"https:\/\/www.eldiario.net\/portal\/2025\/05\/24\/leon-xiv-se-reune-con-obispos-para-tratar-la-paz-en-ucrania-y-migracion\/","og_site_name":"El Diario - Bolivia","article_publisher":"https:\/\/www.facebook.com\/eldiario.bolivia\/","article_published_time":"2025-05-24T11:47:28+00:00","og_image":[{"width":690,"height":460,"url":"https:\/\/www.eldiario.net\/portal\/wp-content\/uploads\/2025\/05\/PAPA-Notiamerica.jpg","type":"image\/jpeg"}],"author":"Jeanette","twitter_card":"summary_large_image","twitter_creator":"@eldiario_net","twitter_site":"@eldiario_net","twitter_misc":{"Escrito por":"Jeanette","Tiempo de lectura":"3 minutos"},"schema":{"@context":"https:\/\/schema.org","@graph":[{"@type":"Article","@id":"https:\/\/www.eldiario.net\/portal\/2025\/05\/24\/leon-xiv-se-reune-con-obispos-para-tratar-la-paz-en-ucrania-y-migracion\/#article","isPartOf":{"@id":"https:\/\/www.eldiario.net\/portal\/2025\/05\/24\/leon-xiv-se-reune-con-obispos-para-tratar-la-paz-en-ucrania-y-migracion\/"},"author":{"name":"Jeanette","@id":"https:\/\/www.eldiario.net\/portal\/#\/schema\/person\/f46445640444750d7d753ccd04ae01b7"},"headline":"Le\u00f3n XIV se re\u00fane con obispos para tratar la paz en Ucrania y migraci\u00f3n","datePublished":"2025-05-24T11:47:28+00:00","mainEntityOfPage":{"@id":"https:\/\/www.eldiario.net\/portal\/2025\/05\/24\/leon-xiv-se-reune-con-obispos-para-tratar-la-paz-en-ucrania-y-migracion\/"},"wordCount":631,"publisher":{"@id":"https:\/\/www.eldiario.net\/portal\/#organization"},"image":{"@id":"https:\/\/www.eldiario.net\/portal\/2025\/05\/24\/leon-xiv-se-reune-con-obispos-para-tratar-la-paz-en-ucrania-y-migracion\/#primaryimage"},"thumbnailUrl":"https:\/\/www.eldiario.net\/portal\/wp-content\/uploads\/2025\/05\/PAPA-Notiamerica.jpg","articleSection":["Internacional"],"inLanguage":"es"},{"@type":"WebPage","@id":"https:\/\/www.eldiario.net\/portal\/2025\/05\/24\/leon-xiv-se-reune-con-obispos-para-tratar-la-paz-en-ucrania-y-migracion\/","url":"https:\/\/www.eldiario.net\/portal\/2025\/05\/24\/leon-xiv-se-reune-con-obispos-para-tratar-la-paz-en-ucrania-y-migracion\/","name":"Le\u00f3n XIV se re\u00fane con obispos para tratar la paz en Ucrania y migraci\u00f3n - El Diario - Bolivia","isPartOf":{"@id":"https:\/\/www.eldiario.net\/portal\/#website"},"primaryImageOfPage":{"@id":"https:\/\/www.eldiario.net\/portal\/2025\/05\/24\/leon-xiv-se-reune-con-obispos-para-tratar-la-paz-en-ucrania-y-migracion\/#primaryimage"},"image":{"@id":"https:\/\/www.eldiario.net\/portal\/2025\/05\/24\/leon-xiv-se-reune-con-obispos-para-tratar-la-paz-en-ucrania-y-migracion\/#primaryimage"},"thumbnailUrl":"https:\/\/www.eldiario.net\/portal\/wp-content\/uploads\/2025\/05\/PAPA-Notiamerica.jpg","datePublished":"2025-05-24T11:47:28+00:00","breadcrumb":{"@id":"https:\/\/www.eldiario.net\/portal\/2025\/05\/24\/leon-xiv-se-reune-con-obispos-para-tratar-la-paz-en-ucrania-y-migracion\/#breadcrumb"},"inLanguage":"es","potentialAction":[{"@type":"ReadAction","target":["https:\/\/www.eldiario.net\/portal\/2025\/05\/24\/leon-xiv-se-reune-con-obispos-para-tratar-la-paz-en-ucrania-y-migracion\/"]}]},{"@type":"ImageObject","inLanguage":"es","@id":"https:\/\/www.eldiario.net\/portal\/2025\/05\/24\/leon-xiv-se-reune-con-obispos-para-tratar-la-paz-en-ucrania-y-migracion\/#primaryimage","url":"https:\/\/www.eldiario.net\/portal\/wp-content\/uploads\/2025\/05\/PAPA-Notiamerica.jpg","contentUrl":"https:\/\/www.eldiario.net\/portal\/wp-content\/uploads\/2025\/05\/PAPA-Notiamerica.jpg","width":690,"height":460,"caption":"El Papa Le\u00f3n XIV."},{"@type":"BreadcrumbList","@id":"https:\/\/www.eldiario.net\/portal\/2025\/05\/24\/leon-xiv-se-reune-con-obispos-para-tratar-la-paz-en-ucrania-y-migracion\/#breadcrumb","itemListElement":[{"@type":"ListItem","position":1,"name":"Portada","item":"https:\/\/www.eldiario.net\/portal\/"},{"@type":"ListItem","position":2,"name":"Le\u00f3n XIV se re\u00fane con obispos para tratar la paz en Ucrania y migraci\u00f3n"}]},{"@type":"WebSite","@id":"https:\/\/www.eldiario.net\/portal\/#website","url":"https:\/\/www.eldiario.net\/portal\/","name":"El Diario - Decano de la prensa nacional","description":"El Diario - Decano de la prensa nacional","publisher":{"@id":"https:\/\/www.eldiario.net\/portal\/#organization"},"potentialAction":[{"@type":"SearchAction","target":{"@type":"EntryPoint","urlTemplate":"https:\/\/www.eldiario.net\/portal\/?s={search_term_string}"},"query-input":{"@type":"PropertyValueSpecification","valueRequired":true,"valueName":"search_term_string"}}],"inLanguage":"es"},{"@type":"Organization","@id":"https:\/\/www.eldiario.net\/portal\/#organization","name":"El Diario - Decano de la prensa nacional","url":"https:\/\/www.eldiario.net\/portal\/","logo":{"@type":"ImageObject","inLanguage":"es","@id":"https:\/\/www.eldiario.net\/portal\/#\/schema\/logo\/image\/","url":"https:\/\/www.eldiario.net\/portal\/wp-content\/uploads\/2023\/07\/logo_ED.jpg","contentUrl":"https:\/\/www.eldiario.net\/portal\/wp-content\/uploads\/2023\/07\/logo_ED.jpg","width":272,"height":52,"caption":"El Diario - Decano de la prensa nacional"},"image":{"@id":"https:\/\/www.eldiario.net\/portal\/#\/schema\/logo\/image\/"},"sameAs":["https:\/\/www.facebook.com\/eldiario.bolivia\/","https:\/\/x.com\/eldiario_net"]},{"@type":"Person","@id":"https:\/\/www.eldiario.net\/portal\/#\/schema\/person\/f46445640444750d7d753ccd04ae01b7","name":"Jeanette","image":{"@type":"ImageObject","inLanguage":"es","@id":"https:\/\/secure.gravatar.com\/avatar\/3ea2118a5f7dad2b7138b1187a6b7ee55f160b9968b66013c3a3ef39dd7e5798?s=96&d=mm&r=g","url":"https:\/\/secure.gravatar.com\/avatar\/3ea2118a5f7dad2b7138b1187a6b7ee55f160b9968b66013c3a3ef39dd7e5798?s=96&d=mm&r=g","contentUrl":"https:\/\/secure.gravatar.com\/avatar\/3ea2118a5f7dad2b7138b1187a6b7ee55f160b9968b66013c3a3ef39dd7e5798?s=96&d=mm&r=g","caption":"Jeanette"},"sameAs":["https:\/\/www.eldiario.net\/portal"],"url":"https:\/\/www.eldiario.net\/portal\/author\/jeanette\/"}]}},"_links":{"self":[{"href":"https:\/\/www.eldiario.net\/portal\/wp-json\/wp\/v2\/posts\/304581","targetHints":{"allow":["GET"]}}],"collection":[{"href":"https:\/\/www.eldiario.net\/portal\/wp-json\/wp\/v2\/posts"}],"about":[{"href":"https:\/\/www.eldiario.net\/portal\/wp-json\/wp\/v2\/types\/post"}],"author":[{"embeddable":true,"href":"https:\/\/www.eldiario.net\/portal\/wp-json\/wp\/v2\/users\/1"}],"replies":[{"embeddable":true,"href":"https:\/\/www.eldiario.net\/portal\/wp-json\/wp\/v2\/comments?post=304581"}],"version-history":[{"count":1,"href":"https:\/\/www.eldiario.net\/portal\/wp-json\/wp\/v2\/posts\/304581\/revisions"}],"predecessor-version":[{"id":304583,"href":"https:\/\/www.eldiario.net\/portal\/wp-json\/wp\/v2\/posts\/304581\/revisions\/304583"}],"wp:featuredmedia":[{"embeddable":true,"href":"https:\/\/www.eldiario.net\/portal\/wp-json\/wp\/v2\/media\/304582"}],"wp:attachment":[{"href":"https:\/\/www.eldiario.net\/portal\/wp-json\/wp\/v2\/media?parent=304581"}],"wp:term":[{"taxonomy":"category","embeddable":true,"href":"https:\/\/www.eldiario.net\/portal\/wp-json\/wp\/v2\/categories?post=304581"},{"taxonomy":"post_tag","embeddable":true,"href":"https:\/\/www.eldiario.net\/portal\/wp-json\/wp\/v2\/tags?post=304581"}],"curies":[{"name":"wp","href":"https:\/\/api.w.org\/{rel}","templated":true}]}}