{"id":304577,"date":"2025-05-24T07:45:22","date_gmt":"2025-05-24T11:45:22","guid":{"rendered":"https:\/\/www.eldiario.net\/portal\/?p=304577"},"modified":"2025-05-24T07:45:22","modified_gmt":"2025-05-24T11:45:22","slug":"precios-de-escandalo-en-supermercados-crucenos","status":"publish","type":"post","link":"https:\/\/www.eldiario.net\/portal\/2025\/05\/24\/precios-de-escandalo-en-supermercados-crucenos\/","title":{"rendered":"Precios de esc\u00e1ndalo en  supermercados cruce\u00f1os"},"content":{"rendered":"<p>La paciencia de los consumidores cruce\u00f1os est\u00e1 llegando a su l\u00edmite. Fotograf\u00edas que fueron enviadas a EL DIARIO confirman lo que muchos ya sospechaban: un desmedido y abusivo incremento de precios en productos b\u00e1sicos de consumo masivo en el supermercado Fidalga, ubicado en la plazuela Blacut y de las Tiendas 3B del kil\u00f3metro 9 de la Doble V\u00eda. La evidencia visual deja claro que la econom\u00eda familiar de los cruce\u00f1os est\u00e1 siendo severamente golpeada por estas pr\u00e1cticas.<br \/>\nLos precios, capturados en im\u00e1genes que documentan el costo de art\u00edculos esenciales, son un claro indicador de la magnitud del problema.<br \/>\nEl Nescaf\u00e9 Tradi\u00e7ao de 30 gramos tiene un costo de Bs 100, precio exorbitante para una presentaci\u00f3n tan peque\u00f1a de caf\u00e9.<br \/>\nEl precio del Caf\u00e9 Iguacu (Bs 156) es otro golpe al bolsillo. El costo de este caf\u00e9 en los establecimientos se\u00f1alados es casi el doble de lo que se encuentra en otras cadenas de supermercados en la misma ciudad.<br \/>\nBolsa de un kilo de Chocolike tiene un valor de Bs 46, que si bien no tan escandaloso como los caf\u00e9s, este precio tambi\u00e9n se sit\u00faa en el extremo alto del rango de precios para este producto en el mercado.<br \/>\nLa barra de Jab\u00f3n Zote, un art\u00edculo de higiene personal b\u00e1sico, cuyo precio en estos supermercados (Bs 20) duplica con creces el valor de mercado.<br \/>\nATAQUE DIRECTO<br \/>\nAL BOLSILLO<br \/>\nEstos precios, ahora no solo reportados sino fotogr\u00e1ficamente documentados, no son meras anomal\u00edas; son un ataque directo al poder adquisitivo de las familias de Santa Cruz de la Sierra. En un momento donde cada boliviano cuenta, el encarecimiento de productos de la canasta b\u00e1sica y de uso diario obliga a los hogares a tomar decisiones dif\u00edciles: reducir el consumo, buscar alternativas m\u00e1s econ\u00f3micas o, en el peor de los casos, prescindir de art\u00edculos esenciales.<br \/>\nLas autoridades competentes, particularmente el Viceministerio de Defensa del Consumidor, tienen ahora una evidencia irrefutable para investigar estas pr\u00e1cticas. La protecci\u00f3n al consumidor y la garant\u00eda de una competencia justa no son negociables; son derechos fundamentales que deben ser defendidos, afirman ciudadanos a trav\u00e9s de sus cuentas en redes sociales.<br \/>\nLa ciudadan\u00eda espera una acci\u00f3n inmediata y contundente para detener estos abusos y asegurar que los precios en los supermercados reflejen una realidad econ\u00f3mica justa y razonable para todos los bolivianos. (Santa Cruz, EL DIARIO)<\/p>\n\r\n                <style type=\"text\/css\">\r\n                    \r\n                    #tdi_1  .td-doubleSlider-2 .td-item1 {\r\n                        background: url(https:\/\/www.eldiario.net\/portal\/wp-content\/uploads\/2025\/05\/71-NAL-3-80x60.jpg) 0 0 no-repeat;\r\n                    }\r\n                    #tdi_1  .td-doubleSlider-2 .td-item2 {\r\n                        background: url(https:\/\/www.eldiario.net\/portal\/wp-content\/uploads\/2025\/05\/72-NAL-3-80x60.jpg) 0 0 no-repeat;\r\n                    }\r\n                <\/style>\r\n\r\n                <div id=\"tdi_1\" class=\"td-gallery td-slide-on-2-columns\">\r\n                    <div class=\"post_td_gallery\">\r\n                        <div class=\"td-gallery-slide-top\">\r\n                           <div class=\"td-gallery-title\"><\/div>\r\n\r\n                            <div class=\"td-gallery-controls-wrapper\">\r\n                                <div class=\"td-gallery-slide-count\"><span class=\"td-gallery-slide-item-focus\">1<\/span> de 2<\/div>\r\n                                <div class=\"td-gallery-slide-prev-next-but\">\r\n                                    <i class = \"td-icon-left doubleSliderPrevButton\"><\/i>\r\n                                    <i class = \"td-icon-right doubleSliderNextButton\"><\/i>\r\n                                <\/div>\r\n                            <\/div>\r\n                        <\/div>\r\n\r\n                        <div class = \"td-doubleSlider-1 \">\r\n                            <div class = \"td-slider\">\r\n                                \r\n                    <div class = \"td-slide-item td-item1\">\r\n                        <figure class=\"td-slide-galery-figure td-slide-popup-gallery\">\r\n                            <a class=\"slide-gallery-image-link\" href=\"https:\/\/www.eldiario.net\/portal\/wp-content\/uploads\/2025\/05\/71-NAL-3.jpg\" title=\"71-NAL\"  data-caption=\"CON ESE PRECIO sE VENDE EL CHoCOLIKE EN TIENDAS 3B.\"  data-description=\"\">\r\n                                <img decoding=\"async\" src=\"https:\/\/www.eldiario.net\/portal\/wp-content\/uploads\/2025\/05\/71-NAL-3-236x420.jpg\" srcset=\"https:\/\/www.eldiario.net\/portal\/wp-content\/uploads\/2025\/05\/71-NAL-3-236x420.jpg 236w, https:\/\/www.eldiario.net\/portal\/wp-content\/uploads\/2025\/05\/71-NAL-3-169x300.jpg 169w, https:\/\/www.eldiario.net\/portal\/wp-content\/uploads\/2025\/05\/71-NAL-3-576x1024.jpg 576w, https:\/\/www.eldiario.net\/portal\/wp-content\/uploads\/2025\/05\/71-NAL-3-768x1366.jpg 768w, https:\/\/www.eldiario.net\/portal\/wp-content\/uploads\/2025\/05\/71-NAL-3-864x1536.jpg 864w, https:\/\/www.eldiario.net\/portal\/wp-content\/uploads\/2025\/05\/71-NAL-3-696x1238.jpg 696w, https:\/\/www.eldiario.net\/portal\/wp-content\/uploads\/2025\/05\/71-NAL-3.jpg 899w\" sizes=\"(max-width: 236px) 100vw, 236px\" alt=\"\">\r\n                            <\/a>\r\n                            <figcaption class = \"td-slide-caption td-gallery-slide-content\"><div class = \"td-gallery-slide-copywrite\">CON ESE PRECIO sE VENDE EL CHoCOLIKE EN TIENDAS 3B.<\/div><\/figcaption>\r\n                        <\/figure>\r\n                    <\/div>\r\n                    <div class = \"td-slide-item td-item2\">\r\n                        <figure class=\"td-slide-galery-figure td-slide-popup-gallery\">\r\n                            <a class=\"slide-gallery-image-link\" href=\"https:\/\/www.eldiario.net\/portal\/wp-content\/uploads\/2025\/05\/72-NAL-3.jpg\" title=\"72-NAL\"  data-caption=\" LA BARRA DE JAB\u00d3N A Bs 20 en 3B, QUE TIENE 30 TIENDAS EN LA CAPITAL CRUCE\u00d1A.\"  data-description=\"\">\r\n                                <img decoding=\"async\" src=\"https:\/\/www.eldiario.net\/portal\/wp-content\/uploads\/2025\/05\/72-NAL-3-189x420.jpg\" srcset=\"https:\/\/www.eldiario.net\/portal\/wp-content\/uploads\/2025\/05\/72-NAL-3-189x420.jpg 189w, https:\/\/www.eldiario.net\/portal\/wp-content\/uploads\/2025\/05\/72-NAL-3-135x300.jpg 135w, https:\/\/www.eldiario.net\/portal\/wp-content\/uploads\/2025\/05\/72-NAL-3-461x1024.jpg 461w, https:\/\/www.eldiario.net\/portal\/wp-content\/uploads\/2025\/05\/72-NAL-3-692x1536.jpg 692w, https:\/\/www.eldiario.net\/portal\/wp-content\/uploads\/2025\/05\/72-NAL-3-696x1545.jpg 696w, https:\/\/www.eldiario.net\/portal\/wp-content\/uploads\/2025\/05\/72-NAL-3.jpg 721w\" sizes=\"(max-width: 189px) 100vw, 189px\" alt=\"\">\r\n                            <\/a>\r\n                            <figcaption class = \"td-slide-caption td-gallery-slide-content\"><div class = \"td-gallery-slide-copywrite\"> LA BARRA DE JAB\u00d3N A Bs 20 en 3B, QUE TIENE 30 TIENDAS EN LA CAPITAL CRUCE\u00d1A.<\/div><\/figcaption>\r\n                        <\/figure>\r\n                    <\/div>\r\n                            <\/div>\r\n                        <\/div>\r\n\r\n                        <div class = \"td-doubleSlider-2\">\r\n                            <div class = \"td-slider\">\r\n                                \r\n                    <div class = \"td-button td-item1\">\r\n                        <div class = \"td-border\"><\/div>\r\n                    <\/div>\r\n                    <div class = \"td-button td-item2\">\r\n                        <div class = \"td-border\"><\/div>\r\n                    <\/div>\r\n                            <\/div>\r\n                        <\/div>\r\n\r\n                    <\/div>\r\n\r\n                <\/div>\r\n                \n","protected":false},"excerpt":{"rendered":"<p>La paciencia de los consumidores cruce\u00f1os est\u00e1 llegando a su l\u00edmite. Fotograf\u00edas que fueron enviadas a EL DIARIO confirman lo que muchos ya sospechaban: un desmedido y abusivo incremento de precios en productos b\u00e1sicos de consumo masivo en el supermercado Fidalga, ubicado en la plazuela Blacut y de las Tiendas 3B del kil\u00f3metro 9 de [&hellip;]<\/p>\n","protected":false},"author":1,"featured_media":304579,"comment_status":"closed","ping_status":"open","sticky":false,"template":"","format":"standard","meta":{"_acf_changed":false,"footnotes":""},"categories":[12],"tags":[],"class_list":["post-304577","post","type-post","status-publish","format-standard","has-post-thumbnail","category-nacional"],"acf":{"antetitulo":""},"yoast_head":"<!-- This site is optimized with the Yoast SEO plugin v28.3 - https:\/\/yoast.com\/product\/yoast-seo-wordpress\/ -->\n<title>Precios de esc\u00e1ndalo en supermercados cruce\u00f1os - El Diario - Bolivia<\/title>\n<meta name=\"robots\" content=\"index, follow, max-snippet:-1, max-image-preview:large, max-video-preview:-1\" \/>\n<link rel=\"canonical\" href=\"https:\/\/www.eldiario.net\/portal\/2025\/05\/24\/precios-de-escandalo-en-supermercados-crucenos\/\" \/>\n<meta property=\"og:locale\" content=\"es_ES\" \/>\n<meta property=\"og:type\" content=\"article\" \/>\n<meta property=\"og:title\" content=\"Precios de esc\u00e1ndalo en supermercados cruce\u00f1os - El Diario - Bolivia\" \/>\n<meta property=\"og:description\" content=\"La paciencia de los consumidores cruce\u00f1os est\u00e1 llegando a su l\u00edmite. Fotograf\u00edas que fueron enviadas a EL DIARIO confirman lo que muchos ya sospechaban: un desmedido y abusivo incremento de precios en productos b\u00e1sicos de consumo masivo en el supermercado Fidalga, ubicado en la plazuela Blacut y de las Tiendas 3B del kil\u00f3metro 9 de [&hellip;]\" \/>\n<meta property=\"og:url\" content=\"https:\/\/www.eldiario.net\/portal\/2025\/05\/24\/precios-de-escandalo-en-supermercados-crucenos\/\" \/>\n<meta property=\"og:site_name\" content=\"El Diario - Bolivia\" \/>\n<meta property=\"article:publisher\" content=\"https:\/\/www.facebook.com\/eldiario.bolivia\/\" \/>\n<meta property=\"article:published_time\" content=\"2025-05-24T11:45:22+00:00\" \/>\n<meta property=\"og:image\" content=\"https:\/\/www.eldiario.net\/portal\/wp-content\/uploads\/2025\/05\/72-NAL-3.jpg\" \/>\n\t<meta property=\"og:image:width\" content=\"721\" \/>\n\t<meta property=\"og:image:height\" content=\"1600\" \/>\n\t<meta property=\"og:image:type\" content=\"image\/jpeg\" \/>\n<meta name=\"author\" content=\"Jeanette\" \/>\n<meta name=\"twitter:card\" content=\"summary_large_image\" \/>\n<meta name=\"twitter:creator\" content=\"@eldiario_net\" \/>\n<meta name=\"twitter:site\" content=\"@eldiario_net\" \/>\n<meta name=\"twitter:label1\" content=\"Escrito por\" \/>\n\t<meta name=\"twitter:data1\" content=\"Jeanette\" \/>\n\t<meta name=\"twitter:label2\" content=\"Tiempo de lectura\" \/>\n\t<meta name=\"twitter:data2\" content=\"2 minutos\" \/>\n<script type=\"application\/ld+json\" class=\"yoast-schema-graph\">{\"@context\":\"https:\\\/\\\/schema.org\",\"@graph\":[{\"@type\":\"Article\",\"@id\":\"https:\\\/\\\/www.eldiario.net\\\/portal\\\/2025\\\/05\\\/24\\\/precios-de-escandalo-en-supermercados-crucenos\\\/#article\",\"isPartOf\":{\"@id\":\"https:\\\/\\\/www.eldiario.net\\\/portal\\\/2025\\\/05\\\/24\\\/precios-de-escandalo-en-supermercados-crucenos\\\/\"},\"author\":{\"name\":\"Jeanette\",\"@id\":\"https:\\\/\\\/www.eldiario.net\\\/portal\\\/#\\\/schema\\\/person\\\/f46445640444750d7d753ccd04ae01b7\"},\"headline\":\"Precios de esc\u00e1ndalo en supermercados cruce\u00f1os\",\"datePublished\":\"2025-05-24T11:45:22+00:00\",\"mainEntityOfPage\":{\"@id\":\"https:\\\/\\\/www.eldiario.net\\\/portal\\\/2025\\\/05\\\/24\\\/precios-de-escandalo-en-supermercados-crucenos\\\/\"},\"wordCount\":432,\"publisher\":{\"@id\":\"https:\\\/\\\/www.eldiario.net\\\/portal\\\/#organization\"},\"image\":{\"@id\":\"https:\\\/\\\/www.eldiario.net\\\/portal\\\/2025\\\/05\\\/24\\\/precios-de-escandalo-en-supermercados-crucenos\\\/#primaryimage\"},\"thumbnailUrl\":\"https:\\\/\\\/www.eldiario.net\\\/portal\\\/wp-content\\\/uploads\\\/2025\\\/05\\\/72-NAL-3.jpg\",\"articleSection\":[\"Nacional\"],\"inLanguage\":\"es\"},{\"@type\":\"WebPage\",\"@id\":\"https:\\\/\\\/www.eldiario.net\\\/portal\\\/2025\\\/05\\\/24\\\/precios-de-escandalo-en-supermercados-crucenos\\\/\",\"url\":\"https:\\\/\\\/www.eldiario.net\\\/portal\\\/2025\\\/05\\\/24\\\/precios-de-escandalo-en-supermercados-crucenos\\\/\",\"name\":\"Precios de esc\u00e1ndalo en supermercados cruce\u00f1os - El Diario - Bolivia\",\"isPartOf\":{\"@id\":\"https:\\\/\\\/www.eldiario.net\\\/portal\\\/#website\"},\"primaryImageOfPage\":{\"@id\":\"https:\\\/\\\/www.eldiario.net\\\/portal\\\/2025\\\/05\\\/24\\\/precios-de-escandalo-en-supermercados-crucenos\\\/#primaryimage\"},\"image\":{\"@id\":\"https:\\\/\\\/www.eldiario.net\\\/portal\\\/2025\\\/05\\\/24\\\/precios-de-escandalo-en-supermercados-crucenos\\\/#primaryimage\"},\"thumbnailUrl\":\"https:\\\/\\\/www.eldiario.net\\\/portal\\\/wp-content\\\/uploads\\\/2025\\\/05\\\/72-NAL-3.jpg\",\"datePublished\":\"2025-05-24T11:45:22+00:00\",\"breadcrumb\":{\"@id\":\"https:\\\/\\\/www.eldiario.net\\\/portal\\\/2025\\\/05\\\/24\\\/precios-de-escandalo-en-supermercados-crucenos\\\/#breadcrumb\"},\"inLanguage\":\"es\",\"potentialAction\":[{\"@type\":\"ReadAction\",\"target\":[\"https:\\\/\\\/www.eldiario.net\\\/portal\\\/2025\\\/05\\\/24\\\/precios-de-escandalo-en-supermercados-crucenos\\\/\"]}]},{\"@type\":\"ImageObject\",\"inLanguage\":\"es\",\"@id\":\"https:\\\/\\\/www.eldiario.net\\\/portal\\\/2025\\\/05\\\/24\\\/precios-de-escandalo-en-supermercados-crucenos\\\/#primaryimage\",\"url\":\"https:\\\/\\\/www.eldiario.net\\\/portal\\\/wp-content\\\/uploads\\\/2025\\\/05\\\/72-NAL-3.jpg\",\"contentUrl\":\"https:\\\/\\\/www.eldiario.net\\\/portal\\\/wp-content\\\/uploads\\\/2025\\\/05\\\/72-NAL-3.jpg\",\"width\":721,\"height\":1600,\"caption\":\"LA BARRA DE JAB\u00d3N A Bs 20 en 3B, QUE TIENE 30 TIENDAS EN LA CAPITAL CRUCE\u00d1A.\"},{\"@type\":\"BreadcrumbList\",\"@id\":\"https:\\\/\\\/www.eldiario.net\\\/portal\\\/2025\\\/05\\\/24\\\/precios-de-escandalo-en-supermercados-crucenos\\\/#breadcrumb\",\"itemListElement\":[{\"@type\":\"ListItem\",\"position\":1,\"name\":\"Portada\",\"item\":\"https:\\\/\\\/www.eldiario.net\\\/portal\\\/\"},{\"@type\":\"ListItem\",\"position\":2,\"name\":\"Precios de esc\u00e1ndalo en supermercados cruce\u00f1os\"}]},{\"@type\":\"WebSite\",\"@id\":\"https:\\\/\\\/www.eldiario.net\\\/portal\\\/#website\",\"url\":\"https:\\\/\\\/www.eldiario.net\\\/portal\\\/\",\"name\":\"El Diario - Decano de la prensa nacional\",\"description\":\"El Diario - Decano de la prensa nacional\",\"publisher\":{\"@id\":\"https:\\\/\\\/www.eldiario.net\\\/portal\\\/#organization\"},\"potentialAction\":[{\"@type\":\"SearchAction\",\"target\":{\"@type\":\"EntryPoint\",\"urlTemplate\":\"https:\\\/\\\/www.eldiario.net\\\/portal\\\/?s={search_term_string}\"},\"query-input\":{\"@type\":\"PropertyValueSpecification\",\"valueRequired\":true,\"valueName\":\"search_term_string\"}}],\"inLanguage\":\"es\"},{\"@type\":\"Organization\",\"@id\":\"https:\\\/\\\/www.eldiario.net\\\/portal\\\/#organization\",\"name\":\"El Diario - Decano de la prensa nacional\",\"url\":\"https:\\\/\\\/www.eldiario.net\\\/portal\\\/\",\"logo\":{\"@type\":\"ImageObject\",\"inLanguage\":\"es\",\"@id\":\"https:\\\/\\\/www.eldiario.net\\\/portal\\\/#\\\/schema\\\/logo\\\/image\\\/\",\"url\":\"https:\\\/\\\/www.eldiario.net\\\/portal\\\/wp-content\\\/uploads\\\/2023\\\/07\\\/logo_ED.jpg\",\"contentUrl\":\"https:\\\/\\\/www.eldiario.net\\\/portal\\\/wp-content\\\/uploads\\\/2023\\\/07\\\/logo_ED.jpg\",\"width\":272,\"height\":52,\"caption\":\"El Diario - Decano de la prensa nacional\"},\"image\":{\"@id\":\"https:\\\/\\\/www.eldiario.net\\\/portal\\\/#\\\/schema\\\/logo\\\/image\\\/\"},\"sameAs\":[\"https:\\\/\\\/www.facebook.com\\\/eldiario.bolivia\\\/\",\"https:\\\/\\\/x.com\\\/eldiario_net\"]},{\"@type\":\"Person\",\"@id\":\"https:\\\/\\\/www.eldiario.net\\\/portal\\\/#\\\/schema\\\/person\\\/f46445640444750d7d753ccd04ae01b7\",\"name\":\"Jeanette\",\"image\":{\"@type\":\"ImageObject\",\"inLanguage\":\"es\",\"@id\":\"https:\\\/\\\/secure.gravatar.com\\\/avatar\\\/3ea2118a5f7dad2b7138b1187a6b7ee55f160b9968b66013c3a3ef39dd7e5798?s=96&d=mm&r=g\",\"url\":\"https:\\\/\\\/secure.gravatar.com\\\/avatar\\\/3ea2118a5f7dad2b7138b1187a6b7ee55f160b9968b66013c3a3ef39dd7e5798?s=96&d=mm&r=g\",\"contentUrl\":\"https:\\\/\\\/secure.gravatar.com\\\/avatar\\\/3ea2118a5f7dad2b7138b1187a6b7ee55f160b9968b66013c3a3ef39dd7e5798?s=96&d=mm&r=g\",\"caption\":\"Jeanette\"},\"sameAs\":[\"https:\\\/\\\/www.eldiario.net\\\/portal\"],\"url\":\"https:\\\/\\\/www.eldiario.net\\\/portal\\\/author\\\/jeanette\\\/\"}]}<\/script>\n<!-- \/ Yoast SEO plugin. -->","yoast_head_json":{"title":"Precios de esc\u00e1ndalo en supermercados cruce\u00f1os - El Diario - Bolivia","robots":{"index":"index","follow":"follow","max-snippet":"max-snippet:-1","max-image-preview":"max-image-preview:large","max-video-preview":"max-video-preview:-1"},"canonical":"https:\/\/www.eldiario.net\/portal\/2025\/05\/24\/precios-de-escandalo-en-supermercados-crucenos\/","og_locale":"es_ES","og_type":"article","og_title":"Precios de esc\u00e1ndalo en supermercados cruce\u00f1os - El Diario - Bolivia","og_description":"La paciencia de los consumidores cruce\u00f1os est\u00e1 llegando a su l\u00edmite. Fotograf\u00edas que fueron enviadas a EL DIARIO confirman lo que muchos ya sospechaban: un desmedido y abusivo incremento de precios en productos b\u00e1sicos de consumo masivo en el supermercado Fidalga, ubicado en la plazuela Blacut y de las Tiendas 3B del kil\u00f3metro 9 de [&hellip;]","og_url":"https:\/\/www.eldiario.net\/portal\/2025\/05\/24\/precios-de-escandalo-en-supermercados-crucenos\/","og_site_name":"El Diario - Bolivia","article_publisher":"https:\/\/www.facebook.com\/eldiario.bolivia\/","article_published_time":"2025-05-24T11:45:22+00:00","og_image":[{"width":721,"height":1600,"url":"https:\/\/www.eldiario.net\/portal\/wp-content\/uploads\/2025\/05\/72-NAL-3.jpg","type":"image\/jpeg"}],"author":"Jeanette","twitter_card":"summary_large_image","twitter_creator":"@eldiario_net","twitter_site":"@eldiario_net","twitter_misc":{"Escrito por":"Jeanette","Tiempo de lectura":"2 minutos"},"schema":{"@context":"https:\/\/schema.org","@graph":[{"@type":"Article","@id":"https:\/\/www.eldiario.net\/portal\/2025\/05\/24\/precios-de-escandalo-en-supermercados-crucenos\/#article","isPartOf":{"@id":"https:\/\/www.eldiario.net\/portal\/2025\/05\/24\/precios-de-escandalo-en-supermercados-crucenos\/"},"author":{"name":"Jeanette","@id":"https:\/\/www.eldiario.net\/portal\/#\/schema\/person\/f46445640444750d7d753ccd04ae01b7"},"headline":"Precios de esc\u00e1ndalo en supermercados cruce\u00f1os","datePublished":"2025-05-24T11:45:22+00:00","mainEntityOfPage":{"@id":"https:\/\/www.eldiario.net\/portal\/2025\/05\/24\/precios-de-escandalo-en-supermercados-crucenos\/"},"wordCount":432,"publisher":{"@id":"https:\/\/www.eldiario.net\/portal\/#organization"},"image":{"@id":"https:\/\/www.eldiario.net\/portal\/2025\/05\/24\/precios-de-escandalo-en-supermercados-crucenos\/#primaryimage"},"thumbnailUrl":"https:\/\/www.eldiario.net\/portal\/wp-content\/uploads\/2025\/05\/72-NAL-3.jpg","articleSection":["Nacional"],"inLanguage":"es"},{"@type":"WebPage","@id":"https:\/\/www.eldiario.net\/portal\/2025\/05\/24\/precios-de-escandalo-en-supermercados-crucenos\/","url":"https:\/\/www.eldiario.net\/portal\/2025\/05\/24\/precios-de-escandalo-en-supermercados-crucenos\/","name":"Precios de esc\u00e1ndalo en supermercados cruce\u00f1os - El Diario - Bolivia","isPartOf":{"@id":"https:\/\/www.eldiario.net\/portal\/#website"},"primaryImageOfPage":{"@id":"https:\/\/www.eldiario.net\/portal\/2025\/05\/24\/precios-de-escandalo-en-supermercados-crucenos\/#primaryimage"},"image":{"@id":"https:\/\/www.eldiario.net\/portal\/2025\/05\/24\/precios-de-escandalo-en-supermercados-crucenos\/#primaryimage"},"thumbnailUrl":"https:\/\/www.eldiario.net\/portal\/wp-content\/uploads\/2025\/05\/72-NAL-3.jpg","datePublished":"2025-05-24T11:45:22+00:00","breadcrumb":{"@id":"https:\/\/www.eldiario.net\/portal\/2025\/05\/24\/precios-de-escandalo-en-supermercados-crucenos\/#breadcrumb"},"inLanguage":"es","potentialAction":[{"@type":"ReadAction","target":["https:\/\/www.eldiario.net\/portal\/2025\/05\/24\/precios-de-escandalo-en-supermercados-crucenos\/"]}]},{"@type":"ImageObject","inLanguage":"es","@id":"https:\/\/www.eldiario.net\/portal\/2025\/05\/24\/precios-de-escandalo-en-supermercados-crucenos\/#primaryimage","url":"https:\/\/www.eldiario.net\/portal\/wp-content\/uploads\/2025\/05\/72-NAL-3.jpg","contentUrl":"https:\/\/www.eldiario.net\/portal\/wp-content\/uploads\/2025\/05\/72-NAL-3.jpg","width":721,"height":1600,"caption":"LA BARRA DE JAB\u00d3N A Bs 20 en 3B, QUE TIENE 30 TIENDAS EN LA CAPITAL CRUCE\u00d1A."},{"@type":"BreadcrumbList","@id":"https:\/\/www.eldiario.net\/portal\/2025\/05\/24\/precios-de-escandalo-en-supermercados-crucenos\/#breadcrumb","itemListElement":[{"@type":"ListItem","position":1,"name":"Portada","item":"https:\/\/www.eldiario.net\/portal\/"},{"@type":"ListItem","position":2,"name":"Precios de esc\u00e1ndalo en supermercados cruce\u00f1os"}]},{"@type":"WebSite","@id":"https:\/\/www.eldiario.net\/portal\/#website","url":"https:\/\/www.eldiario.net\/portal\/","name":"El Diario - Decano de la prensa nacional","description":"El Diario - Decano de la prensa nacional","publisher":{"@id":"https:\/\/www.eldiario.net\/portal\/#organization"},"potentialAction":[{"@type":"SearchAction","target":{"@type":"EntryPoint","urlTemplate":"https:\/\/www.eldiario.net\/portal\/?s={search_term_string}"},"query-input":{"@type":"PropertyValueSpecification","valueRequired":true,"valueName":"search_term_string"}}],"inLanguage":"es"},{"@type":"Organization","@id":"https:\/\/www.eldiario.net\/portal\/#organization","name":"El Diario - Decano de la prensa nacional","url":"https:\/\/www.eldiario.net\/portal\/","logo":{"@type":"ImageObject","inLanguage":"es","@id":"https:\/\/www.eldiario.net\/portal\/#\/schema\/logo\/image\/","url":"https:\/\/www.eldiario.net\/portal\/wp-content\/uploads\/2023\/07\/logo_ED.jpg","contentUrl":"https:\/\/www.eldiario.net\/portal\/wp-content\/uploads\/2023\/07\/logo_ED.jpg","width":272,"height":52,"caption":"El Diario - Decano de la prensa nacional"},"image":{"@id":"https:\/\/www.eldiario.net\/portal\/#\/schema\/logo\/image\/"},"sameAs":["https:\/\/www.facebook.com\/eldiario.bolivia\/","https:\/\/x.com\/eldiario_net"]},{"@type":"Person","@id":"https:\/\/www.eldiario.net\/portal\/#\/schema\/person\/f46445640444750d7d753ccd04ae01b7","name":"Jeanette","image":{"@type":"ImageObject","inLanguage":"es","@id":"https:\/\/secure.gravatar.com\/avatar\/3ea2118a5f7dad2b7138b1187a6b7ee55f160b9968b66013c3a3ef39dd7e5798?s=96&d=mm&r=g","url":"https:\/\/secure.gravatar.com\/avatar\/3ea2118a5f7dad2b7138b1187a6b7ee55f160b9968b66013c3a3ef39dd7e5798?s=96&d=mm&r=g","contentUrl":"https:\/\/secure.gravatar.com\/avatar\/3ea2118a5f7dad2b7138b1187a6b7ee55f160b9968b66013c3a3ef39dd7e5798?s=96&d=mm&r=g","caption":"Jeanette"},"sameAs":["https:\/\/www.eldiario.net\/portal"],"url":"https:\/\/www.eldiario.net\/portal\/author\/jeanette\/"}]}},"_links":{"self":[{"href":"https:\/\/www.eldiario.net\/portal\/wp-json\/wp\/v2\/posts\/304577","targetHints":{"allow":["GET"]}}],"collection":[{"href":"https:\/\/www.eldiario.net\/portal\/wp-json\/wp\/v2\/posts"}],"about":[{"href":"https:\/\/www.eldiario.net\/portal\/wp-json\/wp\/v2\/types\/post"}],"author":[{"embeddable":true,"href":"https:\/\/www.eldiario.net\/portal\/wp-json\/wp\/v2\/users\/1"}],"replies":[{"embeddable":true,"href":"https:\/\/www.eldiario.net\/portal\/wp-json\/wp\/v2\/comments?post=304577"}],"version-history":[{"count":1,"href":"https:\/\/www.eldiario.net\/portal\/wp-json\/wp\/v2\/posts\/304577\/revisions"}],"predecessor-version":[{"id":304580,"href":"https:\/\/www.eldiario.net\/portal\/wp-json\/wp\/v2\/posts\/304577\/revisions\/304580"}],"wp:featuredmedia":[{"embeddable":true,"href":"https:\/\/www.eldiario.net\/portal\/wp-json\/wp\/v2\/media\/304579"}],"wp:attachment":[{"href":"https:\/\/www.eldiario.net\/portal\/wp-json\/wp\/v2\/media?parent=304577"}],"wp:term":[{"taxonomy":"category","embeddable":true,"href":"https:\/\/www.eldiario.net\/portal\/wp-json\/wp\/v2\/categories?post=304577"},{"taxonomy":"post_tag","embeddable":true,"href":"https:\/\/www.eldiario.net\/portal\/wp-json\/wp\/v2\/tags?post=304577"}],"curies":[{"name":"wp","href":"https:\/\/api.w.org\/{rel}","templated":true}]}}