{"id":303479,"date":"2025-05-19T06:11:12","date_gmt":"2025-05-19T10:11:12","guid":{"rendered":"https:\/\/www.eldiario.net\/portal\/?p=303479"},"modified":"2025-05-19T06:11:12","modified_gmt":"2025-05-19T10:11:12","slug":"imagina-cargar-tu-coche-en-minutos-y-recorrer-mas-de-1-000-km-sin-parar","status":"publish","type":"post","link":"https:\/\/www.eldiario.net\/portal\/2025\/05\/19\/imagina-cargar-tu-coche-en-minutos-y-recorrer-mas-de-1-000-km-sin-parar\/","title":{"rendered":"Imagina cargar tu coche en minutos y recorrer m\u00e1s de 1.000 km sin parar"},"content":{"rendered":"<p>Visualiza un coche el\u00e9ctrico que se recarga en cuesti\u00f3n de minutos, puede viajar m\u00e1s de mil kil\u00f3metros sin detenerse y, adem\u00e1s, ofrece una mayor seguridad que los modelos actuales. No es una fantas\u00eda; es el futuro que promete la tecnolog\u00eda de bater\u00edas de estado s\u00f3lido, un avance que est\u00e1 revolucionando tanto la industria energ\u00e9tica como la automotriz.<\/p>\n<p>Durante a\u00f1os, las bater\u00edas de iones de litio han dominado el mercado, alimentando desde nuestros smartphones hasta los veh\u00edculos el\u00e9ctricos. Sin embargo, como toda tecnolog\u00eda, tienen sus limitaciones: se degradan con el tiempo, pueden sobrecalentarse y su densidad energ\u00e9tica no siempre es suficiente. Aqu\u00ed es donde entran en juego las bater\u00edas de estado s\u00f3lido, que no solo abordan estos problemas, sino que tambi\u00e9n podr\u00edan transformar por completo el panorama.<\/p>\n<p>\u00bfEstamos ante una revoluci\u00f3n en el almacenamiento de energ\u00eda? Todo indica que s\u00ed. Compa\u00f1\u00edas como Toyota, Mercedes-Benz y BYD est\u00e1n invirtiendo miles de millones en su desarrollo, y los primeros prototipos ya est\u00e1n mostrando resultados prometedores. A continuaci\u00f3n, te explicamos qu\u00e9 son, c\u00f3mo funcionan y por qu\u00e9 podr\u00edan convertirse en el n\u00facleo energ\u00e9tico del futuro.<\/p>\n<p><strong>\u00bfQu\u00e9 son las bater\u00edas de estado s\u00f3lido?<\/strong><\/p>\n<p>Las bater\u00edas de estado s\u00f3lido son una evoluci\u00f3n de las bater\u00edas tradicionales, como las de iones de litio que utilizamos hoy en d\u00eda en tel\u00e9fonos m\u00f3viles, computadoras y coches el\u00e9ctricos. La principal diferencia radica en el tipo de electrolito que emplean. Mientras que las bater\u00edas convencionales utilizan un l\u00edquido para transportar iones entre el \u00e1nodo y el c\u00e1todo, las bater\u00edas de estado s\u00f3lido reemplazan ese l\u00edquido por un material s\u00f3lido, que puede ser cer\u00e1mico, v\u00edtreo o incluso pol\u00edmeros especiales.<\/p>\n<p>Este cambio aparentemente simple representa una verdadera revoluci\u00f3n. Al eliminar el electrolito l\u00edquido \u2014que suele ser inflamable y qu\u00edmicamente inestable\u2014 se reducen dr\u00e1sticamente los riesgos de incendios, cortocircuitos o fugas. Adem\u00e1s, los materiales s\u00f3lidos permiten una estructura interna m\u00e1s densa, lo que se traduce en m\u00e1s energ\u00eda almacenada en menos espacio, mayor eficiencia y un dise\u00f1o m\u00e1s compacto.<\/p>\n<p>Pero no se trata solo de seguridad y tama\u00f1o. Gracias a los materiales s\u00f3lidos, estas bater\u00edas pueden operar a voltajes m\u00e1s altos y resistir temperaturas extremas. Esto significa mayor autonom\u00eda, tiempos de carga m\u00e1s r\u00e1pidos y una vida \u00fatil prolongada. En resumen, no solo mejoran la experiencia del usuario; redefinen lo que puede ser una bater\u00eda.<\/p>\n<p><strong>Ventajas de las bater\u00edas de estado s\u00f3lido<\/strong><\/p>\n<p>\u2022 <strong>Mayor seguridad:<\/strong>\u00a0La ausencia de electrolitos l\u00edquidos inflamables reduce significativamente el riesgo de incendios o explosiones, aumentando la seguridad en diversas aplicaciones.<\/p>\n<p>\u2022 <strong>Mayor densidad energ\u00e9tica:<\/strong>\u00a0Estas bater\u00edas pueden almacenar m\u00e1s energ\u00eda en un volumen menor, lo que se traduce en mayor autonom\u00eda para veh\u00edculos el\u00e9ctricos y mayor duraci\u00f3n para dispositivos electr\u00f3nicos.<\/p>\n<p>\u2022 <strong>Carga m\u00e1s r\u00e1pida:<\/strong>\u00a0La eficiencia del electrolito s\u00f3lido permite tiempos de carga m\u00e1s cortos, acerc\u00e1ndose a la experiencia de repostaje de veh\u00edculos de combusti\u00f3n interna.<\/p>\n<p>\u2022 <strong>Mayor vida \u00fatil:<\/strong>\u00a0Son menos propensas a la degradaci\u00f3n, lo que prolonga su ciclo de vida y disminuye la necesidad de reemplazos frecuentes.<\/p>\n<p><strong>Desaf\u00edos actuales<\/strong><\/p>\n<p>A pesar de sus ventajas, las bater\u00edas de estado s\u00f3lido enfrentan desaf\u00edos que han retrasado su adopci\u00f3n masiva:\u200b<\/p>\n<p>Costes de producci\u00f3n elevados: La fabricaci\u00f3n de estas bater\u00edas es m\u00e1s costosa debido a la complejidad de los materiales y procesos involucrados. \u200b<\/p>\n<p>Tecnolog\u00eda en desarrollo: Aunque prometedora, la tecnolog\u00eda a\u00fan se encuentra en fases de investigaci\u00f3n y desarrollo, requiriendo m\u00e1s tiempo para su optimizaci\u00f3n y escalabilidad. \u200b<\/p>\n<p>Integraci\u00f3n en sistemas existentes: La adaptaci\u00f3n de las bater\u00edas de estado s\u00f3lido a las plataformas actuales de veh\u00edculos el\u00e9ctricos y otros dispositivos requiere ajustes significativos en dise\u00f1o y manufactura. \u200b<\/p>\n<p>Las bater\u00edas de estado s\u00f3lido representan una evoluci\u00f3n significativa en el almacenamiento de energ\u00eda, ofreciendo soluciones a muchas de las limitaciones de las tecnolog\u00edas actuales. Aunque a\u00fan enfrentan desaf\u00edos antes de su adopci\u00f3n generalizada, su desarrollo continuo promete transformar sectores clave como el transporte y la electr\u00f3nica de consumo, acerc\u00e1ndonos a una era de energ\u00eda m\u00e1s eficiente y segura.<\/p>\n","protected":false},"excerpt":{"rendered":"<p>Visualiza un coche el\u00e9ctrico que se recarga en cuesti\u00f3n de minutos, puede viajar m\u00e1s de mil kil\u00f3metros sin detenerse y, adem\u00e1s, ofrece una mayor seguridad que los modelos actuales. No es una fantas\u00eda; es el futuro que promete la tecnolog\u00eda de bater\u00edas de estado s\u00f3lido, un avance que est\u00e1 revolucionando tanto la industria energ\u00e9tica como [&hellip;]<\/p>\n","protected":false},"author":1,"featured_media":303480,"comment_status":"closed","ping_status":"open","sticky":false,"template":"","format":"standard","meta":{"_acf_changed":false,"footnotes":""},"categories":[46],"tags":[],"class_list":["post-303479","post","type-post","status-publish","format-standard","has-post-thumbnail","category-ciencia-computacion"],"acf":{"antetitulo":""},"yoast_head":"<!-- This site is optimized with the Yoast SEO plugin v28.4 - https:\/\/yoast.com\/product\/yoast-seo-wordpress\/ -->\n<title>Imagina cargar tu coche en minutos y recorrer m\u00e1s de 1.000 km sin parar - El Diario - Bolivia<\/title>\n<meta name=\"robots\" content=\"index, follow, max-snippet:-1, max-image-preview:large, max-video-preview:-1\" \/>\n<link rel=\"canonical\" href=\"https:\/\/www.eldiario.net\/portal\/2025\/05\/19\/imagina-cargar-tu-coche-en-minutos-y-recorrer-mas-de-1-000-km-sin-parar\/\" \/>\n<meta property=\"og:locale\" content=\"es_ES\" \/>\n<meta property=\"og:type\" content=\"article\" \/>\n<meta property=\"og:title\" content=\"Imagina cargar tu coche en minutos y recorrer m\u00e1s de 1.000 km sin parar - El Diario - Bolivia\" \/>\n<meta property=\"og:description\" content=\"Visualiza un coche el\u00e9ctrico que se recarga en cuesti\u00f3n de minutos, puede viajar m\u00e1s de mil kil\u00f3metros sin detenerse y, adem\u00e1s, ofrece una mayor seguridad que los modelos actuales. No es una fantas\u00eda; es el futuro que promete la tecnolog\u00eda de bater\u00edas de estado s\u00f3lido, un avance que est\u00e1 revolucionando tanto la industria energ\u00e9tica como [&hellip;]\" \/>\n<meta property=\"og:url\" content=\"https:\/\/www.eldiario.net\/portal\/2025\/05\/19\/imagina-cargar-tu-coche-en-minutos-y-recorrer-mas-de-1-000-km-sin-parar\/\" \/>\n<meta property=\"og:site_name\" content=\"El Diario - Bolivia\" \/>\n<meta property=\"article:publisher\" content=\"https:\/\/www.facebook.com\/eldiario.bolivia\/\" \/>\n<meta property=\"article:published_time\" content=\"2025-05-19T10:11:12+00:00\" \/>\n<meta property=\"og:image\" content=\"https:\/\/www.eldiario.net\/portal\/wp-content\/uploads\/2025\/05\/2-C.jpeg\" \/>\n\t<meta property=\"og:image:width\" content=\"1200\" \/>\n\t<meta property=\"og:image:height\" content=\"800\" \/>\n\t<meta property=\"og:image:type\" content=\"image\/jpeg\" \/>\n<meta name=\"author\" content=\"Jeanette\" \/>\n<meta name=\"twitter:card\" content=\"summary_large_image\" \/>\n<meta name=\"twitter:creator\" content=\"@eldiario_net\" \/>\n<meta name=\"twitter:site\" content=\"@eldiario_net\" \/>\n<meta name=\"twitter:label1\" content=\"Escrito por\" \/>\n\t<meta name=\"twitter:data1\" content=\"Jeanette\" \/>\n\t<meta name=\"twitter:label2\" content=\"Tiempo de lectura\" \/>\n\t<meta name=\"twitter:data2\" content=\"4 minutos\" \/>\n<script type=\"application\/ld+json\" class=\"yoast-schema-graph\">{\"@context\":\"https:\\\/\\\/schema.org\",\"@graph\":[{\"@type\":\"Article\",\"@id\":\"https:\\\/\\\/www.eldiario.net\\\/portal\\\/2025\\\/05\\\/19\\\/imagina-cargar-tu-coche-en-minutos-y-recorrer-mas-de-1-000-km-sin-parar\\\/#article\",\"isPartOf\":{\"@id\":\"https:\\\/\\\/www.eldiario.net\\\/portal\\\/2025\\\/05\\\/19\\\/imagina-cargar-tu-coche-en-minutos-y-recorrer-mas-de-1-000-km-sin-parar\\\/\"},\"author\":{\"name\":\"Jeanette\",\"@id\":\"https:\\\/\\\/www.eldiario.net\\\/portal\\\/#\\\/schema\\\/person\\\/f46445640444750d7d753ccd04ae01b7\"},\"headline\":\"Imagina cargar tu coche en minutos y recorrer m\u00e1s de 1.000 km sin parar\",\"datePublished\":\"2025-05-19T10:11:12+00:00\",\"mainEntityOfPage\":{\"@id\":\"https:\\\/\\\/www.eldiario.net\\\/portal\\\/2025\\\/05\\\/19\\\/imagina-cargar-tu-coche-en-minutos-y-recorrer-mas-de-1-000-km-sin-parar\\\/\"},\"wordCount\":778,\"publisher\":{\"@id\":\"https:\\\/\\\/www.eldiario.net\\\/portal\\\/#organization\"},\"image\":{\"@id\":\"https:\\\/\\\/www.eldiario.net\\\/portal\\\/2025\\\/05\\\/19\\\/imagina-cargar-tu-coche-en-minutos-y-recorrer-mas-de-1-000-km-sin-parar\\\/#primaryimage\"},\"thumbnailUrl\":\"https:\\\/\\\/www.eldiario.net\\\/portal\\\/wp-content\\\/uploads\\\/2025\\\/05\\\/2-C.jpeg\",\"articleSection\":[\"Ciencia y Computaci\u00f3n\"],\"inLanguage\":\"es\"},{\"@type\":\"WebPage\",\"@id\":\"https:\\\/\\\/www.eldiario.net\\\/portal\\\/2025\\\/05\\\/19\\\/imagina-cargar-tu-coche-en-minutos-y-recorrer-mas-de-1-000-km-sin-parar\\\/\",\"url\":\"https:\\\/\\\/www.eldiario.net\\\/portal\\\/2025\\\/05\\\/19\\\/imagina-cargar-tu-coche-en-minutos-y-recorrer-mas-de-1-000-km-sin-parar\\\/\",\"name\":\"Imagina cargar tu coche en minutos y recorrer m\u00e1s de 1.000 km sin parar - El Diario - Bolivia\",\"isPartOf\":{\"@id\":\"https:\\\/\\\/www.eldiario.net\\\/portal\\\/#website\"},\"primaryImageOfPage\":{\"@id\":\"https:\\\/\\\/www.eldiario.net\\\/portal\\\/2025\\\/05\\\/19\\\/imagina-cargar-tu-coche-en-minutos-y-recorrer-mas-de-1-000-km-sin-parar\\\/#primaryimage\"},\"image\":{\"@id\":\"https:\\\/\\\/www.eldiario.net\\\/portal\\\/2025\\\/05\\\/19\\\/imagina-cargar-tu-coche-en-minutos-y-recorrer-mas-de-1-000-km-sin-parar\\\/#primaryimage\"},\"thumbnailUrl\":\"https:\\\/\\\/www.eldiario.net\\\/portal\\\/wp-content\\\/uploads\\\/2025\\\/05\\\/2-C.jpeg\",\"datePublished\":\"2025-05-19T10:11:12+00:00\",\"breadcrumb\":{\"@id\":\"https:\\\/\\\/www.eldiario.net\\\/portal\\\/2025\\\/05\\\/19\\\/imagina-cargar-tu-coche-en-minutos-y-recorrer-mas-de-1-000-km-sin-parar\\\/#breadcrumb\"},\"inLanguage\":\"es\",\"potentialAction\":[{\"@type\":\"ReadAction\",\"target\":[\"https:\\\/\\\/www.eldiario.net\\\/portal\\\/2025\\\/05\\\/19\\\/imagina-cargar-tu-coche-en-minutos-y-recorrer-mas-de-1-000-km-sin-parar\\\/\"]}]},{\"@type\":\"ImageObject\",\"inLanguage\":\"es\",\"@id\":\"https:\\\/\\\/www.eldiario.net\\\/portal\\\/2025\\\/05\\\/19\\\/imagina-cargar-tu-coche-en-minutos-y-recorrer-mas-de-1-000-km-sin-parar\\\/#primaryimage\",\"url\":\"https:\\\/\\\/www.eldiario.net\\\/portal\\\/wp-content\\\/uploads\\\/2025\\\/05\\\/2-C.jpeg\",\"contentUrl\":\"https:\\\/\\\/www.eldiario.net\\\/portal\\\/wp-content\\\/uploads\\\/2025\\\/05\\\/2-C.jpeg\",\"width\":1200,\"height\":800},{\"@type\":\"BreadcrumbList\",\"@id\":\"https:\\\/\\\/www.eldiario.net\\\/portal\\\/2025\\\/05\\\/19\\\/imagina-cargar-tu-coche-en-minutos-y-recorrer-mas-de-1-000-km-sin-parar\\\/#breadcrumb\",\"itemListElement\":[{\"@type\":\"ListItem\",\"position\":1,\"name\":\"Portada\",\"item\":\"https:\\\/\\\/www.eldiario.net\\\/portal\\\/\"},{\"@type\":\"ListItem\",\"position\":2,\"name\":\"Imagina cargar tu coche en minutos y recorrer m\u00e1s de 1.000 km sin parar\"}]},{\"@type\":\"WebSite\",\"@id\":\"https:\\\/\\\/www.eldiario.net\\\/portal\\\/#website\",\"url\":\"https:\\\/\\\/www.eldiario.net\\\/portal\\\/\",\"name\":\"El Diario - Decano de la prensa nacional\",\"description\":\"El Diario - Decano de la prensa nacional\",\"publisher\":{\"@id\":\"https:\\\/\\\/www.eldiario.net\\\/portal\\\/#organization\"},\"potentialAction\":[{\"@type\":\"SearchAction\",\"target\":{\"@type\":\"EntryPoint\",\"urlTemplate\":\"https:\\\/\\\/www.eldiario.net\\\/portal\\\/?s={search_term_string}\"},\"query-input\":{\"@type\":\"PropertyValueSpecification\",\"valueRequired\":true,\"valueName\":\"search_term_string\"}}],\"inLanguage\":\"es\"},{\"@type\":\"Organization\",\"@id\":\"https:\\\/\\\/www.eldiario.net\\\/portal\\\/#organization\",\"name\":\"El Diario - Decano de la prensa nacional\",\"url\":\"https:\\\/\\\/www.eldiario.net\\\/portal\\\/\",\"logo\":{\"@type\":\"ImageObject\",\"inLanguage\":\"es\",\"@id\":\"https:\\\/\\\/www.eldiario.net\\\/portal\\\/#\\\/schema\\\/logo\\\/image\\\/\",\"url\":\"https:\\\/\\\/www.eldiario.net\\\/portal\\\/wp-content\\\/uploads\\\/2023\\\/07\\\/logo_ED.jpg\",\"contentUrl\":\"https:\\\/\\\/www.eldiario.net\\\/portal\\\/wp-content\\\/uploads\\\/2023\\\/07\\\/logo_ED.jpg\",\"width\":272,\"height\":52,\"caption\":\"El Diario - Decano de la prensa nacional\"},\"image\":{\"@id\":\"https:\\\/\\\/www.eldiario.net\\\/portal\\\/#\\\/schema\\\/logo\\\/image\\\/\"},\"sameAs\":[\"https:\\\/\\\/www.facebook.com\\\/eldiario.bolivia\\\/\",\"https:\\\/\\\/x.com\\\/eldiario_net\"]},{\"@type\":\"Person\",\"@id\":\"https:\\\/\\\/www.eldiario.net\\\/portal\\\/#\\\/schema\\\/person\\\/f46445640444750d7d753ccd04ae01b7\",\"name\":\"Jeanette\",\"image\":{\"@type\":\"ImageObject\",\"inLanguage\":\"es\",\"@id\":\"https:\\\/\\\/secure.gravatar.com\\\/avatar\\\/3ea2118a5f7dad2b7138b1187a6b7ee55f160b9968b66013c3a3ef39dd7e5798?s=96&d=mm&r=g\",\"url\":\"https:\\\/\\\/secure.gravatar.com\\\/avatar\\\/3ea2118a5f7dad2b7138b1187a6b7ee55f160b9968b66013c3a3ef39dd7e5798?s=96&d=mm&r=g\",\"contentUrl\":\"https:\\\/\\\/secure.gravatar.com\\\/avatar\\\/3ea2118a5f7dad2b7138b1187a6b7ee55f160b9968b66013c3a3ef39dd7e5798?s=96&d=mm&r=g\",\"caption\":\"Jeanette\"},\"sameAs\":[\"https:\\\/\\\/www.eldiario.net\\\/portal\"],\"url\":\"https:\\\/\\\/www.eldiario.net\\\/portal\\\/author\\\/jeanette\\\/\"}]}<\/script>\n<!-- \/ Yoast SEO plugin. -->","yoast_head_json":{"title":"Imagina cargar tu coche en minutos y recorrer m\u00e1s de 1.000 km sin parar - El Diario - Bolivia","robots":{"index":"index","follow":"follow","max-snippet":"max-snippet:-1","max-image-preview":"max-image-preview:large","max-video-preview":"max-video-preview:-1"},"canonical":"https:\/\/www.eldiario.net\/portal\/2025\/05\/19\/imagina-cargar-tu-coche-en-minutos-y-recorrer-mas-de-1-000-km-sin-parar\/","og_locale":"es_ES","og_type":"article","og_title":"Imagina cargar tu coche en minutos y recorrer m\u00e1s de 1.000 km sin parar - El Diario - Bolivia","og_description":"Visualiza un coche el\u00e9ctrico que se recarga en cuesti\u00f3n de minutos, puede viajar m\u00e1s de mil kil\u00f3metros sin detenerse y, adem\u00e1s, ofrece una mayor seguridad que los modelos actuales. No es una fantas\u00eda; es el futuro que promete la tecnolog\u00eda de bater\u00edas de estado s\u00f3lido, un avance que est\u00e1 revolucionando tanto la industria energ\u00e9tica como [&hellip;]","og_url":"https:\/\/www.eldiario.net\/portal\/2025\/05\/19\/imagina-cargar-tu-coche-en-minutos-y-recorrer-mas-de-1-000-km-sin-parar\/","og_site_name":"El Diario - Bolivia","article_publisher":"https:\/\/www.facebook.com\/eldiario.bolivia\/","article_published_time":"2025-05-19T10:11:12+00:00","og_image":[{"width":1200,"height":800,"url":"https:\/\/www.eldiario.net\/portal\/wp-content\/uploads\/2025\/05\/2-C.jpeg","type":"image\/jpeg"}],"author":"Jeanette","twitter_card":"summary_large_image","twitter_creator":"@eldiario_net","twitter_site":"@eldiario_net","twitter_misc":{"Escrito por":"Jeanette","Tiempo de lectura":"4 minutos"},"schema":{"@context":"https:\/\/schema.org","@graph":[{"@type":"Article","@id":"https:\/\/www.eldiario.net\/portal\/2025\/05\/19\/imagina-cargar-tu-coche-en-minutos-y-recorrer-mas-de-1-000-km-sin-parar\/#article","isPartOf":{"@id":"https:\/\/www.eldiario.net\/portal\/2025\/05\/19\/imagina-cargar-tu-coche-en-minutos-y-recorrer-mas-de-1-000-km-sin-parar\/"},"author":{"name":"Jeanette","@id":"https:\/\/www.eldiario.net\/portal\/#\/schema\/person\/f46445640444750d7d753ccd04ae01b7"},"headline":"Imagina cargar tu coche en minutos y recorrer m\u00e1s de 1.000 km sin parar","datePublished":"2025-05-19T10:11:12+00:00","mainEntityOfPage":{"@id":"https:\/\/www.eldiario.net\/portal\/2025\/05\/19\/imagina-cargar-tu-coche-en-minutos-y-recorrer-mas-de-1-000-km-sin-parar\/"},"wordCount":778,"publisher":{"@id":"https:\/\/www.eldiario.net\/portal\/#organization"},"image":{"@id":"https:\/\/www.eldiario.net\/portal\/2025\/05\/19\/imagina-cargar-tu-coche-en-minutos-y-recorrer-mas-de-1-000-km-sin-parar\/#primaryimage"},"thumbnailUrl":"https:\/\/www.eldiario.net\/portal\/wp-content\/uploads\/2025\/05\/2-C.jpeg","articleSection":["Ciencia y Computaci\u00f3n"],"inLanguage":"es"},{"@type":"WebPage","@id":"https:\/\/www.eldiario.net\/portal\/2025\/05\/19\/imagina-cargar-tu-coche-en-minutos-y-recorrer-mas-de-1-000-km-sin-parar\/","url":"https:\/\/www.eldiario.net\/portal\/2025\/05\/19\/imagina-cargar-tu-coche-en-minutos-y-recorrer-mas-de-1-000-km-sin-parar\/","name":"Imagina cargar tu coche en minutos y recorrer m\u00e1s de 1.000 km sin parar - El Diario - Bolivia","isPartOf":{"@id":"https:\/\/www.eldiario.net\/portal\/#website"},"primaryImageOfPage":{"@id":"https:\/\/www.eldiario.net\/portal\/2025\/05\/19\/imagina-cargar-tu-coche-en-minutos-y-recorrer-mas-de-1-000-km-sin-parar\/#primaryimage"},"image":{"@id":"https:\/\/www.eldiario.net\/portal\/2025\/05\/19\/imagina-cargar-tu-coche-en-minutos-y-recorrer-mas-de-1-000-km-sin-parar\/#primaryimage"},"thumbnailUrl":"https:\/\/www.eldiario.net\/portal\/wp-content\/uploads\/2025\/05\/2-C.jpeg","datePublished":"2025-05-19T10:11:12+00:00","breadcrumb":{"@id":"https:\/\/www.eldiario.net\/portal\/2025\/05\/19\/imagina-cargar-tu-coche-en-minutos-y-recorrer-mas-de-1-000-km-sin-parar\/#breadcrumb"},"inLanguage":"es","potentialAction":[{"@type":"ReadAction","target":["https:\/\/www.eldiario.net\/portal\/2025\/05\/19\/imagina-cargar-tu-coche-en-minutos-y-recorrer-mas-de-1-000-km-sin-parar\/"]}]},{"@type":"ImageObject","inLanguage":"es","@id":"https:\/\/www.eldiario.net\/portal\/2025\/05\/19\/imagina-cargar-tu-coche-en-minutos-y-recorrer-mas-de-1-000-km-sin-parar\/#primaryimage","url":"https:\/\/www.eldiario.net\/portal\/wp-content\/uploads\/2025\/05\/2-C.jpeg","contentUrl":"https:\/\/www.eldiario.net\/portal\/wp-content\/uploads\/2025\/05\/2-C.jpeg","width":1200,"height":800},{"@type":"BreadcrumbList","@id":"https:\/\/www.eldiario.net\/portal\/2025\/05\/19\/imagina-cargar-tu-coche-en-minutos-y-recorrer-mas-de-1-000-km-sin-parar\/#breadcrumb","itemListElement":[{"@type":"ListItem","position":1,"name":"Portada","item":"https:\/\/www.eldiario.net\/portal\/"},{"@type":"ListItem","position":2,"name":"Imagina cargar tu coche en minutos y recorrer m\u00e1s de 1.000 km sin parar"}]},{"@type":"WebSite","@id":"https:\/\/www.eldiario.net\/portal\/#website","url":"https:\/\/www.eldiario.net\/portal\/","name":"El Diario - Decano de la prensa nacional","description":"El Diario - Decano de la prensa nacional","publisher":{"@id":"https:\/\/www.eldiario.net\/portal\/#organization"},"potentialAction":[{"@type":"SearchAction","target":{"@type":"EntryPoint","urlTemplate":"https:\/\/www.eldiario.net\/portal\/?s={search_term_string}"},"query-input":{"@type":"PropertyValueSpecification","valueRequired":true,"valueName":"search_term_string"}}],"inLanguage":"es"},{"@type":"Organization","@id":"https:\/\/www.eldiario.net\/portal\/#organization","name":"El Diario - Decano de la prensa nacional","url":"https:\/\/www.eldiario.net\/portal\/","logo":{"@type":"ImageObject","inLanguage":"es","@id":"https:\/\/www.eldiario.net\/portal\/#\/schema\/logo\/image\/","url":"https:\/\/www.eldiario.net\/portal\/wp-content\/uploads\/2023\/07\/logo_ED.jpg","contentUrl":"https:\/\/www.eldiario.net\/portal\/wp-content\/uploads\/2023\/07\/logo_ED.jpg","width":272,"height":52,"caption":"El Diario - Decano de la prensa nacional"},"image":{"@id":"https:\/\/www.eldiario.net\/portal\/#\/schema\/logo\/image\/"},"sameAs":["https:\/\/www.facebook.com\/eldiario.bolivia\/","https:\/\/x.com\/eldiario_net"]},{"@type":"Person","@id":"https:\/\/www.eldiario.net\/portal\/#\/schema\/person\/f46445640444750d7d753ccd04ae01b7","name":"Jeanette","image":{"@type":"ImageObject","inLanguage":"es","@id":"https:\/\/secure.gravatar.com\/avatar\/3ea2118a5f7dad2b7138b1187a6b7ee55f160b9968b66013c3a3ef39dd7e5798?s=96&d=mm&r=g","url":"https:\/\/secure.gravatar.com\/avatar\/3ea2118a5f7dad2b7138b1187a6b7ee55f160b9968b66013c3a3ef39dd7e5798?s=96&d=mm&r=g","contentUrl":"https:\/\/secure.gravatar.com\/avatar\/3ea2118a5f7dad2b7138b1187a6b7ee55f160b9968b66013c3a3ef39dd7e5798?s=96&d=mm&r=g","caption":"Jeanette"},"sameAs":["https:\/\/www.eldiario.net\/portal"],"url":"https:\/\/www.eldiario.net\/portal\/author\/jeanette\/"}]}},"_links":{"self":[{"href":"https:\/\/www.eldiario.net\/portal\/wp-json\/wp\/v2\/posts\/303479","targetHints":{"allow":["GET"]}}],"collection":[{"href":"https:\/\/www.eldiario.net\/portal\/wp-json\/wp\/v2\/posts"}],"about":[{"href":"https:\/\/www.eldiario.net\/portal\/wp-json\/wp\/v2\/types\/post"}],"author":[{"embeddable":true,"href":"https:\/\/www.eldiario.net\/portal\/wp-json\/wp\/v2\/users\/1"}],"replies":[{"embeddable":true,"href":"https:\/\/www.eldiario.net\/portal\/wp-json\/wp\/v2\/comments?post=303479"}],"version-history":[{"count":1,"href":"https:\/\/www.eldiario.net\/portal\/wp-json\/wp\/v2\/posts\/303479\/revisions"}],"predecessor-version":[{"id":303481,"href":"https:\/\/www.eldiario.net\/portal\/wp-json\/wp\/v2\/posts\/303479\/revisions\/303481"}],"wp:featuredmedia":[{"embeddable":true,"href":"https:\/\/www.eldiario.net\/portal\/wp-json\/wp\/v2\/media\/303480"}],"wp:attachment":[{"href":"https:\/\/www.eldiario.net\/portal\/wp-json\/wp\/v2\/media?parent=303479"}],"wp:term":[{"taxonomy":"category","embeddable":true,"href":"https:\/\/www.eldiario.net\/portal\/wp-json\/wp\/v2\/categories?post=303479"},{"taxonomy":"post_tag","embeddable":true,"href":"https:\/\/www.eldiario.net\/portal\/wp-json\/wp\/v2\/tags?post=303479"}],"curies":[{"name":"wp","href":"https:\/\/api.w.org\/{rel}","templated":true}]}}