{"id":303473,"date":"2025-05-19T06:10:12","date_gmt":"2025-05-19T10:10:12","guid":{"rendered":"https:\/\/www.eldiario.net\/portal\/?p=303473"},"modified":"2025-05-19T06:10:12","modified_gmt":"2025-05-19T10:10:12","slug":"configuracion-de-seguridad-y-privacidad-en-whatsapp","status":"publish","type":"post","link":"https:\/\/www.eldiario.net\/portal\/2025\/05\/19\/configuracion-de-seguridad-y-privacidad-en-whatsapp\/","title":{"rendered":"Configuraci\u00f3n de seguridad y privacidad en WhatsApp"},"content":{"rendered":"<p>A pesar de ser propiedad de Meta, WhatsApp se mantiene como uno de los servicios de mensajer\u00eda m\u00e1s seguros a nivel mundial. Revisemos las razones detr\u00e1s de esta seguridad y consejos sobre c\u00f3mo fortalecer a\u00fan m\u00e1s la privacidad y protecci\u00f3n de las conversaciones.<\/p>\n<p><strong>Cifrado de extremo a extremo de WhatsApp: siempre activado<\/strong><\/p>\n<p>Lo m\u00e1s importante que debes saber sobre la seguridad de WhatsApp es que todas las comunicaciones est\u00e1n protegidas de forma segura con cifrado de extremo a extremo. Con tecnolog\u00eda de\u00a0Protocolo Signal, desarrollado por los creadores del servicio de mensajer\u00eda instant\u00e1nea independiente\u00a0Signal, centrado en la privacidad. Es un protocolo abierto, por lo que cualquier persona (con los conocimientos t\u00e9cnicos necesarios, por supuesto) puede analizar tu\u00a0c\u00f3digo fuente\u00a0en busca de errores y puertas traseras.<\/p>\n<p>Lo que esto significa para ti es que todos los mensajes de texto y de voz (ya sea en chats individuales o grupales), junto con im\u00e1genes, v\u00eddeos, documentos y llamadas, se cifran en el dispositivo del remitente y solo se descifran en el dispositivo del destinatario.<\/p>\n<p>Esto garantiza que incluso el propio WhatsApp no tenga la capacidad t\u00e9cnica de espiar tus conversaciones. Esto tambi\u00e9n crea una barrera impenetrable para los ciberdelincuentes que intentan interceptar mensajes, ya sea en tr\u00e1nsito o comprometiendo los servidores de WhatsApp.<\/p>\n<p><strong>C\u00f3mo hacer que la comunicaci\u00f3n por WhatsApp sea a\u00fan m\u00e1s segura<\/strong><\/p>\n<p>Ya cubrimos qu\u00e9 hace que WhatsApp sea seguro a nivel b\u00e1sico. Ahora, exploremos c\u00f3mo puedes reforzar tus defensas contra la vigilancia, el acceso no autorizado a tus mensajes y otras amenazas a tu privacidad y seguridad. Esto implica unos cuantos ajustes dentro de la configuraci\u00f3n de WhatsApp.<\/p>\n<p><strong>C\u00f3mo evitar que WhatsApp sea secuestrado<\/strong><\/p>\n<p>Lo primero que debe hacer es fortalecer su cuenta de WhatsApp contra secuestro. Las cuentas de WhatsApp est\u00e1n conectadas a n\u00fameros de tel\u00e9fono. Por lo tanto, si alguien toma el control de tu n\u00famero, tambi\u00e9n puede acceder a tu cuenta de WhatsApp. Esto podr\u00eda suceder intencionalmente a trav\u00e9s de un\u00a0ataque de duplicaci\u00f3n de SIM, o por una consecuencia desafortunada del reciclaje de n\u00fameros: si no pagas tu factura de tel\u00e9fono a tiempo, el operador podr\u00eda desconectar tu n\u00famero y reasign\u00e1rselo a otro cliente.<\/p>\n<p>Para protegerte contra esta amenaza, activa\u00a0la autenticaci\u00f3n de dos factores\u00a0de WhatsApp. Navega a\u00a0Configuraci\u00f3n \u2192 Cuenta \u2192 Verificaci\u00f3n en dos pasos\u00a0y configura un c\u00f3digo PIN para confirmar los inicios de sesi\u00f3n en la cuenta.<\/p>\n<p>Adem\u00e1s, puedes vincular una direcci\u00f3n de correo electr\u00f3nico a tu cuenta. Esto te servir\u00e1 de salvavidas si pierdes el acceso a tu n\u00famero de tel\u00e9fono. Puedes activarlo en\u00a0Configuraci\u00f3n \u2192 Cuenta \u2192 Direcci\u00f3n de correo electr\u00f3nico.<\/p>\n<p>M\u00e1s all\u00e1 de los c\u00f3digos PIN, WhatsApp ofrece una opci\u00f3n alternativa para confirmar el inicio de sesi\u00f3n de la cuenta: las llamadas \u201cclaves de acceso\u201d. Le dedicamos una\u00a0publicaci\u00f3n separada\u00a0para explicar qu\u00e9 son y c\u00f3mo funcionan. Para activar esta opci\u00f3n, ve a\u00a0Configuraci\u00f3n \u2192 Cuenta \u2192 Claves de acceso.<\/p>\n<p>Tambi\u00e9n recomendamos que sea un h\u00e1bito controlar la lista de dispositivos conectados a tu cuenta de WhatsApp. Puedes encontrar esta lista en\u00a0Configuraci\u00f3n \u2192 Dispositivos vinculados. Si detectas alguna entrada sospechosa, ve a lo seguro y cierra la sesi\u00f3n seleccionando el dispositivo y pulsando\u00a0Cerrar sesi\u00f3n.<\/p>\n","protected":false},"excerpt":{"rendered":"<p>A pesar de ser propiedad de Meta, WhatsApp se mantiene como uno de los servicios de mensajer\u00eda m\u00e1s seguros a nivel mundial. Revisemos las razones detr\u00e1s de esta seguridad y consejos sobre c\u00f3mo fortalecer a\u00fan m\u00e1s la privacidad y protecci\u00f3n de las conversaciones. Cifrado de extremo a extremo de WhatsApp: siempre activado Lo m\u00e1s importante [&hellip;]<\/p>\n","protected":false},"author":1,"featured_media":303474,"comment_status":"closed","ping_status":"open","sticky":false,"template":"","format":"standard","meta":{"_acf_changed":false,"footnotes":""},"categories":[46],"tags":[],"class_list":["post-303473","post","type-post","status-publish","format-standard","has-post-thumbnail","category-ciencia-computacion"],"acf":{"antetitulo":""},"yoast_head":"<!-- This site is optimized with the Yoast SEO plugin v28.4 - https:\/\/yoast.com\/product\/yoast-seo-wordpress\/ -->\n<title>Configuraci\u00f3n de seguridad y privacidad en WhatsApp - El Diario - Bolivia<\/title>\n<meta name=\"robots\" content=\"index, follow, max-snippet:-1, max-image-preview:large, max-video-preview:-1\" \/>\n<link rel=\"canonical\" href=\"https:\/\/www.eldiario.net\/portal\/2025\/05\/19\/configuracion-de-seguridad-y-privacidad-en-whatsapp\/\" \/>\n<meta property=\"og:locale\" content=\"es_ES\" \/>\n<meta property=\"og:type\" content=\"article\" \/>\n<meta property=\"og:title\" content=\"Configuraci\u00f3n de seguridad y privacidad en WhatsApp - El Diario - Bolivia\" \/>\n<meta property=\"og:description\" content=\"A pesar de ser propiedad de Meta, WhatsApp se mantiene como uno de los servicios de mensajer\u00eda m\u00e1s seguros a nivel mundial. Revisemos las razones detr\u00e1s de esta seguridad y consejos sobre c\u00f3mo fortalecer a\u00fan m\u00e1s la privacidad y protecci\u00f3n de las conversaciones. Cifrado de extremo a extremo de WhatsApp: siempre activado Lo m\u00e1s importante [&hellip;]\" \/>\n<meta property=\"og:url\" content=\"https:\/\/www.eldiario.net\/portal\/2025\/05\/19\/configuracion-de-seguridad-y-privacidad-en-whatsapp\/\" \/>\n<meta property=\"og:site_name\" content=\"El Diario - Bolivia\" \/>\n<meta property=\"article:publisher\" content=\"https:\/\/www.facebook.com\/eldiario.bolivia\/\" \/>\n<meta property=\"article:published_time\" content=\"2025-05-19T10:10:12+00:00\" \/>\n<meta property=\"og:image\" content=\"https:\/\/www.eldiario.net\/portal\/wp-content\/uploads\/2025\/05\/3-B-1.jpg\" \/>\n\t<meta property=\"og:image:width\" content=\"1024\" \/>\n\t<meta property=\"og:image:height\" content=\"576\" \/>\n\t<meta property=\"og:image:type\" content=\"image\/jpeg\" \/>\n<meta name=\"author\" content=\"Jeanette\" \/>\n<meta name=\"twitter:card\" content=\"summary_large_image\" \/>\n<meta name=\"twitter:creator\" content=\"@eldiario_net\" \/>\n<meta name=\"twitter:site\" content=\"@eldiario_net\" \/>\n<meta name=\"twitter:label1\" content=\"Escrito por\" \/>\n\t<meta name=\"twitter:data1\" content=\"Jeanette\" \/>\n\t<meta name=\"twitter:label2\" content=\"Tiempo de lectura\" \/>\n\t<meta name=\"twitter:data2\" content=\"3 minutos\" \/>\n<script type=\"application\/ld+json\" class=\"yoast-schema-graph\">{\"@context\":\"https:\\\/\\\/schema.org\",\"@graph\":[{\"@type\":\"Article\",\"@id\":\"https:\\\/\\\/www.eldiario.net\\\/portal\\\/2025\\\/05\\\/19\\\/configuracion-de-seguridad-y-privacidad-en-whatsapp\\\/#article\",\"isPartOf\":{\"@id\":\"https:\\\/\\\/www.eldiario.net\\\/portal\\\/2025\\\/05\\\/19\\\/configuracion-de-seguridad-y-privacidad-en-whatsapp\\\/\"},\"author\":{\"name\":\"Jeanette\",\"@id\":\"https:\\\/\\\/www.eldiario.net\\\/portal\\\/#\\\/schema\\\/person\\\/f46445640444750d7d753ccd04ae01b7\"},\"headline\":\"Configuraci\u00f3n de seguridad y privacidad en WhatsApp\",\"datePublished\":\"2025-05-19T10:10:12+00:00\",\"mainEntityOfPage\":{\"@id\":\"https:\\\/\\\/www.eldiario.net\\\/portal\\\/2025\\\/05\\\/19\\\/configuracion-de-seguridad-y-privacidad-en-whatsapp\\\/\"},\"wordCount\":596,\"publisher\":{\"@id\":\"https:\\\/\\\/www.eldiario.net\\\/portal\\\/#organization\"},\"image\":{\"@id\":\"https:\\\/\\\/www.eldiario.net\\\/portal\\\/2025\\\/05\\\/19\\\/configuracion-de-seguridad-y-privacidad-en-whatsapp\\\/#primaryimage\"},\"thumbnailUrl\":\"https:\\\/\\\/www.eldiario.net\\\/portal\\\/wp-content\\\/uploads\\\/2025\\\/05\\\/3-B-1.jpg\",\"articleSection\":[\"Ciencia y Computaci\u00f3n\"],\"inLanguage\":\"es\"},{\"@type\":\"WebPage\",\"@id\":\"https:\\\/\\\/www.eldiario.net\\\/portal\\\/2025\\\/05\\\/19\\\/configuracion-de-seguridad-y-privacidad-en-whatsapp\\\/\",\"url\":\"https:\\\/\\\/www.eldiario.net\\\/portal\\\/2025\\\/05\\\/19\\\/configuracion-de-seguridad-y-privacidad-en-whatsapp\\\/\",\"name\":\"Configuraci\u00f3n de seguridad y privacidad en WhatsApp - El Diario - Bolivia\",\"isPartOf\":{\"@id\":\"https:\\\/\\\/www.eldiario.net\\\/portal\\\/#website\"},\"primaryImageOfPage\":{\"@id\":\"https:\\\/\\\/www.eldiario.net\\\/portal\\\/2025\\\/05\\\/19\\\/configuracion-de-seguridad-y-privacidad-en-whatsapp\\\/#primaryimage\"},\"image\":{\"@id\":\"https:\\\/\\\/www.eldiario.net\\\/portal\\\/2025\\\/05\\\/19\\\/configuracion-de-seguridad-y-privacidad-en-whatsapp\\\/#primaryimage\"},\"thumbnailUrl\":\"https:\\\/\\\/www.eldiario.net\\\/portal\\\/wp-content\\\/uploads\\\/2025\\\/05\\\/3-B-1.jpg\",\"datePublished\":\"2025-05-19T10:10:12+00:00\",\"breadcrumb\":{\"@id\":\"https:\\\/\\\/www.eldiario.net\\\/portal\\\/2025\\\/05\\\/19\\\/configuracion-de-seguridad-y-privacidad-en-whatsapp\\\/#breadcrumb\"},\"inLanguage\":\"es\",\"potentialAction\":[{\"@type\":\"ReadAction\",\"target\":[\"https:\\\/\\\/www.eldiario.net\\\/portal\\\/2025\\\/05\\\/19\\\/configuracion-de-seguridad-y-privacidad-en-whatsapp\\\/\"]}]},{\"@type\":\"ImageObject\",\"inLanguage\":\"es\",\"@id\":\"https:\\\/\\\/www.eldiario.net\\\/portal\\\/2025\\\/05\\\/19\\\/configuracion-de-seguridad-y-privacidad-en-whatsapp\\\/#primaryimage\",\"url\":\"https:\\\/\\\/www.eldiario.net\\\/portal\\\/wp-content\\\/uploads\\\/2025\\\/05\\\/3-B-1.jpg\",\"contentUrl\":\"https:\\\/\\\/www.eldiario.net\\\/portal\\\/wp-content\\\/uploads\\\/2025\\\/05\\\/3-B-1.jpg\",\"width\":1024,\"height\":576},{\"@type\":\"BreadcrumbList\",\"@id\":\"https:\\\/\\\/www.eldiario.net\\\/portal\\\/2025\\\/05\\\/19\\\/configuracion-de-seguridad-y-privacidad-en-whatsapp\\\/#breadcrumb\",\"itemListElement\":[{\"@type\":\"ListItem\",\"position\":1,\"name\":\"Portada\",\"item\":\"https:\\\/\\\/www.eldiario.net\\\/portal\\\/\"},{\"@type\":\"ListItem\",\"position\":2,\"name\":\"Configuraci\u00f3n de seguridad y privacidad en WhatsApp\"}]},{\"@type\":\"WebSite\",\"@id\":\"https:\\\/\\\/www.eldiario.net\\\/portal\\\/#website\",\"url\":\"https:\\\/\\\/www.eldiario.net\\\/portal\\\/\",\"name\":\"El Diario - Decano de la prensa nacional\",\"description\":\"El Diario - Decano de la prensa nacional\",\"publisher\":{\"@id\":\"https:\\\/\\\/www.eldiario.net\\\/portal\\\/#organization\"},\"potentialAction\":[{\"@type\":\"SearchAction\",\"target\":{\"@type\":\"EntryPoint\",\"urlTemplate\":\"https:\\\/\\\/www.eldiario.net\\\/portal\\\/?s={search_term_string}\"},\"query-input\":{\"@type\":\"PropertyValueSpecification\",\"valueRequired\":true,\"valueName\":\"search_term_string\"}}],\"inLanguage\":\"es\"},{\"@type\":\"Organization\",\"@id\":\"https:\\\/\\\/www.eldiario.net\\\/portal\\\/#organization\",\"name\":\"El Diario - Decano de la prensa nacional\",\"url\":\"https:\\\/\\\/www.eldiario.net\\\/portal\\\/\",\"logo\":{\"@type\":\"ImageObject\",\"inLanguage\":\"es\",\"@id\":\"https:\\\/\\\/www.eldiario.net\\\/portal\\\/#\\\/schema\\\/logo\\\/image\\\/\",\"url\":\"https:\\\/\\\/www.eldiario.net\\\/portal\\\/wp-content\\\/uploads\\\/2023\\\/07\\\/logo_ED.jpg\",\"contentUrl\":\"https:\\\/\\\/www.eldiario.net\\\/portal\\\/wp-content\\\/uploads\\\/2023\\\/07\\\/logo_ED.jpg\",\"width\":272,\"height\":52,\"caption\":\"El Diario - Decano de la prensa nacional\"},\"image\":{\"@id\":\"https:\\\/\\\/www.eldiario.net\\\/portal\\\/#\\\/schema\\\/logo\\\/image\\\/\"},\"sameAs\":[\"https:\\\/\\\/www.facebook.com\\\/eldiario.bolivia\\\/\",\"https:\\\/\\\/x.com\\\/eldiario_net\"]},{\"@type\":\"Person\",\"@id\":\"https:\\\/\\\/www.eldiario.net\\\/portal\\\/#\\\/schema\\\/person\\\/f46445640444750d7d753ccd04ae01b7\",\"name\":\"Jeanette\",\"image\":{\"@type\":\"ImageObject\",\"inLanguage\":\"es\",\"@id\":\"https:\\\/\\\/secure.gravatar.com\\\/avatar\\\/3ea2118a5f7dad2b7138b1187a6b7ee55f160b9968b66013c3a3ef39dd7e5798?s=96&d=mm&r=g\",\"url\":\"https:\\\/\\\/secure.gravatar.com\\\/avatar\\\/3ea2118a5f7dad2b7138b1187a6b7ee55f160b9968b66013c3a3ef39dd7e5798?s=96&d=mm&r=g\",\"contentUrl\":\"https:\\\/\\\/secure.gravatar.com\\\/avatar\\\/3ea2118a5f7dad2b7138b1187a6b7ee55f160b9968b66013c3a3ef39dd7e5798?s=96&d=mm&r=g\",\"caption\":\"Jeanette\"},\"sameAs\":[\"https:\\\/\\\/www.eldiario.net\\\/portal\"],\"url\":\"https:\\\/\\\/www.eldiario.net\\\/portal\\\/author\\\/jeanette\\\/\"}]}<\/script>\n<!-- \/ Yoast SEO plugin. -->","yoast_head_json":{"title":"Configuraci\u00f3n de seguridad y privacidad en WhatsApp - El Diario - Bolivia","robots":{"index":"index","follow":"follow","max-snippet":"max-snippet:-1","max-image-preview":"max-image-preview:large","max-video-preview":"max-video-preview:-1"},"canonical":"https:\/\/www.eldiario.net\/portal\/2025\/05\/19\/configuracion-de-seguridad-y-privacidad-en-whatsapp\/","og_locale":"es_ES","og_type":"article","og_title":"Configuraci\u00f3n de seguridad y privacidad en WhatsApp - El Diario - Bolivia","og_description":"A pesar de ser propiedad de Meta, WhatsApp se mantiene como uno de los servicios de mensajer\u00eda m\u00e1s seguros a nivel mundial. Revisemos las razones detr\u00e1s de esta seguridad y consejos sobre c\u00f3mo fortalecer a\u00fan m\u00e1s la privacidad y protecci\u00f3n de las conversaciones. Cifrado de extremo a extremo de WhatsApp: siempre activado Lo m\u00e1s importante [&hellip;]","og_url":"https:\/\/www.eldiario.net\/portal\/2025\/05\/19\/configuracion-de-seguridad-y-privacidad-en-whatsapp\/","og_site_name":"El Diario - Bolivia","article_publisher":"https:\/\/www.facebook.com\/eldiario.bolivia\/","article_published_time":"2025-05-19T10:10:12+00:00","og_image":[{"width":1024,"height":576,"url":"https:\/\/www.eldiario.net\/portal\/wp-content\/uploads\/2025\/05\/3-B-1.jpg","type":"image\/jpeg"}],"author":"Jeanette","twitter_card":"summary_large_image","twitter_creator":"@eldiario_net","twitter_site":"@eldiario_net","twitter_misc":{"Escrito por":"Jeanette","Tiempo de lectura":"3 minutos"},"schema":{"@context":"https:\/\/schema.org","@graph":[{"@type":"Article","@id":"https:\/\/www.eldiario.net\/portal\/2025\/05\/19\/configuracion-de-seguridad-y-privacidad-en-whatsapp\/#article","isPartOf":{"@id":"https:\/\/www.eldiario.net\/portal\/2025\/05\/19\/configuracion-de-seguridad-y-privacidad-en-whatsapp\/"},"author":{"name":"Jeanette","@id":"https:\/\/www.eldiario.net\/portal\/#\/schema\/person\/f46445640444750d7d753ccd04ae01b7"},"headline":"Configuraci\u00f3n de seguridad y privacidad en WhatsApp","datePublished":"2025-05-19T10:10:12+00:00","mainEntityOfPage":{"@id":"https:\/\/www.eldiario.net\/portal\/2025\/05\/19\/configuracion-de-seguridad-y-privacidad-en-whatsapp\/"},"wordCount":596,"publisher":{"@id":"https:\/\/www.eldiario.net\/portal\/#organization"},"image":{"@id":"https:\/\/www.eldiario.net\/portal\/2025\/05\/19\/configuracion-de-seguridad-y-privacidad-en-whatsapp\/#primaryimage"},"thumbnailUrl":"https:\/\/www.eldiario.net\/portal\/wp-content\/uploads\/2025\/05\/3-B-1.jpg","articleSection":["Ciencia y Computaci\u00f3n"],"inLanguage":"es"},{"@type":"WebPage","@id":"https:\/\/www.eldiario.net\/portal\/2025\/05\/19\/configuracion-de-seguridad-y-privacidad-en-whatsapp\/","url":"https:\/\/www.eldiario.net\/portal\/2025\/05\/19\/configuracion-de-seguridad-y-privacidad-en-whatsapp\/","name":"Configuraci\u00f3n de seguridad y privacidad en WhatsApp - El Diario - Bolivia","isPartOf":{"@id":"https:\/\/www.eldiario.net\/portal\/#website"},"primaryImageOfPage":{"@id":"https:\/\/www.eldiario.net\/portal\/2025\/05\/19\/configuracion-de-seguridad-y-privacidad-en-whatsapp\/#primaryimage"},"image":{"@id":"https:\/\/www.eldiario.net\/portal\/2025\/05\/19\/configuracion-de-seguridad-y-privacidad-en-whatsapp\/#primaryimage"},"thumbnailUrl":"https:\/\/www.eldiario.net\/portal\/wp-content\/uploads\/2025\/05\/3-B-1.jpg","datePublished":"2025-05-19T10:10:12+00:00","breadcrumb":{"@id":"https:\/\/www.eldiario.net\/portal\/2025\/05\/19\/configuracion-de-seguridad-y-privacidad-en-whatsapp\/#breadcrumb"},"inLanguage":"es","potentialAction":[{"@type":"ReadAction","target":["https:\/\/www.eldiario.net\/portal\/2025\/05\/19\/configuracion-de-seguridad-y-privacidad-en-whatsapp\/"]}]},{"@type":"ImageObject","inLanguage":"es","@id":"https:\/\/www.eldiario.net\/portal\/2025\/05\/19\/configuracion-de-seguridad-y-privacidad-en-whatsapp\/#primaryimage","url":"https:\/\/www.eldiario.net\/portal\/wp-content\/uploads\/2025\/05\/3-B-1.jpg","contentUrl":"https:\/\/www.eldiario.net\/portal\/wp-content\/uploads\/2025\/05\/3-B-1.jpg","width":1024,"height":576},{"@type":"BreadcrumbList","@id":"https:\/\/www.eldiario.net\/portal\/2025\/05\/19\/configuracion-de-seguridad-y-privacidad-en-whatsapp\/#breadcrumb","itemListElement":[{"@type":"ListItem","position":1,"name":"Portada","item":"https:\/\/www.eldiario.net\/portal\/"},{"@type":"ListItem","position":2,"name":"Configuraci\u00f3n de seguridad y privacidad en WhatsApp"}]},{"@type":"WebSite","@id":"https:\/\/www.eldiario.net\/portal\/#website","url":"https:\/\/www.eldiario.net\/portal\/","name":"El Diario - Decano de la prensa nacional","description":"El Diario - Decano de la prensa nacional","publisher":{"@id":"https:\/\/www.eldiario.net\/portal\/#organization"},"potentialAction":[{"@type":"SearchAction","target":{"@type":"EntryPoint","urlTemplate":"https:\/\/www.eldiario.net\/portal\/?s={search_term_string}"},"query-input":{"@type":"PropertyValueSpecification","valueRequired":true,"valueName":"search_term_string"}}],"inLanguage":"es"},{"@type":"Organization","@id":"https:\/\/www.eldiario.net\/portal\/#organization","name":"El Diario - Decano de la prensa nacional","url":"https:\/\/www.eldiario.net\/portal\/","logo":{"@type":"ImageObject","inLanguage":"es","@id":"https:\/\/www.eldiario.net\/portal\/#\/schema\/logo\/image\/","url":"https:\/\/www.eldiario.net\/portal\/wp-content\/uploads\/2023\/07\/logo_ED.jpg","contentUrl":"https:\/\/www.eldiario.net\/portal\/wp-content\/uploads\/2023\/07\/logo_ED.jpg","width":272,"height":52,"caption":"El Diario - Decano de la prensa nacional"},"image":{"@id":"https:\/\/www.eldiario.net\/portal\/#\/schema\/logo\/image\/"},"sameAs":["https:\/\/www.facebook.com\/eldiario.bolivia\/","https:\/\/x.com\/eldiario_net"]},{"@type":"Person","@id":"https:\/\/www.eldiario.net\/portal\/#\/schema\/person\/f46445640444750d7d753ccd04ae01b7","name":"Jeanette","image":{"@type":"ImageObject","inLanguage":"es","@id":"https:\/\/secure.gravatar.com\/avatar\/3ea2118a5f7dad2b7138b1187a6b7ee55f160b9968b66013c3a3ef39dd7e5798?s=96&d=mm&r=g","url":"https:\/\/secure.gravatar.com\/avatar\/3ea2118a5f7dad2b7138b1187a6b7ee55f160b9968b66013c3a3ef39dd7e5798?s=96&d=mm&r=g","contentUrl":"https:\/\/secure.gravatar.com\/avatar\/3ea2118a5f7dad2b7138b1187a6b7ee55f160b9968b66013c3a3ef39dd7e5798?s=96&d=mm&r=g","caption":"Jeanette"},"sameAs":["https:\/\/www.eldiario.net\/portal"],"url":"https:\/\/www.eldiario.net\/portal\/author\/jeanette\/"}]}},"_links":{"self":[{"href":"https:\/\/www.eldiario.net\/portal\/wp-json\/wp\/v2\/posts\/303473","targetHints":{"allow":["GET"]}}],"collection":[{"href":"https:\/\/www.eldiario.net\/portal\/wp-json\/wp\/v2\/posts"}],"about":[{"href":"https:\/\/www.eldiario.net\/portal\/wp-json\/wp\/v2\/types\/post"}],"author":[{"embeddable":true,"href":"https:\/\/www.eldiario.net\/portal\/wp-json\/wp\/v2\/users\/1"}],"replies":[{"embeddable":true,"href":"https:\/\/www.eldiario.net\/portal\/wp-json\/wp\/v2\/comments?post=303473"}],"version-history":[{"count":1,"href":"https:\/\/www.eldiario.net\/portal\/wp-json\/wp\/v2\/posts\/303473\/revisions"}],"predecessor-version":[{"id":303475,"href":"https:\/\/www.eldiario.net\/portal\/wp-json\/wp\/v2\/posts\/303473\/revisions\/303475"}],"wp:featuredmedia":[{"embeddable":true,"href":"https:\/\/www.eldiario.net\/portal\/wp-json\/wp\/v2\/media\/303474"}],"wp:attachment":[{"href":"https:\/\/www.eldiario.net\/portal\/wp-json\/wp\/v2\/media?parent=303473"}],"wp:term":[{"taxonomy":"category","embeddable":true,"href":"https:\/\/www.eldiario.net\/portal\/wp-json\/wp\/v2\/categories?post=303473"},{"taxonomy":"post_tag","embeddable":true,"href":"https:\/\/www.eldiario.net\/portal\/wp-json\/wp\/v2\/tags?post=303473"}],"curies":[{"name":"wp","href":"https:\/\/api.w.org\/{rel}","templated":true}]}}