{"id":303467,"date":"2025-05-19T06:09:01","date_gmt":"2025-05-19T10:09:01","guid":{"rendered":"https:\/\/www.eldiario.net\/portal\/?p=303467"},"modified":"2025-05-19T06:09:01","modified_gmt":"2025-05-19T10:09:01","slug":"el-ceo-de-instagram-admite-errores-y-tensiones-internas","status":"publish","type":"post","link":"https:\/\/www.eldiario.net\/portal\/2025\/05\/19\/el-ceo-de-instagram-admite-errores-y-tensiones-internas\/","title":{"rendered":"El CEO de Instagram admite errores y tensiones internas"},"content":{"rendered":"<p>En el contexto del juicio antimonopolio contra Meta, Adam Mosseri, CEO de Instagram, comparti\u00f3 su perspectiva sobre la competencia en redes sociales, las decisiones estrat\u00e9gicas de la empresa y su visi\u00f3n sobre rivales como TikTok y X-Twitter.<br \/>\nAdam Mosseri particip\u00f3 en el juicio que valora si Facebook adquiri\u00f3 Instagram y WhatsApp para crear un monopolio en las redes sociales.<\/p>\n<p>Recordemos que este caso parte de una demanda antimonopolio presentada por la Comisi\u00f3n Federal de Comercio de Estados Unidos (FTC) contra Meta (todav\u00eda denominada Facebook en el momento en el que se produjeron los hechos juzgados), en la que se alega que\u00a0Meta adquiri\u00f3 a sus rivales Instagram y WhatsApp para construir un monopolio\u00a0en el mercado de las redes sociales. La demanda busca obligar a Meta a vender Instagram y WhatsApp.<\/p>\n<p>En este mismo juicio, hace unos d\u00edas, el CEO de Meta,\u00a0Mark Zuckerberg, neg\u00f3 querer eliminar la competencia al comprar estas aplicaciones. Afirm\u00f3 que\u00a0le gustaba la experiencia de c\u00e1mara y fotograf\u00eda de Instagram y que no la ve\u00eda como un competidor directo.\u00a0Sobre WhatsApp, dijo que sus fundadores eran \u00abpoco ambiciosos\u00bb en cuanto a maximizar su impacto y que Meta invirti\u00f3 recursos para hacer crecer ambas plataformas.<\/p>\n<p>Como te imaginar\u00e1s, las jugosas declaraciones de alguien tan relevante como Mosseri no solo han sido relevantes desde el punto de vista legal, sino que ofrecen una radiograf\u00eda precisa de los retos y ambiciones del gigante de Menlo Park y su visi\u00f3n del sector social media actual.<\/p>\n<p><strong>Instagram, entre amigos y entretenimiento<\/strong><\/p>\n<p>Una de las cuestiones centrales del juicio es si Meta compite realmente en un mercado limitado al contacto entre amigos y familia, como alega la FTC, o si forma parte de un ecosistema m\u00e1s amplio de entretenimiento digital.<\/p>\n<p>La FTC (Federal Trade Commission) sostiene\u00a0que Meta \u2014a trav\u00e9s de Facebook e Instagram\u2014\u00a0domina el \u201cmercado de redes sociales personales\u201d, es decir, un espacio centrado en la comunicaci\u00f3n entre amigos y familia. Seg\u00fan esta visi\u00f3n, al haber adquirido o eliminado a posibles competidores en ese segmento (como Instagram o WhatsApp), Meta ha consolidado un monopolio que limita la innovaci\u00f3n y perjudica al consumidor. La menci\u00f3n a una directriz de Mark Zuckerberg enviada por email a Mosseri en 2018 refuerza esta l\u00ednea: por aquel entonces Zuckerberg explicaba que aunque el contenido p\u00fablico creciese,\u00a0\u00abInstagram nunca podr\u00eda ser solo para figuras p\u00fablicas o dejar\u00eda de ser un producto social\u201d.<\/p>\n<p>En cambio, Meta, con apoyo del\u00a0testimonio\u00a0de Adam Mosseri, intenta ampliar la definici\u00f3n del mercado: defiende que ya no solo compite con otras redes sociales cl\u00e1sicas, sino tambi\u00e9n con\u00a0plataformas de entretenimiento digital\u00a0como TikTok, YouTube o incluso Twitter\/X, donde el eje ya no es tanto la relaci\u00f3n personal como el contenido viral, los creadores o los algoritmos. As\u00ed,\u00a0Mosseri defendi\u00f3 que Instagram ha evolucionado combinando interacci\u00f3n social y contenido p\u00fablico, se\u00f1alando que actividades como\u00a0comentar una publicaci\u00f3n deportiva\u00a0y despu\u00e9s interactuar con amigos en los comentarios siguen siendo parte fundamental de la experiencia.<\/p>\n<p><strong>Threads: de funci\u00f3n a app independiente<\/strong><\/p>\n<p>Uno de los momentos m\u00e1s comentados del testimonio fue la explicaci\u00f3n sobre\u00a0Threads, la aplicaci\u00f3n lanzada como competidora de Twitter. Seg\u00fan Mosseri,\u00a0inicialmente se concibi\u00f3 como una funci\u00f3n dentro de Instagram, pero el equipo decidi\u00f3 convertirla en una app independiente por diferencias estructurales:\u00a0\u201cEn Threads, las respuestas son tan importantes como los posts originales, algo dif\u00edcil de integrar en el flujo habitual de Instagram\u201d.<\/p>\n<p>La decisi\u00f3n fue muy debatida internamente, pero muestra c\u00f3mo Meta reconoce la necesidad de crear productos con l\u00f3gica propia frente a rivales directos.<\/p>\n<p><strong>TikTok, la mayor amenaza para Instagram<\/strong><\/p>\n<p>Mosseri no tuvo reparos en reconocer que\u00a0TikTok representa la competencia m\u00e1s feroz a la que jam\u00e1s se ha enfrentado Meta,\u00a0\u00abuna gran preocupaci\u00f3n\u00bb.\u00a0De hecho, explic\u00f3 que seg\u00fan estimaciones internas,\u00a0hasta el 40% de la ca\u00edda de tiempo de uso en Instagram en 2019 se debi\u00f3 a TikTok.<\/p>\n<p>El impulso de\u00a0Reels,\u00a0el contenido de v\u00eddeo corto dentro de Instagram, fue la respuesta directa a este desaf\u00edo, aunque el CEO\u00a0admite que su implementaci\u00f3n inicial fue un error,\u00a0al construirse sobre la base de Stories:\u00a0\u201cDeber\u00edamos haber sido m\u00e1s agresivos\u201d.<\/p>\n<p>El CEO tambi\u00e9n se\u00f1al\u00f3 que\u00a0TikTok ha dejado de ser una plataforma pasiva\u00a0para convertirse en\u00a0\u201ctan participativa como nosotros\u201d, subrayando el cambio de paradigma al que se enfrenta Instagram en la guerra por la atenci\u00f3n. De hecho, a\u00f1adi\u00f3 a otro competidor a la ecuaci\u00f3n, explicando que a medida que\u00a0YouTube se ha inclinado por Shorts,\u00a0\u00ablos ha acercado m\u00e1s a nosotros\u00bb.<\/p>\n","protected":false},"excerpt":{"rendered":"<p>En el contexto del juicio antimonopolio contra Meta, Adam Mosseri, CEO de Instagram, comparti\u00f3 su perspectiva sobre la competencia en redes sociales, las decisiones estrat\u00e9gicas de la empresa y su visi\u00f3n sobre rivales como TikTok y X-Twitter. Adam Mosseri particip\u00f3 en el juicio que valora si Facebook adquiri\u00f3 Instagram y WhatsApp para crear un monopolio [&hellip;]<\/p>\n","protected":false},"author":1,"featured_media":303468,"comment_status":"closed","ping_status":"open","sticky":false,"template":"","format":"standard","meta":{"_acf_changed":false,"footnotes":""},"categories":[46],"tags":[],"class_list":["post-303467","post","type-post","status-publish","format-standard","has-post-thumbnail","category-ciencia-computacion"],"acf":{"antetitulo":""},"yoast_head":"<!-- This site is optimized with the Yoast SEO plugin v28.4 - https:\/\/yoast.com\/product\/yoast-seo-wordpress\/ -->\n<title>El CEO de Instagram admite errores y tensiones internas - El Diario - Bolivia<\/title>\n<meta name=\"robots\" content=\"index, follow, max-snippet:-1, max-image-preview:large, max-video-preview:-1\" \/>\n<link rel=\"canonical\" href=\"https:\/\/www.eldiario.net\/portal\/2025\/05\/19\/el-ceo-de-instagram-admite-errores-y-tensiones-internas\/\" \/>\n<meta property=\"og:locale\" content=\"es_ES\" \/>\n<meta property=\"og:type\" content=\"article\" \/>\n<meta property=\"og:title\" content=\"El CEO de Instagram admite errores y tensiones internas - El Diario - Bolivia\" \/>\n<meta property=\"og:description\" content=\"En el contexto del juicio antimonopolio contra Meta, Adam Mosseri, CEO de Instagram, comparti\u00f3 su perspectiva sobre la competencia en redes sociales, las decisiones estrat\u00e9gicas de la empresa y su visi\u00f3n sobre rivales como TikTok y X-Twitter. Adam Mosseri particip\u00f3 en el juicio que valora si Facebook adquiri\u00f3 Instagram y WhatsApp para crear un monopolio [&hellip;]\" \/>\n<meta property=\"og:url\" content=\"https:\/\/www.eldiario.net\/portal\/2025\/05\/19\/el-ceo-de-instagram-admite-errores-y-tensiones-internas\/\" \/>\n<meta property=\"og:site_name\" content=\"El Diario - Bolivia\" \/>\n<meta property=\"article:publisher\" content=\"https:\/\/www.facebook.com\/eldiario.bolivia\/\" \/>\n<meta property=\"article:published_time\" content=\"2025-05-19T10:09:01+00:00\" \/>\n<meta property=\"og:image\" content=\"https:\/\/www.eldiario.net\/portal\/wp-content\/uploads\/2025\/05\/5-A-1.jpg\" \/>\n\t<meta property=\"og:image:width\" content=\"750\" \/>\n\t<meta property=\"og:image:height\" content=\"450\" \/>\n\t<meta property=\"og:image:type\" content=\"image\/jpeg\" \/>\n<meta name=\"author\" content=\"Jeanette\" \/>\n<meta name=\"twitter:card\" content=\"summary_large_image\" \/>\n<meta name=\"twitter:creator\" content=\"@eldiario_net\" \/>\n<meta name=\"twitter:site\" content=\"@eldiario_net\" \/>\n<meta name=\"twitter:label1\" content=\"Escrito por\" \/>\n\t<meta name=\"twitter:data1\" content=\"Jeanette\" \/>\n\t<meta name=\"twitter:label2\" content=\"Tiempo de lectura\" \/>\n\t<meta name=\"twitter:data2\" content=\"4 minutos\" \/>\n<script type=\"application\/ld+json\" class=\"yoast-schema-graph\">{\"@context\":\"https:\\\/\\\/schema.org\",\"@graph\":[{\"@type\":\"Article\",\"@id\":\"https:\\\/\\\/www.eldiario.net\\\/portal\\\/2025\\\/05\\\/19\\\/el-ceo-de-instagram-admite-errores-y-tensiones-internas\\\/#article\",\"isPartOf\":{\"@id\":\"https:\\\/\\\/www.eldiario.net\\\/portal\\\/2025\\\/05\\\/19\\\/el-ceo-de-instagram-admite-errores-y-tensiones-internas\\\/\"},\"author\":{\"name\":\"Jeanette\",\"@id\":\"https:\\\/\\\/www.eldiario.net\\\/portal\\\/#\\\/schema\\\/person\\\/f46445640444750d7d753ccd04ae01b7\"},\"headline\":\"El CEO de Instagram admite errores y tensiones internas\",\"datePublished\":\"2025-05-19T10:09:01+00:00\",\"mainEntityOfPage\":{\"@id\":\"https:\\\/\\\/www.eldiario.net\\\/portal\\\/2025\\\/05\\\/19\\\/el-ceo-de-instagram-admite-errores-y-tensiones-internas\\\/\"},\"wordCount\":809,\"publisher\":{\"@id\":\"https:\\\/\\\/www.eldiario.net\\\/portal\\\/#organization\"},\"image\":{\"@id\":\"https:\\\/\\\/www.eldiario.net\\\/portal\\\/2025\\\/05\\\/19\\\/el-ceo-de-instagram-admite-errores-y-tensiones-internas\\\/#primaryimage\"},\"thumbnailUrl\":\"https:\\\/\\\/www.eldiario.net\\\/portal\\\/wp-content\\\/uploads\\\/2025\\\/05\\\/5-A-1.jpg\",\"articleSection\":[\"Ciencia y Computaci\u00f3n\"],\"inLanguage\":\"es\"},{\"@type\":\"WebPage\",\"@id\":\"https:\\\/\\\/www.eldiario.net\\\/portal\\\/2025\\\/05\\\/19\\\/el-ceo-de-instagram-admite-errores-y-tensiones-internas\\\/\",\"url\":\"https:\\\/\\\/www.eldiario.net\\\/portal\\\/2025\\\/05\\\/19\\\/el-ceo-de-instagram-admite-errores-y-tensiones-internas\\\/\",\"name\":\"El CEO de Instagram admite errores y tensiones internas - El Diario - Bolivia\",\"isPartOf\":{\"@id\":\"https:\\\/\\\/www.eldiario.net\\\/portal\\\/#website\"},\"primaryImageOfPage\":{\"@id\":\"https:\\\/\\\/www.eldiario.net\\\/portal\\\/2025\\\/05\\\/19\\\/el-ceo-de-instagram-admite-errores-y-tensiones-internas\\\/#primaryimage\"},\"image\":{\"@id\":\"https:\\\/\\\/www.eldiario.net\\\/portal\\\/2025\\\/05\\\/19\\\/el-ceo-de-instagram-admite-errores-y-tensiones-internas\\\/#primaryimage\"},\"thumbnailUrl\":\"https:\\\/\\\/www.eldiario.net\\\/portal\\\/wp-content\\\/uploads\\\/2025\\\/05\\\/5-A-1.jpg\",\"datePublished\":\"2025-05-19T10:09:01+00:00\",\"breadcrumb\":{\"@id\":\"https:\\\/\\\/www.eldiario.net\\\/portal\\\/2025\\\/05\\\/19\\\/el-ceo-de-instagram-admite-errores-y-tensiones-internas\\\/#breadcrumb\"},\"inLanguage\":\"es\",\"potentialAction\":[{\"@type\":\"ReadAction\",\"target\":[\"https:\\\/\\\/www.eldiario.net\\\/portal\\\/2025\\\/05\\\/19\\\/el-ceo-de-instagram-admite-errores-y-tensiones-internas\\\/\"]}]},{\"@type\":\"ImageObject\",\"inLanguage\":\"es\",\"@id\":\"https:\\\/\\\/www.eldiario.net\\\/portal\\\/2025\\\/05\\\/19\\\/el-ceo-de-instagram-admite-errores-y-tensiones-internas\\\/#primaryimage\",\"url\":\"https:\\\/\\\/www.eldiario.net\\\/portal\\\/wp-content\\\/uploads\\\/2025\\\/05\\\/5-A-1.jpg\",\"contentUrl\":\"https:\\\/\\\/www.eldiario.net\\\/portal\\\/wp-content\\\/uploads\\\/2025\\\/05\\\/5-A-1.jpg\",\"width\":750,\"height\":450,\"caption\":\"xr:d:DADsMw1XVx4:8324,j:44395019555,t:22123008\"},{\"@type\":\"BreadcrumbList\",\"@id\":\"https:\\\/\\\/www.eldiario.net\\\/portal\\\/2025\\\/05\\\/19\\\/el-ceo-de-instagram-admite-errores-y-tensiones-internas\\\/#breadcrumb\",\"itemListElement\":[{\"@type\":\"ListItem\",\"position\":1,\"name\":\"Portada\",\"item\":\"https:\\\/\\\/www.eldiario.net\\\/portal\\\/\"},{\"@type\":\"ListItem\",\"position\":2,\"name\":\"El CEO de Instagram admite errores y tensiones internas\"}]},{\"@type\":\"WebSite\",\"@id\":\"https:\\\/\\\/www.eldiario.net\\\/portal\\\/#website\",\"url\":\"https:\\\/\\\/www.eldiario.net\\\/portal\\\/\",\"name\":\"El Diario - Decano de la prensa nacional\",\"description\":\"El Diario - Decano de la prensa nacional\",\"publisher\":{\"@id\":\"https:\\\/\\\/www.eldiario.net\\\/portal\\\/#organization\"},\"potentialAction\":[{\"@type\":\"SearchAction\",\"target\":{\"@type\":\"EntryPoint\",\"urlTemplate\":\"https:\\\/\\\/www.eldiario.net\\\/portal\\\/?s={search_term_string}\"},\"query-input\":{\"@type\":\"PropertyValueSpecification\",\"valueRequired\":true,\"valueName\":\"search_term_string\"}}],\"inLanguage\":\"es\"},{\"@type\":\"Organization\",\"@id\":\"https:\\\/\\\/www.eldiario.net\\\/portal\\\/#organization\",\"name\":\"El Diario - Decano de la prensa nacional\",\"url\":\"https:\\\/\\\/www.eldiario.net\\\/portal\\\/\",\"logo\":{\"@type\":\"ImageObject\",\"inLanguage\":\"es\",\"@id\":\"https:\\\/\\\/www.eldiario.net\\\/portal\\\/#\\\/schema\\\/logo\\\/image\\\/\",\"url\":\"https:\\\/\\\/www.eldiario.net\\\/portal\\\/wp-content\\\/uploads\\\/2023\\\/07\\\/logo_ED.jpg\",\"contentUrl\":\"https:\\\/\\\/www.eldiario.net\\\/portal\\\/wp-content\\\/uploads\\\/2023\\\/07\\\/logo_ED.jpg\",\"width\":272,\"height\":52,\"caption\":\"El Diario - Decano de la prensa nacional\"},\"image\":{\"@id\":\"https:\\\/\\\/www.eldiario.net\\\/portal\\\/#\\\/schema\\\/logo\\\/image\\\/\"},\"sameAs\":[\"https:\\\/\\\/www.facebook.com\\\/eldiario.bolivia\\\/\",\"https:\\\/\\\/x.com\\\/eldiario_net\"]},{\"@type\":\"Person\",\"@id\":\"https:\\\/\\\/www.eldiario.net\\\/portal\\\/#\\\/schema\\\/person\\\/f46445640444750d7d753ccd04ae01b7\",\"name\":\"Jeanette\",\"image\":{\"@type\":\"ImageObject\",\"inLanguage\":\"es\",\"@id\":\"https:\\\/\\\/secure.gravatar.com\\\/avatar\\\/3ea2118a5f7dad2b7138b1187a6b7ee55f160b9968b66013c3a3ef39dd7e5798?s=96&d=mm&r=g\",\"url\":\"https:\\\/\\\/secure.gravatar.com\\\/avatar\\\/3ea2118a5f7dad2b7138b1187a6b7ee55f160b9968b66013c3a3ef39dd7e5798?s=96&d=mm&r=g\",\"contentUrl\":\"https:\\\/\\\/secure.gravatar.com\\\/avatar\\\/3ea2118a5f7dad2b7138b1187a6b7ee55f160b9968b66013c3a3ef39dd7e5798?s=96&d=mm&r=g\",\"caption\":\"Jeanette\"},\"sameAs\":[\"https:\\\/\\\/www.eldiario.net\\\/portal\"],\"url\":\"https:\\\/\\\/www.eldiario.net\\\/portal\\\/author\\\/jeanette\\\/\"}]}<\/script>\n<!-- \/ Yoast SEO plugin. -->","yoast_head_json":{"title":"El CEO de Instagram admite errores y tensiones internas - El Diario - Bolivia","robots":{"index":"index","follow":"follow","max-snippet":"max-snippet:-1","max-image-preview":"max-image-preview:large","max-video-preview":"max-video-preview:-1"},"canonical":"https:\/\/www.eldiario.net\/portal\/2025\/05\/19\/el-ceo-de-instagram-admite-errores-y-tensiones-internas\/","og_locale":"es_ES","og_type":"article","og_title":"El CEO de Instagram admite errores y tensiones internas - El Diario - Bolivia","og_description":"En el contexto del juicio antimonopolio contra Meta, Adam Mosseri, CEO de Instagram, comparti\u00f3 su perspectiva sobre la competencia en redes sociales, las decisiones estrat\u00e9gicas de la empresa y su visi\u00f3n sobre rivales como TikTok y X-Twitter. Adam Mosseri particip\u00f3 en el juicio que valora si Facebook adquiri\u00f3 Instagram y WhatsApp para crear un monopolio [&hellip;]","og_url":"https:\/\/www.eldiario.net\/portal\/2025\/05\/19\/el-ceo-de-instagram-admite-errores-y-tensiones-internas\/","og_site_name":"El Diario - Bolivia","article_publisher":"https:\/\/www.facebook.com\/eldiario.bolivia\/","article_published_time":"2025-05-19T10:09:01+00:00","og_image":[{"width":750,"height":450,"url":"https:\/\/www.eldiario.net\/portal\/wp-content\/uploads\/2025\/05\/5-A-1.jpg","type":"image\/jpeg"}],"author":"Jeanette","twitter_card":"summary_large_image","twitter_creator":"@eldiario_net","twitter_site":"@eldiario_net","twitter_misc":{"Escrito por":"Jeanette","Tiempo de lectura":"4 minutos"},"schema":{"@context":"https:\/\/schema.org","@graph":[{"@type":"Article","@id":"https:\/\/www.eldiario.net\/portal\/2025\/05\/19\/el-ceo-de-instagram-admite-errores-y-tensiones-internas\/#article","isPartOf":{"@id":"https:\/\/www.eldiario.net\/portal\/2025\/05\/19\/el-ceo-de-instagram-admite-errores-y-tensiones-internas\/"},"author":{"name":"Jeanette","@id":"https:\/\/www.eldiario.net\/portal\/#\/schema\/person\/f46445640444750d7d753ccd04ae01b7"},"headline":"El CEO de Instagram admite errores y tensiones internas","datePublished":"2025-05-19T10:09:01+00:00","mainEntityOfPage":{"@id":"https:\/\/www.eldiario.net\/portal\/2025\/05\/19\/el-ceo-de-instagram-admite-errores-y-tensiones-internas\/"},"wordCount":809,"publisher":{"@id":"https:\/\/www.eldiario.net\/portal\/#organization"},"image":{"@id":"https:\/\/www.eldiario.net\/portal\/2025\/05\/19\/el-ceo-de-instagram-admite-errores-y-tensiones-internas\/#primaryimage"},"thumbnailUrl":"https:\/\/www.eldiario.net\/portal\/wp-content\/uploads\/2025\/05\/5-A-1.jpg","articleSection":["Ciencia y Computaci\u00f3n"],"inLanguage":"es"},{"@type":"WebPage","@id":"https:\/\/www.eldiario.net\/portal\/2025\/05\/19\/el-ceo-de-instagram-admite-errores-y-tensiones-internas\/","url":"https:\/\/www.eldiario.net\/portal\/2025\/05\/19\/el-ceo-de-instagram-admite-errores-y-tensiones-internas\/","name":"El CEO de Instagram admite errores y tensiones internas - El Diario - Bolivia","isPartOf":{"@id":"https:\/\/www.eldiario.net\/portal\/#website"},"primaryImageOfPage":{"@id":"https:\/\/www.eldiario.net\/portal\/2025\/05\/19\/el-ceo-de-instagram-admite-errores-y-tensiones-internas\/#primaryimage"},"image":{"@id":"https:\/\/www.eldiario.net\/portal\/2025\/05\/19\/el-ceo-de-instagram-admite-errores-y-tensiones-internas\/#primaryimage"},"thumbnailUrl":"https:\/\/www.eldiario.net\/portal\/wp-content\/uploads\/2025\/05\/5-A-1.jpg","datePublished":"2025-05-19T10:09:01+00:00","breadcrumb":{"@id":"https:\/\/www.eldiario.net\/portal\/2025\/05\/19\/el-ceo-de-instagram-admite-errores-y-tensiones-internas\/#breadcrumb"},"inLanguage":"es","potentialAction":[{"@type":"ReadAction","target":["https:\/\/www.eldiario.net\/portal\/2025\/05\/19\/el-ceo-de-instagram-admite-errores-y-tensiones-internas\/"]}]},{"@type":"ImageObject","inLanguage":"es","@id":"https:\/\/www.eldiario.net\/portal\/2025\/05\/19\/el-ceo-de-instagram-admite-errores-y-tensiones-internas\/#primaryimage","url":"https:\/\/www.eldiario.net\/portal\/wp-content\/uploads\/2025\/05\/5-A-1.jpg","contentUrl":"https:\/\/www.eldiario.net\/portal\/wp-content\/uploads\/2025\/05\/5-A-1.jpg","width":750,"height":450,"caption":"xr:d:DADsMw1XVx4:8324,j:44395019555,t:22123008"},{"@type":"BreadcrumbList","@id":"https:\/\/www.eldiario.net\/portal\/2025\/05\/19\/el-ceo-de-instagram-admite-errores-y-tensiones-internas\/#breadcrumb","itemListElement":[{"@type":"ListItem","position":1,"name":"Portada","item":"https:\/\/www.eldiario.net\/portal\/"},{"@type":"ListItem","position":2,"name":"El CEO de Instagram admite errores y tensiones internas"}]},{"@type":"WebSite","@id":"https:\/\/www.eldiario.net\/portal\/#website","url":"https:\/\/www.eldiario.net\/portal\/","name":"El Diario - Decano de la prensa nacional","description":"El Diario - Decano de la prensa nacional","publisher":{"@id":"https:\/\/www.eldiario.net\/portal\/#organization"},"potentialAction":[{"@type":"SearchAction","target":{"@type":"EntryPoint","urlTemplate":"https:\/\/www.eldiario.net\/portal\/?s={search_term_string}"},"query-input":{"@type":"PropertyValueSpecification","valueRequired":true,"valueName":"search_term_string"}}],"inLanguage":"es"},{"@type":"Organization","@id":"https:\/\/www.eldiario.net\/portal\/#organization","name":"El Diario - Decano de la prensa nacional","url":"https:\/\/www.eldiario.net\/portal\/","logo":{"@type":"ImageObject","inLanguage":"es","@id":"https:\/\/www.eldiario.net\/portal\/#\/schema\/logo\/image\/","url":"https:\/\/www.eldiario.net\/portal\/wp-content\/uploads\/2023\/07\/logo_ED.jpg","contentUrl":"https:\/\/www.eldiario.net\/portal\/wp-content\/uploads\/2023\/07\/logo_ED.jpg","width":272,"height":52,"caption":"El Diario - Decano de la prensa nacional"},"image":{"@id":"https:\/\/www.eldiario.net\/portal\/#\/schema\/logo\/image\/"},"sameAs":["https:\/\/www.facebook.com\/eldiario.bolivia\/","https:\/\/x.com\/eldiario_net"]},{"@type":"Person","@id":"https:\/\/www.eldiario.net\/portal\/#\/schema\/person\/f46445640444750d7d753ccd04ae01b7","name":"Jeanette","image":{"@type":"ImageObject","inLanguage":"es","@id":"https:\/\/secure.gravatar.com\/avatar\/3ea2118a5f7dad2b7138b1187a6b7ee55f160b9968b66013c3a3ef39dd7e5798?s=96&d=mm&r=g","url":"https:\/\/secure.gravatar.com\/avatar\/3ea2118a5f7dad2b7138b1187a6b7ee55f160b9968b66013c3a3ef39dd7e5798?s=96&d=mm&r=g","contentUrl":"https:\/\/secure.gravatar.com\/avatar\/3ea2118a5f7dad2b7138b1187a6b7ee55f160b9968b66013c3a3ef39dd7e5798?s=96&d=mm&r=g","caption":"Jeanette"},"sameAs":["https:\/\/www.eldiario.net\/portal"],"url":"https:\/\/www.eldiario.net\/portal\/author\/jeanette\/"}]}},"_links":{"self":[{"href":"https:\/\/www.eldiario.net\/portal\/wp-json\/wp\/v2\/posts\/303467","targetHints":{"allow":["GET"]}}],"collection":[{"href":"https:\/\/www.eldiario.net\/portal\/wp-json\/wp\/v2\/posts"}],"about":[{"href":"https:\/\/www.eldiario.net\/portal\/wp-json\/wp\/v2\/types\/post"}],"author":[{"embeddable":true,"href":"https:\/\/www.eldiario.net\/portal\/wp-json\/wp\/v2\/users\/1"}],"replies":[{"embeddable":true,"href":"https:\/\/www.eldiario.net\/portal\/wp-json\/wp\/v2\/comments?post=303467"}],"version-history":[{"count":1,"href":"https:\/\/www.eldiario.net\/portal\/wp-json\/wp\/v2\/posts\/303467\/revisions"}],"predecessor-version":[{"id":303469,"href":"https:\/\/www.eldiario.net\/portal\/wp-json\/wp\/v2\/posts\/303467\/revisions\/303469"}],"wp:featuredmedia":[{"embeddable":true,"href":"https:\/\/www.eldiario.net\/portal\/wp-json\/wp\/v2\/media\/303468"}],"wp:attachment":[{"href":"https:\/\/www.eldiario.net\/portal\/wp-json\/wp\/v2\/media?parent=303467"}],"wp:term":[{"taxonomy":"category","embeddable":true,"href":"https:\/\/www.eldiario.net\/portal\/wp-json\/wp\/v2\/categories?post=303467"},{"taxonomy":"post_tag","embeddable":true,"href":"https:\/\/www.eldiario.net\/portal\/wp-json\/wp\/v2\/tags?post=303467"}],"curies":[{"name":"wp","href":"https:\/\/api.w.org\/{rel}","templated":true}]}}