{"id":303464,"date":"2025-05-19T06:08:30","date_gmt":"2025-05-19T10:08:30","guid":{"rendered":"https:\/\/www.eldiario.net\/portal\/?p=303464"},"modified":"2025-05-19T06:08:30","modified_gmt":"2025-05-19T10:08:30","slug":"meta-amplia-sus-servicios-publicitarios-en-todas-sus-plataformas","status":"publish","type":"post","link":"https:\/\/www.eldiario.net\/portal\/2025\/05\/19\/meta-amplia-sus-servicios-publicitarios-en-todas-sus-plataformas\/","title":{"rendered":"Meta ampl\u00eda sus servicios publicitarios en todas sus plataformas"},"content":{"rendered":"<p>Meta est\u00e1 redefiniendo la forma de hacer publicidad en sus plataformas. La tecnol\u00f3gica acaba de presentar diversas soluciones publicitarias, desde anuncios de tendencias de Reels hasta video ads en\u00a0Threads\u00a0y nuevas herramientas de marketing para creadores en\u00a0Facebook e Instagram.<\/p>\n<p><strong>Nuevas soluciones publicitarias de Meta<\/strong><\/p>\n<p>Anuncios de tendencias de Reels<\/p>\n<p>Ubicar tu publicidad junto a contenidos virales ayudar\u00e1 a potenciar sus resultados. Por ello, Meta ha presentado los anuncios de tendencias de Reels, una herramienta de segmentaci\u00f3n de contenido que\u00a0publica anuncios inmediatamente despu\u00e9s de los Reels m\u00e1s populares.<\/p>\n<p>Esta herramienta se basa en los\u00a0controles de idoneidad y seguridad de marca\u00a0de Meta, como el Filtro de Inventario. \u00abEn el futuro, las marcas podr\u00e1n publicar sus anuncios junto a los Reels m\u00e1s populares o junto a las l\u00edneas tem\u00e1ticas m\u00e1s populares, como belleza, deportes y otros contenidos\u00bb,\u00a0explica\u00a0la tecnol\u00f3gica.<\/p>\n<p>Herramienta de Tendencias en el Creator Marketplace de Instagram<\/p>\n<p>Meta tambi\u00e9n ha comenzado a testar una nueva herramienta impulsada por IA en su\u00a0Creator Marketplace\u00a0de Instagram. Esta se llama\u00a0\u00abTendencias\u00bb\u00a0y permite a las empresas\u00a0conocer los temas de inter\u00e9s en la plataforma en tiempo real, lo cual favorece que estas puedan adaptar su estrategia para ofrecer contenidos relevantes en sus campa\u00f1as publicitarias de\u00a0anuncios de colaboraci\u00f3n o partnership ads.<\/p>\n<p>\u00abTendencias utiliza IA para identificar temas de tendencia en Instagram Reels. Despu\u00e9s, clasificamos las tendencias seg\u00fan diversas m\u00e9tricas y mostramos contenido relevante de Reels junto con creadores recomendados\u00bb.<\/p>\n<p><strong>Las recomendaciones de contenido personalizadas para creadores llegan a Facebook<\/strong><\/p>\n<p>De acuerdo con datos de Meta, el 53% de las personas encuestadas son m\u00e1s propensas a comprar un producto si este ha sido promocionado por un creador o creadora en Reels. Esto pone de relevancia el poder de estas figuras a la hora de impulsar una marca.<\/p>\n<p>En este sentido, Meta ya ayuda a los profesionales del marketing en Instagram con sus\u00a0recomendaciones personalizadas de contenido de creadores impulsadas por IA, y ahora lo har\u00e1 tambi\u00e9n\u00a0en Facebook. Para acceder a esta herramienta hay que acceder al Partnership Ads Hub y despu\u00e9s entrar en \u00abContenido recomendado\u00bb.<\/p>\n<p>Meta pone el siguiente ejemplo: \u00abuna marca de belleza podr\u00e1 ver su contenido de marca org\u00e1nico en el hub, y usaremos IA para recomendar qu\u00e9 contenido aprovechar en campa\u00f1as de partnership ads\u00bb.<\/p>\n<p><strong>API de Descubrimiento de Creator Marketplace<\/strong><\/p>\n<p>Meta ha informado de que,\u00a0pr\u00f3ximamente, iniciar\u00e1 una\u00a0prueba limitada de su API de Descubrimiento del Creator Marketplace para Instagram. Esta API facilitar\u00e1 que las marcas conecten con creadores y creadoras a trav\u00e9s de sus agencias y herramientas de terceros, obtengan informaci\u00f3n sobre estos y afinen el proceso de selecci\u00f3n.<\/p>\n<p><strong>La opci\u00f3n de promocionar contenido creado por usuarios sigue vigente en Facebook<\/strong><\/p>\n<p>Meta ya no permite promocionar\u00a0User Generated Content\u00a0(contenido generado por usuarios) en Instagram, pero s\u00ed que da la posibilidad de hacerlo en Facebook. Esta funci\u00f3n \u00abpermitir\u00e1 a los anunciantes\u00a0acceder a contenido relevante\u00a0en Facebook tanto\u00a0de usuarios comunes como de creadores, para utilizarlo en anuncios de colaboraci\u00f3n (partnership ads)\u00bb.<\/p>\n<p>Una forma valiosa de que las marcas compartan contenido de personas que aman genuinamente sus productos o servicios\u00a0y realizar anuncios colaborativos a gran escala.<\/p>\n<p><strong>M\u00e1s capacidades de descubrimiento en el Creator Marketplace de Instagram<\/strong><\/p>\n<p>Aunque Meta haya eliminado la funci\u00f3n de la que acabamos de hablar del Creator Marketplace de Instagram, para compensar, ha a\u00f1adido nuevas funcionalidades. La tecnol\u00f3gica ha integrado\u00a0sugerencias de b\u00fasqueda de palabras clave\u00a0basadas en IA, tasa de captaci\u00f3n, tasa de interacci\u00f3n y la informaci\u00f3n de los socios anteriores de los creadores o creadoras.<\/p>\n<p>Con esta capacidad, las marcas podr\u00e1n realizar un\u00a0an\u00e1lisis m\u00e1s completo de cada creador o creadora de contenido\u00a0y si encajan con sus campa\u00f1as publicitarias.<\/p>\n<p><strong>Nuevas posibilidades de menci\u00f3n en anuncios colaborativos<\/strong><\/p>\n<p>Hasta ahora, los anuncios colaborativos o partnership ads de Facebook e Instagram inclu\u00edan en su encabezado tanto el nombre de perfil de la marca como del socio con el que colaboraban en el anuncio. Meta acaba de cambiar esto y ahora ofrece la\u00a0posibilidad de\u00a0que los anunciantes escojan\u00a0destacar solamente a su socio en el encabezado del anuncio.<\/p>\n<p>\u00abEsto ofrece a los profesionales del marketing la posibilidad de destacar la marca \u00fanica y la voz aut\u00e9ntica del creador\u00bb, sostiene Meta.<\/p>\n","protected":false},"excerpt":{"rendered":"<p>Meta est\u00e1 redefiniendo la forma de hacer publicidad en sus plataformas. La tecnol\u00f3gica acaba de presentar diversas soluciones publicitarias, desde anuncios de tendencias de Reels hasta video ads en\u00a0Threads\u00a0y nuevas herramientas de marketing para creadores en\u00a0Facebook e Instagram. Nuevas soluciones publicitarias de Meta Anuncios de tendencias de Reels Ubicar tu publicidad junto a contenidos virales [&hellip;]<\/p>\n","protected":false},"author":1,"featured_media":303465,"comment_status":"closed","ping_status":"open","sticky":false,"template":"","format":"standard","meta":{"_acf_changed":false,"footnotes":""},"categories":[46],"tags":[],"class_list":["post-303464","post","type-post","status-publish","format-standard","has-post-thumbnail","category-ciencia-computacion"],"acf":{"antetitulo":""},"yoast_head":"<!-- This site is optimized with the Yoast SEO plugin v28.4 - https:\/\/yoast.com\/product\/yoast-seo-wordpress\/ -->\n<title>Meta ampl\u00eda sus servicios publicitarios en todas sus plataformas - El Diario - Bolivia<\/title>\n<meta name=\"robots\" content=\"index, follow, max-snippet:-1, max-image-preview:large, max-video-preview:-1\" \/>\n<link rel=\"canonical\" href=\"https:\/\/www.eldiario.net\/portal\/2025\/05\/19\/meta-amplia-sus-servicios-publicitarios-en-todas-sus-plataformas\/\" \/>\n<meta property=\"og:locale\" content=\"es_ES\" \/>\n<meta property=\"og:type\" content=\"article\" \/>\n<meta property=\"og:title\" content=\"Meta ampl\u00eda sus servicios publicitarios en todas sus plataformas - El Diario - Bolivia\" \/>\n<meta property=\"og:description\" content=\"Meta est\u00e1 redefiniendo la forma de hacer publicidad en sus plataformas. La tecnol\u00f3gica acaba de presentar diversas soluciones publicitarias, desde anuncios de tendencias de Reels hasta video ads en\u00a0Threads\u00a0y nuevas herramientas de marketing para creadores en\u00a0Facebook e Instagram. Nuevas soluciones publicitarias de Meta Anuncios de tendencias de Reels Ubicar tu publicidad junto a contenidos virales [&hellip;]\" \/>\n<meta property=\"og:url\" content=\"https:\/\/www.eldiario.net\/portal\/2025\/05\/19\/meta-amplia-sus-servicios-publicitarios-en-todas-sus-plataformas\/\" \/>\n<meta property=\"og:site_name\" content=\"El Diario - Bolivia\" \/>\n<meta property=\"article:publisher\" content=\"https:\/\/www.facebook.com\/eldiario.bolivia\/\" \/>\n<meta property=\"article:published_time\" content=\"2025-05-19T10:08:30+00:00\" \/>\n<meta property=\"og:image\" content=\"https:\/\/www.eldiario.net\/portal\/wp-content\/uploads\/2025\/05\/5-B-1.jpg\" \/>\n\t<meta property=\"og:image:width\" content=\"1200\" \/>\n\t<meta property=\"og:image:height\" content=\"810\" \/>\n\t<meta property=\"og:image:type\" content=\"image\/jpeg\" \/>\n<meta name=\"author\" content=\"Jeanette\" \/>\n<meta name=\"twitter:card\" content=\"summary_large_image\" \/>\n<meta name=\"twitter:creator\" content=\"@eldiario_net\" \/>\n<meta name=\"twitter:site\" content=\"@eldiario_net\" \/>\n<meta name=\"twitter:label1\" content=\"Escrito por\" \/>\n\t<meta name=\"twitter:data1\" content=\"Jeanette\" \/>\n\t<meta name=\"twitter:label2\" content=\"Tiempo de lectura\" \/>\n\t<meta name=\"twitter:data2\" content=\"4 minutos\" \/>\n<script type=\"application\/ld+json\" class=\"yoast-schema-graph\">{\"@context\":\"https:\\\/\\\/schema.org\",\"@graph\":[{\"@type\":\"Article\",\"@id\":\"https:\\\/\\\/www.eldiario.net\\\/portal\\\/2025\\\/05\\\/19\\\/meta-amplia-sus-servicios-publicitarios-en-todas-sus-plataformas\\\/#article\",\"isPartOf\":{\"@id\":\"https:\\\/\\\/www.eldiario.net\\\/portal\\\/2025\\\/05\\\/19\\\/meta-amplia-sus-servicios-publicitarios-en-todas-sus-plataformas\\\/\"},\"author\":{\"name\":\"Jeanette\",\"@id\":\"https:\\\/\\\/www.eldiario.net\\\/portal\\\/#\\\/schema\\\/person\\\/f46445640444750d7d753ccd04ae01b7\"},\"headline\":\"Meta ampl\u00eda sus servicios publicitarios en todas sus plataformas\",\"datePublished\":\"2025-05-19T10:08:30+00:00\",\"mainEntityOfPage\":{\"@id\":\"https:\\\/\\\/www.eldiario.net\\\/portal\\\/2025\\\/05\\\/19\\\/meta-amplia-sus-servicios-publicitarios-en-todas-sus-plataformas\\\/\"},\"wordCount\":753,\"publisher\":{\"@id\":\"https:\\\/\\\/www.eldiario.net\\\/portal\\\/#organization\"},\"image\":{\"@id\":\"https:\\\/\\\/www.eldiario.net\\\/portal\\\/2025\\\/05\\\/19\\\/meta-amplia-sus-servicios-publicitarios-en-todas-sus-plataformas\\\/#primaryimage\"},\"thumbnailUrl\":\"https:\\\/\\\/www.eldiario.net\\\/portal\\\/wp-content\\\/uploads\\\/2025\\\/05\\\/5-B-1.jpg\",\"articleSection\":[\"Ciencia y Computaci\u00f3n\"],\"inLanguage\":\"es\"},{\"@type\":\"WebPage\",\"@id\":\"https:\\\/\\\/www.eldiario.net\\\/portal\\\/2025\\\/05\\\/19\\\/meta-amplia-sus-servicios-publicitarios-en-todas-sus-plataformas\\\/\",\"url\":\"https:\\\/\\\/www.eldiario.net\\\/portal\\\/2025\\\/05\\\/19\\\/meta-amplia-sus-servicios-publicitarios-en-todas-sus-plataformas\\\/\",\"name\":\"Meta ampl\u00eda sus servicios publicitarios en todas sus plataformas - El Diario - Bolivia\",\"isPartOf\":{\"@id\":\"https:\\\/\\\/www.eldiario.net\\\/portal\\\/#website\"},\"primaryImageOfPage\":{\"@id\":\"https:\\\/\\\/www.eldiario.net\\\/portal\\\/2025\\\/05\\\/19\\\/meta-amplia-sus-servicios-publicitarios-en-todas-sus-plataformas\\\/#primaryimage\"},\"image\":{\"@id\":\"https:\\\/\\\/www.eldiario.net\\\/portal\\\/2025\\\/05\\\/19\\\/meta-amplia-sus-servicios-publicitarios-en-todas-sus-plataformas\\\/#primaryimage\"},\"thumbnailUrl\":\"https:\\\/\\\/www.eldiario.net\\\/portal\\\/wp-content\\\/uploads\\\/2025\\\/05\\\/5-B-1.jpg\",\"datePublished\":\"2025-05-19T10:08:30+00:00\",\"breadcrumb\":{\"@id\":\"https:\\\/\\\/www.eldiario.net\\\/portal\\\/2025\\\/05\\\/19\\\/meta-amplia-sus-servicios-publicitarios-en-todas-sus-plataformas\\\/#breadcrumb\"},\"inLanguage\":\"es\",\"potentialAction\":[{\"@type\":\"ReadAction\",\"target\":[\"https:\\\/\\\/www.eldiario.net\\\/portal\\\/2025\\\/05\\\/19\\\/meta-amplia-sus-servicios-publicitarios-en-todas-sus-plataformas\\\/\"]}]},{\"@type\":\"ImageObject\",\"inLanguage\":\"es\",\"@id\":\"https:\\\/\\\/www.eldiario.net\\\/portal\\\/2025\\\/05\\\/19\\\/meta-amplia-sus-servicios-publicitarios-en-todas-sus-plataformas\\\/#primaryimage\",\"url\":\"https:\\\/\\\/www.eldiario.net\\\/portal\\\/wp-content\\\/uploads\\\/2025\\\/05\\\/5-B-1.jpg\",\"contentUrl\":\"https:\\\/\\\/www.eldiario.net\\\/portal\\\/wp-content\\\/uploads\\\/2025\\\/05\\\/5-B-1.jpg\",\"width\":1200,\"height\":810},{\"@type\":\"BreadcrumbList\",\"@id\":\"https:\\\/\\\/www.eldiario.net\\\/portal\\\/2025\\\/05\\\/19\\\/meta-amplia-sus-servicios-publicitarios-en-todas-sus-plataformas\\\/#breadcrumb\",\"itemListElement\":[{\"@type\":\"ListItem\",\"position\":1,\"name\":\"Portada\",\"item\":\"https:\\\/\\\/www.eldiario.net\\\/portal\\\/\"},{\"@type\":\"ListItem\",\"position\":2,\"name\":\"Meta ampl\u00eda sus servicios publicitarios en todas sus plataformas\"}]},{\"@type\":\"WebSite\",\"@id\":\"https:\\\/\\\/www.eldiario.net\\\/portal\\\/#website\",\"url\":\"https:\\\/\\\/www.eldiario.net\\\/portal\\\/\",\"name\":\"El Diario - Decano de la prensa nacional\",\"description\":\"El Diario - Decano de la prensa nacional\",\"publisher\":{\"@id\":\"https:\\\/\\\/www.eldiario.net\\\/portal\\\/#organization\"},\"potentialAction\":[{\"@type\":\"SearchAction\",\"target\":{\"@type\":\"EntryPoint\",\"urlTemplate\":\"https:\\\/\\\/www.eldiario.net\\\/portal\\\/?s={search_term_string}\"},\"query-input\":{\"@type\":\"PropertyValueSpecification\",\"valueRequired\":true,\"valueName\":\"search_term_string\"}}],\"inLanguage\":\"es\"},{\"@type\":\"Organization\",\"@id\":\"https:\\\/\\\/www.eldiario.net\\\/portal\\\/#organization\",\"name\":\"El Diario - Decano de la prensa nacional\",\"url\":\"https:\\\/\\\/www.eldiario.net\\\/portal\\\/\",\"logo\":{\"@type\":\"ImageObject\",\"inLanguage\":\"es\",\"@id\":\"https:\\\/\\\/www.eldiario.net\\\/portal\\\/#\\\/schema\\\/logo\\\/image\\\/\",\"url\":\"https:\\\/\\\/www.eldiario.net\\\/portal\\\/wp-content\\\/uploads\\\/2023\\\/07\\\/logo_ED.jpg\",\"contentUrl\":\"https:\\\/\\\/www.eldiario.net\\\/portal\\\/wp-content\\\/uploads\\\/2023\\\/07\\\/logo_ED.jpg\",\"width\":272,\"height\":52,\"caption\":\"El Diario - Decano de la prensa nacional\"},\"image\":{\"@id\":\"https:\\\/\\\/www.eldiario.net\\\/portal\\\/#\\\/schema\\\/logo\\\/image\\\/\"},\"sameAs\":[\"https:\\\/\\\/www.facebook.com\\\/eldiario.bolivia\\\/\",\"https:\\\/\\\/x.com\\\/eldiario_net\"]},{\"@type\":\"Person\",\"@id\":\"https:\\\/\\\/www.eldiario.net\\\/portal\\\/#\\\/schema\\\/person\\\/f46445640444750d7d753ccd04ae01b7\",\"name\":\"Jeanette\",\"image\":{\"@type\":\"ImageObject\",\"inLanguage\":\"es\",\"@id\":\"https:\\\/\\\/secure.gravatar.com\\\/avatar\\\/3ea2118a5f7dad2b7138b1187a6b7ee55f160b9968b66013c3a3ef39dd7e5798?s=96&d=mm&r=g\",\"url\":\"https:\\\/\\\/secure.gravatar.com\\\/avatar\\\/3ea2118a5f7dad2b7138b1187a6b7ee55f160b9968b66013c3a3ef39dd7e5798?s=96&d=mm&r=g\",\"contentUrl\":\"https:\\\/\\\/secure.gravatar.com\\\/avatar\\\/3ea2118a5f7dad2b7138b1187a6b7ee55f160b9968b66013c3a3ef39dd7e5798?s=96&d=mm&r=g\",\"caption\":\"Jeanette\"},\"sameAs\":[\"https:\\\/\\\/www.eldiario.net\\\/portal\"],\"url\":\"https:\\\/\\\/www.eldiario.net\\\/portal\\\/author\\\/jeanette\\\/\"}]}<\/script>\n<!-- \/ Yoast SEO plugin. -->","yoast_head_json":{"title":"Meta ampl\u00eda sus servicios publicitarios en todas sus plataformas - El Diario - Bolivia","robots":{"index":"index","follow":"follow","max-snippet":"max-snippet:-1","max-image-preview":"max-image-preview:large","max-video-preview":"max-video-preview:-1"},"canonical":"https:\/\/www.eldiario.net\/portal\/2025\/05\/19\/meta-amplia-sus-servicios-publicitarios-en-todas-sus-plataformas\/","og_locale":"es_ES","og_type":"article","og_title":"Meta ampl\u00eda sus servicios publicitarios en todas sus plataformas - El Diario - Bolivia","og_description":"Meta est\u00e1 redefiniendo la forma de hacer publicidad en sus plataformas. La tecnol\u00f3gica acaba de presentar diversas soluciones publicitarias, desde anuncios de tendencias de Reels hasta video ads en\u00a0Threads\u00a0y nuevas herramientas de marketing para creadores en\u00a0Facebook e Instagram. Nuevas soluciones publicitarias de Meta Anuncios de tendencias de Reels Ubicar tu publicidad junto a contenidos virales [&hellip;]","og_url":"https:\/\/www.eldiario.net\/portal\/2025\/05\/19\/meta-amplia-sus-servicios-publicitarios-en-todas-sus-plataformas\/","og_site_name":"El Diario - Bolivia","article_publisher":"https:\/\/www.facebook.com\/eldiario.bolivia\/","article_published_time":"2025-05-19T10:08:30+00:00","og_image":[{"width":1200,"height":810,"url":"https:\/\/www.eldiario.net\/portal\/wp-content\/uploads\/2025\/05\/5-B-1.jpg","type":"image\/jpeg"}],"author":"Jeanette","twitter_card":"summary_large_image","twitter_creator":"@eldiario_net","twitter_site":"@eldiario_net","twitter_misc":{"Escrito por":"Jeanette","Tiempo de lectura":"4 minutos"},"schema":{"@context":"https:\/\/schema.org","@graph":[{"@type":"Article","@id":"https:\/\/www.eldiario.net\/portal\/2025\/05\/19\/meta-amplia-sus-servicios-publicitarios-en-todas-sus-plataformas\/#article","isPartOf":{"@id":"https:\/\/www.eldiario.net\/portal\/2025\/05\/19\/meta-amplia-sus-servicios-publicitarios-en-todas-sus-plataformas\/"},"author":{"name":"Jeanette","@id":"https:\/\/www.eldiario.net\/portal\/#\/schema\/person\/f46445640444750d7d753ccd04ae01b7"},"headline":"Meta ampl\u00eda sus servicios publicitarios en todas sus plataformas","datePublished":"2025-05-19T10:08:30+00:00","mainEntityOfPage":{"@id":"https:\/\/www.eldiario.net\/portal\/2025\/05\/19\/meta-amplia-sus-servicios-publicitarios-en-todas-sus-plataformas\/"},"wordCount":753,"publisher":{"@id":"https:\/\/www.eldiario.net\/portal\/#organization"},"image":{"@id":"https:\/\/www.eldiario.net\/portal\/2025\/05\/19\/meta-amplia-sus-servicios-publicitarios-en-todas-sus-plataformas\/#primaryimage"},"thumbnailUrl":"https:\/\/www.eldiario.net\/portal\/wp-content\/uploads\/2025\/05\/5-B-1.jpg","articleSection":["Ciencia y Computaci\u00f3n"],"inLanguage":"es"},{"@type":"WebPage","@id":"https:\/\/www.eldiario.net\/portal\/2025\/05\/19\/meta-amplia-sus-servicios-publicitarios-en-todas-sus-plataformas\/","url":"https:\/\/www.eldiario.net\/portal\/2025\/05\/19\/meta-amplia-sus-servicios-publicitarios-en-todas-sus-plataformas\/","name":"Meta ampl\u00eda sus servicios publicitarios en todas sus plataformas - El Diario - Bolivia","isPartOf":{"@id":"https:\/\/www.eldiario.net\/portal\/#website"},"primaryImageOfPage":{"@id":"https:\/\/www.eldiario.net\/portal\/2025\/05\/19\/meta-amplia-sus-servicios-publicitarios-en-todas-sus-plataformas\/#primaryimage"},"image":{"@id":"https:\/\/www.eldiario.net\/portal\/2025\/05\/19\/meta-amplia-sus-servicios-publicitarios-en-todas-sus-plataformas\/#primaryimage"},"thumbnailUrl":"https:\/\/www.eldiario.net\/portal\/wp-content\/uploads\/2025\/05\/5-B-1.jpg","datePublished":"2025-05-19T10:08:30+00:00","breadcrumb":{"@id":"https:\/\/www.eldiario.net\/portal\/2025\/05\/19\/meta-amplia-sus-servicios-publicitarios-en-todas-sus-plataformas\/#breadcrumb"},"inLanguage":"es","potentialAction":[{"@type":"ReadAction","target":["https:\/\/www.eldiario.net\/portal\/2025\/05\/19\/meta-amplia-sus-servicios-publicitarios-en-todas-sus-plataformas\/"]}]},{"@type":"ImageObject","inLanguage":"es","@id":"https:\/\/www.eldiario.net\/portal\/2025\/05\/19\/meta-amplia-sus-servicios-publicitarios-en-todas-sus-plataformas\/#primaryimage","url":"https:\/\/www.eldiario.net\/portal\/wp-content\/uploads\/2025\/05\/5-B-1.jpg","contentUrl":"https:\/\/www.eldiario.net\/portal\/wp-content\/uploads\/2025\/05\/5-B-1.jpg","width":1200,"height":810},{"@type":"BreadcrumbList","@id":"https:\/\/www.eldiario.net\/portal\/2025\/05\/19\/meta-amplia-sus-servicios-publicitarios-en-todas-sus-plataformas\/#breadcrumb","itemListElement":[{"@type":"ListItem","position":1,"name":"Portada","item":"https:\/\/www.eldiario.net\/portal\/"},{"@type":"ListItem","position":2,"name":"Meta ampl\u00eda sus servicios publicitarios en todas sus plataformas"}]},{"@type":"WebSite","@id":"https:\/\/www.eldiario.net\/portal\/#website","url":"https:\/\/www.eldiario.net\/portal\/","name":"El Diario - Decano de la prensa nacional","description":"El Diario - Decano de la prensa nacional","publisher":{"@id":"https:\/\/www.eldiario.net\/portal\/#organization"},"potentialAction":[{"@type":"SearchAction","target":{"@type":"EntryPoint","urlTemplate":"https:\/\/www.eldiario.net\/portal\/?s={search_term_string}"},"query-input":{"@type":"PropertyValueSpecification","valueRequired":true,"valueName":"search_term_string"}}],"inLanguage":"es"},{"@type":"Organization","@id":"https:\/\/www.eldiario.net\/portal\/#organization","name":"El Diario - Decano de la prensa nacional","url":"https:\/\/www.eldiario.net\/portal\/","logo":{"@type":"ImageObject","inLanguage":"es","@id":"https:\/\/www.eldiario.net\/portal\/#\/schema\/logo\/image\/","url":"https:\/\/www.eldiario.net\/portal\/wp-content\/uploads\/2023\/07\/logo_ED.jpg","contentUrl":"https:\/\/www.eldiario.net\/portal\/wp-content\/uploads\/2023\/07\/logo_ED.jpg","width":272,"height":52,"caption":"El Diario - Decano de la prensa nacional"},"image":{"@id":"https:\/\/www.eldiario.net\/portal\/#\/schema\/logo\/image\/"},"sameAs":["https:\/\/www.facebook.com\/eldiario.bolivia\/","https:\/\/x.com\/eldiario_net"]},{"@type":"Person","@id":"https:\/\/www.eldiario.net\/portal\/#\/schema\/person\/f46445640444750d7d753ccd04ae01b7","name":"Jeanette","image":{"@type":"ImageObject","inLanguage":"es","@id":"https:\/\/secure.gravatar.com\/avatar\/3ea2118a5f7dad2b7138b1187a6b7ee55f160b9968b66013c3a3ef39dd7e5798?s=96&d=mm&r=g","url":"https:\/\/secure.gravatar.com\/avatar\/3ea2118a5f7dad2b7138b1187a6b7ee55f160b9968b66013c3a3ef39dd7e5798?s=96&d=mm&r=g","contentUrl":"https:\/\/secure.gravatar.com\/avatar\/3ea2118a5f7dad2b7138b1187a6b7ee55f160b9968b66013c3a3ef39dd7e5798?s=96&d=mm&r=g","caption":"Jeanette"},"sameAs":["https:\/\/www.eldiario.net\/portal"],"url":"https:\/\/www.eldiario.net\/portal\/author\/jeanette\/"}]}},"_links":{"self":[{"href":"https:\/\/www.eldiario.net\/portal\/wp-json\/wp\/v2\/posts\/303464","targetHints":{"allow":["GET"]}}],"collection":[{"href":"https:\/\/www.eldiario.net\/portal\/wp-json\/wp\/v2\/posts"}],"about":[{"href":"https:\/\/www.eldiario.net\/portal\/wp-json\/wp\/v2\/types\/post"}],"author":[{"embeddable":true,"href":"https:\/\/www.eldiario.net\/portal\/wp-json\/wp\/v2\/users\/1"}],"replies":[{"embeddable":true,"href":"https:\/\/www.eldiario.net\/portal\/wp-json\/wp\/v2\/comments?post=303464"}],"version-history":[{"count":1,"href":"https:\/\/www.eldiario.net\/portal\/wp-json\/wp\/v2\/posts\/303464\/revisions"}],"predecessor-version":[{"id":303466,"href":"https:\/\/www.eldiario.net\/portal\/wp-json\/wp\/v2\/posts\/303464\/revisions\/303466"}],"wp:featuredmedia":[{"embeddable":true,"href":"https:\/\/www.eldiario.net\/portal\/wp-json\/wp\/v2\/media\/303465"}],"wp:attachment":[{"href":"https:\/\/www.eldiario.net\/portal\/wp-json\/wp\/v2\/media?parent=303464"}],"wp:term":[{"taxonomy":"category","embeddable":true,"href":"https:\/\/www.eldiario.net\/portal\/wp-json\/wp\/v2\/categories?post=303464"},{"taxonomy":"post_tag","embeddable":true,"href":"https:\/\/www.eldiario.net\/portal\/wp-json\/wp\/v2\/tags?post=303464"}],"curies":[{"name":"wp","href":"https:\/\/api.w.org\/{rel}","templated":true}]}}