{"id":303461,"date":"2025-05-19T06:07:51","date_gmt":"2025-05-19T10:07:51","guid":{"rendered":"https:\/\/www.eldiario.net\/portal\/?p=303461"},"modified":"2025-05-19T06:07:51","modified_gmt":"2025-05-19T10:07:51","slug":"la-transformacion-de-la-banca-en-latinoamerica-llega-a-miami-con-el-trf-americas-2025-de-temenos","status":"publish","type":"post","link":"https:\/\/www.eldiario.net\/portal\/2025\/05\/19\/la-transformacion-de-la-banca-en-latinoamerica-llega-a-miami-con-el-trf-americas-2025-de-temenos\/","title":{"rendered":"La transformaci\u00f3n de la banca en Latinoam\u00e9rica llega a Miami con el TRF Am\u00e9ricas 2025 de Temenos"},"content":{"rendered":"<p><strong>Miami, Florida,\u00a0 mayo de 2025.-<\/strong> Temenos, empresa de software bancario, anuncia la 3ra edici\u00f3n del <strong>\u2018Temenos Regional Forum (TRF) Am\u00e9ricas 2025\u2019<\/strong>, que se llevar\u00e1 a cabo del 28 al 30 de mayo en el JW Marriott Miami Turnberry Resort &amp; Spa, en Florida. El evento, que sigue ganando relevancia a\u00f1o tras a\u00f1o, reunir\u00e1 a m\u00e1s de 300 l\u00edderes del sector financiero y tecnol\u00f3gico del continente para explorar c\u00f3mo la innovaci\u00f3n, la digitalizaci\u00f3n y las tecnolog\u00edas emergentes est\u00e1n redefiniendo el presente y futuro de la banca en las Am\u00e9ricas.<\/p>\n<p>Junto al \u2018Temenos Community Forum 2025\u2019 (TCF) en Madrid, un evento global reconocido por ser la br\u00fajula que anticipa las tendencias clave del sector financiero a nivel mundial, la compa\u00f1\u00eda lleva la conversaci\u00f3n a Miami con el objetivo de abordar los retos y oportunidades que enfrentan la industria bancaria de la regi\u00f3n. Durante tres d\u00edas, ejecutivos, expertos tecnol\u00f3gicos, instituciones financieras y aliados estrat\u00e9gicos debatir\u00e1n sobre c\u00f3mo acelerar la innovaci\u00f3n, mejorar la experiencia del usuario y ampliar el acceso a servicios financieros.<\/p>\n<p><em>\u201cLatinoam\u00e9rica vive un momento de transformaci\u00f3n crucial. Las instituciones que sepan adaptarse r\u00e1pidamente, lanzar nuevos servicios con eficiencia y escalar sus operaciones estar\u00e1n mejor posicionadas para liderar el futuro del sector<\/em>\u201d, afirm\u00f3 <strong>Cristian S\u00e1nchez, vicepresidente de ventas para Latinoam\u00e9rica de Temenos<\/strong>. En este sentido, el evento contar\u00e1 con una agenda espec\u00edfica para Latinoam\u00e9rica con charlas, y sesiones exclusivas.<\/p>\n<p><strong>Transformaci\u00f3n bancaria: de la disrupci\u00f3n a la acci\u00f3n<\/strong><\/p>\n<p>El foro incluir\u00e1 conferencias, paneles y sesiones pr\u00e1cticas centradas en c\u00f3mo las nuevas tecnolog\u00edas est\u00e1n redefiniendo las expectativas del cliente y permitiendo ofrecer servicios m\u00e1s \u00e1giles y accesibles. Tambi\u00e9n se habilitar\u00e1n espacios exclusivos para reuniones con expertos, actividades de networking y eventos especiales como el <em>Women in<\/em> <em>Tech Wellness Breakfast<\/em>, el <em>Golf Networking Event<\/em> y rondas de <em>Speed Dating<\/em> con referentes de la industria. Finalmente, contar\u00e1 con una charla magistral a cargo de Sam Maule, IA Futurist y una de las voces m\u00e1s influyentes en temas de fintech a nivel global, para mostrarnos las oportunidades e implicaciones de la IA en la industria financiera, con su chispa caracter\u00edstica.<\/p>\n<p>El TRF Am\u00e9ricas 2025 tambi\u00e9n ser\u00e1 un espacio para impulsar el liderazgo femenino y el bienestar en la industria financiera, temas que cobran cada vez m\u00e1s relevancia en la regi\u00f3n. A trav\u00e9s de actividades enfocadas para las mujeres en tecnolog\u00eda, el foro promover\u00e1 un enfoque m\u00e1s inclusivo y humano del liderazgo en banca y tecnolog\u00eda.<\/p>\n<p><em>\u201cLa transformaci\u00f3n ya no es una opci\u00f3n, es una necesidad. Las organizaciones que lideren con valent\u00eda y se adapten r\u00e1pidamente a las nuevas reglas del juego ser\u00e1n las que definan el futuro de los servicios financieros en Latinoam\u00e9rica. En este sentido, TRF Am\u00e9ricas 2025 no solo ser\u00e1 un evento, sino una plataforma de acci\u00f3n y liderazgo para quienes buscan marcar la diferencia en la regi\u00f3n\u201d<\/em>, concluye <strong>Cristian S\u00e1nchez, vicepresidente de ventas para Latinoam\u00e9rica de Temenos<\/strong>.<\/p>\n","protected":false},"excerpt":{"rendered":"<p>Miami, Florida,\u00a0 mayo de 2025.- Temenos, empresa de software bancario, anuncia la 3ra edici\u00f3n del \u2018Temenos Regional Forum (TRF) Am\u00e9ricas 2025\u2019, que se llevar\u00e1 a cabo del 28 al 30 de mayo en el JW Marriott Miami Turnberry Resort &amp; Spa, en Florida. El evento, que sigue ganando relevancia a\u00f1o tras a\u00f1o, reunir\u00e1 a m\u00e1s [&hellip;]<\/p>\n","protected":false},"author":1,"featured_media":303462,"comment_status":"closed","ping_status":"open","sticky":false,"template":"","format":"standard","meta":{"_acf_changed":false,"footnotes":""},"categories":[46],"tags":[],"class_list":["post-303461","post","type-post","status-publish","format-standard","has-post-thumbnail","category-ciencia-computacion"],"acf":{"antetitulo":""},"yoast_head":"<!-- This site is optimized with the Yoast SEO plugin v28.4 - https:\/\/yoast.com\/product\/yoast-seo-wordpress\/ -->\n<title>La transformaci\u00f3n de la banca en Latinoam\u00e9rica llega a Miami con el TRF Am\u00e9ricas 2025 de Temenos - El Diario - Bolivia<\/title>\n<meta name=\"robots\" content=\"index, follow, max-snippet:-1, max-image-preview:large, max-video-preview:-1\" \/>\n<link rel=\"canonical\" href=\"https:\/\/www.eldiario.net\/portal\/2025\/05\/19\/la-transformacion-de-la-banca-en-latinoamerica-llega-a-miami-con-el-trf-americas-2025-de-temenos\/\" \/>\n<meta property=\"og:locale\" content=\"es_ES\" \/>\n<meta property=\"og:type\" content=\"article\" \/>\n<meta property=\"og:title\" content=\"La transformaci\u00f3n de la banca en Latinoam\u00e9rica llega a Miami con el TRF Am\u00e9ricas 2025 de Temenos - El Diario - Bolivia\" \/>\n<meta property=\"og:description\" content=\"Miami, Florida,\u00a0 mayo de 2025.- Temenos, empresa de software bancario, anuncia la 3ra edici\u00f3n del \u2018Temenos Regional Forum (TRF) Am\u00e9ricas 2025\u2019, que se llevar\u00e1 a cabo del 28 al 30 de mayo en el JW Marriott Miami Turnberry Resort &amp; Spa, en Florida. El evento, que sigue ganando relevancia a\u00f1o tras a\u00f1o, reunir\u00e1 a m\u00e1s [&hellip;]\" \/>\n<meta property=\"og:url\" content=\"https:\/\/www.eldiario.net\/portal\/2025\/05\/19\/la-transformacion-de-la-banca-en-latinoamerica-llega-a-miami-con-el-trf-americas-2025-de-temenos\/\" \/>\n<meta property=\"og:site_name\" content=\"El Diario - Bolivia\" \/>\n<meta property=\"article:publisher\" content=\"https:\/\/www.facebook.com\/eldiario.bolivia\/\" \/>\n<meta property=\"article:published_time\" content=\"2025-05-19T10:07:51+00:00\" \/>\n<meta property=\"og:image\" content=\"https:\/\/www.eldiario.net\/portal\/wp-content\/uploads\/2025\/05\/6-A-2.jpg\" \/>\n\t<meta property=\"og:image:width\" content=\"1200\" \/>\n\t<meta property=\"og:image:height\" content=\"627\" \/>\n\t<meta property=\"og:image:type\" content=\"image\/jpeg\" \/>\n<meta name=\"author\" content=\"Jeanette\" \/>\n<meta name=\"twitter:card\" content=\"summary_large_image\" \/>\n<meta name=\"twitter:creator\" content=\"@eldiario_net\" \/>\n<meta name=\"twitter:site\" content=\"@eldiario_net\" \/>\n<meta name=\"twitter:label1\" content=\"Escrito por\" \/>\n\t<meta name=\"twitter:data1\" content=\"Jeanette\" \/>\n\t<meta name=\"twitter:label2\" content=\"Tiempo de lectura\" \/>\n\t<meta name=\"twitter:data2\" content=\"3 minutos\" \/>\n<script type=\"application\/ld+json\" class=\"yoast-schema-graph\">{\"@context\":\"https:\\\/\\\/schema.org\",\"@graph\":[{\"@type\":\"Article\",\"@id\":\"https:\\\/\\\/www.eldiario.net\\\/portal\\\/2025\\\/05\\\/19\\\/la-transformacion-de-la-banca-en-latinoamerica-llega-a-miami-con-el-trf-americas-2025-de-temenos\\\/#article\",\"isPartOf\":{\"@id\":\"https:\\\/\\\/www.eldiario.net\\\/portal\\\/2025\\\/05\\\/19\\\/la-transformacion-de-la-banca-en-latinoamerica-llega-a-miami-con-el-trf-americas-2025-de-temenos\\\/\"},\"author\":{\"name\":\"Jeanette\",\"@id\":\"https:\\\/\\\/www.eldiario.net\\\/portal\\\/#\\\/schema\\\/person\\\/f46445640444750d7d753ccd04ae01b7\"},\"headline\":\"La transformaci\u00f3n de la banca en Latinoam\u00e9rica llega a Miami con el TRF Am\u00e9ricas 2025 de Temenos\",\"datePublished\":\"2025-05-19T10:07:51+00:00\",\"mainEntityOfPage\":{\"@id\":\"https:\\\/\\\/www.eldiario.net\\\/portal\\\/2025\\\/05\\\/19\\\/la-transformacion-de-la-banca-en-latinoamerica-llega-a-miami-con-el-trf-americas-2025-de-temenos\\\/\"},\"wordCount\":547,\"publisher\":{\"@id\":\"https:\\\/\\\/www.eldiario.net\\\/portal\\\/#organization\"},\"image\":{\"@id\":\"https:\\\/\\\/www.eldiario.net\\\/portal\\\/2025\\\/05\\\/19\\\/la-transformacion-de-la-banca-en-latinoamerica-llega-a-miami-con-el-trf-americas-2025-de-temenos\\\/#primaryimage\"},\"thumbnailUrl\":\"https:\\\/\\\/www.eldiario.net\\\/portal\\\/wp-content\\\/uploads\\\/2025\\\/05\\\/6-A-2.jpg\",\"articleSection\":[\"Ciencia y Computaci\u00f3n\"],\"inLanguage\":\"es\"},{\"@type\":\"WebPage\",\"@id\":\"https:\\\/\\\/www.eldiario.net\\\/portal\\\/2025\\\/05\\\/19\\\/la-transformacion-de-la-banca-en-latinoamerica-llega-a-miami-con-el-trf-americas-2025-de-temenos\\\/\",\"url\":\"https:\\\/\\\/www.eldiario.net\\\/portal\\\/2025\\\/05\\\/19\\\/la-transformacion-de-la-banca-en-latinoamerica-llega-a-miami-con-el-trf-americas-2025-de-temenos\\\/\",\"name\":\"La transformaci\u00f3n de la banca en Latinoam\u00e9rica llega a Miami con el TRF Am\u00e9ricas 2025 de Temenos - El Diario - Bolivia\",\"isPartOf\":{\"@id\":\"https:\\\/\\\/www.eldiario.net\\\/portal\\\/#website\"},\"primaryImageOfPage\":{\"@id\":\"https:\\\/\\\/www.eldiario.net\\\/portal\\\/2025\\\/05\\\/19\\\/la-transformacion-de-la-banca-en-latinoamerica-llega-a-miami-con-el-trf-americas-2025-de-temenos\\\/#primaryimage\"},\"image\":{\"@id\":\"https:\\\/\\\/www.eldiario.net\\\/portal\\\/2025\\\/05\\\/19\\\/la-transformacion-de-la-banca-en-latinoamerica-llega-a-miami-con-el-trf-americas-2025-de-temenos\\\/#primaryimage\"},\"thumbnailUrl\":\"https:\\\/\\\/www.eldiario.net\\\/portal\\\/wp-content\\\/uploads\\\/2025\\\/05\\\/6-A-2.jpg\",\"datePublished\":\"2025-05-19T10:07:51+00:00\",\"breadcrumb\":{\"@id\":\"https:\\\/\\\/www.eldiario.net\\\/portal\\\/2025\\\/05\\\/19\\\/la-transformacion-de-la-banca-en-latinoamerica-llega-a-miami-con-el-trf-americas-2025-de-temenos\\\/#breadcrumb\"},\"inLanguage\":\"es\",\"potentialAction\":[{\"@type\":\"ReadAction\",\"target\":[\"https:\\\/\\\/www.eldiario.net\\\/portal\\\/2025\\\/05\\\/19\\\/la-transformacion-de-la-banca-en-latinoamerica-llega-a-miami-con-el-trf-americas-2025-de-temenos\\\/\"]}]},{\"@type\":\"ImageObject\",\"inLanguage\":\"es\",\"@id\":\"https:\\\/\\\/www.eldiario.net\\\/portal\\\/2025\\\/05\\\/19\\\/la-transformacion-de-la-banca-en-latinoamerica-llega-a-miami-con-el-trf-americas-2025-de-temenos\\\/#primaryimage\",\"url\":\"https:\\\/\\\/www.eldiario.net\\\/portal\\\/wp-content\\\/uploads\\\/2025\\\/05\\\/6-A-2.jpg\",\"contentUrl\":\"https:\\\/\\\/www.eldiario.net\\\/portal\\\/wp-content\\\/uploads\\\/2025\\\/05\\\/6-A-2.jpg\",\"width\":1200,\"height\":627},{\"@type\":\"BreadcrumbList\",\"@id\":\"https:\\\/\\\/www.eldiario.net\\\/portal\\\/2025\\\/05\\\/19\\\/la-transformacion-de-la-banca-en-latinoamerica-llega-a-miami-con-el-trf-americas-2025-de-temenos\\\/#breadcrumb\",\"itemListElement\":[{\"@type\":\"ListItem\",\"position\":1,\"name\":\"Portada\",\"item\":\"https:\\\/\\\/www.eldiario.net\\\/portal\\\/\"},{\"@type\":\"ListItem\",\"position\":2,\"name\":\"La transformaci\u00f3n de la banca en Latinoam\u00e9rica llega a Miami con el TRF Am\u00e9ricas 2025 de Temenos\"}]},{\"@type\":\"WebSite\",\"@id\":\"https:\\\/\\\/www.eldiario.net\\\/portal\\\/#website\",\"url\":\"https:\\\/\\\/www.eldiario.net\\\/portal\\\/\",\"name\":\"El Diario - Decano de la prensa nacional\",\"description\":\"El Diario - Decano de la prensa nacional\",\"publisher\":{\"@id\":\"https:\\\/\\\/www.eldiario.net\\\/portal\\\/#organization\"},\"potentialAction\":[{\"@type\":\"SearchAction\",\"target\":{\"@type\":\"EntryPoint\",\"urlTemplate\":\"https:\\\/\\\/www.eldiario.net\\\/portal\\\/?s={search_term_string}\"},\"query-input\":{\"@type\":\"PropertyValueSpecification\",\"valueRequired\":true,\"valueName\":\"search_term_string\"}}],\"inLanguage\":\"es\"},{\"@type\":\"Organization\",\"@id\":\"https:\\\/\\\/www.eldiario.net\\\/portal\\\/#organization\",\"name\":\"El Diario - Decano de la prensa nacional\",\"url\":\"https:\\\/\\\/www.eldiario.net\\\/portal\\\/\",\"logo\":{\"@type\":\"ImageObject\",\"inLanguage\":\"es\",\"@id\":\"https:\\\/\\\/www.eldiario.net\\\/portal\\\/#\\\/schema\\\/logo\\\/image\\\/\",\"url\":\"https:\\\/\\\/www.eldiario.net\\\/portal\\\/wp-content\\\/uploads\\\/2023\\\/07\\\/logo_ED.jpg\",\"contentUrl\":\"https:\\\/\\\/www.eldiario.net\\\/portal\\\/wp-content\\\/uploads\\\/2023\\\/07\\\/logo_ED.jpg\",\"width\":272,\"height\":52,\"caption\":\"El Diario - Decano de la prensa nacional\"},\"image\":{\"@id\":\"https:\\\/\\\/www.eldiario.net\\\/portal\\\/#\\\/schema\\\/logo\\\/image\\\/\"},\"sameAs\":[\"https:\\\/\\\/www.facebook.com\\\/eldiario.bolivia\\\/\",\"https:\\\/\\\/x.com\\\/eldiario_net\"]},{\"@type\":\"Person\",\"@id\":\"https:\\\/\\\/www.eldiario.net\\\/portal\\\/#\\\/schema\\\/person\\\/f46445640444750d7d753ccd04ae01b7\",\"name\":\"Jeanette\",\"image\":{\"@type\":\"ImageObject\",\"inLanguage\":\"es\",\"@id\":\"https:\\\/\\\/secure.gravatar.com\\\/avatar\\\/3ea2118a5f7dad2b7138b1187a6b7ee55f160b9968b66013c3a3ef39dd7e5798?s=96&d=mm&r=g\",\"url\":\"https:\\\/\\\/secure.gravatar.com\\\/avatar\\\/3ea2118a5f7dad2b7138b1187a6b7ee55f160b9968b66013c3a3ef39dd7e5798?s=96&d=mm&r=g\",\"contentUrl\":\"https:\\\/\\\/secure.gravatar.com\\\/avatar\\\/3ea2118a5f7dad2b7138b1187a6b7ee55f160b9968b66013c3a3ef39dd7e5798?s=96&d=mm&r=g\",\"caption\":\"Jeanette\"},\"sameAs\":[\"https:\\\/\\\/www.eldiario.net\\\/portal\"],\"url\":\"https:\\\/\\\/www.eldiario.net\\\/portal\\\/author\\\/jeanette\\\/\"}]}<\/script>\n<!-- \/ Yoast SEO plugin. -->","yoast_head_json":{"title":"La transformaci\u00f3n de la banca en Latinoam\u00e9rica llega a Miami con el TRF Am\u00e9ricas 2025 de Temenos - El Diario - Bolivia","robots":{"index":"index","follow":"follow","max-snippet":"max-snippet:-1","max-image-preview":"max-image-preview:large","max-video-preview":"max-video-preview:-1"},"canonical":"https:\/\/www.eldiario.net\/portal\/2025\/05\/19\/la-transformacion-de-la-banca-en-latinoamerica-llega-a-miami-con-el-trf-americas-2025-de-temenos\/","og_locale":"es_ES","og_type":"article","og_title":"La transformaci\u00f3n de la banca en Latinoam\u00e9rica llega a Miami con el TRF Am\u00e9ricas 2025 de Temenos - El Diario - Bolivia","og_description":"Miami, Florida,\u00a0 mayo de 2025.- Temenos, empresa de software bancario, anuncia la 3ra edici\u00f3n del \u2018Temenos Regional Forum (TRF) Am\u00e9ricas 2025\u2019, que se llevar\u00e1 a cabo del 28 al 30 de mayo en el JW Marriott Miami Turnberry Resort &amp; Spa, en Florida. El evento, que sigue ganando relevancia a\u00f1o tras a\u00f1o, reunir\u00e1 a m\u00e1s [&hellip;]","og_url":"https:\/\/www.eldiario.net\/portal\/2025\/05\/19\/la-transformacion-de-la-banca-en-latinoamerica-llega-a-miami-con-el-trf-americas-2025-de-temenos\/","og_site_name":"El Diario - Bolivia","article_publisher":"https:\/\/www.facebook.com\/eldiario.bolivia\/","article_published_time":"2025-05-19T10:07:51+00:00","og_image":[{"width":1200,"height":627,"url":"https:\/\/www.eldiario.net\/portal\/wp-content\/uploads\/2025\/05\/6-A-2.jpg","type":"image\/jpeg"}],"author":"Jeanette","twitter_card":"summary_large_image","twitter_creator":"@eldiario_net","twitter_site":"@eldiario_net","twitter_misc":{"Escrito por":"Jeanette","Tiempo de lectura":"3 minutos"},"schema":{"@context":"https:\/\/schema.org","@graph":[{"@type":"Article","@id":"https:\/\/www.eldiario.net\/portal\/2025\/05\/19\/la-transformacion-de-la-banca-en-latinoamerica-llega-a-miami-con-el-trf-americas-2025-de-temenos\/#article","isPartOf":{"@id":"https:\/\/www.eldiario.net\/portal\/2025\/05\/19\/la-transformacion-de-la-banca-en-latinoamerica-llega-a-miami-con-el-trf-americas-2025-de-temenos\/"},"author":{"name":"Jeanette","@id":"https:\/\/www.eldiario.net\/portal\/#\/schema\/person\/f46445640444750d7d753ccd04ae01b7"},"headline":"La transformaci\u00f3n de la banca en Latinoam\u00e9rica llega a Miami con el TRF Am\u00e9ricas 2025 de Temenos","datePublished":"2025-05-19T10:07:51+00:00","mainEntityOfPage":{"@id":"https:\/\/www.eldiario.net\/portal\/2025\/05\/19\/la-transformacion-de-la-banca-en-latinoamerica-llega-a-miami-con-el-trf-americas-2025-de-temenos\/"},"wordCount":547,"publisher":{"@id":"https:\/\/www.eldiario.net\/portal\/#organization"},"image":{"@id":"https:\/\/www.eldiario.net\/portal\/2025\/05\/19\/la-transformacion-de-la-banca-en-latinoamerica-llega-a-miami-con-el-trf-americas-2025-de-temenos\/#primaryimage"},"thumbnailUrl":"https:\/\/www.eldiario.net\/portal\/wp-content\/uploads\/2025\/05\/6-A-2.jpg","articleSection":["Ciencia y Computaci\u00f3n"],"inLanguage":"es"},{"@type":"WebPage","@id":"https:\/\/www.eldiario.net\/portal\/2025\/05\/19\/la-transformacion-de-la-banca-en-latinoamerica-llega-a-miami-con-el-trf-americas-2025-de-temenos\/","url":"https:\/\/www.eldiario.net\/portal\/2025\/05\/19\/la-transformacion-de-la-banca-en-latinoamerica-llega-a-miami-con-el-trf-americas-2025-de-temenos\/","name":"La transformaci\u00f3n de la banca en Latinoam\u00e9rica llega a Miami con el TRF Am\u00e9ricas 2025 de Temenos - El Diario - Bolivia","isPartOf":{"@id":"https:\/\/www.eldiario.net\/portal\/#website"},"primaryImageOfPage":{"@id":"https:\/\/www.eldiario.net\/portal\/2025\/05\/19\/la-transformacion-de-la-banca-en-latinoamerica-llega-a-miami-con-el-trf-americas-2025-de-temenos\/#primaryimage"},"image":{"@id":"https:\/\/www.eldiario.net\/portal\/2025\/05\/19\/la-transformacion-de-la-banca-en-latinoamerica-llega-a-miami-con-el-trf-americas-2025-de-temenos\/#primaryimage"},"thumbnailUrl":"https:\/\/www.eldiario.net\/portal\/wp-content\/uploads\/2025\/05\/6-A-2.jpg","datePublished":"2025-05-19T10:07:51+00:00","breadcrumb":{"@id":"https:\/\/www.eldiario.net\/portal\/2025\/05\/19\/la-transformacion-de-la-banca-en-latinoamerica-llega-a-miami-con-el-trf-americas-2025-de-temenos\/#breadcrumb"},"inLanguage":"es","potentialAction":[{"@type":"ReadAction","target":["https:\/\/www.eldiario.net\/portal\/2025\/05\/19\/la-transformacion-de-la-banca-en-latinoamerica-llega-a-miami-con-el-trf-americas-2025-de-temenos\/"]}]},{"@type":"ImageObject","inLanguage":"es","@id":"https:\/\/www.eldiario.net\/portal\/2025\/05\/19\/la-transformacion-de-la-banca-en-latinoamerica-llega-a-miami-con-el-trf-americas-2025-de-temenos\/#primaryimage","url":"https:\/\/www.eldiario.net\/portal\/wp-content\/uploads\/2025\/05\/6-A-2.jpg","contentUrl":"https:\/\/www.eldiario.net\/portal\/wp-content\/uploads\/2025\/05\/6-A-2.jpg","width":1200,"height":627},{"@type":"BreadcrumbList","@id":"https:\/\/www.eldiario.net\/portal\/2025\/05\/19\/la-transformacion-de-la-banca-en-latinoamerica-llega-a-miami-con-el-trf-americas-2025-de-temenos\/#breadcrumb","itemListElement":[{"@type":"ListItem","position":1,"name":"Portada","item":"https:\/\/www.eldiario.net\/portal\/"},{"@type":"ListItem","position":2,"name":"La transformaci\u00f3n de la banca en Latinoam\u00e9rica llega a Miami con el TRF Am\u00e9ricas 2025 de Temenos"}]},{"@type":"WebSite","@id":"https:\/\/www.eldiario.net\/portal\/#website","url":"https:\/\/www.eldiario.net\/portal\/","name":"El Diario - Decano de la prensa nacional","description":"El Diario - Decano de la prensa nacional","publisher":{"@id":"https:\/\/www.eldiario.net\/portal\/#organization"},"potentialAction":[{"@type":"SearchAction","target":{"@type":"EntryPoint","urlTemplate":"https:\/\/www.eldiario.net\/portal\/?s={search_term_string}"},"query-input":{"@type":"PropertyValueSpecification","valueRequired":true,"valueName":"search_term_string"}}],"inLanguage":"es"},{"@type":"Organization","@id":"https:\/\/www.eldiario.net\/portal\/#organization","name":"El Diario - Decano de la prensa nacional","url":"https:\/\/www.eldiario.net\/portal\/","logo":{"@type":"ImageObject","inLanguage":"es","@id":"https:\/\/www.eldiario.net\/portal\/#\/schema\/logo\/image\/","url":"https:\/\/www.eldiario.net\/portal\/wp-content\/uploads\/2023\/07\/logo_ED.jpg","contentUrl":"https:\/\/www.eldiario.net\/portal\/wp-content\/uploads\/2023\/07\/logo_ED.jpg","width":272,"height":52,"caption":"El Diario - Decano de la prensa nacional"},"image":{"@id":"https:\/\/www.eldiario.net\/portal\/#\/schema\/logo\/image\/"},"sameAs":["https:\/\/www.facebook.com\/eldiario.bolivia\/","https:\/\/x.com\/eldiario_net"]},{"@type":"Person","@id":"https:\/\/www.eldiario.net\/portal\/#\/schema\/person\/f46445640444750d7d753ccd04ae01b7","name":"Jeanette","image":{"@type":"ImageObject","inLanguage":"es","@id":"https:\/\/secure.gravatar.com\/avatar\/3ea2118a5f7dad2b7138b1187a6b7ee55f160b9968b66013c3a3ef39dd7e5798?s=96&d=mm&r=g","url":"https:\/\/secure.gravatar.com\/avatar\/3ea2118a5f7dad2b7138b1187a6b7ee55f160b9968b66013c3a3ef39dd7e5798?s=96&d=mm&r=g","contentUrl":"https:\/\/secure.gravatar.com\/avatar\/3ea2118a5f7dad2b7138b1187a6b7ee55f160b9968b66013c3a3ef39dd7e5798?s=96&d=mm&r=g","caption":"Jeanette"},"sameAs":["https:\/\/www.eldiario.net\/portal"],"url":"https:\/\/www.eldiario.net\/portal\/author\/jeanette\/"}]}},"_links":{"self":[{"href":"https:\/\/www.eldiario.net\/portal\/wp-json\/wp\/v2\/posts\/303461","targetHints":{"allow":["GET"]}}],"collection":[{"href":"https:\/\/www.eldiario.net\/portal\/wp-json\/wp\/v2\/posts"}],"about":[{"href":"https:\/\/www.eldiario.net\/portal\/wp-json\/wp\/v2\/types\/post"}],"author":[{"embeddable":true,"href":"https:\/\/www.eldiario.net\/portal\/wp-json\/wp\/v2\/users\/1"}],"replies":[{"embeddable":true,"href":"https:\/\/www.eldiario.net\/portal\/wp-json\/wp\/v2\/comments?post=303461"}],"version-history":[{"count":1,"href":"https:\/\/www.eldiario.net\/portal\/wp-json\/wp\/v2\/posts\/303461\/revisions"}],"predecessor-version":[{"id":303463,"href":"https:\/\/www.eldiario.net\/portal\/wp-json\/wp\/v2\/posts\/303461\/revisions\/303463"}],"wp:featuredmedia":[{"embeddable":true,"href":"https:\/\/www.eldiario.net\/portal\/wp-json\/wp\/v2\/media\/303462"}],"wp:attachment":[{"href":"https:\/\/www.eldiario.net\/portal\/wp-json\/wp\/v2\/media?parent=303461"}],"wp:term":[{"taxonomy":"category","embeddable":true,"href":"https:\/\/www.eldiario.net\/portal\/wp-json\/wp\/v2\/categories?post=303461"},{"taxonomy":"post_tag","embeddable":true,"href":"https:\/\/www.eldiario.net\/portal\/wp-json\/wp\/v2\/tags?post=303461"}],"curies":[{"name":"wp","href":"https:\/\/api.w.org\/{rel}","templated":true}]}}