{"id":303450,"date":"2025-05-19T06:05:12","date_gmt":"2025-05-19T10:05:12","guid":{"rendered":"https:\/\/www.eldiario.net\/portal\/?p=303450"},"modified":"2025-05-19T06:05:12","modified_gmt":"2025-05-19T10:05:12","slug":"ee-uu-advierte-las-empresas-que-utilicen-chips-de-ia-de-huawei-enfrentaran-sanciones-sin-importar-su-localizacion","status":"publish","type":"post","link":"https:\/\/www.eldiario.net\/portal\/2025\/05\/19\/ee-uu-advierte-las-empresas-que-utilicen-chips-de-ia-de-huawei-enfrentaran-sanciones-sin-importar-su-localizacion\/","title":{"rendered":"EE.UU. advierte: las empresas que utilicen chips de IA de Huawei enfrentar\u00e1n sanciones, sin importar su localizaci\u00f3n"},"content":{"rendered":"<p>La administraci\u00f3n de Trump intensifica el veto a la tecnolog\u00eda china, amenazando con sanciones globales a quienes empleen los procesadores Ascend. Trump ha vuelto a atacar a Huawei, lanzando una advertencia contundente: cualquier empresa en el mundo que utilice los procesadores Ascend para inteligencia artificial se arriesga a enfrentar severas sanciones. El Departamento de Comercio ha dejado claro que, sin importar d\u00f3nde se encuentren, si utilizan estos chips chinos, estar\u00e1n infringiendo las normativas estadounidenses.<\/p>\n<p>Seg\u00fan Ars Technica, la situaci\u00f3n es seria en relaci\u00f3n con los modelos Ascend 910B, 910C y 910D, componentes esenciales para el desarrollo de sistemas de inteligencia artificial. Washington sostiene que estos chips contienen tecnolog\u00eda estadounidense o fueron fabricados con maquinaria estadounidense, por lo que se atribuye el derecho de regular qui\u00e9n puede utilizarlos.<\/p>\n<p><strong>La tensi\u00f3n entre Washington y Pek\u00edn aumenta<\/strong><\/p>\n<p>El Bur\u00f3 de Industria y Seguridad aclara que no est\u00e1n introduciendo nuevas normativas, sino que est\u00e1n precisando las existentes. Huawei ha sido astuta al crear cl\u00fasteres de chips que compiten con Nvidia; aunque cada chip por separado no impresiona demasiado, juntos presentan una alternativa viable a los potentes procesadores del l\u00edder del mercado.<\/p>\n<p>\u00abNo estamos cambiando las reglas, solo aclaramos que el uso de estos circuitos constituye una infracci\u00f3n autom\u00e1tica\u00bb, explica Kevin Wolf, exfuncionario gubernamental y actual asesor en temas de exportaci\u00f3n. Desde 2019, Huawei ha enfrentado un aumento en las restricciones, pero sigue encontrando formas de adaptarse.<\/p>\n<p>La advertencia no se limita a aliados: cualquier empresa, sin importar su ubicaci\u00f3n, que incorpore chips Ascend en sus productos podr\u00eda ser excluida del mercado estadounidense o enfrentar sanciones a nivel global. Esto altera las din\u00e1micas para muchos fabricantes que estaban considerando estas alternativas chinas.<\/p>\n<p>\u00bfY qu\u00e9 ha hecho Huawei en respuesta? Se ha adaptado como ha podido, desarrollando HarmonyOS para PC con el fin de no depender de Windows y apostando por la fabricaci\u00f3n de sus componentes sin tecnolog\u00eda estadounidense. Aunque estos componentes no sean tan potentes individualmente, les permiten continuar en la carrera tecnol\u00f3gica.<\/p>\n<p>Esta nueva estrategia del autoproclamado guardi\u00e1n tecnol\u00f3gico mundial ha generado descontento entre varios pa\u00edses y empresas que ven con recelo estas imposiciones extraterritoriales. Trump ya hab\u00eda presionado a numerosos pa\u00edses para excluir a Huawei de las redes 5G, argumentando amenazas a la seguridad nacional, aunque muchos lo interpretaron como proteccionismo encubierto.<\/p>\n<p>El mensaje es claro: no se debe facilitar el acceso de Huawei a tecnolog\u00eda estadounidense. A pesar de los rumores sobre posibles alivios en las restricciones en 2022, parece que todo ha quedado en nada.<\/p>\n<p>Mientras tanto, Huawei sigue reinvent\u00e1ndose y ofrece HarmonyOS gratuitamente junto con otras empresas chinas afectadas por el veto. La disputa tecnol\u00f3gica contin\u00faa escalando, mientras muchos se cuestionan qu\u00e9 autoridad tiene Washington para imponer normas que pretende aplicar globalmente.<\/p>\n","protected":false},"excerpt":{"rendered":"<p>La administraci\u00f3n de Trump intensifica el veto a la tecnolog\u00eda china, amenazando con sanciones globales a quienes empleen los procesadores Ascend. Trump ha vuelto a atacar a Huawei, lanzando una advertencia contundente: cualquier empresa en el mundo que utilice los procesadores Ascend para inteligencia artificial se arriesga a enfrentar severas sanciones. El Departamento de Comercio [&hellip;]<\/p>\n","protected":false},"author":1,"featured_media":303451,"comment_status":"closed","ping_status":"open","sticky":false,"template":"","format":"standard","meta":{"_acf_changed":false,"footnotes":""},"categories":[46],"tags":[],"class_list":["post-303450","post","type-post","status-publish","format-standard","has-post-thumbnail","category-ciencia-computacion"],"acf":{"antetitulo":""},"yoast_head":"<!-- This site is optimized with the Yoast SEO plugin v28.3 - https:\/\/yoast.com\/product\/yoast-seo-wordpress\/ -->\n<title>EE.UU. advierte: las empresas que utilicen chips de IA de Huawei enfrentar\u00e1n sanciones, sin importar su localizaci\u00f3n - El Diario - Bolivia<\/title>\n<meta name=\"robots\" content=\"index, follow, max-snippet:-1, max-image-preview:large, max-video-preview:-1\" \/>\n<link rel=\"canonical\" href=\"https:\/\/www.eldiario.net\/portal\/2025\/05\/19\/ee-uu-advierte-las-empresas-que-utilicen-chips-de-ia-de-huawei-enfrentaran-sanciones-sin-importar-su-localizacion\/\" \/>\n<meta property=\"og:locale\" content=\"es_ES\" \/>\n<meta property=\"og:type\" content=\"article\" \/>\n<meta property=\"og:title\" content=\"EE.UU. advierte: las empresas que utilicen chips de IA de Huawei enfrentar\u00e1n sanciones, sin importar su localizaci\u00f3n - El Diario - Bolivia\" \/>\n<meta property=\"og:description\" content=\"La administraci\u00f3n de Trump intensifica el veto a la tecnolog\u00eda china, amenazando con sanciones globales a quienes empleen los procesadores Ascend. Trump ha vuelto a atacar a Huawei, lanzando una advertencia contundente: cualquier empresa en el mundo que utilice los procesadores Ascend para inteligencia artificial se arriesga a enfrentar severas sanciones. El Departamento de Comercio [&hellip;]\" \/>\n<meta property=\"og:url\" content=\"https:\/\/www.eldiario.net\/portal\/2025\/05\/19\/ee-uu-advierte-las-empresas-que-utilicen-chips-de-ia-de-huawei-enfrentaran-sanciones-sin-importar-su-localizacion\/\" \/>\n<meta property=\"og:site_name\" content=\"El Diario - Bolivia\" \/>\n<meta property=\"article:publisher\" content=\"https:\/\/www.facebook.com\/eldiario.bolivia\/\" \/>\n<meta property=\"article:published_time\" content=\"2025-05-19T10:05:12+00:00\" \/>\n<meta property=\"og:image\" content=\"https:\/\/www.eldiario.net\/portal\/wp-content\/uploads\/2025\/05\/7-B-1.jpg\" \/>\n\t<meta property=\"og:image:width\" content=\"978\" \/>\n\t<meta property=\"og:image:height\" content=\"643\" \/>\n\t<meta property=\"og:image:type\" content=\"image\/jpeg\" \/>\n<meta name=\"author\" content=\"Jeanette\" \/>\n<meta name=\"twitter:card\" content=\"summary_large_image\" \/>\n<meta name=\"twitter:creator\" content=\"@eldiario_net\" \/>\n<meta name=\"twitter:site\" content=\"@eldiario_net\" \/>\n<meta name=\"twitter:label1\" content=\"Escrito por\" \/>\n\t<meta name=\"twitter:data1\" content=\"Jeanette\" \/>\n\t<meta name=\"twitter:label2\" content=\"Tiempo de lectura\" \/>\n\t<meta name=\"twitter:data2\" content=\"3 minutos\" \/>\n<script type=\"application\/ld+json\" class=\"yoast-schema-graph\">{\"@context\":\"https:\\\/\\\/schema.org\",\"@graph\":[{\"@type\":\"Article\",\"@id\":\"https:\\\/\\\/www.eldiario.net\\\/portal\\\/2025\\\/05\\\/19\\\/ee-uu-advierte-las-empresas-que-utilicen-chips-de-ia-de-huawei-enfrentaran-sanciones-sin-importar-su-localizacion\\\/#article\",\"isPartOf\":{\"@id\":\"https:\\\/\\\/www.eldiario.net\\\/portal\\\/2025\\\/05\\\/19\\\/ee-uu-advierte-las-empresas-que-utilicen-chips-de-ia-de-huawei-enfrentaran-sanciones-sin-importar-su-localizacion\\\/\"},\"author\":{\"name\":\"Jeanette\",\"@id\":\"https:\\\/\\\/www.eldiario.net\\\/portal\\\/#\\\/schema\\\/person\\\/f46445640444750d7d753ccd04ae01b7\"},\"headline\":\"EE.UU. advierte: las empresas que utilicen chips de IA de Huawei enfrentar\u00e1n sanciones, sin importar su localizaci\u00f3n\",\"datePublished\":\"2025-05-19T10:05:12+00:00\",\"mainEntityOfPage\":{\"@id\":\"https:\\\/\\\/www.eldiario.net\\\/portal\\\/2025\\\/05\\\/19\\\/ee-uu-advierte-las-empresas-que-utilicen-chips-de-ia-de-huawei-enfrentaran-sanciones-sin-importar-su-localizacion\\\/\"},\"wordCount\":503,\"publisher\":{\"@id\":\"https:\\\/\\\/www.eldiario.net\\\/portal\\\/#organization\"},\"image\":{\"@id\":\"https:\\\/\\\/www.eldiario.net\\\/portal\\\/2025\\\/05\\\/19\\\/ee-uu-advierte-las-empresas-que-utilicen-chips-de-ia-de-huawei-enfrentaran-sanciones-sin-importar-su-localizacion\\\/#primaryimage\"},\"thumbnailUrl\":\"https:\\\/\\\/www.eldiario.net\\\/portal\\\/wp-content\\\/uploads\\\/2025\\\/05\\\/7-B-1.jpg\",\"articleSection\":[\"Ciencia y Computaci\u00f3n\"],\"inLanguage\":\"es\"},{\"@type\":\"WebPage\",\"@id\":\"https:\\\/\\\/www.eldiario.net\\\/portal\\\/2025\\\/05\\\/19\\\/ee-uu-advierte-las-empresas-que-utilicen-chips-de-ia-de-huawei-enfrentaran-sanciones-sin-importar-su-localizacion\\\/\",\"url\":\"https:\\\/\\\/www.eldiario.net\\\/portal\\\/2025\\\/05\\\/19\\\/ee-uu-advierte-las-empresas-que-utilicen-chips-de-ia-de-huawei-enfrentaran-sanciones-sin-importar-su-localizacion\\\/\",\"name\":\"EE.UU. advierte: las empresas que utilicen chips de IA de Huawei enfrentar\u00e1n sanciones, sin importar su localizaci\u00f3n - El Diario - Bolivia\",\"isPartOf\":{\"@id\":\"https:\\\/\\\/www.eldiario.net\\\/portal\\\/#website\"},\"primaryImageOfPage\":{\"@id\":\"https:\\\/\\\/www.eldiario.net\\\/portal\\\/2025\\\/05\\\/19\\\/ee-uu-advierte-las-empresas-que-utilicen-chips-de-ia-de-huawei-enfrentaran-sanciones-sin-importar-su-localizacion\\\/#primaryimage\"},\"image\":{\"@id\":\"https:\\\/\\\/www.eldiario.net\\\/portal\\\/2025\\\/05\\\/19\\\/ee-uu-advierte-las-empresas-que-utilicen-chips-de-ia-de-huawei-enfrentaran-sanciones-sin-importar-su-localizacion\\\/#primaryimage\"},\"thumbnailUrl\":\"https:\\\/\\\/www.eldiario.net\\\/portal\\\/wp-content\\\/uploads\\\/2025\\\/05\\\/7-B-1.jpg\",\"datePublished\":\"2025-05-19T10:05:12+00:00\",\"breadcrumb\":{\"@id\":\"https:\\\/\\\/www.eldiario.net\\\/portal\\\/2025\\\/05\\\/19\\\/ee-uu-advierte-las-empresas-que-utilicen-chips-de-ia-de-huawei-enfrentaran-sanciones-sin-importar-su-localizacion\\\/#breadcrumb\"},\"inLanguage\":\"es\",\"potentialAction\":[{\"@type\":\"ReadAction\",\"target\":[\"https:\\\/\\\/www.eldiario.net\\\/portal\\\/2025\\\/05\\\/19\\\/ee-uu-advierte-las-empresas-que-utilicen-chips-de-ia-de-huawei-enfrentaran-sanciones-sin-importar-su-localizacion\\\/\"]}]},{\"@type\":\"ImageObject\",\"inLanguage\":\"es\",\"@id\":\"https:\\\/\\\/www.eldiario.net\\\/portal\\\/2025\\\/05\\\/19\\\/ee-uu-advierte-las-empresas-que-utilicen-chips-de-ia-de-huawei-enfrentaran-sanciones-sin-importar-su-localizacion\\\/#primaryimage\",\"url\":\"https:\\\/\\\/www.eldiario.net\\\/portal\\\/wp-content\\\/uploads\\\/2025\\\/05\\\/7-B-1.jpg\",\"contentUrl\":\"https:\\\/\\\/www.eldiario.net\\\/portal\\\/wp-content\\\/uploads\\\/2025\\\/05\\\/7-B-1.jpg\",\"width\":978,\"height\":643},{\"@type\":\"BreadcrumbList\",\"@id\":\"https:\\\/\\\/www.eldiario.net\\\/portal\\\/2025\\\/05\\\/19\\\/ee-uu-advierte-las-empresas-que-utilicen-chips-de-ia-de-huawei-enfrentaran-sanciones-sin-importar-su-localizacion\\\/#breadcrumb\",\"itemListElement\":[{\"@type\":\"ListItem\",\"position\":1,\"name\":\"Portada\",\"item\":\"https:\\\/\\\/www.eldiario.net\\\/portal\\\/\"},{\"@type\":\"ListItem\",\"position\":2,\"name\":\"EE.UU. advierte: las empresas que utilicen chips de IA de Huawei enfrentar\u00e1n sanciones, sin importar su localizaci\u00f3n\"}]},{\"@type\":\"WebSite\",\"@id\":\"https:\\\/\\\/www.eldiario.net\\\/portal\\\/#website\",\"url\":\"https:\\\/\\\/www.eldiario.net\\\/portal\\\/\",\"name\":\"El Diario - Decano de la prensa nacional\",\"description\":\"El Diario - Decano de la prensa nacional\",\"publisher\":{\"@id\":\"https:\\\/\\\/www.eldiario.net\\\/portal\\\/#organization\"},\"potentialAction\":[{\"@type\":\"SearchAction\",\"target\":{\"@type\":\"EntryPoint\",\"urlTemplate\":\"https:\\\/\\\/www.eldiario.net\\\/portal\\\/?s={search_term_string}\"},\"query-input\":{\"@type\":\"PropertyValueSpecification\",\"valueRequired\":true,\"valueName\":\"search_term_string\"}}],\"inLanguage\":\"es\"},{\"@type\":\"Organization\",\"@id\":\"https:\\\/\\\/www.eldiario.net\\\/portal\\\/#organization\",\"name\":\"El Diario - Decano de la prensa nacional\",\"url\":\"https:\\\/\\\/www.eldiario.net\\\/portal\\\/\",\"logo\":{\"@type\":\"ImageObject\",\"inLanguage\":\"es\",\"@id\":\"https:\\\/\\\/www.eldiario.net\\\/portal\\\/#\\\/schema\\\/logo\\\/image\\\/\",\"url\":\"https:\\\/\\\/www.eldiario.net\\\/portal\\\/wp-content\\\/uploads\\\/2023\\\/07\\\/logo_ED.jpg\",\"contentUrl\":\"https:\\\/\\\/www.eldiario.net\\\/portal\\\/wp-content\\\/uploads\\\/2023\\\/07\\\/logo_ED.jpg\",\"width\":272,\"height\":52,\"caption\":\"El Diario - Decano de la prensa nacional\"},\"image\":{\"@id\":\"https:\\\/\\\/www.eldiario.net\\\/portal\\\/#\\\/schema\\\/logo\\\/image\\\/\"},\"sameAs\":[\"https:\\\/\\\/www.facebook.com\\\/eldiario.bolivia\\\/\",\"https:\\\/\\\/x.com\\\/eldiario_net\"]},{\"@type\":\"Person\",\"@id\":\"https:\\\/\\\/www.eldiario.net\\\/portal\\\/#\\\/schema\\\/person\\\/f46445640444750d7d753ccd04ae01b7\",\"name\":\"Jeanette\",\"image\":{\"@type\":\"ImageObject\",\"inLanguage\":\"es\",\"@id\":\"https:\\\/\\\/secure.gravatar.com\\\/avatar\\\/3ea2118a5f7dad2b7138b1187a6b7ee55f160b9968b66013c3a3ef39dd7e5798?s=96&d=mm&r=g\",\"url\":\"https:\\\/\\\/secure.gravatar.com\\\/avatar\\\/3ea2118a5f7dad2b7138b1187a6b7ee55f160b9968b66013c3a3ef39dd7e5798?s=96&d=mm&r=g\",\"contentUrl\":\"https:\\\/\\\/secure.gravatar.com\\\/avatar\\\/3ea2118a5f7dad2b7138b1187a6b7ee55f160b9968b66013c3a3ef39dd7e5798?s=96&d=mm&r=g\",\"caption\":\"Jeanette\"},\"sameAs\":[\"https:\\\/\\\/www.eldiario.net\\\/portal\"],\"url\":\"https:\\\/\\\/www.eldiario.net\\\/portal\\\/author\\\/jeanette\\\/\"}]}<\/script>\n<!-- \/ Yoast SEO plugin. -->","yoast_head_json":{"title":"EE.UU. advierte: las empresas que utilicen chips de IA de Huawei enfrentar\u00e1n sanciones, sin importar su localizaci\u00f3n - El Diario - Bolivia","robots":{"index":"index","follow":"follow","max-snippet":"max-snippet:-1","max-image-preview":"max-image-preview:large","max-video-preview":"max-video-preview:-1"},"canonical":"https:\/\/www.eldiario.net\/portal\/2025\/05\/19\/ee-uu-advierte-las-empresas-que-utilicen-chips-de-ia-de-huawei-enfrentaran-sanciones-sin-importar-su-localizacion\/","og_locale":"es_ES","og_type":"article","og_title":"EE.UU. advierte: las empresas que utilicen chips de IA de Huawei enfrentar\u00e1n sanciones, sin importar su localizaci\u00f3n - El Diario - Bolivia","og_description":"La administraci\u00f3n de Trump intensifica el veto a la tecnolog\u00eda china, amenazando con sanciones globales a quienes empleen los procesadores Ascend. Trump ha vuelto a atacar a Huawei, lanzando una advertencia contundente: cualquier empresa en el mundo que utilice los procesadores Ascend para inteligencia artificial se arriesga a enfrentar severas sanciones. El Departamento de Comercio [&hellip;]","og_url":"https:\/\/www.eldiario.net\/portal\/2025\/05\/19\/ee-uu-advierte-las-empresas-que-utilicen-chips-de-ia-de-huawei-enfrentaran-sanciones-sin-importar-su-localizacion\/","og_site_name":"El Diario - Bolivia","article_publisher":"https:\/\/www.facebook.com\/eldiario.bolivia\/","article_published_time":"2025-05-19T10:05:12+00:00","og_image":[{"width":978,"height":643,"url":"https:\/\/www.eldiario.net\/portal\/wp-content\/uploads\/2025\/05\/7-B-1.jpg","type":"image\/jpeg"}],"author":"Jeanette","twitter_card":"summary_large_image","twitter_creator":"@eldiario_net","twitter_site":"@eldiario_net","twitter_misc":{"Escrito por":"Jeanette","Tiempo de lectura":"3 minutos"},"schema":{"@context":"https:\/\/schema.org","@graph":[{"@type":"Article","@id":"https:\/\/www.eldiario.net\/portal\/2025\/05\/19\/ee-uu-advierte-las-empresas-que-utilicen-chips-de-ia-de-huawei-enfrentaran-sanciones-sin-importar-su-localizacion\/#article","isPartOf":{"@id":"https:\/\/www.eldiario.net\/portal\/2025\/05\/19\/ee-uu-advierte-las-empresas-que-utilicen-chips-de-ia-de-huawei-enfrentaran-sanciones-sin-importar-su-localizacion\/"},"author":{"name":"Jeanette","@id":"https:\/\/www.eldiario.net\/portal\/#\/schema\/person\/f46445640444750d7d753ccd04ae01b7"},"headline":"EE.UU. advierte: las empresas que utilicen chips de IA de Huawei enfrentar\u00e1n sanciones, sin importar su localizaci\u00f3n","datePublished":"2025-05-19T10:05:12+00:00","mainEntityOfPage":{"@id":"https:\/\/www.eldiario.net\/portal\/2025\/05\/19\/ee-uu-advierte-las-empresas-que-utilicen-chips-de-ia-de-huawei-enfrentaran-sanciones-sin-importar-su-localizacion\/"},"wordCount":503,"publisher":{"@id":"https:\/\/www.eldiario.net\/portal\/#organization"},"image":{"@id":"https:\/\/www.eldiario.net\/portal\/2025\/05\/19\/ee-uu-advierte-las-empresas-que-utilicen-chips-de-ia-de-huawei-enfrentaran-sanciones-sin-importar-su-localizacion\/#primaryimage"},"thumbnailUrl":"https:\/\/www.eldiario.net\/portal\/wp-content\/uploads\/2025\/05\/7-B-1.jpg","articleSection":["Ciencia y Computaci\u00f3n"],"inLanguage":"es"},{"@type":"WebPage","@id":"https:\/\/www.eldiario.net\/portal\/2025\/05\/19\/ee-uu-advierte-las-empresas-que-utilicen-chips-de-ia-de-huawei-enfrentaran-sanciones-sin-importar-su-localizacion\/","url":"https:\/\/www.eldiario.net\/portal\/2025\/05\/19\/ee-uu-advierte-las-empresas-que-utilicen-chips-de-ia-de-huawei-enfrentaran-sanciones-sin-importar-su-localizacion\/","name":"EE.UU. advierte: las empresas que utilicen chips de IA de Huawei enfrentar\u00e1n sanciones, sin importar su localizaci\u00f3n - El Diario - Bolivia","isPartOf":{"@id":"https:\/\/www.eldiario.net\/portal\/#website"},"primaryImageOfPage":{"@id":"https:\/\/www.eldiario.net\/portal\/2025\/05\/19\/ee-uu-advierte-las-empresas-que-utilicen-chips-de-ia-de-huawei-enfrentaran-sanciones-sin-importar-su-localizacion\/#primaryimage"},"image":{"@id":"https:\/\/www.eldiario.net\/portal\/2025\/05\/19\/ee-uu-advierte-las-empresas-que-utilicen-chips-de-ia-de-huawei-enfrentaran-sanciones-sin-importar-su-localizacion\/#primaryimage"},"thumbnailUrl":"https:\/\/www.eldiario.net\/portal\/wp-content\/uploads\/2025\/05\/7-B-1.jpg","datePublished":"2025-05-19T10:05:12+00:00","breadcrumb":{"@id":"https:\/\/www.eldiario.net\/portal\/2025\/05\/19\/ee-uu-advierte-las-empresas-que-utilicen-chips-de-ia-de-huawei-enfrentaran-sanciones-sin-importar-su-localizacion\/#breadcrumb"},"inLanguage":"es","potentialAction":[{"@type":"ReadAction","target":["https:\/\/www.eldiario.net\/portal\/2025\/05\/19\/ee-uu-advierte-las-empresas-que-utilicen-chips-de-ia-de-huawei-enfrentaran-sanciones-sin-importar-su-localizacion\/"]}]},{"@type":"ImageObject","inLanguage":"es","@id":"https:\/\/www.eldiario.net\/portal\/2025\/05\/19\/ee-uu-advierte-las-empresas-que-utilicen-chips-de-ia-de-huawei-enfrentaran-sanciones-sin-importar-su-localizacion\/#primaryimage","url":"https:\/\/www.eldiario.net\/portal\/wp-content\/uploads\/2025\/05\/7-B-1.jpg","contentUrl":"https:\/\/www.eldiario.net\/portal\/wp-content\/uploads\/2025\/05\/7-B-1.jpg","width":978,"height":643},{"@type":"BreadcrumbList","@id":"https:\/\/www.eldiario.net\/portal\/2025\/05\/19\/ee-uu-advierte-las-empresas-que-utilicen-chips-de-ia-de-huawei-enfrentaran-sanciones-sin-importar-su-localizacion\/#breadcrumb","itemListElement":[{"@type":"ListItem","position":1,"name":"Portada","item":"https:\/\/www.eldiario.net\/portal\/"},{"@type":"ListItem","position":2,"name":"EE.UU. advierte: las empresas que utilicen chips de IA de Huawei enfrentar\u00e1n sanciones, sin importar su localizaci\u00f3n"}]},{"@type":"WebSite","@id":"https:\/\/www.eldiario.net\/portal\/#website","url":"https:\/\/www.eldiario.net\/portal\/","name":"El Diario - Decano de la prensa nacional","description":"El Diario - Decano de la prensa nacional","publisher":{"@id":"https:\/\/www.eldiario.net\/portal\/#organization"},"potentialAction":[{"@type":"SearchAction","target":{"@type":"EntryPoint","urlTemplate":"https:\/\/www.eldiario.net\/portal\/?s={search_term_string}"},"query-input":{"@type":"PropertyValueSpecification","valueRequired":true,"valueName":"search_term_string"}}],"inLanguage":"es"},{"@type":"Organization","@id":"https:\/\/www.eldiario.net\/portal\/#organization","name":"El Diario - Decano de la prensa nacional","url":"https:\/\/www.eldiario.net\/portal\/","logo":{"@type":"ImageObject","inLanguage":"es","@id":"https:\/\/www.eldiario.net\/portal\/#\/schema\/logo\/image\/","url":"https:\/\/www.eldiario.net\/portal\/wp-content\/uploads\/2023\/07\/logo_ED.jpg","contentUrl":"https:\/\/www.eldiario.net\/portal\/wp-content\/uploads\/2023\/07\/logo_ED.jpg","width":272,"height":52,"caption":"El Diario - Decano de la prensa nacional"},"image":{"@id":"https:\/\/www.eldiario.net\/portal\/#\/schema\/logo\/image\/"},"sameAs":["https:\/\/www.facebook.com\/eldiario.bolivia\/","https:\/\/x.com\/eldiario_net"]},{"@type":"Person","@id":"https:\/\/www.eldiario.net\/portal\/#\/schema\/person\/f46445640444750d7d753ccd04ae01b7","name":"Jeanette","image":{"@type":"ImageObject","inLanguage":"es","@id":"https:\/\/secure.gravatar.com\/avatar\/3ea2118a5f7dad2b7138b1187a6b7ee55f160b9968b66013c3a3ef39dd7e5798?s=96&d=mm&r=g","url":"https:\/\/secure.gravatar.com\/avatar\/3ea2118a5f7dad2b7138b1187a6b7ee55f160b9968b66013c3a3ef39dd7e5798?s=96&d=mm&r=g","contentUrl":"https:\/\/secure.gravatar.com\/avatar\/3ea2118a5f7dad2b7138b1187a6b7ee55f160b9968b66013c3a3ef39dd7e5798?s=96&d=mm&r=g","caption":"Jeanette"},"sameAs":["https:\/\/www.eldiario.net\/portal"],"url":"https:\/\/www.eldiario.net\/portal\/author\/jeanette\/"}]}},"_links":{"self":[{"href":"https:\/\/www.eldiario.net\/portal\/wp-json\/wp\/v2\/posts\/303450","targetHints":{"allow":["GET"]}}],"collection":[{"href":"https:\/\/www.eldiario.net\/portal\/wp-json\/wp\/v2\/posts"}],"about":[{"href":"https:\/\/www.eldiario.net\/portal\/wp-json\/wp\/v2\/types\/post"}],"author":[{"embeddable":true,"href":"https:\/\/www.eldiario.net\/portal\/wp-json\/wp\/v2\/users\/1"}],"replies":[{"embeddable":true,"href":"https:\/\/www.eldiario.net\/portal\/wp-json\/wp\/v2\/comments?post=303450"}],"version-history":[{"count":1,"href":"https:\/\/www.eldiario.net\/portal\/wp-json\/wp\/v2\/posts\/303450\/revisions"}],"predecessor-version":[{"id":303452,"href":"https:\/\/www.eldiario.net\/portal\/wp-json\/wp\/v2\/posts\/303450\/revisions\/303452"}],"wp:featuredmedia":[{"embeddable":true,"href":"https:\/\/www.eldiario.net\/portal\/wp-json\/wp\/v2\/media\/303451"}],"wp:attachment":[{"href":"https:\/\/www.eldiario.net\/portal\/wp-json\/wp\/v2\/media?parent=303450"}],"wp:term":[{"taxonomy":"category","embeddable":true,"href":"https:\/\/www.eldiario.net\/portal\/wp-json\/wp\/v2\/categories?post=303450"},{"taxonomy":"post_tag","embeddable":true,"href":"https:\/\/www.eldiario.net\/portal\/wp-json\/wp\/v2\/tags?post=303450"}],"curies":[{"name":"wp","href":"https:\/\/api.w.org\/{rel}","templated":true}]}}