{"id":303446,"date":"2025-05-19T06:04:26","date_gmt":"2025-05-19T10:04:26","guid":{"rendered":"https:\/\/www.eldiario.net\/portal\/?p=303446"},"modified":"2025-05-19T06:04:26","modified_gmt":"2025-05-19T10:04:26","slug":"samsung-presenta-una-guia-de-regalos-para-celebrar-a-mama","status":"publish","type":"post","link":"https:\/\/www.eldiario.net\/portal\/2025\/05\/19\/samsung-presenta-una-guia-de-regalos-para-celebrar-a-mama\/","title":{"rendered":"Samsung presenta una gu\u00eda de regalos para celebrar a mam\u00e1"},"content":{"rendered":"<p><strong>Mayo 2025.<\/strong> Samsung Bolivia celebra el mes de mam\u00e1 con una amplia gama de ofertas tecnol\u00f3gicas pensadas para conectar emociones, facilitar tareas y hacer m\u00e1s especial esta fecha. Desde celulares con inteligencia artificial hasta televisores y electrodom\u00e9sticos eficientes, la marca pone a disposici\u00f3n distintas opciones para \u201cElegir el regalo perfecto para mam\u00e1\u201d con el ecosistema Galaxy.<\/p>\n<p>\u201cSamsung busca que la mam\u00e1 boliviana pueda disfrutar la mejor tecnolog\u00eda. Por eso, durante este mes, brindamos ofertas que integran innovaci\u00f3n, conectividad y practicidad en productos pensados para cada necesidad y estilo de vida\u201d, afirma la encargada de MX marketing de Samsung Bolivia, Stephanie Usseglio.<\/p>\n<p><strong>Celulares con tecnolog\u00eda Galaxy AI<\/strong><\/p>\n<p>Samsung impulsa dos campa\u00f1as para quienes buscan regalar o renovar un smartphone. Por un lado, el programa \u201c<strong>Trade In\u201d<\/strong> permite entregar el celular actual como parte de pago para adquirir uno de los nuevos Galaxy S25, S25+ o S25 Ultra. Este beneficio est\u00e1 disponible en tiendas seleccionadas de La Paz (Eloy Salmon, Calacoto y Uyustus) y Santa Cruz (Centro Comercial Norte y Shopping Bol\u00edvar).<\/p>\n<p>\u201cEste programa facilita el acceso a los nuevos dispositivos de Samsung, brindando una opci\u00f3n \u00e1gil, segura y conveniente. Adem\u00e1s, los dispositivos cuentan con 6 meses de Gemini Advanced y 2 TB de almacenamiento con el plan Google One AI Premium\u201d, agrega Usseglio.<\/p>\n<p>Adem\u00e1s, la campa\u00f1a \u201c<strong>Asombrosamente Ilimitado<\/strong>\u201d permite a quienes adquieran un Galaxy A56, A36 o A26 elegir entre un mes de megas ilimitados o Bs 150 de cr\u00e9dito. La promoci\u00f3n es v\u00e1lida hasta el 17 de mayo o hasta agotar stock, y est\u00e1 autorizada por la Autoridad de Juegos (AJ).<\/p>\n<p><strong>Complementa el Ecosistema Galaxy AI de mam\u00e1<\/strong><\/p>\n<p>Para completar el ecosistema Galaxy AI, Samsung pone a disposici\u00f3n de la poblaci\u00f3n sus m\u00e1s recientes Galaxy Tabs S10 FE+ y Tab S10 FE con funciones de inteligencia artificial; y la Galaxy Tab A9. Las tabletas tienen cargador incluido. Asimismo, las mam\u00e1s pueden acceder a wearables como el Galaxy Watch7 o los aud\u00edfonos Galaxy Buds 3 y Buds 3 Pro.<\/p>\n<p>\u201cLos dispositivos Galaxy trabajan en sincron\u00eda para ofrecer experiencias fluidas, ya sea en productividad, entretenimiento o bienestar. Por eso, esta es una gran oportunidad para sorprender a mam\u00e1 con un ecosistema conectado\u201d, indica la ejecutiva de Samsung.<\/p>\n<p><strong>Televisores, electrodom\u00e9sticos y m\u00e1s<\/strong><\/p>\n<p>En la categor\u00eda de entretenimiento, destacan los televisores Samsung Crystal UHD 4K Smart TV (50 y 55 pulgadas), con tecnolog\u00eda Dynamic Crystal Color, escalado 4K, sistema Samsung Tizen OS y dise\u00f1o delgado AirSlim Design Icon.<\/p>\n<p>En cuanto a electrodom\u00e9sticos, se pueden encontrar las lavadoras Samsung de carga superior (8 kg y 9 kg) con tecnolog\u00eda Digital Inverter, Magic Filter. Adem\u00e1s de lavadoras con tecnolog\u00eda Wobble, que protegen la ropa delicada al reducir enredos y mejorar la eliminaci\u00f3n de manchas. Tambi\u00e9n sobresale la heladera con freezer superior 2991 Silver, equipada con eliminador de olores, Digital Inverter de 7 niveles y garant\u00eda de 10 a\u00f1os en el compresor.<\/p>\n<p>Finalmente, para completar la oficina o el espacio personal, est\u00e1 disponible el monitor Samsung plano de 24&#8243; IPS, con dise\u00f1o sin bordes, tecnolog\u00eda AMD FreeSync y frecuencia de actualizaci\u00f3n de 75 Hz.<\/p>\n<p>\u201cBien sea un celular con inteligencia artificial, una lavadora, un smartwatch o un televisor de \u00faltima generaci\u00f3n y con calidad de imagen premium, puedes encontrar con Samsung el regalo ideal para mam\u00e1\u201d, finaliza Stephani Berzain.<\/p>\n<p><img loading=\"lazy\" decoding=\"async\" class=\"aligncenter size-full wp-image-303448\" src=\"https:\/\/www.eldiario.net\/portal\/wp-content\/uploads\/2025\/05\/8-A-1-2.jpeg\" alt=\"\" width=\"1600\" height=\"757\" srcset=\"https:\/\/www.eldiario.net\/portal\/wp-content\/uploads\/2025\/05\/8-A-1-2.jpeg 1600w, https:\/\/www.eldiario.net\/portal\/wp-content\/uploads\/2025\/05\/8-A-1-2-300x142.jpeg 300w, https:\/\/www.eldiario.net\/portal\/wp-content\/uploads\/2025\/05\/8-A-1-2-1024x484.jpeg 1024w, https:\/\/www.eldiario.net\/portal\/wp-content\/uploads\/2025\/05\/8-A-1-2-768x363.jpeg 768w, https:\/\/www.eldiario.net\/portal\/wp-content\/uploads\/2025\/05\/8-A-1-2-1536x727.jpeg 1536w, https:\/\/www.eldiario.net\/portal\/wp-content\/uploads\/2025\/05\/8-A-1-2-888x420.jpeg 888w, https:\/\/www.eldiario.net\/portal\/wp-content\/uploads\/2025\/05\/8-A-1-2-696x329.jpeg 696w, https:\/\/www.eldiario.net\/portal\/wp-content\/uploads\/2025\/05\/8-A-1-2-1068x505.jpeg 1068w\" sizes=\"auto, (max-width: 1600px) 100vw, 1600px\" \/><\/p>\n","protected":false},"excerpt":{"rendered":"<p>Mayo 2025. Samsung Bolivia celebra el mes de mam\u00e1 con una amplia gama de ofertas tecnol\u00f3gicas pensadas para conectar emociones, facilitar tareas y hacer m\u00e1s especial esta fecha. Desde celulares con inteligencia artificial hasta televisores y electrodom\u00e9sticos eficientes, la marca pone a disposici\u00f3n distintas opciones para \u201cElegir el regalo perfecto para mam\u00e1\u201d con el ecosistema [&hellip;]<\/p>\n","protected":false},"author":1,"featured_media":303447,"comment_status":"closed","ping_status":"open","sticky":false,"template":"","format":"standard","meta":{"_acf_changed":false,"footnotes":""},"categories":[46],"tags":[],"class_list":["post-303446","post","type-post","status-publish","format-standard","has-post-thumbnail","category-ciencia-computacion"],"acf":{"antetitulo":""},"yoast_head":"<!-- This site is optimized with the Yoast SEO plugin v28.3 - https:\/\/yoast.com\/product\/yoast-seo-wordpress\/ -->\n<title>Samsung presenta una gu\u00eda de regalos para celebrar a mam\u00e1 - El Diario - Bolivia<\/title>\n<meta name=\"robots\" content=\"index, follow, max-snippet:-1, max-image-preview:large, max-video-preview:-1\" \/>\n<link rel=\"canonical\" href=\"https:\/\/www.eldiario.net\/portal\/2025\/05\/19\/samsung-presenta-una-guia-de-regalos-para-celebrar-a-mama\/\" \/>\n<meta property=\"og:locale\" content=\"es_ES\" \/>\n<meta property=\"og:type\" content=\"article\" \/>\n<meta property=\"og:title\" content=\"Samsung presenta una gu\u00eda de regalos para celebrar a mam\u00e1 - El Diario - Bolivia\" \/>\n<meta property=\"og:description\" content=\"Mayo 2025. Samsung Bolivia celebra el mes de mam\u00e1 con una amplia gama de ofertas tecnol\u00f3gicas pensadas para conectar emociones, facilitar tareas y hacer m\u00e1s especial esta fecha. Desde celulares con inteligencia artificial hasta televisores y electrodom\u00e9sticos eficientes, la marca pone a disposici\u00f3n distintas opciones para \u201cElegir el regalo perfecto para mam\u00e1\u201d con el ecosistema [&hellip;]\" \/>\n<meta property=\"og:url\" content=\"https:\/\/www.eldiario.net\/portal\/2025\/05\/19\/samsung-presenta-una-guia-de-regalos-para-celebrar-a-mama\/\" \/>\n<meta property=\"og:site_name\" content=\"El Diario - Bolivia\" \/>\n<meta property=\"article:publisher\" content=\"https:\/\/www.facebook.com\/eldiario.bolivia\/\" \/>\n<meta property=\"article:published_time\" content=\"2025-05-19T10:04:26+00:00\" \/>\n<meta property=\"og:image\" content=\"https:\/\/www.eldiario.net\/portal\/wp-content\/uploads\/2025\/05\/8-A-1-1.jpeg\" \/>\n\t<meta property=\"og:image:width\" content=\"1600\" \/>\n\t<meta property=\"og:image:height\" content=\"545\" \/>\n\t<meta property=\"og:image:type\" content=\"image\/jpeg\" \/>\n<meta name=\"author\" content=\"Jeanette\" \/>\n<meta name=\"twitter:card\" content=\"summary_large_image\" \/>\n<meta name=\"twitter:creator\" content=\"@eldiario_net\" \/>\n<meta name=\"twitter:site\" content=\"@eldiario_net\" \/>\n<meta name=\"twitter:label1\" content=\"Escrito por\" \/>\n\t<meta name=\"twitter:data1\" content=\"Jeanette\" \/>\n\t<meta name=\"twitter:label2\" content=\"Tiempo de lectura\" \/>\n\t<meta name=\"twitter:data2\" content=\"3 minutos\" \/>\n<script type=\"application\/ld+json\" class=\"yoast-schema-graph\">{\"@context\":\"https:\\\/\\\/schema.org\",\"@graph\":[{\"@type\":\"Article\",\"@id\":\"https:\\\/\\\/www.eldiario.net\\\/portal\\\/2025\\\/05\\\/19\\\/samsung-presenta-una-guia-de-regalos-para-celebrar-a-mama\\\/#article\",\"isPartOf\":{\"@id\":\"https:\\\/\\\/www.eldiario.net\\\/portal\\\/2025\\\/05\\\/19\\\/samsung-presenta-una-guia-de-regalos-para-celebrar-a-mama\\\/\"},\"author\":{\"name\":\"Jeanette\",\"@id\":\"https:\\\/\\\/www.eldiario.net\\\/portal\\\/#\\\/schema\\\/person\\\/f46445640444750d7d753ccd04ae01b7\"},\"headline\":\"Samsung presenta una gu\u00eda de regalos para celebrar a mam\u00e1\",\"datePublished\":\"2025-05-19T10:04:26+00:00\",\"mainEntityOfPage\":{\"@id\":\"https:\\\/\\\/www.eldiario.net\\\/portal\\\/2025\\\/05\\\/19\\\/samsung-presenta-una-guia-de-regalos-para-celebrar-a-mama\\\/\"},\"wordCount\":576,\"publisher\":{\"@id\":\"https:\\\/\\\/www.eldiario.net\\\/portal\\\/#organization\"},\"image\":{\"@id\":\"https:\\\/\\\/www.eldiario.net\\\/portal\\\/2025\\\/05\\\/19\\\/samsung-presenta-una-guia-de-regalos-para-celebrar-a-mama\\\/#primaryimage\"},\"thumbnailUrl\":\"https:\\\/\\\/www.eldiario.net\\\/portal\\\/wp-content\\\/uploads\\\/2025\\\/05\\\/8-A-1-1.jpeg\",\"articleSection\":[\"Ciencia y Computaci\u00f3n\"],\"inLanguage\":\"es\"},{\"@type\":\"WebPage\",\"@id\":\"https:\\\/\\\/www.eldiario.net\\\/portal\\\/2025\\\/05\\\/19\\\/samsung-presenta-una-guia-de-regalos-para-celebrar-a-mama\\\/\",\"url\":\"https:\\\/\\\/www.eldiario.net\\\/portal\\\/2025\\\/05\\\/19\\\/samsung-presenta-una-guia-de-regalos-para-celebrar-a-mama\\\/\",\"name\":\"Samsung presenta una gu\u00eda de regalos para celebrar a mam\u00e1 - El Diario - Bolivia\",\"isPartOf\":{\"@id\":\"https:\\\/\\\/www.eldiario.net\\\/portal\\\/#website\"},\"primaryImageOfPage\":{\"@id\":\"https:\\\/\\\/www.eldiario.net\\\/portal\\\/2025\\\/05\\\/19\\\/samsung-presenta-una-guia-de-regalos-para-celebrar-a-mama\\\/#primaryimage\"},\"image\":{\"@id\":\"https:\\\/\\\/www.eldiario.net\\\/portal\\\/2025\\\/05\\\/19\\\/samsung-presenta-una-guia-de-regalos-para-celebrar-a-mama\\\/#primaryimage\"},\"thumbnailUrl\":\"https:\\\/\\\/www.eldiario.net\\\/portal\\\/wp-content\\\/uploads\\\/2025\\\/05\\\/8-A-1-1.jpeg\",\"datePublished\":\"2025-05-19T10:04:26+00:00\",\"breadcrumb\":{\"@id\":\"https:\\\/\\\/www.eldiario.net\\\/portal\\\/2025\\\/05\\\/19\\\/samsung-presenta-una-guia-de-regalos-para-celebrar-a-mama\\\/#breadcrumb\"},\"inLanguage\":\"es\",\"potentialAction\":[{\"@type\":\"ReadAction\",\"target\":[\"https:\\\/\\\/www.eldiario.net\\\/portal\\\/2025\\\/05\\\/19\\\/samsung-presenta-una-guia-de-regalos-para-celebrar-a-mama\\\/\"]}]},{\"@type\":\"ImageObject\",\"inLanguage\":\"es\",\"@id\":\"https:\\\/\\\/www.eldiario.net\\\/portal\\\/2025\\\/05\\\/19\\\/samsung-presenta-una-guia-de-regalos-para-celebrar-a-mama\\\/#primaryimage\",\"url\":\"https:\\\/\\\/www.eldiario.net\\\/portal\\\/wp-content\\\/uploads\\\/2025\\\/05\\\/8-A-1-1.jpeg\",\"contentUrl\":\"https:\\\/\\\/www.eldiario.net\\\/portal\\\/wp-content\\\/uploads\\\/2025\\\/05\\\/8-A-1-1.jpeg\",\"width\":1600,\"height\":545},{\"@type\":\"BreadcrumbList\",\"@id\":\"https:\\\/\\\/www.eldiario.net\\\/portal\\\/2025\\\/05\\\/19\\\/samsung-presenta-una-guia-de-regalos-para-celebrar-a-mama\\\/#breadcrumb\",\"itemListElement\":[{\"@type\":\"ListItem\",\"position\":1,\"name\":\"Portada\",\"item\":\"https:\\\/\\\/www.eldiario.net\\\/portal\\\/\"},{\"@type\":\"ListItem\",\"position\":2,\"name\":\"Samsung presenta una gu\u00eda de regalos para celebrar a mam\u00e1\"}]},{\"@type\":\"WebSite\",\"@id\":\"https:\\\/\\\/www.eldiario.net\\\/portal\\\/#website\",\"url\":\"https:\\\/\\\/www.eldiario.net\\\/portal\\\/\",\"name\":\"El Diario - Decano de la prensa nacional\",\"description\":\"El Diario - Decano de la prensa nacional\",\"publisher\":{\"@id\":\"https:\\\/\\\/www.eldiario.net\\\/portal\\\/#organization\"},\"potentialAction\":[{\"@type\":\"SearchAction\",\"target\":{\"@type\":\"EntryPoint\",\"urlTemplate\":\"https:\\\/\\\/www.eldiario.net\\\/portal\\\/?s={search_term_string}\"},\"query-input\":{\"@type\":\"PropertyValueSpecification\",\"valueRequired\":true,\"valueName\":\"search_term_string\"}}],\"inLanguage\":\"es\"},{\"@type\":\"Organization\",\"@id\":\"https:\\\/\\\/www.eldiario.net\\\/portal\\\/#organization\",\"name\":\"El Diario - Decano de la prensa nacional\",\"url\":\"https:\\\/\\\/www.eldiario.net\\\/portal\\\/\",\"logo\":{\"@type\":\"ImageObject\",\"inLanguage\":\"es\",\"@id\":\"https:\\\/\\\/www.eldiario.net\\\/portal\\\/#\\\/schema\\\/logo\\\/image\\\/\",\"url\":\"https:\\\/\\\/www.eldiario.net\\\/portal\\\/wp-content\\\/uploads\\\/2023\\\/07\\\/logo_ED.jpg\",\"contentUrl\":\"https:\\\/\\\/www.eldiario.net\\\/portal\\\/wp-content\\\/uploads\\\/2023\\\/07\\\/logo_ED.jpg\",\"width\":272,\"height\":52,\"caption\":\"El Diario - Decano de la prensa nacional\"},\"image\":{\"@id\":\"https:\\\/\\\/www.eldiario.net\\\/portal\\\/#\\\/schema\\\/logo\\\/image\\\/\"},\"sameAs\":[\"https:\\\/\\\/www.facebook.com\\\/eldiario.bolivia\\\/\",\"https:\\\/\\\/x.com\\\/eldiario_net\"]},{\"@type\":\"Person\",\"@id\":\"https:\\\/\\\/www.eldiario.net\\\/portal\\\/#\\\/schema\\\/person\\\/f46445640444750d7d753ccd04ae01b7\",\"name\":\"Jeanette\",\"image\":{\"@type\":\"ImageObject\",\"inLanguage\":\"es\",\"@id\":\"https:\\\/\\\/secure.gravatar.com\\\/avatar\\\/3ea2118a5f7dad2b7138b1187a6b7ee55f160b9968b66013c3a3ef39dd7e5798?s=96&d=mm&r=g\",\"url\":\"https:\\\/\\\/secure.gravatar.com\\\/avatar\\\/3ea2118a5f7dad2b7138b1187a6b7ee55f160b9968b66013c3a3ef39dd7e5798?s=96&d=mm&r=g\",\"contentUrl\":\"https:\\\/\\\/secure.gravatar.com\\\/avatar\\\/3ea2118a5f7dad2b7138b1187a6b7ee55f160b9968b66013c3a3ef39dd7e5798?s=96&d=mm&r=g\",\"caption\":\"Jeanette\"},\"sameAs\":[\"https:\\\/\\\/www.eldiario.net\\\/portal\"],\"url\":\"https:\\\/\\\/www.eldiario.net\\\/portal\\\/author\\\/jeanette\\\/\"}]}<\/script>\n<!-- \/ Yoast SEO plugin. -->","yoast_head_json":{"title":"Samsung presenta una gu\u00eda de regalos para celebrar a mam\u00e1 - El Diario - Bolivia","robots":{"index":"index","follow":"follow","max-snippet":"max-snippet:-1","max-image-preview":"max-image-preview:large","max-video-preview":"max-video-preview:-1"},"canonical":"https:\/\/www.eldiario.net\/portal\/2025\/05\/19\/samsung-presenta-una-guia-de-regalos-para-celebrar-a-mama\/","og_locale":"es_ES","og_type":"article","og_title":"Samsung presenta una gu\u00eda de regalos para celebrar a mam\u00e1 - El Diario - Bolivia","og_description":"Mayo 2025. Samsung Bolivia celebra el mes de mam\u00e1 con una amplia gama de ofertas tecnol\u00f3gicas pensadas para conectar emociones, facilitar tareas y hacer m\u00e1s especial esta fecha. Desde celulares con inteligencia artificial hasta televisores y electrodom\u00e9sticos eficientes, la marca pone a disposici\u00f3n distintas opciones para \u201cElegir el regalo perfecto para mam\u00e1\u201d con el ecosistema [&hellip;]","og_url":"https:\/\/www.eldiario.net\/portal\/2025\/05\/19\/samsung-presenta-una-guia-de-regalos-para-celebrar-a-mama\/","og_site_name":"El Diario - Bolivia","article_publisher":"https:\/\/www.facebook.com\/eldiario.bolivia\/","article_published_time":"2025-05-19T10:04:26+00:00","og_image":[{"width":1600,"height":545,"url":"https:\/\/www.eldiario.net\/portal\/wp-content\/uploads\/2025\/05\/8-A-1-1.jpeg","type":"image\/jpeg"}],"author":"Jeanette","twitter_card":"summary_large_image","twitter_creator":"@eldiario_net","twitter_site":"@eldiario_net","twitter_misc":{"Escrito por":"Jeanette","Tiempo de lectura":"3 minutos"},"schema":{"@context":"https:\/\/schema.org","@graph":[{"@type":"Article","@id":"https:\/\/www.eldiario.net\/portal\/2025\/05\/19\/samsung-presenta-una-guia-de-regalos-para-celebrar-a-mama\/#article","isPartOf":{"@id":"https:\/\/www.eldiario.net\/portal\/2025\/05\/19\/samsung-presenta-una-guia-de-regalos-para-celebrar-a-mama\/"},"author":{"name":"Jeanette","@id":"https:\/\/www.eldiario.net\/portal\/#\/schema\/person\/f46445640444750d7d753ccd04ae01b7"},"headline":"Samsung presenta una gu\u00eda de regalos para celebrar a mam\u00e1","datePublished":"2025-05-19T10:04:26+00:00","mainEntityOfPage":{"@id":"https:\/\/www.eldiario.net\/portal\/2025\/05\/19\/samsung-presenta-una-guia-de-regalos-para-celebrar-a-mama\/"},"wordCount":576,"publisher":{"@id":"https:\/\/www.eldiario.net\/portal\/#organization"},"image":{"@id":"https:\/\/www.eldiario.net\/portal\/2025\/05\/19\/samsung-presenta-una-guia-de-regalos-para-celebrar-a-mama\/#primaryimage"},"thumbnailUrl":"https:\/\/www.eldiario.net\/portal\/wp-content\/uploads\/2025\/05\/8-A-1-1.jpeg","articleSection":["Ciencia y Computaci\u00f3n"],"inLanguage":"es"},{"@type":"WebPage","@id":"https:\/\/www.eldiario.net\/portal\/2025\/05\/19\/samsung-presenta-una-guia-de-regalos-para-celebrar-a-mama\/","url":"https:\/\/www.eldiario.net\/portal\/2025\/05\/19\/samsung-presenta-una-guia-de-regalos-para-celebrar-a-mama\/","name":"Samsung presenta una gu\u00eda de regalos para celebrar a mam\u00e1 - El Diario - Bolivia","isPartOf":{"@id":"https:\/\/www.eldiario.net\/portal\/#website"},"primaryImageOfPage":{"@id":"https:\/\/www.eldiario.net\/portal\/2025\/05\/19\/samsung-presenta-una-guia-de-regalos-para-celebrar-a-mama\/#primaryimage"},"image":{"@id":"https:\/\/www.eldiario.net\/portal\/2025\/05\/19\/samsung-presenta-una-guia-de-regalos-para-celebrar-a-mama\/#primaryimage"},"thumbnailUrl":"https:\/\/www.eldiario.net\/portal\/wp-content\/uploads\/2025\/05\/8-A-1-1.jpeg","datePublished":"2025-05-19T10:04:26+00:00","breadcrumb":{"@id":"https:\/\/www.eldiario.net\/portal\/2025\/05\/19\/samsung-presenta-una-guia-de-regalos-para-celebrar-a-mama\/#breadcrumb"},"inLanguage":"es","potentialAction":[{"@type":"ReadAction","target":["https:\/\/www.eldiario.net\/portal\/2025\/05\/19\/samsung-presenta-una-guia-de-regalos-para-celebrar-a-mama\/"]}]},{"@type":"ImageObject","inLanguage":"es","@id":"https:\/\/www.eldiario.net\/portal\/2025\/05\/19\/samsung-presenta-una-guia-de-regalos-para-celebrar-a-mama\/#primaryimage","url":"https:\/\/www.eldiario.net\/portal\/wp-content\/uploads\/2025\/05\/8-A-1-1.jpeg","contentUrl":"https:\/\/www.eldiario.net\/portal\/wp-content\/uploads\/2025\/05\/8-A-1-1.jpeg","width":1600,"height":545},{"@type":"BreadcrumbList","@id":"https:\/\/www.eldiario.net\/portal\/2025\/05\/19\/samsung-presenta-una-guia-de-regalos-para-celebrar-a-mama\/#breadcrumb","itemListElement":[{"@type":"ListItem","position":1,"name":"Portada","item":"https:\/\/www.eldiario.net\/portal\/"},{"@type":"ListItem","position":2,"name":"Samsung presenta una gu\u00eda de regalos para celebrar a mam\u00e1"}]},{"@type":"WebSite","@id":"https:\/\/www.eldiario.net\/portal\/#website","url":"https:\/\/www.eldiario.net\/portal\/","name":"El Diario - Decano de la prensa nacional","description":"El Diario - Decano de la prensa nacional","publisher":{"@id":"https:\/\/www.eldiario.net\/portal\/#organization"},"potentialAction":[{"@type":"SearchAction","target":{"@type":"EntryPoint","urlTemplate":"https:\/\/www.eldiario.net\/portal\/?s={search_term_string}"},"query-input":{"@type":"PropertyValueSpecification","valueRequired":true,"valueName":"search_term_string"}}],"inLanguage":"es"},{"@type":"Organization","@id":"https:\/\/www.eldiario.net\/portal\/#organization","name":"El Diario - Decano de la prensa nacional","url":"https:\/\/www.eldiario.net\/portal\/","logo":{"@type":"ImageObject","inLanguage":"es","@id":"https:\/\/www.eldiario.net\/portal\/#\/schema\/logo\/image\/","url":"https:\/\/www.eldiario.net\/portal\/wp-content\/uploads\/2023\/07\/logo_ED.jpg","contentUrl":"https:\/\/www.eldiario.net\/portal\/wp-content\/uploads\/2023\/07\/logo_ED.jpg","width":272,"height":52,"caption":"El Diario - Decano de la prensa nacional"},"image":{"@id":"https:\/\/www.eldiario.net\/portal\/#\/schema\/logo\/image\/"},"sameAs":["https:\/\/www.facebook.com\/eldiario.bolivia\/","https:\/\/x.com\/eldiario_net"]},{"@type":"Person","@id":"https:\/\/www.eldiario.net\/portal\/#\/schema\/person\/f46445640444750d7d753ccd04ae01b7","name":"Jeanette","image":{"@type":"ImageObject","inLanguage":"es","@id":"https:\/\/secure.gravatar.com\/avatar\/3ea2118a5f7dad2b7138b1187a6b7ee55f160b9968b66013c3a3ef39dd7e5798?s=96&d=mm&r=g","url":"https:\/\/secure.gravatar.com\/avatar\/3ea2118a5f7dad2b7138b1187a6b7ee55f160b9968b66013c3a3ef39dd7e5798?s=96&d=mm&r=g","contentUrl":"https:\/\/secure.gravatar.com\/avatar\/3ea2118a5f7dad2b7138b1187a6b7ee55f160b9968b66013c3a3ef39dd7e5798?s=96&d=mm&r=g","caption":"Jeanette"},"sameAs":["https:\/\/www.eldiario.net\/portal"],"url":"https:\/\/www.eldiario.net\/portal\/author\/jeanette\/"}]}},"_links":{"self":[{"href":"https:\/\/www.eldiario.net\/portal\/wp-json\/wp\/v2\/posts\/303446","targetHints":{"allow":["GET"]}}],"collection":[{"href":"https:\/\/www.eldiario.net\/portal\/wp-json\/wp\/v2\/posts"}],"about":[{"href":"https:\/\/www.eldiario.net\/portal\/wp-json\/wp\/v2\/types\/post"}],"author":[{"embeddable":true,"href":"https:\/\/www.eldiario.net\/portal\/wp-json\/wp\/v2\/users\/1"}],"replies":[{"embeddable":true,"href":"https:\/\/www.eldiario.net\/portal\/wp-json\/wp\/v2\/comments?post=303446"}],"version-history":[{"count":1,"href":"https:\/\/www.eldiario.net\/portal\/wp-json\/wp\/v2\/posts\/303446\/revisions"}],"predecessor-version":[{"id":303449,"href":"https:\/\/www.eldiario.net\/portal\/wp-json\/wp\/v2\/posts\/303446\/revisions\/303449"}],"wp:featuredmedia":[{"embeddable":true,"href":"https:\/\/www.eldiario.net\/portal\/wp-json\/wp\/v2\/media\/303447"}],"wp:attachment":[{"href":"https:\/\/www.eldiario.net\/portal\/wp-json\/wp\/v2\/media?parent=303446"}],"wp:term":[{"taxonomy":"category","embeddable":true,"href":"https:\/\/www.eldiario.net\/portal\/wp-json\/wp\/v2\/categories?post=303446"},{"taxonomy":"post_tag","embeddable":true,"href":"https:\/\/www.eldiario.net\/portal\/wp-json\/wp\/v2\/tags?post=303446"}],"curies":[{"name":"wp","href":"https:\/\/api.w.org\/{rel}","templated":true}]}}