{"id":303422,"date":"2025-05-19T05:58:44","date_gmt":"2025-05-19T09:58:44","guid":{"rendered":"https:\/\/www.eldiario.net\/portal\/?p=303422"},"modified":"2025-05-19T05:58:44","modified_gmt":"2025-05-19T09:58:44","slug":"despedida-en-honor-de-la-embajadora-del-paraguay-en-la-residencia-paredes","status":"publish","type":"post","link":"https:\/\/www.eldiario.net\/portal\/2025\/05\/19\/despedida-en-honor-de-la-embajadora-del-paraguay-en-la-residencia-paredes\/","title":{"rendered":"Despedida en honor de la Embajadora del Paraguay en la residencia Paredes"},"content":{"rendered":"<p>La residencia Paredes fue escenario de una c\u00e1lida despedida en honor de la embajadora del Paraguay, Terumi Matsuo y su esposo Jorge Claverol, al t\u00e9rmino de su misi\u00f3n diplom\u00e1tica en Bolivia.<br \/>\nEl evento se caracteriz\u00f3 por un ambiente de cordialidad y reconocimiento a la labor de la embajadora durante su estad\u00eda en el pa\u00eds.<br \/>\nAmigos cercanos, miembros de la comunidad diplom\u00e1tica y representantes de diversos sectores de la sociedad pace\u00f1a se dieron cita para expresar su gratitud y desearle \u00e9xito en sus futuros emprendimientos. Durante la velada, se destacaron los esfuerzos de la embajadora por fortalecer los lazos de amistad y cooperaci\u00f3n entre Paraguay y Bolivia.<br \/>\nEl anfitri\u00f3n Mario Paredes ofreci\u00f3 unas palabras en las que resalt\u00f3 la dedicaci\u00f3n y el compromiso de la embajadora, subrayando su importante contribuci\u00f3n al acercamiento bilateral. Por su parte, la embajadora agradeci\u00f3 el gesto y la calidez recibida durante su tiempo en Bolivia, reiterando su afecto por el pa\u00eds y su gente.<\/p>\n\r\n                <style type=\"text\/css\">\r\n                    \r\n                    #tdi_1  .td-doubleSlider-2 .td-item1 {\r\n                        background: url(https:\/\/www.eldiario.net\/portal\/wp-content\/uploads\/2025\/05\/DSC_9313-80x60.jpg) 0 0 no-repeat;\r\n                    }\r\n                    #tdi_1  .td-doubleSlider-2 .td-item2 {\r\n                        background: url(https:\/\/www.eldiario.net\/portal\/wp-content\/uploads\/2025\/05\/DSC_9398-80x60.jpg) 0 0 no-repeat;\r\n                    }\r\n                    #tdi_1  .td-doubleSlider-2 .td-item3 {\r\n                        background: url(https:\/\/www.eldiario.net\/portal\/wp-content\/uploads\/2025\/05\/DSC_9404-80x60.jpg) 0 0 no-repeat;\r\n                    }\r\n                    #tdi_1  .td-doubleSlider-2 .td-item4 {\r\n                        background: url(https:\/\/www.eldiario.net\/portal\/wp-content\/uploads\/2025\/05\/DSC_9458-80x60.jpg) 0 0 no-repeat;\r\n                    }\r\n                    #tdi_1  .td-doubleSlider-2 .td-item5 {\r\n                        background: url(https:\/\/www.eldiario.net\/portal\/wp-content\/uploads\/2025\/05\/DSC_9662-80x60.jpg) 0 0 no-repeat;\r\n                    }\r\n                    #tdi_1  .td-doubleSlider-2 .td-item6 {\r\n                        background: url(https:\/\/www.eldiario.net\/portal\/wp-content\/uploads\/2025\/05\/DSC_9666-80x60.jpg) 0 0 no-repeat;\r\n                    }\r\n                    #tdi_1  .td-doubleSlider-2 .td-item7 {\r\n                        background: url(https:\/\/www.eldiario.net\/portal\/wp-content\/uploads\/2025\/05\/DSC_9686-80x60.jpg) 0 0 no-repeat;\r\n                    }\r\n                    #tdi_1  .td-doubleSlider-2 .td-item8 {\r\n                        background: url(https:\/\/www.eldiario.net\/portal\/wp-content\/uploads\/2025\/05\/DSC_9784-80x60.jpg) 0 0 no-repeat;\r\n                    }\r\n                <\/style>\r\n\r\n                <div id=\"tdi_1\" class=\"td-gallery td-slide-on-2-columns\">\r\n                    <div class=\"post_td_gallery\">\r\n                        <div class=\"td-gallery-slide-top\">\r\n                           <div class=\"td-gallery-title\"><\/div>\r\n\r\n                            <div class=\"td-gallery-controls-wrapper\">\r\n                                <div class=\"td-gallery-slide-count\"><span class=\"td-gallery-slide-item-focus\">1<\/span> de 8<\/div>\r\n                                <div class=\"td-gallery-slide-prev-next-but\">\r\n                                    <i class = \"td-icon-left doubleSliderPrevButton\"><\/i>\r\n                                    <i class = \"td-icon-right doubleSliderNextButton\"><\/i>\r\n                                <\/div>\r\n                            <\/div>\r\n                        <\/div>\r\n\r\n                        <div class = \"td-doubleSlider-1 \">\r\n                            <div class = \"td-slider\">\r\n                                \r\n                    <div class = \"td-slide-item td-item1\">\r\n                        <figure class=\"td-slide-galery-figure td-slide-popup-gallery\">\r\n                            <a class=\"slide-gallery-image-link\" href=\"https:\/\/www.eldiario.net\/portal\/wp-content\/uploads\/2025\/05\/DSC_9313.jpg\" title=\"DSC_9313\"  data-caption=\"XIMENA BEHOTEGUY, XIMENA GALARZA Y NARDA PAREDES.\"  data-description=\"\">\r\n                                <img decoding=\"async\" src=\"https:\/\/www.eldiario.net\/portal\/wp-content\/uploads\/2025\/05\/DSC_9313-614x420.jpg\" srcset=\"https:\/\/www.eldiario.net\/portal\/wp-content\/uploads\/2025\/05\/DSC_9313-614x420.jpg 614w, https:\/\/www.eldiario.net\/portal\/wp-content\/uploads\/2025\/05\/DSC_9313-300x205.jpg 300w, https:\/\/www.eldiario.net\/portal\/wp-content\/uploads\/2025\/05\/DSC_9313-1024x701.jpg 1024w, https:\/\/www.eldiario.net\/portal\/wp-content\/uploads\/2025\/05\/DSC_9313-768x525.jpg 768w, https:\/\/www.eldiario.net\/portal\/wp-content\/uploads\/2025\/05\/DSC_9313-218x150.jpg 218w, https:\/\/www.eldiario.net\/portal\/wp-content\/uploads\/2025\/05\/DSC_9313-696x476.jpg 696w, https:\/\/www.eldiario.net\/portal\/wp-content\/uploads\/2025\/05\/DSC_9313-1068x731.jpg 1068w, https:\/\/www.eldiario.net\/portal\/wp-content\/uploads\/2025\/05\/DSC_9313.jpg 1200w\" sizes=\"(max-width: 614px) 100vw, 614px\" alt=\"\">\r\n                            <\/a>\r\n                            <figcaption class = \"td-slide-caption td-gallery-slide-content\"><div class = \"td-gallery-slide-copywrite\">XIMENA BEHOTEGUY, XIMENA GALARZA Y NARDA PAREDES.<\/div><\/figcaption>\r\n                        <\/figure>\r\n                    <\/div>\r\n                    <div class = \"td-slide-item td-item2\">\r\n                        <figure class=\"td-slide-galery-figure td-slide-popup-gallery\">\r\n                            <a class=\"slide-gallery-image-link\" href=\"https:\/\/www.eldiario.net\/portal\/wp-content\/uploads\/2025\/05\/DSC_9398.jpg\" title=\"DSC_9398\"  data-caption=\"LA AGASAJADA DEPARTE CONELISA LARREA, MARIO PAREDES, PATRICIA RIVERA Y GUSTAVO JAUREGUI.\"  data-description=\"\">\r\n                                <img decoding=\"async\" src=\"https:\/\/www.eldiario.net\/portal\/wp-content\/uploads\/2025\/05\/DSC_9398-635x420.jpg\" srcset=\"https:\/\/www.eldiario.net\/portal\/wp-content\/uploads\/2025\/05\/DSC_9398-635x420.jpg 635w, https:\/\/www.eldiario.net\/portal\/wp-content\/uploads\/2025\/05\/DSC_9398-300x199.jpg 300w, https:\/\/www.eldiario.net\/portal\/wp-content\/uploads\/2025\/05\/DSC_9398-1024x678.jpg 1024w, https:\/\/www.eldiario.net\/portal\/wp-content\/uploads\/2025\/05\/DSC_9398-768x508.jpg 768w, https:\/\/www.eldiario.net\/portal\/wp-content\/uploads\/2025\/05\/DSC_9398-696x461.jpg 696w, https:\/\/www.eldiario.net\/portal\/wp-content\/uploads\/2025\/05\/DSC_9398-1068x707.jpg 1068w, https:\/\/www.eldiario.net\/portal\/wp-content\/uploads\/2025\/05\/DSC_9398.jpg 1200w\" sizes=\"(max-width: 635px) 100vw, 635px\" alt=\"\">\r\n                            <\/a>\r\n                            <figcaption class = \"td-slide-caption td-gallery-slide-content\"><div class = \"td-gallery-slide-copywrite\">LA AGASAJADA DEPARTE CONELISA LARREA, MARIO PAREDES, PATRICIA RIVERA Y GUSTAVO JAUREGUI.<\/div><\/figcaption>\r\n                        <\/figure>\r\n                    <\/div>\r\n                    <div class = \"td-slide-item td-item3\">\r\n                        <figure class=\"td-slide-galery-figure td-slide-popup-gallery\">\r\n                            <a class=\"slide-gallery-image-link\" href=\"https:\/\/www.eldiario.net\/portal\/wp-content\/uploads\/2025\/05\/DSC_9404.jpg\" title=\"DSC_9404\"  data-caption=\"\"  data-description=\"\">\r\n                                <img decoding=\"async\" src=\"https:\/\/www.eldiario.net\/portal\/wp-content\/uploads\/2025\/05\/DSC_9404-565x420.jpg\" srcset=\"https:\/\/www.eldiario.net\/portal\/wp-content\/uploads\/2025\/05\/DSC_9404-565x420.jpg 565w, https:\/\/www.eldiario.net\/portal\/wp-content\/uploads\/2025\/05\/DSC_9404-300x223.jpg 300w, https:\/\/www.eldiario.net\/portal\/wp-content\/uploads\/2025\/05\/DSC_9404-1024x761.jpg 1024w, https:\/\/www.eldiario.net\/portal\/wp-content\/uploads\/2025\/05\/DSC_9404-768x571.jpg 768w, https:\/\/www.eldiario.net\/portal\/wp-content\/uploads\/2025\/05\/DSC_9404-80x60.jpg 80w, https:\/\/www.eldiario.net\/portal\/wp-content\/uploads\/2025\/05\/DSC_9404-485x360.jpg 485w, https:\/\/www.eldiario.net\/portal\/wp-content\/uploads\/2025\/05\/DSC_9404-696x517.jpg 696w, https:\/\/www.eldiario.net\/portal\/wp-content\/uploads\/2025\/05\/DSC_9404-1068x794.jpg 1068w, https:\/\/www.eldiario.net\/portal\/wp-content\/uploads\/2025\/05\/DSC_9404.jpg 1200w\" sizes=\"(max-width: 565px) 100vw, 565px\" alt=\"\">\r\n                            <\/a>\r\n                            \r\n                        <\/figure>\r\n                    <\/div>\r\n                    <div class = \"td-slide-item td-item4\">\r\n                        <figure class=\"td-slide-galery-figure td-slide-popup-gallery\">\r\n                            <a class=\"slide-gallery-image-link\" href=\"https:\/\/www.eldiario.net\/portal\/wp-content\/uploads\/2025\/05\/DSC_9458.jpg\" title=\"DSC_9458\"  data-caption=\" ANDREA ULLOA, XIMENA BEHOTEGUY, TERUMI MATSUO, NARDA PAREDES, PATRICIA RIVERA, MA. REN\u00c9 CENTELLAS, XIMENA GALARZA Y CYNTHIA ARAMAYO.\"  data-description=\"\">\r\n                                <img decoding=\"async\" src=\"https:\/\/www.eldiario.net\/portal\/wp-content\/uploads\/2025\/05\/DSC_9458-610x420.jpg\" srcset=\"https:\/\/www.eldiario.net\/portal\/wp-content\/uploads\/2025\/05\/DSC_9458-610x420.jpg 610w, https:\/\/www.eldiario.net\/portal\/wp-content\/uploads\/2025\/05\/DSC_9458-300x207.jpg 300w, https:\/\/www.eldiario.net\/portal\/wp-content\/uploads\/2025\/05\/DSC_9458-1024x705.jpg 1024w, https:\/\/www.eldiario.net\/portal\/wp-content\/uploads\/2025\/05\/DSC_9458-768x529.jpg 768w, https:\/\/www.eldiario.net\/portal\/wp-content\/uploads\/2025\/05\/DSC_9458-218x150.jpg 218w, https:\/\/www.eldiario.net\/portal\/wp-content\/uploads\/2025\/05\/DSC_9458-696x479.jpg 696w, https:\/\/www.eldiario.net\/portal\/wp-content\/uploads\/2025\/05\/DSC_9458-1068x735.jpg 1068w, https:\/\/www.eldiario.net\/portal\/wp-content\/uploads\/2025\/05\/DSC_9458.jpg 1200w\" sizes=\"(max-width: 610px) 100vw, 610px\" alt=\"\">\r\n                            <\/a>\r\n                            <figcaption class = \"td-slide-caption td-gallery-slide-content\"><div class = \"td-gallery-slide-copywrite\"> ANDREA ULLOA, XIMENA BEHOTEGUY, TERUMI MATSUO, NARDA PAREDES, PATRICIA RIVERA, MA. REN\u00c9 CENTELLAS, XIMENA GALARZA Y CYNTHIA ARAMAYO.<\/div><\/figcaption>\r\n                        <\/figure>\r\n                    <\/div>\r\n                    <div class = \"td-slide-item td-item5\">\r\n                        <figure class=\"td-slide-galery-figure td-slide-popup-gallery\">\r\n                            <a class=\"slide-gallery-image-link\" href=\"https:\/\/www.eldiario.net\/portal\/wp-content\/uploads\/2025\/05\/DSC_9662.jpg\" title=\"DSC_9662\"  data-caption=\"MARIO PAREDES, JUAN CARLOS VISCARRA, EL EMBAJADOR DE ESPA\u00d1A, FERNANDO GARC\u00cdA CASAS, ROLANDO KEMPFF Y \u00c1NGELES GARC\u00cdA.\"  data-description=\"\">\r\n                                <img decoding=\"async\" src=\"https:\/\/www.eldiario.net\/portal\/wp-content\/uploads\/2025\/05\/DSC_9662-653x420.jpg\" srcset=\"https:\/\/www.eldiario.net\/portal\/wp-content\/uploads\/2025\/05\/DSC_9662-653x420.jpg 653w, https:\/\/www.eldiario.net\/portal\/wp-content\/uploads\/2025\/05\/DSC_9662-300x193.jpg 300w, https:\/\/www.eldiario.net\/portal\/wp-content\/uploads\/2025\/05\/DSC_9662-1024x659.jpg 1024w, https:\/\/www.eldiario.net\/portal\/wp-content\/uploads\/2025\/05\/DSC_9662-768x494.jpg 768w, https:\/\/www.eldiario.net\/portal\/wp-content\/uploads\/2025\/05\/DSC_9662-696x448.jpg 696w, https:\/\/www.eldiario.net\/portal\/wp-content\/uploads\/2025\/05\/DSC_9662-1068x687.jpg 1068w, https:\/\/www.eldiario.net\/portal\/wp-content\/uploads\/2025\/05\/DSC_9662.jpg 1200w\" sizes=\"(max-width: 653px) 100vw, 653px\" alt=\"\">\r\n                            <\/a>\r\n                            <figcaption class = \"td-slide-caption td-gallery-slide-content\"><div class = \"td-gallery-slide-copywrite\">MARIO PAREDES, JUAN CARLOS VISCARRA, EL EMBAJADOR DE ESPA\u00d1A, FERNANDO GARC\u00cdA CASAS, ROLANDO KEMPFF Y \u00c1NGELES GARC\u00cdA.<\/div><\/figcaption>\r\n                        <\/figure>\r\n                    <\/div>\r\n                    <div class = \"td-slide-item td-item6\">\r\n                        <figure class=\"td-slide-galery-figure td-slide-popup-gallery\">\r\n                            <a class=\"slide-gallery-image-link\" href=\"https:\/\/www.eldiario.net\/portal\/wp-content\/uploads\/2025\/05\/DSC_9666.jpg\" title=\"DSC_9666\"  data-caption=\"LOS ESPOSOS ASCARRUNZ, MARIO PAREDES, JUAN CARLOS VISCARRA, FERNANDO Y \u00c1NGELES GARC\u00cdA CASAS Y ROLANDO KEMPFF.\"  data-description=\"\">\r\n                                <img decoding=\"async\" src=\"https:\/\/www.eldiario.net\/portal\/wp-content\/uploads\/2025\/05\/DSC_9666-645x420.jpg\" srcset=\"https:\/\/www.eldiario.net\/portal\/wp-content\/uploads\/2025\/05\/DSC_9666-645x420.jpg 645w, https:\/\/www.eldiario.net\/portal\/wp-content\/uploads\/2025\/05\/DSC_9666-300x195.jpg 300w, https:\/\/www.eldiario.net\/portal\/wp-content\/uploads\/2025\/05\/DSC_9666-1024x666.jpg 1024w, https:\/\/www.eldiario.net\/portal\/wp-content\/uploads\/2025\/05\/DSC_9666-768x500.jpg 768w, https:\/\/www.eldiario.net\/portal\/wp-content\/uploads\/2025\/05\/DSC_9666-696x453.jpg 696w, https:\/\/www.eldiario.net\/portal\/wp-content\/uploads\/2025\/05\/DSC_9666-1068x695.jpg 1068w, https:\/\/www.eldiario.net\/portal\/wp-content\/uploads\/2025\/05\/DSC_9666.jpg 1200w\" sizes=\"(max-width: 645px) 100vw, 645px\" alt=\"\">\r\n                            <\/a>\r\n                            <figcaption class = \"td-slide-caption td-gallery-slide-content\"><div class = \"td-gallery-slide-copywrite\">LOS ESPOSOS ASCARRUNZ, MARIO PAREDES, JUAN CARLOS VISCARRA, FERNANDO Y \u00c1NGELES GARC\u00cdA CASAS Y ROLANDO KEMPFF.<\/div><\/figcaption>\r\n                        <\/figure>\r\n                    <\/div>\r\n                    <div class = \"td-slide-item td-item7\">\r\n                        <figure class=\"td-slide-galery-figure td-slide-popup-gallery\">\r\n                            <a class=\"slide-gallery-image-link\" href=\"https:\/\/www.eldiario.net\/portal\/wp-content\/uploads\/2025\/05\/DSC_9686.jpg\" title=\"DSC_9686\"  data-caption=\"FERNANDO MARR, EMBAJADOR DE ESPA\u00d1A; DOUGLAS  ASCARRUNZ A., JORGE  BARRAZA, MARIO PAREDES Y CLAUDIA BENAVENTE.\"  data-description=\"\">\r\n                                <img decoding=\"async\" src=\"https:\/\/www.eldiario.net\/portal\/wp-content\/uploads\/2025\/05\/DSC_9686-605x420.jpg\" srcset=\"https:\/\/www.eldiario.net\/portal\/wp-content\/uploads\/2025\/05\/DSC_9686-605x420.jpg 605w, https:\/\/www.eldiario.net\/portal\/wp-content\/uploads\/2025\/05\/DSC_9686-300x208.jpg 300w, https:\/\/www.eldiario.net\/portal\/wp-content\/uploads\/2025\/05\/DSC_9686-1024x711.jpg 1024w, https:\/\/www.eldiario.net\/portal\/wp-content\/uploads\/2025\/05\/DSC_9686-768x533.jpg 768w, https:\/\/www.eldiario.net\/portal\/wp-content\/uploads\/2025\/05\/DSC_9686-218x150.jpg 218w, https:\/\/www.eldiario.net\/portal\/wp-content\/uploads\/2025\/05\/DSC_9686-696x483.jpg 696w, https:\/\/www.eldiario.net\/portal\/wp-content\/uploads\/2025\/05\/DSC_9686-1068x741.jpg 1068w, https:\/\/www.eldiario.net\/portal\/wp-content\/uploads\/2025\/05\/DSC_9686.jpg 1200w\" sizes=\"(max-width: 605px) 100vw, 605px\" alt=\"\">\r\n                            <\/a>\r\n                            <figcaption class = \"td-slide-caption td-gallery-slide-content\"><div class = \"td-gallery-slide-copywrite\">FERNANDO MARR, EMBAJADOR DE ESPA\u00d1A; DOUGLAS  ASCARRUNZ A., JORGE  BARRAZA, MARIO PAREDES Y CLAUDIA BENAVENTE.<\/div><\/figcaption>\r\n                        <\/figure>\r\n                    <\/div>\r\n                    <div class = \"td-slide-item td-item8\">\r\n                        <figure class=\"td-slide-galery-figure td-slide-popup-gallery\">\r\n                            <a class=\"slide-gallery-image-link\" href=\"https:\/\/www.eldiario.net\/portal\/wp-content\/uploads\/2025\/05\/DSC_9784.jpg\" title=\"DSC_9784\"  data-caption=\"MARIO PAREDES, TERUMI MATSUO DE CLAVEROL, NARDA DE PAREDES Y JORGE CLAVEROL\"  data-description=\"\">\r\n                                <img decoding=\"async\" src=\"https:\/\/www.eldiario.net\/portal\/wp-content\/uploads\/2025\/05\/DSC_9784-589x420.jpg\" srcset=\"https:\/\/www.eldiario.net\/portal\/wp-content\/uploads\/2025\/05\/DSC_9784-589x420.jpg 589w, https:\/\/www.eldiario.net\/portal\/wp-content\/uploads\/2025\/05\/DSC_9784-300x214.jpg 300w, https:\/\/www.eldiario.net\/portal\/wp-content\/uploads\/2025\/05\/DSC_9784-1024x730.jpg 1024w, https:\/\/www.eldiario.net\/portal\/wp-content\/uploads\/2025\/05\/DSC_9784-768x548.jpg 768w, https:\/\/www.eldiario.net\/portal\/wp-content\/uploads\/2025\/05\/DSC_9784-696x496.jpg 696w, https:\/\/www.eldiario.net\/portal\/wp-content\/uploads\/2025\/05\/DSC_9784-1068x762.jpg 1068w, https:\/\/www.eldiario.net\/portal\/wp-content\/uploads\/2025\/05\/DSC_9784.jpg 1200w\" sizes=\"(max-width: 589px) 100vw, 589px\" alt=\"\">\r\n                            <\/a>\r\n                            <figcaption class = \"td-slide-caption td-gallery-slide-content\"><div class = \"td-gallery-slide-copywrite\">MARIO PAREDES, TERUMI MATSUO DE CLAVEROL, NARDA DE PAREDES Y JORGE CLAVEROL<\/div><\/figcaption>\r\n                        <\/figure>\r\n                    <\/div>\r\n                            <\/div>\r\n                        <\/div>\r\n\r\n                        <div class = \"td-doubleSlider-2\">\r\n                            <div class = \"td-slider\">\r\n                                \r\n                    <div class = \"td-button td-item1\">\r\n                        <div class = \"td-border\"><\/div>\r\n                    <\/div>\r\n                    <div class = \"td-button td-item2\">\r\n                        <div class = \"td-border\"><\/div>\r\n                    <\/div>\r\n                    <div class = \"td-button td-item3\">\r\n                        <div class = \"td-border\"><\/div>\r\n                    <\/div>\r\n                    <div class = \"td-button td-item4\">\r\n                        <div class = \"td-border\"><\/div>\r\n                    <\/div>\r\n                    <div class = \"td-button td-item5\">\r\n                        <div class = \"td-border\"><\/div>\r\n                    <\/div>\r\n                    <div class = \"td-button td-item6\">\r\n                        <div class = \"td-border\"><\/div>\r\n                    <\/div>\r\n                    <div class = \"td-button td-item7\">\r\n                        <div class = \"td-border\"><\/div>\r\n                    <\/div>\r\n                    <div class = \"td-button td-item8\">\r\n                        <div class = \"td-border\"><\/div>\r\n                    <\/div>\r\n                            <\/div>\r\n                        <\/div>\r\n\r\n                    <\/div>\r\n\r\n                <\/div>\r\n                \n","protected":false},"excerpt":{"rendered":"<p>La residencia Paredes fue escenario de una c\u00e1lida despedida en honor de la embajadora del Paraguay, Terumi Matsuo y su esposo Jorge Claverol, al t\u00e9rmino de su misi\u00f3n diplom\u00e1tica en Bolivia. El evento se caracteriz\u00f3 por un ambiente de cordialidad y reconocimiento a la labor de la embajadora durante su estad\u00eda en el pa\u00eds. Amigos [&hellip;]<\/p>\n","protected":false},"author":1,"featured_media":303430,"comment_status":"closed","ping_status":"open","sticky":false,"template":"","format":"standard","meta":{"_acf_changed":false,"footnotes":""},"categories":[40],"tags":[],"class_list":["post-303422","post","type-post","status-publish","format-standard","has-post-thumbnail","category-sociales"],"acf":{"antetitulo":""},"yoast_head":"<!-- This site is optimized with the Yoast SEO plugin v28.3 - https:\/\/yoast.com\/product\/yoast-seo-wordpress\/ -->\n<title>Despedida en honor de la Embajadora del Paraguay en la residencia Paredes - El Diario - Bolivia<\/title>\n<meta name=\"robots\" content=\"index, follow, max-snippet:-1, max-image-preview:large, max-video-preview:-1\" \/>\n<link rel=\"canonical\" href=\"https:\/\/www.eldiario.net\/portal\/2025\/05\/19\/despedida-en-honor-de-la-embajadora-del-paraguay-en-la-residencia-paredes\/\" \/>\n<meta property=\"og:locale\" content=\"es_ES\" \/>\n<meta property=\"og:type\" content=\"article\" \/>\n<meta property=\"og:title\" content=\"Despedida en honor de la Embajadora del Paraguay en la residencia Paredes - El Diario - Bolivia\" \/>\n<meta property=\"og:description\" content=\"La residencia Paredes fue escenario de una c\u00e1lida despedida en honor de la embajadora del Paraguay, Terumi Matsuo y su esposo Jorge Claverol, al t\u00e9rmino de su misi\u00f3n diplom\u00e1tica en Bolivia. El evento se caracteriz\u00f3 por un ambiente de cordialidad y reconocimiento a la labor de la embajadora durante su estad\u00eda en el pa\u00eds. Amigos [&hellip;]\" \/>\n<meta property=\"og:url\" content=\"https:\/\/www.eldiario.net\/portal\/2025\/05\/19\/despedida-en-honor-de-la-embajadora-del-paraguay-en-la-residencia-paredes\/\" \/>\n<meta property=\"og:site_name\" content=\"El Diario - Bolivia\" \/>\n<meta property=\"article:publisher\" content=\"https:\/\/www.facebook.com\/eldiario.bolivia\/\" \/>\n<meta property=\"article:published_time\" content=\"2025-05-19T09:58:44+00:00\" \/>\n<meta property=\"og:image\" content=\"https:\/\/www.eldiario.net\/portal\/wp-content\/uploads\/2025\/05\/DSC_9784.jpg\" \/>\n\t<meta property=\"og:image:width\" content=\"1200\" \/>\n\t<meta property=\"og:image:height\" content=\"856\" \/>\n\t<meta property=\"og:image:type\" content=\"image\/jpeg\" \/>\n<meta name=\"author\" content=\"Jeanette\" \/>\n<meta name=\"twitter:card\" content=\"summary_large_image\" \/>\n<meta name=\"twitter:creator\" content=\"@eldiario_net\" \/>\n<meta name=\"twitter:site\" content=\"@eldiario_net\" \/>\n<meta name=\"twitter:label1\" content=\"Escrito por\" \/>\n\t<meta name=\"twitter:data1\" content=\"Jeanette\" \/>\n\t<meta name=\"twitter:label2\" content=\"Tiempo de lectura\" \/>\n\t<meta name=\"twitter:data2\" content=\"1 minuto\" \/>\n<script type=\"application\/ld+json\" class=\"yoast-schema-graph\">{\"@context\":\"https:\\\/\\\/schema.org\",\"@graph\":[{\"@type\":\"Article\",\"@id\":\"https:\\\/\\\/www.eldiario.net\\\/portal\\\/2025\\\/05\\\/19\\\/despedida-en-honor-de-la-embajadora-del-paraguay-en-la-residencia-paredes\\\/#article\",\"isPartOf\":{\"@id\":\"https:\\\/\\\/www.eldiario.net\\\/portal\\\/2025\\\/05\\\/19\\\/despedida-en-honor-de-la-embajadora-del-paraguay-en-la-residencia-paredes\\\/\"},\"author\":{\"name\":\"Jeanette\",\"@id\":\"https:\\\/\\\/www.eldiario.net\\\/portal\\\/#\\\/schema\\\/person\\\/f46445640444750d7d753ccd04ae01b7\"},\"headline\":\"Despedida en honor de la Embajadora del Paraguay en la residencia Paredes\",\"datePublished\":\"2025-05-19T09:58:44+00:00\",\"mainEntityOfPage\":{\"@id\":\"https:\\\/\\\/www.eldiario.net\\\/portal\\\/2025\\\/05\\\/19\\\/despedida-en-honor-de-la-embajadora-del-paraguay-en-la-residencia-paredes\\\/\"},\"wordCount\":192,\"publisher\":{\"@id\":\"https:\\\/\\\/www.eldiario.net\\\/portal\\\/#organization\"},\"image\":{\"@id\":\"https:\\\/\\\/www.eldiario.net\\\/portal\\\/2025\\\/05\\\/19\\\/despedida-en-honor-de-la-embajadora-del-paraguay-en-la-residencia-paredes\\\/#primaryimage\"},\"thumbnailUrl\":\"https:\\\/\\\/www.eldiario.net\\\/portal\\\/wp-content\\\/uploads\\\/2025\\\/05\\\/DSC_9784.jpg\",\"articleSection\":[\"Sociales\"],\"inLanguage\":\"es\"},{\"@type\":\"WebPage\",\"@id\":\"https:\\\/\\\/www.eldiario.net\\\/portal\\\/2025\\\/05\\\/19\\\/despedida-en-honor-de-la-embajadora-del-paraguay-en-la-residencia-paredes\\\/\",\"url\":\"https:\\\/\\\/www.eldiario.net\\\/portal\\\/2025\\\/05\\\/19\\\/despedida-en-honor-de-la-embajadora-del-paraguay-en-la-residencia-paredes\\\/\",\"name\":\"Despedida en honor de la Embajadora del Paraguay en la residencia Paredes - El Diario - Bolivia\",\"isPartOf\":{\"@id\":\"https:\\\/\\\/www.eldiario.net\\\/portal\\\/#website\"},\"primaryImageOfPage\":{\"@id\":\"https:\\\/\\\/www.eldiario.net\\\/portal\\\/2025\\\/05\\\/19\\\/despedida-en-honor-de-la-embajadora-del-paraguay-en-la-residencia-paredes\\\/#primaryimage\"},\"image\":{\"@id\":\"https:\\\/\\\/www.eldiario.net\\\/portal\\\/2025\\\/05\\\/19\\\/despedida-en-honor-de-la-embajadora-del-paraguay-en-la-residencia-paredes\\\/#primaryimage\"},\"thumbnailUrl\":\"https:\\\/\\\/www.eldiario.net\\\/portal\\\/wp-content\\\/uploads\\\/2025\\\/05\\\/DSC_9784.jpg\",\"datePublished\":\"2025-05-19T09:58:44+00:00\",\"breadcrumb\":{\"@id\":\"https:\\\/\\\/www.eldiario.net\\\/portal\\\/2025\\\/05\\\/19\\\/despedida-en-honor-de-la-embajadora-del-paraguay-en-la-residencia-paredes\\\/#breadcrumb\"},\"inLanguage\":\"es\",\"potentialAction\":[{\"@type\":\"ReadAction\",\"target\":[\"https:\\\/\\\/www.eldiario.net\\\/portal\\\/2025\\\/05\\\/19\\\/despedida-en-honor-de-la-embajadora-del-paraguay-en-la-residencia-paredes\\\/\"]}]},{\"@type\":\"ImageObject\",\"inLanguage\":\"es\",\"@id\":\"https:\\\/\\\/www.eldiario.net\\\/portal\\\/2025\\\/05\\\/19\\\/despedida-en-honor-de-la-embajadora-del-paraguay-en-la-residencia-paredes\\\/#primaryimage\",\"url\":\"https:\\\/\\\/www.eldiario.net\\\/portal\\\/wp-content\\\/uploads\\\/2025\\\/05\\\/DSC_9784.jpg\",\"contentUrl\":\"https:\\\/\\\/www.eldiario.net\\\/portal\\\/wp-content\\\/uploads\\\/2025\\\/05\\\/DSC_9784.jpg\",\"width\":1200,\"height\":856,\"caption\":\"MARIO PAREDES, TERUMI MATSUO DE CLAVEROL, NARDA DE PAREDES Y JORGE CLAVEROL\"},{\"@type\":\"BreadcrumbList\",\"@id\":\"https:\\\/\\\/www.eldiario.net\\\/portal\\\/2025\\\/05\\\/19\\\/despedida-en-honor-de-la-embajadora-del-paraguay-en-la-residencia-paredes\\\/#breadcrumb\",\"itemListElement\":[{\"@type\":\"ListItem\",\"position\":1,\"name\":\"Portada\",\"item\":\"https:\\\/\\\/www.eldiario.net\\\/portal\\\/\"},{\"@type\":\"ListItem\",\"position\":2,\"name\":\"Despedida en honor de la Embajadora del Paraguay en la residencia Paredes\"}]},{\"@type\":\"WebSite\",\"@id\":\"https:\\\/\\\/www.eldiario.net\\\/portal\\\/#website\",\"url\":\"https:\\\/\\\/www.eldiario.net\\\/portal\\\/\",\"name\":\"El Diario - Decano de la prensa nacional\",\"description\":\"El Diario - Decano de la prensa nacional\",\"publisher\":{\"@id\":\"https:\\\/\\\/www.eldiario.net\\\/portal\\\/#organization\"},\"potentialAction\":[{\"@type\":\"SearchAction\",\"target\":{\"@type\":\"EntryPoint\",\"urlTemplate\":\"https:\\\/\\\/www.eldiario.net\\\/portal\\\/?s={search_term_string}\"},\"query-input\":{\"@type\":\"PropertyValueSpecification\",\"valueRequired\":true,\"valueName\":\"search_term_string\"}}],\"inLanguage\":\"es\"},{\"@type\":\"Organization\",\"@id\":\"https:\\\/\\\/www.eldiario.net\\\/portal\\\/#organization\",\"name\":\"El Diario - Decano de la prensa nacional\",\"url\":\"https:\\\/\\\/www.eldiario.net\\\/portal\\\/\",\"logo\":{\"@type\":\"ImageObject\",\"inLanguage\":\"es\",\"@id\":\"https:\\\/\\\/www.eldiario.net\\\/portal\\\/#\\\/schema\\\/logo\\\/image\\\/\",\"url\":\"https:\\\/\\\/www.eldiario.net\\\/portal\\\/wp-content\\\/uploads\\\/2023\\\/07\\\/logo_ED.jpg\",\"contentUrl\":\"https:\\\/\\\/www.eldiario.net\\\/portal\\\/wp-content\\\/uploads\\\/2023\\\/07\\\/logo_ED.jpg\",\"width\":272,\"height\":52,\"caption\":\"El Diario - Decano de la prensa nacional\"},\"image\":{\"@id\":\"https:\\\/\\\/www.eldiario.net\\\/portal\\\/#\\\/schema\\\/logo\\\/image\\\/\"},\"sameAs\":[\"https:\\\/\\\/www.facebook.com\\\/eldiario.bolivia\\\/\",\"https:\\\/\\\/x.com\\\/eldiario_net\"]},{\"@type\":\"Person\",\"@id\":\"https:\\\/\\\/www.eldiario.net\\\/portal\\\/#\\\/schema\\\/person\\\/f46445640444750d7d753ccd04ae01b7\",\"name\":\"Jeanette\",\"image\":{\"@type\":\"ImageObject\",\"inLanguage\":\"es\",\"@id\":\"https:\\\/\\\/secure.gravatar.com\\\/avatar\\\/3ea2118a5f7dad2b7138b1187a6b7ee55f160b9968b66013c3a3ef39dd7e5798?s=96&d=mm&r=g\",\"url\":\"https:\\\/\\\/secure.gravatar.com\\\/avatar\\\/3ea2118a5f7dad2b7138b1187a6b7ee55f160b9968b66013c3a3ef39dd7e5798?s=96&d=mm&r=g\",\"contentUrl\":\"https:\\\/\\\/secure.gravatar.com\\\/avatar\\\/3ea2118a5f7dad2b7138b1187a6b7ee55f160b9968b66013c3a3ef39dd7e5798?s=96&d=mm&r=g\",\"caption\":\"Jeanette\"},\"sameAs\":[\"https:\\\/\\\/www.eldiario.net\\\/portal\"],\"url\":\"https:\\\/\\\/www.eldiario.net\\\/portal\\\/author\\\/jeanette\\\/\"}]}<\/script>\n<!-- \/ Yoast SEO plugin. -->","yoast_head_json":{"title":"Despedida en honor de la Embajadora del Paraguay en la residencia Paredes - El Diario - Bolivia","robots":{"index":"index","follow":"follow","max-snippet":"max-snippet:-1","max-image-preview":"max-image-preview:large","max-video-preview":"max-video-preview:-1"},"canonical":"https:\/\/www.eldiario.net\/portal\/2025\/05\/19\/despedida-en-honor-de-la-embajadora-del-paraguay-en-la-residencia-paredes\/","og_locale":"es_ES","og_type":"article","og_title":"Despedida en honor de la Embajadora del Paraguay en la residencia Paredes - El Diario - Bolivia","og_description":"La residencia Paredes fue escenario de una c\u00e1lida despedida en honor de la embajadora del Paraguay, Terumi Matsuo y su esposo Jorge Claverol, al t\u00e9rmino de su misi\u00f3n diplom\u00e1tica en Bolivia. El evento se caracteriz\u00f3 por un ambiente de cordialidad y reconocimiento a la labor de la embajadora durante su estad\u00eda en el pa\u00eds. Amigos [&hellip;]","og_url":"https:\/\/www.eldiario.net\/portal\/2025\/05\/19\/despedida-en-honor-de-la-embajadora-del-paraguay-en-la-residencia-paredes\/","og_site_name":"El Diario - Bolivia","article_publisher":"https:\/\/www.facebook.com\/eldiario.bolivia\/","article_published_time":"2025-05-19T09:58:44+00:00","og_image":[{"width":1200,"height":856,"url":"https:\/\/www.eldiario.net\/portal\/wp-content\/uploads\/2025\/05\/DSC_9784.jpg","type":"image\/jpeg"}],"author":"Jeanette","twitter_card":"summary_large_image","twitter_creator":"@eldiario_net","twitter_site":"@eldiario_net","twitter_misc":{"Escrito por":"Jeanette","Tiempo de lectura":"1 minuto"},"schema":{"@context":"https:\/\/schema.org","@graph":[{"@type":"Article","@id":"https:\/\/www.eldiario.net\/portal\/2025\/05\/19\/despedida-en-honor-de-la-embajadora-del-paraguay-en-la-residencia-paredes\/#article","isPartOf":{"@id":"https:\/\/www.eldiario.net\/portal\/2025\/05\/19\/despedida-en-honor-de-la-embajadora-del-paraguay-en-la-residencia-paredes\/"},"author":{"name":"Jeanette","@id":"https:\/\/www.eldiario.net\/portal\/#\/schema\/person\/f46445640444750d7d753ccd04ae01b7"},"headline":"Despedida en honor de la Embajadora del Paraguay en la residencia Paredes","datePublished":"2025-05-19T09:58:44+00:00","mainEntityOfPage":{"@id":"https:\/\/www.eldiario.net\/portal\/2025\/05\/19\/despedida-en-honor-de-la-embajadora-del-paraguay-en-la-residencia-paredes\/"},"wordCount":192,"publisher":{"@id":"https:\/\/www.eldiario.net\/portal\/#organization"},"image":{"@id":"https:\/\/www.eldiario.net\/portal\/2025\/05\/19\/despedida-en-honor-de-la-embajadora-del-paraguay-en-la-residencia-paredes\/#primaryimage"},"thumbnailUrl":"https:\/\/www.eldiario.net\/portal\/wp-content\/uploads\/2025\/05\/DSC_9784.jpg","articleSection":["Sociales"],"inLanguage":"es"},{"@type":"WebPage","@id":"https:\/\/www.eldiario.net\/portal\/2025\/05\/19\/despedida-en-honor-de-la-embajadora-del-paraguay-en-la-residencia-paredes\/","url":"https:\/\/www.eldiario.net\/portal\/2025\/05\/19\/despedida-en-honor-de-la-embajadora-del-paraguay-en-la-residencia-paredes\/","name":"Despedida en honor de la Embajadora del Paraguay en la residencia Paredes - El Diario - Bolivia","isPartOf":{"@id":"https:\/\/www.eldiario.net\/portal\/#website"},"primaryImageOfPage":{"@id":"https:\/\/www.eldiario.net\/portal\/2025\/05\/19\/despedida-en-honor-de-la-embajadora-del-paraguay-en-la-residencia-paredes\/#primaryimage"},"image":{"@id":"https:\/\/www.eldiario.net\/portal\/2025\/05\/19\/despedida-en-honor-de-la-embajadora-del-paraguay-en-la-residencia-paredes\/#primaryimage"},"thumbnailUrl":"https:\/\/www.eldiario.net\/portal\/wp-content\/uploads\/2025\/05\/DSC_9784.jpg","datePublished":"2025-05-19T09:58:44+00:00","breadcrumb":{"@id":"https:\/\/www.eldiario.net\/portal\/2025\/05\/19\/despedida-en-honor-de-la-embajadora-del-paraguay-en-la-residencia-paredes\/#breadcrumb"},"inLanguage":"es","potentialAction":[{"@type":"ReadAction","target":["https:\/\/www.eldiario.net\/portal\/2025\/05\/19\/despedida-en-honor-de-la-embajadora-del-paraguay-en-la-residencia-paredes\/"]}]},{"@type":"ImageObject","inLanguage":"es","@id":"https:\/\/www.eldiario.net\/portal\/2025\/05\/19\/despedida-en-honor-de-la-embajadora-del-paraguay-en-la-residencia-paredes\/#primaryimage","url":"https:\/\/www.eldiario.net\/portal\/wp-content\/uploads\/2025\/05\/DSC_9784.jpg","contentUrl":"https:\/\/www.eldiario.net\/portal\/wp-content\/uploads\/2025\/05\/DSC_9784.jpg","width":1200,"height":856,"caption":"MARIO PAREDES, TERUMI MATSUO DE CLAVEROL, NARDA DE PAREDES Y JORGE CLAVEROL"},{"@type":"BreadcrumbList","@id":"https:\/\/www.eldiario.net\/portal\/2025\/05\/19\/despedida-en-honor-de-la-embajadora-del-paraguay-en-la-residencia-paredes\/#breadcrumb","itemListElement":[{"@type":"ListItem","position":1,"name":"Portada","item":"https:\/\/www.eldiario.net\/portal\/"},{"@type":"ListItem","position":2,"name":"Despedida en honor de la Embajadora del Paraguay en la residencia Paredes"}]},{"@type":"WebSite","@id":"https:\/\/www.eldiario.net\/portal\/#website","url":"https:\/\/www.eldiario.net\/portal\/","name":"El Diario - Decano de la prensa nacional","description":"El Diario - Decano de la prensa nacional","publisher":{"@id":"https:\/\/www.eldiario.net\/portal\/#organization"},"potentialAction":[{"@type":"SearchAction","target":{"@type":"EntryPoint","urlTemplate":"https:\/\/www.eldiario.net\/portal\/?s={search_term_string}"},"query-input":{"@type":"PropertyValueSpecification","valueRequired":true,"valueName":"search_term_string"}}],"inLanguage":"es"},{"@type":"Organization","@id":"https:\/\/www.eldiario.net\/portal\/#organization","name":"El Diario - Decano de la prensa nacional","url":"https:\/\/www.eldiario.net\/portal\/","logo":{"@type":"ImageObject","inLanguage":"es","@id":"https:\/\/www.eldiario.net\/portal\/#\/schema\/logo\/image\/","url":"https:\/\/www.eldiario.net\/portal\/wp-content\/uploads\/2023\/07\/logo_ED.jpg","contentUrl":"https:\/\/www.eldiario.net\/portal\/wp-content\/uploads\/2023\/07\/logo_ED.jpg","width":272,"height":52,"caption":"El Diario - Decano de la prensa nacional"},"image":{"@id":"https:\/\/www.eldiario.net\/portal\/#\/schema\/logo\/image\/"},"sameAs":["https:\/\/www.facebook.com\/eldiario.bolivia\/","https:\/\/x.com\/eldiario_net"]},{"@type":"Person","@id":"https:\/\/www.eldiario.net\/portal\/#\/schema\/person\/f46445640444750d7d753ccd04ae01b7","name":"Jeanette","image":{"@type":"ImageObject","inLanguage":"es","@id":"https:\/\/secure.gravatar.com\/avatar\/3ea2118a5f7dad2b7138b1187a6b7ee55f160b9968b66013c3a3ef39dd7e5798?s=96&d=mm&r=g","url":"https:\/\/secure.gravatar.com\/avatar\/3ea2118a5f7dad2b7138b1187a6b7ee55f160b9968b66013c3a3ef39dd7e5798?s=96&d=mm&r=g","contentUrl":"https:\/\/secure.gravatar.com\/avatar\/3ea2118a5f7dad2b7138b1187a6b7ee55f160b9968b66013c3a3ef39dd7e5798?s=96&d=mm&r=g","caption":"Jeanette"},"sameAs":["https:\/\/www.eldiario.net\/portal"],"url":"https:\/\/www.eldiario.net\/portal\/author\/jeanette\/"}]}},"_links":{"self":[{"href":"https:\/\/www.eldiario.net\/portal\/wp-json\/wp\/v2\/posts\/303422","targetHints":{"allow":["GET"]}}],"collection":[{"href":"https:\/\/www.eldiario.net\/portal\/wp-json\/wp\/v2\/posts"}],"about":[{"href":"https:\/\/www.eldiario.net\/portal\/wp-json\/wp\/v2\/types\/post"}],"author":[{"embeddable":true,"href":"https:\/\/www.eldiario.net\/portal\/wp-json\/wp\/v2\/users\/1"}],"replies":[{"embeddable":true,"href":"https:\/\/www.eldiario.net\/portal\/wp-json\/wp\/v2\/comments?post=303422"}],"version-history":[{"count":1,"href":"https:\/\/www.eldiario.net\/portal\/wp-json\/wp\/v2\/posts\/303422\/revisions"}],"predecessor-version":[{"id":303431,"href":"https:\/\/www.eldiario.net\/portal\/wp-json\/wp\/v2\/posts\/303422\/revisions\/303431"}],"wp:featuredmedia":[{"embeddable":true,"href":"https:\/\/www.eldiario.net\/portal\/wp-json\/wp\/v2\/media\/303430"}],"wp:attachment":[{"href":"https:\/\/www.eldiario.net\/portal\/wp-json\/wp\/v2\/media?parent=303422"}],"wp:term":[{"taxonomy":"category","embeddable":true,"href":"https:\/\/www.eldiario.net\/portal\/wp-json\/wp\/v2\/categories?post=303422"},{"taxonomy":"post_tag","embeddable":true,"href":"https:\/\/www.eldiario.net\/portal\/wp-json\/wp\/v2\/tags?post=303422"}],"curies":[{"name":"wp","href":"https:\/\/api.w.org\/{rel}","templated":true}]}}