{"id":303409,"date":"2025-05-19T05:48:47","date_gmt":"2025-05-19T09:48:47","guid":{"rendered":"https:\/\/www.eldiario.net\/portal\/?p=303409"},"modified":"2025-05-19T05:48:47","modified_gmt":"2025-05-19T09:48:47","slug":"hospital-de-montero-lanza-campana-de-donacion-de-sangre","status":"publish","type":"post","link":"https:\/\/www.eldiario.net\/portal\/2025\/05\/19\/hospital-de-montero-lanza-campana-de-donacion-de-sangre\/","title":{"rendered":"Hospital de Montero lanza  campa\u00f1a de donaci\u00f3n de sangre"},"content":{"rendered":"<p>Con la misi\u00f3n de salvar vidas, el hospital de tercer nivel de Montero, bajo la administraci\u00f3n de la Gobernaci\u00f3n cruce\u00f1a, lanz\u00f3 su \u201cCampa\u00f1a de Donaci\u00f3n de Sangre 2025\u201d, una movilizaci\u00f3n ciudadana que busca llegar al simb\u00f3lico donante n\u00famero 100 como meta inspiradora para fortalecer el sistema transfusional y promover una cultura de compromiso solidario en el norte cruce\u00f1o.<br \/>\nEl evento se realizar\u00e1 este mi\u00e9rcoles 21 de mayo, entre las 8:00 y las 12:00 horas, en instalaciones del mismo hospital, con el apoyo de la unidad m\u00f3vil del Banco de Sangre Regional Santa Cruz.<br \/>\nLa convocatoria est\u00e1 dirigida a todas las personas dispuestas a regalar vida con un gesto voluntario, r\u00e1pido y seguro.<\/p>\n<p>UNA ESPERANZA DE VIDA<br \/>\n\u201cDonar sangre es un acto de amor puro. Cada unidad puede salvar hasta tres vidas\u201d, expres\u00f3 Mar\u00eda Yavi Andia, jefa de la Unidad Transfusional de dicho nosocomio, quien lidera la campa\u00f1a.<br \/>\nIndic\u00f3 que se realizan alrededor de 120 transfusiones mensuales. \u201cDonar sangre es un acto de amor y compromiso con la vida. Los pacientes llegan cada d\u00eda con cuadros de emergencia que no esperan. Por eso necesitamos contar con un stock m\u00ednimo de hemocomponentes que nos permita actuar con rapidez\u201d, se\u00f1al\u00f3 Andia.<\/p>\n<p>\u00bfQUI\u00c9NES PUEDEN DONAR?<br \/>\nLas personas entre 18 y 60 a\u00f1os, que est\u00e9n con buena salud y un peso superior a 50 kg.<br \/>\nEs importante no haber consumido alimentos grasos al menos cuatro horas antes y presentar un documento de identidad vigente.<br \/>\nEmpero, no podr\u00e1n donar quienes hayan tenido tatuajes recientes, personas que consumen drogas intravenosas o padezcan enfermedades transmisibles por sangre. (Santa Cruz, agencias)<\/p>\n","protected":false},"excerpt":{"rendered":"<p>Con la misi\u00f3n de salvar vidas, el hospital de tercer nivel de Montero, bajo la administraci\u00f3n de la Gobernaci\u00f3n cruce\u00f1a, lanz\u00f3 su \u201cCampa\u00f1a de Donaci\u00f3n de Sangre 2025\u201d, una movilizaci\u00f3n ciudadana que busca llegar al simb\u00f3lico donante n\u00famero 100 como meta inspiradora para fortalecer el sistema transfusional y promover una cultura de compromiso solidario en [&hellip;]<\/p>\n","protected":false},"author":1,"featured_media":303410,"comment_status":"closed","ping_status":"open","sticky":false,"template":"","format":"standard","meta":{"_acf_changed":false,"footnotes":""},"categories":[12],"tags":[],"class_list":["post-303409","post","type-post","status-publish","format-standard","has-post-thumbnail","category-nacional"],"acf":{"antetitulo":"Santa Cruz"},"yoast_head":"<!-- This site is optimized with the Yoast SEO plugin v28.3 - https:\/\/yoast.com\/product\/yoast-seo-wordpress\/ -->\n<title>Hospital de Montero lanza campa\u00f1a de donaci\u00f3n de sangre - El Diario - Bolivia<\/title>\n<meta name=\"robots\" content=\"index, follow, max-snippet:-1, max-image-preview:large, max-video-preview:-1\" \/>\n<link rel=\"canonical\" href=\"https:\/\/www.eldiario.net\/portal\/2025\/05\/19\/hospital-de-montero-lanza-campana-de-donacion-de-sangre\/\" \/>\n<meta property=\"og:locale\" content=\"es_ES\" \/>\n<meta property=\"og:type\" content=\"article\" \/>\n<meta property=\"og:title\" content=\"Hospital de Montero lanza campa\u00f1a de donaci\u00f3n de sangre - El Diario - Bolivia\" \/>\n<meta property=\"og:description\" content=\"Con la misi\u00f3n de salvar vidas, el hospital de tercer nivel de Montero, bajo la administraci\u00f3n de la Gobernaci\u00f3n cruce\u00f1a, lanz\u00f3 su \u201cCampa\u00f1a de Donaci\u00f3n de Sangre 2025\u201d, una movilizaci\u00f3n ciudadana que busca llegar al simb\u00f3lico donante n\u00famero 100 como meta inspiradora para fortalecer el sistema transfusional y promover una cultura de compromiso solidario en [&hellip;]\" \/>\n<meta property=\"og:url\" content=\"https:\/\/www.eldiario.net\/portal\/2025\/05\/19\/hospital-de-montero-lanza-campana-de-donacion-de-sangre\/\" \/>\n<meta property=\"og:site_name\" content=\"El Diario - Bolivia\" \/>\n<meta property=\"article:publisher\" content=\"https:\/\/www.facebook.com\/eldiario.bolivia\/\" \/>\n<meta property=\"article:published_time\" content=\"2025-05-19T09:48:47+00:00\" \/>\n<meta property=\"og:image\" content=\"https:\/\/www.eldiario.net\/portal\/wp-content\/uploads\/2025\/05\/SANGRE-FOTO.jpg\" \/>\n\t<meta property=\"og:image:width\" content=\"1200\" \/>\n\t<meta property=\"og:image:height\" content=\"675\" \/>\n\t<meta property=\"og:image:type\" content=\"image\/jpeg\" \/>\n<meta name=\"author\" content=\"Jeanette\" \/>\n<meta name=\"twitter:card\" content=\"summary_large_image\" \/>\n<meta name=\"twitter:creator\" content=\"@eldiario_net\" \/>\n<meta name=\"twitter:site\" content=\"@eldiario_net\" \/>\n<meta name=\"twitter:label1\" content=\"Escrito por\" \/>\n\t<meta name=\"twitter:data1\" content=\"Jeanette\" \/>\n\t<meta name=\"twitter:label2\" content=\"Tiempo de lectura\" \/>\n\t<meta name=\"twitter:data2\" content=\"2 minutos\" \/>\n<script type=\"application\/ld+json\" class=\"yoast-schema-graph\">{\"@context\":\"https:\\\/\\\/schema.org\",\"@graph\":[{\"@type\":\"Article\",\"@id\":\"https:\\\/\\\/www.eldiario.net\\\/portal\\\/2025\\\/05\\\/19\\\/hospital-de-montero-lanza-campana-de-donacion-de-sangre\\\/#article\",\"isPartOf\":{\"@id\":\"https:\\\/\\\/www.eldiario.net\\\/portal\\\/2025\\\/05\\\/19\\\/hospital-de-montero-lanza-campana-de-donacion-de-sangre\\\/\"},\"author\":{\"name\":\"Jeanette\",\"@id\":\"https:\\\/\\\/www.eldiario.net\\\/portal\\\/#\\\/schema\\\/person\\\/f46445640444750d7d753ccd04ae01b7\"},\"headline\":\"Hospital de Montero lanza campa\u00f1a de donaci\u00f3n de sangre\",\"datePublished\":\"2025-05-19T09:48:47+00:00\",\"mainEntityOfPage\":{\"@id\":\"https:\\\/\\\/www.eldiario.net\\\/portal\\\/2025\\\/05\\\/19\\\/hospital-de-montero-lanza-campana-de-donacion-de-sangre\\\/\"},\"wordCount\":286,\"publisher\":{\"@id\":\"https:\\\/\\\/www.eldiario.net\\\/portal\\\/#organization\"},\"image\":{\"@id\":\"https:\\\/\\\/www.eldiario.net\\\/portal\\\/2025\\\/05\\\/19\\\/hospital-de-montero-lanza-campana-de-donacion-de-sangre\\\/#primaryimage\"},\"thumbnailUrl\":\"https:\\\/\\\/www.eldiario.net\\\/portal\\\/wp-content\\\/uploads\\\/2025\\\/05\\\/SANGRE-FOTO.jpg\",\"articleSection\":[\"Nacional\"],\"inLanguage\":\"es\"},{\"@type\":\"WebPage\",\"@id\":\"https:\\\/\\\/www.eldiario.net\\\/portal\\\/2025\\\/05\\\/19\\\/hospital-de-montero-lanza-campana-de-donacion-de-sangre\\\/\",\"url\":\"https:\\\/\\\/www.eldiario.net\\\/portal\\\/2025\\\/05\\\/19\\\/hospital-de-montero-lanza-campana-de-donacion-de-sangre\\\/\",\"name\":\"Hospital de Montero lanza campa\u00f1a de donaci\u00f3n de sangre - El Diario - Bolivia\",\"isPartOf\":{\"@id\":\"https:\\\/\\\/www.eldiario.net\\\/portal\\\/#website\"},\"primaryImageOfPage\":{\"@id\":\"https:\\\/\\\/www.eldiario.net\\\/portal\\\/2025\\\/05\\\/19\\\/hospital-de-montero-lanza-campana-de-donacion-de-sangre\\\/#primaryimage\"},\"image\":{\"@id\":\"https:\\\/\\\/www.eldiario.net\\\/portal\\\/2025\\\/05\\\/19\\\/hospital-de-montero-lanza-campana-de-donacion-de-sangre\\\/#primaryimage\"},\"thumbnailUrl\":\"https:\\\/\\\/www.eldiario.net\\\/portal\\\/wp-content\\\/uploads\\\/2025\\\/05\\\/SANGRE-FOTO.jpg\",\"datePublished\":\"2025-05-19T09:48:47+00:00\",\"breadcrumb\":{\"@id\":\"https:\\\/\\\/www.eldiario.net\\\/portal\\\/2025\\\/05\\\/19\\\/hospital-de-montero-lanza-campana-de-donacion-de-sangre\\\/#breadcrumb\"},\"inLanguage\":\"es\",\"potentialAction\":[{\"@type\":\"ReadAction\",\"target\":[\"https:\\\/\\\/www.eldiario.net\\\/portal\\\/2025\\\/05\\\/19\\\/hospital-de-montero-lanza-campana-de-donacion-de-sangre\\\/\"]}]},{\"@type\":\"ImageObject\",\"inLanguage\":\"es\",\"@id\":\"https:\\\/\\\/www.eldiario.net\\\/portal\\\/2025\\\/05\\\/19\\\/hospital-de-montero-lanza-campana-de-donacion-de-sangre\\\/#primaryimage\",\"url\":\"https:\\\/\\\/www.eldiario.net\\\/portal\\\/wp-content\\\/uploads\\\/2025\\\/05\\\/SANGRE-FOTO.jpg\",\"contentUrl\":\"https:\\\/\\\/www.eldiario.net\\\/portal\\\/wp-content\\\/uploads\\\/2025\\\/05\\\/SANGRE-FOTO.jpg\",\"width\":1200,\"height\":675,\"caption\":\"EL OBJETIVO DE LA CAMPA\u00d1A ES DAR EL PRIMER PASO HACIA UNA RED PERMANENTE DE DONACI\u00d3N VOLUNTARIA DE SANGRE EN TODO EL NORTE INTEGRADO.\"},{\"@type\":\"BreadcrumbList\",\"@id\":\"https:\\\/\\\/www.eldiario.net\\\/portal\\\/2025\\\/05\\\/19\\\/hospital-de-montero-lanza-campana-de-donacion-de-sangre\\\/#breadcrumb\",\"itemListElement\":[{\"@type\":\"ListItem\",\"position\":1,\"name\":\"Portada\",\"item\":\"https:\\\/\\\/www.eldiario.net\\\/portal\\\/\"},{\"@type\":\"ListItem\",\"position\":2,\"name\":\"Hospital de Montero lanza campa\u00f1a de donaci\u00f3n de sangre\"}]},{\"@type\":\"WebSite\",\"@id\":\"https:\\\/\\\/www.eldiario.net\\\/portal\\\/#website\",\"url\":\"https:\\\/\\\/www.eldiario.net\\\/portal\\\/\",\"name\":\"El Diario - Decano de la prensa nacional\",\"description\":\"El Diario - Decano de la prensa nacional\",\"publisher\":{\"@id\":\"https:\\\/\\\/www.eldiario.net\\\/portal\\\/#organization\"},\"potentialAction\":[{\"@type\":\"SearchAction\",\"target\":{\"@type\":\"EntryPoint\",\"urlTemplate\":\"https:\\\/\\\/www.eldiario.net\\\/portal\\\/?s={search_term_string}\"},\"query-input\":{\"@type\":\"PropertyValueSpecification\",\"valueRequired\":true,\"valueName\":\"search_term_string\"}}],\"inLanguage\":\"es\"},{\"@type\":\"Organization\",\"@id\":\"https:\\\/\\\/www.eldiario.net\\\/portal\\\/#organization\",\"name\":\"El Diario - Decano de la prensa nacional\",\"url\":\"https:\\\/\\\/www.eldiario.net\\\/portal\\\/\",\"logo\":{\"@type\":\"ImageObject\",\"inLanguage\":\"es\",\"@id\":\"https:\\\/\\\/www.eldiario.net\\\/portal\\\/#\\\/schema\\\/logo\\\/image\\\/\",\"url\":\"https:\\\/\\\/www.eldiario.net\\\/portal\\\/wp-content\\\/uploads\\\/2023\\\/07\\\/logo_ED.jpg\",\"contentUrl\":\"https:\\\/\\\/www.eldiario.net\\\/portal\\\/wp-content\\\/uploads\\\/2023\\\/07\\\/logo_ED.jpg\",\"width\":272,\"height\":52,\"caption\":\"El Diario - Decano de la prensa nacional\"},\"image\":{\"@id\":\"https:\\\/\\\/www.eldiario.net\\\/portal\\\/#\\\/schema\\\/logo\\\/image\\\/\"},\"sameAs\":[\"https:\\\/\\\/www.facebook.com\\\/eldiario.bolivia\\\/\",\"https:\\\/\\\/x.com\\\/eldiario_net\"]},{\"@type\":\"Person\",\"@id\":\"https:\\\/\\\/www.eldiario.net\\\/portal\\\/#\\\/schema\\\/person\\\/f46445640444750d7d753ccd04ae01b7\",\"name\":\"Jeanette\",\"image\":{\"@type\":\"ImageObject\",\"inLanguage\":\"es\",\"@id\":\"https:\\\/\\\/secure.gravatar.com\\\/avatar\\\/3ea2118a5f7dad2b7138b1187a6b7ee55f160b9968b66013c3a3ef39dd7e5798?s=96&d=mm&r=g\",\"url\":\"https:\\\/\\\/secure.gravatar.com\\\/avatar\\\/3ea2118a5f7dad2b7138b1187a6b7ee55f160b9968b66013c3a3ef39dd7e5798?s=96&d=mm&r=g\",\"contentUrl\":\"https:\\\/\\\/secure.gravatar.com\\\/avatar\\\/3ea2118a5f7dad2b7138b1187a6b7ee55f160b9968b66013c3a3ef39dd7e5798?s=96&d=mm&r=g\",\"caption\":\"Jeanette\"},\"sameAs\":[\"https:\\\/\\\/www.eldiario.net\\\/portal\"],\"url\":\"https:\\\/\\\/www.eldiario.net\\\/portal\\\/author\\\/jeanette\\\/\"}]}<\/script>\n<!-- \/ Yoast SEO plugin. -->","yoast_head_json":{"title":"Hospital de Montero lanza campa\u00f1a de donaci\u00f3n de sangre - El Diario - Bolivia","robots":{"index":"index","follow":"follow","max-snippet":"max-snippet:-1","max-image-preview":"max-image-preview:large","max-video-preview":"max-video-preview:-1"},"canonical":"https:\/\/www.eldiario.net\/portal\/2025\/05\/19\/hospital-de-montero-lanza-campana-de-donacion-de-sangre\/","og_locale":"es_ES","og_type":"article","og_title":"Hospital de Montero lanza campa\u00f1a de donaci\u00f3n de sangre - El Diario - Bolivia","og_description":"Con la misi\u00f3n de salvar vidas, el hospital de tercer nivel de Montero, bajo la administraci\u00f3n de la Gobernaci\u00f3n cruce\u00f1a, lanz\u00f3 su \u201cCampa\u00f1a de Donaci\u00f3n de Sangre 2025\u201d, una movilizaci\u00f3n ciudadana que busca llegar al simb\u00f3lico donante n\u00famero 100 como meta inspiradora para fortalecer el sistema transfusional y promover una cultura de compromiso solidario en [&hellip;]","og_url":"https:\/\/www.eldiario.net\/portal\/2025\/05\/19\/hospital-de-montero-lanza-campana-de-donacion-de-sangre\/","og_site_name":"El Diario - Bolivia","article_publisher":"https:\/\/www.facebook.com\/eldiario.bolivia\/","article_published_time":"2025-05-19T09:48:47+00:00","og_image":[{"width":1200,"height":675,"url":"https:\/\/www.eldiario.net\/portal\/wp-content\/uploads\/2025\/05\/SANGRE-FOTO.jpg","type":"image\/jpeg"}],"author":"Jeanette","twitter_card":"summary_large_image","twitter_creator":"@eldiario_net","twitter_site":"@eldiario_net","twitter_misc":{"Escrito por":"Jeanette","Tiempo de lectura":"2 minutos"},"schema":{"@context":"https:\/\/schema.org","@graph":[{"@type":"Article","@id":"https:\/\/www.eldiario.net\/portal\/2025\/05\/19\/hospital-de-montero-lanza-campana-de-donacion-de-sangre\/#article","isPartOf":{"@id":"https:\/\/www.eldiario.net\/portal\/2025\/05\/19\/hospital-de-montero-lanza-campana-de-donacion-de-sangre\/"},"author":{"name":"Jeanette","@id":"https:\/\/www.eldiario.net\/portal\/#\/schema\/person\/f46445640444750d7d753ccd04ae01b7"},"headline":"Hospital de Montero lanza campa\u00f1a de donaci\u00f3n de sangre","datePublished":"2025-05-19T09:48:47+00:00","mainEntityOfPage":{"@id":"https:\/\/www.eldiario.net\/portal\/2025\/05\/19\/hospital-de-montero-lanza-campana-de-donacion-de-sangre\/"},"wordCount":286,"publisher":{"@id":"https:\/\/www.eldiario.net\/portal\/#organization"},"image":{"@id":"https:\/\/www.eldiario.net\/portal\/2025\/05\/19\/hospital-de-montero-lanza-campana-de-donacion-de-sangre\/#primaryimage"},"thumbnailUrl":"https:\/\/www.eldiario.net\/portal\/wp-content\/uploads\/2025\/05\/SANGRE-FOTO.jpg","articleSection":["Nacional"],"inLanguage":"es"},{"@type":"WebPage","@id":"https:\/\/www.eldiario.net\/portal\/2025\/05\/19\/hospital-de-montero-lanza-campana-de-donacion-de-sangre\/","url":"https:\/\/www.eldiario.net\/portal\/2025\/05\/19\/hospital-de-montero-lanza-campana-de-donacion-de-sangre\/","name":"Hospital de Montero lanza campa\u00f1a de donaci\u00f3n de sangre - El Diario - Bolivia","isPartOf":{"@id":"https:\/\/www.eldiario.net\/portal\/#website"},"primaryImageOfPage":{"@id":"https:\/\/www.eldiario.net\/portal\/2025\/05\/19\/hospital-de-montero-lanza-campana-de-donacion-de-sangre\/#primaryimage"},"image":{"@id":"https:\/\/www.eldiario.net\/portal\/2025\/05\/19\/hospital-de-montero-lanza-campana-de-donacion-de-sangre\/#primaryimage"},"thumbnailUrl":"https:\/\/www.eldiario.net\/portal\/wp-content\/uploads\/2025\/05\/SANGRE-FOTO.jpg","datePublished":"2025-05-19T09:48:47+00:00","breadcrumb":{"@id":"https:\/\/www.eldiario.net\/portal\/2025\/05\/19\/hospital-de-montero-lanza-campana-de-donacion-de-sangre\/#breadcrumb"},"inLanguage":"es","potentialAction":[{"@type":"ReadAction","target":["https:\/\/www.eldiario.net\/portal\/2025\/05\/19\/hospital-de-montero-lanza-campana-de-donacion-de-sangre\/"]}]},{"@type":"ImageObject","inLanguage":"es","@id":"https:\/\/www.eldiario.net\/portal\/2025\/05\/19\/hospital-de-montero-lanza-campana-de-donacion-de-sangre\/#primaryimage","url":"https:\/\/www.eldiario.net\/portal\/wp-content\/uploads\/2025\/05\/SANGRE-FOTO.jpg","contentUrl":"https:\/\/www.eldiario.net\/portal\/wp-content\/uploads\/2025\/05\/SANGRE-FOTO.jpg","width":1200,"height":675,"caption":"EL OBJETIVO DE LA CAMPA\u00d1A ES DAR EL PRIMER PASO HACIA UNA RED PERMANENTE DE DONACI\u00d3N VOLUNTARIA DE SANGRE EN TODO EL NORTE INTEGRADO."},{"@type":"BreadcrumbList","@id":"https:\/\/www.eldiario.net\/portal\/2025\/05\/19\/hospital-de-montero-lanza-campana-de-donacion-de-sangre\/#breadcrumb","itemListElement":[{"@type":"ListItem","position":1,"name":"Portada","item":"https:\/\/www.eldiario.net\/portal\/"},{"@type":"ListItem","position":2,"name":"Hospital de Montero lanza campa\u00f1a de donaci\u00f3n de sangre"}]},{"@type":"WebSite","@id":"https:\/\/www.eldiario.net\/portal\/#website","url":"https:\/\/www.eldiario.net\/portal\/","name":"El Diario - Decano de la prensa nacional","description":"El Diario - Decano de la prensa nacional","publisher":{"@id":"https:\/\/www.eldiario.net\/portal\/#organization"},"potentialAction":[{"@type":"SearchAction","target":{"@type":"EntryPoint","urlTemplate":"https:\/\/www.eldiario.net\/portal\/?s={search_term_string}"},"query-input":{"@type":"PropertyValueSpecification","valueRequired":true,"valueName":"search_term_string"}}],"inLanguage":"es"},{"@type":"Organization","@id":"https:\/\/www.eldiario.net\/portal\/#organization","name":"El Diario - Decano de la prensa nacional","url":"https:\/\/www.eldiario.net\/portal\/","logo":{"@type":"ImageObject","inLanguage":"es","@id":"https:\/\/www.eldiario.net\/portal\/#\/schema\/logo\/image\/","url":"https:\/\/www.eldiario.net\/portal\/wp-content\/uploads\/2023\/07\/logo_ED.jpg","contentUrl":"https:\/\/www.eldiario.net\/portal\/wp-content\/uploads\/2023\/07\/logo_ED.jpg","width":272,"height":52,"caption":"El Diario - Decano de la prensa nacional"},"image":{"@id":"https:\/\/www.eldiario.net\/portal\/#\/schema\/logo\/image\/"},"sameAs":["https:\/\/www.facebook.com\/eldiario.bolivia\/","https:\/\/x.com\/eldiario_net"]},{"@type":"Person","@id":"https:\/\/www.eldiario.net\/portal\/#\/schema\/person\/f46445640444750d7d753ccd04ae01b7","name":"Jeanette","image":{"@type":"ImageObject","inLanguage":"es","@id":"https:\/\/secure.gravatar.com\/avatar\/3ea2118a5f7dad2b7138b1187a6b7ee55f160b9968b66013c3a3ef39dd7e5798?s=96&d=mm&r=g","url":"https:\/\/secure.gravatar.com\/avatar\/3ea2118a5f7dad2b7138b1187a6b7ee55f160b9968b66013c3a3ef39dd7e5798?s=96&d=mm&r=g","contentUrl":"https:\/\/secure.gravatar.com\/avatar\/3ea2118a5f7dad2b7138b1187a6b7ee55f160b9968b66013c3a3ef39dd7e5798?s=96&d=mm&r=g","caption":"Jeanette"},"sameAs":["https:\/\/www.eldiario.net\/portal"],"url":"https:\/\/www.eldiario.net\/portal\/author\/jeanette\/"}]}},"_links":{"self":[{"href":"https:\/\/www.eldiario.net\/portal\/wp-json\/wp\/v2\/posts\/303409","targetHints":{"allow":["GET"]}}],"collection":[{"href":"https:\/\/www.eldiario.net\/portal\/wp-json\/wp\/v2\/posts"}],"about":[{"href":"https:\/\/www.eldiario.net\/portal\/wp-json\/wp\/v2\/types\/post"}],"author":[{"embeddable":true,"href":"https:\/\/www.eldiario.net\/portal\/wp-json\/wp\/v2\/users\/1"}],"replies":[{"embeddable":true,"href":"https:\/\/www.eldiario.net\/portal\/wp-json\/wp\/v2\/comments?post=303409"}],"version-history":[{"count":1,"href":"https:\/\/www.eldiario.net\/portal\/wp-json\/wp\/v2\/posts\/303409\/revisions"}],"predecessor-version":[{"id":303411,"href":"https:\/\/www.eldiario.net\/portal\/wp-json\/wp\/v2\/posts\/303409\/revisions\/303411"}],"wp:featuredmedia":[{"embeddable":true,"href":"https:\/\/www.eldiario.net\/portal\/wp-json\/wp\/v2\/media\/303410"}],"wp:attachment":[{"href":"https:\/\/www.eldiario.net\/portal\/wp-json\/wp\/v2\/media?parent=303409"}],"wp:term":[{"taxonomy":"category","embeddable":true,"href":"https:\/\/www.eldiario.net\/portal\/wp-json\/wp\/v2\/categories?post=303409"},{"taxonomy":"post_tag","embeddable":true,"href":"https:\/\/www.eldiario.net\/portal\/wp-json\/wp\/v2\/tags?post=303409"}],"curies":[{"name":"wp","href":"https:\/\/api.w.org\/{rel}","templated":true}]}}