{"id":303405,"date":"2025-05-19T05:47:10","date_gmt":"2025-05-19T09:47:10","guid":{"rendered":"https:\/\/www.eldiario.net\/portal\/?p=303405"},"modified":"2025-05-19T05:47:10","modified_gmt":"2025-05-19T09:47:10","slug":"la-integracion-subregional-en-america-latina-y-europa","status":"publish","type":"post","link":"https:\/\/www.eldiario.net\/portal\/2025\/05\/19\/la-integracion-subregional-en-america-latina-y-europa\/","title":{"rendered":"La integraci\u00f3n subregional en Am\u00e9rica Latina y Europa"},"content":{"rendered":"<p>Antes de la era cristiana, los pueblos ya buscaban el camino de la integraci\u00f3n, sea por razones econ\u00f3micas, buscando mayor seguridad, mayor desarrollo o aumentar su actividad comercial, que no alcanzaron actuando solos.<br \/>\nLa b\u00fasqueda constante de mejores condiciones de vida y desarrollo, una convivencia pac\u00edfica y relaciones internacionales de respeto mutuo como pa\u00eds, nos lleva al convencimiento de que solo lo podremos alcanzar mediante la integraci\u00f3n, inicialmente subregional y luego regional.<br \/>\nEntre los primeros acuerdos de paz escritos entre dos pa\u00edses, encontramos el Tratado de Qadesh, firmado entre Rams\u00e9s II y los hititas en 1259 a.C.<br \/>\nActualmente, destacamos la instrumentaci\u00f3n de procesos de Integraci\u00f3n Subregional como la Uni\u00f3n Europea, la Comunidad Andina de Naciones, el Mercado Com\u00fan del Sur o la Comunidad del Caribe, pero los intentos de integraci\u00f3n estuvieron presentes desde muchos a\u00f1os atr\u00e1s.<br \/>\nLa Europa de mediados del siglo pasado, sumida bajo la creciente tensi\u00f3n de la guerra fr\u00eda, estaba presionada para consolidar una fuerza de unidad. Estos acontecimientos que se presentaron bajo la conformaci\u00f3n de la Comunidad Europea proporcionaron el marco en el Viejo Continente, para conformar no solamente el proceso de cooperaci\u00f3n sino tambi\u00e9n el de integraci\u00f3n.<br \/>\nEn 1951, las ideas de Schuman tomaban cuerpo en el continente. Luxemburgo, B\u00e9lgica, Italia, Holanda, Francia y la Rep\u00fablica Federal Alemana firmaban el tratado de Par\u00eds, constituyendo la Comunidad Europea del Carb\u00f3n y del Acero, que se constituy\u00f3 como gu\u00eda en el avance de las relaciones de Europa: \u201cabolir los efectos econ\u00f3micos de las fronteras entre los pa\u00edses signatarios del carb\u00f3n y del acero, adoptando medidas transitorias y permanentes, permitiendo a los miembros adaptarse a la nueva situaci\u00f3n de la competencia a nivel de la comunidad\u201d.<br \/>\nLa Uni\u00f3n Europea es en la actualidad el proceso integracionista con mayor \u00e9xito y desarrollo; un modelo de origen y con bases primordialmente econ\u00f3micas, que contin\u00faa en la b\u00fasqueda de metas primordiales, como el avance conjunto y pr\u00f3spero de sus miembros.<br \/>\nEn el caso de Sudam\u00e9rica, los primeros intentos de integraci\u00f3n fueron de naturaleza pol\u00edtica y econ\u00f3mica, surgiendo tras la independencia de las colonias espa\u00f1olas. La Gran Colombia (1819-1831) es uno de los primeros ejemplos, seguido de intentos de confederaci\u00f3n y el establecimiento de la Asociaci\u00f3n Latinoamericana de Libre Comercio (ALALC) en 1960.<br \/>\nEn agosto de 2023, dec\u00eda en una nota m\u00eda sobe la integraci\u00f3n: \u201cPara asegurar el \u00e9xito tanto de los acuerdos subregionales existentes como los proyectos de mayor envergadura como el \u00c1rea de Libre Comercio de las Am\u00e9ricas, Enrique V. Iglesias -entonces presidente del Banco Interamericano de Desarrollo- propuso que los pa\u00edses del hemisferio se fijen como metas eliminar las barreras no arancelarias, adoptar mecanismos transparentes de resoluci\u00f3n de conflictos, liberalizar los servicios comerciales, avanzar en la cooperaci\u00f3n macroecon\u00f3mica y monetaria, modernizar sus instituciones comerciales y profundizar sus reformas estructurales\u201d.<br \/>\nEl pensamiento bolivariano y las aspiraciones de autonom\u00eda de los Estados Latinoamericanos y Caribe\u00f1os, fueron el pilar de los primeros sistemas integracionistas, como la Asociaci\u00f3n Latinoamericana de Libre Comercio (Alalc), el Mercado Com\u00fan Centroamericano (Mcca), el Pacto Andino y la Comunidad del Caribe (Caricom); buscando la receta para sus problemas econ\u00f3micos, comerciales y de mercados. Tambi\u00e9n es fundamental para Latinoam\u00e9rica, especialmente para Bolivia, la integraci\u00f3n f\u00edsica a trav\u00e9s del transporte multimodal: caminero, fluvial y ferroviario, as\u00ed como conexiones a\u00e9reas.<br \/>\nEn ese sentido, destacamos la Hidrov\u00eda de la Cuenca del Plata con m\u00e1s de 3.200 Km navegables, as\u00ed como la integraci\u00f3n de la Cuenca Amaz\u00f3nica y los corredores bioce\u00e1nicos que conectan a Sudam\u00e9rica con el oc\u00e9ano Pac\u00edfico.<br \/>\nLas estad\u00edsticas nos muestran que Sudam\u00e9rica, con sus 17,84 millones de Km2, es superior en un 70% a la de algunas superpotencias actuales. Con datos al 2022, solo China tendr\u00eda m\u00e1s poblaci\u00f3n que nuestra regi\u00f3n.<br \/>\nLa integraci\u00f3n latinoamericana es un proceso en constante evoluci\u00f3n que demanda la colaboraci\u00f3n y el compromiso de todos los actores sociales. La regi\u00f3n cuenta con una rica diversidad cultural, econ\u00f3mica y pol\u00edtica, y es precisamente esta diversidad la que puede ser una fuente de fortaleza y riqueza. Sin embargo, para aprovechar plenamente este potencial, es necesario superar las barreras y los obst\u00e1culos que impiden una mayor integraci\u00f3n y cooperaci\u00f3n regional.<br \/>\nEn este contexto, la participaci\u00f3n activa del gobierno, sector privado y la sociedad es fundamental para avanzar hacia una integraci\u00f3n m\u00e1s profunda y sostenible que promueva el bien com\u00fan de las regiones.<\/p>\n<p>El autor es Licenciado en econom\u00eda de la UMSA, doctorado Ph.D. en Relaciones Internacionales de la Universidad del Salvador de Argentina, Acad\u00e9mico de N\u00famero de la ABCE y Presidente de la Federaci\u00f3n de Empresarios Privados de La Paz (FEPLP).<\/p>\n","protected":false},"excerpt":{"rendered":"<p>Antes de la era cristiana, los pueblos ya buscaban el camino de la integraci\u00f3n, sea por razones econ\u00f3micas, buscando mayor seguridad, mayor desarrollo o aumentar su actividad comercial, que no alcanzaron actuando solos. La b\u00fasqueda constante de mejores condiciones de vida y desarrollo, una convivencia pac\u00edfica y relaciones internacionales de respeto mutuo como pa\u00eds, nos [&hellip;]<\/p>\n","protected":false},"author":1,"featured_media":158113,"comment_status":"closed","ping_status":"open","sticky":false,"template":"","format":"standard","meta":{"_acf_changed":false,"footnotes":""},"categories":[9],"tags":[],"class_list":["post-303405","post","type-post","status-publish","format-standard","has-post-thumbnail","category-opinion"],"acf":{"antetitulo":""},"yoast_head":"<!-- This site is optimized with the Yoast SEO plugin v28.3 - https:\/\/yoast.com\/product\/yoast-seo-wordpress\/ -->\n<title>La integraci\u00f3n subregional en Am\u00e9rica Latina y Europa - El Diario - Bolivia<\/title>\n<meta name=\"robots\" content=\"index, follow, max-snippet:-1, max-image-preview:large, max-video-preview:-1\" \/>\n<link rel=\"canonical\" href=\"https:\/\/www.eldiario.net\/portal\/2025\/05\/19\/la-integracion-subregional-en-america-latina-y-europa\/\" \/>\n<meta property=\"og:locale\" content=\"es_ES\" \/>\n<meta property=\"og:type\" content=\"article\" \/>\n<meta property=\"og:title\" content=\"La integraci\u00f3n subregional en Am\u00e9rica Latina y Europa - El Diario - Bolivia\" \/>\n<meta property=\"og:description\" content=\"Antes de la era cristiana, los pueblos ya buscaban el camino de la integraci\u00f3n, sea por razones econ\u00f3micas, buscando mayor seguridad, mayor desarrollo o aumentar su actividad comercial, que no alcanzaron actuando solos. La b\u00fasqueda constante de mejores condiciones de vida y desarrollo, una convivencia pac\u00edfica y relaciones internacionales de respeto mutuo como pa\u00eds, nos [&hellip;]\" \/>\n<meta property=\"og:url\" content=\"https:\/\/www.eldiario.net\/portal\/2025\/05\/19\/la-integracion-subregional-en-america-latina-y-europa\/\" \/>\n<meta property=\"og:site_name\" content=\"El Diario - Bolivia\" \/>\n<meta property=\"article:publisher\" content=\"https:\/\/www.facebook.com\/eldiario.bolivia\/\" \/>\n<meta property=\"article:published_time\" content=\"2025-05-19T09:47:10+00:00\" \/>\n<meta property=\"og:image\" content=\"https:\/\/www.eldiario.net\/portal\/wp-content\/uploads\/2023\/06\/Rolando-Kempff-Bacigalupo2.jpg\" \/>\n\t<meta property=\"og:image:width\" content=\"1200\" \/>\n\t<meta property=\"og:image:height\" content=\"628\" \/>\n\t<meta property=\"og:image:type\" content=\"image\/jpeg\" \/>\n<meta name=\"author\" content=\"Jeanette\" \/>\n<meta name=\"twitter:card\" content=\"summary_large_image\" \/>\n<meta name=\"twitter:creator\" content=\"@eldiario_net\" \/>\n<meta name=\"twitter:site\" content=\"@eldiario_net\" \/>\n<meta name=\"twitter:label1\" content=\"Escrito por\" \/>\n\t<meta name=\"twitter:data1\" content=\"Jeanette\" \/>\n\t<meta name=\"twitter:label2\" content=\"Tiempo de lectura\" \/>\n\t<meta name=\"twitter:data2\" content=\"4 minutos\" \/>\n<script type=\"application\/ld+json\" class=\"yoast-schema-graph\">{\"@context\":\"https:\\\/\\\/schema.org\",\"@graph\":[{\"@type\":\"Article\",\"@id\":\"https:\\\/\\\/www.eldiario.net\\\/portal\\\/2025\\\/05\\\/19\\\/la-integracion-subregional-en-america-latina-y-europa\\\/#article\",\"isPartOf\":{\"@id\":\"https:\\\/\\\/www.eldiario.net\\\/portal\\\/2025\\\/05\\\/19\\\/la-integracion-subregional-en-america-latina-y-europa\\\/\"},\"author\":{\"name\":\"Jeanette\",\"@id\":\"https:\\\/\\\/www.eldiario.net\\\/portal\\\/#\\\/schema\\\/person\\\/f46445640444750d7d753ccd04ae01b7\"},\"headline\":\"La integraci\u00f3n subregional en Am\u00e9rica Latina y Europa\",\"datePublished\":\"2025-05-19T09:47:10+00:00\",\"mainEntityOfPage\":{\"@id\":\"https:\\\/\\\/www.eldiario.net\\\/portal\\\/2025\\\/05\\\/19\\\/la-integracion-subregional-en-america-latina-y-europa\\\/\"},\"wordCount\":848,\"publisher\":{\"@id\":\"https:\\\/\\\/www.eldiario.net\\\/portal\\\/#organization\"},\"image\":{\"@id\":\"https:\\\/\\\/www.eldiario.net\\\/portal\\\/2025\\\/05\\\/19\\\/la-integracion-subregional-en-america-latina-y-europa\\\/#primaryimage\"},\"thumbnailUrl\":\"https:\\\/\\\/www.eldiario.net\\\/portal\\\/wp-content\\\/uploads\\\/2023\\\/06\\\/Rolando-Kempff-Bacigalupo2.jpg\",\"articleSection\":[\"Opini\u00f3n\"],\"inLanguage\":\"es\"},{\"@type\":\"WebPage\",\"@id\":\"https:\\\/\\\/www.eldiario.net\\\/portal\\\/2025\\\/05\\\/19\\\/la-integracion-subregional-en-america-latina-y-europa\\\/\",\"url\":\"https:\\\/\\\/www.eldiario.net\\\/portal\\\/2025\\\/05\\\/19\\\/la-integracion-subregional-en-america-latina-y-europa\\\/\",\"name\":\"La integraci\u00f3n subregional en Am\u00e9rica Latina y Europa - El Diario - Bolivia\",\"isPartOf\":{\"@id\":\"https:\\\/\\\/www.eldiario.net\\\/portal\\\/#website\"},\"primaryImageOfPage\":{\"@id\":\"https:\\\/\\\/www.eldiario.net\\\/portal\\\/2025\\\/05\\\/19\\\/la-integracion-subregional-en-america-latina-y-europa\\\/#primaryimage\"},\"image\":{\"@id\":\"https:\\\/\\\/www.eldiario.net\\\/portal\\\/2025\\\/05\\\/19\\\/la-integracion-subregional-en-america-latina-y-europa\\\/#primaryimage\"},\"thumbnailUrl\":\"https:\\\/\\\/www.eldiario.net\\\/portal\\\/wp-content\\\/uploads\\\/2023\\\/06\\\/Rolando-Kempff-Bacigalupo2.jpg\",\"datePublished\":\"2025-05-19T09:47:10+00:00\",\"breadcrumb\":{\"@id\":\"https:\\\/\\\/www.eldiario.net\\\/portal\\\/2025\\\/05\\\/19\\\/la-integracion-subregional-en-america-latina-y-europa\\\/#breadcrumb\"},\"inLanguage\":\"es\",\"potentialAction\":[{\"@type\":\"ReadAction\",\"target\":[\"https:\\\/\\\/www.eldiario.net\\\/portal\\\/2025\\\/05\\\/19\\\/la-integracion-subregional-en-america-latina-y-europa\\\/\"]}]},{\"@type\":\"ImageObject\",\"inLanguage\":\"es\",\"@id\":\"https:\\\/\\\/www.eldiario.net\\\/portal\\\/2025\\\/05\\\/19\\\/la-integracion-subregional-en-america-latina-y-europa\\\/#primaryimage\",\"url\":\"https:\\\/\\\/www.eldiario.net\\\/portal\\\/wp-content\\\/uploads\\\/2023\\\/06\\\/Rolando-Kempff-Bacigalupo2.jpg\",\"contentUrl\":\"https:\\\/\\\/www.eldiario.net\\\/portal\\\/wp-content\\\/uploads\\\/2023\\\/06\\\/Rolando-Kempff-Bacigalupo2.jpg\",\"width\":1200,\"height\":628},{\"@type\":\"BreadcrumbList\",\"@id\":\"https:\\\/\\\/www.eldiario.net\\\/portal\\\/2025\\\/05\\\/19\\\/la-integracion-subregional-en-america-latina-y-europa\\\/#breadcrumb\",\"itemListElement\":[{\"@type\":\"ListItem\",\"position\":1,\"name\":\"Portada\",\"item\":\"https:\\\/\\\/www.eldiario.net\\\/portal\\\/\"},{\"@type\":\"ListItem\",\"position\":2,\"name\":\"La integraci\u00f3n subregional en Am\u00e9rica Latina y Europa\"}]},{\"@type\":\"WebSite\",\"@id\":\"https:\\\/\\\/www.eldiario.net\\\/portal\\\/#website\",\"url\":\"https:\\\/\\\/www.eldiario.net\\\/portal\\\/\",\"name\":\"El Diario - Decano de la prensa nacional\",\"description\":\"El Diario - Decano de la prensa nacional\",\"publisher\":{\"@id\":\"https:\\\/\\\/www.eldiario.net\\\/portal\\\/#organization\"},\"potentialAction\":[{\"@type\":\"SearchAction\",\"target\":{\"@type\":\"EntryPoint\",\"urlTemplate\":\"https:\\\/\\\/www.eldiario.net\\\/portal\\\/?s={search_term_string}\"},\"query-input\":{\"@type\":\"PropertyValueSpecification\",\"valueRequired\":true,\"valueName\":\"search_term_string\"}}],\"inLanguage\":\"es\"},{\"@type\":\"Organization\",\"@id\":\"https:\\\/\\\/www.eldiario.net\\\/portal\\\/#organization\",\"name\":\"El Diario - Decano de la prensa nacional\",\"url\":\"https:\\\/\\\/www.eldiario.net\\\/portal\\\/\",\"logo\":{\"@type\":\"ImageObject\",\"inLanguage\":\"es\",\"@id\":\"https:\\\/\\\/www.eldiario.net\\\/portal\\\/#\\\/schema\\\/logo\\\/image\\\/\",\"url\":\"https:\\\/\\\/www.eldiario.net\\\/portal\\\/wp-content\\\/uploads\\\/2023\\\/07\\\/logo_ED.jpg\",\"contentUrl\":\"https:\\\/\\\/www.eldiario.net\\\/portal\\\/wp-content\\\/uploads\\\/2023\\\/07\\\/logo_ED.jpg\",\"width\":272,\"height\":52,\"caption\":\"El Diario - Decano de la prensa nacional\"},\"image\":{\"@id\":\"https:\\\/\\\/www.eldiario.net\\\/portal\\\/#\\\/schema\\\/logo\\\/image\\\/\"},\"sameAs\":[\"https:\\\/\\\/www.facebook.com\\\/eldiario.bolivia\\\/\",\"https:\\\/\\\/x.com\\\/eldiario_net\"]},{\"@type\":\"Person\",\"@id\":\"https:\\\/\\\/www.eldiario.net\\\/portal\\\/#\\\/schema\\\/person\\\/f46445640444750d7d753ccd04ae01b7\",\"name\":\"Jeanette\",\"image\":{\"@type\":\"ImageObject\",\"inLanguage\":\"es\",\"@id\":\"https:\\\/\\\/secure.gravatar.com\\\/avatar\\\/3ea2118a5f7dad2b7138b1187a6b7ee55f160b9968b66013c3a3ef39dd7e5798?s=96&d=mm&r=g\",\"url\":\"https:\\\/\\\/secure.gravatar.com\\\/avatar\\\/3ea2118a5f7dad2b7138b1187a6b7ee55f160b9968b66013c3a3ef39dd7e5798?s=96&d=mm&r=g\",\"contentUrl\":\"https:\\\/\\\/secure.gravatar.com\\\/avatar\\\/3ea2118a5f7dad2b7138b1187a6b7ee55f160b9968b66013c3a3ef39dd7e5798?s=96&d=mm&r=g\",\"caption\":\"Jeanette\"},\"sameAs\":[\"https:\\\/\\\/www.eldiario.net\\\/portal\"],\"url\":\"https:\\\/\\\/www.eldiario.net\\\/portal\\\/author\\\/jeanette\\\/\"}]}<\/script>\n<!-- \/ Yoast SEO plugin. -->","yoast_head_json":{"title":"La integraci\u00f3n subregional en Am\u00e9rica Latina y Europa - El Diario - Bolivia","robots":{"index":"index","follow":"follow","max-snippet":"max-snippet:-1","max-image-preview":"max-image-preview:large","max-video-preview":"max-video-preview:-1"},"canonical":"https:\/\/www.eldiario.net\/portal\/2025\/05\/19\/la-integracion-subregional-en-america-latina-y-europa\/","og_locale":"es_ES","og_type":"article","og_title":"La integraci\u00f3n subregional en Am\u00e9rica Latina y Europa - El Diario - Bolivia","og_description":"Antes de la era cristiana, los pueblos ya buscaban el camino de la integraci\u00f3n, sea por razones econ\u00f3micas, buscando mayor seguridad, mayor desarrollo o aumentar su actividad comercial, que no alcanzaron actuando solos. La b\u00fasqueda constante de mejores condiciones de vida y desarrollo, una convivencia pac\u00edfica y relaciones internacionales de respeto mutuo como pa\u00eds, nos [&hellip;]","og_url":"https:\/\/www.eldiario.net\/portal\/2025\/05\/19\/la-integracion-subregional-en-america-latina-y-europa\/","og_site_name":"El Diario - Bolivia","article_publisher":"https:\/\/www.facebook.com\/eldiario.bolivia\/","article_published_time":"2025-05-19T09:47:10+00:00","og_image":[{"width":1200,"height":628,"url":"https:\/\/www.eldiario.net\/portal\/wp-content\/uploads\/2023\/06\/Rolando-Kempff-Bacigalupo2.jpg","type":"image\/jpeg"}],"author":"Jeanette","twitter_card":"summary_large_image","twitter_creator":"@eldiario_net","twitter_site":"@eldiario_net","twitter_misc":{"Escrito por":"Jeanette","Tiempo de lectura":"4 minutos"},"schema":{"@context":"https:\/\/schema.org","@graph":[{"@type":"Article","@id":"https:\/\/www.eldiario.net\/portal\/2025\/05\/19\/la-integracion-subregional-en-america-latina-y-europa\/#article","isPartOf":{"@id":"https:\/\/www.eldiario.net\/portal\/2025\/05\/19\/la-integracion-subregional-en-america-latina-y-europa\/"},"author":{"name":"Jeanette","@id":"https:\/\/www.eldiario.net\/portal\/#\/schema\/person\/f46445640444750d7d753ccd04ae01b7"},"headline":"La integraci\u00f3n subregional en Am\u00e9rica Latina y Europa","datePublished":"2025-05-19T09:47:10+00:00","mainEntityOfPage":{"@id":"https:\/\/www.eldiario.net\/portal\/2025\/05\/19\/la-integracion-subregional-en-america-latina-y-europa\/"},"wordCount":848,"publisher":{"@id":"https:\/\/www.eldiario.net\/portal\/#organization"},"image":{"@id":"https:\/\/www.eldiario.net\/portal\/2025\/05\/19\/la-integracion-subregional-en-america-latina-y-europa\/#primaryimage"},"thumbnailUrl":"https:\/\/www.eldiario.net\/portal\/wp-content\/uploads\/2023\/06\/Rolando-Kempff-Bacigalupo2.jpg","articleSection":["Opini\u00f3n"],"inLanguage":"es"},{"@type":"WebPage","@id":"https:\/\/www.eldiario.net\/portal\/2025\/05\/19\/la-integracion-subregional-en-america-latina-y-europa\/","url":"https:\/\/www.eldiario.net\/portal\/2025\/05\/19\/la-integracion-subregional-en-america-latina-y-europa\/","name":"La integraci\u00f3n subregional en Am\u00e9rica Latina y Europa - El Diario - Bolivia","isPartOf":{"@id":"https:\/\/www.eldiario.net\/portal\/#website"},"primaryImageOfPage":{"@id":"https:\/\/www.eldiario.net\/portal\/2025\/05\/19\/la-integracion-subregional-en-america-latina-y-europa\/#primaryimage"},"image":{"@id":"https:\/\/www.eldiario.net\/portal\/2025\/05\/19\/la-integracion-subregional-en-america-latina-y-europa\/#primaryimage"},"thumbnailUrl":"https:\/\/www.eldiario.net\/portal\/wp-content\/uploads\/2023\/06\/Rolando-Kempff-Bacigalupo2.jpg","datePublished":"2025-05-19T09:47:10+00:00","breadcrumb":{"@id":"https:\/\/www.eldiario.net\/portal\/2025\/05\/19\/la-integracion-subregional-en-america-latina-y-europa\/#breadcrumb"},"inLanguage":"es","potentialAction":[{"@type":"ReadAction","target":["https:\/\/www.eldiario.net\/portal\/2025\/05\/19\/la-integracion-subregional-en-america-latina-y-europa\/"]}]},{"@type":"ImageObject","inLanguage":"es","@id":"https:\/\/www.eldiario.net\/portal\/2025\/05\/19\/la-integracion-subregional-en-america-latina-y-europa\/#primaryimage","url":"https:\/\/www.eldiario.net\/portal\/wp-content\/uploads\/2023\/06\/Rolando-Kempff-Bacigalupo2.jpg","contentUrl":"https:\/\/www.eldiario.net\/portal\/wp-content\/uploads\/2023\/06\/Rolando-Kempff-Bacigalupo2.jpg","width":1200,"height":628},{"@type":"BreadcrumbList","@id":"https:\/\/www.eldiario.net\/portal\/2025\/05\/19\/la-integracion-subregional-en-america-latina-y-europa\/#breadcrumb","itemListElement":[{"@type":"ListItem","position":1,"name":"Portada","item":"https:\/\/www.eldiario.net\/portal\/"},{"@type":"ListItem","position":2,"name":"La integraci\u00f3n subregional en Am\u00e9rica Latina y Europa"}]},{"@type":"WebSite","@id":"https:\/\/www.eldiario.net\/portal\/#website","url":"https:\/\/www.eldiario.net\/portal\/","name":"El Diario - Decano de la prensa nacional","description":"El Diario - Decano de la prensa nacional","publisher":{"@id":"https:\/\/www.eldiario.net\/portal\/#organization"},"potentialAction":[{"@type":"SearchAction","target":{"@type":"EntryPoint","urlTemplate":"https:\/\/www.eldiario.net\/portal\/?s={search_term_string}"},"query-input":{"@type":"PropertyValueSpecification","valueRequired":true,"valueName":"search_term_string"}}],"inLanguage":"es"},{"@type":"Organization","@id":"https:\/\/www.eldiario.net\/portal\/#organization","name":"El Diario - Decano de la prensa nacional","url":"https:\/\/www.eldiario.net\/portal\/","logo":{"@type":"ImageObject","inLanguage":"es","@id":"https:\/\/www.eldiario.net\/portal\/#\/schema\/logo\/image\/","url":"https:\/\/www.eldiario.net\/portal\/wp-content\/uploads\/2023\/07\/logo_ED.jpg","contentUrl":"https:\/\/www.eldiario.net\/portal\/wp-content\/uploads\/2023\/07\/logo_ED.jpg","width":272,"height":52,"caption":"El Diario - Decano de la prensa nacional"},"image":{"@id":"https:\/\/www.eldiario.net\/portal\/#\/schema\/logo\/image\/"},"sameAs":["https:\/\/www.facebook.com\/eldiario.bolivia\/","https:\/\/x.com\/eldiario_net"]},{"@type":"Person","@id":"https:\/\/www.eldiario.net\/portal\/#\/schema\/person\/f46445640444750d7d753ccd04ae01b7","name":"Jeanette","image":{"@type":"ImageObject","inLanguage":"es","@id":"https:\/\/secure.gravatar.com\/avatar\/3ea2118a5f7dad2b7138b1187a6b7ee55f160b9968b66013c3a3ef39dd7e5798?s=96&d=mm&r=g","url":"https:\/\/secure.gravatar.com\/avatar\/3ea2118a5f7dad2b7138b1187a6b7ee55f160b9968b66013c3a3ef39dd7e5798?s=96&d=mm&r=g","contentUrl":"https:\/\/secure.gravatar.com\/avatar\/3ea2118a5f7dad2b7138b1187a6b7ee55f160b9968b66013c3a3ef39dd7e5798?s=96&d=mm&r=g","caption":"Jeanette"},"sameAs":["https:\/\/www.eldiario.net\/portal"],"url":"https:\/\/www.eldiario.net\/portal\/author\/jeanette\/"}]}},"_links":{"self":[{"href":"https:\/\/www.eldiario.net\/portal\/wp-json\/wp\/v2\/posts\/303405","targetHints":{"allow":["GET"]}}],"collection":[{"href":"https:\/\/www.eldiario.net\/portal\/wp-json\/wp\/v2\/posts"}],"about":[{"href":"https:\/\/www.eldiario.net\/portal\/wp-json\/wp\/v2\/types\/post"}],"author":[{"embeddable":true,"href":"https:\/\/www.eldiario.net\/portal\/wp-json\/wp\/v2\/users\/1"}],"replies":[{"embeddable":true,"href":"https:\/\/www.eldiario.net\/portal\/wp-json\/wp\/v2\/comments?post=303405"}],"version-history":[{"count":1,"href":"https:\/\/www.eldiario.net\/portal\/wp-json\/wp\/v2\/posts\/303405\/revisions"}],"predecessor-version":[{"id":303406,"href":"https:\/\/www.eldiario.net\/portal\/wp-json\/wp\/v2\/posts\/303405\/revisions\/303406"}],"wp:featuredmedia":[{"embeddable":true,"href":"https:\/\/www.eldiario.net\/portal\/wp-json\/wp\/v2\/media\/158113"}],"wp:attachment":[{"href":"https:\/\/www.eldiario.net\/portal\/wp-json\/wp\/v2\/media?parent=303405"}],"wp:term":[{"taxonomy":"category","embeddable":true,"href":"https:\/\/www.eldiario.net\/portal\/wp-json\/wp\/v2\/categories?post=303405"},{"taxonomy":"post_tag","embeddable":true,"href":"https:\/\/www.eldiario.net\/portal\/wp-json\/wp\/v2\/tags?post=303405"}],"curies":[{"name":"wp","href":"https:\/\/api.w.org\/{rel}","templated":true}]}}