{"id":303403,"date":"2025-05-19T05:46:18","date_gmt":"2025-05-19T09:46:18","guid":{"rendered":"https:\/\/www.eldiario.net\/portal\/?p=303403"},"modified":"2025-05-19T05:46:18","modified_gmt":"2025-05-19T09:46:18","slug":"manual-para-hacer-infeliz-a-un-pais","status":"publish","type":"post","link":"https:\/\/www.eldiario.net\/portal\/2025\/05\/19\/manual-para-hacer-infeliz-a-un-pais\/","title":{"rendered":"Manual para hacer infeliz a un pa\u00eds"},"content":{"rendered":"<p>En los dos \u00faltimos decenios hemos visto sucederse con vertiginosa rapidez la mudanza de una clase social deprimida y principalmente a muchos dirigentes de los hoy llamados movimientos sociales pasar a un estatus de fortunas, gracias al empobrecedor \u201cmodelo\u201d econ\u00f3mico impuesto, de aparente \u00e9xito al principio y ya de ruina ahora, ruina en que se halla hoy el pa\u00eds. Por lo mismo, resulta ins\u00f3lito que haya quienes todav\u00eda crean en el llamado Proceso de Cambio.<br \/>\nY si no fuera porque factores de poder han desatado la atomizaci\u00f3n del partido de gobierno, los eternos candidatos opositores como Jorge Tuto Quiroga y Samuel Doria Medina hoy no estar\u00edan posicionados en los primeros lugares de unas encuestas que, por otra parte, carecen de confiabilidad. Se fue al diablo la hip\u00f3crita unidad del inicial pacto concebido para derrotar al populismo autoritario y se mostraron tal y como son: no solo como \u201csalvadores\u201d de Bolivia, sino tambi\u00e9n como aliados del gobierno; por otro lado, algunos j\u00f3venes parlamentarios de buen desempe\u00f1o en la Asamblea Legislativa Plurinacional est\u00e1n quit\u00e1ndose el velo, para unirse a la legi\u00f3n de voraces pol\u00edticos hambrientos de poder. Era impensable que los ex asamble\u00edstas nacionales por Comunidad Ciudadana, que parec\u00edan, por lo menos en lo moral, de intachable conducta, hoy se est\u00e9n agarrando de los pelos entre ellos por continuar viviendo del Estado.<br \/>\n\u00a1Qu\u00e9 decepci\u00f3n! Eso obliga a hacer una distinci\u00f3n entre la figura que representan esos contados parlamentarios (muy j\u00f3venes casi todos) y el aporte de caudal electoral para las dos principales alianzas opositoras de las que con preferencia se han colgado y que, siendo generoso, ser\u00e1 casi nulo.<br \/>\nEl comportamiento de todos estos actores pol\u00edticos es m\u00e1s que indecoroso. Las acusaciones entre aliados, de imposici\u00f3n en listas para asamble\u00edstas, vetos y listas negras presuntamente promovidas por Luis Fernando Camacho, provocan n\u00e1useas, porque una vez m\u00e1s queda demostrado que todos los anteriormente aludidos lo que en verdad quieren es poder y vivir con desahogo, porque si as\u00ed no fuera, ellos tendr\u00edan que haber formado parte de las listas para la Asamblea Legislativa pertenecientes a Tuto Quiroga y Doria Medina, en lugar de formar parte de Comunidad Ciudadana, en la anterior elecci\u00f3n de 2020.<br \/>\nPero, por otra parte, que Camacho est\u00e9 siendo juzgado y privado de su libertad injustamente, no significa que deba entorpecer su alianza imponiendo candidatos, como se lo acusa, y poniendo en peligro su acuerdo con Unidad Nacional. \u00bfEs que se puede ser tan limitado como para no darse cuenta de que, si a Creemos se le escapa la posibilidad de cogobernar solo por ambiciones sectarias y personales, su jefe no tiene ninguna posibilidad de salir de Chonchocoro?<br \/>\nEs probable que Jaime Dunn logre una importante votaci\u00f3n, pero en ning\u00fan caso como para disputar una segunda vuelta, que es lo que con seguridad se producir\u00e1, pero flaco favor le hace a la libertad para los bolivianos que tanto pregona, porque con actitudes tan eg\u00f3latras como la suya, de pretender el poder sin tener chance de ello, una unidad masista en el balotaje determinar\u00e1 que la fatalidad autoritaria para el pa\u00eds todav\u00eda se extienda por cinco a\u00f1os m\u00e1s.<br \/>\nLa oportunidad hist\u00f3rica que a Bolivia se le ha puesto en bandeja de plata, considerando una reunificaci\u00f3n del MAS que de a poco se va dando, el clamor generalizado de la gente amante de la libertad y las imperceptibles diferencias program\u00e1ticas de la variopinta gama de candidaturas opositoras para desterrar al socialismo empobrecedor, se est\u00e1n diluyendo como agua entre los dedos, y esta vez no puede ech\u00e1rsele la culpa al MAS ni de sabotaje ni de restricciones a los derechos pol\u00edticos.<br \/>\nLa politiquer\u00eda, que en Bolivia se practica en todos los niveles y en todas sus jerarqu\u00edas, es la causa para el desmantelamiento de un pa\u00eds, sin que nadie, m\u00e1s que los propios opositores, sean quienes est\u00e9n haciendo todos los esfuerzos para que Bolivia termine con su existencia. Aquella frase atribuida a Napole\u00f3n que dice que, si el enemigo comete errores, no se lo debe interrumpir est\u00e1, en el caso de los decepcionantes Tuto Quiroga, Doria Medina y todos sus oportunistas adherentes, nunca mejor aplicada. Para cuando estas l\u00edneas sean p\u00fablicas, las listas de todos los candidatos tambi\u00e9n ya lo ser\u00e1n, y ojal\u00e1 que los que aspiran a estar en ellas y no est\u00e9n todav\u00eda unan fuerzas para derrotar al maldito sistema que impera.<\/p>\n<p>Augusto Vera Riveros es jurista y escritor.<\/p>\n","protected":false},"excerpt":{"rendered":"<p>En los dos \u00faltimos decenios hemos visto sucederse con vertiginosa rapidez la mudanza de una clase social deprimida y principalmente a muchos dirigentes de los hoy llamados movimientos sociales pasar a un estatus de fortunas, gracias al empobrecedor \u201cmodelo\u201d econ\u00f3mico impuesto, de aparente \u00e9xito al principio y ya de ruina ahora, ruina en que se [&hellip;]<\/p>\n","protected":false},"author":1,"featured_media":158120,"comment_status":"closed","ping_status":"open","sticky":false,"template":"","format":"standard","meta":{"_acf_changed":false,"footnotes":""},"categories":[9],"tags":[],"class_list":["post-303403","post","type-post","status-publish","format-standard","has-post-thumbnail","category-opinion"],"acf":{"antetitulo":"Contra viento y marea"},"yoast_head":"<!-- This site is optimized with the Yoast SEO plugin v28.3 - https:\/\/yoast.com\/product\/yoast-seo-wordpress\/ -->\n<title>Manual para hacer infeliz a un pa\u00eds - El Diario - Bolivia<\/title>\n<meta name=\"robots\" content=\"index, follow, max-snippet:-1, max-image-preview:large, max-video-preview:-1\" \/>\n<link rel=\"canonical\" href=\"https:\/\/www.eldiario.net\/portal\/2025\/05\/19\/manual-para-hacer-infeliz-a-un-pais\/\" \/>\n<meta property=\"og:locale\" content=\"es_ES\" \/>\n<meta property=\"og:type\" content=\"article\" \/>\n<meta property=\"og:title\" content=\"Manual para hacer infeliz a un pa\u00eds - El Diario - Bolivia\" \/>\n<meta property=\"og:description\" content=\"En los dos \u00faltimos decenios hemos visto sucederse con vertiginosa rapidez la mudanza de una clase social deprimida y principalmente a muchos dirigentes de los hoy llamados movimientos sociales pasar a un estatus de fortunas, gracias al empobrecedor \u201cmodelo\u201d econ\u00f3mico impuesto, de aparente \u00e9xito al principio y ya de ruina ahora, ruina en que se [&hellip;]\" \/>\n<meta property=\"og:url\" content=\"https:\/\/www.eldiario.net\/portal\/2025\/05\/19\/manual-para-hacer-infeliz-a-un-pais\/\" \/>\n<meta property=\"og:site_name\" content=\"El Diario - Bolivia\" \/>\n<meta property=\"article:publisher\" content=\"https:\/\/www.facebook.com\/eldiario.bolivia\/\" \/>\n<meta property=\"article:published_time\" content=\"2025-05-19T09:46:18+00:00\" \/>\n<meta property=\"og:image\" content=\"https:\/\/www.eldiario.net\/portal\/wp-content\/uploads\/2023\/06\/Augusto-Vera-Riveros.jpg\" \/>\n\t<meta property=\"og:image:width\" content=\"1200\" \/>\n\t<meta property=\"og:image:height\" content=\"628\" \/>\n\t<meta property=\"og:image:type\" content=\"image\/jpeg\" \/>\n<meta name=\"author\" content=\"Jeanette\" \/>\n<meta name=\"twitter:card\" content=\"summary_large_image\" \/>\n<meta name=\"twitter:creator\" content=\"@eldiario_net\" \/>\n<meta name=\"twitter:site\" content=\"@eldiario_net\" \/>\n<meta name=\"twitter:label1\" content=\"Escrito por\" \/>\n\t<meta name=\"twitter:data1\" content=\"Jeanette\" \/>\n\t<meta name=\"twitter:label2\" content=\"Tiempo de lectura\" \/>\n\t<meta name=\"twitter:data2\" content=\"4 minutos\" \/>\n<script type=\"application\/ld+json\" class=\"yoast-schema-graph\">{\"@context\":\"https:\\\/\\\/schema.org\",\"@graph\":[{\"@type\":\"Article\",\"@id\":\"https:\\\/\\\/www.eldiario.net\\\/portal\\\/2025\\\/05\\\/19\\\/manual-para-hacer-infeliz-a-un-pais\\\/#article\",\"isPartOf\":{\"@id\":\"https:\\\/\\\/www.eldiario.net\\\/portal\\\/2025\\\/05\\\/19\\\/manual-para-hacer-infeliz-a-un-pais\\\/\"},\"author\":{\"name\":\"Jeanette\",\"@id\":\"https:\\\/\\\/www.eldiario.net\\\/portal\\\/#\\\/schema\\\/person\\\/f46445640444750d7d753ccd04ae01b7\"},\"headline\":\"Manual para hacer infeliz a un pa\u00eds\",\"datePublished\":\"2025-05-19T09:46:18+00:00\",\"mainEntityOfPage\":{\"@id\":\"https:\\\/\\\/www.eldiario.net\\\/portal\\\/2025\\\/05\\\/19\\\/manual-para-hacer-infeliz-a-un-pais\\\/\"},\"wordCount\":788,\"publisher\":{\"@id\":\"https:\\\/\\\/www.eldiario.net\\\/portal\\\/#organization\"},\"image\":{\"@id\":\"https:\\\/\\\/www.eldiario.net\\\/portal\\\/2025\\\/05\\\/19\\\/manual-para-hacer-infeliz-a-un-pais\\\/#primaryimage\"},\"thumbnailUrl\":\"https:\\\/\\\/www.eldiario.net\\\/portal\\\/wp-content\\\/uploads\\\/2023\\\/06\\\/Augusto-Vera-Riveros.jpg\",\"articleSection\":[\"Opini\u00f3n\"],\"inLanguage\":\"es\"},{\"@type\":\"WebPage\",\"@id\":\"https:\\\/\\\/www.eldiario.net\\\/portal\\\/2025\\\/05\\\/19\\\/manual-para-hacer-infeliz-a-un-pais\\\/\",\"url\":\"https:\\\/\\\/www.eldiario.net\\\/portal\\\/2025\\\/05\\\/19\\\/manual-para-hacer-infeliz-a-un-pais\\\/\",\"name\":\"Manual para hacer infeliz a un pa\u00eds - El Diario - Bolivia\",\"isPartOf\":{\"@id\":\"https:\\\/\\\/www.eldiario.net\\\/portal\\\/#website\"},\"primaryImageOfPage\":{\"@id\":\"https:\\\/\\\/www.eldiario.net\\\/portal\\\/2025\\\/05\\\/19\\\/manual-para-hacer-infeliz-a-un-pais\\\/#primaryimage\"},\"image\":{\"@id\":\"https:\\\/\\\/www.eldiario.net\\\/portal\\\/2025\\\/05\\\/19\\\/manual-para-hacer-infeliz-a-un-pais\\\/#primaryimage\"},\"thumbnailUrl\":\"https:\\\/\\\/www.eldiario.net\\\/portal\\\/wp-content\\\/uploads\\\/2023\\\/06\\\/Augusto-Vera-Riveros.jpg\",\"datePublished\":\"2025-05-19T09:46:18+00:00\",\"breadcrumb\":{\"@id\":\"https:\\\/\\\/www.eldiario.net\\\/portal\\\/2025\\\/05\\\/19\\\/manual-para-hacer-infeliz-a-un-pais\\\/#breadcrumb\"},\"inLanguage\":\"es\",\"potentialAction\":[{\"@type\":\"ReadAction\",\"target\":[\"https:\\\/\\\/www.eldiario.net\\\/portal\\\/2025\\\/05\\\/19\\\/manual-para-hacer-infeliz-a-un-pais\\\/\"]}]},{\"@type\":\"ImageObject\",\"inLanguage\":\"es\",\"@id\":\"https:\\\/\\\/www.eldiario.net\\\/portal\\\/2025\\\/05\\\/19\\\/manual-para-hacer-infeliz-a-un-pais\\\/#primaryimage\",\"url\":\"https:\\\/\\\/www.eldiario.net\\\/portal\\\/wp-content\\\/uploads\\\/2023\\\/06\\\/Augusto-Vera-Riveros.jpg\",\"contentUrl\":\"https:\\\/\\\/www.eldiario.net\\\/portal\\\/wp-content\\\/uploads\\\/2023\\\/06\\\/Augusto-Vera-Riveros.jpg\",\"width\":1200,\"height\":628},{\"@type\":\"BreadcrumbList\",\"@id\":\"https:\\\/\\\/www.eldiario.net\\\/portal\\\/2025\\\/05\\\/19\\\/manual-para-hacer-infeliz-a-un-pais\\\/#breadcrumb\",\"itemListElement\":[{\"@type\":\"ListItem\",\"position\":1,\"name\":\"Portada\",\"item\":\"https:\\\/\\\/www.eldiario.net\\\/portal\\\/\"},{\"@type\":\"ListItem\",\"position\":2,\"name\":\"Manual para hacer infeliz a un pa\u00eds\"}]},{\"@type\":\"WebSite\",\"@id\":\"https:\\\/\\\/www.eldiario.net\\\/portal\\\/#website\",\"url\":\"https:\\\/\\\/www.eldiario.net\\\/portal\\\/\",\"name\":\"El Diario - Decano de la prensa nacional\",\"description\":\"El Diario - Decano de la prensa nacional\",\"publisher\":{\"@id\":\"https:\\\/\\\/www.eldiario.net\\\/portal\\\/#organization\"},\"potentialAction\":[{\"@type\":\"SearchAction\",\"target\":{\"@type\":\"EntryPoint\",\"urlTemplate\":\"https:\\\/\\\/www.eldiario.net\\\/portal\\\/?s={search_term_string}\"},\"query-input\":{\"@type\":\"PropertyValueSpecification\",\"valueRequired\":true,\"valueName\":\"search_term_string\"}}],\"inLanguage\":\"es\"},{\"@type\":\"Organization\",\"@id\":\"https:\\\/\\\/www.eldiario.net\\\/portal\\\/#organization\",\"name\":\"El Diario - Decano de la prensa nacional\",\"url\":\"https:\\\/\\\/www.eldiario.net\\\/portal\\\/\",\"logo\":{\"@type\":\"ImageObject\",\"inLanguage\":\"es\",\"@id\":\"https:\\\/\\\/www.eldiario.net\\\/portal\\\/#\\\/schema\\\/logo\\\/image\\\/\",\"url\":\"https:\\\/\\\/www.eldiario.net\\\/portal\\\/wp-content\\\/uploads\\\/2023\\\/07\\\/logo_ED.jpg\",\"contentUrl\":\"https:\\\/\\\/www.eldiario.net\\\/portal\\\/wp-content\\\/uploads\\\/2023\\\/07\\\/logo_ED.jpg\",\"width\":272,\"height\":52,\"caption\":\"El Diario - Decano de la prensa nacional\"},\"image\":{\"@id\":\"https:\\\/\\\/www.eldiario.net\\\/portal\\\/#\\\/schema\\\/logo\\\/image\\\/\"},\"sameAs\":[\"https:\\\/\\\/www.facebook.com\\\/eldiario.bolivia\\\/\",\"https:\\\/\\\/x.com\\\/eldiario_net\"]},{\"@type\":\"Person\",\"@id\":\"https:\\\/\\\/www.eldiario.net\\\/portal\\\/#\\\/schema\\\/person\\\/f46445640444750d7d753ccd04ae01b7\",\"name\":\"Jeanette\",\"image\":{\"@type\":\"ImageObject\",\"inLanguage\":\"es\",\"@id\":\"https:\\\/\\\/secure.gravatar.com\\\/avatar\\\/3ea2118a5f7dad2b7138b1187a6b7ee55f160b9968b66013c3a3ef39dd7e5798?s=96&d=mm&r=g\",\"url\":\"https:\\\/\\\/secure.gravatar.com\\\/avatar\\\/3ea2118a5f7dad2b7138b1187a6b7ee55f160b9968b66013c3a3ef39dd7e5798?s=96&d=mm&r=g\",\"contentUrl\":\"https:\\\/\\\/secure.gravatar.com\\\/avatar\\\/3ea2118a5f7dad2b7138b1187a6b7ee55f160b9968b66013c3a3ef39dd7e5798?s=96&d=mm&r=g\",\"caption\":\"Jeanette\"},\"sameAs\":[\"https:\\\/\\\/www.eldiario.net\\\/portal\"],\"url\":\"https:\\\/\\\/www.eldiario.net\\\/portal\\\/author\\\/jeanette\\\/\"}]}<\/script>\n<!-- \/ Yoast SEO plugin. -->","yoast_head_json":{"title":"Manual para hacer infeliz a un pa\u00eds - El Diario - Bolivia","robots":{"index":"index","follow":"follow","max-snippet":"max-snippet:-1","max-image-preview":"max-image-preview:large","max-video-preview":"max-video-preview:-1"},"canonical":"https:\/\/www.eldiario.net\/portal\/2025\/05\/19\/manual-para-hacer-infeliz-a-un-pais\/","og_locale":"es_ES","og_type":"article","og_title":"Manual para hacer infeliz a un pa\u00eds - El Diario - Bolivia","og_description":"En los dos \u00faltimos decenios hemos visto sucederse con vertiginosa rapidez la mudanza de una clase social deprimida y principalmente a muchos dirigentes de los hoy llamados movimientos sociales pasar a un estatus de fortunas, gracias al empobrecedor \u201cmodelo\u201d econ\u00f3mico impuesto, de aparente \u00e9xito al principio y ya de ruina ahora, ruina en que se [&hellip;]","og_url":"https:\/\/www.eldiario.net\/portal\/2025\/05\/19\/manual-para-hacer-infeliz-a-un-pais\/","og_site_name":"El Diario - Bolivia","article_publisher":"https:\/\/www.facebook.com\/eldiario.bolivia\/","article_published_time":"2025-05-19T09:46:18+00:00","og_image":[{"width":1200,"height":628,"url":"https:\/\/www.eldiario.net\/portal\/wp-content\/uploads\/2023\/06\/Augusto-Vera-Riveros.jpg","type":"image\/jpeg"}],"author":"Jeanette","twitter_card":"summary_large_image","twitter_creator":"@eldiario_net","twitter_site":"@eldiario_net","twitter_misc":{"Escrito por":"Jeanette","Tiempo de lectura":"4 minutos"},"schema":{"@context":"https:\/\/schema.org","@graph":[{"@type":"Article","@id":"https:\/\/www.eldiario.net\/portal\/2025\/05\/19\/manual-para-hacer-infeliz-a-un-pais\/#article","isPartOf":{"@id":"https:\/\/www.eldiario.net\/portal\/2025\/05\/19\/manual-para-hacer-infeliz-a-un-pais\/"},"author":{"name":"Jeanette","@id":"https:\/\/www.eldiario.net\/portal\/#\/schema\/person\/f46445640444750d7d753ccd04ae01b7"},"headline":"Manual para hacer infeliz a un pa\u00eds","datePublished":"2025-05-19T09:46:18+00:00","mainEntityOfPage":{"@id":"https:\/\/www.eldiario.net\/portal\/2025\/05\/19\/manual-para-hacer-infeliz-a-un-pais\/"},"wordCount":788,"publisher":{"@id":"https:\/\/www.eldiario.net\/portal\/#organization"},"image":{"@id":"https:\/\/www.eldiario.net\/portal\/2025\/05\/19\/manual-para-hacer-infeliz-a-un-pais\/#primaryimage"},"thumbnailUrl":"https:\/\/www.eldiario.net\/portal\/wp-content\/uploads\/2023\/06\/Augusto-Vera-Riveros.jpg","articleSection":["Opini\u00f3n"],"inLanguage":"es"},{"@type":"WebPage","@id":"https:\/\/www.eldiario.net\/portal\/2025\/05\/19\/manual-para-hacer-infeliz-a-un-pais\/","url":"https:\/\/www.eldiario.net\/portal\/2025\/05\/19\/manual-para-hacer-infeliz-a-un-pais\/","name":"Manual para hacer infeliz a un pa\u00eds - El Diario - Bolivia","isPartOf":{"@id":"https:\/\/www.eldiario.net\/portal\/#website"},"primaryImageOfPage":{"@id":"https:\/\/www.eldiario.net\/portal\/2025\/05\/19\/manual-para-hacer-infeliz-a-un-pais\/#primaryimage"},"image":{"@id":"https:\/\/www.eldiario.net\/portal\/2025\/05\/19\/manual-para-hacer-infeliz-a-un-pais\/#primaryimage"},"thumbnailUrl":"https:\/\/www.eldiario.net\/portal\/wp-content\/uploads\/2023\/06\/Augusto-Vera-Riveros.jpg","datePublished":"2025-05-19T09:46:18+00:00","breadcrumb":{"@id":"https:\/\/www.eldiario.net\/portal\/2025\/05\/19\/manual-para-hacer-infeliz-a-un-pais\/#breadcrumb"},"inLanguage":"es","potentialAction":[{"@type":"ReadAction","target":["https:\/\/www.eldiario.net\/portal\/2025\/05\/19\/manual-para-hacer-infeliz-a-un-pais\/"]}]},{"@type":"ImageObject","inLanguage":"es","@id":"https:\/\/www.eldiario.net\/portal\/2025\/05\/19\/manual-para-hacer-infeliz-a-un-pais\/#primaryimage","url":"https:\/\/www.eldiario.net\/portal\/wp-content\/uploads\/2023\/06\/Augusto-Vera-Riveros.jpg","contentUrl":"https:\/\/www.eldiario.net\/portal\/wp-content\/uploads\/2023\/06\/Augusto-Vera-Riveros.jpg","width":1200,"height":628},{"@type":"BreadcrumbList","@id":"https:\/\/www.eldiario.net\/portal\/2025\/05\/19\/manual-para-hacer-infeliz-a-un-pais\/#breadcrumb","itemListElement":[{"@type":"ListItem","position":1,"name":"Portada","item":"https:\/\/www.eldiario.net\/portal\/"},{"@type":"ListItem","position":2,"name":"Manual para hacer infeliz a un pa\u00eds"}]},{"@type":"WebSite","@id":"https:\/\/www.eldiario.net\/portal\/#website","url":"https:\/\/www.eldiario.net\/portal\/","name":"El Diario - Decano de la prensa nacional","description":"El Diario - Decano de la prensa nacional","publisher":{"@id":"https:\/\/www.eldiario.net\/portal\/#organization"},"potentialAction":[{"@type":"SearchAction","target":{"@type":"EntryPoint","urlTemplate":"https:\/\/www.eldiario.net\/portal\/?s={search_term_string}"},"query-input":{"@type":"PropertyValueSpecification","valueRequired":true,"valueName":"search_term_string"}}],"inLanguage":"es"},{"@type":"Organization","@id":"https:\/\/www.eldiario.net\/portal\/#organization","name":"El Diario - Decano de la prensa nacional","url":"https:\/\/www.eldiario.net\/portal\/","logo":{"@type":"ImageObject","inLanguage":"es","@id":"https:\/\/www.eldiario.net\/portal\/#\/schema\/logo\/image\/","url":"https:\/\/www.eldiario.net\/portal\/wp-content\/uploads\/2023\/07\/logo_ED.jpg","contentUrl":"https:\/\/www.eldiario.net\/portal\/wp-content\/uploads\/2023\/07\/logo_ED.jpg","width":272,"height":52,"caption":"El Diario - Decano de la prensa nacional"},"image":{"@id":"https:\/\/www.eldiario.net\/portal\/#\/schema\/logo\/image\/"},"sameAs":["https:\/\/www.facebook.com\/eldiario.bolivia\/","https:\/\/x.com\/eldiario_net"]},{"@type":"Person","@id":"https:\/\/www.eldiario.net\/portal\/#\/schema\/person\/f46445640444750d7d753ccd04ae01b7","name":"Jeanette","image":{"@type":"ImageObject","inLanguage":"es","@id":"https:\/\/secure.gravatar.com\/avatar\/3ea2118a5f7dad2b7138b1187a6b7ee55f160b9968b66013c3a3ef39dd7e5798?s=96&d=mm&r=g","url":"https:\/\/secure.gravatar.com\/avatar\/3ea2118a5f7dad2b7138b1187a6b7ee55f160b9968b66013c3a3ef39dd7e5798?s=96&d=mm&r=g","contentUrl":"https:\/\/secure.gravatar.com\/avatar\/3ea2118a5f7dad2b7138b1187a6b7ee55f160b9968b66013c3a3ef39dd7e5798?s=96&d=mm&r=g","caption":"Jeanette"},"sameAs":["https:\/\/www.eldiario.net\/portal"],"url":"https:\/\/www.eldiario.net\/portal\/author\/jeanette\/"}]}},"_links":{"self":[{"href":"https:\/\/www.eldiario.net\/portal\/wp-json\/wp\/v2\/posts\/303403","targetHints":{"allow":["GET"]}}],"collection":[{"href":"https:\/\/www.eldiario.net\/portal\/wp-json\/wp\/v2\/posts"}],"about":[{"href":"https:\/\/www.eldiario.net\/portal\/wp-json\/wp\/v2\/types\/post"}],"author":[{"embeddable":true,"href":"https:\/\/www.eldiario.net\/portal\/wp-json\/wp\/v2\/users\/1"}],"replies":[{"embeddable":true,"href":"https:\/\/www.eldiario.net\/portal\/wp-json\/wp\/v2\/comments?post=303403"}],"version-history":[{"count":1,"href":"https:\/\/www.eldiario.net\/portal\/wp-json\/wp\/v2\/posts\/303403\/revisions"}],"predecessor-version":[{"id":303404,"href":"https:\/\/www.eldiario.net\/portal\/wp-json\/wp\/v2\/posts\/303403\/revisions\/303404"}],"wp:featuredmedia":[{"embeddable":true,"href":"https:\/\/www.eldiario.net\/portal\/wp-json\/wp\/v2\/media\/158120"}],"wp:attachment":[{"href":"https:\/\/www.eldiario.net\/portal\/wp-json\/wp\/v2\/media?parent=303403"}],"wp:term":[{"taxonomy":"category","embeddable":true,"href":"https:\/\/www.eldiario.net\/portal\/wp-json\/wp\/v2\/categories?post=303403"},{"taxonomy":"post_tag","embeddable":true,"href":"https:\/\/www.eldiario.net\/portal\/wp-json\/wp\/v2\/tags?post=303403"}],"curies":[{"name":"wp","href":"https:\/\/api.w.org\/{rel}","templated":true}]}}