{"id":302367,"date":"2025-05-15T05:48:16","date_gmt":"2025-05-15T09:48:16","guid":{"rendered":"https:\/\/www.eldiario.net\/portal\/?p=302367"},"modified":"2025-05-15T05:48:16","modified_gmt":"2025-05-15T09:48:16","slug":"tcp-ratifica-inhabilitacion-de-evo-morales-ayma","status":"publish","type":"post","link":"https:\/\/www.eldiario.net\/portal\/2025\/05\/15\/tcp-ratifica-inhabilitacion-de-evo-morales-ayma\/","title":{"rendered":"TCP ratifica inhabilitaci\u00f3n  de Evo Morales Ayma"},"content":{"rendered":"<p>La sentencia del Tribunal Constitucional Plurinacional (TCP) que ratifica la inhabilitaci\u00f3n del expresidente, Evo Morales Ayma, determina que ninguna persona podr\u00e1 ejercer m\u00e1s de dos veces el cargo electo de presidente y vicepresidente, explic\u00f3 a la prensa el decano del ente, Ren\u00e9 Espada.<\/p>\n<p>\u201cA partir de esta sentencia queda consolidado que desde el actual marco constitucional ning\u00fan ciudadano boliviano, bajo ninguna circunstancia, puede ejercer m\u00e1s de dos veces el cargo electo de presidente y vicepresidente, sea este de forma continua o discontinua\u201d, indic\u00f3.<\/p>\n<p>El TCP emiti\u00f3 ayer la Sentencia Constitucional Plurinacional 007\/2025 que declara inconstitucional la reelecci\u00f3n por m\u00e1s de una vez, ya sea continua o discontinua. La votaci\u00f3n se asumi\u00f3 de por unanimidad, resalt\u00f3 el presidente el ente, Gonzalo Hurtado.<\/p>\n<p>\u201cQuedar\u00e1 en la historia la sala plena que presid\u00ed donde los nueve magistrados, de manera un\u00e1nime, decidimos resolver un tema que ha sido motivo de disputa pol\u00edtica en los \u00faltimos a\u00f1os (\u2026) La Sala Plena ha dispuesto una resoluci\u00f3n que marcar\u00e1 en la historia de nuestro pa\u00eds\u201d, dijo Hurtado.<\/p>\n<p>El decano Espada explic\u00f3 que la decisi\u00f3n asumida tom\u00f3 como base la Sentencia Constitucional Plurinacional 1010\/2023 y el Acuerdo Constitucional Plurinacional 0083\/2024 referidos al l\u00edmite de mandatos presidenciales que puede ejercer un ciudadano.<\/p>\n<p>A\u00f1adi\u00f3 que la sentencia tambi\u00e9n se encuentra \u201csustentada y respaldada\u201d por la Opini\u00f3n Consultiva 28\/21 de la Corte Interamericana de Derechos Humanos que establece \u201ctaxativamente\u201d que la elecci\u00f3n indefinida no constituye un derecho humano ni aut\u00f3nomo, como lo mencionaba la Sentencia Constitucional 084\/2017.<\/p>\n<p>EVISTAS INSISTEN EN HABILITACI\u00d3N<\/p>\n<p>El abogado, Wilfredo Ch\u00e1vez, miembro del equipo jur\u00eddico del expresidente Evo Morales, asegur\u00f3 que les tiene \u201csin cuidado\u201d la sentencia del TCP.<\/p>\n<p>\u201cNos tiene sin cuidado, de verdad, lo que diga o no diga el Tribunal Constitucional, porque sencillamente lo que va a pasar es que Evo est\u00e1 habilitado\u201d, asegur\u00f3 Ch\u00e1vez en conferencia de prensa junto a otros abogados de Morales.<\/p>\n<p>CONVULSI\u00d3N<\/p>\n<p>En caso de que el movimiento ind\u00edgena y popular no participe de las elecciones generales de 2025, en referencia a su candidatura, Evo Morales advirti\u00f3 ayer que es un llamado a la convulsi\u00f3n en el pa\u00eds.<\/p>\n<p>\u201cSi no va a participar el movimiento popular, el movimiento ind\u00edgena; esa Bolivia profunda va a estar ausente (de las elecciones), aqu\u00ed est\u00e1n llamando a una convulsi\u00f3n, est\u00e1n provocando una combusti\u00f3n. Si pasa algo, va a ser de responsabilidad del Gobierno nacional\u201d, advirti\u00f3 durante una entrevista con Kawsachun Coca.<\/p>\n<p>Las organizaciones sociales, que apoyan al exmandatario, ratificaron la movilizaci\u00f3n en la sede de gobierno para inscribir la candidatura de Morales para las elecciones.<\/p>\n<p>El dirigente de Confederaci\u00f3n Sindical \u00danica de Trabajadores Campesinos de Bolivia (Csutcb) \u201cevista\u201d, Ponciano Santos, incluso lanz\u00f3 la amenaza que \u201cpor las buenas o por las malas\u201d Morales ser\u00e1 candidato.<\/p>\n<p>Cuando la movilizaci\u00f3n se encuentre en La Paz, el exmandatario denunci\u00f3 que, por instrucciones del Comando General de la Polic\u00eda, al menos 100 uniformados de cada departamento est\u00e1n siendo trasladados a la sede de gobierno.<\/p>\n<p>CALENDARIO ELECTORAL<\/p>\n<p>Tras conocerse que el fallo del Tribunal Constitucional Plurinacional (TCP) que inhabilita las pretensiones de Evo Morales de una nueva candidatura, el vocal del Tribunal Supremo Electoral (TSE), Francisco Vargas, se\u00f1al\u00f3 que la sentencia influye en el calendario electoral de las elecciones generales 2025 y que el documento ser\u00e1 analizado en Sala Plena.<\/p>\n<p>\u201cSe har\u00e1 un an\u00e1lisis en Sala Plena del Tribunal Supremo Electoral (TSE) y se va a asumir una postura institucional una vez que conozcamos de manera formal la sentencia y los alcances de esta sentencia, que de una u otra forma influye en la ejecuci\u00f3n de las actividades del calendario electoral\u201d, indic\u00f3 Vargas tras conocerse el fallo.<\/p>\n<p>\u201cVamos a esperar que nos comuniquen desde el Tribunal Constitucional, por lo menos vamos a revisar una vez que est\u00e9 publicada en la p\u00e1gina web. Yo por lo menos desconozco los alcances\u201d, agreg\u00f3 Vargas desde las puertas del TSE en la ciudad de La Paz. (Con datos de Br\u00fajula Digital\/Erbol\/Unitel)<\/p>\n<p>M\u00c1S INFORMACI\u00d3N POL\u00cdTICA<\/p>\n","protected":false},"excerpt":{"rendered":"<p>La sentencia del Tribunal Constitucional Plurinacional (TCP) que ratifica la inhabilitaci\u00f3n del expresidente, Evo Morales Ayma, determina que ninguna persona podr\u00e1 ejercer m\u00e1s de dos veces el cargo electo de presidente y vicepresidente, explic\u00f3 a la prensa el decano del ente, Ren\u00e9 Espada. \u201cA partir de esta sentencia queda consolidado que desde el actual marco [&hellip;]<\/p>\n","protected":false},"author":1,"featured_media":302368,"comment_status":"closed","ping_status":"open","sticky":false,"template":"","format":"standard","meta":{"_acf_changed":false,"footnotes":""},"categories":[17],"tags":[],"class_list":["post-302367","post","type-post","status-publish","format-standard","has-post-thumbnail","category-principal"],"acf":{"antetitulo":"No puede ser candidato a Presidente"},"yoast_head":"<!-- This site is optimized with the Yoast SEO plugin v28.4 - https:\/\/yoast.com\/product\/yoast-seo-wordpress\/ -->\n<title>TCP ratifica inhabilitaci\u00f3n de Evo Morales Ayma - El Diario - Bolivia<\/title>\n<meta name=\"robots\" content=\"index, follow, max-snippet:-1, max-image-preview:large, max-video-preview:-1\" \/>\n<link rel=\"canonical\" href=\"https:\/\/www.eldiario.net\/portal\/2025\/05\/15\/tcp-ratifica-inhabilitacion-de-evo-morales-ayma\/\" \/>\n<meta property=\"og:locale\" content=\"es_ES\" \/>\n<meta property=\"og:type\" content=\"article\" \/>\n<meta property=\"og:title\" content=\"TCP ratifica inhabilitaci\u00f3n de Evo Morales Ayma - El Diario - Bolivia\" \/>\n<meta property=\"og:description\" content=\"La sentencia del Tribunal Constitucional Plurinacional (TCP) que ratifica la inhabilitaci\u00f3n del expresidente, Evo Morales Ayma, determina que ninguna persona podr\u00e1 ejercer m\u00e1s de dos veces el cargo electo de presidente y vicepresidente, explic\u00f3 a la prensa el decano del ente, Ren\u00e9 Espada. \u201cA partir de esta sentencia queda consolidado que desde el actual marco [&hellip;]\" \/>\n<meta property=\"og:url\" content=\"https:\/\/www.eldiario.net\/portal\/2025\/05\/15\/tcp-ratifica-inhabilitacion-de-evo-morales-ayma\/\" \/>\n<meta property=\"og:site_name\" content=\"El Diario - Bolivia\" \/>\n<meta property=\"article:publisher\" content=\"https:\/\/www.facebook.com\/eldiario.bolivia\/\" \/>\n<meta property=\"article:published_time\" content=\"2025-05-15T09:48:16+00:00\" \/>\n<meta property=\"og:image\" content=\"https:\/\/www.eldiario.net\/portal\/wp-content\/uploads\/2025\/05\/AYMA-FOTO.jpg\" \/>\n\t<meta property=\"og:image:width\" content=\"720\" \/>\n\t<meta property=\"og:image:height\" content=\"400\" \/>\n\t<meta property=\"og:image:type\" content=\"image\/jpeg\" \/>\n<meta name=\"author\" content=\"Jeanette\" \/>\n<meta name=\"twitter:card\" content=\"summary_large_image\" \/>\n<meta name=\"twitter:creator\" content=\"@eldiario_net\" \/>\n<meta name=\"twitter:site\" content=\"@eldiario_net\" \/>\n<meta name=\"twitter:label1\" content=\"Escrito por\" \/>\n\t<meta name=\"twitter:data1\" content=\"Jeanette\" \/>\n\t<meta name=\"twitter:label2\" content=\"Tiempo de lectura\" \/>\n\t<meta name=\"twitter:data2\" content=\"4 minutos\" \/>\n<script type=\"application\/ld+json\" class=\"yoast-schema-graph\">{\"@context\":\"https:\\\/\\\/schema.org\",\"@graph\":[{\"@type\":\"Article\",\"@id\":\"https:\\\/\\\/www.eldiario.net\\\/portal\\\/2025\\\/05\\\/15\\\/tcp-ratifica-inhabilitacion-de-evo-morales-ayma\\\/#article\",\"isPartOf\":{\"@id\":\"https:\\\/\\\/www.eldiario.net\\\/portal\\\/2025\\\/05\\\/15\\\/tcp-ratifica-inhabilitacion-de-evo-morales-ayma\\\/\"},\"author\":{\"name\":\"Jeanette\",\"@id\":\"https:\\\/\\\/www.eldiario.net\\\/portal\\\/#\\\/schema\\\/person\\\/2c57cf2b7a7ae032e449e4c9b1019eac\"},\"headline\":\"TCP ratifica inhabilitaci\u00f3n de Evo Morales Ayma\",\"datePublished\":\"2025-05-15T09:48:16+00:00\",\"mainEntityOfPage\":{\"@id\":\"https:\\\/\\\/www.eldiario.net\\\/portal\\\/2025\\\/05\\\/15\\\/tcp-ratifica-inhabilitacion-de-evo-morales-ayma\\\/\"},\"wordCount\":697,\"publisher\":{\"@id\":\"https:\\\/\\\/www.eldiario.net\\\/portal\\\/#organization\"},\"image\":{\"@id\":\"https:\\\/\\\/www.eldiario.net\\\/portal\\\/2025\\\/05\\\/15\\\/tcp-ratifica-inhabilitacion-de-evo-morales-ayma\\\/#primaryimage\"},\"thumbnailUrl\":\"https:\\\/\\\/www.eldiario.net\\\/portal\\\/wp-content\\\/uploads\\\/2025\\\/05\\\/AYMA-FOTO.jpg\",\"articleSection\":[\"Principal\"],\"inLanguage\":\"es\"},{\"@type\":\"WebPage\",\"@id\":\"https:\\\/\\\/www.eldiario.net\\\/portal\\\/2025\\\/05\\\/15\\\/tcp-ratifica-inhabilitacion-de-evo-morales-ayma\\\/\",\"url\":\"https:\\\/\\\/www.eldiario.net\\\/portal\\\/2025\\\/05\\\/15\\\/tcp-ratifica-inhabilitacion-de-evo-morales-ayma\\\/\",\"name\":\"TCP ratifica inhabilitaci\u00f3n de Evo Morales Ayma - El Diario - Bolivia\",\"isPartOf\":{\"@id\":\"https:\\\/\\\/www.eldiario.net\\\/portal\\\/#website\"},\"primaryImageOfPage\":{\"@id\":\"https:\\\/\\\/www.eldiario.net\\\/portal\\\/2025\\\/05\\\/15\\\/tcp-ratifica-inhabilitacion-de-evo-morales-ayma\\\/#primaryimage\"},\"image\":{\"@id\":\"https:\\\/\\\/www.eldiario.net\\\/portal\\\/2025\\\/05\\\/15\\\/tcp-ratifica-inhabilitacion-de-evo-morales-ayma\\\/#primaryimage\"},\"thumbnailUrl\":\"https:\\\/\\\/www.eldiario.net\\\/portal\\\/wp-content\\\/uploads\\\/2025\\\/05\\\/AYMA-FOTO.jpg\",\"datePublished\":\"2025-05-15T09:48:16+00:00\",\"breadcrumb\":{\"@id\":\"https:\\\/\\\/www.eldiario.net\\\/portal\\\/2025\\\/05\\\/15\\\/tcp-ratifica-inhabilitacion-de-evo-morales-ayma\\\/#breadcrumb\"},\"inLanguage\":\"es\",\"potentialAction\":[{\"@type\":\"ReadAction\",\"target\":[\"https:\\\/\\\/www.eldiario.net\\\/portal\\\/2025\\\/05\\\/15\\\/tcp-ratifica-inhabilitacion-de-evo-morales-ayma\\\/\"]}]},{\"@type\":\"ImageObject\",\"inLanguage\":\"es\",\"@id\":\"https:\\\/\\\/www.eldiario.net\\\/portal\\\/2025\\\/05\\\/15\\\/tcp-ratifica-inhabilitacion-de-evo-morales-ayma\\\/#primaryimage\",\"url\":\"https:\\\/\\\/www.eldiario.net\\\/portal\\\/wp-content\\\/uploads\\\/2025\\\/05\\\/AYMA-FOTO.jpg\",\"contentUrl\":\"https:\\\/\\\/www.eldiario.net\\\/portal\\\/wp-content\\\/uploads\\\/2025\\\/05\\\/AYMA-FOTO.jpg\",\"width\":720,\"height\":400,\"caption\":\"MAGISTRADOS DEL TCP EN LA CONFERENCIA DE PRENSA DE ESTA MA\u00d1ANA. FOTO: UNITEL\"},{\"@type\":\"BreadcrumbList\",\"@id\":\"https:\\\/\\\/www.eldiario.net\\\/portal\\\/2025\\\/05\\\/15\\\/tcp-ratifica-inhabilitacion-de-evo-morales-ayma\\\/#breadcrumb\",\"itemListElement\":[{\"@type\":\"ListItem\",\"position\":1,\"name\":\"Portada\",\"item\":\"https:\\\/\\\/www.eldiario.net\\\/portal\\\/\"},{\"@type\":\"ListItem\",\"position\":2,\"name\":\"TCP ratifica inhabilitaci\u00f3n de Evo Morales Ayma\"}]},{\"@type\":\"WebSite\",\"@id\":\"https:\\\/\\\/www.eldiario.net\\\/portal\\\/#website\",\"url\":\"https:\\\/\\\/www.eldiario.net\\\/portal\\\/\",\"name\":\"El Diario - Decano de la prensa nacional\",\"description\":\"El Diario - Decano de la prensa nacional\",\"publisher\":{\"@id\":\"https:\\\/\\\/www.eldiario.net\\\/portal\\\/#organization\"},\"potentialAction\":[{\"@type\":\"SearchAction\",\"target\":{\"@type\":\"EntryPoint\",\"urlTemplate\":\"https:\\\/\\\/www.eldiario.net\\\/portal\\\/?s={search_term_string}\"},\"query-input\":{\"@type\":\"PropertyValueSpecification\",\"valueRequired\":true,\"valueName\":\"search_term_string\"}}],\"inLanguage\":\"es\"},{\"@type\":\"Organization\",\"@id\":\"https:\\\/\\\/www.eldiario.net\\\/portal\\\/#organization\",\"name\":\"El Diario - Decano de la prensa nacional\",\"url\":\"https:\\\/\\\/www.eldiario.net\\\/portal\\\/\",\"logo\":{\"@type\":\"ImageObject\",\"inLanguage\":\"es\",\"@id\":\"https:\\\/\\\/www.eldiario.net\\\/portal\\\/#\\\/schema\\\/logo\\\/image\\\/\",\"url\":\"https:\\\/\\\/www.eldiario.net\\\/portal\\\/wp-content\\\/uploads\\\/2023\\\/07\\\/logo_ED.jpg\",\"contentUrl\":\"https:\\\/\\\/www.eldiario.net\\\/portal\\\/wp-content\\\/uploads\\\/2023\\\/07\\\/logo_ED.jpg\",\"width\":272,\"height\":52,\"caption\":\"El Diario - Decano de la prensa nacional\"},\"image\":{\"@id\":\"https:\\\/\\\/www.eldiario.net\\\/portal\\\/#\\\/schema\\\/logo\\\/image\\\/\"},\"sameAs\":[\"https:\\\/\\\/www.facebook.com\\\/eldiario.bolivia\\\/\",\"https:\\\/\\\/x.com\\\/eldiario_net\"]},{\"@type\":\"Person\",\"@id\":\"https:\\\/\\\/www.eldiario.net\\\/portal\\\/#\\\/schema\\\/person\\\/2c57cf2b7a7ae032e449e4c9b1019eac\",\"name\":\"Jeanette\",\"image\":{\"@type\":\"ImageObject\",\"inLanguage\":\"es\",\"@id\":\"https:\\\/\\\/secure.gravatar.com\\\/avatar\\\/3ea2118a5f7dad2b7138b1187a6b7ee55f160b9968b66013c3a3ef39dd7e5798?s=96&d=mm&r=g\",\"url\":\"https:\\\/\\\/secure.gravatar.com\\\/avatar\\\/3ea2118a5f7dad2b7138b1187a6b7ee55f160b9968b66013c3a3ef39dd7e5798?s=96&d=mm&r=g\",\"contentUrl\":\"https:\\\/\\\/secure.gravatar.com\\\/avatar\\\/3ea2118a5f7dad2b7138b1187a6b7ee55f160b9968b66013c3a3ef39dd7e5798?s=96&d=mm&r=g\",\"caption\":\"Jeanette\"},\"sameAs\":[\"https:\\\/\\\/www.eldiario.net\\\/portal\"],\"url\":\"https:\\\/\\\/www.eldiario.net\\\/portal\\\/author\\\/jeanette\\\/\"}]}<\/script>\n<!-- \/ Yoast SEO plugin. -->","yoast_head_json":{"title":"TCP ratifica inhabilitaci\u00f3n de Evo Morales Ayma - El Diario - Bolivia","robots":{"index":"index","follow":"follow","max-snippet":"max-snippet:-1","max-image-preview":"max-image-preview:large","max-video-preview":"max-video-preview:-1"},"canonical":"https:\/\/www.eldiario.net\/portal\/2025\/05\/15\/tcp-ratifica-inhabilitacion-de-evo-morales-ayma\/","og_locale":"es_ES","og_type":"article","og_title":"TCP ratifica inhabilitaci\u00f3n de Evo Morales Ayma - El Diario - Bolivia","og_description":"La sentencia del Tribunal Constitucional Plurinacional (TCP) que ratifica la inhabilitaci\u00f3n del expresidente, Evo Morales Ayma, determina que ninguna persona podr\u00e1 ejercer m\u00e1s de dos veces el cargo electo de presidente y vicepresidente, explic\u00f3 a la prensa el decano del ente, Ren\u00e9 Espada. \u201cA partir de esta sentencia queda consolidado que desde el actual marco [&hellip;]","og_url":"https:\/\/www.eldiario.net\/portal\/2025\/05\/15\/tcp-ratifica-inhabilitacion-de-evo-morales-ayma\/","og_site_name":"El Diario - Bolivia","article_publisher":"https:\/\/www.facebook.com\/eldiario.bolivia\/","article_published_time":"2025-05-15T09:48:16+00:00","og_image":[{"width":720,"height":400,"url":"https:\/\/www.eldiario.net\/portal\/wp-content\/uploads\/2025\/05\/AYMA-FOTO.jpg","type":"image\/jpeg"}],"author":"Jeanette","twitter_card":"summary_large_image","twitter_creator":"@eldiario_net","twitter_site":"@eldiario_net","twitter_misc":{"Escrito por":"Jeanette","Tiempo de lectura":"4 minutos"},"schema":{"@context":"https:\/\/schema.org","@graph":[{"@type":"Article","@id":"https:\/\/www.eldiario.net\/portal\/2025\/05\/15\/tcp-ratifica-inhabilitacion-de-evo-morales-ayma\/#article","isPartOf":{"@id":"https:\/\/www.eldiario.net\/portal\/2025\/05\/15\/tcp-ratifica-inhabilitacion-de-evo-morales-ayma\/"},"author":{"name":"Jeanette","@id":"https:\/\/www.eldiario.net\/portal\/#\/schema\/person\/2c57cf2b7a7ae032e449e4c9b1019eac"},"headline":"TCP ratifica inhabilitaci\u00f3n de Evo Morales Ayma","datePublished":"2025-05-15T09:48:16+00:00","mainEntityOfPage":{"@id":"https:\/\/www.eldiario.net\/portal\/2025\/05\/15\/tcp-ratifica-inhabilitacion-de-evo-morales-ayma\/"},"wordCount":697,"publisher":{"@id":"https:\/\/www.eldiario.net\/portal\/#organization"},"image":{"@id":"https:\/\/www.eldiario.net\/portal\/2025\/05\/15\/tcp-ratifica-inhabilitacion-de-evo-morales-ayma\/#primaryimage"},"thumbnailUrl":"https:\/\/www.eldiario.net\/portal\/wp-content\/uploads\/2025\/05\/AYMA-FOTO.jpg","articleSection":["Principal"],"inLanguage":"es"},{"@type":"WebPage","@id":"https:\/\/www.eldiario.net\/portal\/2025\/05\/15\/tcp-ratifica-inhabilitacion-de-evo-morales-ayma\/","url":"https:\/\/www.eldiario.net\/portal\/2025\/05\/15\/tcp-ratifica-inhabilitacion-de-evo-morales-ayma\/","name":"TCP ratifica inhabilitaci\u00f3n de Evo Morales Ayma - El Diario - Bolivia","isPartOf":{"@id":"https:\/\/www.eldiario.net\/portal\/#website"},"primaryImageOfPage":{"@id":"https:\/\/www.eldiario.net\/portal\/2025\/05\/15\/tcp-ratifica-inhabilitacion-de-evo-morales-ayma\/#primaryimage"},"image":{"@id":"https:\/\/www.eldiario.net\/portal\/2025\/05\/15\/tcp-ratifica-inhabilitacion-de-evo-morales-ayma\/#primaryimage"},"thumbnailUrl":"https:\/\/www.eldiario.net\/portal\/wp-content\/uploads\/2025\/05\/AYMA-FOTO.jpg","datePublished":"2025-05-15T09:48:16+00:00","breadcrumb":{"@id":"https:\/\/www.eldiario.net\/portal\/2025\/05\/15\/tcp-ratifica-inhabilitacion-de-evo-morales-ayma\/#breadcrumb"},"inLanguage":"es","potentialAction":[{"@type":"ReadAction","target":["https:\/\/www.eldiario.net\/portal\/2025\/05\/15\/tcp-ratifica-inhabilitacion-de-evo-morales-ayma\/"]}]},{"@type":"ImageObject","inLanguage":"es","@id":"https:\/\/www.eldiario.net\/portal\/2025\/05\/15\/tcp-ratifica-inhabilitacion-de-evo-morales-ayma\/#primaryimage","url":"https:\/\/www.eldiario.net\/portal\/wp-content\/uploads\/2025\/05\/AYMA-FOTO.jpg","contentUrl":"https:\/\/www.eldiario.net\/portal\/wp-content\/uploads\/2025\/05\/AYMA-FOTO.jpg","width":720,"height":400,"caption":"MAGISTRADOS DEL TCP EN LA CONFERENCIA DE PRENSA DE ESTA MA\u00d1ANA. FOTO: UNITEL"},{"@type":"BreadcrumbList","@id":"https:\/\/www.eldiario.net\/portal\/2025\/05\/15\/tcp-ratifica-inhabilitacion-de-evo-morales-ayma\/#breadcrumb","itemListElement":[{"@type":"ListItem","position":1,"name":"Portada","item":"https:\/\/www.eldiario.net\/portal\/"},{"@type":"ListItem","position":2,"name":"TCP ratifica inhabilitaci\u00f3n de Evo Morales Ayma"}]},{"@type":"WebSite","@id":"https:\/\/www.eldiario.net\/portal\/#website","url":"https:\/\/www.eldiario.net\/portal\/","name":"El Diario - Decano de la prensa nacional","description":"El Diario - Decano de la prensa nacional","publisher":{"@id":"https:\/\/www.eldiario.net\/portal\/#organization"},"potentialAction":[{"@type":"SearchAction","target":{"@type":"EntryPoint","urlTemplate":"https:\/\/www.eldiario.net\/portal\/?s={search_term_string}"},"query-input":{"@type":"PropertyValueSpecification","valueRequired":true,"valueName":"search_term_string"}}],"inLanguage":"es"},{"@type":"Organization","@id":"https:\/\/www.eldiario.net\/portal\/#organization","name":"El Diario - Decano de la prensa nacional","url":"https:\/\/www.eldiario.net\/portal\/","logo":{"@type":"ImageObject","inLanguage":"es","@id":"https:\/\/www.eldiario.net\/portal\/#\/schema\/logo\/image\/","url":"https:\/\/www.eldiario.net\/portal\/wp-content\/uploads\/2023\/07\/logo_ED.jpg","contentUrl":"https:\/\/www.eldiario.net\/portal\/wp-content\/uploads\/2023\/07\/logo_ED.jpg","width":272,"height":52,"caption":"El Diario - Decano de la prensa nacional"},"image":{"@id":"https:\/\/www.eldiario.net\/portal\/#\/schema\/logo\/image\/"},"sameAs":["https:\/\/www.facebook.com\/eldiario.bolivia\/","https:\/\/x.com\/eldiario_net"]},{"@type":"Person","@id":"https:\/\/www.eldiario.net\/portal\/#\/schema\/person\/2c57cf2b7a7ae032e449e4c9b1019eac","name":"Jeanette","image":{"@type":"ImageObject","inLanguage":"es","@id":"https:\/\/secure.gravatar.com\/avatar\/3ea2118a5f7dad2b7138b1187a6b7ee55f160b9968b66013c3a3ef39dd7e5798?s=96&d=mm&r=g","url":"https:\/\/secure.gravatar.com\/avatar\/3ea2118a5f7dad2b7138b1187a6b7ee55f160b9968b66013c3a3ef39dd7e5798?s=96&d=mm&r=g","contentUrl":"https:\/\/secure.gravatar.com\/avatar\/3ea2118a5f7dad2b7138b1187a6b7ee55f160b9968b66013c3a3ef39dd7e5798?s=96&d=mm&r=g","caption":"Jeanette"},"sameAs":["https:\/\/www.eldiario.net\/portal"],"url":"https:\/\/www.eldiario.net\/portal\/author\/jeanette\/"}]}},"_links":{"self":[{"href":"https:\/\/www.eldiario.net\/portal\/wp-json\/wp\/v2\/posts\/302367","targetHints":{"allow":["GET"]}}],"collection":[{"href":"https:\/\/www.eldiario.net\/portal\/wp-json\/wp\/v2\/posts"}],"about":[{"href":"https:\/\/www.eldiario.net\/portal\/wp-json\/wp\/v2\/types\/post"}],"author":[{"embeddable":true,"href":"https:\/\/www.eldiario.net\/portal\/wp-json\/wp\/v2\/users\/1"}],"replies":[{"embeddable":true,"href":"https:\/\/www.eldiario.net\/portal\/wp-json\/wp\/v2\/comments?post=302367"}],"version-history":[{"count":1,"href":"https:\/\/www.eldiario.net\/portal\/wp-json\/wp\/v2\/posts\/302367\/revisions"}],"predecessor-version":[{"id":302369,"href":"https:\/\/www.eldiario.net\/portal\/wp-json\/wp\/v2\/posts\/302367\/revisions\/302369"}],"wp:featuredmedia":[{"embeddable":true,"href":"https:\/\/www.eldiario.net\/portal\/wp-json\/wp\/v2\/media\/302368"}],"wp:attachment":[{"href":"https:\/\/www.eldiario.net\/portal\/wp-json\/wp\/v2\/media?parent=302367"}],"wp:term":[{"taxonomy":"category","embeddable":true,"href":"https:\/\/www.eldiario.net\/portal\/wp-json\/wp\/v2\/categories?post=302367"},{"taxonomy":"post_tag","embeddable":true,"href":"https:\/\/www.eldiario.net\/portal\/wp-json\/wp\/v2\/tags?post=302367"}],"curies":[{"name":"wp","href":"https:\/\/api.w.org\/{rel}","templated":true}]}}