{"id":302364,"date":"2025-05-15T05:47:20","date_gmt":"2025-05-15T09:47:20","guid":{"rendered":"https:\/\/www.eldiario.net\/portal\/?p=302364"},"modified":"2025-05-15T05:47:20","modified_gmt":"2025-05-15T09:47:20","slug":"morales-denunciado-en-argentina-por-presuntos-delitos-de-lesa-humanidad","status":"publish","type":"post","link":"https:\/\/www.eldiario.net\/portal\/2025\/05\/15\/morales-denunciado-en-argentina-por-presuntos-delitos-de-lesa-humanidad\/","title":{"rendered":"Morales denunciado en Argentina por presuntos delitos de lesa humanidad"},"content":{"rendered":"<p>Evo Morales suma otra denuncia en Argentina, esta vez por delitos de lesa humanidad que presuntamente cometi\u00f3 en Bolivia. En el documento al que tuvo acceso Unitel se pide a la Justicia de ese pa\u00eds procesar al exmandatario boliviano.<\/p>\n<p>Esta nueva denuncia contra Morales fue presentada por \u201cv\u00edctimas denunciantes\u201d y tres organizaciones civiles como el Foro Argentino por la Democracia en la Regi\u00f3n, el Foro Internacional por la Democracia y FADD.<\/p>\n<p>En el documento, se se\u00f1ala que los delitos que cometi\u00f3 Morales son de lesa humanidad y se\u00f1alan que la Constituci\u00f3n de Argentina contempla jurisdicci\u00f3n universal para cr\u00edmenes de guerra y otros<\/p>\n<p>delitos internacionales. Pone de ejemplo el proceso contra Nicol\u00e1s Maduro y otros venezolanos.<\/p>\n<p>\u201cLos tribunales argentinos podr\u00e1n ejercer la jurisdicci\u00f3n respecto de ciudadanos extranjeros que cometan delitos en el extranjero, siempre que as\u00ed se establezca en los tratados y convenciones internacionales de los que sea parte Argentina\u201d, se\u00f1ala una parte de la acusaci\u00f3n.<\/p>\n<p>El documento se\u00f1ala que en los 14 a\u00f1os que Evo gobern\u00f3 surgieron m\u00faltiples hechos \u201ccomo masacres, torturas y tratos crueles, inhumanos y degradantes, determinados por la CIDH\u201d en su informe sobre el caso Francisco T\u00e1dic Astorga y Otros\u201d.<\/p>\n<p>\u201cEvo Morales, como m\u00e1ximo responsable de las agencias represivas del Estado y a trav\u00e9s de \u00f3rdenes directas, ha constituido a Bolivia en responsable directa ante las v\u00edctimas\u201d, se\u00f1ala el documento.<\/p>\n<p>Tambi\u00e9n se le atribuye a Morales una presunta manipulaci\u00f3n del sistema judicial boliviano para perseguir a opositores pol\u00edticos y pone de ejemplo el caso Terrorismo y lo ocurrido con Marco Antonio Aramayo y Elvira Parra, que enfrentaron cientos de procesos judiciales.<\/p>\n<p>En el documento se se\u00f1ala que tomando en cuenta la documentaci\u00f3n, la Justicia en Bolivia no est\u00e1 en condiciones de garantizar investigaciones ni procesos justos \u201csobre cr\u00edmenes que involucran la responsabilidad estatal\u201d.<\/p>\n<p>En la parte final de esta denuncia, es decir en el petitorio, se pide tomar en cuenta la informaci\u00f3n y est\u00e1ndares internacionales al evaluar la responsabilidad penal de Evo Morales y dem\u00e1s responsables, por presuntos \u201ccr\u00edmenes internacionales sujetos a la jurisdicci\u00f3n universal, a la luz de las obligaciones asumidas por el Estado Argentino\u201d. (Unitel)<\/p>\n","protected":false},"excerpt":{"rendered":"<p>Evo Morales suma otra denuncia en Argentina, esta vez por delitos de lesa humanidad que presuntamente cometi\u00f3 en Bolivia. En el documento al que tuvo acceso Unitel se pide a la Justicia de ese pa\u00eds procesar al exmandatario boliviano. Esta nueva denuncia contra Morales fue presentada por \u201cv\u00edctimas denunciantes\u201d y tres organizaciones civiles como el [&hellip;]<\/p>\n","protected":false},"author":1,"featured_media":302365,"comment_status":"closed","ping_status":"open","sticky":false,"template":"","format":"standard","meta":{"_acf_changed":false,"footnotes":""},"categories":[15],"tags":[],"class_list":["post-302364","post","type-post","status-publish","format-standard","has-post-thumbnail","category-portada"],"acf":{"antetitulo":""},"yoast_head":"<!-- This site is optimized with the Yoast SEO plugin v28.4 - https:\/\/yoast.com\/product\/yoast-seo-wordpress\/ -->\n<title>Morales denunciado en Argentina por presuntos delitos de lesa humanidad - El Diario - Bolivia<\/title>\n<meta name=\"robots\" content=\"index, follow, max-snippet:-1, max-image-preview:large, max-video-preview:-1\" \/>\n<link rel=\"canonical\" href=\"https:\/\/www.eldiario.net\/portal\/2025\/05\/15\/morales-denunciado-en-argentina-por-presuntos-delitos-de-lesa-humanidad\/\" \/>\n<meta property=\"og:locale\" content=\"es_ES\" \/>\n<meta property=\"og:type\" content=\"article\" \/>\n<meta property=\"og:title\" content=\"Morales denunciado en Argentina por presuntos delitos de lesa humanidad - El Diario - Bolivia\" \/>\n<meta property=\"og:description\" content=\"Evo Morales suma otra denuncia en Argentina, esta vez por delitos de lesa humanidad que presuntamente cometi\u00f3 en Bolivia. En el documento al que tuvo acceso Unitel se pide a la Justicia de ese pa\u00eds procesar al exmandatario boliviano. Esta nueva denuncia contra Morales fue presentada por \u201cv\u00edctimas denunciantes\u201d y tres organizaciones civiles como el [&hellip;]\" \/>\n<meta property=\"og:url\" content=\"https:\/\/www.eldiario.net\/portal\/2025\/05\/15\/morales-denunciado-en-argentina-por-presuntos-delitos-de-lesa-humanidad\/\" \/>\n<meta property=\"og:site_name\" content=\"El Diario - Bolivia\" \/>\n<meta property=\"article:publisher\" content=\"https:\/\/www.facebook.com\/eldiario.bolivia\/\" \/>\n<meta property=\"article:published_time\" content=\"2025-05-15T09:47:20+00:00\" \/>\n<meta property=\"og:image\" content=\"https:\/\/www.eldiario.net\/portal\/wp-content\/uploads\/2025\/05\/BEBO-FOTO.jpg\" \/>\n\t<meta property=\"og:image:width\" content=\"1339\" \/>\n\t<meta property=\"og:image:height\" content=\"770\" \/>\n\t<meta property=\"og:image:type\" content=\"image\/jpeg\" \/>\n<meta name=\"author\" content=\"Jeanette\" \/>\n<meta name=\"twitter:card\" content=\"summary_large_image\" \/>\n<meta name=\"twitter:creator\" content=\"@eldiario_net\" \/>\n<meta name=\"twitter:site\" content=\"@eldiario_net\" \/>\n<meta name=\"twitter:label1\" content=\"Escrito por\" \/>\n\t<meta name=\"twitter:data1\" content=\"Jeanette\" \/>\n\t<meta name=\"twitter:label2\" content=\"Tiempo de lectura\" \/>\n\t<meta name=\"twitter:data2\" content=\"2 minutos\" \/>\n<script type=\"application\/ld+json\" class=\"yoast-schema-graph\">{\"@context\":\"https:\\\/\\\/schema.org\",\"@graph\":[{\"@type\":\"Article\",\"@id\":\"https:\\\/\\\/www.eldiario.net\\\/portal\\\/2025\\\/05\\\/15\\\/morales-denunciado-en-argentina-por-presuntos-delitos-de-lesa-humanidad\\\/#article\",\"isPartOf\":{\"@id\":\"https:\\\/\\\/www.eldiario.net\\\/portal\\\/2025\\\/05\\\/15\\\/morales-denunciado-en-argentina-por-presuntos-delitos-de-lesa-humanidad\\\/\"},\"author\":{\"name\":\"Jeanette\",\"@id\":\"https:\\\/\\\/www.eldiario.net\\\/portal\\\/#\\\/schema\\\/person\\\/2c57cf2b7a7ae032e449e4c9b1019eac\"},\"headline\":\"Morales denunciado en Argentina por presuntos delitos de lesa humanidad\",\"datePublished\":\"2025-05-15T09:47:20+00:00\",\"mainEntityOfPage\":{\"@id\":\"https:\\\/\\\/www.eldiario.net\\\/portal\\\/2025\\\/05\\\/15\\\/morales-denunciado-en-argentina-por-presuntos-delitos-de-lesa-humanidad\\\/\"},\"wordCount\":391,\"publisher\":{\"@id\":\"https:\\\/\\\/www.eldiario.net\\\/portal\\\/#organization\"},\"image\":{\"@id\":\"https:\\\/\\\/www.eldiario.net\\\/portal\\\/2025\\\/05\\\/15\\\/morales-denunciado-en-argentina-por-presuntos-delitos-de-lesa-humanidad\\\/#primaryimage\"},\"thumbnailUrl\":\"https:\\\/\\\/www.eldiario.net\\\/portal\\\/wp-content\\\/uploads\\\/2025\\\/05\\\/BEBO-FOTO.jpg\",\"articleSection\":[\"Portada\"],\"inLanguage\":\"es\"},{\"@type\":\"WebPage\",\"@id\":\"https:\\\/\\\/www.eldiario.net\\\/portal\\\/2025\\\/05\\\/15\\\/morales-denunciado-en-argentina-por-presuntos-delitos-de-lesa-humanidad\\\/\",\"url\":\"https:\\\/\\\/www.eldiario.net\\\/portal\\\/2025\\\/05\\\/15\\\/morales-denunciado-en-argentina-por-presuntos-delitos-de-lesa-humanidad\\\/\",\"name\":\"Morales denunciado en Argentina por presuntos delitos de lesa humanidad - El Diario - Bolivia\",\"isPartOf\":{\"@id\":\"https:\\\/\\\/www.eldiario.net\\\/portal\\\/#website\"},\"primaryImageOfPage\":{\"@id\":\"https:\\\/\\\/www.eldiario.net\\\/portal\\\/2025\\\/05\\\/15\\\/morales-denunciado-en-argentina-por-presuntos-delitos-de-lesa-humanidad\\\/#primaryimage\"},\"image\":{\"@id\":\"https:\\\/\\\/www.eldiario.net\\\/portal\\\/2025\\\/05\\\/15\\\/morales-denunciado-en-argentina-por-presuntos-delitos-de-lesa-humanidad\\\/#primaryimage\"},\"thumbnailUrl\":\"https:\\\/\\\/www.eldiario.net\\\/portal\\\/wp-content\\\/uploads\\\/2025\\\/05\\\/BEBO-FOTO.jpg\",\"datePublished\":\"2025-05-15T09:47:20+00:00\",\"breadcrumb\":{\"@id\":\"https:\\\/\\\/www.eldiario.net\\\/portal\\\/2025\\\/05\\\/15\\\/morales-denunciado-en-argentina-por-presuntos-delitos-de-lesa-humanidad\\\/#breadcrumb\"},\"inLanguage\":\"es\",\"potentialAction\":[{\"@type\":\"ReadAction\",\"target\":[\"https:\\\/\\\/www.eldiario.net\\\/portal\\\/2025\\\/05\\\/15\\\/morales-denunciado-en-argentina-por-presuntos-delitos-de-lesa-humanidad\\\/\"]}]},{\"@type\":\"ImageObject\",\"inLanguage\":\"es\",\"@id\":\"https:\\\/\\\/www.eldiario.net\\\/portal\\\/2025\\\/05\\\/15\\\/morales-denunciado-en-argentina-por-presuntos-delitos-de-lesa-humanidad\\\/#primaryimage\",\"url\":\"https:\\\/\\\/www.eldiario.net\\\/portal\\\/wp-content\\\/uploads\\\/2025\\\/05\\\/BEBO-FOTO.jpg\",\"contentUrl\":\"https:\\\/\\\/www.eldiario.net\\\/portal\\\/wp-content\\\/uploads\\\/2025\\\/05\\\/BEBO-FOTO.jpg\",\"width\":1339,\"height\":770},{\"@type\":\"BreadcrumbList\",\"@id\":\"https:\\\/\\\/www.eldiario.net\\\/portal\\\/2025\\\/05\\\/15\\\/morales-denunciado-en-argentina-por-presuntos-delitos-de-lesa-humanidad\\\/#breadcrumb\",\"itemListElement\":[{\"@type\":\"ListItem\",\"position\":1,\"name\":\"Portada\",\"item\":\"https:\\\/\\\/www.eldiario.net\\\/portal\\\/\"},{\"@type\":\"ListItem\",\"position\":2,\"name\":\"Morales denunciado en Argentina por presuntos delitos de lesa humanidad\"}]},{\"@type\":\"WebSite\",\"@id\":\"https:\\\/\\\/www.eldiario.net\\\/portal\\\/#website\",\"url\":\"https:\\\/\\\/www.eldiario.net\\\/portal\\\/\",\"name\":\"El Diario - Decano de la prensa nacional\",\"description\":\"El Diario - Decano de la prensa nacional\",\"publisher\":{\"@id\":\"https:\\\/\\\/www.eldiario.net\\\/portal\\\/#organization\"},\"potentialAction\":[{\"@type\":\"SearchAction\",\"target\":{\"@type\":\"EntryPoint\",\"urlTemplate\":\"https:\\\/\\\/www.eldiario.net\\\/portal\\\/?s={search_term_string}\"},\"query-input\":{\"@type\":\"PropertyValueSpecification\",\"valueRequired\":true,\"valueName\":\"search_term_string\"}}],\"inLanguage\":\"es\"},{\"@type\":\"Organization\",\"@id\":\"https:\\\/\\\/www.eldiario.net\\\/portal\\\/#organization\",\"name\":\"El Diario - Decano de la prensa nacional\",\"url\":\"https:\\\/\\\/www.eldiario.net\\\/portal\\\/\",\"logo\":{\"@type\":\"ImageObject\",\"inLanguage\":\"es\",\"@id\":\"https:\\\/\\\/www.eldiario.net\\\/portal\\\/#\\\/schema\\\/logo\\\/image\\\/\",\"url\":\"https:\\\/\\\/www.eldiario.net\\\/portal\\\/wp-content\\\/uploads\\\/2023\\\/07\\\/logo_ED.jpg\",\"contentUrl\":\"https:\\\/\\\/www.eldiario.net\\\/portal\\\/wp-content\\\/uploads\\\/2023\\\/07\\\/logo_ED.jpg\",\"width\":272,\"height\":52,\"caption\":\"El Diario - Decano de la prensa nacional\"},\"image\":{\"@id\":\"https:\\\/\\\/www.eldiario.net\\\/portal\\\/#\\\/schema\\\/logo\\\/image\\\/\"},\"sameAs\":[\"https:\\\/\\\/www.facebook.com\\\/eldiario.bolivia\\\/\",\"https:\\\/\\\/x.com\\\/eldiario_net\"]},{\"@type\":\"Person\",\"@id\":\"https:\\\/\\\/www.eldiario.net\\\/portal\\\/#\\\/schema\\\/person\\\/2c57cf2b7a7ae032e449e4c9b1019eac\",\"name\":\"Jeanette\",\"image\":{\"@type\":\"ImageObject\",\"inLanguage\":\"es\",\"@id\":\"https:\\\/\\\/secure.gravatar.com\\\/avatar\\\/3ea2118a5f7dad2b7138b1187a6b7ee55f160b9968b66013c3a3ef39dd7e5798?s=96&d=mm&r=g\",\"url\":\"https:\\\/\\\/secure.gravatar.com\\\/avatar\\\/3ea2118a5f7dad2b7138b1187a6b7ee55f160b9968b66013c3a3ef39dd7e5798?s=96&d=mm&r=g\",\"contentUrl\":\"https:\\\/\\\/secure.gravatar.com\\\/avatar\\\/3ea2118a5f7dad2b7138b1187a6b7ee55f160b9968b66013c3a3ef39dd7e5798?s=96&d=mm&r=g\",\"caption\":\"Jeanette\"},\"sameAs\":[\"https:\\\/\\\/www.eldiario.net\\\/portal\"],\"url\":\"https:\\\/\\\/www.eldiario.net\\\/portal\\\/author\\\/jeanette\\\/\"}]}<\/script>\n<!-- \/ Yoast SEO plugin. -->","yoast_head_json":{"title":"Morales denunciado en Argentina por presuntos delitos de lesa humanidad - El Diario - Bolivia","robots":{"index":"index","follow":"follow","max-snippet":"max-snippet:-1","max-image-preview":"max-image-preview:large","max-video-preview":"max-video-preview:-1"},"canonical":"https:\/\/www.eldiario.net\/portal\/2025\/05\/15\/morales-denunciado-en-argentina-por-presuntos-delitos-de-lesa-humanidad\/","og_locale":"es_ES","og_type":"article","og_title":"Morales denunciado en Argentina por presuntos delitos de lesa humanidad - El Diario - Bolivia","og_description":"Evo Morales suma otra denuncia en Argentina, esta vez por delitos de lesa humanidad que presuntamente cometi\u00f3 en Bolivia. En el documento al que tuvo acceso Unitel se pide a la Justicia de ese pa\u00eds procesar al exmandatario boliviano. Esta nueva denuncia contra Morales fue presentada por \u201cv\u00edctimas denunciantes\u201d y tres organizaciones civiles como el [&hellip;]","og_url":"https:\/\/www.eldiario.net\/portal\/2025\/05\/15\/morales-denunciado-en-argentina-por-presuntos-delitos-de-lesa-humanidad\/","og_site_name":"El Diario - Bolivia","article_publisher":"https:\/\/www.facebook.com\/eldiario.bolivia\/","article_published_time":"2025-05-15T09:47:20+00:00","og_image":[{"width":1339,"height":770,"url":"https:\/\/www.eldiario.net\/portal\/wp-content\/uploads\/2025\/05\/BEBO-FOTO.jpg","type":"image\/jpeg"}],"author":"Jeanette","twitter_card":"summary_large_image","twitter_creator":"@eldiario_net","twitter_site":"@eldiario_net","twitter_misc":{"Escrito por":"Jeanette","Tiempo de lectura":"2 minutos"},"schema":{"@context":"https:\/\/schema.org","@graph":[{"@type":"Article","@id":"https:\/\/www.eldiario.net\/portal\/2025\/05\/15\/morales-denunciado-en-argentina-por-presuntos-delitos-de-lesa-humanidad\/#article","isPartOf":{"@id":"https:\/\/www.eldiario.net\/portal\/2025\/05\/15\/morales-denunciado-en-argentina-por-presuntos-delitos-de-lesa-humanidad\/"},"author":{"name":"Jeanette","@id":"https:\/\/www.eldiario.net\/portal\/#\/schema\/person\/2c57cf2b7a7ae032e449e4c9b1019eac"},"headline":"Morales denunciado en Argentina por presuntos delitos de lesa humanidad","datePublished":"2025-05-15T09:47:20+00:00","mainEntityOfPage":{"@id":"https:\/\/www.eldiario.net\/portal\/2025\/05\/15\/morales-denunciado-en-argentina-por-presuntos-delitos-de-lesa-humanidad\/"},"wordCount":391,"publisher":{"@id":"https:\/\/www.eldiario.net\/portal\/#organization"},"image":{"@id":"https:\/\/www.eldiario.net\/portal\/2025\/05\/15\/morales-denunciado-en-argentina-por-presuntos-delitos-de-lesa-humanidad\/#primaryimage"},"thumbnailUrl":"https:\/\/www.eldiario.net\/portal\/wp-content\/uploads\/2025\/05\/BEBO-FOTO.jpg","articleSection":["Portada"],"inLanguage":"es"},{"@type":"WebPage","@id":"https:\/\/www.eldiario.net\/portal\/2025\/05\/15\/morales-denunciado-en-argentina-por-presuntos-delitos-de-lesa-humanidad\/","url":"https:\/\/www.eldiario.net\/portal\/2025\/05\/15\/morales-denunciado-en-argentina-por-presuntos-delitos-de-lesa-humanidad\/","name":"Morales denunciado en Argentina por presuntos delitos de lesa humanidad - El Diario - Bolivia","isPartOf":{"@id":"https:\/\/www.eldiario.net\/portal\/#website"},"primaryImageOfPage":{"@id":"https:\/\/www.eldiario.net\/portal\/2025\/05\/15\/morales-denunciado-en-argentina-por-presuntos-delitos-de-lesa-humanidad\/#primaryimage"},"image":{"@id":"https:\/\/www.eldiario.net\/portal\/2025\/05\/15\/morales-denunciado-en-argentina-por-presuntos-delitos-de-lesa-humanidad\/#primaryimage"},"thumbnailUrl":"https:\/\/www.eldiario.net\/portal\/wp-content\/uploads\/2025\/05\/BEBO-FOTO.jpg","datePublished":"2025-05-15T09:47:20+00:00","breadcrumb":{"@id":"https:\/\/www.eldiario.net\/portal\/2025\/05\/15\/morales-denunciado-en-argentina-por-presuntos-delitos-de-lesa-humanidad\/#breadcrumb"},"inLanguage":"es","potentialAction":[{"@type":"ReadAction","target":["https:\/\/www.eldiario.net\/portal\/2025\/05\/15\/morales-denunciado-en-argentina-por-presuntos-delitos-de-lesa-humanidad\/"]}]},{"@type":"ImageObject","inLanguage":"es","@id":"https:\/\/www.eldiario.net\/portal\/2025\/05\/15\/morales-denunciado-en-argentina-por-presuntos-delitos-de-lesa-humanidad\/#primaryimage","url":"https:\/\/www.eldiario.net\/portal\/wp-content\/uploads\/2025\/05\/BEBO-FOTO.jpg","contentUrl":"https:\/\/www.eldiario.net\/portal\/wp-content\/uploads\/2025\/05\/BEBO-FOTO.jpg","width":1339,"height":770},{"@type":"BreadcrumbList","@id":"https:\/\/www.eldiario.net\/portal\/2025\/05\/15\/morales-denunciado-en-argentina-por-presuntos-delitos-de-lesa-humanidad\/#breadcrumb","itemListElement":[{"@type":"ListItem","position":1,"name":"Portada","item":"https:\/\/www.eldiario.net\/portal\/"},{"@type":"ListItem","position":2,"name":"Morales denunciado en Argentina por presuntos delitos de lesa humanidad"}]},{"@type":"WebSite","@id":"https:\/\/www.eldiario.net\/portal\/#website","url":"https:\/\/www.eldiario.net\/portal\/","name":"El Diario - Decano de la prensa nacional","description":"El Diario - Decano de la prensa nacional","publisher":{"@id":"https:\/\/www.eldiario.net\/portal\/#organization"},"potentialAction":[{"@type":"SearchAction","target":{"@type":"EntryPoint","urlTemplate":"https:\/\/www.eldiario.net\/portal\/?s={search_term_string}"},"query-input":{"@type":"PropertyValueSpecification","valueRequired":true,"valueName":"search_term_string"}}],"inLanguage":"es"},{"@type":"Organization","@id":"https:\/\/www.eldiario.net\/portal\/#organization","name":"El Diario - Decano de la prensa nacional","url":"https:\/\/www.eldiario.net\/portal\/","logo":{"@type":"ImageObject","inLanguage":"es","@id":"https:\/\/www.eldiario.net\/portal\/#\/schema\/logo\/image\/","url":"https:\/\/www.eldiario.net\/portal\/wp-content\/uploads\/2023\/07\/logo_ED.jpg","contentUrl":"https:\/\/www.eldiario.net\/portal\/wp-content\/uploads\/2023\/07\/logo_ED.jpg","width":272,"height":52,"caption":"El Diario - Decano de la prensa nacional"},"image":{"@id":"https:\/\/www.eldiario.net\/portal\/#\/schema\/logo\/image\/"},"sameAs":["https:\/\/www.facebook.com\/eldiario.bolivia\/","https:\/\/x.com\/eldiario_net"]},{"@type":"Person","@id":"https:\/\/www.eldiario.net\/portal\/#\/schema\/person\/2c57cf2b7a7ae032e449e4c9b1019eac","name":"Jeanette","image":{"@type":"ImageObject","inLanguage":"es","@id":"https:\/\/secure.gravatar.com\/avatar\/3ea2118a5f7dad2b7138b1187a6b7ee55f160b9968b66013c3a3ef39dd7e5798?s=96&d=mm&r=g","url":"https:\/\/secure.gravatar.com\/avatar\/3ea2118a5f7dad2b7138b1187a6b7ee55f160b9968b66013c3a3ef39dd7e5798?s=96&d=mm&r=g","contentUrl":"https:\/\/secure.gravatar.com\/avatar\/3ea2118a5f7dad2b7138b1187a6b7ee55f160b9968b66013c3a3ef39dd7e5798?s=96&d=mm&r=g","caption":"Jeanette"},"sameAs":["https:\/\/www.eldiario.net\/portal"],"url":"https:\/\/www.eldiario.net\/portal\/author\/jeanette\/"}]}},"_links":{"self":[{"href":"https:\/\/www.eldiario.net\/portal\/wp-json\/wp\/v2\/posts\/302364","targetHints":{"allow":["GET"]}}],"collection":[{"href":"https:\/\/www.eldiario.net\/portal\/wp-json\/wp\/v2\/posts"}],"about":[{"href":"https:\/\/www.eldiario.net\/portal\/wp-json\/wp\/v2\/types\/post"}],"author":[{"embeddable":true,"href":"https:\/\/www.eldiario.net\/portal\/wp-json\/wp\/v2\/users\/1"}],"replies":[{"embeddable":true,"href":"https:\/\/www.eldiario.net\/portal\/wp-json\/wp\/v2\/comments?post=302364"}],"version-history":[{"count":1,"href":"https:\/\/www.eldiario.net\/portal\/wp-json\/wp\/v2\/posts\/302364\/revisions"}],"predecessor-version":[{"id":302366,"href":"https:\/\/www.eldiario.net\/portal\/wp-json\/wp\/v2\/posts\/302364\/revisions\/302366"}],"wp:featuredmedia":[{"embeddable":true,"href":"https:\/\/www.eldiario.net\/portal\/wp-json\/wp\/v2\/media\/302365"}],"wp:attachment":[{"href":"https:\/\/www.eldiario.net\/portal\/wp-json\/wp\/v2\/media?parent=302364"}],"wp:term":[{"taxonomy":"category","embeddable":true,"href":"https:\/\/www.eldiario.net\/portal\/wp-json\/wp\/v2\/categories?post=302364"},{"taxonomy":"post_tag","embeddable":true,"href":"https:\/\/www.eldiario.net\/portal\/wp-json\/wp\/v2\/tags?post=302364"}],"curies":[{"name":"wp","href":"https:\/\/api.w.org\/{rel}","templated":true}]}}