{"id":302361,"date":"2025-05-15T05:46:21","date_gmt":"2025-05-15T09:46:21","guid":{"rendered":"https:\/\/www.eldiario.net\/portal\/?p=302361"},"modified":"2025-05-15T05:46:21","modified_gmt":"2025-05-15T09:46:21","slug":"importacion-de-arroz-es-poco-viable-por-la-logistica-y-la-falta-de-dolares","status":"publish","type":"post","link":"https:\/\/www.eldiario.net\/portal\/2025\/05\/15\/importacion-de-arroz-es-poco-viable-por-la-logistica-y-la-falta-de-dolares\/","title":{"rendered":"Importaci\u00f3n de arroz es poco viable  por la log\u00edstica y la falta de d\u00f3lares"},"content":{"rendered":"<p>Desde el sector arrocero advierten poco viable la pol\u00edtica de importaci\u00f3n del grano para cubrir el mercado interno, advirtiendo desaf\u00edos en el tema log\u00edstico y la falta de disponibilidad de d\u00f3lares para hacer las compras respectivas, seg\u00fan la exgerente de la Federaci\u00f3n Nacional de Cooperativas Arroceras (Fenca), Ana Isabel Ortiz.<\/p>\n<p>En d\u00edas pasados, fuentes del sector se\u00f1alaron que el arroz argentino tiene un precio mayor y se rumore\u00f3 el recurrir a mercados como Cuba y Pakist\u00e1n, sin embargo, esto no fue confirmado por el Gobierno nacional.<\/p>\n<p>\u201cLa propuesta del Gobierno se ve poco viable por el tema de la log\u00edstica que se necesita para traer arroz de estos pa\u00edses y tambi\u00e9n por la falta de d\u00f3lares, prevemos que este arroz saldr\u00eda caro en Bolivia y tendr\u00eda un precio subsidiado alto\u201d, se\u00f1al\u00f3 Ortiz.<\/p>\n<p>Para el sector, estas son medidas que est\u00e1n yendo en contrasentido del fortalecimiento del aparato productivo del pa\u00eds, resaltando que lo importante ser\u00eda reunirse con los productores para que se sientan motivados a sembrar en una pr\u00f3xima campa\u00f1a de manera m\u00e1s temprana y con reglas claras.<\/p>\n<p>Desde el \u00d3rgano Ejecutivo se aprob\u00f3 a inicios de mes la ampliaci\u00f3n de la vigencia del Art\u00edculo 2 del Decreto Supremo 5250, que establece un arancel del cero por ciento para la importaci\u00f3n de arroz, hasta el 31 de octubre de 2025.<\/p>\n<p>Sin embargo, Ortiz se\u00f1al\u00f3 que se requieren est\u00edmulos ante los a\u00f1os \u201cfatales\u201d que viene registrando el sector, con p\u00e9rdidas por factores como la sequ\u00eda, la falta de di\u00e9sel y el exceso de lluvias.<\/p>\n<p>\u201cHay una desmotivaci\u00f3n en el sector y el Gobierno solo piensa en importar, sin tomar en cuenta c\u00f3mo fortalecer al sector productivo en el pa\u00eds\u201d, lament\u00f3 Ortiz en entrevista con Canal Rural. (Santa Cruz, Canal Rural)<\/p>\n","protected":false},"excerpt":{"rendered":"<p>Desde el sector arrocero advierten poco viable la pol\u00edtica de importaci\u00f3n del grano para cubrir el mercado interno, advirtiendo desaf\u00edos en el tema log\u00edstico y la falta de disponibilidad de d\u00f3lares para hacer las compras respectivas, seg\u00fan la exgerente de la Federaci\u00f3n Nacional de Cooperativas Arroceras (Fenca), Ana Isabel Ortiz. En d\u00edas pasados, fuentes del [&hellip;]<\/p>\n","protected":false},"author":1,"featured_media":302362,"comment_status":"closed","ping_status":"open","sticky":false,"template":"","format":"standard","meta":{"_acf_changed":false,"footnotes":""},"categories":[15],"tags":[],"class_list":["post-302361","post","type-post","status-publish","format-standard","has-post-thumbnail","category-portada"],"acf":{"antetitulo":""},"yoast_head":"<!-- This site is optimized with the Yoast SEO plugin v28.4 - https:\/\/yoast.com\/product\/yoast-seo-wordpress\/ -->\n<title>Importaci\u00f3n de arroz es poco viable por la log\u00edstica y la falta de d\u00f3lares - El Diario - Bolivia<\/title>\n<meta name=\"robots\" content=\"index, follow, max-snippet:-1, max-image-preview:large, max-video-preview:-1\" \/>\n<link rel=\"canonical\" href=\"https:\/\/www.eldiario.net\/portal\/2025\/05\/15\/importacion-de-arroz-es-poco-viable-por-la-logistica-y-la-falta-de-dolares\/\" \/>\n<meta property=\"og:locale\" content=\"es_ES\" \/>\n<meta property=\"og:type\" content=\"article\" \/>\n<meta property=\"og:title\" content=\"Importaci\u00f3n de arroz es poco viable por la log\u00edstica y la falta de d\u00f3lares - El Diario - Bolivia\" \/>\n<meta property=\"og:description\" content=\"Desde el sector arrocero advierten poco viable la pol\u00edtica de importaci\u00f3n del grano para cubrir el mercado interno, advirtiendo desaf\u00edos en el tema log\u00edstico y la falta de disponibilidad de d\u00f3lares para hacer las compras respectivas, seg\u00fan la exgerente de la Federaci\u00f3n Nacional de Cooperativas Arroceras (Fenca), Ana Isabel Ortiz. En d\u00edas pasados, fuentes del [&hellip;]\" \/>\n<meta property=\"og:url\" content=\"https:\/\/www.eldiario.net\/portal\/2025\/05\/15\/importacion-de-arroz-es-poco-viable-por-la-logistica-y-la-falta-de-dolares\/\" \/>\n<meta property=\"og:site_name\" content=\"El Diario - Bolivia\" \/>\n<meta property=\"article:publisher\" content=\"https:\/\/www.facebook.com\/eldiario.bolivia\/\" \/>\n<meta property=\"article:published_time\" content=\"2025-05-15T09:46:21+00:00\" \/>\n<meta property=\"og:image\" content=\"https:\/\/www.eldiario.net\/portal\/wp-content\/uploads\/2025\/05\/FALTA-FOTO-1.jpg\" \/>\n\t<meta property=\"og:image:width\" content=\"1024\" \/>\n\t<meta property=\"og:image:height\" content=\"512\" \/>\n\t<meta property=\"og:image:type\" content=\"image\/jpeg\" \/>\n<meta name=\"author\" content=\"Jeanette\" \/>\n<meta name=\"twitter:card\" content=\"summary_large_image\" \/>\n<meta name=\"twitter:creator\" content=\"@eldiario_net\" \/>\n<meta name=\"twitter:site\" content=\"@eldiario_net\" \/>\n<meta name=\"twitter:label1\" content=\"Escrito por\" \/>\n\t<meta name=\"twitter:data1\" content=\"Jeanette\" \/>\n\t<meta name=\"twitter:label2\" content=\"Tiempo de lectura\" \/>\n\t<meta name=\"twitter:data2\" content=\"2 minutos\" \/>\n<script type=\"application\/ld+json\" class=\"yoast-schema-graph\">{\"@context\":\"https:\\\/\\\/schema.org\",\"@graph\":[{\"@type\":\"Article\",\"@id\":\"https:\\\/\\\/www.eldiario.net\\\/portal\\\/2025\\\/05\\\/15\\\/importacion-de-arroz-es-poco-viable-por-la-logistica-y-la-falta-de-dolares\\\/#article\",\"isPartOf\":{\"@id\":\"https:\\\/\\\/www.eldiario.net\\\/portal\\\/2025\\\/05\\\/15\\\/importacion-de-arroz-es-poco-viable-por-la-logistica-y-la-falta-de-dolares\\\/\"},\"author\":{\"name\":\"Jeanette\",\"@id\":\"https:\\\/\\\/www.eldiario.net\\\/portal\\\/#\\\/schema\\\/person\\\/2c57cf2b7a7ae032e449e4c9b1019eac\"},\"headline\":\"Importaci\u00f3n de arroz es poco viable por la log\u00edstica y la falta de d\u00f3lares\",\"datePublished\":\"2025-05-15T09:46:21+00:00\",\"mainEntityOfPage\":{\"@id\":\"https:\\\/\\\/www.eldiario.net\\\/portal\\\/2025\\\/05\\\/15\\\/importacion-de-arroz-es-poco-viable-por-la-logistica-y-la-falta-de-dolares\\\/\"},\"wordCount\":337,\"publisher\":{\"@id\":\"https:\\\/\\\/www.eldiario.net\\\/portal\\\/#organization\"},\"image\":{\"@id\":\"https:\\\/\\\/www.eldiario.net\\\/portal\\\/2025\\\/05\\\/15\\\/importacion-de-arroz-es-poco-viable-por-la-logistica-y-la-falta-de-dolares\\\/#primaryimage\"},\"thumbnailUrl\":\"https:\\\/\\\/www.eldiario.net\\\/portal\\\/wp-content\\\/uploads\\\/2025\\\/05\\\/FALTA-FOTO-1.jpg\",\"articleSection\":[\"Portada\"],\"inLanguage\":\"es\"},{\"@type\":\"WebPage\",\"@id\":\"https:\\\/\\\/www.eldiario.net\\\/portal\\\/2025\\\/05\\\/15\\\/importacion-de-arroz-es-poco-viable-por-la-logistica-y-la-falta-de-dolares\\\/\",\"url\":\"https:\\\/\\\/www.eldiario.net\\\/portal\\\/2025\\\/05\\\/15\\\/importacion-de-arroz-es-poco-viable-por-la-logistica-y-la-falta-de-dolares\\\/\",\"name\":\"Importaci\u00f3n de arroz es poco viable por la log\u00edstica y la falta de d\u00f3lares - El Diario - Bolivia\",\"isPartOf\":{\"@id\":\"https:\\\/\\\/www.eldiario.net\\\/portal\\\/#website\"},\"primaryImageOfPage\":{\"@id\":\"https:\\\/\\\/www.eldiario.net\\\/portal\\\/2025\\\/05\\\/15\\\/importacion-de-arroz-es-poco-viable-por-la-logistica-y-la-falta-de-dolares\\\/#primaryimage\"},\"image\":{\"@id\":\"https:\\\/\\\/www.eldiario.net\\\/portal\\\/2025\\\/05\\\/15\\\/importacion-de-arroz-es-poco-viable-por-la-logistica-y-la-falta-de-dolares\\\/#primaryimage\"},\"thumbnailUrl\":\"https:\\\/\\\/www.eldiario.net\\\/portal\\\/wp-content\\\/uploads\\\/2025\\\/05\\\/FALTA-FOTO-1.jpg\",\"datePublished\":\"2025-05-15T09:46:21+00:00\",\"breadcrumb\":{\"@id\":\"https:\\\/\\\/www.eldiario.net\\\/portal\\\/2025\\\/05\\\/15\\\/importacion-de-arroz-es-poco-viable-por-la-logistica-y-la-falta-de-dolares\\\/#breadcrumb\"},\"inLanguage\":\"es\",\"potentialAction\":[{\"@type\":\"ReadAction\",\"target\":[\"https:\\\/\\\/www.eldiario.net\\\/portal\\\/2025\\\/05\\\/15\\\/importacion-de-arroz-es-poco-viable-por-la-logistica-y-la-falta-de-dolares\\\/\"]}]},{\"@type\":\"ImageObject\",\"inLanguage\":\"es\",\"@id\":\"https:\\\/\\\/www.eldiario.net\\\/portal\\\/2025\\\/05\\\/15\\\/importacion-de-arroz-es-poco-viable-por-la-logistica-y-la-falta-de-dolares\\\/#primaryimage\",\"url\":\"https:\\\/\\\/www.eldiario.net\\\/portal\\\/wp-content\\\/uploads\\\/2025\\\/05\\\/FALTA-FOTO-1.jpg\",\"contentUrl\":\"https:\\\/\\\/www.eldiario.net\\\/portal\\\/wp-content\\\/uploads\\\/2025\\\/05\\\/FALTA-FOTO-1.jpg\",\"width\":1024,\"height\":512},{\"@type\":\"BreadcrumbList\",\"@id\":\"https:\\\/\\\/www.eldiario.net\\\/portal\\\/2025\\\/05\\\/15\\\/importacion-de-arroz-es-poco-viable-por-la-logistica-y-la-falta-de-dolares\\\/#breadcrumb\",\"itemListElement\":[{\"@type\":\"ListItem\",\"position\":1,\"name\":\"Portada\",\"item\":\"https:\\\/\\\/www.eldiario.net\\\/portal\\\/\"},{\"@type\":\"ListItem\",\"position\":2,\"name\":\"Importaci\u00f3n de arroz es poco viable por la log\u00edstica y la falta de d\u00f3lares\"}]},{\"@type\":\"WebSite\",\"@id\":\"https:\\\/\\\/www.eldiario.net\\\/portal\\\/#website\",\"url\":\"https:\\\/\\\/www.eldiario.net\\\/portal\\\/\",\"name\":\"El Diario - Decano de la prensa nacional\",\"description\":\"El Diario - Decano de la prensa nacional\",\"publisher\":{\"@id\":\"https:\\\/\\\/www.eldiario.net\\\/portal\\\/#organization\"},\"potentialAction\":[{\"@type\":\"SearchAction\",\"target\":{\"@type\":\"EntryPoint\",\"urlTemplate\":\"https:\\\/\\\/www.eldiario.net\\\/portal\\\/?s={search_term_string}\"},\"query-input\":{\"@type\":\"PropertyValueSpecification\",\"valueRequired\":true,\"valueName\":\"search_term_string\"}}],\"inLanguage\":\"es\"},{\"@type\":\"Organization\",\"@id\":\"https:\\\/\\\/www.eldiario.net\\\/portal\\\/#organization\",\"name\":\"El Diario - Decano de la prensa nacional\",\"url\":\"https:\\\/\\\/www.eldiario.net\\\/portal\\\/\",\"logo\":{\"@type\":\"ImageObject\",\"inLanguage\":\"es\",\"@id\":\"https:\\\/\\\/www.eldiario.net\\\/portal\\\/#\\\/schema\\\/logo\\\/image\\\/\",\"url\":\"https:\\\/\\\/www.eldiario.net\\\/portal\\\/wp-content\\\/uploads\\\/2023\\\/07\\\/logo_ED.jpg\",\"contentUrl\":\"https:\\\/\\\/www.eldiario.net\\\/portal\\\/wp-content\\\/uploads\\\/2023\\\/07\\\/logo_ED.jpg\",\"width\":272,\"height\":52,\"caption\":\"El Diario - Decano de la prensa nacional\"},\"image\":{\"@id\":\"https:\\\/\\\/www.eldiario.net\\\/portal\\\/#\\\/schema\\\/logo\\\/image\\\/\"},\"sameAs\":[\"https:\\\/\\\/www.facebook.com\\\/eldiario.bolivia\\\/\",\"https:\\\/\\\/x.com\\\/eldiario_net\"]},{\"@type\":\"Person\",\"@id\":\"https:\\\/\\\/www.eldiario.net\\\/portal\\\/#\\\/schema\\\/person\\\/2c57cf2b7a7ae032e449e4c9b1019eac\",\"name\":\"Jeanette\",\"image\":{\"@type\":\"ImageObject\",\"inLanguage\":\"es\",\"@id\":\"https:\\\/\\\/secure.gravatar.com\\\/avatar\\\/3ea2118a5f7dad2b7138b1187a6b7ee55f160b9968b66013c3a3ef39dd7e5798?s=96&d=mm&r=g\",\"url\":\"https:\\\/\\\/secure.gravatar.com\\\/avatar\\\/3ea2118a5f7dad2b7138b1187a6b7ee55f160b9968b66013c3a3ef39dd7e5798?s=96&d=mm&r=g\",\"contentUrl\":\"https:\\\/\\\/secure.gravatar.com\\\/avatar\\\/3ea2118a5f7dad2b7138b1187a6b7ee55f160b9968b66013c3a3ef39dd7e5798?s=96&d=mm&r=g\",\"caption\":\"Jeanette\"},\"sameAs\":[\"https:\\\/\\\/www.eldiario.net\\\/portal\"],\"url\":\"https:\\\/\\\/www.eldiario.net\\\/portal\\\/author\\\/jeanette\\\/\"}]}<\/script>\n<!-- \/ Yoast SEO plugin. -->","yoast_head_json":{"title":"Importaci\u00f3n de arroz es poco viable por la log\u00edstica y la falta de d\u00f3lares - El Diario - Bolivia","robots":{"index":"index","follow":"follow","max-snippet":"max-snippet:-1","max-image-preview":"max-image-preview:large","max-video-preview":"max-video-preview:-1"},"canonical":"https:\/\/www.eldiario.net\/portal\/2025\/05\/15\/importacion-de-arroz-es-poco-viable-por-la-logistica-y-la-falta-de-dolares\/","og_locale":"es_ES","og_type":"article","og_title":"Importaci\u00f3n de arroz es poco viable por la log\u00edstica y la falta de d\u00f3lares - El Diario - Bolivia","og_description":"Desde el sector arrocero advierten poco viable la pol\u00edtica de importaci\u00f3n del grano para cubrir el mercado interno, advirtiendo desaf\u00edos en el tema log\u00edstico y la falta de disponibilidad de d\u00f3lares para hacer las compras respectivas, seg\u00fan la exgerente de la Federaci\u00f3n Nacional de Cooperativas Arroceras (Fenca), Ana Isabel Ortiz. En d\u00edas pasados, fuentes del [&hellip;]","og_url":"https:\/\/www.eldiario.net\/portal\/2025\/05\/15\/importacion-de-arroz-es-poco-viable-por-la-logistica-y-la-falta-de-dolares\/","og_site_name":"El Diario - Bolivia","article_publisher":"https:\/\/www.facebook.com\/eldiario.bolivia\/","article_published_time":"2025-05-15T09:46:21+00:00","og_image":[{"width":1024,"height":512,"url":"https:\/\/www.eldiario.net\/portal\/wp-content\/uploads\/2025\/05\/FALTA-FOTO-1.jpg","type":"image\/jpeg"}],"author":"Jeanette","twitter_card":"summary_large_image","twitter_creator":"@eldiario_net","twitter_site":"@eldiario_net","twitter_misc":{"Escrito por":"Jeanette","Tiempo de lectura":"2 minutos"},"schema":{"@context":"https:\/\/schema.org","@graph":[{"@type":"Article","@id":"https:\/\/www.eldiario.net\/portal\/2025\/05\/15\/importacion-de-arroz-es-poco-viable-por-la-logistica-y-la-falta-de-dolares\/#article","isPartOf":{"@id":"https:\/\/www.eldiario.net\/portal\/2025\/05\/15\/importacion-de-arroz-es-poco-viable-por-la-logistica-y-la-falta-de-dolares\/"},"author":{"name":"Jeanette","@id":"https:\/\/www.eldiario.net\/portal\/#\/schema\/person\/2c57cf2b7a7ae032e449e4c9b1019eac"},"headline":"Importaci\u00f3n de arroz es poco viable por la log\u00edstica y la falta de d\u00f3lares","datePublished":"2025-05-15T09:46:21+00:00","mainEntityOfPage":{"@id":"https:\/\/www.eldiario.net\/portal\/2025\/05\/15\/importacion-de-arroz-es-poco-viable-por-la-logistica-y-la-falta-de-dolares\/"},"wordCount":337,"publisher":{"@id":"https:\/\/www.eldiario.net\/portal\/#organization"},"image":{"@id":"https:\/\/www.eldiario.net\/portal\/2025\/05\/15\/importacion-de-arroz-es-poco-viable-por-la-logistica-y-la-falta-de-dolares\/#primaryimage"},"thumbnailUrl":"https:\/\/www.eldiario.net\/portal\/wp-content\/uploads\/2025\/05\/FALTA-FOTO-1.jpg","articleSection":["Portada"],"inLanguage":"es"},{"@type":"WebPage","@id":"https:\/\/www.eldiario.net\/portal\/2025\/05\/15\/importacion-de-arroz-es-poco-viable-por-la-logistica-y-la-falta-de-dolares\/","url":"https:\/\/www.eldiario.net\/portal\/2025\/05\/15\/importacion-de-arroz-es-poco-viable-por-la-logistica-y-la-falta-de-dolares\/","name":"Importaci\u00f3n de arroz es poco viable por la log\u00edstica y la falta de d\u00f3lares - El Diario - Bolivia","isPartOf":{"@id":"https:\/\/www.eldiario.net\/portal\/#website"},"primaryImageOfPage":{"@id":"https:\/\/www.eldiario.net\/portal\/2025\/05\/15\/importacion-de-arroz-es-poco-viable-por-la-logistica-y-la-falta-de-dolares\/#primaryimage"},"image":{"@id":"https:\/\/www.eldiario.net\/portal\/2025\/05\/15\/importacion-de-arroz-es-poco-viable-por-la-logistica-y-la-falta-de-dolares\/#primaryimage"},"thumbnailUrl":"https:\/\/www.eldiario.net\/portal\/wp-content\/uploads\/2025\/05\/FALTA-FOTO-1.jpg","datePublished":"2025-05-15T09:46:21+00:00","breadcrumb":{"@id":"https:\/\/www.eldiario.net\/portal\/2025\/05\/15\/importacion-de-arroz-es-poco-viable-por-la-logistica-y-la-falta-de-dolares\/#breadcrumb"},"inLanguage":"es","potentialAction":[{"@type":"ReadAction","target":["https:\/\/www.eldiario.net\/portal\/2025\/05\/15\/importacion-de-arroz-es-poco-viable-por-la-logistica-y-la-falta-de-dolares\/"]}]},{"@type":"ImageObject","inLanguage":"es","@id":"https:\/\/www.eldiario.net\/portal\/2025\/05\/15\/importacion-de-arroz-es-poco-viable-por-la-logistica-y-la-falta-de-dolares\/#primaryimage","url":"https:\/\/www.eldiario.net\/portal\/wp-content\/uploads\/2025\/05\/FALTA-FOTO-1.jpg","contentUrl":"https:\/\/www.eldiario.net\/portal\/wp-content\/uploads\/2025\/05\/FALTA-FOTO-1.jpg","width":1024,"height":512},{"@type":"BreadcrumbList","@id":"https:\/\/www.eldiario.net\/portal\/2025\/05\/15\/importacion-de-arroz-es-poco-viable-por-la-logistica-y-la-falta-de-dolares\/#breadcrumb","itemListElement":[{"@type":"ListItem","position":1,"name":"Portada","item":"https:\/\/www.eldiario.net\/portal\/"},{"@type":"ListItem","position":2,"name":"Importaci\u00f3n de arroz es poco viable por la log\u00edstica y la falta de d\u00f3lares"}]},{"@type":"WebSite","@id":"https:\/\/www.eldiario.net\/portal\/#website","url":"https:\/\/www.eldiario.net\/portal\/","name":"El Diario - Decano de la prensa nacional","description":"El Diario - Decano de la prensa nacional","publisher":{"@id":"https:\/\/www.eldiario.net\/portal\/#organization"},"potentialAction":[{"@type":"SearchAction","target":{"@type":"EntryPoint","urlTemplate":"https:\/\/www.eldiario.net\/portal\/?s={search_term_string}"},"query-input":{"@type":"PropertyValueSpecification","valueRequired":true,"valueName":"search_term_string"}}],"inLanguage":"es"},{"@type":"Organization","@id":"https:\/\/www.eldiario.net\/portal\/#organization","name":"El Diario - Decano de la prensa nacional","url":"https:\/\/www.eldiario.net\/portal\/","logo":{"@type":"ImageObject","inLanguage":"es","@id":"https:\/\/www.eldiario.net\/portal\/#\/schema\/logo\/image\/","url":"https:\/\/www.eldiario.net\/portal\/wp-content\/uploads\/2023\/07\/logo_ED.jpg","contentUrl":"https:\/\/www.eldiario.net\/portal\/wp-content\/uploads\/2023\/07\/logo_ED.jpg","width":272,"height":52,"caption":"El Diario - Decano de la prensa nacional"},"image":{"@id":"https:\/\/www.eldiario.net\/portal\/#\/schema\/logo\/image\/"},"sameAs":["https:\/\/www.facebook.com\/eldiario.bolivia\/","https:\/\/x.com\/eldiario_net"]},{"@type":"Person","@id":"https:\/\/www.eldiario.net\/portal\/#\/schema\/person\/2c57cf2b7a7ae032e449e4c9b1019eac","name":"Jeanette","image":{"@type":"ImageObject","inLanguage":"es","@id":"https:\/\/secure.gravatar.com\/avatar\/3ea2118a5f7dad2b7138b1187a6b7ee55f160b9968b66013c3a3ef39dd7e5798?s=96&d=mm&r=g","url":"https:\/\/secure.gravatar.com\/avatar\/3ea2118a5f7dad2b7138b1187a6b7ee55f160b9968b66013c3a3ef39dd7e5798?s=96&d=mm&r=g","contentUrl":"https:\/\/secure.gravatar.com\/avatar\/3ea2118a5f7dad2b7138b1187a6b7ee55f160b9968b66013c3a3ef39dd7e5798?s=96&d=mm&r=g","caption":"Jeanette"},"sameAs":["https:\/\/www.eldiario.net\/portal"],"url":"https:\/\/www.eldiario.net\/portal\/author\/jeanette\/"}]}},"_links":{"self":[{"href":"https:\/\/www.eldiario.net\/portal\/wp-json\/wp\/v2\/posts\/302361","targetHints":{"allow":["GET"]}}],"collection":[{"href":"https:\/\/www.eldiario.net\/portal\/wp-json\/wp\/v2\/posts"}],"about":[{"href":"https:\/\/www.eldiario.net\/portal\/wp-json\/wp\/v2\/types\/post"}],"author":[{"embeddable":true,"href":"https:\/\/www.eldiario.net\/portal\/wp-json\/wp\/v2\/users\/1"}],"replies":[{"embeddable":true,"href":"https:\/\/www.eldiario.net\/portal\/wp-json\/wp\/v2\/comments?post=302361"}],"version-history":[{"count":1,"href":"https:\/\/www.eldiario.net\/portal\/wp-json\/wp\/v2\/posts\/302361\/revisions"}],"predecessor-version":[{"id":302363,"href":"https:\/\/www.eldiario.net\/portal\/wp-json\/wp\/v2\/posts\/302361\/revisions\/302363"}],"wp:featuredmedia":[{"embeddable":true,"href":"https:\/\/www.eldiario.net\/portal\/wp-json\/wp\/v2\/media\/302362"}],"wp:attachment":[{"href":"https:\/\/www.eldiario.net\/portal\/wp-json\/wp\/v2\/media?parent=302361"}],"wp:term":[{"taxonomy":"category","embeddable":true,"href":"https:\/\/www.eldiario.net\/portal\/wp-json\/wp\/v2\/categories?post=302361"},{"taxonomy":"post_tag","embeddable":true,"href":"https:\/\/www.eldiario.net\/portal\/wp-json\/wp\/v2\/tags?post=302361"}],"curies":[{"name":"wp","href":"https:\/\/api.w.org\/{rel}","templated":true}]}}