{"id":302358,"date":"2025-05-15T05:45:49","date_gmt":"2025-05-15T09:45:49","guid":{"rendered":"https:\/\/www.eldiario.net\/portal\/?p=302358"},"modified":"2025-05-15T05:45:49","modified_gmt":"2025-05-15T09:45:49","slug":"persecucion-y-detencion-politica-afecta-a-347-personas-en-bolivia","status":"publish","type":"post","link":"https:\/\/www.eldiario.net\/portal\/2025\/05\/15\/persecucion-y-detencion-politica-afecta-a-347-personas-en-bolivia\/","title":{"rendered":"Persecuci\u00f3n y detenci\u00f3n pol\u00edtica afecta a 347 personas en Bolivia"},"content":{"rendered":"<p>Un total de 347 personas enfrentan detenci\u00f3n o persecuci\u00f3n por motivos pol\u00edticos, denunci\u00f3 el exdefensor del Pueblo y director ejecutivo de la Alianza por la Justicia y Derechos Humanos (AJDH), Waldo Albarrac\u00edn.<\/p>\n<p>El abogado, tambi\u00e9n perseguido por defender la vigencia plena de la justicia y la democracia, present\u00f3 el martes 13 de mayo un estudio titulado Informe de la investigaci\u00f3n y monitoreo sobre las detenciones y persecuciones pol\u00edticas en Bolivia, con datos que corresponden al periodo 2008\u20132024.<\/p>\n<p>Despu\u00e9s de varios a\u00f1os de ausencia de la vida p\u00fablica, Albarrac\u00edn entreg\u00f3 el informe que tambi\u00e9n da inicio a las actividades de la organizaci\u00f3n orientada a la defensa de los derechos humanos.<\/p>\n<p>\u201cLa justicia es una raz\u00f3n de vida y el esp\u00edritu de esta investigaci\u00f3n hace \u00e9nfasis en la reflexi\u00f3n sobre las causas de la persecuci\u00f3n pol\u00edtica cuando la pol\u00edtica deber\u00eda ser altruista y los l\u00edderes deber\u00edan ser los mejores elementos humanos, los m\u00e1s solidarios, que deber\u00edan indignarse ante la injusticia\u201d, coment\u00f3.<\/p>\n<p>Los datos obtenidos por AJDH concluyen que en el gobierno de Luis Arce se persigue y detiene a 267 personas, mientras en el gobierno de Evo Morales (2006-2019) los casos alcanzaron a 64, y en el gobierno de Jeanine A\u00f1ez (2019-2020) se registraron 16 casos.<\/p>\n<p>\u201cLa falta de independencia judicial es una de las causas de injusticia\u201d, se\u00f1al\u00f3 al citar ejemplos en que los gobiernos escrib\u00edan los fallos que luego eran presentados por los jueces como propios.<\/p>\n<p>\u201cUn debilitamiento de la institucionalidad democr\u00e1tica, una cooptaci\u00f3n pol\u00edtico-partidaria del \u00f3rgano judicial y del Ministerio P\u00fablico han contribuido a la p\u00e9rdida de credibilidad de esta instituci\u00f3n ante la poblaci\u00f3n\u201d, seg\u00fan Albarrac\u00edn.<\/p>\n<p>Hay ciudadanos inocentes en la c\u00e1rcel y ciudadanos ostensiblemente culpables est\u00e1n libres, seg\u00fan advirti\u00f3 el abogado.<\/p>\n<p>Los datos de la investigaci\u00f3n se\u00f1alan que el mayor n\u00famero de v\u00edctimas son civiles, con 82 casos; del gobierno central, con 79 casos que corresponden a funcionarios p\u00fablicos y militantes del partido en funci\u00f3n de gobierno. Luego figuran personas de organizaciones sociales con 46 casos; y organizaciones c\u00edvicas con 45. Otros casos suman seis.<\/p>\n<p>Las figuras delictivas m\u00e1s empleadas para la acusaci\u00f3n a las v\u00edctimas de persecuci\u00f3n son la asociaci\u00f3n delictuosa y organizaci\u00f3n criminal con 78 casos, el da\u00f1o y destrucci\u00f3n de bienes del Estado con 68 casos, destrucci\u00f3n y da\u00f1o al patrimonio del Estado con 59 casos; y terrorismo con 51 casos.<\/p>\n","protected":false},"excerpt":{"rendered":"<p>Un total de 347 personas enfrentan detenci\u00f3n o persecuci\u00f3n por motivos pol\u00edticos, denunci\u00f3 el exdefensor del Pueblo y director ejecutivo de la Alianza por la Justicia y Derechos Humanos (AJDH), Waldo Albarrac\u00edn. El abogado, tambi\u00e9n perseguido por defender la vigencia plena de la justicia y la democracia, present\u00f3 el martes 13 de mayo un estudio [&hellip;]<\/p>\n","protected":false},"author":1,"featured_media":302359,"comment_status":"closed","ping_status":"open","sticky":false,"template":"","format":"standard","meta":{"_acf_changed":false,"footnotes":""},"categories":[15],"tags":[],"class_list":["post-302358","post","type-post","status-publish","format-standard","has-post-thumbnail","category-portada"],"acf":{"antetitulo":"Seg\u00fan Albarrac\u00edn"},"yoast_head":"<!-- This site is optimized with the Yoast SEO plugin v28.4 - https:\/\/yoast.com\/product\/yoast-seo-wordpress\/ -->\n<title>Persecuci\u00f3n y detenci\u00f3n pol\u00edtica afecta a 347 personas en Bolivia - El Diario - Bolivia<\/title>\n<meta name=\"robots\" content=\"index, follow, max-snippet:-1, max-image-preview:large, max-video-preview:-1\" \/>\n<link rel=\"canonical\" href=\"https:\/\/www.eldiario.net\/portal\/2025\/05\/15\/persecucion-y-detencion-politica-afecta-a-347-personas-en-bolivia\/\" \/>\n<meta property=\"og:locale\" content=\"es_ES\" \/>\n<meta property=\"og:type\" content=\"article\" \/>\n<meta property=\"og:title\" content=\"Persecuci\u00f3n y detenci\u00f3n pol\u00edtica afecta a 347 personas en Bolivia - El Diario - Bolivia\" \/>\n<meta property=\"og:description\" content=\"Un total de 347 personas enfrentan detenci\u00f3n o persecuci\u00f3n por motivos pol\u00edticos, denunci\u00f3 el exdefensor del Pueblo y director ejecutivo de la Alianza por la Justicia y Derechos Humanos (AJDH), Waldo Albarrac\u00edn. El abogado, tambi\u00e9n perseguido por defender la vigencia plena de la justicia y la democracia, present\u00f3 el martes 13 de mayo un estudio [&hellip;]\" \/>\n<meta property=\"og:url\" content=\"https:\/\/www.eldiario.net\/portal\/2025\/05\/15\/persecucion-y-detencion-politica-afecta-a-347-personas-en-bolivia\/\" \/>\n<meta property=\"og:site_name\" content=\"El Diario - Bolivia\" \/>\n<meta property=\"article:publisher\" content=\"https:\/\/www.facebook.com\/eldiario.bolivia\/\" \/>\n<meta property=\"article:published_time\" content=\"2025-05-15T09:45:49+00:00\" \/>\n<meta property=\"og:image\" content=\"https:\/\/www.eldiario.net\/portal\/wp-content\/uploads\/2025\/05\/NPA-FOTO.jpg\" \/>\n\t<meta property=\"og:image:width\" content=\"1200\" \/>\n\t<meta property=\"og:image:height\" content=\"791\" \/>\n\t<meta property=\"og:image:type\" content=\"image\/jpeg\" \/>\n<meta name=\"author\" content=\"Jeanette\" \/>\n<meta name=\"twitter:card\" content=\"summary_large_image\" \/>\n<meta name=\"twitter:creator\" content=\"@eldiario_net\" \/>\n<meta name=\"twitter:site\" content=\"@eldiario_net\" \/>\n<meta name=\"twitter:label1\" content=\"Escrito por\" \/>\n\t<meta name=\"twitter:data1\" content=\"Jeanette\" \/>\n\t<meta name=\"twitter:label2\" content=\"Tiempo de lectura\" \/>\n\t<meta name=\"twitter:data2\" content=\"2 minutos\" \/>\n<script type=\"application\/ld+json\" class=\"yoast-schema-graph\">{\"@context\":\"https:\\\/\\\/schema.org\",\"@graph\":[{\"@type\":\"Article\",\"@id\":\"https:\\\/\\\/www.eldiario.net\\\/portal\\\/2025\\\/05\\\/15\\\/persecucion-y-detencion-politica-afecta-a-347-personas-en-bolivia\\\/#article\",\"isPartOf\":{\"@id\":\"https:\\\/\\\/www.eldiario.net\\\/portal\\\/2025\\\/05\\\/15\\\/persecucion-y-detencion-politica-afecta-a-347-personas-en-bolivia\\\/\"},\"author\":{\"name\":\"Jeanette\",\"@id\":\"https:\\\/\\\/www.eldiario.net\\\/portal\\\/#\\\/schema\\\/person\\\/2c57cf2b7a7ae032e449e4c9b1019eac\"},\"headline\":\"Persecuci\u00f3n y detenci\u00f3n pol\u00edtica afecta a 347 personas en Bolivia\",\"datePublished\":\"2025-05-15T09:45:49+00:00\",\"mainEntityOfPage\":{\"@id\":\"https:\\\/\\\/www.eldiario.net\\\/portal\\\/2025\\\/05\\\/15\\\/persecucion-y-detencion-politica-afecta-a-347-personas-en-bolivia\\\/\"},\"wordCount\":441,\"publisher\":{\"@id\":\"https:\\\/\\\/www.eldiario.net\\\/portal\\\/#organization\"},\"image\":{\"@id\":\"https:\\\/\\\/www.eldiario.net\\\/portal\\\/2025\\\/05\\\/15\\\/persecucion-y-detencion-politica-afecta-a-347-personas-en-bolivia\\\/#primaryimage\"},\"thumbnailUrl\":\"https:\\\/\\\/www.eldiario.net\\\/portal\\\/wp-content\\\/uploads\\\/2025\\\/05\\\/NPA-FOTO.jpg\",\"articleSection\":[\"Portada\"],\"inLanguage\":\"es\"},{\"@type\":\"WebPage\",\"@id\":\"https:\\\/\\\/www.eldiario.net\\\/portal\\\/2025\\\/05\\\/15\\\/persecucion-y-detencion-politica-afecta-a-347-personas-en-bolivia\\\/\",\"url\":\"https:\\\/\\\/www.eldiario.net\\\/portal\\\/2025\\\/05\\\/15\\\/persecucion-y-detencion-politica-afecta-a-347-personas-en-bolivia\\\/\",\"name\":\"Persecuci\u00f3n y detenci\u00f3n pol\u00edtica afecta a 347 personas en Bolivia - El Diario - Bolivia\",\"isPartOf\":{\"@id\":\"https:\\\/\\\/www.eldiario.net\\\/portal\\\/#website\"},\"primaryImageOfPage\":{\"@id\":\"https:\\\/\\\/www.eldiario.net\\\/portal\\\/2025\\\/05\\\/15\\\/persecucion-y-detencion-politica-afecta-a-347-personas-en-bolivia\\\/#primaryimage\"},\"image\":{\"@id\":\"https:\\\/\\\/www.eldiario.net\\\/portal\\\/2025\\\/05\\\/15\\\/persecucion-y-detencion-politica-afecta-a-347-personas-en-bolivia\\\/#primaryimage\"},\"thumbnailUrl\":\"https:\\\/\\\/www.eldiario.net\\\/portal\\\/wp-content\\\/uploads\\\/2025\\\/05\\\/NPA-FOTO.jpg\",\"datePublished\":\"2025-05-15T09:45:49+00:00\",\"breadcrumb\":{\"@id\":\"https:\\\/\\\/www.eldiario.net\\\/portal\\\/2025\\\/05\\\/15\\\/persecucion-y-detencion-politica-afecta-a-347-personas-en-bolivia\\\/#breadcrumb\"},\"inLanguage\":\"es\",\"potentialAction\":[{\"@type\":\"ReadAction\",\"target\":[\"https:\\\/\\\/www.eldiario.net\\\/portal\\\/2025\\\/05\\\/15\\\/persecucion-y-detencion-politica-afecta-a-347-personas-en-bolivia\\\/\"]}]},{\"@type\":\"ImageObject\",\"inLanguage\":\"es\",\"@id\":\"https:\\\/\\\/www.eldiario.net\\\/portal\\\/2025\\\/05\\\/15\\\/persecucion-y-detencion-politica-afecta-a-347-personas-en-bolivia\\\/#primaryimage\",\"url\":\"https:\\\/\\\/www.eldiario.net\\\/portal\\\/wp-content\\\/uploads\\\/2025\\\/05\\\/NPA-FOTO.jpg\",\"contentUrl\":\"https:\\\/\\\/www.eldiario.net\\\/portal\\\/wp-content\\\/uploads\\\/2025\\\/05\\\/NPA-FOTO.jpg\",\"width\":1200,\"height\":791,\"caption\":\"EXDEFENSOR DEL PUEBLO, WALDO ALBARRAC\u00cdN, DURANTE LA PRESENTACI\u00d3N DEL ESTUDIO SOBRE LAS DETENCIONES Y PERSECUCIONES POL\u00cdTICAS EN BOLIVIA. FOTO: ANP\"},{\"@type\":\"BreadcrumbList\",\"@id\":\"https:\\\/\\\/www.eldiario.net\\\/portal\\\/2025\\\/05\\\/15\\\/persecucion-y-detencion-politica-afecta-a-347-personas-en-bolivia\\\/#breadcrumb\",\"itemListElement\":[{\"@type\":\"ListItem\",\"position\":1,\"name\":\"Portada\",\"item\":\"https:\\\/\\\/www.eldiario.net\\\/portal\\\/\"},{\"@type\":\"ListItem\",\"position\":2,\"name\":\"Persecuci\u00f3n y detenci\u00f3n pol\u00edtica afecta a 347 personas en Bolivia\"}]},{\"@type\":\"WebSite\",\"@id\":\"https:\\\/\\\/www.eldiario.net\\\/portal\\\/#website\",\"url\":\"https:\\\/\\\/www.eldiario.net\\\/portal\\\/\",\"name\":\"El Diario - Decano de la prensa nacional\",\"description\":\"El Diario - Decano de la prensa nacional\",\"publisher\":{\"@id\":\"https:\\\/\\\/www.eldiario.net\\\/portal\\\/#organization\"},\"potentialAction\":[{\"@type\":\"SearchAction\",\"target\":{\"@type\":\"EntryPoint\",\"urlTemplate\":\"https:\\\/\\\/www.eldiario.net\\\/portal\\\/?s={search_term_string}\"},\"query-input\":{\"@type\":\"PropertyValueSpecification\",\"valueRequired\":true,\"valueName\":\"search_term_string\"}}],\"inLanguage\":\"es\"},{\"@type\":\"Organization\",\"@id\":\"https:\\\/\\\/www.eldiario.net\\\/portal\\\/#organization\",\"name\":\"El Diario - Decano de la prensa nacional\",\"url\":\"https:\\\/\\\/www.eldiario.net\\\/portal\\\/\",\"logo\":{\"@type\":\"ImageObject\",\"inLanguage\":\"es\",\"@id\":\"https:\\\/\\\/www.eldiario.net\\\/portal\\\/#\\\/schema\\\/logo\\\/image\\\/\",\"url\":\"https:\\\/\\\/www.eldiario.net\\\/portal\\\/wp-content\\\/uploads\\\/2023\\\/07\\\/logo_ED.jpg\",\"contentUrl\":\"https:\\\/\\\/www.eldiario.net\\\/portal\\\/wp-content\\\/uploads\\\/2023\\\/07\\\/logo_ED.jpg\",\"width\":272,\"height\":52,\"caption\":\"El Diario - Decano de la prensa nacional\"},\"image\":{\"@id\":\"https:\\\/\\\/www.eldiario.net\\\/portal\\\/#\\\/schema\\\/logo\\\/image\\\/\"},\"sameAs\":[\"https:\\\/\\\/www.facebook.com\\\/eldiario.bolivia\\\/\",\"https:\\\/\\\/x.com\\\/eldiario_net\"]},{\"@type\":\"Person\",\"@id\":\"https:\\\/\\\/www.eldiario.net\\\/portal\\\/#\\\/schema\\\/person\\\/2c57cf2b7a7ae032e449e4c9b1019eac\",\"name\":\"Jeanette\",\"image\":{\"@type\":\"ImageObject\",\"inLanguage\":\"es\",\"@id\":\"https:\\\/\\\/secure.gravatar.com\\\/avatar\\\/3ea2118a5f7dad2b7138b1187a6b7ee55f160b9968b66013c3a3ef39dd7e5798?s=96&d=mm&r=g\",\"url\":\"https:\\\/\\\/secure.gravatar.com\\\/avatar\\\/3ea2118a5f7dad2b7138b1187a6b7ee55f160b9968b66013c3a3ef39dd7e5798?s=96&d=mm&r=g\",\"contentUrl\":\"https:\\\/\\\/secure.gravatar.com\\\/avatar\\\/3ea2118a5f7dad2b7138b1187a6b7ee55f160b9968b66013c3a3ef39dd7e5798?s=96&d=mm&r=g\",\"caption\":\"Jeanette\"},\"sameAs\":[\"https:\\\/\\\/www.eldiario.net\\\/portal\"],\"url\":\"https:\\\/\\\/www.eldiario.net\\\/portal\\\/author\\\/jeanette\\\/\"}]}<\/script>\n<!-- \/ Yoast SEO plugin. -->","yoast_head_json":{"title":"Persecuci\u00f3n y detenci\u00f3n pol\u00edtica afecta a 347 personas en Bolivia - El Diario - Bolivia","robots":{"index":"index","follow":"follow","max-snippet":"max-snippet:-1","max-image-preview":"max-image-preview:large","max-video-preview":"max-video-preview:-1"},"canonical":"https:\/\/www.eldiario.net\/portal\/2025\/05\/15\/persecucion-y-detencion-politica-afecta-a-347-personas-en-bolivia\/","og_locale":"es_ES","og_type":"article","og_title":"Persecuci\u00f3n y detenci\u00f3n pol\u00edtica afecta a 347 personas en Bolivia - El Diario - Bolivia","og_description":"Un total de 347 personas enfrentan detenci\u00f3n o persecuci\u00f3n por motivos pol\u00edticos, denunci\u00f3 el exdefensor del Pueblo y director ejecutivo de la Alianza por la Justicia y Derechos Humanos (AJDH), Waldo Albarrac\u00edn. El abogado, tambi\u00e9n perseguido por defender la vigencia plena de la justicia y la democracia, present\u00f3 el martes 13 de mayo un estudio [&hellip;]","og_url":"https:\/\/www.eldiario.net\/portal\/2025\/05\/15\/persecucion-y-detencion-politica-afecta-a-347-personas-en-bolivia\/","og_site_name":"El Diario - Bolivia","article_publisher":"https:\/\/www.facebook.com\/eldiario.bolivia\/","article_published_time":"2025-05-15T09:45:49+00:00","og_image":[{"width":1200,"height":791,"url":"https:\/\/www.eldiario.net\/portal\/wp-content\/uploads\/2025\/05\/NPA-FOTO.jpg","type":"image\/jpeg"}],"author":"Jeanette","twitter_card":"summary_large_image","twitter_creator":"@eldiario_net","twitter_site":"@eldiario_net","twitter_misc":{"Escrito por":"Jeanette","Tiempo de lectura":"2 minutos"},"schema":{"@context":"https:\/\/schema.org","@graph":[{"@type":"Article","@id":"https:\/\/www.eldiario.net\/portal\/2025\/05\/15\/persecucion-y-detencion-politica-afecta-a-347-personas-en-bolivia\/#article","isPartOf":{"@id":"https:\/\/www.eldiario.net\/portal\/2025\/05\/15\/persecucion-y-detencion-politica-afecta-a-347-personas-en-bolivia\/"},"author":{"name":"Jeanette","@id":"https:\/\/www.eldiario.net\/portal\/#\/schema\/person\/2c57cf2b7a7ae032e449e4c9b1019eac"},"headline":"Persecuci\u00f3n y detenci\u00f3n pol\u00edtica afecta a 347 personas en Bolivia","datePublished":"2025-05-15T09:45:49+00:00","mainEntityOfPage":{"@id":"https:\/\/www.eldiario.net\/portal\/2025\/05\/15\/persecucion-y-detencion-politica-afecta-a-347-personas-en-bolivia\/"},"wordCount":441,"publisher":{"@id":"https:\/\/www.eldiario.net\/portal\/#organization"},"image":{"@id":"https:\/\/www.eldiario.net\/portal\/2025\/05\/15\/persecucion-y-detencion-politica-afecta-a-347-personas-en-bolivia\/#primaryimage"},"thumbnailUrl":"https:\/\/www.eldiario.net\/portal\/wp-content\/uploads\/2025\/05\/NPA-FOTO.jpg","articleSection":["Portada"],"inLanguage":"es"},{"@type":"WebPage","@id":"https:\/\/www.eldiario.net\/portal\/2025\/05\/15\/persecucion-y-detencion-politica-afecta-a-347-personas-en-bolivia\/","url":"https:\/\/www.eldiario.net\/portal\/2025\/05\/15\/persecucion-y-detencion-politica-afecta-a-347-personas-en-bolivia\/","name":"Persecuci\u00f3n y detenci\u00f3n pol\u00edtica afecta a 347 personas en Bolivia - El Diario - Bolivia","isPartOf":{"@id":"https:\/\/www.eldiario.net\/portal\/#website"},"primaryImageOfPage":{"@id":"https:\/\/www.eldiario.net\/portal\/2025\/05\/15\/persecucion-y-detencion-politica-afecta-a-347-personas-en-bolivia\/#primaryimage"},"image":{"@id":"https:\/\/www.eldiario.net\/portal\/2025\/05\/15\/persecucion-y-detencion-politica-afecta-a-347-personas-en-bolivia\/#primaryimage"},"thumbnailUrl":"https:\/\/www.eldiario.net\/portal\/wp-content\/uploads\/2025\/05\/NPA-FOTO.jpg","datePublished":"2025-05-15T09:45:49+00:00","breadcrumb":{"@id":"https:\/\/www.eldiario.net\/portal\/2025\/05\/15\/persecucion-y-detencion-politica-afecta-a-347-personas-en-bolivia\/#breadcrumb"},"inLanguage":"es","potentialAction":[{"@type":"ReadAction","target":["https:\/\/www.eldiario.net\/portal\/2025\/05\/15\/persecucion-y-detencion-politica-afecta-a-347-personas-en-bolivia\/"]}]},{"@type":"ImageObject","inLanguage":"es","@id":"https:\/\/www.eldiario.net\/portal\/2025\/05\/15\/persecucion-y-detencion-politica-afecta-a-347-personas-en-bolivia\/#primaryimage","url":"https:\/\/www.eldiario.net\/portal\/wp-content\/uploads\/2025\/05\/NPA-FOTO.jpg","contentUrl":"https:\/\/www.eldiario.net\/portal\/wp-content\/uploads\/2025\/05\/NPA-FOTO.jpg","width":1200,"height":791,"caption":"EXDEFENSOR DEL PUEBLO, WALDO ALBARRAC\u00cdN, DURANTE LA PRESENTACI\u00d3N DEL ESTUDIO SOBRE LAS DETENCIONES Y PERSECUCIONES POL\u00cdTICAS EN BOLIVIA. FOTO: ANP"},{"@type":"BreadcrumbList","@id":"https:\/\/www.eldiario.net\/portal\/2025\/05\/15\/persecucion-y-detencion-politica-afecta-a-347-personas-en-bolivia\/#breadcrumb","itemListElement":[{"@type":"ListItem","position":1,"name":"Portada","item":"https:\/\/www.eldiario.net\/portal\/"},{"@type":"ListItem","position":2,"name":"Persecuci\u00f3n y detenci\u00f3n pol\u00edtica afecta a 347 personas en Bolivia"}]},{"@type":"WebSite","@id":"https:\/\/www.eldiario.net\/portal\/#website","url":"https:\/\/www.eldiario.net\/portal\/","name":"El Diario - Decano de la prensa nacional","description":"El Diario - Decano de la prensa nacional","publisher":{"@id":"https:\/\/www.eldiario.net\/portal\/#organization"},"potentialAction":[{"@type":"SearchAction","target":{"@type":"EntryPoint","urlTemplate":"https:\/\/www.eldiario.net\/portal\/?s={search_term_string}"},"query-input":{"@type":"PropertyValueSpecification","valueRequired":true,"valueName":"search_term_string"}}],"inLanguage":"es"},{"@type":"Organization","@id":"https:\/\/www.eldiario.net\/portal\/#organization","name":"El Diario - Decano de la prensa nacional","url":"https:\/\/www.eldiario.net\/portal\/","logo":{"@type":"ImageObject","inLanguage":"es","@id":"https:\/\/www.eldiario.net\/portal\/#\/schema\/logo\/image\/","url":"https:\/\/www.eldiario.net\/portal\/wp-content\/uploads\/2023\/07\/logo_ED.jpg","contentUrl":"https:\/\/www.eldiario.net\/portal\/wp-content\/uploads\/2023\/07\/logo_ED.jpg","width":272,"height":52,"caption":"El Diario - Decano de la prensa nacional"},"image":{"@id":"https:\/\/www.eldiario.net\/portal\/#\/schema\/logo\/image\/"},"sameAs":["https:\/\/www.facebook.com\/eldiario.bolivia\/","https:\/\/x.com\/eldiario_net"]},{"@type":"Person","@id":"https:\/\/www.eldiario.net\/portal\/#\/schema\/person\/2c57cf2b7a7ae032e449e4c9b1019eac","name":"Jeanette","image":{"@type":"ImageObject","inLanguage":"es","@id":"https:\/\/secure.gravatar.com\/avatar\/3ea2118a5f7dad2b7138b1187a6b7ee55f160b9968b66013c3a3ef39dd7e5798?s=96&d=mm&r=g","url":"https:\/\/secure.gravatar.com\/avatar\/3ea2118a5f7dad2b7138b1187a6b7ee55f160b9968b66013c3a3ef39dd7e5798?s=96&d=mm&r=g","contentUrl":"https:\/\/secure.gravatar.com\/avatar\/3ea2118a5f7dad2b7138b1187a6b7ee55f160b9968b66013c3a3ef39dd7e5798?s=96&d=mm&r=g","caption":"Jeanette"},"sameAs":["https:\/\/www.eldiario.net\/portal"],"url":"https:\/\/www.eldiario.net\/portal\/author\/jeanette\/"}]}},"_links":{"self":[{"href":"https:\/\/www.eldiario.net\/portal\/wp-json\/wp\/v2\/posts\/302358","targetHints":{"allow":["GET"]}}],"collection":[{"href":"https:\/\/www.eldiario.net\/portal\/wp-json\/wp\/v2\/posts"}],"about":[{"href":"https:\/\/www.eldiario.net\/portal\/wp-json\/wp\/v2\/types\/post"}],"author":[{"embeddable":true,"href":"https:\/\/www.eldiario.net\/portal\/wp-json\/wp\/v2\/users\/1"}],"replies":[{"embeddable":true,"href":"https:\/\/www.eldiario.net\/portal\/wp-json\/wp\/v2\/comments?post=302358"}],"version-history":[{"count":1,"href":"https:\/\/www.eldiario.net\/portal\/wp-json\/wp\/v2\/posts\/302358\/revisions"}],"predecessor-version":[{"id":302360,"href":"https:\/\/www.eldiario.net\/portal\/wp-json\/wp\/v2\/posts\/302358\/revisions\/302360"}],"wp:featuredmedia":[{"embeddable":true,"href":"https:\/\/www.eldiario.net\/portal\/wp-json\/wp\/v2\/media\/302359"}],"wp:attachment":[{"href":"https:\/\/www.eldiario.net\/portal\/wp-json\/wp\/v2\/media?parent=302358"}],"wp:term":[{"taxonomy":"category","embeddable":true,"href":"https:\/\/www.eldiario.net\/portal\/wp-json\/wp\/v2\/categories?post=302358"},{"taxonomy":"post_tag","embeddable":true,"href":"https:\/\/www.eldiario.net\/portal\/wp-json\/wp\/v2\/tags?post=302358"}],"curies":[{"name":"wp","href":"https:\/\/api.w.org\/{rel}","templated":true}]}}