{"id":302355,"date":"2025-05-15T05:45:01","date_gmt":"2025-05-15T09:45:01","guid":{"rendered":"https:\/\/www.eldiario.net\/portal\/?p=302355"},"modified":"2025-05-15T05:45:01","modified_gmt":"2025-05-15T09:45:01","slug":"inicia-juicio-contra-gobernador-de-potosi-jhonny-mamani","status":"publish","type":"post","link":"https:\/\/www.eldiario.net\/portal\/2025\/05\/15\/inicia-juicio-contra-gobernador-de-potosi-jhonny-mamani\/","title":{"rendered":"Inicia juicio contra gobernador  de Potos\u00ed Jhonny Mamani"},"content":{"rendered":"<p>El juicio oral contra el gobernador de Potos\u00ed, Jhonny Mamani, comenz\u00f3 ayer. La exautoridad es investigada porque la Unidad de Delitos Financieros detect\u00f3 movimientos irregulares en contratos relacionados a la compra de los veh\u00edculos.<\/p>\n<p>Se conoce que el juicio inicia tras siete audiencias suspendidas por la inasistencia de algunos de los implicados en el proceso judicial. La autoridad electa fue suspendida y en su lugar est\u00e1 Marco Antonio Copa de forma interina.<\/p>\n<p>El gobernador potosino se encuentra con detenci\u00f3n preventiva en la c\u00e1rcel de San Pedro de La Paz, desde agosto de 2023. La autoridad est\u00e1 acusada de legitimaci\u00f3n de ganancias il\u00edcitas por identificarse varias irregularidades en la adquisici\u00f3n de 41 ambulancias.<\/p>\n<p>En torno a la investigaci\u00f3n, la Fiscal\u00eda se\u00f1ala que existen pruebas contundentes que implican a Mamani en el delito se\u00f1alado por las irregularidades identificadas.<\/p>\n<p>De acuerdo con la investigaci\u00f3n, una persona de confianza de la autoridad potosina era la encargada de conseguir las p\u00f3lizas de seguro, el taller mec\u00e1nico y otros detalles para concretar la adquisici\u00f3n de las ambulancias.<\/p>\n<p>En la investigaci\u00f3n por la compra de 41 ambulancias, se imput\u00f3 a Mamani y otros colaboradores de su gabinete, e incluso se mencion\u00f3 que el monto de los motorizados tuvo un valor de 20,5 millones de bolivianos.<\/p>\n<p>&nbsp;<\/p>\n<p>La investigaci\u00f3n contra Mamani se complic\u00f3 tras una revelaci\u00f3n. El representante legal de la empresa unipersonal, Estefals Logistic, Humberto Huanca, quien tambi\u00e9n est\u00e1 investigado y detenido, revel\u00f3 el presunto trato entre el gobernador de Potos\u00ed, Jhonny Mamani, y los ciudadanos pakistan\u00edes sobre la compra de las ambulancias fantasmas. (Potos\u00ed, agencias=<\/p>\n","protected":false},"excerpt":{"rendered":"<p>El juicio oral contra el gobernador de Potos\u00ed, Jhonny Mamani, comenz\u00f3 ayer. La exautoridad es investigada porque la Unidad de Delitos Financieros detect\u00f3 movimientos irregulares en contratos relacionados a la compra de los veh\u00edculos. Se conoce que el juicio inicia tras siete audiencias suspendidas por la inasistencia de algunos de los implicados en el proceso [&hellip;]<\/p>\n","protected":false},"author":1,"featured_media":302356,"comment_status":"closed","ping_status":"open","sticky":false,"template":"","format":"standard","meta":{"_acf_changed":false,"footnotes":""},"categories":[15],"tags":[],"class_list":["post-302355","post","type-post","status-publish","format-standard","has-post-thumbnail","category-portada"],"acf":{"antetitulo":"Caso ambulancias fantasmas"},"yoast_head":"<!-- This site is optimized with the Yoast SEO plugin v28.4 - https:\/\/yoast.com\/product\/yoast-seo-wordpress\/ -->\n<title>Inicia juicio contra gobernador de Potos\u00ed Jhonny Mamani - El Diario - Bolivia<\/title>\n<meta name=\"robots\" content=\"index, follow, max-snippet:-1, max-image-preview:large, max-video-preview:-1\" \/>\n<link rel=\"canonical\" href=\"https:\/\/www.eldiario.net\/portal\/2025\/05\/15\/inicia-juicio-contra-gobernador-de-potosi-jhonny-mamani\/\" \/>\n<meta property=\"og:locale\" content=\"es_ES\" \/>\n<meta property=\"og:type\" content=\"article\" \/>\n<meta property=\"og:title\" content=\"Inicia juicio contra gobernador de Potos\u00ed Jhonny Mamani - El Diario - Bolivia\" \/>\n<meta property=\"og:description\" content=\"El juicio oral contra el gobernador de Potos\u00ed, Jhonny Mamani, comenz\u00f3 ayer. La exautoridad es investigada porque la Unidad de Delitos Financieros detect\u00f3 movimientos irregulares en contratos relacionados a la compra de los veh\u00edculos. Se conoce que el juicio inicia tras siete audiencias suspendidas por la inasistencia de algunos de los implicados en el proceso [&hellip;]\" \/>\n<meta property=\"og:url\" content=\"https:\/\/www.eldiario.net\/portal\/2025\/05\/15\/inicia-juicio-contra-gobernador-de-potosi-jhonny-mamani\/\" \/>\n<meta property=\"og:site_name\" content=\"El Diario - Bolivia\" \/>\n<meta property=\"article:publisher\" content=\"https:\/\/www.facebook.com\/eldiario.bolivia\/\" \/>\n<meta property=\"article:published_time\" content=\"2025-05-15T09:45:01+00:00\" \/>\n<meta property=\"og:image\" content=\"https:\/\/www.eldiario.net\/portal\/wp-content\/uploads\/2025\/05\/TOSI-FOTO.jpg\" \/>\n\t<meta property=\"og:image:width\" content=\"487\" \/>\n\t<meta property=\"og:image:height\" content=\"317\" \/>\n\t<meta property=\"og:image:type\" content=\"image\/jpeg\" \/>\n<meta name=\"author\" content=\"Jeanette\" \/>\n<meta name=\"twitter:card\" content=\"summary_large_image\" \/>\n<meta name=\"twitter:creator\" content=\"@eldiario_net\" \/>\n<meta name=\"twitter:site\" content=\"@eldiario_net\" \/>\n<meta name=\"twitter:label1\" content=\"Escrito por\" \/>\n\t<meta name=\"twitter:data1\" content=\"Jeanette\" \/>\n\t<meta name=\"twitter:label2\" content=\"Tiempo de lectura\" \/>\n\t<meta name=\"twitter:data2\" content=\"2 minutos\" \/>\n<script type=\"application\/ld+json\" class=\"yoast-schema-graph\">{\"@context\":\"https:\\\/\\\/schema.org\",\"@graph\":[{\"@type\":\"Article\",\"@id\":\"https:\\\/\\\/www.eldiario.net\\\/portal\\\/2025\\\/05\\\/15\\\/inicia-juicio-contra-gobernador-de-potosi-jhonny-mamani\\\/#article\",\"isPartOf\":{\"@id\":\"https:\\\/\\\/www.eldiario.net\\\/portal\\\/2025\\\/05\\\/15\\\/inicia-juicio-contra-gobernador-de-potosi-jhonny-mamani\\\/\"},\"author\":{\"name\":\"Jeanette\",\"@id\":\"https:\\\/\\\/www.eldiario.net\\\/portal\\\/#\\\/schema\\\/person\\\/2c57cf2b7a7ae032e449e4c9b1019eac\"},\"headline\":\"Inicia juicio contra gobernador de Potos\u00ed Jhonny Mamani\",\"datePublished\":\"2025-05-15T09:45:01+00:00\",\"mainEntityOfPage\":{\"@id\":\"https:\\\/\\\/www.eldiario.net\\\/portal\\\/2025\\\/05\\\/15\\\/inicia-juicio-contra-gobernador-de-potosi-jhonny-mamani\\\/\"},\"wordCount\":282,\"publisher\":{\"@id\":\"https:\\\/\\\/www.eldiario.net\\\/portal\\\/#organization\"},\"image\":{\"@id\":\"https:\\\/\\\/www.eldiario.net\\\/portal\\\/2025\\\/05\\\/15\\\/inicia-juicio-contra-gobernador-de-potosi-jhonny-mamani\\\/#primaryimage\"},\"thumbnailUrl\":\"https:\\\/\\\/www.eldiario.net\\\/portal\\\/wp-content\\\/uploads\\\/2025\\\/05\\\/TOSI-FOTO.jpg\",\"articleSection\":[\"Portada\"],\"inLanguage\":\"es\"},{\"@type\":\"WebPage\",\"@id\":\"https:\\\/\\\/www.eldiario.net\\\/portal\\\/2025\\\/05\\\/15\\\/inicia-juicio-contra-gobernador-de-potosi-jhonny-mamani\\\/\",\"url\":\"https:\\\/\\\/www.eldiario.net\\\/portal\\\/2025\\\/05\\\/15\\\/inicia-juicio-contra-gobernador-de-potosi-jhonny-mamani\\\/\",\"name\":\"Inicia juicio contra gobernador de Potos\u00ed Jhonny Mamani - El Diario - Bolivia\",\"isPartOf\":{\"@id\":\"https:\\\/\\\/www.eldiario.net\\\/portal\\\/#website\"},\"primaryImageOfPage\":{\"@id\":\"https:\\\/\\\/www.eldiario.net\\\/portal\\\/2025\\\/05\\\/15\\\/inicia-juicio-contra-gobernador-de-potosi-jhonny-mamani\\\/#primaryimage\"},\"image\":{\"@id\":\"https:\\\/\\\/www.eldiario.net\\\/portal\\\/2025\\\/05\\\/15\\\/inicia-juicio-contra-gobernador-de-potosi-jhonny-mamani\\\/#primaryimage\"},\"thumbnailUrl\":\"https:\\\/\\\/www.eldiario.net\\\/portal\\\/wp-content\\\/uploads\\\/2025\\\/05\\\/TOSI-FOTO.jpg\",\"datePublished\":\"2025-05-15T09:45:01+00:00\",\"breadcrumb\":{\"@id\":\"https:\\\/\\\/www.eldiario.net\\\/portal\\\/2025\\\/05\\\/15\\\/inicia-juicio-contra-gobernador-de-potosi-jhonny-mamani\\\/#breadcrumb\"},\"inLanguage\":\"es\",\"potentialAction\":[{\"@type\":\"ReadAction\",\"target\":[\"https:\\\/\\\/www.eldiario.net\\\/portal\\\/2025\\\/05\\\/15\\\/inicia-juicio-contra-gobernador-de-potosi-jhonny-mamani\\\/\"]}]},{\"@type\":\"ImageObject\",\"inLanguage\":\"es\",\"@id\":\"https:\\\/\\\/www.eldiario.net\\\/portal\\\/2025\\\/05\\\/15\\\/inicia-juicio-contra-gobernador-de-potosi-jhonny-mamani\\\/#primaryimage\",\"url\":\"https:\\\/\\\/www.eldiario.net\\\/portal\\\/wp-content\\\/uploads\\\/2025\\\/05\\\/TOSI-FOTO.jpg\",\"contentUrl\":\"https:\\\/\\\/www.eldiario.net\\\/portal\\\/wp-content\\\/uploads\\\/2025\\\/05\\\/TOSI-FOTO.jpg\",\"width\":487,\"height\":317,\"caption\":\"LAS AMBULANCIAS QUE FUERON ADQUIRIDAS DE MANERA IRREGULAR. FOTO: UNITEL\"},{\"@type\":\"BreadcrumbList\",\"@id\":\"https:\\\/\\\/www.eldiario.net\\\/portal\\\/2025\\\/05\\\/15\\\/inicia-juicio-contra-gobernador-de-potosi-jhonny-mamani\\\/#breadcrumb\",\"itemListElement\":[{\"@type\":\"ListItem\",\"position\":1,\"name\":\"Portada\",\"item\":\"https:\\\/\\\/www.eldiario.net\\\/portal\\\/\"},{\"@type\":\"ListItem\",\"position\":2,\"name\":\"Inicia juicio contra gobernador de Potos\u00ed Jhonny Mamani\"}]},{\"@type\":\"WebSite\",\"@id\":\"https:\\\/\\\/www.eldiario.net\\\/portal\\\/#website\",\"url\":\"https:\\\/\\\/www.eldiario.net\\\/portal\\\/\",\"name\":\"El Diario - Decano de la prensa nacional\",\"description\":\"El Diario - Decano de la prensa nacional\",\"publisher\":{\"@id\":\"https:\\\/\\\/www.eldiario.net\\\/portal\\\/#organization\"},\"potentialAction\":[{\"@type\":\"SearchAction\",\"target\":{\"@type\":\"EntryPoint\",\"urlTemplate\":\"https:\\\/\\\/www.eldiario.net\\\/portal\\\/?s={search_term_string}\"},\"query-input\":{\"@type\":\"PropertyValueSpecification\",\"valueRequired\":true,\"valueName\":\"search_term_string\"}}],\"inLanguage\":\"es\"},{\"@type\":\"Organization\",\"@id\":\"https:\\\/\\\/www.eldiario.net\\\/portal\\\/#organization\",\"name\":\"El Diario - Decano de la prensa nacional\",\"url\":\"https:\\\/\\\/www.eldiario.net\\\/portal\\\/\",\"logo\":{\"@type\":\"ImageObject\",\"inLanguage\":\"es\",\"@id\":\"https:\\\/\\\/www.eldiario.net\\\/portal\\\/#\\\/schema\\\/logo\\\/image\\\/\",\"url\":\"https:\\\/\\\/www.eldiario.net\\\/portal\\\/wp-content\\\/uploads\\\/2023\\\/07\\\/logo_ED.jpg\",\"contentUrl\":\"https:\\\/\\\/www.eldiario.net\\\/portal\\\/wp-content\\\/uploads\\\/2023\\\/07\\\/logo_ED.jpg\",\"width\":272,\"height\":52,\"caption\":\"El Diario - Decano de la prensa nacional\"},\"image\":{\"@id\":\"https:\\\/\\\/www.eldiario.net\\\/portal\\\/#\\\/schema\\\/logo\\\/image\\\/\"},\"sameAs\":[\"https:\\\/\\\/www.facebook.com\\\/eldiario.bolivia\\\/\",\"https:\\\/\\\/x.com\\\/eldiario_net\"]},{\"@type\":\"Person\",\"@id\":\"https:\\\/\\\/www.eldiario.net\\\/portal\\\/#\\\/schema\\\/person\\\/2c57cf2b7a7ae032e449e4c9b1019eac\",\"name\":\"Jeanette\",\"image\":{\"@type\":\"ImageObject\",\"inLanguage\":\"es\",\"@id\":\"https:\\\/\\\/secure.gravatar.com\\\/avatar\\\/3ea2118a5f7dad2b7138b1187a6b7ee55f160b9968b66013c3a3ef39dd7e5798?s=96&d=mm&r=g\",\"url\":\"https:\\\/\\\/secure.gravatar.com\\\/avatar\\\/3ea2118a5f7dad2b7138b1187a6b7ee55f160b9968b66013c3a3ef39dd7e5798?s=96&d=mm&r=g\",\"contentUrl\":\"https:\\\/\\\/secure.gravatar.com\\\/avatar\\\/3ea2118a5f7dad2b7138b1187a6b7ee55f160b9968b66013c3a3ef39dd7e5798?s=96&d=mm&r=g\",\"caption\":\"Jeanette\"},\"sameAs\":[\"https:\\\/\\\/www.eldiario.net\\\/portal\"],\"url\":\"https:\\\/\\\/www.eldiario.net\\\/portal\\\/author\\\/jeanette\\\/\"}]}<\/script>\n<!-- \/ Yoast SEO plugin. -->","yoast_head_json":{"title":"Inicia juicio contra gobernador de Potos\u00ed Jhonny Mamani - El Diario - Bolivia","robots":{"index":"index","follow":"follow","max-snippet":"max-snippet:-1","max-image-preview":"max-image-preview:large","max-video-preview":"max-video-preview:-1"},"canonical":"https:\/\/www.eldiario.net\/portal\/2025\/05\/15\/inicia-juicio-contra-gobernador-de-potosi-jhonny-mamani\/","og_locale":"es_ES","og_type":"article","og_title":"Inicia juicio contra gobernador de Potos\u00ed Jhonny Mamani - El Diario - Bolivia","og_description":"El juicio oral contra el gobernador de Potos\u00ed, Jhonny Mamani, comenz\u00f3 ayer. La exautoridad es investigada porque la Unidad de Delitos Financieros detect\u00f3 movimientos irregulares en contratos relacionados a la compra de los veh\u00edculos. Se conoce que el juicio inicia tras siete audiencias suspendidas por la inasistencia de algunos de los implicados en el proceso [&hellip;]","og_url":"https:\/\/www.eldiario.net\/portal\/2025\/05\/15\/inicia-juicio-contra-gobernador-de-potosi-jhonny-mamani\/","og_site_name":"El Diario - Bolivia","article_publisher":"https:\/\/www.facebook.com\/eldiario.bolivia\/","article_published_time":"2025-05-15T09:45:01+00:00","og_image":[{"width":487,"height":317,"url":"https:\/\/www.eldiario.net\/portal\/wp-content\/uploads\/2025\/05\/TOSI-FOTO.jpg","type":"image\/jpeg"}],"author":"Jeanette","twitter_card":"summary_large_image","twitter_creator":"@eldiario_net","twitter_site":"@eldiario_net","twitter_misc":{"Escrito por":"Jeanette","Tiempo de lectura":"2 minutos"},"schema":{"@context":"https:\/\/schema.org","@graph":[{"@type":"Article","@id":"https:\/\/www.eldiario.net\/portal\/2025\/05\/15\/inicia-juicio-contra-gobernador-de-potosi-jhonny-mamani\/#article","isPartOf":{"@id":"https:\/\/www.eldiario.net\/portal\/2025\/05\/15\/inicia-juicio-contra-gobernador-de-potosi-jhonny-mamani\/"},"author":{"name":"Jeanette","@id":"https:\/\/www.eldiario.net\/portal\/#\/schema\/person\/2c57cf2b7a7ae032e449e4c9b1019eac"},"headline":"Inicia juicio contra gobernador de Potos\u00ed Jhonny Mamani","datePublished":"2025-05-15T09:45:01+00:00","mainEntityOfPage":{"@id":"https:\/\/www.eldiario.net\/portal\/2025\/05\/15\/inicia-juicio-contra-gobernador-de-potosi-jhonny-mamani\/"},"wordCount":282,"publisher":{"@id":"https:\/\/www.eldiario.net\/portal\/#organization"},"image":{"@id":"https:\/\/www.eldiario.net\/portal\/2025\/05\/15\/inicia-juicio-contra-gobernador-de-potosi-jhonny-mamani\/#primaryimage"},"thumbnailUrl":"https:\/\/www.eldiario.net\/portal\/wp-content\/uploads\/2025\/05\/TOSI-FOTO.jpg","articleSection":["Portada"],"inLanguage":"es"},{"@type":"WebPage","@id":"https:\/\/www.eldiario.net\/portal\/2025\/05\/15\/inicia-juicio-contra-gobernador-de-potosi-jhonny-mamani\/","url":"https:\/\/www.eldiario.net\/portal\/2025\/05\/15\/inicia-juicio-contra-gobernador-de-potosi-jhonny-mamani\/","name":"Inicia juicio contra gobernador de Potos\u00ed Jhonny Mamani - El Diario - Bolivia","isPartOf":{"@id":"https:\/\/www.eldiario.net\/portal\/#website"},"primaryImageOfPage":{"@id":"https:\/\/www.eldiario.net\/portal\/2025\/05\/15\/inicia-juicio-contra-gobernador-de-potosi-jhonny-mamani\/#primaryimage"},"image":{"@id":"https:\/\/www.eldiario.net\/portal\/2025\/05\/15\/inicia-juicio-contra-gobernador-de-potosi-jhonny-mamani\/#primaryimage"},"thumbnailUrl":"https:\/\/www.eldiario.net\/portal\/wp-content\/uploads\/2025\/05\/TOSI-FOTO.jpg","datePublished":"2025-05-15T09:45:01+00:00","breadcrumb":{"@id":"https:\/\/www.eldiario.net\/portal\/2025\/05\/15\/inicia-juicio-contra-gobernador-de-potosi-jhonny-mamani\/#breadcrumb"},"inLanguage":"es","potentialAction":[{"@type":"ReadAction","target":["https:\/\/www.eldiario.net\/portal\/2025\/05\/15\/inicia-juicio-contra-gobernador-de-potosi-jhonny-mamani\/"]}]},{"@type":"ImageObject","inLanguage":"es","@id":"https:\/\/www.eldiario.net\/portal\/2025\/05\/15\/inicia-juicio-contra-gobernador-de-potosi-jhonny-mamani\/#primaryimage","url":"https:\/\/www.eldiario.net\/portal\/wp-content\/uploads\/2025\/05\/TOSI-FOTO.jpg","contentUrl":"https:\/\/www.eldiario.net\/portal\/wp-content\/uploads\/2025\/05\/TOSI-FOTO.jpg","width":487,"height":317,"caption":"LAS AMBULANCIAS QUE FUERON ADQUIRIDAS DE MANERA IRREGULAR. FOTO: UNITEL"},{"@type":"BreadcrumbList","@id":"https:\/\/www.eldiario.net\/portal\/2025\/05\/15\/inicia-juicio-contra-gobernador-de-potosi-jhonny-mamani\/#breadcrumb","itemListElement":[{"@type":"ListItem","position":1,"name":"Portada","item":"https:\/\/www.eldiario.net\/portal\/"},{"@type":"ListItem","position":2,"name":"Inicia juicio contra gobernador de Potos\u00ed Jhonny Mamani"}]},{"@type":"WebSite","@id":"https:\/\/www.eldiario.net\/portal\/#website","url":"https:\/\/www.eldiario.net\/portal\/","name":"El Diario - Decano de la prensa nacional","description":"El Diario - Decano de la prensa nacional","publisher":{"@id":"https:\/\/www.eldiario.net\/portal\/#organization"},"potentialAction":[{"@type":"SearchAction","target":{"@type":"EntryPoint","urlTemplate":"https:\/\/www.eldiario.net\/portal\/?s={search_term_string}"},"query-input":{"@type":"PropertyValueSpecification","valueRequired":true,"valueName":"search_term_string"}}],"inLanguage":"es"},{"@type":"Organization","@id":"https:\/\/www.eldiario.net\/portal\/#organization","name":"El Diario - Decano de la prensa nacional","url":"https:\/\/www.eldiario.net\/portal\/","logo":{"@type":"ImageObject","inLanguage":"es","@id":"https:\/\/www.eldiario.net\/portal\/#\/schema\/logo\/image\/","url":"https:\/\/www.eldiario.net\/portal\/wp-content\/uploads\/2023\/07\/logo_ED.jpg","contentUrl":"https:\/\/www.eldiario.net\/portal\/wp-content\/uploads\/2023\/07\/logo_ED.jpg","width":272,"height":52,"caption":"El Diario - Decano de la prensa nacional"},"image":{"@id":"https:\/\/www.eldiario.net\/portal\/#\/schema\/logo\/image\/"},"sameAs":["https:\/\/www.facebook.com\/eldiario.bolivia\/","https:\/\/x.com\/eldiario_net"]},{"@type":"Person","@id":"https:\/\/www.eldiario.net\/portal\/#\/schema\/person\/2c57cf2b7a7ae032e449e4c9b1019eac","name":"Jeanette","image":{"@type":"ImageObject","inLanguage":"es","@id":"https:\/\/secure.gravatar.com\/avatar\/3ea2118a5f7dad2b7138b1187a6b7ee55f160b9968b66013c3a3ef39dd7e5798?s=96&d=mm&r=g","url":"https:\/\/secure.gravatar.com\/avatar\/3ea2118a5f7dad2b7138b1187a6b7ee55f160b9968b66013c3a3ef39dd7e5798?s=96&d=mm&r=g","contentUrl":"https:\/\/secure.gravatar.com\/avatar\/3ea2118a5f7dad2b7138b1187a6b7ee55f160b9968b66013c3a3ef39dd7e5798?s=96&d=mm&r=g","caption":"Jeanette"},"sameAs":["https:\/\/www.eldiario.net\/portal"],"url":"https:\/\/www.eldiario.net\/portal\/author\/jeanette\/"}]}},"_links":{"self":[{"href":"https:\/\/www.eldiario.net\/portal\/wp-json\/wp\/v2\/posts\/302355","targetHints":{"allow":["GET"]}}],"collection":[{"href":"https:\/\/www.eldiario.net\/portal\/wp-json\/wp\/v2\/posts"}],"about":[{"href":"https:\/\/www.eldiario.net\/portal\/wp-json\/wp\/v2\/types\/post"}],"author":[{"embeddable":true,"href":"https:\/\/www.eldiario.net\/portal\/wp-json\/wp\/v2\/users\/1"}],"replies":[{"embeddable":true,"href":"https:\/\/www.eldiario.net\/portal\/wp-json\/wp\/v2\/comments?post=302355"}],"version-history":[{"count":1,"href":"https:\/\/www.eldiario.net\/portal\/wp-json\/wp\/v2\/posts\/302355\/revisions"}],"predecessor-version":[{"id":302357,"href":"https:\/\/www.eldiario.net\/portal\/wp-json\/wp\/v2\/posts\/302355\/revisions\/302357"}],"wp:featuredmedia":[{"embeddable":true,"href":"https:\/\/www.eldiario.net\/portal\/wp-json\/wp\/v2\/media\/302356"}],"wp:attachment":[{"href":"https:\/\/www.eldiario.net\/portal\/wp-json\/wp\/v2\/media?parent=302355"}],"wp:term":[{"taxonomy":"category","embeddable":true,"href":"https:\/\/www.eldiario.net\/portal\/wp-json\/wp\/v2\/categories?post=302355"},{"taxonomy":"post_tag","embeddable":true,"href":"https:\/\/www.eldiario.net\/portal\/wp-json\/wp\/v2\/tags?post=302355"}],"curies":[{"name":"wp","href":"https:\/\/api.w.org\/{rel}","templated":true}]}}