{"id":302352,"date":"2025-05-15T05:44:21","date_gmt":"2025-05-15T09:44:21","guid":{"rendered":"https:\/\/www.eldiario.net\/portal\/?p=302352"},"modified":"2025-05-15T05:44:21","modified_gmt":"2025-05-15T09:44:21","slug":"argentina-endurece-su-ley-migratoria","status":"publish","type":"post","link":"https:\/\/www.eldiario.net\/portal\/2025\/05\/15\/argentina-endurece-su-ley-migratoria\/","title":{"rendered":"Argentina endurece  su ley migratoria"},"content":{"rendered":"<p>El Gobierno de Argentina anunci\u00f3 una serie de reformas para endurecer su pol\u00edtica migratoria, que van desde la expulsi\u00f3n de extranjeros condenados por cometer alg\u00fan delito, al cobro por recibir asistencia sanitaria a todas aquellas personas en situaci\u00f3n irregular o que cuenten con estatus de residencia temporal.<\/p>\n<p>El portavoz del Gobierno argentino, Manuel Adorni, ha asegurado que la actual legislaci\u00f3n en materia de inmigraci\u00f3n \u00abinvita al caos\u00bb y al \u00ababuso de muchos vivos, que lejos est\u00e1n de venir al pa\u00eds de forma honrada a construir un futuro\u00bb.<\/p>\n<p>\u00abEntra casi cualquiera, incluso condenados con penas menores a tres a\u00f1os, y las condiciones de deportaci\u00f3n son demasiado flexibles\u00bb, ha protestado el portavoz, quien ha dirigido tambi\u00e9n los ataques hacia los \u00abinmigrantes que vienen a usar servicios p\u00fablicos gratuitos que no tienen en sus pa\u00edses\u00bb.<\/p>\n<p>Adorni ha asegurado que, en las \u00faltimas dos d\u00e9cadas, han entrado de manera irregular al pa\u00eds un mill\u00f3n de personas y ha lamentado que hasta ahora no se haya expulsado a aquellos que infringieron la ley dentro del territorio y que puedan \u00abseguir viviendo felizmente en la Argentina para peligro de todos los dem\u00e1s\u00bb.<\/p>\n<p>\u00abDe ahora en adelante, cualquier condenado que intente ingresar ser\u00e1 rechazado en las fronteras por las autoridades migratorias (&#8230;) todo aquel que sea condenado por cometer un delito, ser\u00e1 deportado (&#8230;) El que las hace, la paga\u00bb, ha dicho.<\/p>\n<p>Adorni ha dicho que tampoco es justo para aquellas personas que han llegado desde fuera para contribuir con el bienestar de Argentina, pa\u00eds que quiere \u00abseguir recibiendo a aquellos que vienen a construir un pa\u00eds m\u00e1s libre y m\u00e1s pr\u00f3spero\u00bb.<\/p>\n<p>TURISMO SANITARIO<\/p>\n<p>La Presidencia de Argentina ha afirmado en un comunicado que no puede recaer en quienes \u00abpagan impuestos\u00bb el \u00ababuso\u00bb que cometen extranjeros que llegan al pa\u00eds s\u00f3lo con la intenci\u00f3n de hacerse con \u00abrecursos que no son suyos\u00bb.<\/p>\n<p>La nota se refiere a esto como \u00abtours sanitarios\u00bb. Adorni sostiene que estas personas vienen al pa\u00eds y despu\u00e9s de ser atendidas, regresan de inmediato a sus lugares de origen. El a\u00f1o pasado, ha asegurado, ocho hospitales argentinos gastaron 114.000 millones de pesos (unos 90 millones de euros) \u00aben atender a extranjeros\u00bb.<\/p>\n<p>La nueva ley establecer\u00e1 el pago de los servicios de salud a los residentes transitorios, temporales e irregulares, adem\u00e1s de la obligatoriedad de entrar en el pa\u00eds con seguro m\u00e9dico privado. \u00abEsta medida tiene como objetivo garantizar la sostenibilidad del sistema de salud p\u00fablica\u00bb, ha justificado Presidencia.<\/p>\n<p>Asimismo, las nuevas reformas incluyen tambi\u00e9n cambios en el sistema p\u00fablico de educaci\u00f3n, dando la posibilidad a las universidades del pa\u00eds de imponer tasas adicionales a quienes se encuentran en Argentina de manera temporal.<\/p>\n<p>Por otro lado, la ciudadan\u00eda s\u00f3lo podr\u00e1 ser otorgada \u00abexclusivamente\u00bb a quienes hayan residido de manera continua dos a\u00f1os, o \u00abhaber realizado una inversi\u00f3n relevante para Argentina\u00bb, mientras que la residencia solo a quienes acrediten medios de subsistencia suficientes o ausencia de antecedentes. (Europa Press)<\/p>\n","protected":false},"excerpt":{"rendered":"<p>El Gobierno de Argentina anunci\u00f3 una serie de reformas para endurecer su pol\u00edtica migratoria, que van desde la expulsi\u00f3n de extranjeros condenados por cometer alg\u00fan delito, al cobro por recibir asistencia sanitaria a todas aquellas personas en situaci\u00f3n irregular o que cuenten con estatus de residencia temporal. El portavoz del Gobierno argentino, Manuel Adorni, ha [&hellip;]<\/p>\n","protected":false},"author":1,"featured_media":302353,"comment_status":"closed","ping_status":"open","sticky":false,"template":"","format":"standard","meta":{"_acf_changed":false,"footnotes":""},"categories":[15],"tags":[],"class_list":["post-302352","post","type-post","status-publish","format-standard","has-post-thumbnail","category-portada"],"acf":{"antetitulo":""},"yoast_head":"<!-- This site is optimized with the Yoast SEO plugin v28.4 - https:\/\/yoast.com\/product\/yoast-seo-wordpress\/ -->\n<title>Argentina endurece su ley migratoria - El Diario - Bolivia<\/title>\n<meta name=\"robots\" content=\"index, follow, max-snippet:-1, max-image-preview:large, max-video-preview:-1\" \/>\n<link rel=\"canonical\" href=\"https:\/\/www.eldiario.net\/portal\/2025\/05\/15\/argentina-endurece-su-ley-migratoria\/\" \/>\n<meta property=\"og:locale\" content=\"es_ES\" \/>\n<meta property=\"og:type\" content=\"article\" \/>\n<meta property=\"og:title\" content=\"Argentina endurece su ley migratoria - El Diario - Bolivia\" \/>\n<meta property=\"og:description\" content=\"El Gobierno de Argentina anunci\u00f3 una serie de reformas para endurecer su pol\u00edtica migratoria, que van desde la expulsi\u00f3n de extranjeros condenados por cometer alg\u00fan delito, al cobro por recibir asistencia sanitaria a todas aquellas personas en situaci\u00f3n irregular o que cuenten con estatus de residencia temporal. El portavoz del Gobierno argentino, Manuel Adorni, ha [&hellip;]\" \/>\n<meta property=\"og:url\" content=\"https:\/\/www.eldiario.net\/portal\/2025\/05\/15\/argentina-endurece-su-ley-migratoria\/\" \/>\n<meta property=\"og:site_name\" content=\"El Diario - Bolivia\" \/>\n<meta property=\"article:publisher\" content=\"https:\/\/www.facebook.com\/eldiario.bolivia\/\" \/>\n<meta property=\"article:published_time\" content=\"2025-05-15T09:44:21+00:00\" \/>\n<meta property=\"og:image\" content=\"https:\/\/www.eldiario.net\/portal\/wp-content\/uploads\/2025\/05\/URGEN-FOTO.jpg\" \/>\n\t<meta property=\"og:image:width\" content=\"781\" \/>\n\t<meta property=\"og:image:height\" content=\"457\" \/>\n\t<meta property=\"og:image:type\" content=\"image\/jpeg\" \/>\n<meta name=\"author\" content=\"Jeanette\" \/>\n<meta name=\"twitter:card\" content=\"summary_large_image\" \/>\n<meta name=\"twitter:creator\" content=\"@eldiario_net\" \/>\n<meta name=\"twitter:site\" content=\"@eldiario_net\" \/>\n<meta name=\"twitter:label1\" content=\"Escrito por\" \/>\n\t<meta name=\"twitter:data1\" content=\"Jeanette\" \/>\n\t<meta name=\"twitter:label2\" content=\"Tiempo de lectura\" \/>\n\t<meta name=\"twitter:data2\" content=\"3 minutos\" \/>\n<script type=\"application\/ld+json\" class=\"yoast-schema-graph\">{\"@context\":\"https:\\\/\\\/schema.org\",\"@graph\":[{\"@type\":\"Article\",\"@id\":\"https:\\\/\\\/www.eldiario.net\\\/portal\\\/2025\\\/05\\\/15\\\/argentina-endurece-su-ley-migratoria\\\/#article\",\"isPartOf\":{\"@id\":\"https:\\\/\\\/www.eldiario.net\\\/portal\\\/2025\\\/05\\\/15\\\/argentina-endurece-su-ley-migratoria\\\/\"},\"author\":{\"name\":\"Jeanette\",\"@id\":\"https:\\\/\\\/www.eldiario.net\\\/portal\\\/#\\\/schema\\\/person\\\/2c57cf2b7a7ae032e449e4c9b1019eac\"},\"headline\":\"Argentina endurece su ley migratoria\",\"datePublished\":\"2025-05-15T09:44:21+00:00\",\"mainEntityOfPage\":{\"@id\":\"https:\\\/\\\/www.eldiario.net\\\/portal\\\/2025\\\/05\\\/15\\\/argentina-endurece-su-ley-migratoria\\\/\"},\"wordCount\":524,\"publisher\":{\"@id\":\"https:\\\/\\\/www.eldiario.net\\\/portal\\\/#organization\"},\"image\":{\"@id\":\"https:\\\/\\\/www.eldiario.net\\\/portal\\\/2025\\\/05\\\/15\\\/argentina-endurece-su-ley-migratoria\\\/#primaryimage\"},\"thumbnailUrl\":\"https:\\\/\\\/www.eldiario.net\\\/portal\\\/wp-content\\\/uploads\\\/2025\\\/05\\\/URGEN-FOTO.jpg\",\"articleSection\":[\"Portada\"],\"inLanguage\":\"es\"},{\"@type\":\"WebPage\",\"@id\":\"https:\\\/\\\/www.eldiario.net\\\/portal\\\/2025\\\/05\\\/15\\\/argentina-endurece-su-ley-migratoria\\\/\",\"url\":\"https:\\\/\\\/www.eldiario.net\\\/portal\\\/2025\\\/05\\\/15\\\/argentina-endurece-su-ley-migratoria\\\/\",\"name\":\"Argentina endurece su ley migratoria - El Diario - Bolivia\",\"isPartOf\":{\"@id\":\"https:\\\/\\\/www.eldiario.net\\\/portal\\\/#website\"},\"primaryImageOfPage\":{\"@id\":\"https:\\\/\\\/www.eldiario.net\\\/portal\\\/2025\\\/05\\\/15\\\/argentina-endurece-su-ley-migratoria\\\/#primaryimage\"},\"image\":{\"@id\":\"https:\\\/\\\/www.eldiario.net\\\/portal\\\/2025\\\/05\\\/15\\\/argentina-endurece-su-ley-migratoria\\\/#primaryimage\"},\"thumbnailUrl\":\"https:\\\/\\\/www.eldiario.net\\\/portal\\\/wp-content\\\/uploads\\\/2025\\\/05\\\/URGEN-FOTO.jpg\",\"datePublished\":\"2025-05-15T09:44:21+00:00\",\"breadcrumb\":{\"@id\":\"https:\\\/\\\/www.eldiario.net\\\/portal\\\/2025\\\/05\\\/15\\\/argentina-endurece-su-ley-migratoria\\\/#breadcrumb\"},\"inLanguage\":\"es\",\"potentialAction\":[{\"@type\":\"ReadAction\",\"target\":[\"https:\\\/\\\/www.eldiario.net\\\/portal\\\/2025\\\/05\\\/15\\\/argentina-endurece-su-ley-migratoria\\\/\"]}]},{\"@type\":\"ImageObject\",\"inLanguage\":\"es\",\"@id\":\"https:\\\/\\\/www.eldiario.net\\\/portal\\\/2025\\\/05\\\/15\\\/argentina-endurece-su-ley-migratoria\\\/#primaryimage\",\"url\":\"https:\\\/\\\/www.eldiario.net\\\/portal\\\/wp-content\\\/uploads\\\/2025\\\/05\\\/URGEN-FOTO.jpg\",\"contentUrl\":\"https:\\\/\\\/www.eldiario.net\\\/portal\\\/wp-content\\\/uploads\\\/2025\\\/05\\\/URGEN-FOTO.jpg\",\"width\":781,\"height\":457,\"caption\":\"LA FRONTERA ENTRE ARGENTINA Y BOLIVIA. FOTO: EL TRIBUNO.\"},{\"@type\":\"BreadcrumbList\",\"@id\":\"https:\\\/\\\/www.eldiario.net\\\/portal\\\/2025\\\/05\\\/15\\\/argentina-endurece-su-ley-migratoria\\\/#breadcrumb\",\"itemListElement\":[{\"@type\":\"ListItem\",\"position\":1,\"name\":\"Portada\",\"item\":\"https:\\\/\\\/www.eldiario.net\\\/portal\\\/\"},{\"@type\":\"ListItem\",\"position\":2,\"name\":\"Argentina endurece su ley migratoria\"}]},{\"@type\":\"WebSite\",\"@id\":\"https:\\\/\\\/www.eldiario.net\\\/portal\\\/#website\",\"url\":\"https:\\\/\\\/www.eldiario.net\\\/portal\\\/\",\"name\":\"El Diario - Decano de la prensa nacional\",\"description\":\"El Diario - Decano de la prensa nacional\",\"publisher\":{\"@id\":\"https:\\\/\\\/www.eldiario.net\\\/portal\\\/#organization\"},\"potentialAction\":[{\"@type\":\"SearchAction\",\"target\":{\"@type\":\"EntryPoint\",\"urlTemplate\":\"https:\\\/\\\/www.eldiario.net\\\/portal\\\/?s={search_term_string}\"},\"query-input\":{\"@type\":\"PropertyValueSpecification\",\"valueRequired\":true,\"valueName\":\"search_term_string\"}}],\"inLanguage\":\"es\"},{\"@type\":\"Organization\",\"@id\":\"https:\\\/\\\/www.eldiario.net\\\/portal\\\/#organization\",\"name\":\"El Diario - Decano de la prensa nacional\",\"url\":\"https:\\\/\\\/www.eldiario.net\\\/portal\\\/\",\"logo\":{\"@type\":\"ImageObject\",\"inLanguage\":\"es\",\"@id\":\"https:\\\/\\\/www.eldiario.net\\\/portal\\\/#\\\/schema\\\/logo\\\/image\\\/\",\"url\":\"https:\\\/\\\/www.eldiario.net\\\/portal\\\/wp-content\\\/uploads\\\/2023\\\/07\\\/logo_ED.jpg\",\"contentUrl\":\"https:\\\/\\\/www.eldiario.net\\\/portal\\\/wp-content\\\/uploads\\\/2023\\\/07\\\/logo_ED.jpg\",\"width\":272,\"height\":52,\"caption\":\"El Diario - Decano de la prensa nacional\"},\"image\":{\"@id\":\"https:\\\/\\\/www.eldiario.net\\\/portal\\\/#\\\/schema\\\/logo\\\/image\\\/\"},\"sameAs\":[\"https:\\\/\\\/www.facebook.com\\\/eldiario.bolivia\\\/\",\"https:\\\/\\\/x.com\\\/eldiario_net\"]},{\"@type\":\"Person\",\"@id\":\"https:\\\/\\\/www.eldiario.net\\\/portal\\\/#\\\/schema\\\/person\\\/2c57cf2b7a7ae032e449e4c9b1019eac\",\"name\":\"Jeanette\",\"image\":{\"@type\":\"ImageObject\",\"inLanguage\":\"es\",\"@id\":\"https:\\\/\\\/secure.gravatar.com\\\/avatar\\\/3ea2118a5f7dad2b7138b1187a6b7ee55f160b9968b66013c3a3ef39dd7e5798?s=96&d=mm&r=g\",\"url\":\"https:\\\/\\\/secure.gravatar.com\\\/avatar\\\/3ea2118a5f7dad2b7138b1187a6b7ee55f160b9968b66013c3a3ef39dd7e5798?s=96&d=mm&r=g\",\"contentUrl\":\"https:\\\/\\\/secure.gravatar.com\\\/avatar\\\/3ea2118a5f7dad2b7138b1187a6b7ee55f160b9968b66013c3a3ef39dd7e5798?s=96&d=mm&r=g\",\"caption\":\"Jeanette\"},\"sameAs\":[\"https:\\\/\\\/www.eldiario.net\\\/portal\"],\"url\":\"https:\\\/\\\/www.eldiario.net\\\/portal\\\/author\\\/jeanette\\\/\"}]}<\/script>\n<!-- \/ Yoast SEO plugin. -->","yoast_head_json":{"title":"Argentina endurece su ley migratoria - El Diario - Bolivia","robots":{"index":"index","follow":"follow","max-snippet":"max-snippet:-1","max-image-preview":"max-image-preview:large","max-video-preview":"max-video-preview:-1"},"canonical":"https:\/\/www.eldiario.net\/portal\/2025\/05\/15\/argentina-endurece-su-ley-migratoria\/","og_locale":"es_ES","og_type":"article","og_title":"Argentina endurece su ley migratoria - El Diario - Bolivia","og_description":"El Gobierno de Argentina anunci\u00f3 una serie de reformas para endurecer su pol\u00edtica migratoria, que van desde la expulsi\u00f3n de extranjeros condenados por cometer alg\u00fan delito, al cobro por recibir asistencia sanitaria a todas aquellas personas en situaci\u00f3n irregular o que cuenten con estatus de residencia temporal. El portavoz del Gobierno argentino, Manuel Adorni, ha [&hellip;]","og_url":"https:\/\/www.eldiario.net\/portal\/2025\/05\/15\/argentina-endurece-su-ley-migratoria\/","og_site_name":"El Diario - Bolivia","article_publisher":"https:\/\/www.facebook.com\/eldiario.bolivia\/","article_published_time":"2025-05-15T09:44:21+00:00","og_image":[{"width":781,"height":457,"url":"https:\/\/www.eldiario.net\/portal\/wp-content\/uploads\/2025\/05\/URGEN-FOTO.jpg","type":"image\/jpeg"}],"author":"Jeanette","twitter_card":"summary_large_image","twitter_creator":"@eldiario_net","twitter_site":"@eldiario_net","twitter_misc":{"Escrito por":"Jeanette","Tiempo de lectura":"3 minutos"},"schema":{"@context":"https:\/\/schema.org","@graph":[{"@type":"Article","@id":"https:\/\/www.eldiario.net\/portal\/2025\/05\/15\/argentina-endurece-su-ley-migratoria\/#article","isPartOf":{"@id":"https:\/\/www.eldiario.net\/portal\/2025\/05\/15\/argentina-endurece-su-ley-migratoria\/"},"author":{"name":"Jeanette","@id":"https:\/\/www.eldiario.net\/portal\/#\/schema\/person\/2c57cf2b7a7ae032e449e4c9b1019eac"},"headline":"Argentina endurece su ley migratoria","datePublished":"2025-05-15T09:44:21+00:00","mainEntityOfPage":{"@id":"https:\/\/www.eldiario.net\/portal\/2025\/05\/15\/argentina-endurece-su-ley-migratoria\/"},"wordCount":524,"publisher":{"@id":"https:\/\/www.eldiario.net\/portal\/#organization"},"image":{"@id":"https:\/\/www.eldiario.net\/portal\/2025\/05\/15\/argentina-endurece-su-ley-migratoria\/#primaryimage"},"thumbnailUrl":"https:\/\/www.eldiario.net\/portal\/wp-content\/uploads\/2025\/05\/URGEN-FOTO.jpg","articleSection":["Portada"],"inLanguage":"es"},{"@type":"WebPage","@id":"https:\/\/www.eldiario.net\/portal\/2025\/05\/15\/argentina-endurece-su-ley-migratoria\/","url":"https:\/\/www.eldiario.net\/portal\/2025\/05\/15\/argentina-endurece-su-ley-migratoria\/","name":"Argentina endurece su ley migratoria - El Diario - Bolivia","isPartOf":{"@id":"https:\/\/www.eldiario.net\/portal\/#website"},"primaryImageOfPage":{"@id":"https:\/\/www.eldiario.net\/portal\/2025\/05\/15\/argentina-endurece-su-ley-migratoria\/#primaryimage"},"image":{"@id":"https:\/\/www.eldiario.net\/portal\/2025\/05\/15\/argentina-endurece-su-ley-migratoria\/#primaryimage"},"thumbnailUrl":"https:\/\/www.eldiario.net\/portal\/wp-content\/uploads\/2025\/05\/URGEN-FOTO.jpg","datePublished":"2025-05-15T09:44:21+00:00","breadcrumb":{"@id":"https:\/\/www.eldiario.net\/portal\/2025\/05\/15\/argentina-endurece-su-ley-migratoria\/#breadcrumb"},"inLanguage":"es","potentialAction":[{"@type":"ReadAction","target":["https:\/\/www.eldiario.net\/portal\/2025\/05\/15\/argentina-endurece-su-ley-migratoria\/"]}]},{"@type":"ImageObject","inLanguage":"es","@id":"https:\/\/www.eldiario.net\/portal\/2025\/05\/15\/argentina-endurece-su-ley-migratoria\/#primaryimage","url":"https:\/\/www.eldiario.net\/portal\/wp-content\/uploads\/2025\/05\/URGEN-FOTO.jpg","contentUrl":"https:\/\/www.eldiario.net\/portal\/wp-content\/uploads\/2025\/05\/URGEN-FOTO.jpg","width":781,"height":457,"caption":"LA FRONTERA ENTRE ARGENTINA Y BOLIVIA. FOTO: EL TRIBUNO."},{"@type":"BreadcrumbList","@id":"https:\/\/www.eldiario.net\/portal\/2025\/05\/15\/argentina-endurece-su-ley-migratoria\/#breadcrumb","itemListElement":[{"@type":"ListItem","position":1,"name":"Portada","item":"https:\/\/www.eldiario.net\/portal\/"},{"@type":"ListItem","position":2,"name":"Argentina endurece su ley migratoria"}]},{"@type":"WebSite","@id":"https:\/\/www.eldiario.net\/portal\/#website","url":"https:\/\/www.eldiario.net\/portal\/","name":"El Diario - Decano de la prensa nacional","description":"El Diario - Decano de la prensa nacional","publisher":{"@id":"https:\/\/www.eldiario.net\/portal\/#organization"},"potentialAction":[{"@type":"SearchAction","target":{"@type":"EntryPoint","urlTemplate":"https:\/\/www.eldiario.net\/portal\/?s={search_term_string}"},"query-input":{"@type":"PropertyValueSpecification","valueRequired":true,"valueName":"search_term_string"}}],"inLanguage":"es"},{"@type":"Organization","@id":"https:\/\/www.eldiario.net\/portal\/#organization","name":"El Diario - Decano de la prensa nacional","url":"https:\/\/www.eldiario.net\/portal\/","logo":{"@type":"ImageObject","inLanguage":"es","@id":"https:\/\/www.eldiario.net\/portal\/#\/schema\/logo\/image\/","url":"https:\/\/www.eldiario.net\/portal\/wp-content\/uploads\/2023\/07\/logo_ED.jpg","contentUrl":"https:\/\/www.eldiario.net\/portal\/wp-content\/uploads\/2023\/07\/logo_ED.jpg","width":272,"height":52,"caption":"El Diario - Decano de la prensa nacional"},"image":{"@id":"https:\/\/www.eldiario.net\/portal\/#\/schema\/logo\/image\/"},"sameAs":["https:\/\/www.facebook.com\/eldiario.bolivia\/","https:\/\/x.com\/eldiario_net"]},{"@type":"Person","@id":"https:\/\/www.eldiario.net\/portal\/#\/schema\/person\/2c57cf2b7a7ae032e449e4c9b1019eac","name":"Jeanette","image":{"@type":"ImageObject","inLanguage":"es","@id":"https:\/\/secure.gravatar.com\/avatar\/3ea2118a5f7dad2b7138b1187a6b7ee55f160b9968b66013c3a3ef39dd7e5798?s=96&d=mm&r=g","url":"https:\/\/secure.gravatar.com\/avatar\/3ea2118a5f7dad2b7138b1187a6b7ee55f160b9968b66013c3a3ef39dd7e5798?s=96&d=mm&r=g","contentUrl":"https:\/\/secure.gravatar.com\/avatar\/3ea2118a5f7dad2b7138b1187a6b7ee55f160b9968b66013c3a3ef39dd7e5798?s=96&d=mm&r=g","caption":"Jeanette"},"sameAs":["https:\/\/www.eldiario.net\/portal"],"url":"https:\/\/www.eldiario.net\/portal\/author\/jeanette\/"}]}},"_links":{"self":[{"href":"https:\/\/www.eldiario.net\/portal\/wp-json\/wp\/v2\/posts\/302352","targetHints":{"allow":["GET"]}}],"collection":[{"href":"https:\/\/www.eldiario.net\/portal\/wp-json\/wp\/v2\/posts"}],"about":[{"href":"https:\/\/www.eldiario.net\/portal\/wp-json\/wp\/v2\/types\/post"}],"author":[{"embeddable":true,"href":"https:\/\/www.eldiario.net\/portal\/wp-json\/wp\/v2\/users\/1"}],"replies":[{"embeddable":true,"href":"https:\/\/www.eldiario.net\/portal\/wp-json\/wp\/v2\/comments?post=302352"}],"version-history":[{"count":1,"href":"https:\/\/www.eldiario.net\/portal\/wp-json\/wp\/v2\/posts\/302352\/revisions"}],"predecessor-version":[{"id":302354,"href":"https:\/\/www.eldiario.net\/portal\/wp-json\/wp\/v2\/posts\/302352\/revisions\/302354"}],"wp:featuredmedia":[{"embeddable":true,"href":"https:\/\/www.eldiario.net\/portal\/wp-json\/wp\/v2\/media\/302353"}],"wp:attachment":[{"href":"https:\/\/www.eldiario.net\/portal\/wp-json\/wp\/v2\/media?parent=302352"}],"wp:term":[{"taxonomy":"category","embeddable":true,"href":"https:\/\/www.eldiario.net\/portal\/wp-json\/wp\/v2\/categories?post=302352"},{"taxonomy":"post_tag","embeddable":true,"href":"https:\/\/www.eldiario.net\/portal\/wp-json\/wp\/v2\/tags?post=302352"}],"curies":[{"name":"wp","href":"https:\/\/api.w.org\/{rel}","templated":true}]}}