{"id":302340,"date":"2025-05-15T05:41:01","date_gmt":"2025-05-15T09:41:01","guid":{"rendered":"https:\/\/www.eldiario.net\/portal\/?p=302340"},"modified":"2025-05-15T05:41:01","modified_gmt":"2025-05-15T09:41:01","slug":"sujeto-filmo-y-publico-abusos-a-sus-dos-sobrinos-en-achumani","status":"publish","type":"post","link":"https:\/\/www.eldiario.net\/portal\/2025\/05\/15\/sujeto-filmo-y-publico-abusos-a-sus-dos-sobrinos-en-achumani\/","title":{"rendered":"Sujeto film\u00f3 y public\u00f3 abusos a sus dos sobrinos en Achumani"},"content":{"rendered":"<p>Un sujeto que presuntamente abus\u00f3 sexualmente de sus sobrinos en la zona de Achumani en La Paz, para luego grabarlos y publicar las im\u00e1genes en redes sociales, fue aprehendido por agentes de la Fuerza Especial de Lucha Contra el Crimen (Felcc), indic\u00f3 ayer el director de esta repartici\u00f3n policial, Gabriel Neme.<\/p>\n<p>El presunto autor es un hombre de entre 22 a 25 a\u00f1os de edad, \u201cquien hab\u00eda generado espacios de confianza al interior de su entorno familiar para captar la confianza de los menores y que empez\u00f3 a proferir abusos sexuales contra la humanidad de menores de cuatro, cinco y siete a\u00f1os de edad\u201d, se\u00f1al\u00f3 Neme a la prensa.<\/p>\n<p>\u201cEste sujeto aislaba a los menores, les vendaba los ojos y proced\u00eda al abuso sexual, generando un escenario de filmaci\u00f3n; posteriormente, luego de que realizaba las acciones deplorables y lamentables, las sub\u00eda a las redes sociales, donde la Polic\u00eda Boliviana asume el conocimiento del caso\u201d, agreg\u00f3 el director de la fuerza anticrimen.<\/p>\n<p>Tras un trabajo t\u00e9cnico, el sujeto fue encontrado y su domicilio identificado para la recolecci\u00f3n y secuestro de soportes tecnol\u00f3gicos donde se constat\u00f3 que existe el material pornogr\u00e1fico infantil, seg\u00fan cita la estatal ABI.<\/p>\n<p>De acuerdo con las investigaciones, el sujeto aprovechaba la confianza de los progenitores de las v\u00edctimas para aislarlos en un espacio cerrado de su domicilio. Ahora, el sospechoso aguarda que de defina su situaci\u00f3n legal.<\/p>\n","protected":false},"excerpt":{"rendered":"<p>Un sujeto que presuntamente abus\u00f3 sexualmente de sus sobrinos en la zona de Achumani en La Paz, para luego grabarlos y publicar las im\u00e1genes en redes sociales, fue aprehendido por agentes de la Fuerza Especial de Lucha Contra el Crimen (Felcc), indic\u00f3 ayer el director de esta repartici\u00f3n policial, Gabriel Neme. El presunto autor es [&hellip;]<\/p>\n","protected":false},"author":1,"featured_media":302341,"comment_status":"closed","ping_status":"open","sticky":false,"template":"","format":"standard","meta":{"_acf_changed":false,"footnotes":""},"categories":[39],"tags":[],"class_list":["post-302340","post","type-post","status-publish","format-standard","has-post-thumbnail","category-sociedad"],"acf":{"antetitulo":"Fue aprehendido"},"yoast_head":"<!-- This site is optimized with the Yoast SEO plugin v28.4 - https:\/\/yoast.com\/product\/yoast-seo-wordpress\/ -->\n<title>Sujeto film\u00f3 y public\u00f3 abusos a sus dos sobrinos en Achumani - El Diario - Bolivia<\/title>\n<meta name=\"robots\" content=\"index, follow, max-snippet:-1, max-image-preview:large, max-video-preview:-1\" \/>\n<link rel=\"canonical\" href=\"https:\/\/www.eldiario.net\/portal\/2025\/05\/15\/sujeto-filmo-y-publico-abusos-a-sus-dos-sobrinos-en-achumani\/\" \/>\n<meta property=\"og:locale\" content=\"es_ES\" \/>\n<meta property=\"og:type\" content=\"article\" \/>\n<meta property=\"og:title\" content=\"Sujeto film\u00f3 y public\u00f3 abusos a sus dos sobrinos en Achumani - El Diario - Bolivia\" \/>\n<meta property=\"og:description\" content=\"Un sujeto que presuntamente abus\u00f3 sexualmente de sus sobrinos en la zona de Achumani en La Paz, para luego grabarlos y publicar las im\u00e1genes en redes sociales, fue aprehendido por agentes de la Fuerza Especial de Lucha Contra el Crimen (Felcc), indic\u00f3 ayer el director de esta repartici\u00f3n policial, Gabriel Neme. El presunto autor es [&hellip;]\" \/>\n<meta property=\"og:url\" content=\"https:\/\/www.eldiario.net\/portal\/2025\/05\/15\/sujeto-filmo-y-publico-abusos-a-sus-dos-sobrinos-en-achumani\/\" \/>\n<meta property=\"og:site_name\" content=\"El Diario - Bolivia\" \/>\n<meta property=\"article:publisher\" content=\"https:\/\/www.facebook.com\/eldiario.bolivia\/\" \/>\n<meta property=\"article:published_time\" content=\"2025-05-15T09:41:01+00:00\" \/>\n<meta property=\"og:image\" content=\"https:\/\/www.eldiario.net\/portal\/wp-content\/uploads\/2025\/05\/INFAN-FOTO.jpg\" \/>\n\t<meta property=\"og:image:width\" content=\"768\" \/>\n\t<meta property=\"og:image:height\" content=\"432\" \/>\n\t<meta property=\"og:image:type\" content=\"image\/jpeg\" \/>\n<meta name=\"author\" content=\"Jeanette\" \/>\n<meta name=\"twitter:card\" content=\"summary_large_image\" \/>\n<meta name=\"twitter:creator\" content=\"@eldiario_net\" \/>\n<meta name=\"twitter:site\" content=\"@eldiario_net\" \/>\n<meta name=\"twitter:label1\" content=\"Escrito por\" \/>\n\t<meta name=\"twitter:data1\" content=\"Jeanette\" \/>\n\t<meta name=\"twitter:label2\" content=\"Tiempo de lectura\" \/>\n\t<meta name=\"twitter:data2\" content=\"2 minutos\" \/>\n<script type=\"application\/ld+json\" class=\"yoast-schema-graph\">{\"@context\":\"https:\\\/\\\/schema.org\",\"@graph\":[{\"@type\":\"Article\",\"@id\":\"https:\\\/\\\/www.eldiario.net\\\/portal\\\/2025\\\/05\\\/15\\\/sujeto-filmo-y-publico-abusos-a-sus-dos-sobrinos-en-achumani\\\/#article\",\"isPartOf\":{\"@id\":\"https:\\\/\\\/www.eldiario.net\\\/portal\\\/2025\\\/05\\\/15\\\/sujeto-filmo-y-publico-abusos-a-sus-dos-sobrinos-en-achumani\\\/\"},\"author\":{\"name\":\"Jeanette\",\"@id\":\"https:\\\/\\\/www.eldiario.net\\\/portal\\\/#\\\/schema\\\/person\\\/2c57cf2b7a7ae032e449e4c9b1019eac\"},\"headline\":\"Sujeto film\u00f3 y public\u00f3 abusos a sus dos sobrinos en Achumani\",\"datePublished\":\"2025-05-15T09:41:01+00:00\",\"mainEntityOfPage\":{\"@id\":\"https:\\\/\\\/www.eldiario.net\\\/portal\\\/2025\\\/05\\\/15\\\/sujeto-filmo-y-publico-abusos-a-sus-dos-sobrinos-en-achumani\\\/\"},\"wordCount\":256,\"publisher\":{\"@id\":\"https:\\\/\\\/www.eldiario.net\\\/portal\\\/#organization\"},\"image\":{\"@id\":\"https:\\\/\\\/www.eldiario.net\\\/portal\\\/2025\\\/05\\\/15\\\/sujeto-filmo-y-publico-abusos-a-sus-dos-sobrinos-en-achumani\\\/#primaryimage\"},\"thumbnailUrl\":\"https:\\\/\\\/www.eldiario.net\\\/portal\\\/wp-content\\\/uploads\\\/2025\\\/05\\\/INFAN-FOTO.jpg\",\"articleSection\":[\"Sociedad - Seguridad\"],\"inLanguage\":\"es\"},{\"@type\":\"WebPage\",\"@id\":\"https:\\\/\\\/www.eldiario.net\\\/portal\\\/2025\\\/05\\\/15\\\/sujeto-filmo-y-publico-abusos-a-sus-dos-sobrinos-en-achumani\\\/\",\"url\":\"https:\\\/\\\/www.eldiario.net\\\/portal\\\/2025\\\/05\\\/15\\\/sujeto-filmo-y-publico-abusos-a-sus-dos-sobrinos-en-achumani\\\/\",\"name\":\"Sujeto film\u00f3 y public\u00f3 abusos a sus dos sobrinos en Achumani - El Diario - Bolivia\",\"isPartOf\":{\"@id\":\"https:\\\/\\\/www.eldiario.net\\\/portal\\\/#website\"},\"primaryImageOfPage\":{\"@id\":\"https:\\\/\\\/www.eldiario.net\\\/portal\\\/2025\\\/05\\\/15\\\/sujeto-filmo-y-publico-abusos-a-sus-dos-sobrinos-en-achumani\\\/#primaryimage\"},\"image\":{\"@id\":\"https:\\\/\\\/www.eldiario.net\\\/portal\\\/2025\\\/05\\\/15\\\/sujeto-filmo-y-publico-abusos-a-sus-dos-sobrinos-en-achumani\\\/#primaryimage\"},\"thumbnailUrl\":\"https:\\\/\\\/www.eldiario.net\\\/portal\\\/wp-content\\\/uploads\\\/2025\\\/05\\\/INFAN-FOTO.jpg\",\"datePublished\":\"2025-05-15T09:41:01+00:00\",\"breadcrumb\":{\"@id\":\"https:\\\/\\\/www.eldiario.net\\\/portal\\\/2025\\\/05\\\/15\\\/sujeto-filmo-y-publico-abusos-a-sus-dos-sobrinos-en-achumani\\\/#breadcrumb\"},\"inLanguage\":\"es\",\"potentialAction\":[{\"@type\":\"ReadAction\",\"target\":[\"https:\\\/\\\/www.eldiario.net\\\/portal\\\/2025\\\/05\\\/15\\\/sujeto-filmo-y-publico-abusos-a-sus-dos-sobrinos-en-achumani\\\/\"]}]},{\"@type\":\"ImageObject\",\"inLanguage\":\"es\",\"@id\":\"https:\\\/\\\/www.eldiario.net\\\/portal\\\/2025\\\/05\\\/15\\\/sujeto-filmo-y-publico-abusos-a-sus-dos-sobrinos-en-achumani\\\/#primaryimage\",\"url\":\"https:\\\/\\\/www.eldiario.net\\\/portal\\\/wp-content\\\/uploads\\\/2025\\\/05\\\/INFAN-FOTO.jpg\",\"contentUrl\":\"https:\\\/\\\/www.eldiario.net\\\/portal\\\/wp-content\\\/uploads\\\/2025\\\/05\\\/INFAN-FOTO.jpg\",\"width\":768,\"height\":432},{\"@type\":\"BreadcrumbList\",\"@id\":\"https:\\\/\\\/www.eldiario.net\\\/portal\\\/2025\\\/05\\\/15\\\/sujeto-filmo-y-publico-abusos-a-sus-dos-sobrinos-en-achumani\\\/#breadcrumb\",\"itemListElement\":[{\"@type\":\"ListItem\",\"position\":1,\"name\":\"Portada\",\"item\":\"https:\\\/\\\/www.eldiario.net\\\/portal\\\/\"},{\"@type\":\"ListItem\",\"position\":2,\"name\":\"Sujeto film\u00f3 y public\u00f3 abusos a sus dos sobrinos en Achumani\"}]},{\"@type\":\"WebSite\",\"@id\":\"https:\\\/\\\/www.eldiario.net\\\/portal\\\/#website\",\"url\":\"https:\\\/\\\/www.eldiario.net\\\/portal\\\/\",\"name\":\"El Diario - Decano de la prensa nacional\",\"description\":\"El Diario - Decano de la prensa nacional\",\"publisher\":{\"@id\":\"https:\\\/\\\/www.eldiario.net\\\/portal\\\/#organization\"},\"potentialAction\":[{\"@type\":\"SearchAction\",\"target\":{\"@type\":\"EntryPoint\",\"urlTemplate\":\"https:\\\/\\\/www.eldiario.net\\\/portal\\\/?s={search_term_string}\"},\"query-input\":{\"@type\":\"PropertyValueSpecification\",\"valueRequired\":true,\"valueName\":\"search_term_string\"}}],\"inLanguage\":\"es\"},{\"@type\":\"Organization\",\"@id\":\"https:\\\/\\\/www.eldiario.net\\\/portal\\\/#organization\",\"name\":\"El Diario - Decano de la prensa nacional\",\"url\":\"https:\\\/\\\/www.eldiario.net\\\/portal\\\/\",\"logo\":{\"@type\":\"ImageObject\",\"inLanguage\":\"es\",\"@id\":\"https:\\\/\\\/www.eldiario.net\\\/portal\\\/#\\\/schema\\\/logo\\\/image\\\/\",\"url\":\"https:\\\/\\\/www.eldiario.net\\\/portal\\\/wp-content\\\/uploads\\\/2023\\\/07\\\/logo_ED.jpg\",\"contentUrl\":\"https:\\\/\\\/www.eldiario.net\\\/portal\\\/wp-content\\\/uploads\\\/2023\\\/07\\\/logo_ED.jpg\",\"width\":272,\"height\":52,\"caption\":\"El Diario - Decano de la prensa nacional\"},\"image\":{\"@id\":\"https:\\\/\\\/www.eldiario.net\\\/portal\\\/#\\\/schema\\\/logo\\\/image\\\/\"},\"sameAs\":[\"https:\\\/\\\/www.facebook.com\\\/eldiario.bolivia\\\/\",\"https:\\\/\\\/x.com\\\/eldiario_net\"]},{\"@type\":\"Person\",\"@id\":\"https:\\\/\\\/www.eldiario.net\\\/portal\\\/#\\\/schema\\\/person\\\/2c57cf2b7a7ae032e449e4c9b1019eac\",\"name\":\"Jeanette\",\"image\":{\"@type\":\"ImageObject\",\"inLanguage\":\"es\",\"@id\":\"https:\\\/\\\/secure.gravatar.com\\\/avatar\\\/3ea2118a5f7dad2b7138b1187a6b7ee55f160b9968b66013c3a3ef39dd7e5798?s=96&d=mm&r=g\",\"url\":\"https:\\\/\\\/secure.gravatar.com\\\/avatar\\\/3ea2118a5f7dad2b7138b1187a6b7ee55f160b9968b66013c3a3ef39dd7e5798?s=96&d=mm&r=g\",\"contentUrl\":\"https:\\\/\\\/secure.gravatar.com\\\/avatar\\\/3ea2118a5f7dad2b7138b1187a6b7ee55f160b9968b66013c3a3ef39dd7e5798?s=96&d=mm&r=g\",\"caption\":\"Jeanette\"},\"sameAs\":[\"https:\\\/\\\/www.eldiario.net\\\/portal\"],\"url\":\"https:\\\/\\\/www.eldiario.net\\\/portal\\\/author\\\/jeanette\\\/\"}]}<\/script>\n<!-- \/ Yoast SEO plugin. -->","yoast_head_json":{"title":"Sujeto film\u00f3 y public\u00f3 abusos a sus dos sobrinos en Achumani - El Diario - Bolivia","robots":{"index":"index","follow":"follow","max-snippet":"max-snippet:-1","max-image-preview":"max-image-preview:large","max-video-preview":"max-video-preview:-1"},"canonical":"https:\/\/www.eldiario.net\/portal\/2025\/05\/15\/sujeto-filmo-y-publico-abusos-a-sus-dos-sobrinos-en-achumani\/","og_locale":"es_ES","og_type":"article","og_title":"Sujeto film\u00f3 y public\u00f3 abusos a sus dos sobrinos en Achumani - El Diario - Bolivia","og_description":"Un sujeto que presuntamente abus\u00f3 sexualmente de sus sobrinos en la zona de Achumani en La Paz, para luego grabarlos y publicar las im\u00e1genes en redes sociales, fue aprehendido por agentes de la Fuerza Especial de Lucha Contra el Crimen (Felcc), indic\u00f3 ayer el director de esta repartici\u00f3n policial, Gabriel Neme. El presunto autor es [&hellip;]","og_url":"https:\/\/www.eldiario.net\/portal\/2025\/05\/15\/sujeto-filmo-y-publico-abusos-a-sus-dos-sobrinos-en-achumani\/","og_site_name":"El Diario - Bolivia","article_publisher":"https:\/\/www.facebook.com\/eldiario.bolivia\/","article_published_time":"2025-05-15T09:41:01+00:00","og_image":[{"width":768,"height":432,"url":"https:\/\/www.eldiario.net\/portal\/wp-content\/uploads\/2025\/05\/INFAN-FOTO.jpg","type":"image\/jpeg"}],"author":"Jeanette","twitter_card":"summary_large_image","twitter_creator":"@eldiario_net","twitter_site":"@eldiario_net","twitter_misc":{"Escrito por":"Jeanette","Tiempo de lectura":"2 minutos"},"schema":{"@context":"https:\/\/schema.org","@graph":[{"@type":"Article","@id":"https:\/\/www.eldiario.net\/portal\/2025\/05\/15\/sujeto-filmo-y-publico-abusos-a-sus-dos-sobrinos-en-achumani\/#article","isPartOf":{"@id":"https:\/\/www.eldiario.net\/portal\/2025\/05\/15\/sujeto-filmo-y-publico-abusos-a-sus-dos-sobrinos-en-achumani\/"},"author":{"name":"Jeanette","@id":"https:\/\/www.eldiario.net\/portal\/#\/schema\/person\/2c57cf2b7a7ae032e449e4c9b1019eac"},"headline":"Sujeto film\u00f3 y public\u00f3 abusos a sus dos sobrinos en Achumani","datePublished":"2025-05-15T09:41:01+00:00","mainEntityOfPage":{"@id":"https:\/\/www.eldiario.net\/portal\/2025\/05\/15\/sujeto-filmo-y-publico-abusos-a-sus-dos-sobrinos-en-achumani\/"},"wordCount":256,"publisher":{"@id":"https:\/\/www.eldiario.net\/portal\/#organization"},"image":{"@id":"https:\/\/www.eldiario.net\/portal\/2025\/05\/15\/sujeto-filmo-y-publico-abusos-a-sus-dos-sobrinos-en-achumani\/#primaryimage"},"thumbnailUrl":"https:\/\/www.eldiario.net\/portal\/wp-content\/uploads\/2025\/05\/INFAN-FOTO.jpg","articleSection":["Sociedad - Seguridad"],"inLanguage":"es"},{"@type":"WebPage","@id":"https:\/\/www.eldiario.net\/portal\/2025\/05\/15\/sujeto-filmo-y-publico-abusos-a-sus-dos-sobrinos-en-achumani\/","url":"https:\/\/www.eldiario.net\/portal\/2025\/05\/15\/sujeto-filmo-y-publico-abusos-a-sus-dos-sobrinos-en-achumani\/","name":"Sujeto film\u00f3 y public\u00f3 abusos a sus dos sobrinos en Achumani - El Diario - Bolivia","isPartOf":{"@id":"https:\/\/www.eldiario.net\/portal\/#website"},"primaryImageOfPage":{"@id":"https:\/\/www.eldiario.net\/portal\/2025\/05\/15\/sujeto-filmo-y-publico-abusos-a-sus-dos-sobrinos-en-achumani\/#primaryimage"},"image":{"@id":"https:\/\/www.eldiario.net\/portal\/2025\/05\/15\/sujeto-filmo-y-publico-abusos-a-sus-dos-sobrinos-en-achumani\/#primaryimage"},"thumbnailUrl":"https:\/\/www.eldiario.net\/portal\/wp-content\/uploads\/2025\/05\/INFAN-FOTO.jpg","datePublished":"2025-05-15T09:41:01+00:00","breadcrumb":{"@id":"https:\/\/www.eldiario.net\/portal\/2025\/05\/15\/sujeto-filmo-y-publico-abusos-a-sus-dos-sobrinos-en-achumani\/#breadcrumb"},"inLanguage":"es","potentialAction":[{"@type":"ReadAction","target":["https:\/\/www.eldiario.net\/portal\/2025\/05\/15\/sujeto-filmo-y-publico-abusos-a-sus-dos-sobrinos-en-achumani\/"]}]},{"@type":"ImageObject","inLanguage":"es","@id":"https:\/\/www.eldiario.net\/portal\/2025\/05\/15\/sujeto-filmo-y-publico-abusos-a-sus-dos-sobrinos-en-achumani\/#primaryimage","url":"https:\/\/www.eldiario.net\/portal\/wp-content\/uploads\/2025\/05\/INFAN-FOTO.jpg","contentUrl":"https:\/\/www.eldiario.net\/portal\/wp-content\/uploads\/2025\/05\/INFAN-FOTO.jpg","width":768,"height":432},{"@type":"BreadcrumbList","@id":"https:\/\/www.eldiario.net\/portal\/2025\/05\/15\/sujeto-filmo-y-publico-abusos-a-sus-dos-sobrinos-en-achumani\/#breadcrumb","itemListElement":[{"@type":"ListItem","position":1,"name":"Portada","item":"https:\/\/www.eldiario.net\/portal\/"},{"@type":"ListItem","position":2,"name":"Sujeto film\u00f3 y public\u00f3 abusos a sus dos sobrinos en Achumani"}]},{"@type":"WebSite","@id":"https:\/\/www.eldiario.net\/portal\/#website","url":"https:\/\/www.eldiario.net\/portal\/","name":"El Diario - Decano de la prensa nacional","description":"El Diario - Decano de la prensa nacional","publisher":{"@id":"https:\/\/www.eldiario.net\/portal\/#organization"},"potentialAction":[{"@type":"SearchAction","target":{"@type":"EntryPoint","urlTemplate":"https:\/\/www.eldiario.net\/portal\/?s={search_term_string}"},"query-input":{"@type":"PropertyValueSpecification","valueRequired":true,"valueName":"search_term_string"}}],"inLanguage":"es"},{"@type":"Organization","@id":"https:\/\/www.eldiario.net\/portal\/#organization","name":"El Diario - Decano de la prensa nacional","url":"https:\/\/www.eldiario.net\/portal\/","logo":{"@type":"ImageObject","inLanguage":"es","@id":"https:\/\/www.eldiario.net\/portal\/#\/schema\/logo\/image\/","url":"https:\/\/www.eldiario.net\/portal\/wp-content\/uploads\/2023\/07\/logo_ED.jpg","contentUrl":"https:\/\/www.eldiario.net\/portal\/wp-content\/uploads\/2023\/07\/logo_ED.jpg","width":272,"height":52,"caption":"El Diario - Decano de la prensa nacional"},"image":{"@id":"https:\/\/www.eldiario.net\/portal\/#\/schema\/logo\/image\/"},"sameAs":["https:\/\/www.facebook.com\/eldiario.bolivia\/","https:\/\/x.com\/eldiario_net"]},{"@type":"Person","@id":"https:\/\/www.eldiario.net\/portal\/#\/schema\/person\/2c57cf2b7a7ae032e449e4c9b1019eac","name":"Jeanette","image":{"@type":"ImageObject","inLanguage":"es","@id":"https:\/\/secure.gravatar.com\/avatar\/3ea2118a5f7dad2b7138b1187a6b7ee55f160b9968b66013c3a3ef39dd7e5798?s=96&d=mm&r=g","url":"https:\/\/secure.gravatar.com\/avatar\/3ea2118a5f7dad2b7138b1187a6b7ee55f160b9968b66013c3a3ef39dd7e5798?s=96&d=mm&r=g","contentUrl":"https:\/\/secure.gravatar.com\/avatar\/3ea2118a5f7dad2b7138b1187a6b7ee55f160b9968b66013c3a3ef39dd7e5798?s=96&d=mm&r=g","caption":"Jeanette"},"sameAs":["https:\/\/www.eldiario.net\/portal"],"url":"https:\/\/www.eldiario.net\/portal\/author\/jeanette\/"}]}},"_links":{"self":[{"href":"https:\/\/www.eldiario.net\/portal\/wp-json\/wp\/v2\/posts\/302340","targetHints":{"allow":["GET"]}}],"collection":[{"href":"https:\/\/www.eldiario.net\/portal\/wp-json\/wp\/v2\/posts"}],"about":[{"href":"https:\/\/www.eldiario.net\/portal\/wp-json\/wp\/v2\/types\/post"}],"author":[{"embeddable":true,"href":"https:\/\/www.eldiario.net\/portal\/wp-json\/wp\/v2\/users\/1"}],"replies":[{"embeddable":true,"href":"https:\/\/www.eldiario.net\/portal\/wp-json\/wp\/v2\/comments?post=302340"}],"version-history":[{"count":1,"href":"https:\/\/www.eldiario.net\/portal\/wp-json\/wp\/v2\/posts\/302340\/revisions"}],"predecessor-version":[{"id":302342,"href":"https:\/\/www.eldiario.net\/portal\/wp-json\/wp\/v2\/posts\/302340\/revisions\/302342"}],"wp:featuredmedia":[{"embeddable":true,"href":"https:\/\/www.eldiario.net\/portal\/wp-json\/wp\/v2\/media\/302341"}],"wp:attachment":[{"href":"https:\/\/www.eldiario.net\/portal\/wp-json\/wp\/v2\/media?parent=302340"}],"wp:term":[{"taxonomy":"category","embeddable":true,"href":"https:\/\/www.eldiario.net\/portal\/wp-json\/wp\/v2\/categories?post=302340"},{"taxonomy":"post_tag","embeddable":true,"href":"https:\/\/www.eldiario.net\/portal\/wp-json\/wp\/v2\/tags?post=302340"}],"curies":[{"name":"wp","href":"https:\/\/api.w.org\/{rel}","templated":true}]}}