{"id":300348,"date":"2025-05-06T06:11:22","date_gmt":"2025-05-06T10:11:22","guid":{"rendered":"https:\/\/www.eldiario.net\/portal\/?p=300348"},"modified":"2025-05-06T06:11:22","modified_gmt":"2025-05-06T10:11:22","slug":"capturan-a-banda-criminal-que-sustrajo-mas-de-bs-700-mil","status":"publish","type":"post","link":"https:\/\/www.eldiario.net\/portal\/2025\/05\/06\/capturan-a-banda-criminal-que-sustrajo-mas-de-bs-700-mil\/","title":{"rendered":"Capturan a banda criminal que  sustrajo m\u00e1s de Bs 700 mil"},"content":{"rendered":"<p>Una banda criminal integrada por ciudadanos extranjeros y una boliviana fue capturada por la Polic\u00eda. De acuerdo con el informe, los delincuentes ser\u00edan responsables del violento robo a una empresa de fideos en la zona Alto de la Alianza, en El Alto, de donde sustrajeron al menos Bs 568 mil, adem\u00e1s, en otro robo que habr\u00edan cometido se llevaron Bs 184.000 de una vivienda.<\/p>\n<p>El viceministro de Seguridad Ciudadana, Roberto R\u00edos, inform\u00f3 que se capturaron a cuatro personas de la organizaci\u00f3n delictiva; dos colombianos, un peruano y una boliviana. Todos son acusados por los delitos de robo agravado y asociaci\u00f3n delictuosa. Los hechos fueron cometidos entre el 19 y 25 de abril de este a\u00f1o, en la urbe alte\u00f1a.<\/p>\n<p>De acuerdo con el informe de la autoridad gubernamental, el primer hecho se produjo en una vivienda del plan 140 en la zona Villa Adela, en tanto que el segundo fue en una casa de la calle Almirante Graun de la zona Alto de la Alianza.<\/p>\n<p>\u201cEl 19 de abril, aproximadamente a las 21:00 horas, (\u2026) se inform\u00f3 que personas habr\u00edan entrado a una vivienda en Villa Adela maniatando a tres adolescentes\u201d, puntualiz\u00f3 R\u00edos.<\/p>\n<p>Explic\u00f3 que para ingresar al domicilio, los malhechores habr\u00edan realizado un agujero que atravesaba la pared. Una vez dentro, redujeron a los habitantes y sustraen la suma de Bs 184 mil, \u201cadem\u00e1s de tres relojes rolex y cassio, as\u00ed como condecoraciones realizadas en oro y diamante\u201d.<\/p>\n<p>El segundo hecho delictivo se suscit\u00f3 el 25 de abril a horas 20:55 donde personal de la Divisi\u00f3n Propiedades de la Fuerza Especial de Lucha Contra El Crimen (Felcc) se constituyeron a la zona Alto de la Alianza, a una empresa de fideos donde encuentran a dos personas enmanilladas y reducidas, quienes \u201crefieren que cinco personas con armas de fuego ingresaron al lugar y sustrajeron 568 mil bolivianos de una caja fuerte\u201d.<\/p>\n<p>Tras investigaciones especiales y desplazamiento de personal policial, adem\u00e1s de colectar declaraciones testificales e im\u00e1genes de c\u00e1maras de videovigilancia tanto del lugar como del ruteo de c\u00e1maras y el cruce de informaci\u00f3n sobre el modus operandi, se logr\u00f3 capturar a integrantes de la organizaci\u00f3n criminal.<\/p>\n<p>El primero en ser identificado y capturado fue Jhonny A. (peruano) quien en su celular ten\u00eda conversaciones mediante WhastApp, con sus c\u00f3mplices. \u201cSe secuestr\u00f3 su aparato y se evidencia que \u00e9ste (sujeto) hab\u00eda sostenido charlas con personas con seud\u00f3nimo caballito, miky, camilo y choco (\u2026) con quienes tendr\u00eda conversaciones haciendo referencia a los hechos delictivos que se hab\u00edan suscitado en inmediaciones de la f\u00e1brica de fideos de la ciudad de El Alto\u201d, manifest\u00f3 el viceministro.<\/p>\n<p>A partir de esos pseud\u00f3nimos se identific\u00f3 a los dem\u00e1s antisociales a \u201cCamilo\u201d, en inmediaciones del telef\u00e9rico naranja de la avenida Perif\u00e9rica y a Juan S. (Choco). Adem\u00e1s, en un domicilio se hall\u00f3 dos armas de fuego, la suma de 20 mil bolivianos, un instrumento para detectar c\u00e1maras de seguridad que tambi\u00e9n permite bloquear la se\u00f1al de internet conocidos como inhibidores de se\u00f1al, tambi\u00e9n se identific\u00f3 la ropa que los delincuentes usaron para cometer el delito.<\/p>\n<p>Tambi\u00e9n se colect\u00f3 un carnet de identidad de Heidy L. \u201cquien ser\u00eda la derrotera, esta mujer seria quien bridaba la informaci\u00f3n sobre los movimientos que se realizaban en inmediaciones de la f\u00e1brica de fideos (\u2026) por lo cual se realiz\u00f3 un operativo para dar con el paradero de la mencionada y aprehenderla a la altura del Multicine de la zona de R\u00edo Seco\u201d, acot\u00f3 R\u00edos.<\/p>\n<p>Tras la audiencia de medidas cautelares, los varones fueron enviados por seis meses al penal de San Pedro, con detenci\u00f3n preventiva. En tanto que la audiencia de la mujer ser\u00e1 hoy. La autoridad gubernamental precis\u00f3 que uno de los antisociales se encuentra hospitalizado debido a que se lesion\u00f3 al intentar huir.<\/p>\n","protected":false},"excerpt":{"rendered":"<p>Una banda criminal integrada por ciudadanos extranjeros y una boliviana fue capturada por la Polic\u00eda. De acuerdo con el informe, los delincuentes ser\u00edan responsables del violento robo a una empresa de fideos en la zona Alto de la Alianza, en El Alto, de donde sustrajeron al menos Bs 568 mil, adem\u00e1s, en otro robo que [&hellip;]<\/p>\n","protected":false},"author":1,"featured_media":300349,"comment_status":"closed","ping_status":"open","sticky":false,"template":"","format":"standard","meta":{"_acf_changed":false,"footnotes":""},"categories":[12],"tags":[],"class_list":["post-300348","post","type-post","status-publish","format-standard","has-post-thumbnail","category-nacional"],"acf":{"antetitulo":"Conformada por extranjeros y una boliviana"},"yoast_head":"<!-- This site is optimized with the Yoast SEO plugin v28.3 - https:\/\/yoast.com\/product\/yoast-seo-wordpress\/ -->\n<title>Capturan a banda criminal que sustrajo m\u00e1s de Bs 700 mil - El Diario - Bolivia<\/title>\n<meta name=\"robots\" content=\"index, follow, max-snippet:-1, max-image-preview:large, max-video-preview:-1\" \/>\n<link rel=\"canonical\" href=\"https:\/\/www.eldiario.net\/portal\/2025\/05\/06\/capturan-a-banda-criminal-que-sustrajo-mas-de-bs-700-mil\/\" \/>\n<meta property=\"og:locale\" content=\"es_ES\" \/>\n<meta property=\"og:type\" content=\"article\" \/>\n<meta property=\"og:title\" content=\"Capturan a banda criminal que sustrajo m\u00e1s de Bs 700 mil - El Diario - Bolivia\" \/>\n<meta property=\"og:description\" content=\"Una banda criminal integrada por ciudadanos extranjeros y una boliviana fue capturada por la Polic\u00eda. De acuerdo con el informe, los delincuentes ser\u00edan responsables del violento robo a una empresa de fideos en la zona Alto de la Alianza, en El Alto, de donde sustrajeron al menos Bs 568 mil, adem\u00e1s, en otro robo que [&hellip;]\" \/>\n<meta property=\"og:url\" content=\"https:\/\/www.eldiario.net\/portal\/2025\/05\/06\/capturan-a-banda-criminal-que-sustrajo-mas-de-bs-700-mil\/\" \/>\n<meta property=\"og:site_name\" content=\"El Diario - Bolivia\" \/>\n<meta property=\"article:publisher\" content=\"https:\/\/www.facebook.com\/eldiario.bolivia\/\" \/>\n<meta property=\"article:published_time\" content=\"2025-05-06T10:11:22+00:00\" \/>\n<meta property=\"og:image\" content=\"https:\/\/www.eldiario.net\/portal\/wp-content\/uploads\/2025\/05\/DELINCUENTES-FOTO.jpeg\" \/>\n\t<meta property=\"og:image:width\" content=\"1075\" \/>\n\t<meta property=\"og:image:height\" content=\"611\" \/>\n\t<meta property=\"og:image:type\" content=\"image\/jpeg\" \/>\n<meta name=\"author\" content=\"Jeanette\" \/>\n<meta name=\"twitter:card\" content=\"summary_large_image\" \/>\n<meta name=\"twitter:creator\" content=\"@eldiario_net\" \/>\n<meta name=\"twitter:site\" content=\"@eldiario_net\" \/>\n<meta name=\"twitter:label1\" content=\"Escrito por\" \/>\n\t<meta name=\"twitter:data1\" content=\"Jeanette\" \/>\n\t<meta name=\"twitter:label2\" content=\"Tiempo de lectura\" \/>\n\t<meta name=\"twitter:data2\" content=\"4 minutos\" \/>\n<script type=\"application\/ld+json\" class=\"yoast-schema-graph\">{\"@context\":\"https:\\\/\\\/schema.org\",\"@graph\":[{\"@type\":\"Article\",\"@id\":\"https:\\\/\\\/www.eldiario.net\\\/portal\\\/2025\\\/05\\\/06\\\/capturan-a-banda-criminal-que-sustrajo-mas-de-bs-700-mil\\\/#article\",\"isPartOf\":{\"@id\":\"https:\\\/\\\/www.eldiario.net\\\/portal\\\/2025\\\/05\\\/06\\\/capturan-a-banda-criminal-que-sustrajo-mas-de-bs-700-mil\\\/\"},\"author\":{\"name\":\"Jeanette\",\"@id\":\"https:\\\/\\\/www.eldiario.net\\\/portal\\\/#\\\/schema\\\/person\\\/f46445640444750d7d753ccd04ae01b7\"},\"headline\":\"Capturan a banda criminal que sustrajo m\u00e1s de Bs 700 mil\",\"datePublished\":\"2025-05-06T10:11:22+00:00\",\"mainEntityOfPage\":{\"@id\":\"https:\\\/\\\/www.eldiario.net\\\/portal\\\/2025\\\/05\\\/06\\\/capturan-a-banda-criminal-que-sustrajo-mas-de-bs-700-mil\\\/\"},\"wordCount\":663,\"publisher\":{\"@id\":\"https:\\\/\\\/www.eldiario.net\\\/portal\\\/#organization\"},\"image\":{\"@id\":\"https:\\\/\\\/www.eldiario.net\\\/portal\\\/2025\\\/05\\\/06\\\/capturan-a-banda-criminal-que-sustrajo-mas-de-bs-700-mil\\\/#primaryimage\"},\"thumbnailUrl\":\"https:\\\/\\\/www.eldiario.net\\\/portal\\\/wp-content\\\/uploads\\\/2025\\\/05\\\/DELINCUENTES-FOTO.jpeg\",\"articleSection\":[\"Nacional\"],\"inLanguage\":\"es\"},{\"@type\":\"WebPage\",\"@id\":\"https:\\\/\\\/www.eldiario.net\\\/portal\\\/2025\\\/05\\\/06\\\/capturan-a-banda-criminal-que-sustrajo-mas-de-bs-700-mil\\\/\",\"url\":\"https:\\\/\\\/www.eldiario.net\\\/portal\\\/2025\\\/05\\\/06\\\/capturan-a-banda-criminal-que-sustrajo-mas-de-bs-700-mil\\\/\",\"name\":\"Capturan a banda criminal que sustrajo m\u00e1s de Bs 700 mil - El Diario - Bolivia\",\"isPartOf\":{\"@id\":\"https:\\\/\\\/www.eldiario.net\\\/portal\\\/#website\"},\"primaryImageOfPage\":{\"@id\":\"https:\\\/\\\/www.eldiario.net\\\/portal\\\/2025\\\/05\\\/06\\\/capturan-a-banda-criminal-que-sustrajo-mas-de-bs-700-mil\\\/#primaryimage\"},\"image\":{\"@id\":\"https:\\\/\\\/www.eldiario.net\\\/portal\\\/2025\\\/05\\\/06\\\/capturan-a-banda-criminal-que-sustrajo-mas-de-bs-700-mil\\\/#primaryimage\"},\"thumbnailUrl\":\"https:\\\/\\\/www.eldiario.net\\\/portal\\\/wp-content\\\/uploads\\\/2025\\\/05\\\/DELINCUENTES-FOTO.jpeg\",\"datePublished\":\"2025-05-06T10:11:22+00:00\",\"breadcrumb\":{\"@id\":\"https:\\\/\\\/www.eldiario.net\\\/portal\\\/2025\\\/05\\\/06\\\/capturan-a-banda-criminal-que-sustrajo-mas-de-bs-700-mil\\\/#breadcrumb\"},\"inLanguage\":\"es\",\"potentialAction\":[{\"@type\":\"ReadAction\",\"target\":[\"https:\\\/\\\/www.eldiario.net\\\/portal\\\/2025\\\/05\\\/06\\\/capturan-a-banda-criminal-que-sustrajo-mas-de-bs-700-mil\\\/\"]}]},{\"@type\":\"ImageObject\",\"inLanguage\":\"es\",\"@id\":\"https:\\\/\\\/www.eldiario.net\\\/portal\\\/2025\\\/05\\\/06\\\/capturan-a-banda-criminal-que-sustrajo-mas-de-bs-700-mil\\\/#primaryimage\",\"url\":\"https:\\\/\\\/www.eldiario.net\\\/portal\\\/wp-content\\\/uploads\\\/2025\\\/05\\\/DELINCUENTES-FOTO.jpeg\",\"contentUrl\":\"https:\\\/\\\/www.eldiario.net\\\/portal\\\/wp-content\\\/uploads\\\/2025\\\/05\\\/DELINCUENTES-FOTO.jpeg\",\"width\":1075,\"height\":611,\"caption\":\"Algunos de los elementos que se colectaron en poder de los delincuentes. Cr\u00e9dito: El Diario\"},{\"@type\":\"BreadcrumbList\",\"@id\":\"https:\\\/\\\/www.eldiario.net\\\/portal\\\/2025\\\/05\\\/06\\\/capturan-a-banda-criminal-que-sustrajo-mas-de-bs-700-mil\\\/#breadcrumb\",\"itemListElement\":[{\"@type\":\"ListItem\",\"position\":1,\"name\":\"Portada\",\"item\":\"https:\\\/\\\/www.eldiario.net\\\/portal\\\/\"},{\"@type\":\"ListItem\",\"position\":2,\"name\":\"Capturan a banda criminal que sustrajo m\u00e1s de Bs 700 mil\"}]},{\"@type\":\"WebSite\",\"@id\":\"https:\\\/\\\/www.eldiario.net\\\/portal\\\/#website\",\"url\":\"https:\\\/\\\/www.eldiario.net\\\/portal\\\/\",\"name\":\"El Diario - Decano de la prensa nacional\",\"description\":\"El Diario - Decano de la prensa nacional\",\"publisher\":{\"@id\":\"https:\\\/\\\/www.eldiario.net\\\/portal\\\/#organization\"},\"potentialAction\":[{\"@type\":\"SearchAction\",\"target\":{\"@type\":\"EntryPoint\",\"urlTemplate\":\"https:\\\/\\\/www.eldiario.net\\\/portal\\\/?s={search_term_string}\"},\"query-input\":{\"@type\":\"PropertyValueSpecification\",\"valueRequired\":true,\"valueName\":\"search_term_string\"}}],\"inLanguage\":\"es\"},{\"@type\":\"Organization\",\"@id\":\"https:\\\/\\\/www.eldiario.net\\\/portal\\\/#organization\",\"name\":\"El Diario - Decano de la prensa nacional\",\"url\":\"https:\\\/\\\/www.eldiario.net\\\/portal\\\/\",\"logo\":{\"@type\":\"ImageObject\",\"inLanguage\":\"es\",\"@id\":\"https:\\\/\\\/www.eldiario.net\\\/portal\\\/#\\\/schema\\\/logo\\\/image\\\/\",\"url\":\"https:\\\/\\\/www.eldiario.net\\\/portal\\\/wp-content\\\/uploads\\\/2023\\\/07\\\/logo_ED.jpg\",\"contentUrl\":\"https:\\\/\\\/www.eldiario.net\\\/portal\\\/wp-content\\\/uploads\\\/2023\\\/07\\\/logo_ED.jpg\",\"width\":272,\"height\":52,\"caption\":\"El Diario - Decano de la prensa nacional\"},\"image\":{\"@id\":\"https:\\\/\\\/www.eldiario.net\\\/portal\\\/#\\\/schema\\\/logo\\\/image\\\/\"},\"sameAs\":[\"https:\\\/\\\/www.facebook.com\\\/eldiario.bolivia\\\/\",\"https:\\\/\\\/x.com\\\/eldiario_net\"]},{\"@type\":\"Person\",\"@id\":\"https:\\\/\\\/www.eldiario.net\\\/portal\\\/#\\\/schema\\\/person\\\/f46445640444750d7d753ccd04ae01b7\",\"name\":\"Jeanette\",\"image\":{\"@type\":\"ImageObject\",\"inLanguage\":\"es\",\"@id\":\"https:\\\/\\\/secure.gravatar.com\\\/avatar\\\/3ea2118a5f7dad2b7138b1187a6b7ee55f160b9968b66013c3a3ef39dd7e5798?s=96&d=mm&r=g\",\"url\":\"https:\\\/\\\/secure.gravatar.com\\\/avatar\\\/3ea2118a5f7dad2b7138b1187a6b7ee55f160b9968b66013c3a3ef39dd7e5798?s=96&d=mm&r=g\",\"contentUrl\":\"https:\\\/\\\/secure.gravatar.com\\\/avatar\\\/3ea2118a5f7dad2b7138b1187a6b7ee55f160b9968b66013c3a3ef39dd7e5798?s=96&d=mm&r=g\",\"caption\":\"Jeanette\"},\"sameAs\":[\"https:\\\/\\\/www.eldiario.net\\\/portal\"],\"url\":\"https:\\\/\\\/www.eldiario.net\\\/portal\\\/author\\\/jeanette\\\/\"}]}<\/script>\n<!-- \/ Yoast SEO plugin. -->","yoast_head_json":{"title":"Capturan a banda criminal que sustrajo m\u00e1s de Bs 700 mil - El Diario - Bolivia","robots":{"index":"index","follow":"follow","max-snippet":"max-snippet:-1","max-image-preview":"max-image-preview:large","max-video-preview":"max-video-preview:-1"},"canonical":"https:\/\/www.eldiario.net\/portal\/2025\/05\/06\/capturan-a-banda-criminal-que-sustrajo-mas-de-bs-700-mil\/","og_locale":"es_ES","og_type":"article","og_title":"Capturan a banda criminal que sustrajo m\u00e1s de Bs 700 mil - El Diario - Bolivia","og_description":"Una banda criminal integrada por ciudadanos extranjeros y una boliviana fue capturada por la Polic\u00eda. De acuerdo con el informe, los delincuentes ser\u00edan responsables del violento robo a una empresa de fideos en la zona Alto de la Alianza, en El Alto, de donde sustrajeron al menos Bs 568 mil, adem\u00e1s, en otro robo que [&hellip;]","og_url":"https:\/\/www.eldiario.net\/portal\/2025\/05\/06\/capturan-a-banda-criminal-que-sustrajo-mas-de-bs-700-mil\/","og_site_name":"El Diario - Bolivia","article_publisher":"https:\/\/www.facebook.com\/eldiario.bolivia\/","article_published_time":"2025-05-06T10:11:22+00:00","og_image":[{"width":1075,"height":611,"url":"https:\/\/www.eldiario.net\/portal\/wp-content\/uploads\/2025\/05\/DELINCUENTES-FOTO.jpeg","type":"image\/jpeg"}],"author":"Jeanette","twitter_card":"summary_large_image","twitter_creator":"@eldiario_net","twitter_site":"@eldiario_net","twitter_misc":{"Escrito por":"Jeanette","Tiempo de lectura":"4 minutos"},"schema":{"@context":"https:\/\/schema.org","@graph":[{"@type":"Article","@id":"https:\/\/www.eldiario.net\/portal\/2025\/05\/06\/capturan-a-banda-criminal-que-sustrajo-mas-de-bs-700-mil\/#article","isPartOf":{"@id":"https:\/\/www.eldiario.net\/portal\/2025\/05\/06\/capturan-a-banda-criminal-que-sustrajo-mas-de-bs-700-mil\/"},"author":{"name":"Jeanette","@id":"https:\/\/www.eldiario.net\/portal\/#\/schema\/person\/f46445640444750d7d753ccd04ae01b7"},"headline":"Capturan a banda criminal que sustrajo m\u00e1s de Bs 700 mil","datePublished":"2025-05-06T10:11:22+00:00","mainEntityOfPage":{"@id":"https:\/\/www.eldiario.net\/portal\/2025\/05\/06\/capturan-a-banda-criminal-que-sustrajo-mas-de-bs-700-mil\/"},"wordCount":663,"publisher":{"@id":"https:\/\/www.eldiario.net\/portal\/#organization"},"image":{"@id":"https:\/\/www.eldiario.net\/portal\/2025\/05\/06\/capturan-a-banda-criminal-que-sustrajo-mas-de-bs-700-mil\/#primaryimage"},"thumbnailUrl":"https:\/\/www.eldiario.net\/portal\/wp-content\/uploads\/2025\/05\/DELINCUENTES-FOTO.jpeg","articleSection":["Nacional"],"inLanguage":"es"},{"@type":"WebPage","@id":"https:\/\/www.eldiario.net\/portal\/2025\/05\/06\/capturan-a-banda-criminal-que-sustrajo-mas-de-bs-700-mil\/","url":"https:\/\/www.eldiario.net\/portal\/2025\/05\/06\/capturan-a-banda-criminal-que-sustrajo-mas-de-bs-700-mil\/","name":"Capturan a banda criminal que sustrajo m\u00e1s de Bs 700 mil - El Diario - Bolivia","isPartOf":{"@id":"https:\/\/www.eldiario.net\/portal\/#website"},"primaryImageOfPage":{"@id":"https:\/\/www.eldiario.net\/portal\/2025\/05\/06\/capturan-a-banda-criminal-que-sustrajo-mas-de-bs-700-mil\/#primaryimage"},"image":{"@id":"https:\/\/www.eldiario.net\/portal\/2025\/05\/06\/capturan-a-banda-criminal-que-sustrajo-mas-de-bs-700-mil\/#primaryimage"},"thumbnailUrl":"https:\/\/www.eldiario.net\/portal\/wp-content\/uploads\/2025\/05\/DELINCUENTES-FOTO.jpeg","datePublished":"2025-05-06T10:11:22+00:00","breadcrumb":{"@id":"https:\/\/www.eldiario.net\/portal\/2025\/05\/06\/capturan-a-banda-criminal-que-sustrajo-mas-de-bs-700-mil\/#breadcrumb"},"inLanguage":"es","potentialAction":[{"@type":"ReadAction","target":["https:\/\/www.eldiario.net\/portal\/2025\/05\/06\/capturan-a-banda-criminal-que-sustrajo-mas-de-bs-700-mil\/"]}]},{"@type":"ImageObject","inLanguage":"es","@id":"https:\/\/www.eldiario.net\/portal\/2025\/05\/06\/capturan-a-banda-criminal-que-sustrajo-mas-de-bs-700-mil\/#primaryimage","url":"https:\/\/www.eldiario.net\/portal\/wp-content\/uploads\/2025\/05\/DELINCUENTES-FOTO.jpeg","contentUrl":"https:\/\/www.eldiario.net\/portal\/wp-content\/uploads\/2025\/05\/DELINCUENTES-FOTO.jpeg","width":1075,"height":611,"caption":"Algunos de los elementos que se colectaron en poder de los delincuentes. Cr\u00e9dito: El Diario"},{"@type":"BreadcrumbList","@id":"https:\/\/www.eldiario.net\/portal\/2025\/05\/06\/capturan-a-banda-criminal-que-sustrajo-mas-de-bs-700-mil\/#breadcrumb","itemListElement":[{"@type":"ListItem","position":1,"name":"Portada","item":"https:\/\/www.eldiario.net\/portal\/"},{"@type":"ListItem","position":2,"name":"Capturan a banda criminal que sustrajo m\u00e1s de Bs 700 mil"}]},{"@type":"WebSite","@id":"https:\/\/www.eldiario.net\/portal\/#website","url":"https:\/\/www.eldiario.net\/portal\/","name":"El Diario - Decano de la prensa nacional","description":"El Diario - Decano de la prensa nacional","publisher":{"@id":"https:\/\/www.eldiario.net\/portal\/#organization"},"potentialAction":[{"@type":"SearchAction","target":{"@type":"EntryPoint","urlTemplate":"https:\/\/www.eldiario.net\/portal\/?s={search_term_string}"},"query-input":{"@type":"PropertyValueSpecification","valueRequired":true,"valueName":"search_term_string"}}],"inLanguage":"es"},{"@type":"Organization","@id":"https:\/\/www.eldiario.net\/portal\/#organization","name":"El Diario - Decano de la prensa nacional","url":"https:\/\/www.eldiario.net\/portal\/","logo":{"@type":"ImageObject","inLanguage":"es","@id":"https:\/\/www.eldiario.net\/portal\/#\/schema\/logo\/image\/","url":"https:\/\/www.eldiario.net\/portal\/wp-content\/uploads\/2023\/07\/logo_ED.jpg","contentUrl":"https:\/\/www.eldiario.net\/portal\/wp-content\/uploads\/2023\/07\/logo_ED.jpg","width":272,"height":52,"caption":"El Diario - Decano de la prensa nacional"},"image":{"@id":"https:\/\/www.eldiario.net\/portal\/#\/schema\/logo\/image\/"},"sameAs":["https:\/\/www.facebook.com\/eldiario.bolivia\/","https:\/\/x.com\/eldiario_net"]},{"@type":"Person","@id":"https:\/\/www.eldiario.net\/portal\/#\/schema\/person\/f46445640444750d7d753ccd04ae01b7","name":"Jeanette","image":{"@type":"ImageObject","inLanguage":"es","@id":"https:\/\/secure.gravatar.com\/avatar\/3ea2118a5f7dad2b7138b1187a6b7ee55f160b9968b66013c3a3ef39dd7e5798?s=96&d=mm&r=g","url":"https:\/\/secure.gravatar.com\/avatar\/3ea2118a5f7dad2b7138b1187a6b7ee55f160b9968b66013c3a3ef39dd7e5798?s=96&d=mm&r=g","contentUrl":"https:\/\/secure.gravatar.com\/avatar\/3ea2118a5f7dad2b7138b1187a6b7ee55f160b9968b66013c3a3ef39dd7e5798?s=96&d=mm&r=g","caption":"Jeanette"},"sameAs":["https:\/\/www.eldiario.net\/portal"],"url":"https:\/\/www.eldiario.net\/portal\/author\/jeanette\/"}]}},"_links":{"self":[{"href":"https:\/\/www.eldiario.net\/portal\/wp-json\/wp\/v2\/posts\/300348","targetHints":{"allow":["GET"]}}],"collection":[{"href":"https:\/\/www.eldiario.net\/portal\/wp-json\/wp\/v2\/posts"}],"about":[{"href":"https:\/\/www.eldiario.net\/portal\/wp-json\/wp\/v2\/types\/post"}],"author":[{"embeddable":true,"href":"https:\/\/www.eldiario.net\/portal\/wp-json\/wp\/v2\/users\/1"}],"replies":[{"embeddable":true,"href":"https:\/\/www.eldiario.net\/portal\/wp-json\/wp\/v2\/comments?post=300348"}],"version-history":[{"count":1,"href":"https:\/\/www.eldiario.net\/portal\/wp-json\/wp\/v2\/posts\/300348\/revisions"}],"predecessor-version":[{"id":300350,"href":"https:\/\/www.eldiario.net\/portal\/wp-json\/wp\/v2\/posts\/300348\/revisions\/300350"}],"wp:featuredmedia":[{"embeddable":true,"href":"https:\/\/www.eldiario.net\/portal\/wp-json\/wp\/v2\/media\/300349"}],"wp:attachment":[{"href":"https:\/\/www.eldiario.net\/portal\/wp-json\/wp\/v2\/media?parent=300348"}],"wp:term":[{"taxonomy":"category","embeddable":true,"href":"https:\/\/www.eldiario.net\/portal\/wp-json\/wp\/v2\/categories?post=300348"},{"taxonomy":"post_tag","embeddable":true,"href":"https:\/\/www.eldiario.net\/portal\/wp-json\/wp\/v2\/tags?post=300348"}],"curies":[{"name":"wp","href":"https:\/\/api.w.org\/{rel}","templated":true}]}}