{"id":300345,"date":"2025-05-06T06:10:33","date_gmt":"2025-05-06T10:10:33","guid":{"rendered":"https:\/\/www.eldiario.net\/portal\/?p=300345"},"modified":"2025-05-06T06:10:33","modified_gmt":"2025-05-06T10:10:33","slug":"cuando-la-ley-se-aplica-por-conveniencia-todos-perdemos","status":"publish","type":"post","link":"https:\/\/www.eldiario.net\/portal\/2025\/05\/06\/cuando-la-ley-se-aplica-por-conveniencia-todos-perdemos\/","title":{"rendered":"\u201cCuando la ley se aplica por  conveniencia, todos perdemos\u201d"},"content":{"rendered":"<p>Luego de la aprehensi\u00f3n de la juez Lilian Moreno y asegurando que el actual sistema judicial es ca\u00f3tico, desordenado y est\u00e1 corrompido por el poder pol\u00edtico, el alcalde de Cochabamba y candidato a la presidencia, Manfred Reyes Villa, se\u00f1al\u00f3 que el pa\u00eds necesita de una urgente transformaci\u00f3n en materia de justicia, garantizando que esta est\u00e9 al servicio de la gente y no del poder.<\/p>\n<p>A trav\u00e9s de sus redes sociales, la autoridad edil cochabambina expreso su preocupaci\u00f3n por el actual estado del sistema judicial en Bolivia, al que calific\u00f3 como \u201ccorrompido, ca\u00f3tico, desordenado y digitado por el poder pol\u00edtico\u201d.<\/p>\n<p>En esa l\u00ednea, repudi\u00f3 el actuar de la jueza que, d\u00edas atr\u00e1s, anul\u00f3 la orden de aprehensi\u00f3n contra Evo Morales, en un claro proceder indebido con el que adem\u00e1s se desconocieron derechos de v\u00edctimas vulnerables y se traslad\u00f3 un proceso a una regi\u00f3n del pa\u00eds en la que \u201cevismo\u201d lo controla todo.<\/p>\n<p>\u201cCuando la ley se aplica seg\u00fan conveniencia, todos perdemos. Bolivia necesita una transformaci\u00f3n urgente del sistema judicial: independiente, humano y al servicio de la gente, no del poder\u201d, sostuvo Reyes Villa.<\/p>\n<p>Ayer, en horas de la ma\u00f1ana, se confirm\u00f3 la aprehensi\u00f3n de la jueza Lilian Moreno en la ciudad de Santa Cruz y su inmediato traslado hasta la Sede de Gobierno, para responder ante la justicia por el presunto delito de prevaricato, esto tras haber anulado una orden de aprehensi\u00f3n contra Morales en el caso que se le sigue por trata de personas.<\/p>\n<p>\u201cOjal\u00e1 que con la misma celeridad aprehendan a Evo y cumpla la norma para no tener privilegiados e intocables en el pa\u00eds\u201d, expres\u00f3 el alcalde cochabambino.<\/p>\n<p>&nbsp;<\/p>\n","protected":false},"excerpt":{"rendered":"<p>Luego de la aprehensi\u00f3n de la juez Lilian Moreno y asegurando que el actual sistema judicial es ca\u00f3tico, desordenado y est\u00e1 corrompido por el poder pol\u00edtico, el alcalde de Cochabamba y candidato a la presidencia, Manfred Reyes Villa, se\u00f1al\u00f3 que el pa\u00eds necesita de una urgente transformaci\u00f3n en materia de justicia, garantizando que esta est\u00e9 [&hellip;]<\/p>\n","protected":false},"author":1,"featured_media":300346,"comment_status":"closed","ping_status":"open","sticky":false,"template":"","format":"standard","meta":{"_acf_changed":false,"footnotes":""},"categories":[14],"tags":[],"class_list":["post-300345","post","type-post","status-publish","format-standard","has-post-thumbnail","category-politica"],"acf":{"antetitulo":"Manfred Reyes Villa afirma"},"yoast_head":"<!-- This site is optimized with the Yoast SEO plugin v28.3 - https:\/\/yoast.com\/product\/yoast-seo-wordpress\/ -->\n<title>\u201cCuando la ley se aplica por conveniencia, todos perdemos\u201d - El Diario - Bolivia<\/title>\n<meta name=\"robots\" content=\"index, follow, max-snippet:-1, max-image-preview:large, max-video-preview:-1\" \/>\n<link rel=\"canonical\" href=\"https:\/\/www.eldiario.net\/portal\/2025\/05\/06\/cuando-la-ley-se-aplica-por-conveniencia-todos-perdemos\/\" \/>\n<meta property=\"og:locale\" content=\"es_ES\" \/>\n<meta property=\"og:type\" content=\"article\" \/>\n<meta property=\"og:title\" content=\"\u201cCuando la ley se aplica por conveniencia, todos perdemos\u201d - El Diario - Bolivia\" \/>\n<meta property=\"og:description\" content=\"Luego de la aprehensi\u00f3n de la juez Lilian Moreno y asegurando que el actual sistema judicial es ca\u00f3tico, desordenado y est\u00e1 corrompido por el poder pol\u00edtico, el alcalde de Cochabamba y candidato a la presidencia, Manfred Reyes Villa, se\u00f1al\u00f3 que el pa\u00eds necesita de una urgente transformaci\u00f3n en materia de justicia, garantizando que esta est\u00e9 [&hellip;]\" \/>\n<meta property=\"og:url\" content=\"https:\/\/www.eldiario.net\/portal\/2025\/05\/06\/cuando-la-ley-se-aplica-por-conveniencia-todos-perdemos\/\" \/>\n<meta property=\"og:site_name\" content=\"El Diario - Bolivia\" \/>\n<meta property=\"article:publisher\" content=\"https:\/\/www.facebook.com\/eldiario.bolivia\/\" \/>\n<meta property=\"article:published_time\" content=\"2025-05-06T10:10:33+00:00\" \/>\n<meta property=\"og:image\" content=\"https:\/\/www.eldiario.net\/portal\/wp-content\/uploads\/2025\/05\/APLICA-FOTO.jpg\" \/>\n\t<meta property=\"og:image:width\" content=\"1496\" \/>\n\t<meta property=\"og:image:height\" content=\"1048\" \/>\n\t<meta property=\"og:image:type\" content=\"image\/jpeg\" \/>\n<meta name=\"author\" content=\"Jeanette\" \/>\n<meta name=\"twitter:card\" content=\"summary_large_image\" \/>\n<meta name=\"twitter:creator\" content=\"@eldiario_net\" \/>\n<meta name=\"twitter:site\" content=\"@eldiario_net\" \/>\n<meta name=\"twitter:label1\" content=\"Escrito por\" \/>\n\t<meta name=\"twitter:data1\" content=\"Jeanette\" \/>\n\t<meta name=\"twitter:label2\" content=\"Tiempo de lectura\" \/>\n\t<meta name=\"twitter:data2\" content=\"2 minutos\" \/>\n<script type=\"application\/ld+json\" class=\"yoast-schema-graph\">{\"@context\":\"https:\\\/\\\/schema.org\",\"@graph\":[{\"@type\":\"Article\",\"@id\":\"https:\\\/\\\/www.eldiario.net\\\/portal\\\/2025\\\/05\\\/06\\\/cuando-la-ley-se-aplica-por-conveniencia-todos-perdemos\\\/#article\",\"isPartOf\":{\"@id\":\"https:\\\/\\\/www.eldiario.net\\\/portal\\\/2025\\\/05\\\/06\\\/cuando-la-ley-se-aplica-por-conveniencia-todos-perdemos\\\/\"},\"author\":{\"name\":\"Jeanette\",\"@id\":\"https:\\\/\\\/www.eldiario.net\\\/portal\\\/#\\\/schema\\\/person\\\/f46445640444750d7d753ccd04ae01b7\"},\"headline\":\"\u201cCuando la ley se aplica por conveniencia, todos perdemos\u201d\",\"datePublished\":\"2025-05-06T10:10:33+00:00\",\"mainEntityOfPage\":{\"@id\":\"https:\\\/\\\/www.eldiario.net\\\/portal\\\/2025\\\/05\\\/06\\\/cuando-la-ley-se-aplica-por-conveniencia-todos-perdemos\\\/\"},\"wordCount\":304,\"publisher\":{\"@id\":\"https:\\\/\\\/www.eldiario.net\\\/portal\\\/#organization\"},\"image\":{\"@id\":\"https:\\\/\\\/www.eldiario.net\\\/portal\\\/2025\\\/05\\\/06\\\/cuando-la-ley-se-aplica-por-conveniencia-todos-perdemos\\\/#primaryimage\"},\"thumbnailUrl\":\"https:\\\/\\\/www.eldiario.net\\\/portal\\\/wp-content\\\/uploads\\\/2025\\\/05\\\/APLICA-FOTO.jpg\",\"articleSection\":[\"Pol\u00edtica\"],\"inLanguage\":\"es\"},{\"@type\":\"WebPage\",\"@id\":\"https:\\\/\\\/www.eldiario.net\\\/portal\\\/2025\\\/05\\\/06\\\/cuando-la-ley-se-aplica-por-conveniencia-todos-perdemos\\\/\",\"url\":\"https:\\\/\\\/www.eldiario.net\\\/portal\\\/2025\\\/05\\\/06\\\/cuando-la-ley-se-aplica-por-conveniencia-todos-perdemos\\\/\",\"name\":\"\u201cCuando la ley se aplica por conveniencia, todos perdemos\u201d - El Diario - Bolivia\",\"isPartOf\":{\"@id\":\"https:\\\/\\\/www.eldiario.net\\\/portal\\\/#website\"},\"primaryImageOfPage\":{\"@id\":\"https:\\\/\\\/www.eldiario.net\\\/portal\\\/2025\\\/05\\\/06\\\/cuando-la-ley-se-aplica-por-conveniencia-todos-perdemos\\\/#primaryimage\"},\"image\":{\"@id\":\"https:\\\/\\\/www.eldiario.net\\\/portal\\\/2025\\\/05\\\/06\\\/cuando-la-ley-se-aplica-por-conveniencia-todos-perdemos\\\/#primaryimage\"},\"thumbnailUrl\":\"https:\\\/\\\/www.eldiario.net\\\/portal\\\/wp-content\\\/uploads\\\/2025\\\/05\\\/APLICA-FOTO.jpg\",\"datePublished\":\"2025-05-06T10:10:33+00:00\",\"breadcrumb\":{\"@id\":\"https:\\\/\\\/www.eldiario.net\\\/portal\\\/2025\\\/05\\\/06\\\/cuando-la-ley-se-aplica-por-conveniencia-todos-perdemos\\\/#breadcrumb\"},\"inLanguage\":\"es\",\"potentialAction\":[{\"@type\":\"ReadAction\",\"target\":[\"https:\\\/\\\/www.eldiario.net\\\/portal\\\/2025\\\/05\\\/06\\\/cuando-la-ley-se-aplica-por-conveniencia-todos-perdemos\\\/\"]}]},{\"@type\":\"ImageObject\",\"inLanguage\":\"es\",\"@id\":\"https:\\\/\\\/www.eldiario.net\\\/portal\\\/2025\\\/05\\\/06\\\/cuando-la-ley-se-aplica-por-conveniencia-todos-perdemos\\\/#primaryimage\",\"url\":\"https:\\\/\\\/www.eldiario.net\\\/portal\\\/wp-content\\\/uploads\\\/2025\\\/05\\\/APLICA-FOTO.jpg\",\"contentUrl\":\"https:\\\/\\\/www.eldiario.net\\\/portal\\\/wp-content\\\/uploads\\\/2025\\\/05\\\/APLICA-FOTO.jpg\",\"width\":1496,\"height\":1048,\"caption\":\"Manfred Reyes Villa, alcalde de Cochabamba. CREDITOS \\\/ RRSS\"},{\"@type\":\"BreadcrumbList\",\"@id\":\"https:\\\/\\\/www.eldiario.net\\\/portal\\\/2025\\\/05\\\/06\\\/cuando-la-ley-se-aplica-por-conveniencia-todos-perdemos\\\/#breadcrumb\",\"itemListElement\":[{\"@type\":\"ListItem\",\"position\":1,\"name\":\"Portada\",\"item\":\"https:\\\/\\\/www.eldiario.net\\\/portal\\\/\"},{\"@type\":\"ListItem\",\"position\":2,\"name\":\"\u201cCuando la ley se aplica por conveniencia, todos perdemos\u201d\"}]},{\"@type\":\"WebSite\",\"@id\":\"https:\\\/\\\/www.eldiario.net\\\/portal\\\/#website\",\"url\":\"https:\\\/\\\/www.eldiario.net\\\/portal\\\/\",\"name\":\"El Diario - Decano de la prensa nacional\",\"description\":\"El Diario - Decano de la prensa nacional\",\"publisher\":{\"@id\":\"https:\\\/\\\/www.eldiario.net\\\/portal\\\/#organization\"},\"potentialAction\":[{\"@type\":\"SearchAction\",\"target\":{\"@type\":\"EntryPoint\",\"urlTemplate\":\"https:\\\/\\\/www.eldiario.net\\\/portal\\\/?s={search_term_string}\"},\"query-input\":{\"@type\":\"PropertyValueSpecification\",\"valueRequired\":true,\"valueName\":\"search_term_string\"}}],\"inLanguage\":\"es\"},{\"@type\":\"Organization\",\"@id\":\"https:\\\/\\\/www.eldiario.net\\\/portal\\\/#organization\",\"name\":\"El Diario - Decano de la prensa nacional\",\"url\":\"https:\\\/\\\/www.eldiario.net\\\/portal\\\/\",\"logo\":{\"@type\":\"ImageObject\",\"inLanguage\":\"es\",\"@id\":\"https:\\\/\\\/www.eldiario.net\\\/portal\\\/#\\\/schema\\\/logo\\\/image\\\/\",\"url\":\"https:\\\/\\\/www.eldiario.net\\\/portal\\\/wp-content\\\/uploads\\\/2023\\\/07\\\/logo_ED.jpg\",\"contentUrl\":\"https:\\\/\\\/www.eldiario.net\\\/portal\\\/wp-content\\\/uploads\\\/2023\\\/07\\\/logo_ED.jpg\",\"width\":272,\"height\":52,\"caption\":\"El Diario - Decano de la prensa nacional\"},\"image\":{\"@id\":\"https:\\\/\\\/www.eldiario.net\\\/portal\\\/#\\\/schema\\\/logo\\\/image\\\/\"},\"sameAs\":[\"https:\\\/\\\/www.facebook.com\\\/eldiario.bolivia\\\/\",\"https:\\\/\\\/x.com\\\/eldiario_net\"]},{\"@type\":\"Person\",\"@id\":\"https:\\\/\\\/www.eldiario.net\\\/portal\\\/#\\\/schema\\\/person\\\/f46445640444750d7d753ccd04ae01b7\",\"name\":\"Jeanette\",\"image\":{\"@type\":\"ImageObject\",\"inLanguage\":\"es\",\"@id\":\"https:\\\/\\\/secure.gravatar.com\\\/avatar\\\/3ea2118a5f7dad2b7138b1187a6b7ee55f160b9968b66013c3a3ef39dd7e5798?s=96&d=mm&r=g\",\"url\":\"https:\\\/\\\/secure.gravatar.com\\\/avatar\\\/3ea2118a5f7dad2b7138b1187a6b7ee55f160b9968b66013c3a3ef39dd7e5798?s=96&d=mm&r=g\",\"contentUrl\":\"https:\\\/\\\/secure.gravatar.com\\\/avatar\\\/3ea2118a5f7dad2b7138b1187a6b7ee55f160b9968b66013c3a3ef39dd7e5798?s=96&d=mm&r=g\",\"caption\":\"Jeanette\"},\"sameAs\":[\"https:\\\/\\\/www.eldiario.net\\\/portal\"],\"url\":\"https:\\\/\\\/www.eldiario.net\\\/portal\\\/author\\\/jeanette\\\/\"}]}<\/script>\n<!-- \/ Yoast SEO plugin. -->","yoast_head_json":{"title":"\u201cCuando la ley se aplica por conveniencia, todos perdemos\u201d - El Diario - Bolivia","robots":{"index":"index","follow":"follow","max-snippet":"max-snippet:-1","max-image-preview":"max-image-preview:large","max-video-preview":"max-video-preview:-1"},"canonical":"https:\/\/www.eldiario.net\/portal\/2025\/05\/06\/cuando-la-ley-se-aplica-por-conveniencia-todos-perdemos\/","og_locale":"es_ES","og_type":"article","og_title":"\u201cCuando la ley se aplica por conveniencia, todos perdemos\u201d - El Diario - Bolivia","og_description":"Luego de la aprehensi\u00f3n de la juez Lilian Moreno y asegurando que el actual sistema judicial es ca\u00f3tico, desordenado y est\u00e1 corrompido por el poder pol\u00edtico, el alcalde de Cochabamba y candidato a la presidencia, Manfred Reyes Villa, se\u00f1al\u00f3 que el pa\u00eds necesita de una urgente transformaci\u00f3n en materia de justicia, garantizando que esta est\u00e9 [&hellip;]","og_url":"https:\/\/www.eldiario.net\/portal\/2025\/05\/06\/cuando-la-ley-se-aplica-por-conveniencia-todos-perdemos\/","og_site_name":"El Diario - Bolivia","article_publisher":"https:\/\/www.facebook.com\/eldiario.bolivia\/","article_published_time":"2025-05-06T10:10:33+00:00","og_image":[{"width":1496,"height":1048,"url":"https:\/\/www.eldiario.net\/portal\/wp-content\/uploads\/2025\/05\/APLICA-FOTO.jpg","type":"image\/jpeg"}],"author":"Jeanette","twitter_card":"summary_large_image","twitter_creator":"@eldiario_net","twitter_site":"@eldiario_net","twitter_misc":{"Escrito por":"Jeanette","Tiempo de lectura":"2 minutos"},"schema":{"@context":"https:\/\/schema.org","@graph":[{"@type":"Article","@id":"https:\/\/www.eldiario.net\/portal\/2025\/05\/06\/cuando-la-ley-se-aplica-por-conveniencia-todos-perdemos\/#article","isPartOf":{"@id":"https:\/\/www.eldiario.net\/portal\/2025\/05\/06\/cuando-la-ley-se-aplica-por-conveniencia-todos-perdemos\/"},"author":{"name":"Jeanette","@id":"https:\/\/www.eldiario.net\/portal\/#\/schema\/person\/f46445640444750d7d753ccd04ae01b7"},"headline":"\u201cCuando la ley se aplica por conveniencia, todos perdemos\u201d","datePublished":"2025-05-06T10:10:33+00:00","mainEntityOfPage":{"@id":"https:\/\/www.eldiario.net\/portal\/2025\/05\/06\/cuando-la-ley-se-aplica-por-conveniencia-todos-perdemos\/"},"wordCount":304,"publisher":{"@id":"https:\/\/www.eldiario.net\/portal\/#organization"},"image":{"@id":"https:\/\/www.eldiario.net\/portal\/2025\/05\/06\/cuando-la-ley-se-aplica-por-conveniencia-todos-perdemos\/#primaryimage"},"thumbnailUrl":"https:\/\/www.eldiario.net\/portal\/wp-content\/uploads\/2025\/05\/APLICA-FOTO.jpg","articleSection":["Pol\u00edtica"],"inLanguage":"es"},{"@type":"WebPage","@id":"https:\/\/www.eldiario.net\/portal\/2025\/05\/06\/cuando-la-ley-se-aplica-por-conveniencia-todos-perdemos\/","url":"https:\/\/www.eldiario.net\/portal\/2025\/05\/06\/cuando-la-ley-se-aplica-por-conveniencia-todos-perdemos\/","name":"\u201cCuando la ley se aplica por conveniencia, todos perdemos\u201d - El Diario - Bolivia","isPartOf":{"@id":"https:\/\/www.eldiario.net\/portal\/#website"},"primaryImageOfPage":{"@id":"https:\/\/www.eldiario.net\/portal\/2025\/05\/06\/cuando-la-ley-se-aplica-por-conveniencia-todos-perdemos\/#primaryimage"},"image":{"@id":"https:\/\/www.eldiario.net\/portal\/2025\/05\/06\/cuando-la-ley-se-aplica-por-conveniencia-todos-perdemos\/#primaryimage"},"thumbnailUrl":"https:\/\/www.eldiario.net\/portal\/wp-content\/uploads\/2025\/05\/APLICA-FOTO.jpg","datePublished":"2025-05-06T10:10:33+00:00","breadcrumb":{"@id":"https:\/\/www.eldiario.net\/portal\/2025\/05\/06\/cuando-la-ley-se-aplica-por-conveniencia-todos-perdemos\/#breadcrumb"},"inLanguage":"es","potentialAction":[{"@type":"ReadAction","target":["https:\/\/www.eldiario.net\/portal\/2025\/05\/06\/cuando-la-ley-se-aplica-por-conveniencia-todos-perdemos\/"]}]},{"@type":"ImageObject","inLanguage":"es","@id":"https:\/\/www.eldiario.net\/portal\/2025\/05\/06\/cuando-la-ley-se-aplica-por-conveniencia-todos-perdemos\/#primaryimage","url":"https:\/\/www.eldiario.net\/portal\/wp-content\/uploads\/2025\/05\/APLICA-FOTO.jpg","contentUrl":"https:\/\/www.eldiario.net\/portal\/wp-content\/uploads\/2025\/05\/APLICA-FOTO.jpg","width":1496,"height":1048,"caption":"Manfred Reyes Villa, alcalde de Cochabamba. CREDITOS \/ RRSS"},{"@type":"BreadcrumbList","@id":"https:\/\/www.eldiario.net\/portal\/2025\/05\/06\/cuando-la-ley-se-aplica-por-conveniencia-todos-perdemos\/#breadcrumb","itemListElement":[{"@type":"ListItem","position":1,"name":"Portada","item":"https:\/\/www.eldiario.net\/portal\/"},{"@type":"ListItem","position":2,"name":"\u201cCuando la ley se aplica por conveniencia, todos perdemos\u201d"}]},{"@type":"WebSite","@id":"https:\/\/www.eldiario.net\/portal\/#website","url":"https:\/\/www.eldiario.net\/portal\/","name":"El Diario - Decano de la prensa nacional","description":"El Diario - Decano de la prensa nacional","publisher":{"@id":"https:\/\/www.eldiario.net\/portal\/#organization"},"potentialAction":[{"@type":"SearchAction","target":{"@type":"EntryPoint","urlTemplate":"https:\/\/www.eldiario.net\/portal\/?s={search_term_string}"},"query-input":{"@type":"PropertyValueSpecification","valueRequired":true,"valueName":"search_term_string"}}],"inLanguage":"es"},{"@type":"Organization","@id":"https:\/\/www.eldiario.net\/portal\/#organization","name":"El Diario - Decano de la prensa nacional","url":"https:\/\/www.eldiario.net\/portal\/","logo":{"@type":"ImageObject","inLanguage":"es","@id":"https:\/\/www.eldiario.net\/portal\/#\/schema\/logo\/image\/","url":"https:\/\/www.eldiario.net\/portal\/wp-content\/uploads\/2023\/07\/logo_ED.jpg","contentUrl":"https:\/\/www.eldiario.net\/portal\/wp-content\/uploads\/2023\/07\/logo_ED.jpg","width":272,"height":52,"caption":"El Diario - Decano de la prensa nacional"},"image":{"@id":"https:\/\/www.eldiario.net\/portal\/#\/schema\/logo\/image\/"},"sameAs":["https:\/\/www.facebook.com\/eldiario.bolivia\/","https:\/\/x.com\/eldiario_net"]},{"@type":"Person","@id":"https:\/\/www.eldiario.net\/portal\/#\/schema\/person\/f46445640444750d7d753ccd04ae01b7","name":"Jeanette","image":{"@type":"ImageObject","inLanguage":"es","@id":"https:\/\/secure.gravatar.com\/avatar\/3ea2118a5f7dad2b7138b1187a6b7ee55f160b9968b66013c3a3ef39dd7e5798?s=96&d=mm&r=g","url":"https:\/\/secure.gravatar.com\/avatar\/3ea2118a5f7dad2b7138b1187a6b7ee55f160b9968b66013c3a3ef39dd7e5798?s=96&d=mm&r=g","contentUrl":"https:\/\/secure.gravatar.com\/avatar\/3ea2118a5f7dad2b7138b1187a6b7ee55f160b9968b66013c3a3ef39dd7e5798?s=96&d=mm&r=g","caption":"Jeanette"},"sameAs":["https:\/\/www.eldiario.net\/portal"],"url":"https:\/\/www.eldiario.net\/portal\/author\/jeanette\/"}]}},"_links":{"self":[{"href":"https:\/\/www.eldiario.net\/portal\/wp-json\/wp\/v2\/posts\/300345","targetHints":{"allow":["GET"]}}],"collection":[{"href":"https:\/\/www.eldiario.net\/portal\/wp-json\/wp\/v2\/posts"}],"about":[{"href":"https:\/\/www.eldiario.net\/portal\/wp-json\/wp\/v2\/types\/post"}],"author":[{"embeddable":true,"href":"https:\/\/www.eldiario.net\/portal\/wp-json\/wp\/v2\/users\/1"}],"replies":[{"embeddable":true,"href":"https:\/\/www.eldiario.net\/portal\/wp-json\/wp\/v2\/comments?post=300345"}],"version-history":[{"count":1,"href":"https:\/\/www.eldiario.net\/portal\/wp-json\/wp\/v2\/posts\/300345\/revisions"}],"predecessor-version":[{"id":300347,"href":"https:\/\/www.eldiario.net\/portal\/wp-json\/wp\/v2\/posts\/300345\/revisions\/300347"}],"wp:featuredmedia":[{"embeddable":true,"href":"https:\/\/www.eldiario.net\/portal\/wp-json\/wp\/v2\/media\/300346"}],"wp:attachment":[{"href":"https:\/\/www.eldiario.net\/portal\/wp-json\/wp\/v2\/media?parent=300345"}],"wp:term":[{"taxonomy":"category","embeddable":true,"href":"https:\/\/www.eldiario.net\/portal\/wp-json\/wp\/v2\/categories?post=300345"},{"taxonomy":"post_tag","embeddable":true,"href":"https:\/\/www.eldiario.net\/portal\/wp-json\/wp\/v2\/tags?post=300345"}],"curies":[{"name":"wp","href":"https:\/\/api.w.org\/{rel}","templated":true}]}}