{"id":300327,"date":"2025-05-06T06:06:28","date_gmt":"2025-05-06T10:06:28","guid":{"rendered":"https:\/\/www.eldiario.net\/portal\/?p=300327"},"modified":"2025-05-06T06:06:28","modified_gmt":"2025-05-06T10:06:28","slug":"pueblos-indigenas-no-podran-inscribir-candidatos-propios-para-las-elecciones","status":"publish","type":"post","link":"https:\/\/www.eldiario.net\/portal\/2025\/05\/06\/pueblos-indigenas-no-podran-inscribir-candidatos-propios-para-las-elecciones\/","title":{"rendered":"Pueblos ind\u00edgenas no podr\u00e1n inscribir candidatos propios para las elecciones"},"content":{"rendered":"<p>Los pueblos ind\u00edgenas originarios campesinos no podr\u00e1n presentar candidatos propios para las elecciones generales 2025, por determinaci\u00f3n de la Sala Plena del Tribunal Supremo Electoral (TSE), inform\u00f3 el vocal Tahuichi Tahuchi.<\/p>\n<p>El vocal electoral cuestion\u00f3 la decisi\u00f3n asumida por la mayor\u00eda de sus colegas del TSE y lo consider\u00f3 como el d\u00eda \u201cm\u00e1s oscuro\u201d y \u201ctriste\u201d en contra de los pueblos ind\u00edgenas que buscaban participar de los comicios sin la necesidad de ser parte de alguna sigla pol\u00edtica.<\/p>\n<p>\u201cSe impuso la mayor\u00eda (en la Sala Plena) y se neg\u00f3 este derecho a los pueblos ind\u00edgenas y m\u00e1s a\u00fan, quiero denunciar que se comete un acto de discriminaci\u00f3n\u201d, lament\u00f3.<\/p>\n<p>De los seis vocales del TSE, cuatro negaron el pedido y solo dos apoyaron que participen la Confederaci\u00f3n de Pueblos Ind\u00edgenas del Oriente Boliviano (Cidob), la Confederaci\u00f3n Nacional de Ind\u00edgenas Originarios de Bolivia (Coniob), y el Concejo Nacional de Suyus Aymaras y Quechuas del Qullasuyo, Pueblos Ind\u00edgenas Originarios (Consaq \u2013 Bolivia).<\/p>\n<p>Tahuichi consider\u00f3 que los art\u00edculos 5 y 15 de la Ley 1096 de Organizaciones Pol\u00edticas -que tild\u00f3 como \u201cley maldita\u201d- restringe la participaci\u00f3n a los pueblos ind\u00edgenas y sugiri\u00f3 que debe ser \u201creparado urgentemente\u201d. (Erbol)<\/p>\n","protected":false},"excerpt":{"rendered":"<p>Los pueblos ind\u00edgenas originarios campesinos no podr\u00e1n presentar candidatos propios para las elecciones generales 2025, por determinaci\u00f3n de la Sala Plena del Tribunal Supremo Electoral (TSE), inform\u00f3 el vocal Tahuichi Tahuchi. El vocal electoral cuestion\u00f3 la decisi\u00f3n asumida por la mayor\u00eda de sus colegas del TSE y lo consider\u00f3 como el d\u00eda \u201cm\u00e1s oscuro\u201d y [&hellip;]<\/p>\n","protected":false},"author":1,"featured_media":300328,"comment_status":"closed","ping_status":"open","sticky":false,"template":"","format":"standard","meta":{"_acf_changed":false,"footnotes":""},"categories":[15],"tags":[],"class_list":["post-300327","post","type-post","status-publish","format-standard","has-post-thumbnail","category-portada"],"acf":{"antetitulo":""},"yoast_head":"<!-- This site is optimized with the Yoast SEO plugin v28.3 - https:\/\/yoast.com\/product\/yoast-seo-wordpress\/ -->\n<title>Pueblos ind\u00edgenas no podr\u00e1n inscribir candidatos propios para las elecciones - El Diario - Bolivia<\/title>\n<meta name=\"robots\" content=\"index, follow, max-snippet:-1, max-image-preview:large, max-video-preview:-1\" \/>\n<link rel=\"canonical\" href=\"https:\/\/www.eldiario.net\/portal\/2025\/05\/06\/pueblos-indigenas-no-podran-inscribir-candidatos-propios-para-las-elecciones\/\" \/>\n<meta property=\"og:locale\" content=\"es_ES\" \/>\n<meta property=\"og:type\" content=\"article\" \/>\n<meta property=\"og:title\" content=\"Pueblos ind\u00edgenas no podr\u00e1n inscribir candidatos propios para las elecciones - El Diario - Bolivia\" \/>\n<meta property=\"og:description\" content=\"Los pueblos ind\u00edgenas originarios campesinos no podr\u00e1n presentar candidatos propios para las elecciones generales 2025, por determinaci\u00f3n de la Sala Plena del Tribunal Supremo Electoral (TSE), inform\u00f3 el vocal Tahuichi Tahuchi. El vocal electoral cuestion\u00f3 la decisi\u00f3n asumida por la mayor\u00eda de sus colegas del TSE y lo consider\u00f3 como el d\u00eda \u201cm\u00e1s oscuro\u201d y [&hellip;]\" \/>\n<meta property=\"og:url\" content=\"https:\/\/www.eldiario.net\/portal\/2025\/05\/06\/pueblos-indigenas-no-podran-inscribir-candidatos-propios-para-las-elecciones\/\" \/>\n<meta property=\"og:site_name\" content=\"El Diario - Bolivia\" \/>\n<meta property=\"article:publisher\" content=\"https:\/\/www.facebook.com\/eldiario.bolivia\/\" \/>\n<meta property=\"article:published_time\" content=\"2025-05-06T10:06:28+00:00\" \/>\n<meta property=\"og:image\" content=\"https:\/\/www.eldiario.net\/portal\/wp-content\/uploads\/2025\/05\/AZUL-FOTO.jpg\" \/>\n\t<meta property=\"og:image:width\" content=\"1200\" \/>\n\t<meta property=\"og:image:height\" content=\"675\" \/>\n\t<meta property=\"og:image:type\" content=\"image\/jpeg\" \/>\n<meta name=\"author\" content=\"Jeanette\" \/>\n<meta name=\"twitter:card\" content=\"summary_large_image\" \/>\n<meta name=\"twitter:creator\" content=\"@eldiario_net\" \/>\n<meta name=\"twitter:site\" content=\"@eldiario_net\" \/>\n<meta name=\"twitter:label1\" content=\"Escrito por\" \/>\n\t<meta name=\"twitter:data1\" content=\"Jeanette\" \/>\n\t<meta name=\"twitter:label2\" content=\"Tiempo de lectura\" \/>\n\t<meta name=\"twitter:data2\" content=\"2 minutos\" \/>\n<script type=\"application\/ld+json\" class=\"yoast-schema-graph\">{\"@context\":\"https:\\\/\\\/schema.org\",\"@graph\":[{\"@type\":\"Article\",\"@id\":\"https:\\\/\\\/www.eldiario.net\\\/portal\\\/2025\\\/05\\\/06\\\/pueblos-indigenas-no-podran-inscribir-candidatos-propios-para-las-elecciones\\\/#article\",\"isPartOf\":{\"@id\":\"https:\\\/\\\/www.eldiario.net\\\/portal\\\/2025\\\/05\\\/06\\\/pueblos-indigenas-no-podran-inscribir-candidatos-propios-para-las-elecciones\\\/\"},\"author\":{\"name\":\"Jeanette\",\"@id\":\"https:\\\/\\\/www.eldiario.net\\\/portal\\\/#\\\/schema\\\/person\\\/f46445640444750d7d753ccd04ae01b7\"},\"headline\":\"Pueblos ind\u00edgenas no podr\u00e1n inscribir candidatos propios para las elecciones\",\"datePublished\":\"2025-05-06T10:06:28+00:00\",\"mainEntityOfPage\":{\"@id\":\"https:\\\/\\\/www.eldiario.net\\\/portal\\\/2025\\\/05\\\/06\\\/pueblos-indigenas-no-podran-inscribir-candidatos-propios-para-las-elecciones\\\/\"},\"wordCount\":225,\"publisher\":{\"@id\":\"https:\\\/\\\/www.eldiario.net\\\/portal\\\/#organization\"},\"image\":{\"@id\":\"https:\\\/\\\/www.eldiario.net\\\/portal\\\/2025\\\/05\\\/06\\\/pueblos-indigenas-no-podran-inscribir-candidatos-propios-para-las-elecciones\\\/#primaryimage\"},\"thumbnailUrl\":\"https:\\\/\\\/www.eldiario.net\\\/portal\\\/wp-content\\\/uploads\\\/2025\\\/05\\\/AZUL-FOTO.jpg\",\"articleSection\":[\"Portada\"],\"inLanguage\":\"es\"},{\"@type\":\"WebPage\",\"@id\":\"https:\\\/\\\/www.eldiario.net\\\/portal\\\/2025\\\/05\\\/06\\\/pueblos-indigenas-no-podran-inscribir-candidatos-propios-para-las-elecciones\\\/\",\"url\":\"https:\\\/\\\/www.eldiario.net\\\/portal\\\/2025\\\/05\\\/06\\\/pueblos-indigenas-no-podran-inscribir-candidatos-propios-para-las-elecciones\\\/\",\"name\":\"Pueblos ind\u00edgenas no podr\u00e1n inscribir candidatos propios para las elecciones - El Diario - Bolivia\",\"isPartOf\":{\"@id\":\"https:\\\/\\\/www.eldiario.net\\\/portal\\\/#website\"},\"primaryImageOfPage\":{\"@id\":\"https:\\\/\\\/www.eldiario.net\\\/portal\\\/2025\\\/05\\\/06\\\/pueblos-indigenas-no-podran-inscribir-candidatos-propios-para-las-elecciones\\\/#primaryimage\"},\"image\":{\"@id\":\"https:\\\/\\\/www.eldiario.net\\\/portal\\\/2025\\\/05\\\/06\\\/pueblos-indigenas-no-podran-inscribir-candidatos-propios-para-las-elecciones\\\/#primaryimage\"},\"thumbnailUrl\":\"https:\\\/\\\/www.eldiario.net\\\/portal\\\/wp-content\\\/uploads\\\/2025\\\/05\\\/AZUL-FOTO.jpg\",\"datePublished\":\"2025-05-06T10:06:28+00:00\",\"breadcrumb\":{\"@id\":\"https:\\\/\\\/www.eldiario.net\\\/portal\\\/2025\\\/05\\\/06\\\/pueblos-indigenas-no-podran-inscribir-candidatos-propios-para-las-elecciones\\\/#breadcrumb\"},\"inLanguage\":\"es\",\"potentialAction\":[{\"@type\":\"ReadAction\",\"target\":[\"https:\\\/\\\/www.eldiario.net\\\/portal\\\/2025\\\/05\\\/06\\\/pueblos-indigenas-no-podran-inscribir-candidatos-propios-para-las-elecciones\\\/\"]}]},{\"@type\":\"ImageObject\",\"inLanguage\":\"es\",\"@id\":\"https:\\\/\\\/www.eldiario.net\\\/portal\\\/2025\\\/05\\\/06\\\/pueblos-indigenas-no-podran-inscribir-candidatos-propios-para-las-elecciones\\\/#primaryimage\",\"url\":\"https:\\\/\\\/www.eldiario.net\\\/portal\\\/wp-content\\\/uploads\\\/2025\\\/05\\\/AZUL-FOTO.jpg\",\"contentUrl\":\"https:\\\/\\\/www.eldiario.net\\\/portal\\\/wp-content\\\/uploads\\\/2025\\\/05\\\/AZUL-FOTO.jpg\",\"width\":1200,\"height\":675,\"caption\":\"Una protesta pasada de la Coniob en el TSE. Foto: Coniob Lunes, 05 de Mayo del 2025 Facebook Twitter WhatsApp\"},{\"@type\":\"BreadcrumbList\",\"@id\":\"https:\\\/\\\/www.eldiario.net\\\/portal\\\/2025\\\/05\\\/06\\\/pueblos-indigenas-no-podran-inscribir-candidatos-propios-para-las-elecciones\\\/#breadcrumb\",\"itemListElement\":[{\"@type\":\"ListItem\",\"position\":1,\"name\":\"Portada\",\"item\":\"https:\\\/\\\/www.eldiario.net\\\/portal\\\/\"},{\"@type\":\"ListItem\",\"position\":2,\"name\":\"Pueblos ind\u00edgenas no podr\u00e1n inscribir candidatos propios para las elecciones\"}]},{\"@type\":\"WebSite\",\"@id\":\"https:\\\/\\\/www.eldiario.net\\\/portal\\\/#website\",\"url\":\"https:\\\/\\\/www.eldiario.net\\\/portal\\\/\",\"name\":\"El Diario - Decano de la prensa nacional\",\"description\":\"El Diario - Decano de la prensa nacional\",\"publisher\":{\"@id\":\"https:\\\/\\\/www.eldiario.net\\\/portal\\\/#organization\"},\"potentialAction\":[{\"@type\":\"SearchAction\",\"target\":{\"@type\":\"EntryPoint\",\"urlTemplate\":\"https:\\\/\\\/www.eldiario.net\\\/portal\\\/?s={search_term_string}\"},\"query-input\":{\"@type\":\"PropertyValueSpecification\",\"valueRequired\":true,\"valueName\":\"search_term_string\"}}],\"inLanguage\":\"es\"},{\"@type\":\"Organization\",\"@id\":\"https:\\\/\\\/www.eldiario.net\\\/portal\\\/#organization\",\"name\":\"El Diario - Decano de la prensa nacional\",\"url\":\"https:\\\/\\\/www.eldiario.net\\\/portal\\\/\",\"logo\":{\"@type\":\"ImageObject\",\"inLanguage\":\"es\",\"@id\":\"https:\\\/\\\/www.eldiario.net\\\/portal\\\/#\\\/schema\\\/logo\\\/image\\\/\",\"url\":\"https:\\\/\\\/www.eldiario.net\\\/portal\\\/wp-content\\\/uploads\\\/2023\\\/07\\\/logo_ED.jpg\",\"contentUrl\":\"https:\\\/\\\/www.eldiario.net\\\/portal\\\/wp-content\\\/uploads\\\/2023\\\/07\\\/logo_ED.jpg\",\"width\":272,\"height\":52,\"caption\":\"El Diario - Decano de la prensa nacional\"},\"image\":{\"@id\":\"https:\\\/\\\/www.eldiario.net\\\/portal\\\/#\\\/schema\\\/logo\\\/image\\\/\"},\"sameAs\":[\"https:\\\/\\\/www.facebook.com\\\/eldiario.bolivia\\\/\",\"https:\\\/\\\/x.com\\\/eldiario_net\"]},{\"@type\":\"Person\",\"@id\":\"https:\\\/\\\/www.eldiario.net\\\/portal\\\/#\\\/schema\\\/person\\\/f46445640444750d7d753ccd04ae01b7\",\"name\":\"Jeanette\",\"image\":{\"@type\":\"ImageObject\",\"inLanguage\":\"es\",\"@id\":\"https:\\\/\\\/secure.gravatar.com\\\/avatar\\\/3ea2118a5f7dad2b7138b1187a6b7ee55f160b9968b66013c3a3ef39dd7e5798?s=96&d=mm&r=g\",\"url\":\"https:\\\/\\\/secure.gravatar.com\\\/avatar\\\/3ea2118a5f7dad2b7138b1187a6b7ee55f160b9968b66013c3a3ef39dd7e5798?s=96&d=mm&r=g\",\"contentUrl\":\"https:\\\/\\\/secure.gravatar.com\\\/avatar\\\/3ea2118a5f7dad2b7138b1187a6b7ee55f160b9968b66013c3a3ef39dd7e5798?s=96&d=mm&r=g\",\"caption\":\"Jeanette\"},\"sameAs\":[\"https:\\\/\\\/www.eldiario.net\\\/portal\"],\"url\":\"https:\\\/\\\/www.eldiario.net\\\/portal\\\/author\\\/jeanette\\\/\"}]}<\/script>\n<!-- \/ Yoast SEO plugin. -->","yoast_head_json":{"title":"Pueblos ind\u00edgenas no podr\u00e1n inscribir candidatos propios para las elecciones - El Diario - Bolivia","robots":{"index":"index","follow":"follow","max-snippet":"max-snippet:-1","max-image-preview":"max-image-preview:large","max-video-preview":"max-video-preview:-1"},"canonical":"https:\/\/www.eldiario.net\/portal\/2025\/05\/06\/pueblos-indigenas-no-podran-inscribir-candidatos-propios-para-las-elecciones\/","og_locale":"es_ES","og_type":"article","og_title":"Pueblos ind\u00edgenas no podr\u00e1n inscribir candidatos propios para las elecciones - El Diario - Bolivia","og_description":"Los pueblos ind\u00edgenas originarios campesinos no podr\u00e1n presentar candidatos propios para las elecciones generales 2025, por determinaci\u00f3n de la Sala Plena del Tribunal Supremo Electoral (TSE), inform\u00f3 el vocal Tahuichi Tahuchi. El vocal electoral cuestion\u00f3 la decisi\u00f3n asumida por la mayor\u00eda de sus colegas del TSE y lo consider\u00f3 como el d\u00eda \u201cm\u00e1s oscuro\u201d y [&hellip;]","og_url":"https:\/\/www.eldiario.net\/portal\/2025\/05\/06\/pueblos-indigenas-no-podran-inscribir-candidatos-propios-para-las-elecciones\/","og_site_name":"El Diario - Bolivia","article_publisher":"https:\/\/www.facebook.com\/eldiario.bolivia\/","article_published_time":"2025-05-06T10:06:28+00:00","og_image":[{"width":1200,"height":675,"url":"https:\/\/www.eldiario.net\/portal\/wp-content\/uploads\/2025\/05\/AZUL-FOTO.jpg","type":"image\/jpeg"}],"author":"Jeanette","twitter_card":"summary_large_image","twitter_creator":"@eldiario_net","twitter_site":"@eldiario_net","twitter_misc":{"Escrito por":"Jeanette","Tiempo de lectura":"2 minutos"},"schema":{"@context":"https:\/\/schema.org","@graph":[{"@type":"Article","@id":"https:\/\/www.eldiario.net\/portal\/2025\/05\/06\/pueblos-indigenas-no-podran-inscribir-candidatos-propios-para-las-elecciones\/#article","isPartOf":{"@id":"https:\/\/www.eldiario.net\/portal\/2025\/05\/06\/pueblos-indigenas-no-podran-inscribir-candidatos-propios-para-las-elecciones\/"},"author":{"name":"Jeanette","@id":"https:\/\/www.eldiario.net\/portal\/#\/schema\/person\/f46445640444750d7d753ccd04ae01b7"},"headline":"Pueblos ind\u00edgenas no podr\u00e1n inscribir candidatos propios para las elecciones","datePublished":"2025-05-06T10:06:28+00:00","mainEntityOfPage":{"@id":"https:\/\/www.eldiario.net\/portal\/2025\/05\/06\/pueblos-indigenas-no-podran-inscribir-candidatos-propios-para-las-elecciones\/"},"wordCount":225,"publisher":{"@id":"https:\/\/www.eldiario.net\/portal\/#organization"},"image":{"@id":"https:\/\/www.eldiario.net\/portal\/2025\/05\/06\/pueblos-indigenas-no-podran-inscribir-candidatos-propios-para-las-elecciones\/#primaryimage"},"thumbnailUrl":"https:\/\/www.eldiario.net\/portal\/wp-content\/uploads\/2025\/05\/AZUL-FOTO.jpg","articleSection":["Portada"],"inLanguage":"es"},{"@type":"WebPage","@id":"https:\/\/www.eldiario.net\/portal\/2025\/05\/06\/pueblos-indigenas-no-podran-inscribir-candidatos-propios-para-las-elecciones\/","url":"https:\/\/www.eldiario.net\/portal\/2025\/05\/06\/pueblos-indigenas-no-podran-inscribir-candidatos-propios-para-las-elecciones\/","name":"Pueblos ind\u00edgenas no podr\u00e1n inscribir candidatos propios para las elecciones - El Diario - Bolivia","isPartOf":{"@id":"https:\/\/www.eldiario.net\/portal\/#website"},"primaryImageOfPage":{"@id":"https:\/\/www.eldiario.net\/portal\/2025\/05\/06\/pueblos-indigenas-no-podran-inscribir-candidatos-propios-para-las-elecciones\/#primaryimage"},"image":{"@id":"https:\/\/www.eldiario.net\/portal\/2025\/05\/06\/pueblos-indigenas-no-podran-inscribir-candidatos-propios-para-las-elecciones\/#primaryimage"},"thumbnailUrl":"https:\/\/www.eldiario.net\/portal\/wp-content\/uploads\/2025\/05\/AZUL-FOTO.jpg","datePublished":"2025-05-06T10:06:28+00:00","breadcrumb":{"@id":"https:\/\/www.eldiario.net\/portal\/2025\/05\/06\/pueblos-indigenas-no-podran-inscribir-candidatos-propios-para-las-elecciones\/#breadcrumb"},"inLanguage":"es","potentialAction":[{"@type":"ReadAction","target":["https:\/\/www.eldiario.net\/portal\/2025\/05\/06\/pueblos-indigenas-no-podran-inscribir-candidatos-propios-para-las-elecciones\/"]}]},{"@type":"ImageObject","inLanguage":"es","@id":"https:\/\/www.eldiario.net\/portal\/2025\/05\/06\/pueblos-indigenas-no-podran-inscribir-candidatos-propios-para-las-elecciones\/#primaryimage","url":"https:\/\/www.eldiario.net\/portal\/wp-content\/uploads\/2025\/05\/AZUL-FOTO.jpg","contentUrl":"https:\/\/www.eldiario.net\/portal\/wp-content\/uploads\/2025\/05\/AZUL-FOTO.jpg","width":1200,"height":675,"caption":"Una protesta pasada de la Coniob en el TSE. Foto: Coniob Lunes, 05 de Mayo del 2025 Facebook Twitter WhatsApp"},{"@type":"BreadcrumbList","@id":"https:\/\/www.eldiario.net\/portal\/2025\/05\/06\/pueblos-indigenas-no-podran-inscribir-candidatos-propios-para-las-elecciones\/#breadcrumb","itemListElement":[{"@type":"ListItem","position":1,"name":"Portada","item":"https:\/\/www.eldiario.net\/portal\/"},{"@type":"ListItem","position":2,"name":"Pueblos ind\u00edgenas no podr\u00e1n inscribir candidatos propios para las elecciones"}]},{"@type":"WebSite","@id":"https:\/\/www.eldiario.net\/portal\/#website","url":"https:\/\/www.eldiario.net\/portal\/","name":"El Diario - Decano de la prensa nacional","description":"El Diario - Decano de la prensa nacional","publisher":{"@id":"https:\/\/www.eldiario.net\/portal\/#organization"},"potentialAction":[{"@type":"SearchAction","target":{"@type":"EntryPoint","urlTemplate":"https:\/\/www.eldiario.net\/portal\/?s={search_term_string}"},"query-input":{"@type":"PropertyValueSpecification","valueRequired":true,"valueName":"search_term_string"}}],"inLanguage":"es"},{"@type":"Organization","@id":"https:\/\/www.eldiario.net\/portal\/#organization","name":"El Diario - Decano de la prensa nacional","url":"https:\/\/www.eldiario.net\/portal\/","logo":{"@type":"ImageObject","inLanguage":"es","@id":"https:\/\/www.eldiario.net\/portal\/#\/schema\/logo\/image\/","url":"https:\/\/www.eldiario.net\/portal\/wp-content\/uploads\/2023\/07\/logo_ED.jpg","contentUrl":"https:\/\/www.eldiario.net\/portal\/wp-content\/uploads\/2023\/07\/logo_ED.jpg","width":272,"height":52,"caption":"El Diario - Decano de la prensa nacional"},"image":{"@id":"https:\/\/www.eldiario.net\/portal\/#\/schema\/logo\/image\/"},"sameAs":["https:\/\/www.facebook.com\/eldiario.bolivia\/","https:\/\/x.com\/eldiario_net"]},{"@type":"Person","@id":"https:\/\/www.eldiario.net\/portal\/#\/schema\/person\/f46445640444750d7d753ccd04ae01b7","name":"Jeanette","image":{"@type":"ImageObject","inLanguage":"es","@id":"https:\/\/secure.gravatar.com\/avatar\/3ea2118a5f7dad2b7138b1187a6b7ee55f160b9968b66013c3a3ef39dd7e5798?s=96&d=mm&r=g","url":"https:\/\/secure.gravatar.com\/avatar\/3ea2118a5f7dad2b7138b1187a6b7ee55f160b9968b66013c3a3ef39dd7e5798?s=96&d=mm&r=g","contentUrl":"https:\/\/secure.gravatar.com\/avatar\/3ea2118a5f7dad2b7138b1187a6b7ee55f160b9968b66013c3a3ef39dd7e5798?s=96&d=mm&r=g","caption":"Jeanette"},"sameAs":["https:\/\/www.eldiario.net\/portal"],"url":"https:\/\/www.eldiario.net\/portal\/author\/jeanette\/"}]}},"_links":{"self":[{"href":"https:\/\/www.eldiario.net\/portal\/wp-json\/wp\/v2\/posts\/300327","targetHints":{"allow":["GET"]}}],"collection":[{"href":"https:\/\/www.eldiario.net\/portal\/wp-json\/wp\/v2\/posts"}],"about":[{"href":"https:\/\/www.eldiario.net\/portal\/wp-json\/wp\/v2\/types\/post"}],"author":[{"embeddable":true,"href":"https:\/\/www.eldiario.net\/portal\/wp-json\/wp\/v2\/users\/1"}],"replies":[{"embeddable":true,"href":"https:\/\/www.eldiario.net\/portal\/wp-json\/wp\/v2\/comments?post=300327"}],"version-history":[{"count":1,"href":"https:\/\/www.eldiario.net\/portal\/wp-json\/wp\/v2\/posts\/300327\/revisions"}],"predecessor-version":[{"id":300329,"href":"https:\/\/www.eldiario.net\/portal\/wp-json\/wp\/v2\/posts\/300327\/revisions\/300329"}],"wp:featuredmedia":[{"embeddable":true,"href":"https:\/\/www.eldiario.net\/portal\/wp-json\/wp\/v2\/media\/300328"}],"wp:attachment":[{"href":"https:\/\/www.eldiario.net\/portal\/wp-json\/wp\/v2\/media?parent=300327"}],"wp:term":[{"taxonomy":"category","embeddable":true,"href":"https:\/\/www.eldiario.net\/portal\/wp-json\/wp\/v2\/categories?post=300327"},{"taxonomy":"post_tag","embeddable":true,"href":"https:\/\/www.eldiario.net\/portal\/wp-json\/wp\/v2\/tags?post=300327"}],"curies":[{"name":"wp","href":"https:\/\/api.w.org\/{rel}","templated":true}]}}