{"id":300324,"date":"2025-05-06T06:05:51","date_gmt":"2025-05-06T10:05:51","guid":{"rendered":"https:\/\/www.eldiario.net\/portal\/?p=300324"},"modified":"2025-05-06T09:21:51","modified_gmt":"2025-05-06T13:21:51","slug":"panificadores-venden-pan-de-batalla-de-bs-060-la-unidad","status":"publish","type":"post","link":"https:\/\/www.eldiario.net\/portal\/2025\/05\/06\/panificadores-venden-pan-de-batalla-de-bs-060-la-unidad\/","title":{"rendered":"Panificadores venden pan de batalla a Bs 0,60 la unidad"},"content":{"rendered":"<p>Los panificadores que dicen no recibir harina subvencionada del Gobierno venden la unidad de pan de batalla a 0,60 en varios puntos de la ciudad de La Paz.<\/p>\n<p>El dirigente de los denominados panificadores artesanales de La Paz, Dandy Mealla, se\u00f1al\u00f3 ayer que tras sostener una reuni\u00f3n de emergencia decidieron subir el precio del pan pues la harina sufri\u00f3 un nuevo incremento la semana pasada.<\/p>\n<p>En algunos puestos de panificadores que no reciben subvenci\u00f3n se pudo observar ayer que cobran 60 centavos por cada pan. Destacan en sus letreros que no reciben ninguna subvenci\u00f3n del Gobierno.<\/p>\n<p>Seg\u00fan Mealla, con el \u00faltimo incremento en el precio del pan, ahora este producto de la canasta familiar tendr\u00e1 un costo de 75 centavos por unidad y dos por Bs 1,50.<\/p>\n<p>\u201cEl sector ha tomado la decisi\u00f3n porque el quintal de harina se increment\u00f3, estaba en Bs 310 y 315 ahora en Bs 385 y 390, eso colm\u00f3 todo\u201d, explic\u00f3 el dirigente de los panificadores artesanales de La Paz.<\/p>\n<p>A decir del dirigente son m\u00e1s de 8 mil los panificadores a nivel nacional que no reciben la subvenci\u00f3n del Gobierno central, por lo que tuvieron que tomar una decisi\u00f3n para continuar produciendo y no cerrar sus unidades de negocio, de donde dependen familias.<\/p>\n<p>\u201cQueremos que la gente tenga consideraci\u00f3n porque no recibimos subvenci\u00f3n, eso recibe solo un grupo\u201d, aclar\u00f3 Mallea.<\/p>\n<p>La medida de incremento se inici\u00f3 ayer en La Paz y El Alto, y se extender\u00e1 a diferentes regiones del pa\u00eds, donde tambi\u00e9n est\u00e1n perjudicados con la producci\u00f3n debido al precio de la harina y otros insumos.<\/p>\n","protected":false},"excerpt":{"rendered":"<p>Los panificadores que dicen no recibir harina subvencionada del Gobierno venden la unidad de pan de batalla a 0,60 en varios puntos de la ciudad de La Paz. El dirigente de los denominados panificadores artesanales de La Paz, Dandy Mealla, se\u00f1al\u00f3 ayer que tras sostener una reuni\u00f3n de emergencia decidieron subir el precio del pan [&hellip;]<\/p>\n","protected":false},"author":1,"featured_media":300325,"comment_status":"closed","ping_status":"open","sticky":false,"template":"","format":"standard","meta":{"_acf_changed":false,"footnotes":""},"categories":[15],"tags":[],"class_list":["post-300324","post","type-post","status-publish","format-standard","has-post-thumbnail","category-portada"],"acf":{"antetitulo":""},"yoast_head":"<!-- This site is optimized with the Yoast SEO plugin v28.3 - https:\/\/yoast.com\/product\/yoast-seo-wordpress\/ -->\n<title>Panificadores venden pan de batalla a Bs 0,60 la unidad - El Diario - Bolivia<\/title>\n<meta name=\"robots\" content=\"index, follow, max-snippet:-1, max-image-preview:large, max-video-preview:-1\" \/>\n<link rel=\"canonical\" href=\"https:\/\/www.eldiario.net\/portal\/2025\/05\/06\/panificadores-venden-pan-de-batalla-de-bs-060-la-unidad\/\" \/>\n<meta property=\"og:locale\" content=\"es_ES\" \/>\n<meta property=\"og:type\" content=\"article\" \/>\n<meta property=\"og:title\" content=\"Panificadores venden pan de batalla a Bs 0,60 la unidad - El Diario - Bolivia\" \/>\n<meta property=\"og:description\" content=\"Los panificadores que dicen no recibir harina subvencionada del Gobierno venden la unidad de pan de batalla a 0,60 en varios puntos de la ciudad de La Paz. El dirigente de los denominados panificadores artesanales de La Paz, Dandy Mealla, se\u00f1al\u00f3 ayer que tras sostener una reuni\u00f3n de emergencia decidieron subir el precio del pan [&hellip;]\" \/>\n<meta property=\"og:url\" content=\"https:\/\/www.eldiario.net\/portal\/2025\/05\/06\/panificadores-venden-pan-de-batalla-de-bs-060-la-unidad\/\" \/>\n<meta property=\"og:site_name\" content=\"El Diario - Bolivia\" \/>\n<meta property=\"article:publisher\" content=\"https:\/\/www.facebook.com\/eldiario.bolivia\/\" \/>\n<meta property=\"article:published_time\" content=\"2025-05-06T10:05:51+00:00\" \/>\n<meta property=\"article:modified_time\" content=\"2025-05-06T13:21:51+00:00\" \/>\n<meta property=\"og:image\" content=\"https:\/\/www.eldiario.net\/portal\/wp-content\/uploads\/2025\/05\/BATALLA-FOTO.jpg\" \/>\n\t<meta property=\"og:image:width\" content=\"1200\" \/>\n\t<meta property=\"og:image:height\" content=\"505\" \/>\n\t<meta property=\"og:image:type\" content=\"image\/jpeg\" \/>\n<meta name=\"author\" content=\"Jeanette\" \/>\n<meta name=\"twitter:card\" content=\"summary_large_image\" \/>\n<meta name=\"twitter:creator\" content=\"@eldiario_net\" \/>\n<meta name=\"twitter:site\" content=\"@eldiario_net\" \/>\n<meta name=\"twitter:label1\" content=\"Escrito por\" \/>\n\t<meta name=\"twitter:data1\" content=\"Jeanette\" \/>\n\t<meta name=\"twitter:label2\" content=\"Tiempo de lectura\" \/>\n\t<meta name=\"twitter:data2\" content=\"2 minutos\" \/>\n<script type=\"application\/ld+json\" class=\"yoast-schema-graph\">{\"@context\":\"https:\\\/\\\/schema.org\",\"@graph\":[{\"@type\":\"Article\",\"@id\":\"https:\\\/\\\/www.eldiario.net\\\/portal\\\/2025\\\/05\\\/06\\\/panificadores-venden-pan-de-batalla-de-bs-060-la-unidad\\\/#article\",\"isPartOf\":{\"@id\":\"https:\\\/\\\/www.eldiario.net\\\/portal\\\/2025\\\/05\\\/06\\\/panificadores-venden-pan-de-batalla-de-bs-060-la-unidad\\\/\"},\"author\":{\"name\":\"Jeanette\",\"@id\":\"https:\\\/\\\/www.eldiario.net\\\/portal\\\/#\\\/schema\\\/person\\\/f46445640444750d7d753ccd04ae01b7\"},\"headline\":\"Panificadores venden pan de batalla a Bs 0,60 la unidad\",\"datePublished\":\"2025-05-06T10:05:51+00:00\",\"dateModified\":\"2025-05-06T13:21:51+00:00\",\"mainEntityOfPage\":{\"@id\":\"https:\\\/\\\/www.eldiario.net\\\/portal\\\/2025\\\/05\\\/06\\\/panificadores-venden-pan-de-batalla-de-bs-060-la-unidad\\\/\"},\"wordCount\":278,\"publisher\":{\"@id\":\"https:\\\/\\\/www.eldiario.net\\\/portal\\\/#organization\"},\"image\":{\"@id\":\"https:\\\/\\\/www.eldiario.net\\\/portal\\\/2025\\\/05\\\/06\\\/panificadores-venden-pan-de-batalla-de-bs-060-la-unidad\\\/#primaryimage\"},\"thumbnailUrl\":\"https:\\\/\\\/www.eldiario.net\\\/portal\\\/wp-content\\\/uploads\\\/2025\\\/05\\\/BATALLA-FOTO.jpg\",\"articleSection\":[\"Portada\"],\"inLanguage\":\"es\"},{\"@type\":\"WebPage\",\"@id\":\"https:\\\/\\\/www.eldiario.net\\\/portal\\\/2025\\\/05\\\/06\\\/panificadores-venden-pan-de-batalla-de-bs-060-la-unidad\\\/\",\"url\":\"https:\\\/\\\/www.eldiario.net\\\/portal\\\/2025\\\/05\\\/06\\\/panificadores-venden-pan-de-batalla-de-bs-060-la-unidad\\\/\",\"name\":\"Panificadores venden pan de batalla a Bs 0,60 la unidad - El Diario - Bolivia\",\"isPartOf\":{\"@id\":\"https:\\\/\\\/www.eldiario.net\\\/portal\\\/#website\"},\"primaryImageOfPage\":{\"@id\":\"https:\\\/\\\/www.eldiario.net\\\/portal\\\/2025\\\/05\\\/06\\\/panificadores-venden-pan-de-batalla-de-bs-060-la-unidad\\\/#primaryimage\"},\"image\":{\"@id\":\"https:\\\/\\\/www.eldiario.net\\\/portal\\\/2025\\\/05\\\/06\\\/panificadores-venden-pan-de-batalla-de-bs-060-la-unidad\\\/#primaryimage\"},\"thumbnailUrl\":\"https:\\\/\\\/www.eldiario.net\\\/portal\\\/wp-content\\\/uploads\\\/2025\\\/05\\\/BATALLA-FOTO.jpg\",\"datePublished\":\"2025-05-06T10:05:51+00:00\",\"dateModified\":\"2025-05-06T13:21:51+00:00\",\"breadcrumb\":{\"@id\":\"https:\\\/\\\/www.eldiario.net\\\/portal\\\/2025\\\/05\\\/06\\\/panificadores-venden-pan-de-batalla-de-bs-060-la-unidad\\\/#breadcrumb\"},\"inLanguage\":\"es\",\"potentialAction\":[{\"@type\":\"ReadAction\",\"target\":[\"https:\\\/\\\/www.eldiario.net\\\/portal\\\/2025\\\/05\\\/06\\\/panificadores-venden-pan-de-batalla-de-bs-060-la-unidad\\\/\"]}]},{\"@type\":\"ImageObject\",\"inLanguage\":\"es\",\"@id\":\"https:\\\/\\\/www.eldiario.net\\\/portal\\\/2025\\\/05\\\/06\\\/panificadores-venden-pan-de-batalla-de-bs-060-la-unidad\\\/#primaryimage\",\"url\":\"https:\\\/\\\/www.eldiario.net\\\/portal\\\/wp-content\\\/uploads\\\/2025\\\/05\\\/BATALLA-FOTO.jpg\",\"contentUrl\":\"https:\\\/\\\/www.eldiario.net\\\/portal\\\/wp-content\\\/uploads\\\/2025\\\/05\\\/BATALLA-FOTO.jpg\",\"width\":1200,\"height\":505,\"caption\":\"Un puesto de venta de pan de la zona San Pedro de La Paz. FOTO: UNITEL\"},{\"@type\":\"BreadcrumbList\",\"@id\":\"https:\\\/\\\/www.eldiario.net\\\/portal\\\/2025\\\/05\\\/06\\\/panificadores-venden-pan-de-batalla-de-bs-060-la-unidad\\\/#breadcrumb\",\"itemListElement\":[{\"@type\":\"ListItem\",\"position\":1,\"name\":\"Portada\",\"item\":\"https:\\\/\\\/www.eldiario.net\\\/portal\\\/\"},{\"@type\":\"ListItem\",\"position\":2,\"name\":\"Panificadores venden pan de batalla a Bs 0,60 la unidad\"}]},{\"@type\":\"WebSite\",\"@id\":\"https:\\\/\\\/www.eldiario.net\\\/portal\\\/#website\",\"url\":\"https:\\\/\\\/www.eldiario.net\\\/portal\\\/\",\"name\":\"El Diario - Decano de la prensa nacional\",\"description\":\"El Diario - Decano de la prensa nacional\",\"publisher\":{\"@id\":\"https:\\\/\\\/www.eldiario.net\\\/portal\\\/#organization\"},\"potentialAction\":[{\"@type\":\"SearchAction\",\"target\":{\"@type\":\"EntryPoint\",\"urlTemplate\":\"https:\\\/\\\/www.eldiario.net\\\/portal\\\/?s={search_term_string}\"},\"query-input\":{\"@type\":\"PropertyValueSpecification\",\"valueRequired\":true,\"valueName\":\"search_term_string\"}}],\"inLanguage\":\"es\"},{\"@type\":\"Organization\",\"@id\":\"https:\\\/\\\/www.eldiario.net\\\/portal\\\/#organization\",\"name\":\"El Diario - Decano de la prensa nacional\",\"url\":\"https:\\\/\\\/www.eldiario.net\\\/portal\\\/\",\"logo\":{\"@type\":\"ImageObject\",\"inLanguage\":\"es\",\"@id\":\"https:\\\/\\\/www.eldiario.net\\\/portal\\\/#\\\/schema\\\/logo\\\/image\\\/\",\"url\":\"https:\\\/\\\/www.eldiario.net\\\/portal\\\/wp-content\\\/uploads\\\/2023\\\/07\\\/logo_ED.jpg\",\"contentUrl\":\"https:\\\/\\\/www.eldiario.net\\\/portal\\\/wp-content\\\/uploads\\\/2023\\\/07\\\/logo_ED.jpg\",\"width\":272,\"height\":52,\"caption\":\"El Diario - Decano de la prensa nacional\"},\"image\":{\"@id\":\"https:\\\/\\\/www.eldiario.net\\\/portal\\\/#\\\/schema\\\/logo\\\/image\\\/\"},\"sameAs\":[\"https:\\\/\\\/www.facebook.com\\\/eldiario.bolivia\\\/\",\"https:\\\/\\\/x.com\\\/eldiario_net\"]},{\"@type\":\"Person\",\"@id\":\"https:\\\/\\\/www.eldiario.net\\\/portal\\\/#\\\/schema\\\/person\\\/f46445640444750d7d753ccd04ae01b7\",\"name\":\"Jeanette\",\"image\":{\"@type\":\"ImageObject\",\"inLanguage\":\"es\",\"@id\":\"https:\\\/\\\/secure.gravatar.com\\\/avatar\\\/3ea2118a5f7dad2b7138b1187a6b7ee55f160b9968b66013c3a3ef39dd7e5798?s=96&d=mm&r=g\",\"url\":\"https:\\\/\\\/secure.gravatar.com\\\/avatar\\\/3ea2118a5f7dad2b7138b1187a6b7ee55f160b9968b66013c3a3ef39dd7e5798?s=96&d=mm&r=g\",\"contentUrl\":\"https:\\\/\\\/secure.gravatar.com\\\/avatar\\\/3ea2118a5f7dad2b7138b1187a6b7ee55f160b9968b66013c3a3ef39dd7e5798?s=96&d=mm&r=g\",\"caption\":\"Jeanette\"},\"sameAs\":[\"https:\\\/\\\/www.eldiario.net\\\/portal\"],\"url\":\"https:\\\/\\\/www.eldiario.net\\\/portal\\\/author\\\/jeanette\\\/\"}]}<\/script>\n<!-- \/ Yoast SEO plugin. -->","yoast_head_json":{"title":"Panificadores venden pan de batalla a Bs 0,60 la unidad - El Diario - Bolivia","robots":{"index":"index","follow":"follow","max-snippet":"max-snippet:-1","max-image-preview":"max-image-preview:large","max-video-preview":"max-video-preview:-1"},"canonical":"https:\/\/www.eldiario.net\/portal\/2025\/05\/06\/panificadores-venden-pan-de-batalla-de-bs-060-la-unidad\/","og_locale":"es_ES","og_type":"article","og_title":"Panificadores venden pan de batalla a Bs 0,60 la unidad - El Diario - Bolivia","og_description":"Los panificadores que dicen no recibir harina subvencionada del Gobierno venden la unidad de pan de batalla a 0,60 en varios puntos de la ciudad de La Paz. El dirigente de los denominados panificadores artesanales de La Paz, Dandy Mealla, se\u00f1al\u00f3 ayer que tras sostener una reuni\u00f3n de emergencia decidieron subir el precio del pan [&hellip;]","og_url":"https:\/\/www.eldiario.net\/portal\/2025\/05\/06\/panificadores-venden-pan-de-batalla-de-bs-060-la-unidad\/","og_site_name":"El Diario - Bolivia","article_publisher":"https:\/\/www.facebook.com\/eldiario.bolivia\/","article_published_time":"2025-05-06T10:05:51+00:00","article_modified_time":"2025-05-06T13:21:51+00:00","og_image":[{"width":1200,"height":505,"url":"https:\/\/www.eldiario.net\/portal\/wp-content\/uploads\/2025\/05\/BATALLA-FOTO.jpg","type":"image\/jpeg"}],"author":"Jeanette","twitter_card":"summary_large_image","twitter_creator":"@eldiario_net","twitter_site":"@eldiario_net","twitter_misc":{"Escrito por":"Jeanette","Tiempo de lectura":"2 minutos"},"schema":{"@context":"https:\/\/schema.org","@graph":[{"@type":"Article","@id":"https:\/\/www.eldiario.net\/portal\/2025\/05\/06\/panificadores-venden-pan-de-batalla-de-bs-060-la-unidad\/#article","isPartOf":{"@id":"https:\/\/www.eldiario.net\/portal\/2025\/05\/06\/panificadores-venden-pan-de-batalla-de-bs-060-la-unidad\/"},"author":{"name":"Jeanette","@id":"https:\/\/www.eldiario.net\/portal\/#\/schema\/person\/f46445640444750d7d753ccd04ae01b7"},"headline":"Panificadores venden pan de batalla a Bs 0,60 la unidad","datePublished":"2025-05-06T10:05:51+00:00","dateModified":"2025-05-06T13:21:51+00:00","mainEntityOfPage":{"@id":"https:\/\/www.eldiario.net\/portal\/2025\/05\/06\/panificadores-venden-pan-de-batalla-de-bs-060-la-unidad\/"},"wordCount":278,"publisher":{"@id":"https:\/\/www.eldiario.net\/portal\/#organization"},"image":{"@id":"https:\/\/www.eldiario.net\/portal\/2025\/05\/06\/panificadores-venden-pan-de-batalla-de-bs-060-la-unidad\/#primaryimage"},"thumbnailUrl":"https:\/\/www.eldiario.net\/portal\/wp-content\/uploads\/2025\/05\/BATALLA-FOTO.jpg","articleSection":["Portada"],"inLanguage":"es"},{"@type":"WebPage","@id":"https:\/\/www.eldiario.net\/portal\/2025\/05\/06\/panificadores-venden-pan-de-batalla-de-bs-060-la-unidad\/","url":"https:\/\/www.eldiario.net\/portal\/2025\/05\/06\/panificadores-venden-pan-de-batalla-de-bs-060-la-unidad\/","name":"Panificadores venden pan de batalla a Bs 0,60 la unidad - El Diario - Bolivia","isPartOf":{"@id":"https:\/\/www.eldiario.net\/portal\/#website"},"primaryImageOfPage":{"@id":"https:\/\/www.eldiario.net\/portal\/2025\/05\/06\/panificadores-venden-pan-de-batalla-de-bs-060-la-unidad\/#primaryimage"},"image":{"@id":"https:\/\/www.eldiario.net\/portal\/2025\/05\/06\/panificadores-venden-pan-de-batalla-de-bs-060-la-unidad\/#primaryimage"},"thumbnailUrl":"https:\/\/www.eldiario.net\/portal\/wp-content\/uploads\/2025\/05\/BATALLA-FOTO.jpg","datePublished":"2025-05-06T10:05:51+00:00","dateModified":"2025-05-06T13:21:51+00:00","breadcrumb":{"@id":"https:\/\/www.eldiario.net\/portal\/2025\/05\/06\/panificadores-venden-pan-de-batalla-de-bs-060-la-unidad\/#breadcrumb"},"inLanguage":"es","potentialAction":[{"@type":"ReadAction","target":["https:\/\/www.eldiario.net\/portal\/2025\/05\/06\/panificadores-venden-pan-de-batalla-de-bs-060-la-unidad\/"]}]},{"@type":"ImageObject","inLanguage":"es","@id":"https:\/\/www.eldiario.net\/portal\/2025\/05\/06\/panificadores-venden-pan-de-batalla-de-bs-060-la-unidad\/#primaryimage","url":"https:\/\/www.eldiario.net\/portal\/wp-content\/uploads\/2025\/05\/BATALLA-FOTO.jpg","contentUrl":"https:\/\/www.eldiario.net\/portal\/wp-content\/uploads\/2025\/05\/BATALLA-FOTO.jpg","width":1200,"height":505,"caption":"Un puesto de venta de pan de la zona San Pedro de La Paz. FOTO: UNITEL"},{"@type":"BreadcrumbList","@id":"https:\/\/www.eldiario.net\/portal\/2025\/05\/06\/panificadores-venden-pan-de-batalla-de-bs-060-la-unidad\/#breadcrumb","itemListElement":[{"@type":"ListItem","position":1,"name":"Portada","item":"https:\/\/www.eldiario.net\/portal\/"},{"@type":"ListItem","position":2,"name":"Panificadores venden pan de batalla a Bs 0,60 la unidad"}]},{"@type":"WebSite","@id":"https:\/\/www.eldiario.net\/portal\/#website","url":"https:\/\/www.eldiario.net\/portal\/","name":"El Diario - Decano de la prensa nacional","description":"El Diario - Decano de la prensa nacional","publisher":{"@id":"https:\/\/www.eldiario.net\/portal\/#organization"},"potentialAction":[{"@type":"SearchAction","target":{"@type":"EntryPoint","urlTemplate":"https:\/\/www.eldiario.net\/portal\/?s={search_term_string}"},"query-input":{"@type":"PropertyValueSpecification","valueRequired":true,"valueName":"search_term_string"}}],"inLanguage":"es"},{"@type":"Organization","@id":"https:\/\/www.eldiario.net\/portal\/#organization","name":"El Diario - Decano de la prensa nacional","url":"https:\/\/www.eldiario.net\/portal\/","logo":{"@type":"ImageObject","inLanguage":"es","@id":"https:\/\/www.eldiario.net\/portal\/#\/schema\/logo\/image\/","url":"https:\/\/www.eldiario.net\/portal\/wp-content\/uploads\/2023\/07\/logo_ED.jpg","contentUrl":"https:\/\/www.eldiario.net\/portal\/wp-content\/uploads\/2023\/07\/logo_ED.jpg","width":272,"height":52,"caption":"El Diario - Decano de la prensa nacional"},"image":{"@id":"https:\/\/www.eldiario.net\/portal\/#\/schema\/logo\/image\/"},"sameAs":["https:\/\/www.facebook.com\/eldiario.bolivia\/","https:\/\/x.com\/eldiario_net"]},{"@type":"Person","@id":"https:\/\/www.eldiario.net\/portal\/#\/schema\/person\/f46445640444750d7d753ccd04ae01b7","name":"Jeanette","image":{"@type":"ImageObject","inLanguage":"es","@id":"https:\/\/secure.gravatar.com\/avatar\/3ea2118a5f7dad2b7138b1187a6b7ee55f160b9968b66013c3a3ef39dd7e5798?s=96&d=mm&r=g","url":"https:\/\/secure.gravatar.com\/avatar\/3ea2118a5f7dad2b7138b1187a6b7ee55f160b9968b66013c3a3ef39dd7e5798?s=96&d=mm&r=g","contentUrl":"https:\/\/secure.gravatar.com\/avatar\/3ea2118a5f7dad2b7138b1187a6b7ee55f160b9968b66013c3a3ef39dd7e5798?s=96&d=mm&r=g","caption":"Jeanette"},"sameAs":["https:\/\/www.eldiario.net\/portal"],"url":"https:\/\/www.eldiario.net\/portal\/author\/jeanette\/"}]}},"_links":{"self":[{"href":"https:\/\/www.eldiario.net\/portal\/wp-json\/wp\/v2\/posts\/300324","targetHints":{"allow":["GET"]}}],"collection":[{"href":"https:\/\/www.eldiario.net\/portal\/wp-json\/wp\/v2\/posts"}],"about":[{"href":"https:\/\/www.eldiario.net\/portal\/wp-json\/wp\/v2\/types\/post"}],"author":[{"embeddable":true,"href":"https:\/\/www.eldiario.net\/portal\/wp-json\/wp\/v2\/users\/1"}],"replies":[{"embeddable":true,"href":"https:\/\/www.eldiario.net\/portal\/wp-json\/wp\/v2\/comments?post=300324"}],"version-history":[{"count":2,"href":"https:\/\/www.eldiario.net\/portal\/wp-json\/wp\/v2\/posts\/300324\/revisions"}],"predecessor-version":[{"id":300438,"href":"https:\/\/www.eldiario.net\/portal\/wp-json\/wp\/v2\/posts\/300324\/revisions\/300438"}],"wp:featuredmedia":[{"embeddable":true,"href":"https:\/\/www.eldiario.net\/portal\/wp-json\/wp\/v2\/media\/300325"}],"wp:attachment":[{"href":"https:\/\/www.eldiario.net\/portal\/wp-json\/wp\/v2\/media?parent=300324"}],"wp:term":[{"taxonomy":"category","embeddable":true,"href":"https:\/\/www.eldiario.net\/portal\/wp-json\/wp\/v2\/categories?post=300324"},{"taxonomy":"post_tag","embeddable":true,"href":"https:\/\/www.eldiario.net\/portal\/wp-json\/wp\/v2\/tags?post=300324"}],"curies":[{"name":"wp","href":"https:\/\/api.w.org\/{rel}","templated":true}]}}