{"id":300321,"date":"2025-05-06T06:05:19","date_gmt":"2025-05-06T10:05:19","guid":{"rendered":"https:\/\/www.eldiario.net\/portal\/?p=300321"},"modified":"2025-05-06T06:05:19","modified_gmt":"2025-05-06T10:05:19","slug":"conflicto-por-la-basura-en-cochabamba-deja-30-heridos","status":"publish","type":"post","link":"https:\/\/www.eldiario.net\/portal\/2025\/05\/06\/conflicto-por-la-basura-en-cochabamba-deja-30-heridos\/","title":{"rendered":"Conflicto por la basura en Cochabamba deja 30 heridos"},"content":{"rendered":"<p>El conflicto por el tratamiento de la basura generada en la ciudad de Cochabamba ayer alcanz\u00f3 niveles muy violentos. En el municipio de Colcapirhua se registraron enfrentamientos con un saldo de m\u00e1s de 30 heridos.<\/p>\n<p>El director del Hospital del Sur, Fernando Encinas, inform\u00f3 que la tarde de ayer se atendieron a 22 personas, entre personal de la Guardia Municipal y de la Intendencia de Cercado.<\/p>\n<p>Desde Colcapirhua reportaron otros 10 pobladores heridos en los enfrentamientos.<\/p>\n<p>Los conflictos comenzaron con el traslado de la basura desde Cercado a una celda de emergencia habilitada y que limita con los municipios de Cercado, Colcapirhua y Quillacollo.<\/p>\n<p>Entre los afectados se encuentran cinco funcionarias municipales, presuntamente guardias de Cercado. Ellas denunciaron que fueron retenidas por pobladores de Colcapirhua, que rechazan el ingreso de basura a un botadero Cercano a su jurisdicci\u00f3n.<\/p>\n<p>M\u00e1s temprano el personal de la Alcald\u00eda de Cochabamba y pobladores de la mancomunidad Olmedo realizaban una inspecci\u00f3n al botadero de Cotapachi, donde se construy\u00f3 una celda de emergencia para los residuos de Cercado.<\/p>\n<p>En tanto, un grupo de vecinos del municipio de Colcapirhua que se oponen al ingreso de los carros con basura realizaban una vigilia y otro grupo mantiene un bloqueo en la avenida Blanco Galindo. (Cochabamba, agencias)<\/p>\n","protected":false},"excerpt":{"rendered":"<p>El conflicto por el tratamiento de la basura generada en la ciudad de Cochabamba ayer alcanz\u00f3 niveles muy violentos. En el municipio de Colcapirhua se registraron enfrentamientos con un saldo de m\u00e1s de 30 heridos. El director del Hospital del Sur, Fernando Encinas, inform\u00f3 que la tarde de ayer se atendieron a 22 personas, entre [&hellip;]<\/p>\n","protected":false},"author":1,"featured_media":300322,"comment_status":"closed","ping_status":"open","sticky":false,"template":"","format":"standard","meta":{"_acf_changed":false,"footnotes":""},"categories":[15],"tags":[],"class_list":["post-300321","post","type-post","status-publish","format-standard","has-post-thumbnail","category-portada"],"acf":{"antetitulo":""},"yoast_head":"<!-- This site is optimized with the Yoast SEO plugin v28.3 - https:\/\/yoast.com\/product\/yoast-seo-wordpress\/ -->\n<title>Conflicto por la basura en Cochabamba deja 30 heridos - El Diario - Bolivia<\/title>\n<meta name=\"robots\" content=\"index, follow, max-snippet:-1, max-image-preview:large, max-video-preview:-1\" \/>\n<link rel=\"canonical\" href=\"https:\/\/www.eldiario.net\/portal\/2025\/05\/06\/conflicto-por-la-basura-en-cochabamba-deja-30-heridos\/\" \/>\n<meta property=\"og:locale\" content=\"es_ES\" \/>\n<meta property=\"og:type\" content=\"article\" \/>\n<meta property=\"og:title\" content=\"Conflicto por la basura en Cochabamba deja 30 heridos - El Diario - Bolivia\" \/>\n<meta property=\"og:description\" content=\"El conflicto por el tratamiento de la basura generada en la ciudad de Cochabamba ayer alcanz\u00f3 niveles muy violentos. En el municipio de Colcapirhua se registraron enfrentamientos con un saldo de m\u00e1s de 30 heridos. El director del Hospital del Sur, Fernando Encinas, inform\u00f3 que la tarde de ayer se atendieron a 22 personas, entre [&hellip;]\" \/>\n<meta property=\"og:url\" content=\"https:\/\/www.eldiario.net\/portal\/2025\/05\/06\/conflicto-por-la-basura-en-cochabamba-deja-30-heridos\/\" \/>\n<meta property=\"og:site_name\" content=\"El Diario - Bolivia\" \/>\n<meta property=\"article:publisher\" content=\"https:\/\/www.facebook.com\/eldiario.bolivia\/\" \/>\n<meta property=\"article:published_time\" content=\"2025-05-06T10:05:19+00:00\" \/>\n<meta property=\"og:image\" content=\"https:\/\/www.eldiario.net\/portal\/wp-content\/uploads\/2025\/05\/HERIDOS-FOTO.jpg\" \/>\n\t<meta property=\"og:image:width\" content=\"1200\" \/>\n\t<meta property=\"og:image:height\" content=\"800\" \/>\n\t<meta property=\"og:image:type\" content=\"image\/jpeg\" \/>\n<meta name=\"author\" content=\"Jeanette\" \/>\n<meta name=\"twitter:card\" content=\"summary_large_image\" \/>\n<meta name=\"twitter:creator\" content=\"@eldiario_net\" \/>\n<meta name=\"twitter:site\" content=\"@eldiario_net\" \/>\n<meta name=\"twitter:label1\" content=\"Escrito por\" \/>\n\t<meta name=\"twitter:data1\" content=\"Jeanette\" \/>\n\t<meta name=\"twitter:label2\" content=\"Tiempo de lectura\" \/>\n\t<meta name=\"twitter:data2\" content=\"2 minutos\" \/>\n<script type=\"application\/ld+json\" class=\"yoast-schema-graph\">{\"@context\":\"https:\\\/\\\/schema.org\",\"@graph\":[{\"@type\":\"Article\",\"@id\":\"https:\\\/\\\/www.eldiario.net\\\/portal\\\/2025\\\/05\\\/06\\\/conflicto-por-la-basura-en-cochabamba-deja-30-heridos\\\/#article\",\"isPartOf\":{\"@id\":\"https:\\\/\\\/www.eldiario.net\\\/portal\\\/2025\\\/05\\\/06\\\/conflicto-por-la-basura-en-cochabamba-deja-30-heridos\\\/\"},\"author\":{\"name\":\"Jeanette\",\"@id\":\"https:\\\/\\\/www.eldiario.net\\\/portal\\\/#\\\/schema\\\/person\\\/f46445640444750d7d753ccd04ae01b7\"},\"headline\":\"Conflicto por la basura en Cochabamba deja 30 heridos\",\"datePublished\":\"2025-05-06T10:05:19+00:00\",\"mainEntityOfPage\":{\"@id\":\"https:\\\/\\\/www.eldiario.net\\\/portal\\\/2025\\\/05\\\/06\\\/conflicto-por-la-basura-en-cochabamba-deja-30-heridos\\\/\"},\"wordCount\":218,\"publisher\":{\"@id\":\"https:\\\/\\\/www.eldiario.net\\\/portal\\\/#organization\"},\"image\":{\"@id\":\"https:\\\/\\\/www.eldiario.net\\\/portal\\\/2025\\\/05\\\/06\\\/conflicto-por-la-basura-en-cochabamba-deja-30-heridos\\\/#primaryimage\"},\"thumbnailUrl\":\"https:\\\/\\\/www.eldiario.net\\\/portal\\\/wp-content\\\/uploads\\\/2025\\\/05\\\/HERIDOS-FOTO.jpg\",\"articleSection\":[\"Portada\"],\"inLanguage\":\"es\"},{\"@type\":\"WebPage\",\"@id\":\"https:\\\/\\\/www.eldiario.net\\\/portal\\\/2025\\\/05\\\/06\\\/conflicto-por-la-basura-en-cochabamba-deja-30-heridos\\\/\",\"url\":\"https:\\\/\\\/www.eldiario.net\\\/portal\\\/2025\\\/05\\\/06\\\/conflicto-por-la-basura-en-cochabamba-deja-30-heridos\\\/\",\"name\":\"Conflicto por la basura en Cochabamba deja 30 heridos - El Diario - Bolivia\",\"isPartOf\":{\"@id\":\"https:\\\/\\\/www.eldiario.net\\\/portal\\\/#website\"},\"primaryImageOfPage\":{\"@id\":\"https:\\\/\\\/www.eldiario.net\\\/portal\\\/2025\\\/05\\\/06\\\/conflicto-por-la-basura-en-cochabamba-deja-30-heridos\\\/#primaryimage\"},\"image\":{\"@id\":\"https:\\\/\\\/www.eldiario.net\\\/portal\\\/2025\\\/05\\\/06\\\/conflicto-por-la-basura-en-cochabamba-deja-30-heridos\\\/#primaryimage\"},\"thumbnailUrl\":\"https:\\\/\\\/www.eldiario.net\\\/portal\\\/wp-content\\\/uploads\\\/2025\\\/05\\\/HERIDOS-FOTO.jpg\",\"datePublished\":\"2025-05-06T10:05:19+00:00\",\"breadcrumb\":{\"@id\":\"https:\\\/\\\/www.eldiario.net\\\/portal\\\/2025\\\/05\\\/06\\\/conflicto-por-la-basura-en-cochabamba-deja-30-heridos\\\/#breadcrumb\"},\"inLanguage\":\"es\",\"potentialAction\":[{\"@type\":\"ReadAction\",\"target\":[\"https:\\\/\\\/www.eldiario.net\\\/portal\\\/2025\\\/05\\\/06\\\/conflicto-por-la-basura-en-cochabamba-deja-30-heridos\\\/\"]}]},{\"@type\":\"ImageObject\",\"inLanguage\":\"es\",\"@id\":\"https:\\\/\\\/www.eldiario.net\\\/portal\\\/2025\\\/05\\\/06\\\/conflicto-por-la-basura-en-cochabamba-deja-30-heridos\\\/#primaryimage\",\"url\":\"https:\\\/\\\/www.eldiario.net\\\/portal\\\/wp-content\\\/uploads\\\/2025\\\/05\\\/HERIDOS-FOTO.jpg\",\"contentUrl\":\"https:\\\/\\\/www.eldiario.net\\\/portal\\\/wp-content\\\/uploads\\\/2025\\\/05\\\/HERIDOS-FOTO.jpg\",\"width\":1200,\"height\":800,\"caption\":\"UNA DE LOS GUARDIAS MUNICIPALES CON UNA HERIDA EN LA CABEZA. FOTO: GAMC\"},{\"@type\":\"BreadcrumbList\",\"@id\":\"https:\\\/\\\/www.eldiario.net\\\/portal\\\/2025\\\/05\\\/06\\\/conflicto-por-la-basura-en-cochabamba-deja-30-heridos\\\/#breadcrumb\",\"itemListElement\":[{\"@type\":\"ListItem\",\"position\":1,\"name\":\"Portada\",\"item\":\"https:\\\/\\\/www.eldiario.net\\\/portal\\\/\"},{\"@type\":\"ListItem\",\"position\":2,\"name\":\"Conflicto por la basura en Cochabamba deja 30 heridos\"}]},{\"@type\":\"WebSite\",\"@id\":\"https:\\\/\\\/www.eldiario.net\\\/portal\\\/#website\",\"url\":\"https:\\\/\\\/www.eldiario.net\\\/portal\\\/\",\"name\":\"El Diario - Decano de la prensa nacional\",\"description\":\"El Diario - Decano de la prensa nacional\",\"publisher\":{\"@id\":\"https:\\\/\\\/www.eldiario.net\\\/portal\\\/#organization\"},\"potentialAction\":[{\"@type\":\"SearchAction\",\"target\":{\"@type\":\"EntryPoint\",\"urlTemplate\":\"https:\\\/\\\/www.eldiario.net\\\/portal\\\/?s={search_term_string}\"},\"query-input\":{\"@type\":\"PropertyValueSpecification\",\"valueRequired\":true,\"valueName\":\"search_term_string\"}}],\"inLanguage\":\"es\"},{\"@type\":\"Organization\",\"@id\":\"https:\\\/\\\/www.eldiario.net\\\/portal\\\/#organization\",\"name\":\"El Diario - Decano de la prensa nacional\",\"url\":\"https:\\\/\\\/www.eldiario.net\\\/portal\\\/\",\"logo\":{\"@type\":\"ImageObject\",\"inLanguage\":\"es\",\"@id\":\"https:\\\/\\\/www.eldiario.net\\\/portal\\\/#\\\/schema\\\/logo\\\/image\\\/\",\"url\":\"https:\\\/\\\/www.eldiario.net\\\/portal\\\/wp-content\\\/uploads\\\/2023\\\/07\\\/logo_ED.jpg\",\"contentUrl\":\"https:\\\/\\\/www.eldiario.net\\\/portal\\\/wp-content\\\/uploads\\\/2023\\\/07\\\/logo_ED.jpg\",\"width\":272,\"height\":52,\"caption\":\"El Diario - Decano de la prensa nacional\"},\"image\":{\"@id\":\"https:\\\/\\\/www.eldiario.net\\\/portal\\\/#\\\/schema\\\/logo\\\/image\\\/\"},\"sameAs\":[\"https:\\\/\\\/www.facebook.com\\\/eldiario.bolivia\\\/\",\"https:\\\/\\\/x.com\\\/eldiario_net\"]},{\"@type\":\"Person\",\"@id\":\"https:\\\/\\\/www.eldiario.net\\\/portal\\\/#\\\/schema\\\/person\\\/f46445640444750d7d753ccd04ae01b7\",\"name\":\"Jeanette\",\"image\":{\"@type\":\"ImageObject\",\"inLanguage\":\"es\",\"@id\":\"https:\\\/\\\/secure.gravatar.com\\\/avatar\\\/3ea2118a5f7dad2b7138b1187a6b7ee55f160b9968b66013c3a3ef39dd7e5798?s=96&d=mm&r=g\",\"url\":\"https:\\\/\\\/secure.gravatar.com\\\/avatar\\\/3ea2118a5f7dad2b7138b1187a6b7ee55f160b9968b66013c3a3ef39dd7e5798?s=96&d=mm&r=g\",\"contentUrl\":\"https:\\\/\\\/secure.gravatar.com\\\/avatar\\\/3ea2118a5f7dad2b7138b1187a6b7ee55f160b9968b66013c3a3ef39dd7e5798?s=96&d=mm&r=g\",\"caption\":\"Jeanette\"},\"sameAs\":[\"https:\\\/\\\/www.eldiario.net\\\/portal\"],\"url\":\"https:\\\/\\\/www.eldiario.net\\\/portal\\\/author\\\/jeanette\\\/\"}]}<\/script>\n<!-- \/ Yoast SEO plugin. -->","yoast_head_json":{"title":"Conflicto por la basura en Cochabamba deja 30 heridos - El Diario - Bolivia","robots":{"index":"index","follow":"follow","max-snippet":"max-snippet:-1","max-image-preview":"max-image-preview:large","max-video-preview":"max-video-preview:-1"},"canonical":"https:\/\/www.eldiario.net\/portal\/2025\/05\/06\/conflicto-por-la-basura-en-cochabamba-deja-30-heridos\/","og_locale":"es_ES","og_type":"article","og_title":"Conflicto por la basura en Cochabamba deja 30 heridos - El Diario - Bolivia","og_description":"El conflicto por el tratamiento de la basura generada en la ciudad de Cochabamba ayer alcanz\u00f3 niveles muy violentos. En el municipio de Colcapirhua se registraron enfrentamientos con un saldo de m\u00e1s de 30 heridos. El director del Hospital del Sur, Fernando Encinas, inform\u00f3 que la tarde de ayer se atendieron a 22 personas, entre [&hellip;]","og_url":"https:\/\/www.eldiario.net\/portal\/2025\/05\/06\/conflicto-por-la-basura-en-cochabamba-deja-30-heridos\/","og_site_name":"El Diario - Bolivia","article_publisher":"https:\/\/www.facebook.com\/eldiario.bolivia\/","article_published_time":"2025-05-06T10:05:19+00:00","og_image":[{"width":1200,"height":800,"url":"https:\/\/www.eldiario.net\/portal\/wp-content\/uploads\/2025\/05\/HERIDOS-FOTO.jpg","type":"image\/jpeg"}],"author":"Jeanette","twitter_card":"summary_large_image","twitter_creator":"@eldiario_net","twitter_site":"@eldiario_net","twitter_misc":{"Escrito por":"Jeanette","Tiempo de lectura":"2 minutos"},"schema":{"@context":"https:\/\/schema.org","@graph":[{"@type":"Article","@id":"https:\/\/www.eldiario.net\/portal\/2025\/05\/06\/conflicto-por-la-basura-en-cochabamba-deja-30-heridos\/#article","isPartOf":{"@id":"https:\/\/www.eldiario.net\/portal\/2025\/05\/06\/conflicto-por-la-basura-en-cochabamba-deja-30-heridos\/"},"author":{"name":"Jeanette","@id":"https:\/\/www.eldiario.net\/portal\/#\/schema\/person\/f46445640444750d7d753ccd04ae01b7"},"headline":"Conflicto por la basura en Cochabamba deja 30 heridos","datePublished":"2025-05-06T10:05:19+00:00","mainEntityOfPage":{"@id":"https:\/\/www.eldiario.net\/portal\/2025\/05\/06\/conflicto-por-la-basura-en-cochabamba-deja-30-heridos\/"},"wordCount":218,"publisher":{"@id":"https:\/\/www.eldiario.net\/portal\/#organization"},"image":{"@id":"https:\/\/www.eldiario.net\/portal\/2025\/05\/06\/conflicto-por-la-basura-en-cochabamba-deja-30-heridos\/#primaryimage"},"thumbnailUrl":"https:\/\/www.eldiario.net\/portal\/wp-content\/uploads\/2025\/05\/HERIDOS-FOTO.jpg","articleSection":["Portada"],"inLanguage":"es"},{"@type":"WebPage","@id":"https:\/\/www.eldiario.net\/portal\/2025\/05\/06\/conflicto-por-la-basura-en-cochabamba-deja-30-heridos\/","url":"https:\/\/www.eldiario.net\/portal\/2025\/05\/06\/conflicto-por-la-basura-en-cochabamba-deja-30-heridos\/","name":"Conflicto por la basura en Cochabamba deja 30 heridos - El Diario - Bolivia","isPartOf":{"@id":"https:\/\/www.eldiario.net\/portal\/#website"},"primaryImageOfPage":{"@id":"https:\/\/www.eldiario.net\/portal\/2025\/05\/06\/conflicto-por-la-basura-en-cochabamba-deja-30-heridos\/#primaryimage"},"image":{"@id":"https:\/\/www.eldiario.net\/portal\/2025\/05\/06\/conflicto-por-la-basura-en-cochabamba-deja-30-heridos\/#primaryimage"},"thumbnailUrl":"https:\/\/www.eldiario.net\/portal\/wp-content\/uploads\/2025\/05\/HERIDOS-FOTO.jpg","datePublished":"2025-05-06T10:05:19+00:00","breadcrumb":{"@id":"https:\/\/www.eldiario.net\/portal\/2025\/05\/06\/conflicto-por-la-basura-en-cochabamba-deja-30-heridos\/#breadcrumb"},"inLanguage":"es","potentialAction":[{"@type":"ReadAction","target":["https:\/\/www.eldiario.net\/portal\/2025\/05\/06\/conflicto-por-la-basura-en-cochabamba-deja-30-heridos\/"]}]},{"@type":"ImageObject","inLanguage":"es","@id":"https:\/\/www.eldiario.net\/portal\/2025\/05\/06\/conflicto-por-la-basura-en-cochabamba-deja-30-heridos\/#primaryimage","url":"https:\/\/www.eldiario.net\/portal\/wp-content\/uploads\/2025\/05\/HERIDOS-FOTO.jpg","contentUrl":"https:\/\/www.eldiario.net\/portal\/wp-content\/uploads\/2025\/05\/HERIDOS-FOTO.jpg","width":1200,"height":800,"caption":"UNA DE LOS GUARDIAS MUNICIPALES CON UNA HERIDA EN LA CABEZA. FOTO: GAMC"},{"@type":"BreadcrumbList","@id":"https:\/\/www.eldiario.net\/portal\/2025\/05\/06\/conflicto-por-la-basura-en-cochabamba-deja-30-heridos\/#breadcrumb","itemListElement":[{"@type":"ListItem","position":1,"name":"Portada","item":"https:\/\/www.eldiario.net\/portal\/"},{"@type":"ListItem","position":2,"name":"Conflicto por la basura en Cochabamba deja 30 heridos"}]},{"@type":"WebSite","@id":"https:\/\/www.eldiario.net\/portal\/#website","url":"https:\/\/www.eldiario.net\/portal\/","name":"El Diario - Decano de la prensa nacional","description":"El Diario - Decano de la prensa nacional","publisher":{"@id":"https:\/\/www.eldiario.net\/portal\/#organization"},"potentialAction":[{"@type":"SearchAction","target":{"@type":"EntryPoint","urlTemplate":"https:\/\/www.eldiario.net\/portal\/?s={search_term_string}"},"query-input":{"@type":"PropertyValueSpecification","valueRequired":true,"valueName":"search_term_string"}}],"inLanguage":"es"},{"@type":"Organization","@id":"https:\/\/www.eldiario.net\/portal\/#organization","name":"El Diario - Decano de la prensa nacional","url":"https:\/\/www.eldiario.net\/portal\/","logo":{"@type":"ImageObject","inLanguage":"es","@id":"https:\/\/www.eldiario.net\/portal\/#\/schema\/logo\/image\/","url":"https:\/\/www.eldiario.net\/portal\/wp-content\/uploads\/2023\/07\/logo_ED.jpg","contentUrl":"https:\/\/www.eldiario.net\/portal\/wp-content\/uploads\/2023\/07\/logo_ED.jpg","width":272,"height":52,"caption":"El Diario - Decano de la prensa nacional"},"image":{"@id":"https:\/\/www.eldiario.net\/portal\/#\/schema\/logo\/image\/"},"sameAs":["https:\/\/www.facebook.com\/eldiario.bolivia\/","https:\/\/x.com\/eldiario_net"]},{"@type":"Person","@id":"https:\/\/www.eldiario.net\/portal\/#\/schema\/person\/f46445640444750d7d753ccd04ae01b7","name":"Jeanette","image":{"@type":"ImageObject","inLanguage":"es","@id":"https:\/\/secure.gravatar.com\/avatar\/3ea2118a5f7dad2b7138b1187a6b7ee55f160b9968b66013c3a3ef39dd7e5798?s=96&d=mm&r=g","url":"https:\/\/secure.gravatar.com\/avatar\/3ea2118a5f7dad2b7138b1187a6b7ee55f160b9968b66013c3a3ef39dd7e5798?s=96&d=mm&r=g","contentUrl":"https:\/\/secure.gravatar.com\/avatar\/3ea2118a5f7dad2b7138b1187a6b7ee55f160b9968b66013c3a3ef39dd7e5798?s=96&d=mm&r=g","caption":"Jeanette"},"sameAs":["https:\/\/www.eldiario.net\/portal"],"url":"https:\/\/www.eldiario.net\/portal\/author\/jeanette\/"}]}},"_links":{"self":[{"href":"https:\/\/www.eldiario.net\/portal\/wp-json\/wp\/v2\/posts\/300321","targetHints":{"allow":["GET"]}}],"collection":[{"href":"https:\/\/www.eldiario.net\/portal\/wp-json\/wp\/v2\/posts"}],"about":[{"href":"https:\/\/www.eldiario.net\/portal\/wp-json\/wp\/v2\/types\/post"}],"author":[{"embeddable":true,"href":"https:\/\/www.eldiario.net\/portal\/wp-json\/wp\/v2\/users\/1"}],"replies":[{"embeddable":true,"href":"https:\/\/www.eldiario.net\/portal\/wp-json\/wp\/v2\/comments?post=300321"}],"version-history":[{"count":1,"href":"https:\/\/www.eldiario.net\/portal\/wp-json\/wp\/v2\/posts\/300321\/revisions"}],"predecessor-version":[{"id":300323,"href":"https:\/\/www.eldiario.net\/portal\/wp-json\/wp\/v2\/posts\/300321\/revisions\/300323"}],"wp:featuredmedia":[{"embeddable":true,"href":"https:\/\/www.eldiario.net\/portal\/wp-json\/wp\/v2\/media\/300322"}],"wp:attachment":[{"href":"https:\/\/www.eldiario.net\/portal\/wp-json\/wp\/v2\/media?parent=300321"}],"wp:term":[{"taxonomy":"category","embeddable":true,"href":"https:\/\/www.eldiario.net\/portal\/wp-json\/wp\/v2\/categories?post=300321"},{"taxonomy":"post_tag","embeddable":true,"href":"https:\/\/www.eldiario.net\/portal\/wp-json\/wp\/v2\/tags?post=300321"}],"curies":[{"name":"wp","href":"https:\/\/api.w.org\/{rel}","templated":true}]}}