{"id":299546,"date":"2025-05-03T06:12:10","date_gmt":"2025-05-03T10:12:10","guid":{"rendered":"https:\/\/www.eldiario.net\/portal\/?p=299546"},"modified":"2025-05-03T06:12:10","modified_gmt":"2025-05-03T10:12:10","slug":"aerolinea-internacional-y-dos-nacionales-operaran-en-bolivia","status":"publish","type":"post","link":"https:\/\/www.eldiario.net\/portal\/2025\/05\/03\/aerolinea-internacional-y-dos-nacionales-operaran-en-bolivia\/","title":{"rendered":"Aerol\u00ednea internacional y dos nacionales operar\u00e1n en Bolivia"},"content":{"rendered":"<p>La aerol\u00ednea argentina Flybondi y las empresas bolivianas Andina Airlines y Go Airlines completaron los tr\u00e1mites y lograron la autorizaci\u00f3n de la Direcci\u00f3n General de Aeron\u00e1utica Civil (DGAC) para operar en el pa\u00eds.<br \/>\nEl director de la DGAC, Jos\u00e9 Garc\u00eda, inform\u00f3 que la empresa internacional podr\u00e1 volar en Bolivia y hacia rutas internacionales, mientras que las otras dos, cubrir\u00e1n destinos nacionales.<br \/>\n\u201cFlybondi, que es internacional, ya est\u00e1 autorizada para operar, ya ha completado totalmente las cinco fases, inclusive la fase de demostraci\u00f3n, simplemente su itinerario ser\u00e1 aprobado en funci\u00f3n a la disponibilidad de flota\u201d, confirm\u00f3.<br \/>\nPr\u00f3ximamente, se podr\u00eda sumar y entrar a Bolivia la empresa dominica Arajet, ya que en la actualidad se encuentra en pen\u00faltima fase del tr\u00e1mite y solo le falta la Fase de Demostraci\u00f3n, anunci\u00f3 Garc\u00eda.<br \/>\nCon relaci\u00f3n a la empresa nacional Andina Airlines, indic\u00f3 que est\u00e1 en pleno proceso de certificaci\u00f3n, en tanto que Go Airlines, est\u00e1 en la Fase 1.<br \/>\n\u201cAmbas (Andina Airlines y Go Airlines) tambi\u00e9n est\u00e1n sujetas a la disponibilidad de flota, una est\u00e1 pensando operar con la aeronave CRJ Bombardier, que ya ha presentado las aeronaves, simplemente le falta completar su per\u00edodo\u201d, a\u00f1adi\u00f3.<br \/>\nSe tiene previsto que las dos aerol\u00edneas se preparan para incursionar en per\u00edodos de temporada alta, entre junio y noviembre. (Erbol)<\/p>\n","protected":false},"excerpt":{"rendered":"<p>La aerol\u00ednea argentina Flybondi y las empresas bolivianas Andina Airlines y Go Airlines completaron los tr\u00e1mites y lograron la autorizaci\u00f3n de la Direcci\u00f3n General de Aeron\u00e1utica Civil (DGAC) para operar en el pa\u00eds. El director de la DGAC, Jos\u00e9 Garc\u00eda, inform\u00f3 que la empresa internacional podr\u00e1 volar en Bolivia y hacia rutas internacionales, mientras que [&hellip;]<\/p>\n","protected":false},"author":1,"featured_media":299547,"comment_status":"closed","ping_status":"open","sticky":false,"template":"","format":"standard","meta":{"_acf_changed":false,"footnotes":""},"categories":[15],"tags":[],"class_list":["post-299546","post","type-post","status-publish","format-standard","has-post-thumbnail","category-portada"],"acf":{"antetitulo":"Seg\u00fan DGAC"},"yoast_head":"<!-- This site is optimized with the Yoast SEO plugin v28.3 - https:\/\/yoast.com\/product\/yoast-seo-wordpress\/ -->\n<title>Aerol\u00ednea internacional y dos nacionales operar\u00e1n en Bolivia - El Diario - Bolivia<\/title>\n<meta name=\"robots\" content=\"index, follow, max-snippet:-1, max-image-preview:large, max-video-preview:-1\" \/>\n<link rel=\"canonical\" href=\"https:\/\/www.eldiario.net\/portal\/2025\/05\/03\/aerolinea-internacional-y-dos-nacionales-operaran-en-bolivia\/\" \/>\n<meta property=\"og:locale\" content=\"es_ES\" \/>\n<meta property=\"og:type\" content=\"article\" \/>\n<meta property=\"og:title\" content=\"Aerol\u00ednea internacional y dos nacionales operar\u00e1n en Bolivia - El Diario - Bolivia\" \/>\n<meta property=\"og:description\" content=\"La aerol\u00ednea argentina Flybondi y las empresas bolivianas Andina Airlines y Go Airlines completaron los tr\u00e1mites y lograron la autorizaci\u00f3n de la Direcci\u00f3n General de Aeron\u00e1utica Civil (DGAC) para operar en el pa\u00eds. El director de la DGAC, Jos\u00e9 Garc\u00eda, inform\u00f3 que la empresa internacional podr\u00e1 volar en Bolivia y hacia rutas internacionales, mientras que [&hellip;]\" \/>\n<meta property=\"og:url\" content=\"https:\/\/www.eldiario.net\/portal\/2025\/05\/03\/aerolinea-internacional-y-dos-nacionales-operaran-en-bolivia\/\" \/>\n<meta property=\"og:site_name\" content=\"El Diario - Bolivia\" \/>\n<meta property=\"article:publisher\" content=\"https:\/\/www.facebook.com\/eldiario.bolivia\/\" \/>\n<meta property=\"article:published_time\" content=\"2025-05-03T10:12:10+00:00\" \/>\n<meta property=\"og:image\" content=\"https:\/\/www.eldiario.net\/portal\/wp-content\/uploads\/2025\/05\/aerolineas-Flybondi.jpg\" \/>\n\t<meta property=\"og:image:width\" content=\"655\" \/>\n\t<meta property=\"og:image:height\" content=\"360\" \/>\n\t<meta property=\"og:image:type\" content=\"image\/jpeg\" \/>\n<meta name=\"author\" content=\"Jeanette\" \/>\n<meta name=\"twitter:card\" content=\"summary_large_image\" \/>\n<meta name=\"twitter:creator\" content=\"@eldiario_net\" \/>\n<meta name=\"twitter:site\" content=\"@eldiario_net\" \/>\n<meta name=\"twitter:label1\" content=\"Escrito por\" \/>\n\t<meta name=\"twitter:data1\" content=\"Jeanette\" \/>\n\t<meta name=\"twitter:label2\" content=\"Tiempo de lectura\" \/>\n\t<meta name=\"twitter:data2\" content=\"2 minutos\" \/>\n<script type=\"application\/ld+json\" class=\"yoast-schema-graph\">{\"@context\":\"https:\\\/\\\/schema.org\",\"@graph\":[{\"@type\":\"Article\",\"@id\":\"https:\\\/\\\/www.eldiario.net\\\/portal\\\/2025\\\/05\\\/03\\\/aerolinea-internacional-y-dos-nacionales-operaran-en-bolivia\\\/#article\",\"isPartOf\":{\"@id\":\"https:\\\/\\\/www.eldiario.net\\\/portal\\\/2025\\\/05\\\/03\\\/aerolinea-internacional-y-dos-nacionales-operaran-en-bolivia\\\/\"},\"author\":{\"name\":\"Jeanette\",\"@id\":\"https:\\\/\\\/www.eldiario.net\\\/portal\\\/#\\\/schema\\\/person\\\/f46445640444750d7d753ccd04ae01b7\"},\"headline\":\"Aerol\u00ednea internacional y dos nacionales operar\u00e1n en Bolivia\",\"datePublished\":\"2025-05-03T10:12:10+00:00\",\"mainEntityOfPage\":{\"@id\":\"https:\\\/\\\/www.eldiario.net\\\/portal\\\/2025\\\/05\\\/03\\\/aerolinea-internacional-y-dos-nacionales-operaran-en-bolivia\\\/\"},\"wordCount\":245,\"publisher\":{\"@id\":\"https:\\\/\\\/www.eldiario.net\\\/portal\\\/#organization\"},\"image\":{\"@id\":\"https:\\\/\\\/www.eldiario.net\\\/portal\\\/2025\\\/05\\\/03\\\/aerolinea-internacional-y-dos-nacionales-operaran-en-bolivia\\\/#primaryimage\"},\"thumbnailUrl\":\"https:\\\/\\\/www.eldiario.net\\\/portal\\\/wp-content\\\/uploads\\\/2025\\\/05\\\/aerolineas-Flybondi.jpg\",\"articleSection\":[\"Portada\"],\"inLanguage\":\"es\"},{\"@type\":\"WebPage\",\"@id\":\"https:\\\/\\\/www.eldiario.net\\\/portal\\\/2025\\\/05\\\/03\\\/aerolinea-internacional-y-dos-nacionales-operaran-en-bolivia\\\/\",\"url\":\"https:\\\/\\\/www.eldiario.net\\\/portal\\\/2025\\\/05\\\/03\\\/aerolinea-internacional-y-dos-nacionales-operaran-en-bolivia\\\/\",\"name\":\"Aerol\u00ednea internacional y dos nacionales operar\u00e1n en Bolivia - El Diario - Bolivia\",\"isPartOf\":{\"@id\":\"https:\\\/\\\/www.eldiario.net\\\/portal\\\/#website\"},\"primaryImageOfPage\":{\"@id\":\"https:\\\/\\\/www.eldiario.net\\\/portal\\\/2025\\\/05\\\/03\\\/aerolinea-internacional-y-dos-nacionales-operaran-en-bolivia\\\/#primaryimage\"},\"image\":{\"@id\":\"https:\\\/\\\/www.eldiario.net\\\/portal\\\/2025\\\/05\\\/03\\\/aerolinea-internacional-y-dos-nacionales-operaran-en-bolivia\\\/#primaryimage\"},\"thumbnailUrl\":\"https:\\\/\\\/www.eldiario.net\\\/portal\\\/wp-content\\\/uploads\\\/2025\\\/05\\\/aerolineas-Flybondi.jpg\",\"datePublished\":\"2025-05-03T10:12:10+00:00\",\"breadcrumb\":{\"@id\":\"https:\\\/\\\/www.eldiario.net\\\/portal\\\/2025\\\/05\\\/03\\\/aerolinea-internacional-y-dos-nacionales-operaran-en-bolivia\\\/#breadcrumb\"},\"inLanguage\":\"es\",\"potentialAction\":[{\"@type\":\"ReadAction\",\"target\":[\"https:\\\/\\\/www.eldiario.net\\\/portal\\\/2025\\\/05\\\/03\\\/aerolinea-internacional-y-dos-nacionales-operaran-en-bolivia\\\/\"]}]},{\"@type\":\"ImageObject\",\"inLanguage\":\"es\",\"@id\":\"https:\\\/\\\/www.eldiario.net\\\/portal\\\/2025\\\/05\\\/03\\\/aerolinea-internacional-y-dos-nacionales-operaran-en-bolivia\\\/#primaryimage\",\"url\":\"https:\\\/\\\/www.eldiario.net\\\/portal\\\/wp-content\\\/uploads\\\/2025\\\/05\\\/aerolineas-Flybondi.jpg\",\"contentUrl\":\"https:\\\/\\\/www.eldiario.net\\\/portal\\\/wp-content\\\/uploads\\\/2025\\\/05\\\/aerolineas-Flybondi.jpg\",\"width\":655,\"height\":360},{\"@type\":\"BreadcrumbList\",\"@id\":\"https:\\\/\\\/www.eldiario.net\\\/portal\\\/2025\\\/05\\\/03\\\/aerolinea-internacional-y-dos-nacionales-operaran-en-bolivia\\\/#breadcrumb\",\"itemListElement\":[{\"@type\":\"ListItem\",\"position\":1,\"name\":\"Portada\",\"item\":\"https:\\\/\\\/www.eldiario.net\\\/portal\\\/\"},{\"@type\":\"ListItem\",\"position\":2,\"name\":\"Aerol\u00ednea internacional y dos nacionales operar\u00e1n en Bolivia\"}]},{\"@type\":\"WebSite\",\"@id\":\"https:\\\/\\\/www.eldiario.net\\\/portal\\\/#website\",\"url\":\"https:\\\/\\\/www.eldiario.net\\\/portal\\\/\",\"name\":\"El Diario - Decano de la prensa nacional\",\"description\":\"El Diario - Decano de la prensa nacional\",\"publisher\":{\"@id\":\"https:\\\/\\\/www.eldiario.net\\\/portal\\\/#organization\"},\"potentialAction\":[{\"@type\":\"SearchAction\",\"target\":{\"@type\":\"EntryPoint\",\"urlTemplate\":\"https:\\\/\\\/www.eldiario.net\\\/portal\\\/?s={search_term_string}\"},\"query-input\":{\"@type\":\"PropertyValueSpecification\",\"valueRequired\":true,\"valueName\":\"search_term_string\"}}],\"inLanguage\":\"es\"},{\"@type\":\"Organization\",\"@id\":\"https:\\\/\\\/www.eldiario.net\\\/portal\\\/#organization\",\"name\":\"El Diario - Decano de la prensa nacional\",\"url\":\"https:\\\/\\\/www.eldiario.net\\\/portal\\\/\",\"logo\":{\"@type\":\"ImageObject\",\"inLanguage\":\"es\",\"@id\":\"https:\\\/\\\/www.eldiario.net\\\/portal\\\/#\\\/schema\\\/logo\\\/image\\\/\",\"url\":\"https:\\\/\\\/www.eldiario.net\\\/portal\\\/wp-content\\\/uploads\\\/2023\\\/07\\\/logo_ED.jpg\",\"contentUrl\":\"https:\\\/\\\/www.eldiario.net\\\/portal\\\/wp-content\\\/uploads\\\/2023\\\/07\\\/logo_ED.jpg\",\"width\":272,\"height\":52,\"caption\":\"El Diario - Decano de la prensa nacional\"},\"image\":{\"@id\":\"https:\\\/\\\/www.eldiario.net\\\/portal\\\/#\\\/schema\\\/logo\\\/image\\\/\"},\"sameAs\":[\"https:\\\/\\\/www.facebook.com\\\/eldiario.bolivia\\\/\",\"https:\\\/\\\/x.com\\\/eldiario_net\"]},{\"@type\":\"Person\",\"@id\":\"https:\\\/\\\/www.eldiario.net\\\/portal\\\/#\\\/schema\\\/person\\\/f46445640444750d7d753ccd04ae01b7\",\"name\":\"Jeanette\",\"image\":{\"@type\":\"ImageObject\",\"inLanguage\":\"es\",\"@id\":\"https:\\\/\\\/secure.gravatar.com\\\/avatar\\\/3ea2118a5f7dad2b7138b1187a6b7ee55f160b9968b66013c3a3ef39dd7e5798?s=96&d=mm&r=g\",\"url\":\"https:\\\/\\\/secure.gravatar.com\\\/avatar\\\/3ea2118a5f7dad2b7138b1187a6b7ee55f160b9968b66013c3a3ef39dd7e5798?s=96&d=mm&r=g\",\"contentUrl\":\"https:\\\/\\\/secure.gravatar.com\\\/avatar\\\/3ea2118a5f7dad2b7138b1187a6b7ee55f160b9968b66013c3a3ef39dd7e5798?s=96&d=mm&r=g\",\"caption\":\"Jeanette\"},\"sameAs\":[\"https:\\\/\\\/www.eldiario.net\\\/portal\"],\"url\":\"https:\\\/\\\/www.eldiario.net\\\/portal\\\/author\\\/jeanette\\\/\"}]}<\/script>\n<!-- \/ Yoast SEO plugin. -->","yoast_head_json":{"title":"Aerol\u00ednea internacional y dos nacionales operar\u00e1n en Bolivia - El Diario - Bolivia","robots":{"index":"index","follow":"follow","max-snippet":"max-snippet:-1","max-image-preview":"max-image-preview:large","max-video-preview":"max-video-preview:-1"},"canonical":"https:\/\/www.eldiario.net\/portal\/2025\/05\/03\/aerolinea-internacional-y-dos-nacionales-operaran-en-bolivia\/","og_locale":"es_ES","og_type":"article","og_title":"Aerol\u00ednea internacional y dos nacionales operar\u00e1n en Bolivia - El Diario - Bolivia","og_description":"La aerol\u00ednea argentina Flybondi y las empresas bolivianas Andina Airlines y Go Airlines completaron los tr\u00e1mites y lograron la autorizaci\u00f3n de la Direcci\u00f3n General de Aeron\u00e1utica Civil (DGAC) para operar en el pa\u00eds. El director de la DGAC, Jos\u00e9 Garc\u00eda, inform\u00f3 que la empresa internacional podr\u00e1 volar en Bolivia y hacia rutas internacionales, mientras que [&hellip;]","og_url":"https:\/\/www.eldiario.net\/portal\/2025\/05\/03\/aerolinea-internacional-y-dos-nacionales-operaran-en-bolivia\/","og_site_name":"El Diario - Bolivia","article_publisher":"https:\/\/www.facebook.com\/eldiario.bolivia\/","article_published_time":"2025-05-03T10:12:10+00:00","og_image":[{"width":655,"height":360,"url":"https:\/\/www.eldiario.net\/portal\/wp-content\/uploads\/2025\/05\/aerolineas-Flybondi.jpg","type":"image\/jpeg"}],"author":"Jeanette","twitter_card":"summary_large_image","twitter_creator":"@eldiario_net","twitter_site":"@eldiario_net","twitter_misc":{"Escrito por":"Jeanette","Tiempo de lectura":"2 minutos"},"schema":{"@context":"https:\/\/schema.org","@graph":[{"@type":"Article","@id":"https:\/\/www.eldiario.net\/portal\/2025\/05\/03\/aerolinea-internacional-y-dos-nacionales-operaran-en-bolivia\/#article","isPartOf":{"@id":"https:\/\/www.eldiario.net\/portal\/2025\/05\/03\/aerolinea-internacional-y-dos-nacionales-operaran-en-bolivia\/"},"author":{"name":"Jeanette","@id":"https:\/\/www.eldiario.net\/portal\/#\/schema\/person\/f46445640444750d7d753ccd04ae01b7"},"headline":"Aerol\u00ednea internacional y dos nacionales operar\u00e1n en Bolivia","datePublished":"2025-05-03T10:12:10+00:00","mainEntityOfPage":{"@id":"https:\/\/www.eldiario.net\/portal\/2025\/05\/03\/aerolinea-internacional-y-dos-nacionales-operaran-en-bolivia\/"},"wordCount":245,"publisher":{"@id":"https:\/\/www.eldiario.net\/portal\/#organization"},"image":{"@id":"https:\/\/www.eldiario.net\/portal\/2025\/05\/03\/aerolinea-internacional-y-dos-nacionales-operaran-en-bolivia\/#primaryimage"},"thumbnailUrl":"https:\/\/www.eldiario.net\/portal\/wp-content\/uploads\/2025\/05\/aerolineas-Flybondi.jpg","articleSection":["Portada"],"inLanguage":"es"},{"@type":"WebPage","@id":"https:\/\/www.eldiario.net\/portal\/2025\/05\/03\/aerolinea-internacional-y-dos-nacionales-operaran-en-bolivia\/","url":"https:\/\/www.eldiario.net\/portal\/2025\/05\/03\/aerolinea-internacional-y-dos-nacionales-operaran-en-bolivia\/","name":"Aerol\u00ednea internacional y dos nacionales operar\u00e1n en Bolivia - El Diario - Bolivia","isPartOf":{"@id":"https:\/\/www.eldiario.net\/portal\/#website"},"primaryImageOfPage":{"@id":"https:\/\/www.eldiario.net\/portal\/2025\/05\/03\/aerolinea-internacional-y-dos-nacionales-operaran-en-bolivia\/#primaryimage"},"image":{"@id":"https:\/\/www.eldiario.net\/portal\/2025\/05\/03\/aerolinea-internacional-y-dos-nacionales-operaran-en-bolivia\/#primaryimage"},"thumbnailUrl":"https:\/\/www.eldiario.net\/portal\/wp-content\/uploads\/2025\/05\/aerolineas-Flybondi.jpg","datePublished":"2025-05-03T10:12:10+00:00","breadcrumb":{"@id":"https:\/\/www.eldiario.net\/portal\/2025\/05\/03\/aerolinea-internacional-y-dos-nacionales-operaran-en-bolivia\/#breadcrumb"},"inLanguage":"es","potentialAction":[{"@type":"ReadAction","target":["https:\/\/www.eldiario.net\/portal\/2025\/05\/03\/aerolinea-internacional-y-dos-nacionales-operaran-en-bolivia\/"]}]},{"@type":"ImageObject","inLanguage":"es","@id":"https:\/\/www.eldiario.net\/portal\/2025\/05\/03\/aerolinea-internacional-y-dos-nacionales-operaran-en-bolivia\/#primaryimage","url":"https:\/\/www.eldiario.net\/portal\/wp-content\/uploads\/2025\/05\/aerolineas-Flybondi.jpg","contentUrl":"https:\/\/www.eldiario.net\/portal\/wp-content\/uploads\/2025\/05\/aerolineas-Flybondi.jpg","width":655,"height":360},{"@type":"BreadcrumbList","@id":"https:\/\/www.eldiario.net\/portal\/2025\/05\/03\/aerolinea-internacional-y-dos-nacionales-operaran-en-bolivia\/#breadcrumb","itemListElement":[{"@type":"ListItem","position":1,"name":"Portada","item":"https:\/\/www.eldiario.net\/portal\/"},{"@type":"ListItem","position":2,"name":"Aerol\u00ednea internacional y dos nacionales operar\u00e1n en Bolivia"}]},{"@type":"WebSite","@id":"https:\/\/www.eldiario.net\/portal\/#website","url":"https:\/\/www.eldiario.net\/portal\/","name":"El Diario - Decano de la prensa nacional","description":"El Diario - Decano de la prensa nacional","publisher":{"@id":"https:\/\/www.eldiario.net\/portal\/#organization"},"potentialAction":[{"@type":"SearchAction","target":{"@type":"EntryPoint","urlTemplate":"https:\/\/www.eldiario.net\/portal\/?s={search_term_string}"},"query-input":{"@type":"PropertyValueSpecification","valueRequired":true,"valueName":"search_term_string"}}],"inLanguage":"es"},{"@type":"Organization","@id":"https:\/\/www.eldiario.net\/portal\/#organization","name":"El Diario - Decano de la prensa nacional","url":"https:\/\/www.eldiario.net\/portal\/","logo":{"@type":"ImageObject","inLanguage":"es","@id":"https:\/\/www.eldiario.net\/portal\/#\/schema\/logo\/image\/","url":"https:\/\/www.eldiario.net\/portal\/wp-content\/uploads\/2023\/07\/logo_ED.jpg","contentUrl":"https:\/\/www.eldiario.net\/portal\/wp-content\/uploads\/2023\/07\/logo_ED.jpg","width":272,"height":52,"caption":"El Diario - Decano de la prensa nacional"},"image":{"@id":"https:\/\/www.eldiario.net\/portal\/#\/schema\/logo\/image\/"},"sameAs":["https:\/\/www.facebook.com\/eldiario.bolivia\/","https:\/\/x.com\/eldiario_net"]},{"@type":"Person","@id":"https:\/\/www.eldiario.net\/portal\/#\/schema\/person\/f46445640444750d7d753ccd04ae01b7","name":"Jeanette","image":{"@type":"ImageObject","inLanguage":"es","@id":"https:\/\/secure.gravatar.com\/avatar\/3ea2118a5f7dad2b7138b1187a6b7ee55f160b9968b66013c3a3ef39dd7e5798?s=96&d=mm&r=g","url":"https:\/\/secure.gravatar.com\/avatar\/3ea2118a5f7dad2b7138b1187a6b7ee55f160b9968b66013c3a3ef39dd7e5798?s=96&d=mm&r=g","contentUrl":"https:\/\/secure.gravatar.com\/avatar\/3ea2118a5f7dad2b7138b1187a6b7ee55f160b9968b66013c3a3ef39dd7e5798?s=96&d=mm&r=g","caption":"Jeanette"},"sameAs":["https:\/\/www.eldiario.net\/portal"],"url":"https:\/\/www.eldiario.net\/portal\/author\/jeanette\/"}]}},"_links":{"self":[{"href":"https:\/\/www.eldiario.net\/portal\/wp-json\/wp\/v2\/posts\/299546","targetHints":{"allow":["GET"]}}],"collection":[{"href":"https:\/\/www.eldiario.net\/portal\/wp-json\/wp\/v2\/posts"}],"about":[{"href":"https:\/\/www.eldiario.net\/portal\/wp-json\/wp\/v2\/types\/post"}],"author":[{"embeddable":true,"href":"https:\/\/www.eldiario.net\/portal\/wp-json\/wp\/v2\/users\/1"}],"replies":[{"embeddable":true,"href":"https:\/\/www.eldiario.net\/portal\/wp-json\/wp\/v2\/comments?post=299546"}],"version-history":[{"count":1,"href":"https:\/\/www.eldiario.net\/portal\/wp-json\/wp\/v2\/posts\/299546\/revisions"}],"predecessor-version":[{"id":299548,"href":"https:\/\/www.eldiario.net\/portal\/wp-json\/wp\/v2\/posts\/299546\/revisions\/299548"}],"wp:featuredmedia":[{"embeddable":true,"href":"https:\/\/www.eldiario.net\/portal\/wp-json\/wp\/v2\/media\/299547"}],"wp:attachment":[{"href":"https:\/\/www.eldiario.net\/portal\/wp-json\/wp\/v2\/media?parent=299546"}],"wp:term":[{"taxonomy":"category","embeddable":true,"href":"https:\/\/www.eldiario.net\/portal\/wp-json\/wp\/v2\/categories?post=299546"},{"taxonomy":"post_tag","embeddable":true,"href":"https:\/\/www.eldiario.net\/portal\/wp-json\/wp\/v2\/tags?post=299546"}],"curies":[{"name":"wp","href":"https:\/\/api.w.org\/{rel}","templated":true}]}}