{"id":299534,"date":"2025-05-03T06:09:09","date_gmt":"2025-05-03T10:09:09","guid":{"rendered":"https:\/\/www.eldiario.net\/portal\/?p=299534"},"modified":"2025-05-03T06:09:09","modified_gmt":"2025-05-03T10:09:09","slug":"la-feria-internacional-del-libro-de-la-paz-alista-su-edicion-bicentenario","status":"publish","type":"post","link":"https:\/\/www.eldiario.net\/portal\/2025\/05\/03\/la-feria-internacional-del-libro-de-la-paz-alista-su-edicion-bicentenario\/","title":{"rendered":"La Feria Internacional del Libro de  La Paz alista su Edici\u00f3n Bicentenario"},"content":{"rendered":"<p>Con Francia como Pa\u00eds Invitado de Honor y Naciones Unidas como Instituci\u00f3n Invitada, la Feria Internacional del Libro de La Paz alista su Edici\u00f3n Bicentenario. La FIL La Paz se efectuar\u00e1 del 30 de julio al 10 de agosto en el Campo Ferial Chuquiago Marka, y entre las celebraciones a realizarse esta gesti\u00f3n, tambi\u00e9n estar\u00e1n los 80 a\u00f1os de la C\u00e1mara Departamental del Libro de La Paz (CDLLP), instituci\u00f3n organizadora del encuentro cultural y literario.<\/p>\n<p>En la 29\u00aa FIL La Paz, Francia har\u00e1 posible la llegada de destacados autores y contar\u00e1 con una muestra de su producci\u00f3n literaria. En las pr\u00f3ximas semanas se dar\u00e1 a conocer a los primeros invitados. Como se recordar\u00e1, este pa\u00eds fue el invitado de honor en la 1ra Feria Internacional del Libro de El Alto (FILEA), el a\u00f1o pasado, con una destacada y nutrida participaci\u00f3n.<\/p>\n<p>Asimismo, bajo el lema \u201c80 a\u00f1os de la ONU en el Bicentenario de Bolivia\u201d, esta organizaci\u00f3n internacional se sumar\u00e1 a los festejos con propuestas de todo tipo.<\/p>\n<p>\u201cPara la C\u00e1mara es un gusto contar con Francia y Naciones Unidas como invitados de la Feria Internacional del Libro de La Paz, ya que nos permitir\u00e1n tener un Programa Cultural diverso, con actividades para diversos p\u00fablicos\u201d, resalt\u00f3 el presidente de la CDLLP, Fernando Barrientos.<\/p>\n<p>Adem\u00e1s de la celebraci\u00f3n de la independencia de Bolivia, la feria conmemorar\u00e1 los 80 a\u00f1os de la CDLLP, instituci\u00f3n sin fines de lucro que agrupa a todas las personas naturales y jur\u00eddicas involucradas con la producci\u00f3n y distribuci\u00f3n de libros originales (editoriales, librer\u00edas, distribuidores, iniciativas de venta de libros a plazos y algunas ONG). Actualmente cuenta con 60 socios activos, siendo la instancia del sector que m\u00e1s editoriales y librer\u00edas agrupa a nivel nacional.<\/p>\n<p>En los pr\u00f3ximos d\u00edas, a trav\u00e9s de las redes sociales de la CDLLP y la FIL La Paz, ser\u00e1n lanzadas las convocatorias para el Programa Cultural. Inicialmente, se recibir\u00e1n propuestas para actividades destinadas a p\u00fablico infantil y propuestas art\u00edsticas; y, m\u00e1s adelante, podr\u00e1n solicitar espacio los organizadores de presentaciones de libros, conversatorios, actividades formativas y acad\u00e9micas.<\/p>\n<p>Asimismo, las Unidades Educativas podr\u00e1n programar su visita a la feria para participar en las diferentes actividades y espacios habilitados. El Director de Ferias, Jorge Dorval, indic\u00f3 que \u201cse est\u00e1 preparando una agenda diversa, que permitir\u00e1 la presencia e interacci\u00f3n de escritores internacionales y nacionales, y que se complementar\u00e1 con actividades art\u00edsticas y culturales\u201d.<\/p>\n<p>Desde 1996, la FIL La Paz es un espacio literario, cultural y art\u00edstico de relevancia nacional e internacional. En 2003 fue reconocida como \u201cPatrimonio Cultural de la Ciudad de La Paz\u201d por el impulso a la lectura y escritura, y promover el acceso al libro legal y el apoyo a la diversidad cultural boliviana.<\/p>\n<p>La Feria Internacional del Libro de La Paz atrae a m\u00e1s de 100 mil visitantes cada a\u00f1o, que junto a m\u00e1s de 150 expositores \u2014entre editoriales, librer\u00edas y distribuidores asociados a la CDLLP, as\u00ed como entidades p\u00fablicas y privadas representativas de la ciudad de La Paz y de Bolivia, adem\u00e1s de escritores y autores independientes\u2014, promueven y fomentan el acceso a libros legales. Asimismo, ofrece un amplio y variado Programa Cultural con actividades literarias, as\u00ed como presentaciones culturales y art\u00edsticas.<\/p>\n<p>En la pasada gesti\u00f3n, la FIL La Paz cont\u00f3 con un total de 101.657 visitantes. Pese a la coyuntura, la CDLLP indic\u00f3 que el evento alcanz\u00f3 las expectativas en cuanto a asistencia, ya que en 2023 se tuvo 99.000 asistentes.<\/p>\n<p>Adem\u00e1s de las presentaciones de libros, la feria tendr\u00e1 encuentro con autores nacionales, encuentro con autores internacionales, conversatorios, charlas, conferencias, talleres, presentaciones art\u00edsticas (cine, m\u00fasica, danza y teatro), exposiciones (fotograf\u00eda y artes pl\u00e1sticas), programaci\u00f3n infantil y mucho m\u00e1s.<\/p>\n<p>Para facilitar la compra de entradas y cumplir con la demanda de los asistentes a la Feria Internacional del Libro Edici\u00f3n Bicentenario, la organizaci\u00f3n dispondr\u00e1 la venta online a trav\u00e9s de una plataforma que ser\u00e1 anunciada pr\u00f3ximamente. La venta por Internet ofrece ventajas como: acceso al servicio desde la comodidad del hogar y a cualquier hora, y con diferentes m\u00e9todos de pago.<\/p>\n<p>Adem\u00e1s, al igual que el a\u00f1o pasado, la FIL La Paz ser\u00e1 una \u2018Zona Pet Friendly\u2019. Si bien no se restringe el ingreso de mascotas, se informar\u00e1 a los visitantes que los animales de compa\u00f1\u00eda son bienvenidos en el Campo Ferial. La \u00fanica recomendaci\u00f3n para quienes lo hagan es tomar precauciones para la comodidad de los asistentes y la suya propia.<\/p>\n<p>Se prev\u00e9 que en las pr\u00f3ximas semanas sean presentados la imagen de la feria y el Programa Cultural. Los interesados pueden encontrar m\u00e1s informaci\u00f3n a trav\u00e9s de las redes sociales de la FIL y la CDLLP en Facebook, Instagram, X y TikTok.<\/p>\n\r\n                <style type=\"text\/css\">\r\n                    \r\n                    #tdi_1  .td-doubleSlider-2 .td-item1 {\r\n                        background: url(https:\/\/www.eldiario.net\/portal\/wp-content\/uploads\/2025\/05\/5-80x60.jpg) 0 0 no-repeat;\r\n                    }\r\n                    #tdi_1  .td-doubleSlider-2 .td-item2 {\r\n                        background: url(https:\/\/www.eldiario.net\/portal\/wp-content\/uploads\/2025\/05\/1-PRINCIPAL-1-80x60.jpg) 0 0 no-repeat;\r\n                    }\r\n                    #tdi_1  .td-doubleSlider-2 .td-item3 {\r\n                        background: url(https:\/\/www.eldiario.net\/portal\/wp-content\/uploads\/2025\/05\/2-80x60.jpg) 0 0 no-repeat;\r\n                    }\r\n                    #tdi_1  .td-doubleSlider-2 .td-item4 {\r\n                        background: url(https:\/\/www.eldiario.net\/portal\/wp-content\/uploads\/2025\/05\/3-80x60.jpg) 0 0 no-repeat;\r\n                    }\r\n                    #tdi_1  .td-doubleSlider-2 .td-item5 {\r\n                        background: url(https:\/\/www.eldiario.net\/portal\/wp-content\/uploads\/2025\/05\/4-80x60.jpg) 0 0 no-repeat;\r\n                    }\r\n                <\/style>\r\n\r\n                <div id=\"tdi_1\" class=\"td-gallery td-slide-on-2-columns\">\r\n                    <div class=\"post_td_gallery\">\r\n                        <div class=\"td-gallery-slide-top\">\r\n                           <div class=\"td-gallery-title\"><\/div>\r\n\r\n                            <div class=\"td-gallery-controls-wrapper\">\r\n                                <div class=\"td-gallery-slide-count\"><span class=\"td-gallery-slide-item-focus\">1<\/span> de 5<\/div>\r\n                                <div class=\"td-gallery-slide-prev-next-but\">\r\n                                    <i class = \"td-icon-left doubleSliderPrevButton\"><\/i>\r\n                                    <i class = \"td-icon-right doubleSliderNextButton\"><\/i>\r\n                                <\/div>\r\n                            <\/div>\r\n                        <\/div>\r\n\r\n                        <div class = \"td-doubleSlider-1 \">\r\n                            <div class = \"td-slider\">\r\n                                \r\n                    <div class = \"td-slide-item td-item1\">\r\n                        <figure class=\"td-slide-galery-figure td-slide-popup-gallery\">\r\n                            <a class=\"slide-gallery-image-link\" href=\"https:\/\/www.eldiario.net\/portal\/wp-content\/uploads\/2025\/05\/5.jpg\" title=\"5\"  data-caption=\"\"  data-description=\"\">\r\n                                <img decoding=\"async\" src=\"https:\/\/www.eldiario.net\/portal\/wp-content\/uploads\/2025\/05\/5-527x420.jpg\" srcset=\"https:\/\/www.eldiario.net\/portal\/wp-content\/uploads\/2025\/05\/5-527x420.jpg 527w, https:\/\/www.eldiario.net\/portal\/wp-content\/uploads\/2025\/05\/5-300x239.jpg 300w, https:\/\/www.eldiario.net\/portal\/wp-content\/uploads\/2025\/05\/5-1024x817.jpg 1024w, https:\/\/www.eldiario.net\/portal\/wp-content\/uploads\/2025\/05\/5-768x612.jpg 768w, https:\/\/www.eldiario.net\/portal\/wp-content\/uploads\/2025\/05\/5-696x555.jpg 696w, https:\/\/www.eldiario.net\/portal\/wp-content\/uploads\/2025\/05\/5-1068x852.jpg 1068w, https:\/\/www.eldiario.net\/portal\/wp-content\/uploads\/2025\/05\/5.jpg 1200w\" sizes=\"(max-width: 527px) 100vw, 527px\" alt=\"\">\r\n                            <\/a>\r\n                            \r\n                        <\/figure>\r\n                    <\/div>\r\n                    <div class = \"td-slide-item td-item2\">\r\n                        <figure class=\"td-slide-galery-figure td-slide-popup-gallery\">\r\n                            <a class=\"slide-gallery-image-link\" href=\"https:\/\/www.eldiario.net\/portal\/wp-content\/uploads\/2025\/05\/1-PRINCIPAL-1.jpg\" title=\"1-PRINCIPAL\"  data-caption=\"\"  data-description=\"\">\r\n                                <img decoding=\"async\" src=\"https:\/\/www.eldiario.net\/portal\/wp-content\/uploads\/2025\/05\/1-PRINCIPAL-1-630x420.jpg\" srcset=\"https:\/\/www.eldiario.net\/portal\/wp-content\/uploads\/2025\/05\/1-PRINCIPAL-1-630x420.jpg 630w, https:\/\/www.eldiario.net\/portal\/wp-content\/uploads\/2025\/05\/1-PRINCIPAL-1-300x200.jpg 300w, https:\/\/www.eldiario.net\/portal\/wp-content\/uploads\/2025\/05\/1-PRINCIPAL-1-1024x683.jpg 1024w, https:\/\/www.eldiario.net\/portal\/wp-content\/uploads\/2025\/05\/1-PRINCIPAL-1-768x512.jpg 768w, https:\/\/www.eldiario.net\/portal\/wp-content\/uploads\/2025\/05\/1-PRINCIPAL-1-696x464.jpg 696w, https:\/\/www.eldiario.net\/portal\/wp-content\/uploads\/2025\/05\/1-PRINCIPAL-1-1068x712.jpg 1068w, https:\/\/www.eldiario.net\/portal\/wp-content\/uploads\/2025\/05\/1-PRINCIPAL-1.jpg 1200w\" sizes=\"(max-width: 630px) 100vw, 630px\" alt=\"\">\r\n                            <\/a>\r\n                            \r\n                        <\/figure>\r\n                    <\/div>\r\n                    <div class = \"td-slide-item td-item3\">\r\n                        <figure class=\"td-slide-galery-figure td-slide-popup-gallery\">\r\n                            <a class=\"slide-gallery-image-link\" href=\"https:\/\/www.eldiario.net\/portal\/wp-content\/uploads\/2025\/05\/2.jpg\" title=\"2\"  data-caption=\"\"  data-description=\"\">\r\n                                <img decoding=\"async\" src=\"https:\/\/www.eldiario.net\/portal\/wp-content\/uploads\/2025\/05\/2-630x420.jpg\" srcset=\"https:\/\/www.eldiario.net\/portal\/wp-content\/uploads\/2025\/05\/2-630x420.jpg 630w, https:\/\/www.eldiario.net\/portal\/wp-content\/uploads\/2025\/05\/2-300x200.jpg 300w, https:\/\/www.eldiario.net\/portal\/wp-content\/uploads\/2025\/05\/2-1024x683.jpg 1024w, https:\/\/www.eldiario.net\/portal\/wp-content\/uploads\/2025\/05\/2-768x512.jpg 768w, https:\/\/www.eldiario.net\/portal\/wp-content\/uploads\/2025\/05\/2-696x464.jpg 696w, https:\/\/www.eldiario.net\/portal\/wp-content\/uploads\/2025\/05\/2-1068x712.jpg 1068w, https:\/\/www.eldiario.net\/portal\/wp-content\/uploads\/2025\/05\/2.jpg 1200w\" sizes=\"(max-width: 630px) 100vw, 630px\" alt=\"\">\r\n                            <\/a>\r\n                            \r\n                        <\/figure>\r\n                    <\/div>\r\n                    <div class = \"td-slide-item td-item4\">\r\n                        <figure class=\"td-slide-galery-figure td-slide-popup-gallery\">\r\n                            <a class=\"slide-gallery-image-link\" href=\"https:\/\/www.eldiario.net\/portal\/wp-content\/uploads\/2025\/05\/3.jpg\" title=\"3\"  data-caption=\"\"  data-description=\"\">\r\n                                <img decoding=\"async\" src=\"https:\/\/www.eldiario.net\/portal\/wp-content\/uploads\/2025\/05\/3-630x420.jpg\" srcset=\"https:\/\/www.eldiario.net\/portal\/wp-content\/uploads\/2025\/05\/3-630x420.jpg 630w, https:\/\/www.eldiario.net\/portal\/wp-content\/uploads\/2025\/05\/3-300x200.jpg 300w, https:\/\/www.eldiario.net\/portal\/wp-content\/uploads\/2025\/05\/3-1024x683.jpg 1024w, https:\/\/www.eldiario.net\/portal\/wp-content\/uploads\/2025\/05\/3-768x512.jpg 768w, https:\/\/www.eldiario.net\/portal\/wp-content\/uploads\/2025\/05\/3-696x464.jpg 696w, https:\/\/www.eldiario.net\/portal\/wp-content\/uploads\/2025\/05\/3-1068x712.jpg 1068w, https:\/\/www.eldiario.net\/portal\/wp-content\/uploads\/2025\/05\/3.jpg 1200w\" sizes=\"(max-width: 630px) 100vw, 630px\" alt=\"\">\r\n                            <\/a>\r\n                            \r\n                        <\/figure>\r\n                    <\/div>\r\n                    <div class = \"td-slide-item td-item5\">\r\n                        <figure class=\"td-slide-galery-figure td-slide-popup-gallery\">\r\n                            <a class=\"slide-gallery-image-link\" href=\"https:\/\/www.eldiario.net\/portal\/wp-content\/uploads\/2025\/05\/4.jpg\" title=\"4\"  data-caption=\"\"  data-description=\"\">\r\n                                <img decoding=\"async\" src=\"https:\/\/www.eldiario.net\/portal\/wp-content\/uploads\/2025\/05\/4-630x420.jpg\" srcset=\"https:\/\/www.eldiario.net\/portal\/wp-content\/uploads\/2025\/05\/4-630x420.jpg 630w, https:\/\/www.eldiario.net\/portal\/wp-content\/uploads\/2025\/05\/4-300x200.jpg 300w, https:\/\/www.eldiario.net\/portal\/wp-content\/uploads\/2025\/05\/4-1024x683.jpg 1024w, https:\/\/www.eldiario.net\/portal\/wp-content\/uploads\/2025\/05\/4-768x512.jpg 768w, https:\/\/www.eldiario.net\/portal\/wp-content\/uploads\/2025\/05\/4-696x464.jpg 696w, https:\/\/www.eldiario.net\/portal\/wp-content\/uploads\/2025\/05\/4-1068x712.jpg 1068w, https:\/\/www.eldiario.net\/portal\/wp-content\/uploads\/2025\/05\/4.jpg 1200w\" sizes=\"(max-width: 630px) 100vw, 630px\" alt=\"\">\r\n                            <\/a>\r\n                            \r\n                        <\/figure>\r\n                    <\/div>\r\n                            <\/div>\r\n                        <\/div>\r\n\r\n                        <div class = \"td-doubleSlider-2\">\r\n                            <div class = \"td-slider\">\r\n                                \r\n                    <div class = \"td-button td-item1\">\r\n                        <div class = \"td-border\"><\/div>\r\n                    <\/div>\r\n                    <div class = \"td-button td-item2\">\r\n                        <div class = \"td-border\"><\/div>\r\n                    <\/div>\r\n                    <div class = \"td-button td-item3\">\r\n                        <div class = \"td-border\"><\/div>\r\n                    <\/div>\r\n                    <div class = \"td-button td-item4\">\r\n                        <div class = \"td-border\"><\/div>\r\n                    <\/div>\r\n                    <div class = \"td-button td-item5\">\r\n                        <div class = \"td-border\"><\/div>\r\n                    <\/div>\r\n                            <\/div>\r\n                        <\/div>\r\n\r\n                    <\/div>\r\n\r\n                <\/div>\r\n                \n","protected":false},"excerpt":{"rendered":"<p>Con Francia como Pa\u00eds Invitado de Honor y Naciones Unidas como Instituci\u00f3n Invitada, la Feria Internacional del Libro de La Paz alista su Edici\u00f3n Bicentenario. La FIL La Paz se efectuar\u00e1 del 30 de julio al 10 de agosto en el Campo Ferial Chuquiago Marka, y entre las celebraciones a realizarse esta gesti\u00f3n, tambi\u00e9n estar\u00e1n [&hellip;]<\/p>\n","protected":false},"author":1,"featured_media":299536,"comment_status":"closed","ping_status":"open","sticky":false,"template":"","format":"standard","meta":{"_acf_changed":false,"footnotes":""},"categories":[41],"tags":[],"class_list":["post-299534","post","type-post","status-publish","format-standard","has-post-thumbnail","category-la-guia"],"acf":{"antetitulo":""},"yoast_head":"<!-- This site is optimized with the Yoast SEO plugin v28.3 - https:\/\/yoast.com\/product\/yoast-seo-wordpress\/ -->\n<title>La Feria Internacional del Libro de La Paz alista su Edici\u00f3n Bicentenario - El Diario - Bolivia<\/title>\n<meta name=\"robots\" content=\"index, follow, max-snippet:-1, max-image-preview:large, max-video-preview:-1\" \/>\n<link rel=\"canonical\" href=\"https:\/\/www.eldiario.net\/portal\/2025\/05\/03\/la-feria-internacional-del-libro-de-la-paz-alista-su-edicion-bicentenario\/\" \/>\n<meta property=\"og:locale\" content=\"es_ES\" \/>\n<meta property=\"og:type\" content=\"article\" \/>\n<meta property=\"og:title\" content=\"La Feria Internacional del Libro de La Paz alista su Edici\u00f3n Bicentenario - El Diario - Bolivia\" \/>\n<meta property=\"og:description\" content=\"Con Francia como Pa\u00eds Invitado de Honor y Naciones Unidas como Instituci\u00f3n Invitada, la Feria Internacional del Libro de La Paz alista su Edici\u00f3n Bicentenario. La FIL La Paz se efectuar\u00e1 del 30 de julio al 10 de agosto en el Campo Ferial Chuquiago Marka, y entre las celebraciones a realizarse esta gesti\u00f3n, tambi\u00e9n estar\u00e1n [&hellip;]\" \/>\n<meta property=\"og:url\" content=\"https:\/\/www.eldiario.net\/portal\/2025\/05\/03\/la-feria-internacional-del-libro-de-la-paz-alista-su-edicion-bicentenario\/\" \/>\n<meta property=\"og:site_name\" content=\"El Diario - Bolivia\" \/>\n<meta property=\"article:publisher\" content=\"https:\/\/www.facebook.com\/eldiario.bolivia\/\" \/>\n<meta property=\"article:published_time\" content=\"2025-05-03T10:09:09+00:00\" \/>\n<meta property=\"og:image\" content=\"https:\/\/www.eldiario.net\/portal\/wp-content\/uploads\/2025\/05\/1-PRINCIPAL-1.jpg\" \/>\n\t<meta property=\"og:image:width\" content=\"1200\" \/>\n\t<meta property=\"og:image:height\" content=\"800\" \/>\n\t<meta property=\"og:image:type\" content=\"image\/jpeg\" \/>\n<meta name=\"author\" content=\"Jeanette\" \/>\n<meta name=\"twitter:card\" content=\"summary_large_image\" \/>\n<meta name=\"twitter:creator\" content=\"@eldiario_net\" \/>\n<meta name=\"twitter:site\" content=\"@eldiario_net\" \/>\n<meta name=\"twitter:label1\" content=\"Escrito por\" \/>\n\t<meta name=\"twitter:data1\" content=\"Jeanette\" \/>\n\t<meta name=\"twitter:label2\" content=\"Tiempo de lectura\" \/>\n\t<meta name=\"twitter:data2\" content=\"4 minutos\" \/>\n<script type=\"application\/ld+json\" class=\"yoast-schema-graph\">{\"@context\":\"https:\\\/\\\/schema.org\",\"@graph\":[{\"@type\":\"Article\",\"@id\":\"https:\\\/\\\/www.eldiario.net\\\/portal\\\/2025\\\/05\\\/03\\\/la-feria-internacional-del-libro-de-la-paz-alista-su-edicion-bicentenario\\\/#article\",\"isPartOf\":{\"@id\":\"https:\\\/\\\/www.eldiario.net\\\/portal\\\/2025\\\/05\\\/03\\\/la-feria-internacional-del-libro-de-la-paz-alista-su-edicion-bicentenario\\\/\"},\"author\":{\"name\":\"Jeanette\",\"@id\":\"https:\\\/\\\/www.eldiario.net\\\/portal\\\/#\\\/schema\\\/person\\\/f46445640444750d7d753ccd04ae01b7\"},\"headline\":\"La Feria Internacional del Libro de La Paz alista su Edici\u00f3n Bicentenario\",\"datePublished\":\"2025-05-03T10:09:09+00:00\",\"mainEntityOfPage\":{\"@id\":\"https:\\\/\\\/www.eldiario.net\\\/portal\\\/2025\\\/05\\\/03\\\/la-feria-internacional-del-libro-de-la-paz-alista-su-edicion-bicentenario\\\/\"},\"wordCount\":852,\"publisher\":{\"@id\":\"https:\\\/\\\/www.eldiario.net\\\/portal\\\/#organization\"},\"image\":{\"@id\":\"https:\\\/\\\/www.eldiario.net\\\/portal\\\/2025\\\/05\\\/03\\\/la-feria-internacional-del-libro-de-la-paz-alista-su-edicion-bicentenario\\\/#primaryimage\"},\"thumbnailUrl\":\"https:\\\/\\\/www.eldiario.net\\\/portal\\\/wp-content\\\/uploads\\\/2025\\\/05\\\/1-PRINCIPAL-1.jpg\",\"articleSection\":[\"La Gu\u00eda\"],\"inLanguage\":\"es\"},{\"@type\":\"WebPage\",\"@id\":\"https:\\\/\\\/www.eldiario.net\\\/portal\\\/2025\\\/05\\\/03\\\/la-feria-internacional-del-libro-de-la-paz-alista-su-edicion-bicentenario\\\/\",\"url\":\"https:\\\/\\\/www.eldiario.net\\\/portal\\\/2025\\\/05\\\/03\\\/la-feria-internacional-del-libro-de-la-paz-alista-su-edicion-bicentenario\\\/\",\"name\":\"La Feria Internacional del Libro de La Paz alista su Edici\u00f3n Bicentenario - El Diario - Bolivia\",\"isPartOf\":{\"@id\":\"https:\\\/\\\/www.eldiario.net\\\/portal\\\/#website\"},\"primaryImageOfPage\":{\"@id\":\"https:\\\/\\\/www.eldiario.net\\\/portal\\\/2025\\\/05\\\/03\\\/la-feria-internacional-del-libro-de-la-paz-alista-su-edicion-bicentenario\\\/#primaryimage\"},\"image\":{\"@id\":\"https:\\\/\\\/www.eldiario.net\\\/portal\\\/2025\\\/05\\\/03\\\/la-feria-internacional-del-libro-de-la-paz-alista-su-edicion-bicentenario\\\/#primaryimage\"},\"thumbnailUrl\":\"https:\\\/\\\/www.eldiario.net\\\/portal\\\/wp-content\\\/uploads\\\/2025\\\/05\\\/1-PRINCIPAL-1.jpg\",\"datePublished\":\"2025-05-03T10:09:09+00:00\",\"breadcrumb\":{\"@id\":\"https:\\\/\\\/www.eldiario.net\\\/portal\\\/2025\\\/05\\\/03\\\/la-feria-internacional-del-libro-de-la-paz-alista-su-edicion-bicentenario\\\/#breadcrumb\"},\"inLanguage\":\"es\",\"potentialAction\":[{\"@type\":\"ReadAction\",\"target\":[\"https:\\\/\\\/www.eldiario.net\\\/portal\\\/2025\\\/05\\\/03\\\/la-feria-internacional-del-libro-de-la-paz-alista-su-edicion-bicentenario\\\/\"]}]},{\"@type\":\"ImageObject\",\"inLanguage\":\"es\",\"@id\":\"https:\\\/\\\/www.eldiario.net\\\/portal\\\/2025\\\/05\\\/03\\\/la-feria-internacional-del-libro-de-la-paz-alista-su-edicion-bicentenario\\\/#primaryimage\",\"url\":\"https:\\\/\\\/www.eldiario.net\\\/portal\\\/wp-content\\\/uploads\\\/2025\\\/05\\\/1-PRINCIPAL-1.jpg\",\"contentUrl\":\"https:\\\/\\\/www.eldiario.net\\\/portal\\\/wp-content\\\/uploads\\\/2025\\\/05\\\/1-PRINCIPAL-1.jpg\",\"width\":1200,\"height\":800},{\"@type\":\"BreadcrumbList\",\"@id\":\"https:\\\/\\\/www.eldiario.net\\\/portal\\\/2025\\\/05\\\/03\\\/la-feria-internacional-del-libro-de-la-paz-alista-su-edicion-bicentenario\\\/#breadcrumb\",\"itemListElement\":[{\"@type\":\"ListItem\",\"position\":1,\"name\":\"Portada\",\"item\":\"https:\\\/\\\/www.eldiario.net\\\/portal\\\/\"},{\"@type\":\"ListItem\",\"position\":2,\"name\":\"La Feria Internacional del Libro de La Paz alista su Edici\u00f3n Bicentenario\"}]},{\"@type\":\"WebSite\",\"@id\":\"https:\\\/\\\/www.eldiario.net\\\/portal\\\/#website\",\"url\":\"https:\\\/\\\/www.eldiario.net\\\/portal\\\/\",\"name\":\"El Diario - Decano de la prensa nacional\",\"description\":\"El Diario - Decano de la prensa nacional\",\"publisher\":{\"@id\":\"https:\\\/\\\/www.eldiario.net\\\/portal\\\/#organization\"},\"potentialAction\":[{\"@type\":\"SearchAction\",\"target\":{\"@type\":\"EntryPoint\",\"urlTemplate\":\"https:\\\/\\\/www.eldiario.net\\\/portal\\\/?s={search_term_string}\"},\"query-input\":{\"@type\":\"PropertyValueSpecification\",\"valueRequired\":true,\"valueName\":\"search_term_string\"}}],\"inLanguage\":\"es\"},{\"@type\":\"Organization\",\"@id\":\"https:\\\/\\\/www.eldiario.net\\\/portal\\\/#organization\",\"name\":\"El Diario - Decano de la prensa nacional\",\"url\":\"https:\\\/\\\/www.eldiario.net\\\/portal\\\/\",\"logo\":{\"@type\":\"ImageObject\",\"inLanguage\":\"es\",\"@id\":\"https:\\\/\\\/www.eldiario.net\\\/portal\\\/#\\\/schema\\\/logo\\\/image\\\/\",\"url\":\"https:\\\/\\\/www.eldiario.net\\\/portal\\\/wp-content\\\/uploads\\\/2023\\\/07\\\/logo_ED.jpg\",\"contentUrl\":\"https:\\\/\\\/www.eldiario.net\\\/portal\\\/wp-content\\\/uploads\\\/2023\\\/07\\\/logo_ED.jpg\",\"width\":272,\"height\":52,\"caption\":\"El Diario - Decano de la prensa nacional\"},\"image\":{\"@id\":\"https:\\\/\\\/www.eldiario.net\\\/portal\\\/#\\\/schema\\\/logo\\\/image\\\/\"},\"sameAs\":[\"https:\\\/\\\/www.facebook.com\\\/eldiario.bolivia\\\/\",\"https:\\\/\\\/x.com\\\/eldiario_net\"]},{\"@type\":\"Person\",\"@id\":\"https:\\\/\\\/www.eldiario.net\\\/portal\\\/#\\\/schema\\\/person\\\/f46445640444750d7d753ccd04ae01b7\",\"name\":\"Jeanette\",\"image\":{\"@type\":\"ImageObject\",\"inLanguage\":\"es\",\"@id\":\"https:\\\/\\\/secure.gravatar.com\\\/avatar\\\/3ea2118a5f7dad2b7138b1187a6b7ee55f160b9968b66013c3a3ef39dd7e5798?s=96&d=mm&r=g\",\"url\":\"https:\\\/\\\/secure.gravatar.com\\\/avatar\\\/3ea2118a5f7dad2b7138b1187a6b7ee55f160b9968b66013c3a3ef39dd7e5798?s=96&d=mm&r=g\",\"contentUrl\":\"https:\\\/\\\/secure.gravatar.com\\\/avatar\\\/3ea2118a5f7dad2b7138b1187a6b7ee55f160b9968b66013c3a3ef39dd7e5798?s=96&d=mm&r=g\",\"caption\":\"Jeanette\"},\"sameAs\":[\"https:\\\/\\\/www.eldiario.net\\\/portal\"],\"url\":\"https:\\\/\\\/www.eldiario.net\\\/portal\\\/author\\\/jeanette\\\/\"}]}<\/script>\n<!-- \/ Yoast SEO plugin. -->","yoast_head_json":{"title":"La Feria Internacional del Libro de La Paz alista su Edici\u00f3n Bicentenario - El Diario - Bolivia","robots":{"index":"index","follow":"follow","max-snippet":"max-snippet:-1","max-image-preview":"max-image-preview:large","max-video-preview":"max-video-preview:-1"},"canonical":"https:\/\/www.eldiario.net\/portal\/2025\/05\/03\/la-feria-internacional-del-libro-de-la-paz-alista-su-edicion-bicentenario\/","og_locale":"es_ES","og_type":"article","og_title":"La Feria Internacional del Libro de La Paz alista su Edici\u00f3n Bicentenario - El Diario - Bolivia","og_description":"Con Francia como Pa\u00eds Invitado de Honor y Naciones Unidas como Instituci\u00f3n Invitada, la Feria Internacional del Libro de La Paz alista su Edici\u00f3n Bicentenario. La FIL La Paz se efectuar\u00e1 del 30 de julio al 10 de agosto en el Campo Ferial Chuquiago Marka, y entre las celebraciones a realizarse esta gesti\u00f3n, tambi\u00e9n estar\u00e1n [&hellip;]","og_url":"https:\/\/www.eldiario.net\/portal\/2025\/05\/03\/la-feria-internacional-del-libro-de-la-paz-alista-su-edicion-bicentenario\/","og_site_name":"El Diario - Bolivia","article_publisher":"https:\/\/www.facebook.com\/eldiario.bolivia\/","article_published_time":"2025-05-03T10:09:09+00:00","og_image":[{"width":1200,"height":800,"url":"https:\/\/www.eldiario.net\/portal\/wp-content\/uploads\/2025\/05\/1-PRINCIPAL-1.jpg","type":"image\/jpeg"}],"author":"Jeanette","twitter_card":"summary_large_image","twitter_creator":"@eldiario_net","twitter_site":"@eldiario_net","twitter_misc":{"Escrito por":"Jeanette","Tiempo de lectura":"4 minutos"},"schema":{"@context":"https:\/\/schema.org","@graph":[{"@type":"Article","@id":"https:\/\/www.eldiario.net\/portal\/2025\/05\/03\/la-feria-internacional-del-libro-de-la-paz-alista-su-edicion-bicentenario\/#article","isPartOf":{"@id":"https:\/\/www.eldiario.net\/portal\/2025\/05\/03\/la-feria-internacional-del-libro-de-la-paz-alista-su-edicion-bicentenario\/"},"author":{"name":"Jeanette","@id":"https:\/\/www.eldiario.net\/portal\/#\/schema\/person\/f46445640444750d7d753ccd04ae01b7"},"headline":"La Feria Internacional del Libro de La Paz alista su Edici\u00f3n Bicentenario","datePublished":"2025-05-03T10:09:09+00:00","mainEntityOfPage":{"@id":"https:\/\/www.eldiario.net\/portal\/2025\/05\/03\/la-feria-internacional-del-libro-de-la-paz-alista-su-edicion-bicentenario\/"},"wordCount":852,"publisher":{"@id":"https:\/\/www.eldiario.net\/portal\/#organization"},"image":{"@id":"https:\/\/www.eldiario.net\/portal\/2025\/05\/03\/la-feria-internacional-del-libro-de-la-paz-alista-su-edicion-bicentenario\/#primaryimage"},"thumbnailUrl":"https:\/\/www.eldiario.net\/portal\/wp-content\/uploads\/2025\/05\/1-PRINCIPAL-1.jpg","articleSection":["La Gu\u00eda"],"inLanguage":"es"},{"@type":"WebPage","@id":"https:\/\/www.eldiario.net\/portal\/2025\/05\/03\/la-feria-internacional-del-libro-de-la-paz-alista-su-edicion-bicentenario\/","url":"https:\/\/www.eldiario.net\/portal\/2025\/05\/03\/la-feria-internacional-del-libro-de-la-paz-alista-su-edicion-bicentenario\/","name":"La Feria Internacional del Libro de La Paz alista su Edici\u00f3n Bicentenario - El Diario - Bolivia","isPartOf":{"@id":"https:\/\/www.eldiario.net\/portal\/#website"},"primaryImageOfPage":{"@id":"https:\/\/www.eldiario.net\/portal\/2025\/05\/03\/la-feria-internacional-del-libro-de-la-paz-alista-su-edicion-bicentenario\/#primaryimage"},"image":{"@id":"https:\/\/www.eldiario.net\/portal\/2025\/05\/03\/la-feria-internacional-del-libro-de-la-paz-alista-su-edicion-bicentenario\/#primaryimage"},"thumbnailUrl":"https:\/\/www.eldiario.net\/portal\/wp-content\/uploads\/2025\/05\/1-PRINCIPAL-1.jpg","datePublished":"2025-05-03T10:09:09+00:00","breadcrumb":{"@id":"https:\/\/www.eldiario.net\/portal\/2025\/05\/03\/la-feria-internacional-del-libro-de-la-paz-alista-su-edicion-bicentenario\/#breadcrumb"},"inLanguage":"es","potentialAction":[{"@type":"ReadAction","target":["https:\/\/www.eldiario.net\/portal\/2025\/05\/03\/la-feria-internacional-del-libro-de-la-paz-alista-su-edicion-bicentenario\/"]}]},{"@type":"ImageObject","inLanguage":"es","@id":"https:\/\/www.eldiario.net\/portal\/2025\/05\/03\/la-feria-internacional-del-libro-de-la-paz-alista-su-edicion-bicentenario\/#primaryimage","url":"https:\/\/www.eldiario.net\/portal\/wp-content\/uploads\/2025\/05\/1-PRINCIPAL-1.jpg","contentUrl":"https:\/\/www.eldiario.net\/portal\/wp-content\/uploads\/2025\/05\/1-PRINCIPAL-1.jpg","width":1200,"height":800},{"@type":"BreadcrumbList","@id":"https:\/\/www.eldiario.net\/portal\/2025\/05\/03\/la-feria-internacional-del-libro-de-la-paz-alista-su-edicion-bicentenario\/#breadcrumb","itemListElement":[{"@type":"ListItem","position":1,"name":"Portada","item":"https:\/\/www.eldiario.net\/portal\/"},{"@type":"ListItem","position":2,"name":"La Feria Internacional del Libro de La Paz alista su Edici\u00f3n Bicentenario"}]},{"@type":"WebSite","@id":"https:\/\/www.eldiario.net\/portal\/#website","url":"https:\/\/www.eldiario.net\/portal\/","name":"El Diario - Decano de la prensa nacional","description":"El Diario - Decano de la prensa nacional","publisher":{"@id":"https:\/\/www.eldiario.net\/portal\/#organization"},"potentialAction":[{"@type":"SearchAction","target":{"@type":"EntryPoint","urlTemplate":"https:\/\/www.eldiario.net\/portal\/?s={search_term_string}"},"query-input":{"@type":"PropertyValueSpecification","valueRequired":true,"valueName":"search_term_string"}}],"inLanguage":"es"},{"@type":"Organization","@id":"https:\/\/www.eldiario.net\/portal\/#organization","name":"El Diario - Decano de la prensa nacional","url":"https:\/\/www.eldiario.net\/portal\/","logo":{"@type":"ImageObject","inLanguage":"es","@id":"https:\/\/www.eldiario.net\/portal\/#\/schema\/logo\/image\/","url":"https:\/\/www.eldiario.net\/portal\/wp-content\/uploads\/2023\/07\/logo_ED.jpg","contentUrl":"https:\/\/www.eldiario.net\/portal\/wp-content\/uploads\/2023\/07\/logo_ED.jpg","width":272,"height":52,"caption":"El Diario - Decano de la prensa nacional"},"image":{"@id":"https:\/\/www.eldiario.net\/portal\/#\/schema\/logo\/image\/"},"sameAs":["https:\/\/www.facebook.com\/eldiario.bolivia\/","https:\/\/x.com\/eldiario_net"]},{"@type":"Person","@id":"https:\/\/www.eldiario.net\/portal\/#\/schema\/person\/f46445640444750d7d753ccd04ae01b7","name":"Jeanette","image":{"@type":"ImageObject","inLanguage":"es","@id":"https:\/\/secure.gravatar.com\/avatar\/3ea2118a5f7dad2b7138b1187a6b7ee55f160b9968b66013c3a3ef39dd7e5798?s=96&d=mm&r=g","url":"https:\/\/secure.gravatar.com\/avatar\/3ea2118a5f7dad2b7138b1187a6b7ee55f160b9968b66013c3a3ef39dd7e5798?s=96&d=mm&r=g","contentUrl":"https:\/\/secure.gravatar.com\/avatar\/3ea2118a5f7dad2b7138b1187a6b7ee55f160b9968b66013c3a3ef39dd7e5798?s=96&d=mm&r=g","caption":"Jeanette"},"sameAs":["https:\/\/www.eldiario.net\/portal"],"url":"https:\/\/www.eldiario.net\/portal\/author\/jeanette\/"}]}},"_links":{"self":[{"href":"https:\/\/www.eldiario.net\/portal\/wp-json\/wp\/v2\/posts\/299534","targetHints":{"allow":["GET"]}}],"collection":[{"href":"https:\/\/www.eldiario.net\/portal\/wp-json\/wp\/v2\/posts"}],"about":[{"href":"https:\/\/www.eldiario.net\/portal\/wp-json\/wp\/v2\/types\/post"}],"author":[{"embeddable":true,"href":"https:\/\/www.eldiario.net\/portal\/wp-json\/wp\/v2\/users\/1"}],"replies":[{"embeddable":true,"href":"https:\/\/www.eldiario.net\/portal\/wp-json\/wp\/v2\/comments?post=299534"}],"version-history":[{"count":1,"href":"https:\/\/www.eldiario.net\/portal\/wp-json\/wp\/v2\/posts\/299534\/revisions"}],"predecessor-version":[{"id":299540,"href":"https:\/\/www.eldiario.net\/portal\/wp-json\/wp\/v2\/posts\/299534\/revisions\/299540"}],"wp:featuredmedia":[{"embeddable":true,"href":"https:\/\/www.eldiario.net\/portal\/wp-json\/wp\/v2\/media\/299536"}],"wp:attachment":[{"href":"https:\/\/www.eldiario.net\/portal\/wp-json\/wp\/v2\/media?parent=299534"}],"wp:term":[{"taxonomy":"category","embeddable":true,"href":"https:\/\/www.eldiario.net\/portal\/wp-json\/wp\/v2\/categories?post=299534"},{"taxonomy":"post_tag","embeddable":true,"href":"https:\/\/www.eldiario.net\/portal\/wp-json\/wp\/v2\/tags?post=299534"}],"curies":[{"name":"wp","href":"https:\/\/api.w.org\/{rel}","templated":true}]}}