{"id":298393,"date":"2025-04-28T00:45:29","date_gmt":"2025-04-28T04:45:29","guid":{"rendered":"https:\/\/www.eldiario.net\/portal\/?p=298393"},"modified":"2025-04-27T21:46:12","modified_gmt":"2025-04-28T01:46:12","slug":"samsung-impulsa-la-innovacion-sostenible-para-televisores-y-destaca-iniciativas-para-la-economia-circular","status":"publish","type":"post","link":"https:\/\/www.eldiario.net\/portal\/2025\/04\/28\/samsung-impulsa-la-innovacion-sostenible-para-televisores-y-destaca-iniciativas-para-la-economia-circular\/","title":{"rendered":"Samsung impulsa la innovaci\u00f3n sostenible para televisores y destaca iniciativas para la econom\u00eda circular"},"content":{"rendered":"<p><strong>Abril 2025.<\/strong> Samsung, l\u00edder del mercado mundial de televisores por 19 a\u00f1os consecutivos, celebra el D\u00eda de la Tierra destacando las iniciativas sostenibles aplicadas al ciclo de vida completo de sus televisores. Desde la elecci\u00f3n de materiales hasta el reciclaje de dispositivos, la compa\u00f1\u00eda contin\u00faa invirtiendo en soluciones que reducen el impacto ambiental y promueven la econom\u00eda circular.<\/p>\n<p>En la primera etapa, la selecci\u00f3n de materiales es de manera minuciosa. Se emplea pl\u00e1stico reciclado posconsumo, pl\u00e1stico reciclado qu\u00edmicamente y grafito reciclado en muchos de los componentes. En las l\u00edneas NEO QLED, QLED y OLED, el objetivo es alcanzar el uso de usar 100 % renovable para 2027 y optimizar el consumo durante el proceso de fabricaci\u00f3n. Como reconocimiento, Samsung obtuvo la certificaci\u00f3n \u00abZero Waste to Landfill\u00bb en nivel platino, que respalda la correcta gesti\u00f3n de residuos en todas sus operaciones globales.<\/p>\n<p>Otro avance relevante es la eliminaci\u00f3n del cadmio \u2014elemento t\u00f3xico para la salud y el ambiente\u2014 en la tecnolog\u00eda de puntos cu\u00e1nticos (QD) utilizada en televisores NEO QLED y QLED. Samsung fue la primera empresa del sector en adoptar esta innovaci\u00f3n. La l\u00e1mina de puntos cu\u00e1nticos QD cuenta con certificaci\u00f3n de cumplimiento con la Directiva de Restricci\u00f3n de Sustancias Peligrosas (RoHS), y su uso fue verificado por el instituto Soci\u00e9t\u00e9 G\u00e9n\u00e9rale de Surveillance (SGS).<\/p>\n<p>Durante la fase de distribuci\u00f3n, Samsung elimin\u00f3 las cintas pl\u00e1sticas y grapas met\u00e1licas de los empaques de sus televisores, as\u00ed como de su cadena log\u00edstica, lo que mejora la reciclabilidad y reduce la generaci\u00f3n de residuos.<\/p>\n<p>Despu\u00e9s de la compra, la sostenibilidad sigue siendo prioridad. Durante el uso, el control remoto SolarCell se recarga mediante luz natural o artificial, eliminando la necesidad de pilas desechables. Adem\u00e1s, los modos inteligentes de ahorro energ\u00e9tico, como el ajuste autom\u00e1tico de brillo y la detecci\u00f3n de movimiento, contribuyen a un consumo a\u00fan m\u00e1s eficiente.<\/p>\n<p><strong>Reconocimiento internacional<\/strong><\/p>\n<p>La compa\u00f1\u00eda recibi\u00f3 el premio de Gesti\u00f3n de Materiales Sostenibles (SMM) de la Agencia de Protecci\u00f3n Ambiental (EPA) de los EE. UU. por su control remoto SolarCell. Tambi\u00e9n recibi\u00f3 los t\u00edtulos de Producto Verde del A\u00f1o y Vencedor en Energ\u00eda del A\u00f1o por el modelo NEO QLED 8K.<\/p>\n<p>Asimismo, modelos como el Neo QLED y el QLED cuentan con certificaciones ambientales de prestigio, como EPEAT, Certificaci\u00f3n de Reducci\u00f3n de Carbono de T\u00dcV Rheinland, The Carbon Trust: Reducci\u00f3n de Carbono y Huella de Carbono.<\/p>\n<p>\u201cSamsung estableci\u00f3 una estrategia de gesti\u00f3n ambiental con objetivos espec\u00edficos a medio y largo plazo y m\u00e9todos de implementaci\u00f3n que buscan contribuir a la preservaci\u00f3n del medio ambiente. Entre ellas, est\u00e1n la incorporaci\u00f3n de pl\u00e1stico reciclado en los dispositivos m\u00f3viles, televisores y electrodom\u00e9sticos, y alcanzar las cero emisiones netas directas e indirectas para 2050\u201d, afirma el director de ESG y Ciudadan\u00eda Corporativa de Samsung para Am\u00e9rica Latina, Helvio Kanamaru.<\/p>\n<p><strong>Reciclaje y comodidades para el consumidor<\/strong><\/p>\n<p>Samsung tambi\u00e9n ofrece servicios de reciclaje de dispositivos en desuso. Estas iniciativas est\u00e1n disponibles en los canales de atenci\u00f3n de la empresa, incluso en los puntos f\u00edsicos Samsung. Algunos de los servicios m\u00e1s destacados son:<\/p>\n<ul>\n<li><strong>Trade-In:<\/strong> Permite canjear dispositivos antiguos por descuentos en nuevos productos o que estos entren como parte de pago, garantizando su eliminaci\u00f3n adecuada, sin importar la marca o el estado.<\/li>\n<li><strong>E-waste<\/strong>: Recolecci\u00f3n gratuita de residuos electr\u00f3nicos en los puntos de servicio f\u00edsico de la marca, con un m\u00e9todo de eliminaci\u00f3n seguro y respetuoso con el medio ambiente.<\/li>\n<li><strong>Renueva Contigo<\/strong>: Venta aut\u00f3noma de accesorios y repuestos para reparaciones menores, como controles remotos y otros art\u00edculos.<\/li>\n<\/ul>\n<p>&nbsp;<\/p>\n","protected":false},"excerpt":{"rendered":"<p>Abril 2025. Samsung, l\u00edder del mercado mundial de televisores por 19 a\u00f1os consecutivos, celebra el D\u00eda de la Tierra destacando las iniciativas sostenibles aplicadas al ciclo de vida completo de sus televisores. Desde la elecci\u00f3n de materiales hasta el reciclaje de dispositivos, la compa\u00f1\u00eda contin\u00faa invirtiendo en soluciones que reducen el impacto ambiental y promueven [&hellip;]<\/p>\n","protected":false},"author":1,"featured_media":298394,"comment_status":"closed","ping_status":"open","sticky":false,"template":"","format":"standard","meta":{"_acf_changed":false,"footnotes":""},"categories":[46],"tags":[],"class_list":["post-298393","post","type-post","status-publish","format-standard","has-post-thumbnail","category-ciencia-computacion"],"acf":{"antetitulo":""},"yoast_head":"<!-- This site is optimized with the Yoast SEO plugin v28.4 - https:\/\/yoast.com\/product\/yoast-seo-wordpress\/ -->\n<title>Samsung impulsa la innovaci\u00f3n sostenible para televisores y destaca iniciativas para la econom\u00eda circular - El Diario - Bolivia<\/title>\n<meta name=\"robots\" content=\"index, follow, max-snippet:-1, max-image-preview:large, max-video-preview:-1\" \/>\n<link rel=\"canonical\" href=\"https:\/\/www.eldiario.net\/portal\/2025\/04\/28\/samsung-impulsa-la-innovacion-sostenible-para-televisores-y-destaca-iniciativas-para-la-economia-circular\/\" \/>\n<meta property=\"og:locale\" content=\"es_ES\" \/>\n<meta property=\"og:type\" content=\"article\" \/>\n<meta property=\"og:title\" content=\"Samsung impulsa la innovaci\u00f3n sostenible para televisores y destaca iniciativas para la econom\u00eda circular - El Diario - Bolivia\" \/>\n<meta property=\"og:description\" content=\"Abril 2025. Samsung, l\u00edder del mercado mundial de televisores por 19 a\u00f1os consecutivos, celebra el D\u00eda de la Tierra destacando las iniciativas sostenibles aplicadas al ciclo de vida completo de sus televisores. Desde la elecci\u00f3n de materiales hasta el reciclaje de dispositivos, la compa\u00f1\u00eda contin\u00faa invirtiendo en soluciones que reducen el impacto ambiental y promueven [&hellip;]\" \/>\n<meta property=\"og:url\" content=\"https:\/\/www.eldiario.net\/portal\/2025\/04\/28\/samsung-impulsa-la-innovacion-sostenible-para-televisores-y-destaca-iniciativas-para-la-economia-circular\/\" \/>\n<meta property=\"og:site_name\" content=\"El Diario - Bolivia\" \/>\n<meta property=\"article:publisher\" content=\"https:\/\/www.facebook.com\/eldiario.bolivia\/\" \/>\n<meta property=\"article:published_time\" content=\"2025-04-28T04:45:29+00:00\" \/>\n<meta property=\"og:image\" content=\"https:\/\/www.eldiario.net\/portal\/wp-content\/uploads\/2025\/04\/7-A-1-1.jpeg\" \/>\n\t<meta property=\"og:image:width\" content=\"850\" \/>\n\t<meta property=\"og:image:height\" content=\"510\" \/>\n\t<meta property=\"og:image:type\" content=\"image\/jpeg\" \/>\n<meta name=\"author\" content=\"Jeanette\" \/>\n<meta name=\"twitter:card\" content=\"summary_large_image\" \/>\n<meta name=\"twitter:creator\" content=\"@eldiario_net\" \/>\n<meta name=\"twitter:site\" content=\"@eldiario_net\" \/>\n<meta name=\"twitter:label1\" content=\"Escrito por\" \/>\n\t<meta name=\"twitter:data1\" content=\"Jeanette\" \/>\n\t<meta name=\"twitter:label2\" content=\"Tiempo de lectura\" \/>\n\t<meta name=\"twitter:data2\" content=\"3 minutos\" \/>\n<script type=\"application\/ld+json\" class=\"yoast-schema-graph\">{\"@context\":\"https:\\\/\\\/schema.org\",\"@graph\":[{\"@type\":\"Article\",\"@id\":\"https:\\\/\\\/www.eldiario.net\\\/portal\\\/2025\\\/04\\\/28\\\/samsung-impulsa-la-innovacion-sostenible-para-televisores-y-destaca-iniciativas-para-la-economia-circular\\\/#article\",\"isPartOf\":{\"@id\":\"https:\\\/\\\/www.eldiario.net\\\/portal\\\/2025\\\/04\\\/28\\\/samsung-impulsa-la-innovacion-sostenible-para-televisores-y-destaca-iniciativas-para-la-economia-circular\\\/\"},\"author\":{\"name\":\"Jeanette\",\"@id\":\"https:\\\/\\\/www.eldiario.net\\\/portal\\\/#\\\/schema\\\/person\\\/f46445640444750d7d753ccd04ae01b7\"},\"headline\":\"Samsung impulsa la innovaci\u00f3n sostenible para televisores y destaca iniciativas para la econom\u00eda circular\",\"datePublished\":\"2025-04-28T04:45:29+00:00\",\"mainEntityOfPage\":{\"@id\":\"https:\\\/\\\/www.eldiario.net\\\/portal\\\/2025\\\/04\\\/28\\\/samsung-impulsa-la-innovacion-sostenible-para-televisores-y-destaca-iniciativas-para-la-economia-circular\\\/\"},\"wordCount\":660,\"publisher\":{\"@id\":\"https:\\\/\\\/www.eldiario.net\\\/portal\\\/#organization\"},\"image\":{\"@id\":\"https:\\\/\\\/www.eldiario.net\\\/portal\\\/2025\\\/04\\\/28\\\/samsung-impulsa-la-innovacion-sostenible-para-televisores-y-destaca-iniciativas-para-la-economia-circular\\\/#primaryimage\"},\"thumbnailUrl\":\"https:\\\/\\\/www.eldiario.net\\\/portal\\\/wp-content\\\/uploads\\\/2025\\\/04\\\/7-A-1-1.jpeg\",\"articleSection\":[\"Ciencia y Computaci\u00f3n\"],\"inLanguage\":\"es\"},{\"@type\":\"WebPage\",\"@id\":\"https:\\\/\\\/www.eldiario.net\\\/portal\\\/2025\\\/04\\\/28\\\/samsung-impulsa-la-innovacion-sostenible-para-televisores-y-destaca-iniciativas-para-la-economia-circular\\\/\",\"url\":\"https:\\\/\\\/www.eldiario.net\\\/portal\\\/2025\\\/04\\\/28\\\/samsung-impulsa-la-innovacion-sostenible-para-televisores-y-destaca-iniciativas-para-la-economia-circular\\\/\",\"name\":\"Samsung impulsa la innovaci\u00f3n sostenible para televisores y destaca iniciativas para la econom\u00eda circular - El Diario - Bolivia\",\"isPartOf\":{\"@id\":\"https:\\\/\\\/www.eldiario.net\\\/portal\\\/#website\"},\"primaryImageOfPage\":{\"@id\":\"https:\\\/\\\/www.eldiario.net\\\/portal\\\/2025\\\/04\\\/28\\\/samsung-impulsa-la-innovacion-sostenible-para-televisores-y-destaca-iniciativas-para-la-economia-circular\\\/#primaryimage\"},\"image\":{\"@id\":\"https:\\\/\\\/www.eldiario.net\\\/portal\\\/2025\\\/04\\\/28\\\/samsung-impulsa-la-innovacion-sostenible-para-televisores-y-destaca-iniciativas-para-la-economia-circular\\\/#primaryimage\"},\"thumbnailUrl\":\"https:\\\/\\\/www.eldiario.net\\\/portal\\\/wp-content\\\/uploads\\\/2025\\\/04\\\/7-A-1-1.jpeg\",\"datePublished\":\"2025-04-28T04:45:29+00:00\",\"breadcrumb\":{\"@id\":\"https:\\\/\\\/www.eldiario.net\\\/portal\\\/2025\\\/04\\\/28\\\/samsung-impulsa-la-innovacion-sostenible-para-televisores-y-destaca-iniciativas-para-la-economia-circular\\\/#breadcrumb\"},\"inLanguage\":\"es\",\"potentialAction\":[{\"@type\":\"ReadAction\",\"target\":[\"https:\\\/\\\/www.eldiario.net\\\/portal\\\/2025\\\/04\\\/28\\\/samsung-impulsa-la-innovacion-sostenible-para-televisores-y-destaca-iniciativas-para-la-economia-circular\\\/\"]}]},{\"@type\":\"ImageObject\",\"inLanguage\":\"es\",\"@id\":\"https:\\\/\\\/www.eldiario.net\\\/portal\\\/2025\\\/04\\\/28\\\/samsung-impulsa-la-innovacion-sostenible-para-televisores-y-destaca-iniciativas-para-la-economia-circular\\\/#primaryimage\",\"url\":\"https:\\\/\\\/www.eldiario.net\\\/portal\\\/wp-content\\\/uploads\\\/2025\\\/04\\\/7-A-1-1.jpeg\",\"contentUrl\":\"https:\\\/\\\/www.eldiario.net\\\/portal\\\/wp-content\\\/uploads\\\/2025\\\/04\\\/7-A-1-1.jpeg\",\"width\":850,\"height\":510},{\"@type\":\"BreadcrumbList\",\"@id\":\"https:\\\/\\\/www.eldiario.net\\\/portal\\\/2025\\\/04\\\/28\\\/samsung-impulsa-la-innovacion-sostenible-para-televisores-y-destaca-iniciativas-para-la-economia-circular\\\/#breadcrumb\",\"itemListElement\":[{\"@type\":\"ListItem\",\"position\":1,\"name\":\"Portada\",\"item\":\"https:\\\/\\\/www.eldiario.net\\\/portal\\\/\"},{\"@type\":\"ListItem\",\"position\":2,\"name\":\"Samsung impulsa la innovaci\u00f3n sostenible para televisores y destaca iniciativas para la econom\u00eda circular\"}]},{\"@type\":\"WebSite\",\"@id\":\"https:\\\/\\\/www.eldiario.net\\\/portal\\\/#website\",\"url\":\"https:\\\/\\\/www.eldiario.net\\\/portal\\\/\",\"name\":\"El Diario - Decano de la prensa nacional\",\"description\":\"El Diario - Decano de la prensa nacional\",\"publisher\":{\"@id\":\"https:\\\/\\\/www.eldiario.net\\\/portal\\\/#organization\"},\"potentialAction\":[{\"@type\":\"SearchAction\",\"target\":{\"@type\":\"EntryPoint\",\"urlTemplate\":\"https:\\\/\\\/www.eldiario.net\\\/portal\\\/?s={search_term_string}\"},\"query-input\":{\"@type\":\"PropertyValueSpecification\",\"valueRequired\":true,\"valueName\":\"search_term_string\"}}],\"inLanguage\":\"es\"},{\"@type\":\"Organization\",\"@id\":\"https:\\\/\\\/www.eldiario.net\\\/portal\\\/#organization\",\"name\":\"El Diario - Decano de la prensa nacional\",\"url\":\"https:\\\/\\\/www.eldiario.net\\\/portal\\\/\",\"logo\":{\"@type\":\"ImageObject\",\"inLanguage\":\"es\",\"@id\":\"https:\\\/\\\/www.eldiario.net\\\/portal\\\/#\\\/schema\\\/logo\\\/image\\\/\",\"url\":\"https:\\\/\\\/www.eldiario.net\\\/portal\\\/wp-content\\\/uploads\\\/2023\\\/07\\\/logo_ED.jpg\",\"contentUrl\":\"https:\\\/\\\/www.eldiario.net\\\/portal\\\/wp-content\\\/uploads\\\/2023\\\/07\\\/logo_ED.jpg\",\"width\":272,\"height\":52,\"caption\":\"El Diario - Decano de la prensa nacional\"},\"image\":{\"@id\":\"https:\\\/\\\/www.eldiario.net\\\/portal\\\/#\\\/schema\\\/logo\\\/image\\\/\"},\"sameAs\":[\"https:\\\/\\\/www.facebook.com\\\/eldiario.bolivia\\\/\",\"https:\\\/\\\/x.com\\\/eldiario_net\"]},{\"@type\":\"Person\",\"@id\":\"https:\\\/\\\/www.eldiario.net\\\/portal\\\/#\\\/schema\\\/person\\\/f46445640444750d7d753ccd04ae01b7\",\"name\":\"Jeanette\",\"image\":{\"@type\":\"ImageObject\",\"inLanguage\":\"es\",\"@id\":\"https:\\\/\\\/secure.gravatar.com\\\/avatar\\\/3ea2118a5f7dad2b7138b1187a6b7ee55f160b9968b66013c3a3ef39dd7e5798?s=96&d=mm&r=g\",\"url\":\"https:\\\/\\\/secure.gravatar.com\\\/avatar\\\/3ea2118a5f7dad2b7138b1187a6b7ee55f160b9968b66013c3a3ef39dd7e5798?s=96&d=mm&r=g\",\"contentUrl\":\"https:\\\/\\\/secure.gravatar.com\\\/avatar\\\/3ea2118a5f7dad2b7138b1187a6b7ee55f160b9968b66013c3a3ef39dd7e5798?s=96&d=mm&r=g\",\"caption\":\"Jeanette\"},\"sameAs\":[\"https:\\\/\\\/www.eldiario.net\\\/portal\"],\"url\":\"https:\\\/\\\/www.eldiario.net\\\/portal\\\/author\\\/jeanette\\\/\"}]}<\/script>\n<!-- \/ Yoast SEO plugin. -->","yoast_head_json":{"title":"Samsung impulsa la innovaci\u00f3n sostenible para televisores y destaca iniciativas para la econom\u00eda circular - El Diario - Bolivia","robots":{"index":"index","follow":"follow","max-snippet":"max-snippet:-1","max-image-preview":"max-image-preview:large","max-video-preview":"max-video-preview:-1"},"canonical":"https:\/\/www.eldiario.net\/portal\/2025\/04\/28\/samsung-impulsa-la-innovacion-sostenible-para-televisores-y-destaca-iniciativas-para-la-economia-circular\/","og_locale":"es_ES","og_type":"article","og_title":"Samsung impulsa la innovaci\u00f3n sostenible para televisores y destaca iniciativas para la econom\u00eda circular - El Diario - Bolivia","og_description":"Abril 2025. Samsung, l\u00edder del mercado mundial de televisores por 19 a\u00f1os consecutivos, celebra el D\u00eda de la Tierra destacando las iniciativas sostenibles aplicadas al ciclo de vida completo de sus televisores. Desde la elecci\u00f3n de materiales hasta el reciclaje de dispositivos, la compa\u00f1\u00eda contin\u00faa invirtiendo en soluciones que reducen el impacto ambiental y promueven [&hellip;]","og_url":"https:\/\/www.eldiario.net\/portal\/2025\/04\/28\/samsung-impulsa-la-innovacion-sostenible-para-televisores-y-destaca-iniciativas-para-la-economia-circular\/","og_site_name":"El Diario - Bolivia","article_publisher":"https:\/\/www.facebook.com\/eldiario.bolivia\/","article_published_time":"2025-04-28T04:45:29+00:00","og_image":[{"width":850,"height":510,"url":"https:\/\/www.eldiario.net\/portal\/wp-content\/uploads\/2025\/04\/7-A-1-1.jpeg","type":"image\/jpeg"}],"author":"Jeanette","twitter_card":"summary_large_image","twitter_creator":"@eldiario_net","twitter_site":"@eldiario_net","twitter_misc":{"Escrito por":"Jeanette","Tiempo de lectura":"3 minutos"},"schema":{"@context":"https:\/\/schema.org","@graph":[{"@type":"Article","@id":"https:\/\/www.eldiario.net\/portal\/2025\/04\/28\/samsung-impulsa-la-innovacion-sostenible-para-televisores-y-destaca-iniciativas-para-la-economia-circular\/#article","isPartOf":{"@id":"https:\/\/www.eldiario.net\/portal\/2025\/04\/28\/samsung-impulsa-la-innovacion-sostenible-para-televisores-y-destaca-iniciativas-para-la-economia-circular\/"},"author":{"name":"Jeanette","@id":"https:\/\/www.eldiario.net\/portal\/#\/schema\/person\/f46445640444750d7d753ccd04ae01b7"},"headline":"Samsung impulsa la innovaci\u00f3n sostenible para televisores y destaca iniciativas para la econom\u00eda circular","datePublished":"2025-04-28T04:45:29+00:00","mainEntityOfPage":{"@id":"https:\/\/www.eldiario.net\/portal\/2025\/04\/28\/samsung-impulsa-la-innovacion-sostenible-para-televisores-y-destaca-iniciativas-para-la-economia-circular\/"},"wordCount":660,"publisher":{"@id":"https:\/\/www.eldiario.net\/portal\/#organization"},"image":{"@id":"https:\/\/www.eldiario.net\/portal\/2025\/04\/28\/samsung-impulsa-la-innovacion-sostenible-para-televisores-y-destaca-iniciativas-para-la-economia-circular\/#primaryimage"},"thumbnailUrl":"https:\/\/www.eldiario.net\/portal\/wp-content\/uploads\/2025\/04\/7-A-1-1.jpeg","articleSection":["Ciencia y Computaci\u00f3n"],"inLanguage":"es"},{"@type":"WebPage","@id":"https:\/\/www.eldiario.net\/portal\/2025\/04\/28\/samsung-impulsa-la-innovacion-sostenible-para-televisores-y-destaca-iniciativas-para-la-economia-circular\/","url":"https:\/\/www.eldiario.net\/portal\/2025\/04\/28\/samsung-impulsa-la-innovacion-sostenible-para-televisores-y-destaca-iniciativas-para-la-economia-circular\/","name":"Samsung impulsa la innovaci\u00f3n sostenible para televisores y destaca iniciativas para la econom\u00eda circular - El Diario - Bolivia","isPartOf":{"@id":"https:\/\/www.eldiario.net\/portal\/#website"},"primaryImageOfPage":{"@id":"https:\/\/www.eldiario.net\/portal\/2025\/04\/28\/samsung-impulsa-la-innovacion-sostenible-para-televisores-y-destaca-iniciativas-para-la-economia-circular\/#primaryimage"},"image":{"@id":"https:\/\/www.eldiario.net\/portal\/2025\/04\/28\/samsung-impulsa-la-innovacion-sostenible-para-televisores-y-destaca-iniciativas-para-la-economia-circular\/#primaryimage"},"thumbnailUrl":"https:\/\/www.eldiario.net\/portal\/wp-content\/uploads\/2025\/04\/7-A-1-1.jpeg","datePublished":"2025-04-28T04:45:29+00:00","breadcrumb":{"@id":"https:\/\/www.eldiario.net\/portal\/2025\/04\/28\/samsung-impulsa-la-innovacion-sostenible-para-televisores-y-destaca-iniciativas-para-la-economia-circular\/#breadcrumb"},"inLanguage":"es","potentialAction":[{"@type":"ReadAction","target":["https:\/\/www.eldiario.net\/portal\/2025\/04\/28\/samsung-impulsa-la-innovacion-sostenible-para-televisores-y-destaca-iniciativas-para-la-economia-circular\/"]}]},{"@type":"ImageObject","inLanguage":"es","@id":"https:\/\/www.eldiario.net\/portal\/2025\/04\/28\/samsung-impulsa-la-innovacion-sostenible-para-televisores-y-destaca-iniciativas-para-la-economia-circular\/#primaryimage","url":"https:\/\/www.eldiario.net\/portal\/wp-content\/uploads\/2025\/04\/7-A-1-1.jpeg","contentUrl":"https:\/\/www.eldiario.net\/portal\/wp-content\/uploads\/2025\/04\/7-A-1-1.jpeg","width":850,"height":510},{"@type":"BreadcrumbList","@id":"https:\/\/www.eldiario.net\/portal\/2025\/04\/28\/samsung-impulsa-la-innovacion-sostenible-para-televisores-y-destaca-iniciativas-para-la-economia-circular\/#breadcrumb","itemListElement":[{"@type":"ListItem","position":1,"name":"Portada","item":"https:\/\/www.eldiario.net\/portal\/"},{"@type":"ListItem","position":2,"name":"Samsung impulsa la innovaci\u00f3n sostenible para televisores y destaca iniciativas para la econom\u00eda circular"}]},{"@type":"WebSite","@id":"https:\/\/www.eldiario.net\/portal\/#website","url":"https:\/\/www.eldiario.net\/portal\/","name":"El Diario - Decano de la prensa nacional","description":"El Diario - Decano de la prensa nacional","publisher":{"@id":"https:\/\/www.eldiario.net\/portal\/#organization"},"potentialAction":[{"@type":"SearchAction","target":{"@type":"EntryPoint","urlTemplate":"https:\/\/www.eldiario.net\/portal\/?s={search_term_string}"},"query-input":{"@type":"PropertyValueSpecification","valueRequired":true,"valueName":"search_term_string"}}],"inLanguage":"es"},{"@type":"Organization","@id":"https:\/\/www.eldiario.net\/portal\/#organization","name":"El Diario - Decano de la prensa nacional","url":"https:\/\/www.eldiario.net\/portal\/","logo":{"@type":"ImageObject","inLanguage":"es","@id":"https:\/\/www.eldiario.net\/portal\/#\/schema\/logo\/image\/","url":"https:\/\/www.eldiario.net\/portal\/wp-content\/uploads\/2023\/07\/logo_ED.jpg","contentUrl":"https:\/\/www.eldiario.net\/portal\/wp-content\/uploads\/2023\/07\/logo_ED.jpg","width":272,"height":52,"caption":"El Diario - Decano de la prensa nacional"},"image":{"@id":"https:\/\/www.eldiario.net\/portal\/#\/schema\/logo\/image\/"},"sameAs":["https:\/\/www.facebook.com\/eldiario.bolivia\/","https:\/\/x.com\/eldiario_net"]},{"@type":"Person","@id":"https:\/\/www.eldiario.net\/portal\/#\/schema\/person\/f46445640444750d7d753ccd04ae01b7","name":"Jeanette","image":{"@type":"ImageObject","inLanguage":"es","@id":"https:\/\/secure.gravatar.com\/avatar\/3ea2118a5f7dad2b7138b1187a6b7ee55f160b9968b66013c3a3ef39dd7e5798?s=96&d=mm&r=g","url":"https:\/\/secure.gravatar.com\/avatar\/3ea2118a5f7dad2b7138b1187a6b7ee55f160b9968b66013c3a3ef39dd7e5798?s=96&d=mm&r=g","contentUrl":"https:\/\/secure.gravatar.com\/avatar\/3ea2118a5f7dad2b7138b1187a6b7ee55f160b9968b66013c3a3ef39dd7e5798?s=96&d=mm&r=g","caption":"Jeanette"},"sameAs":["https:\/\/www.eldiario.net\/portal"],"url":"https:\/\/www.eldiario.net\/portal\/author\/jeanette\/"}]}},"_links":{"self":[{"href":"https:\/\/www.eldiario.net\/portal\/wp-json\/wp\/v2\/posts\/298393","targetHints":{"allow":["GET"]}}],"collection":[{"href":"https:\/\/www.eldiario.net\/portal\/wp-json\/wp\/v2\/posts"}],"about":[{"href":"https:\/\/www.eldiario.net\/portal\/wp-json\/wp\/v2\/types\/post"}],"author":[{"embeddable":true,"href":"https:\/\/www.eldiario.net\/portal\/wp-json\/wp\/v2\/users\/1"}],"replies":[{"embeddable":true,"href":"https:\/\/www.eldiario.net\/portal\/wp-json\/wp\/v2\/comments?post=298393"}],"version-history":[{"count":1,"href":"https:\/\/www.eldiario.net\/portal\/wp-json\/wp\/v2\/posts\/298393\/revisions"}],"predecessor-version":[{"id":298395,"href":"https:\/\/www.eldiario.net\/portal\/wp-json\/wp\/v2\/posts\/298393\/revisions\/298395"}],"wp:featuredmedia":[{"embeddable":true,"href":"https:\/\/www.eldiario.net\/portal\/wp-json\/wp\/v2\/media\/298394"}],"wp:attachment":[{"href":"https:\/\/www.eldiario.net\/portal\/wp-json\/wp\/v2\/media?parent=298393"}],"wp:term":[{"taxonomy":"category","embeddable":true,"href":"https:\/\/www.eldiario.net\/portal\/wp-json\/wp\/v2\/categories?post=298393"},{"taxonomy":"post_tag","embeddable":true,"href":"https:\/\/www.eldiario.net\/portal\/wp-json\/wp\/v2\/tags?post=298393"}],"curies":[{"name":"wp","href":"https:\/\/api.w.org\/{rel}","templated":true}]}}