{"id":298387,"date":"2025-04-28T00:43:00","date_gmt":"2025-04-28T04:43:00","guid":{"rendered":"https:\/\/www.eldiario.net\/portal\/?p=298387"},"modified":"2025-04-27T21:44:12","modified_gmt":"2025-04-28T01:44:12","slug":"nanorreactores-la-revolucion-invisible-que-transformara-la-medicina-la-energia-y-la-industria","status":"publish","type":"post","link":"https:\/\/www.eldiario.net\/portal\/2025\/04\/28\/nanorreactores-la-revolucion-invisible-que-transformara-la-medicina-la-energia-y-la-industria\/","title":{"rendered":"Nanorreactores: la revoluci\u00f3n invisible que transformar\u00e1 la medicina, la energ\u00eda y la industria"},"content":{"rendered":"<p>En el fascinante mundo de lo diminuto, donde las leyes de la f\u00edsica se reconfiguran y la materia se comporta de maneras sorprendentes, est\u00e1 emergiendo una revoluci\u00f3n que podr\u00eda transformar radicalmente nuestra forma de generar energ\u00eda, tratar enfermedades y fabricar materiales: los nanorreactores.<\/p>\n<p>Estos dispositivos son tan diminutos que pueden operar dentro de una c\u00e9lula o en el interior de un virus. Est\u00e1n dise\u00f1ados para llevar a cabo reacciones qu\u00edmicas a escala nanom\u00e9trica, logrando una precisi\u00f3n y eficiencia sin precedentes.<\/p>\n<p><strong>\u00bfQu\u00e9 es un nanorreactor?<\/strong><\/p>\n<p>Un nanorreactor es una estructura a escala nanom\u00e9trica (entre 1 y 100 nan\u00f3metros) que act\u00faa como un entorno cerrado o parcialmente confinado para realizar reacciones qu\u00edmicas espec\u00edficas. Generalmente, se construyen con materiales como nanopart\u00edculas met\u00e1licas, pol\u00edmeros, prote\u00ednas o estructuras h\u00edbridas como los marcos organomet\u00e1licos (MOFs) o dendr\u00edmeros.<\/p>\n<p>Su funci\u00f3n es similar a la de un laboratorio en miniatura: controlan la temperatura, el entorno qu\u00edmico, la concentraci\u00f3n de reactivos e incluso la secuencia de reacciones. En muchos casos, los nanorreactores imitan el comportamiento de las enzimas, acelerando procesos de manera selectiva y sin generar residuos contaminantes.<\/p>\n<p><strong>Aplicaciones prometedoras<\/strong><\/p>\n<p>1. <strong>Medicina personalizada y terapias dirigidas<\/strong><\/p>\n<p>Uno de los campos m\u00e1s prometedores para los nanorreactores es la nanomedicina. Los investigadores est\u00e1n desarrollando nanorreactores capaces de liberar medicamentos solo bajo ciertas condiciones bioqu\u00edmicas, como un pH espec\u00edfico o la presencia de prote\u00ednas asociadas al c\u00e1ncer. Esto reduce los efectos secundarios de la quimioterapia y mejora la eficacia del tratamiento.<\/p>\n<p>Adem\u00e1s, se est\u00e1n creando dise\u00f1os experimentales de nanorreactores que funcionan como f\u00e1bricas celulares, produciendo medicamentos in situ dentro del cuerpo humano. Es como si un paciente llevara consigo una microplanta farmac\u00e9utica aut\u00f3noma y programable.<\/p>\n<p>2. <strong>Energ\u00eda limpia y eficiente<\/strong><\/p>\n<p>Los nanorreactores tambi\u00e9n est\u00e1n siendo utilizados en el desarrollo de celdas de combustible de nueva generaci\u00f3n, especialmente en el contexto de la econom\u00eda del hidr\u00f3geno. Gracias a su estructura porosa y superficie reactiva, pueden catalizar la conversi\u00f3n de hidr\u00f3geno en electricidad de manera m\u00e1s eficiente que los m\u00e9todos tradicionales, utilizando menos materiales raros o t\u00f3xicos.<\/p>\n<p>Adem\u00e1s, se investiga su uso en la fotos\u00edntesis artificial, imitando el proceso natural de las plantas para convertir luz solar, agua y di\u00f3xido de carbono en energ\u00eda qu\u00edmica.<\/p>\n<p>3. <strong>Industria y qu\u00edmica verde<\/strong><\/p>\n<p>La cat\u00e1lisis heterog\u00e9nea\u2014donde el catalizador y los reactivos est\u00e1n en fases distintas\u2014ha sido fundamental en la industria qu\u00edmica moderna. Los nanorreactores llevan este principio a nuevas alturas, mejorando la selectividad, reduciendo el consumo energ\u00e9tico y minimizando los residuos.<\/p>\n<p>Esto abre la puerta a una qu\u00edmica m\u00e1s sostenible, donde las transformaciones industriales sean m\u00e1s limpias, seguras y econ\u00f3micas.<\/p>\n<p><strong>Desaf\u00edos y futuro de los nanorreactores<\/strong><\/p>\n<p>A pesar de su inmenso potencial, los nanorreactores enfrentan importantes retos t\u00e9cnicos:<\/p>\n<p>\u2022 <strong>Escalabilidad:<\/strong>\u00a0La transici\u00f3n del laboratorio a la producci\u00f3n industrial es compleja.<\/p>\n<p>\u2022 <strong>Estabilidad:<\/strong>\u00a0Muchos nanorreactores son sensibles a las condiciones ambientales.<\/p>\n<p>\u2022 <strong>Regulaci\u00f3n y bioseguridad:<\/strong>\u00a0Su uso en medicina requiere cumplir estrictos controles sanitarios.<\/p>\n<p>Sin embargo, los avances en nanotecnolog\u00eda, biotecnolog\u00eda y ciencia de materiales est\u00e1n convergiendo para hacer viables estas tecnolog\u00edas en un plazo cada vez m\u00e1s corto. Instituciones destacadas como el MIT, el Instituto Max Planck y diversas universidades en Asia lideran la investigaci\u00f3n en este emocionante campo.<\/p>\n","protected":false},"excerpt":{"rendered":"<p>En el fascinante mundo de lo diminuto, donde las leyes de la f\u00edsica se reconfiguran y la materia se comporta de maneras sorprendentes, est\u00e1 emergiendo una revoluci\u00f3n que podr\u00eda transformar radicalmente nuestra forma de generar energ\u00eda, tratar enfermedades y fabricar materiales: los nanorreactores. Estos dispositivos son tan diminutos que pueden operar dentro de una c\u00e9lula [&hellip;]<\/p>\n","protected":false},"author":1,"featured_media":298388,"comment_status":"closed","ping_status":"open","sticky":false,"template":"","format":"standard","meta":{"_acf_changed":false,"footnotes":""},"categories":[46],"tags":[],"class_list":["post-298387","post","type-post","status-publish","format-standard","has-post-thumbnail","category-ciencia-computacion"],"acf":{"antetitulo":""},"yoast_head":"<!-- This site is optimized with the Yoast SEO plugin v28.3 - https:\/\/yoast.com\/product\/yoast-seo-wordpress\/ -->\n<title>Nanorreactores: la revoluci\u00f3n invisible que transformar\u00e1 la medicina, la energ\u00eda y la industria - El Diario - Bolivia<\/title>\n<meta name=\"robots\" content=\"index, follow, max-snippet:-1, max-image-preview:large, max-video-preview:-1\" \/>\n<link rel=\"canonical\" href=\"https:\/\/www.eldiario.net\/portal\/2025\/04\/28\/nanorreactores-la-revolucion-invisible-que-transformara-la-medicina-la-energia-y-la-industria\/\" \/>\n<meta property=\"og:locale\" content=\"es_ES\" \/>\n<meta property=\"og:type\" content=\"article\" \/>\n<meta property=\"og:title\" content=\"Nanorreactores: la revoluci\u00f3n invisible que transformar\u00e1 la medicina, la energ\u00eda y la industria - El Diario - Bolivia\" \/>\n<meta property=\"og:description\" content=\"En el fascinante mundo de lo diminuto, donde las leyes de la f\u00edsica se reconfiguran y la materia se comporta de maneras sorprendentes, est\u00e1 emergiendo una revoluci\u00f3n que podr\u00eda transformar radicalmente nuestra forma de generar energ\u00eda, tratar enfermedades y fabricar materiales: los nanorreactores. Estos dispositivos son tan diminutos que pueden operar dentro de una c\u00e9lula [&hellip;]\" \/>\n<meta property=\"og:url\" content=\"https:\/\/www.eldiario.net\/portal\/2025\/04\/28\/nanorreactores-la-revolucion-invisible-que-transformara-la-medicina-la-energia-y-la-industria\/\" \/>\n<meta property=\"og:site_name\" content=\"El Diario - Bolivia\" \/>\n<meta property=\"article:publisher\" content=\"https:\/\/www.facebook.com\/eldiario.bolivia\/\" \/>\n<meta property=\"article:published_time\" content=\"2025-04-28T04:43:00+00:00\" \/>\n<meta property=\"og:image\" content=\"https:\/\/www.eldiario.net\/portal\/wp-content\/uploads\/2025\/04\/8-A-2.jpg\" \/>\n\t<meta property=\"og:image:width\" content=\"965\" \/>\n\t<meta property=\"og:image:height\" content=\"751\" \/>\n\t<meta property=\"og:image:type\" content=\"image\/jpeg\" \/>\n<meta name=\"author\" content=\"Jeanette\" \/>\n<meta name=\"twitter:card\" content=\"summary_large_image\" \/>\n<meta name=\"twitter:creator\" content=\"@eldiario_net\" \/>\n<meta name=\"twitter:site\" content=\"@eldiario_net\" \/>\n<meta name=\"twitter:label1\" content=\"Escrito por\" \/>\n\t<meta name=\"twitter:data1\" content=\"Jeanette\" \/>\n\t<meta name=\"twitter:label2\" content=\"Tiempo de lectura\" \/>\n\t<meta name=\"twitter:data2\" content=\"3 minutos\" \/>\n<script type=\"application\/ld+json\" class=\"yoast-schema-graph\">{\"@context\":\"https:\\\/\\\/schema.org\",\"@graph\":[{\"@type\":\"Article\",\"@id\":\"https:\\\/\\\/www.eldiario.net\\\/portal\\\/2025\\\/04\\\/28\\\/nanorreactores-la-revolucion-invisible-que-transformara-la-medicina-la-energia-y-la-industria\\\/#article\",\"isPartOf\":{\"@id\":\"https:\\\/\\\/www.eldiario.net\\\/portal\\\/2025\\\/04\\\/28\\\/nanorreactores-la-revolucion-invisible-que-transformara-la-medicina-la-energia-y-la-industria\\\/\"},\"author\":{\"name\":\"Jeanette\",\"@id\":\"https:\\\/\\\/www.eldiario.net\\\/portal\\\/#\\\/schema\\\/person\\\/f46445640444750d7d753ccd04ae01b7\"},\"headline\":\"Nanorreactores: la revoluci\u00f3n invisible que transformar\u00e1 la medicina, la energ\u00eda y la industria\",\"datePublished\":\"2025-04-28T04:43:00+00:00\",\"mainEntityOfPage\":{\"@id\":\"https:\\\/\\\/www.eldiario.net\\\/portal\\\/2025\\\/04\\\/28\\\/nanorreactores-la-revolucion-invisible-que-transformara-la-medicina-la-energia-y-la-industria\\\/\"},\"wordCount\":605,\"publisher\":{\"@id\":\"https:\\\/\\\/www.eldiario.net\\\/portal\\\/#organization\"},\"image\":{\"@id\":\"https:\\\/\\\/www.eldiario.net\\\/portal\\\/2025\\\/04\\\/28\\\/nanorreactores-la-revolucion-invisible-que-transformara-la-medicina-la-energia-y-la-industria\\\/#primaryimage\"},\"thumbnailUrl\":\"https:\\\/\\\/www.eldiario.net\\\/portal\\\/wp-content\\\/uploads\\\/2025\\\/04\\\/8-A-2.jpg\",\"articleSection\":[\"Ciencia y Computaci\u00f3n\"],\"inLanguage\":\"es\"},{\"@type\":\"WebPage\",\"@id\":\"https:\\\/\\\/www.eldiario.net\\\/portal\\\/2025\\\/04\\\/28\\\/nanorreactores-la-revolucion-invisible-que-transformara-la-medicina-la-energia-y-la-industria\\\/\",\"url\":\"https:\\\/\\\/www.eldiario.net\\\/portal\\\/2025\\\/04\\\/28\\\/nanorreactores-la-revolucion-invisible-que-transformara-la-medicina-la-energia-y-la-industria\\\/\",\"name\":\"Nanorreactores: la revoluci\u00f3n invisible que transformar\u00e1 la medicina, la energ\u00eda y la industria - El Diario - Bolivia\",\"isPartOf\":{\"@id\":\"https:\\\/\\\/www.eldiario.net\\\/portal\\\/#website\"},\"primaryImageOfPage\":{\"@id\":\"https:\\\/\\\/www.eldiario.net\\\/portal\\\/2025\\\/04\\\/28\\\/nanorreactores-la-revolucion-invisible-que-transformara-la-medicina-la-energia-y-la-industria\\\/#primaryimage\"},\"image\":{\"@id\":\"https:\\\/\\\/www.eldiario.net\\\/portal\\\/2025\\\/04\\\/28\\\/nanorreactores-la-revolucion-invisible-que-transformara-la-medicina-la-energia-y-la-industria\\\/#primaryimage\"},\"thumbnailUrl\":\"https:\\\/\\\/www.eldiario.net\\\/portal\\\/wp-content\\\/uploads\\\/2025\\\/04\\\/8-A-2.jpg\",\"datePublished\":\"2025-04-28T04:43:00+00:00\",\"breadcrumb\":{\"@id\":\"https:\\\/\\\/www.eldiario.net\\\/portal\\\/2025\\\/04\\\/28\\\/nanorreactores-la-revolucion-invisible-que-transformara-la-medicina-la-energia-y-la-industria\\\/#breadcrumb\"},\"inLanguage\":\"es\",\"potentialAction\":[{\"@type\":\"ReadAction\",\"target\":[\"https:\\\/\\\/www.eldiario.net\\\/portal\\\/2025\\\/04\\\/28\\\/nanorreactores-la-revolucion-invisible-que-transformara-la-medicina-la-energia-y-la-industria\\\/\"]}]},{\"@type\":\"ImageObject\",\"inLanguage\":\"es\",\"@id\":\"https:\\\/\\\/www.eldiario.net\\\/portal\\\/2025\\\/04\\\/28\\\/nanorreactores-la-revolucion-invisible-que-transformara-la-medicina-la-energia-y-la-industria\\\/#primaryimage\",\"url\":\"https:\\\/\\\/www.eldiario.net\\\/portal\\\/wp-content\\\/uploads\\\/2025\\\/04\\\/8-A-2.jpg\",\"contentUrl\":\"https:\\\/\\\/www.eldiario.net\\\/portal\\\/wp-content\\\/uploads\\\/2025\\\/04\\\/8-A-2.jpg\",\"width\":965,\"height\":751},{\"@type\":\"BreadcrumbList\",\"@id\":\"https:\\\/\\\/www.eldiario.net\\\/portal\\\/2025\\\/04\\\/28\\\/nanorreactores-la-revolucion-invisible-que-transformara-la-medicina-la-energia-y-la-industria\\\/#breadcrumb\",\"itemListElement\":[{\"@type\":\"ListItem\",\"position\":1,\"name\":\"Portada\",\"item\":\"https:\\\/\\\/www.eldiario.net\\\/portal\\\/\"},{\"@type\":\"ListItem\",\"position\":2,\"name\":\"Nanorreactores: la revoluci\u00f3n invisible que transformar\u00e1 la medicina, la energ\u00eda y la industria\"}]},{\"@type\":\"WebSite\",\"@id\":\"https:\\\/\\\/www.eldiario.net\\\/portal\\\/#website\",\"url\":\"https:\\\/\\\/www.eldiario.net\\\/portal\\\/\",\"name\":\"El Diario - Decano de la prensa nacional\",\"description\":\"El Diario - Decano de la prensa nacional\",\"publisher\":{\"@id\":\"https:\\\/\\\/www.eldiario.net\\\/portal\\\/#organization\"},\"potentialAction\":[{\"@type\":\"SearchAction\",\"target\":{\"@type\":\"EntryPoint\",\"urlTemplate\":\"https:\\\/\\\/www.eldiario.net\\\/portal\\\/?s={search_term_string}\"},\"query-input\":{\"@type\":\"PropertyValueSpecification\",\"valueRequired\":true,\"valueName\":\"search_term_string\"}}],\"inLanguage\":\"es\"},{\"@type\":\"Organization\",\"@id\":\"https:\\\/\\\/www.eldiario.net\\\/portal\\\/#organization\",\"name\":\"El Diario - Decano de la prensa nacional\",\"url\":\"https:\\\/\\\/www.eldiario.net\\\/portal\\\/\",\"logo\":{\"@type\":\"ImageObject\",\"inLanguage\":\"es\",\"@id\":\"https:\\\/\\\/www.eldiario.net\\\/portal\\\/#\\\/schema\\\/logo\\\/image\\\/\",\"url\":\"https:\\\/\\\/www.eldiario.net\\\/portal\\\/wp-content\\\/uploads\\\/2023\\\/07\\\/logo_ED.jpg\",\"contentUrl\":\"https:\\\/\\\/www.eldiario.net\\\/portal\\\/wp-content\\\/uploads\\\/2023\\\/07\\\/logo_ED.jpg\",\"width\":272,\"height\":52,\"caption\":\"El Diario - Decano de la prensa nacional\"},\"image\":{\"@id\":\"https:\\\/\\\/www.eldiario.net\\\/portal\\\/#\\\/schema\\\/logo\\\/image\\\/\"},\"sameAs\":[\"https:\\\/\\\/www.facebook.com\\\/eldiario.bolivia\\\/\",\"https:\\\/\\\/x.com\\\/eldiario_net\"]},{\"@type\":\"Person\",\"@id\":\"https:\\\/\\\/www.eldiario.net\\\/portal\\\/#\\\/schema\\\/person\\\/f46445640444750d7d753ccd04ae01b7\",\"name\":\"Jeanette\",\"image\":{\"@type\":\"ImageObject\",\"inLanguage\":\"es\",\"@id\":\"https:\\\/\\\/secure.gravatar.com\\\/avatar\\\/3ea2118a5f7dad2b7138b1187a6b7ee55f160b9968b66013c3a3ef39dd7e5798?s=96&d=mm&r=g\",\"url\":\"https:\\\/\\\/secure.gravatar.com\\\/avatar\\\/3ea2118a5f7dad2b7138b1187a6b7ee55f160b9968b66013c3a3ef39dd7e5798?s=96&d=mm&r=g\",\"contentUrl\":\"https:\\\/\\\/secure.gravatar.com\\\/avatar\\\/3ea2118a5f7dad2b7138b1187a6b7ee55f160b9968b66013c3a3ef39dd7e5798?s=96&d=mm&r=g\",\"caption\":\"Jeanette\"},\"sameAs\":[\"https:\\\/\\\/www.eldiario.net\\\/portal\"],\"url\":\"https:\\\/\\\/www.eldiario.net\\\/portal\\\/author\\\/jeanette\\\/\"}]}<\/script>\n<!-- \/ Yoast SEO plugin. -->","yoast_head_json":{"title":"Nanorreactores: la revoluci\u00f3n invisible que transformar\u00e1 la medicina, la energ\u00eda y la industria - El Diario - Bolivia","robots":{"index":"index","follow":"follow","max-snippet":"max-snippet:-1","max-image-preview":"max-image-preview:large","max-video-preview":"max-video-preview:-1"},"canonical":"https:\/\/www.eldiario.net\/portal\/2025\/04\/28\/nanorreactores-la-revolucion-invisible-que-transformara-la-medicina-la-energia-y-la-industria\/","og_locale":"es_ES","og_type":"article","og_title":"Nanorreactores: la revoluci\u00f3n invisible que transformar\u00e1 la medicina, la energ\u00eda y la industria - El Diario - Bolivia","og_description":"En el fascinante mundo de lo diminuto, donde las leyes de la f\u00edsica se reconfiguran y la materia se comporta de maneras sorprendentes, est\u00e1 emergiendo una revoluci\u00f3n que podr\u00eda transformar radicalmente nuestra forma de generar energ\u00eda, tratar enfermedades y fabricar materiales: los nanorreactores. Estos dispositivos son tan diminutos que pueden operar dentro de una c\u00e9lula [&hellip;]","og_url":"https:\/\/www.eldiario.net\/portal\/2025\/04\/28\/nanorreactores-la-revolucion-invisible-que-transformara-la-medicina-la-energia-y-la-industria\/","og_site_name":"El Diario - Bolivia","article_publisher":"https:\/\/www.facebook.com\/eldiario.bolivia\/","article_published_time":"2025-04-28T04:43:00+00:00","og_image":[{"width":965,"height":751,"url":"https:\/\/www.eldiario.net\/portal\/wp-content\/uploads\/2025\/04\/8-A-2.jpg","type":"image\/jpeg"}],"author":"Jeanette","twitter_card":"summary_large_image","twitter_creator":"@eldiario_net","twitter_site":"@eldiario_net","twitter_misc":{"Escrito por":"Jeanette","Tiempo de lectura":"3 minutos"},"schema":{"@context":"https:\/\/schema.org","@graph":[{"@type":"Article","@id":"https:\/\/www.eldiario.net\/portal\/2025\/04\/28\/nanorreactores-la-revolucion-invisible-que-transformara-la-medicina-la-energia-y-la-industria\/#article","isPartOf":{"@id":"https:\/\/www.eldiario.net\/portal\/2025\/04\/28\/nanorreactores-la-revolucion-invisible-que-transformara-la-medicina-la-energia-y-la-industria\/"},"author":{"name":"Jeanette","@id":"https:\/\/www.eldiario.net\/portal\/#\/schema\/person\/f46445640444750d7d753ccd04ae01b7"},"headline":"Nanorreactores: la revoluci\u00f3n invisible que transformar\u00e1 la medicina, la energ\u00eda y la industria","datePublished":"2025-04-28T04:43:00+00:00","mainEntityOfPage":{"@id":"https:\/\/www.eldiario.net\/portal\/2025\/04\/28\/nanorreactores-la-revolucion-invisible-que-transformara-la-medicina-la-energia-y-la-industria\/"},"wordCount":605,"publisher":{"@id":"https:\/\/www.eldiario.net\/portal\/#organization"},"image":{"@id":"https:\/\/www.eldiario.net\/portal\/2025\/04\/28\/nanorreactores-la-revolucion-invisible-que-transformara-la-medicina-la-energia-y-la-industria\/#primaryimage"},"thumbnailUrl":"https:\/\/www.eldiario.net\/portal\/wp-content\/uploads\/2025\/04\/8-A-2.jpg","articleSection":["Ciencia y Computaci\u00f3n"],"inLanguage":"es"},{"@type":"WebPage","@id":"https:\/\/www.eldiario.net\/portal\/2025\/04\/28\/nanorreactores-la-revolucion-invisible-que-transformara-la-medicina-la-energia-y-la-industria\/","url":"https:\/\/www.eldiario.net\/portal\/2025\/04\/28\/nanorreactores-la-revolucion-invisible-que-transformara-la-medicina-la-energia-y-la-industria\/","name":"Nanorreactores: la revoluci\u00f3n invisible que transformar\u00e1 la medicina, la energ\u00eda y la industria - El Diario - Bolivia","isPartOf":{"@id":"https:\/\/www.eldiario.net\/portal\/#website"},"primaryImageOfPage":{"@id":"https:\/\/www.eldiario.net\/portal\/2025\/04\/28\/nanorreactores-la-revolucion-invisible-que-transformara-la-medicina-la-energia-y-la-industria\/#primaryimage"},"image":{"@id":"https:\/\/www.eldiario.net\/portal\/2025\/04\/28\/nanorreactores-la-revolucion-invisible-que-transformara-la-medicina-la-energia-y-la-industria\/#primaryimage"},"thumbnailUrl":"https:\/\/www.eldiario.net\/portal\/wp-content\/uploads\/2025\/04\/8-A-2.jpg","datePublished":"2025-04-28T04:43:00+00:00","breadcrumb":{"@id":"https:\/\/www.eldiario.net\/portal\/2025\/04\/28\/nanorreactores-la-revolucion-invisible-que-transformara-la-medicina-la-energia-y-la-industria\/#breadcrumb"},"inLanguage":"es","potentialAction":[{"@type":"ReadAction","target":["https:\/\/www.eldiario.net\/portal\/2025\/04\/28\/nanorreactores-la-revolucion-invisible-que-transformara-la-medicina-la-energia-y-la-industria\/"]}]},{"@type":"ImageObject","inLanguage":"es","@id":"https:\/\/www.eldiario.net\/portal\/2025\/04\/28\/nanorreactores-la-revolucion-invisible-que-transformara-la-medicina-la-energia-y-la-industria\/#primaryimage","url":"https:\/\/www.eldiario.net\/portal\/wp-content\/uploads\/2025\/04\/8-A-2.jpg","contentUrl":"https:\/\/www.eldiario.net\/portal\/wp-content\/uploads\/2025\/04\/8-A-2.jpg","width":965,"height":751},{"@type":"BreadcrumbList","@id":"https:\/\/www.eldiario.net\/portal\/2025\/04\/28\/nanorreactores-la-revolucion-invisible-que-transformara-la-medicina-la-energia-y-la-industria\/#breadcrumb","itemListElement":[{"@type":"ListItem","position":1,"name":"Portada","item":"https:\/\/www.eldiario.net\/portal\/"},{"@type":"ListItem","position":2,"name":"Nanorreactores: la revoluci\u00f3n invisible que transformar\u00e1 la medicina, la energ\u00eda y la industria"}]},{"@type":"WebSite","@id":"https:\/\/www.eldiario.net\/portal\/#website","url":"https:\/\/www.eldiario.net\/portal\/","name":"El Diario - Decano de la prensa nacional","description":"El Diario - Decano de la prensa nacional","publisher":{"@id":"https:\/\/www.eldiario.net\/portal\/#organization"},"potentialAction":[{"@type":"SearchAction","target":{"@type":"EntryPoint","urlTemplate":"https:\/\/www.eldiario.net\/portal\/?s={search_term_string}"},"query-input":{"@type":"PropertyValueSpecification","valueRequired":true,"valueName":"search_term_string"}}],"inLanguage":"es"},{"@type":"Organization","@id":"https:\/\/www.eldiario.net\/portal\/#organization","name":"El Diario - Decano de la prensa nacional","url":"https:\/\/www.eldiario.net\/portal\/","logo":{"@type":"ImageObject","inLanguage":"es","@id":"https:\/\/www.eldiario.net\/portal\/#\/schema\/logo\/image\/","url":"https:\/\/www.eldiario.net\/portal\/wp-content\/uploads\/2023\/07\/logo_ED.jpg","contentUrl":"https:\/\/www.eldiario.net\/portal\/wp-content\/uploads\/2023\/07\/logo_ED.jpg","width":272,"height":52,"caption":"El Diario - Decano de la prensa nacional"},"image":{"@id":"https:\/\/www.eldiario.net\/portal\/#\/schema\/logo\/image\/"},"sameAs":["https:\/\/www.facebook.com\/eldiario.bolivia\/","https:\/\/x.com\/eldiario_net"]},{"@type":"Person","@id":"https:\/\/www.eldiario.net\/portal\/#\/schema\/person\/f46445640444750d7d753ccd04ae01b7","name":"Jeanette","image":{"@type":"ImageObject","inLanguage":"es","@id":"https:\/\/secure.gravatar.com\/avatar\/3ea2118a5f7dad2b7138b1187a6b7ee55f160b9968b66013c3a3ef39dd7e5798?s=96&d=mm&r=g","url":"https:\/\/secure.gravatar.com\/avatar\/3ea2118a5f7dad2b7138b1187a6b7ee55f160b9968b66013c3a3ef39dd7e5798?s=96&d=mm&r=g","contentUrl":"https:\/\/secure.gravatar.com\/avatar\/3ea2118a5f7dad2b7138b1187a6b7ee55f160b9968b66013c3a3ef39dd7e5798?s=96&d=mm&r=g","caption":"Jeanette"},"sameAs":["https:\/\/www.eldiario.net\/portal"],"url":"https:\/\/www.eldiario.net\/portal\/author\/jeanette\/"}]}},"_links":{"self":[{"href":"https:\/\/www.eldiario.net\/portal\/wp-json\/wp\/v2\/posts\/298387","targetHints":{"allow":["GET"]}}],"collection":[{"href":"https:\/\/www.eldiario.net\/portal\/wp-json\/wp\/v2\/posts"}],"about":[{"href":"https:\/\/www.eldiario.net\/portal\/wp-json\/wp\/v2\/types\/post"}],"author":[{"embeddable":true,"href":"https:\/\/www.eldiario.net\/portal\/wp-json\/wp\/v2\/users\/1"}],"replies":[{"embeddable":true,"href":"https:\/\/www.eldiario.net\/portal\/wp-json\/wp\/v2\/comments?post=298387"}],"version-history":[{"count":1,"href":"https:\/\/www.eldiario.net\/portal\/wp-json\/wp\/v2\/posts\/298387\/revisions"}],"predecessor-version":[{"id":298389,"href":"https:\/\/www.eldiario.net\/portal\/wp-json\/wp\/v2\/posts\/298387\/revisions\/298389"}],"wp:featuredmedia":[{"embeddable":true,"href":"https:\/\/www.eldiario.net\/portal\/wp-json\/wp\/v2\/media\/298388"}],"wp:attachment":[{"href":"https:\/\/www.eldiario.net\/portal\/wp-json\/wp\/v2\/media?parent=298387"}],"wp:term":[{"taxonomy":"category","embeddable":true,"href":"https:\/\/www.eldiario.net\/portal\/wp-json\/wp\/v2\/categories?post=298387"},{"taxonomy":"post_tag","embeddable":true,"href":"https:\/\/www.eldiario.net\/portal\/wp-json\/wp\/v2\/tags?post=298387"}],"curies":[{"name":"wp","href":"https:\/\/api.w.org\/{rel}","templated":true}]}}